{"id":10247,"date":"2025-09-25T15:17:12","date_gmt":"2025-09-25T13:17:12","guid":{"rendered":"https:\/\/vieassociative.be\/actualites\/comment-exploiter-leffet-de-primaute-pour-mieux-se-souvenir-des-informations\/"},"modified":"2025-09-25T15:17:12","modified_gmt":"2025-09-25T13:17:12","slug":"comment-exploiter-leffet-de-primaute-pour-mieux-se-souvenir-des-informations","status":"publish","type":"post","link":"https:\/\/vieassociative.be\/actualites\/comment-exploiter-leffet-de-primaute-pour-mieux-se-souvenir-des-informations\/","title":{"rendered":"Comment exploiter \u00abl&rsquo;effet de primaut\u00e9\u00bb pour mieux se souvenir des informations"},"content":{"rendered":"<div class=\"mt-4 leading-6 md:mb-8\">Comprendre la fa\u00e7on dont votre cerveau tient les informations peut vous aider \u00e0 en conserver davantage.<\/div>\n<p><\/p>\n<p><em>Saviez-vous que vous pouvez personnaliser Google pour filtrer les ordures? Prendre ces \u00e9tapes<\/em><em>  Pour de meilleurs r\u00e9sultats de recherche, notamment l&rsquo;ajout de Vie Associative comme source pr\u00e9f\u00e9r\u00e9e pour les nouvelles technologiques<\/em><em>.<\/em><\/p>\n<p>Votre cerveau est complexe, mais une fois que vous avez compris ses petites subtilit\u00e9s &#8211; qu&rsquo;ils ne peuvent stocker qu&rsquo;environ sept unit\u00e9s d&rsquo;informations en m\u00e9moire \u00e0 court terme, par exemple &#8211; vous pouvez les exploiter pour vous aider \u00e0 vous souvenir de plus de choses. Ce n&rsquo;est pas seulement le <em>montant<\/em> d&rsquo;informations pr\u00e9sentes qui affectent votre m\u00e9moire, cependant. M\u00eame l&rsquo;ordre dans lequel vous apprenez, il joue un r\u00f4le. C&rsquo;est l\u00e0 que l&rsquo;effet de primaut\u00e9 entre en jeu.<\/p>\n<h2 id=\"what-is-the-primacy-effect\">Quel est l&rsquo;effet de primaut\u00e9?<\/h2>\n<p>L&rsquo;American Psychological Association d\u00e9finit l&rsquo;effet de primaut\u00e9 comme \u00abla tendance des faits, des impressions ou des \u00e9l\u00e9ments qui sont pr\u00e9sent\u00e9s d&rsquo;abord pour \u00eatre mieux appris ou rappel\u00e9s que le mat\u00e9riel pr\u00e9sent\u00e9 plus tard dans la s\u00e9quence.\u00bb Cela peut se produire lorsque vous apprenez pour l&rsquo;\u00e9cole ou pour le plaisir (comme lorsque vous rencontrez quelqu&rsquo;un lors d&rsquo;une f\u00eate et qu&rsquo;ils vous parlent de lui-m\u00eame). Cela peut conduire \u00e0 un \u00abbiais de premi\u00e8re impression\u00bb, ce qui se produit lorsque la premi\u00e8re information que vous apprenez sur quelqu&rsquo;un colore comment vous les voyez \u00e0 un degr\u00e9 d\u00e9mesur\u00e9. <\/p>\n<div class=\"mx-auto mb-12 mt-5 w-full max-w-3xl rounded-md border-2 border-gray-100 p-3 shadow-md md:px-7 md:pb-7 md:pt-5\" id=\"related-video\">\n<div class=\"mb-3 flex items-center md:mb-5\">\n        <img decoding=\"async\" class=\"mr-4 mt-0 h-10 w-10 md:mr-5 md:h-12 md:w-12\" src=\"https:\/\/vieassociative.be\/actualites\/wp-content\/uploads\/2025\/09\/1757726237_608_Meta-pourrait-devoiler-une-montre-intelligente-pour-controler-ses-lunettes.jpg\" alt=\"Logo Lifehacker\"><\/p><\/div>\n<div class=\"aspect-video w-full overflow-hidden rounded-md\">\n<div id=\"video-container-01K60DSSMER744JHGTG7WHBZQ9\"><\/div>\n<\/p><\/div>\n<\/div>\n<p>De l&rsquo;autre c\u00f4t\u00e9 de ce spectre est l&rsquo;effet de r\u00e9cence, qui se produit lorsque vous vous souvenez de la derni\u00e8re chose que vous avez pass\u00e9e mieux que toute autre chose. Ceux-ci peuvent sembler \u00eatre des id\u00e9es contradictoires, mais ils font tous deux partie de quelque chose de plus large appel\u00e9 l&rsquo;effet de position s\u00e9rie, qui d\u00e9crit la tendance naturelle \u00e0 rappeler le mat\u00e9riel non seulement au d\u00e9but, mais aussi <em>la fin<\/em> d&rsquo;une liste, mieux que ce qui est au milieu. <\/p>\n<h2 id=\"how-to-use-this-effect-to-study\">Comment utiliser cet effet pour \u00e9tudier<\/h2>\n<p>Avec l&rsquo;effet de primaut\u00e9 \u00e0 une extr\u00e9mit\u00e9 et l&rsquo;effet de r\u00e9cence \u00e0 l&rsquo;autre, il est clair que tout ce que vous apprenez au milieu d&rsquo;une session d&rsquo;\u00e9tude ne fera probablement pas la coupe dans votre m\u00e9moire. Donc, si vous devez \u00e9tudier quelque chose, comme une liste de mots ou de concepts, ne les \u00e9tudiez pas dans le m\u00eame ordre \u00e0 chaque fois. Faites des flashcards et \u00e9tudiez-les \u00e0 diff\u00e9rents moments et dans diff\u00e9rents ordres. Les m\u00e9langer entre chaque utilisation. S&rsquo;il y a un concept avec lequel vous avez du mal, essayez de vous concentrer sur cela au d\u00e9but et \u00e0 la fin de chaque session d&rsquo;\u00e9tude, maximisant la probabilit\u00e9 qu&rsquo;elle collera dans votre cerveau. <\/p>\n<p>Les flashcards vont \u00eatre importantes ici. En g\u00e9n\u00e9ral, je recommande d&rsquo;\u00e9tudier les flashcards en utilisant la m\u00e9thode Leitner, ce qui vous oblige \u00e0 \u00e9tudier vos concepts les plus difficiles plus fr\u00e9quemment que les plus faciles. Cette approche est assez efficace pour la formation de la m\u00e9moire, mais vous ne pouvez pas oublier de m\u00e9langer les cartes \u00e0 chaque fois que vous examinez. Chaque application FlashCard que j&rsquo;ai test\u00e9e et examin\u00e9e vous les offre dans un ordre al\u00e9atoire, que vous suiviez l&rsquo;approche Leitner ou non &#8211; par cons\u00e9quent, il pourrait \u00eatre pr\u00e9f\u00e9rable de compter sur la technologie dans des notes \u00e0 l&rsquo;ancienne et manuscrites \u00e0 la main. L&rsquo;approche analogique vous permet d&rsquo;\u00eatre un peu plus intentionnelle \u00e0 lutter contre les effets de primaut\u00e9 et de r\u00e9cence. <\/p>\n","protected":false},"excerpt":{"rendered":"<p>Comprendre la fa\u00e7on dont votre cerveau tient les informations peut vous aider \u00e0 en conserver davantage. Saviez-vous que vous pouvez personnaliser Google pour filtrer les<\/p>\n","protected":false},"author":1,"featured_media":10248,"comment_status":"","ping_status":"","sticky":false,"template":"","format":"standard","meta":{"footnotes":""},"categories":[37],"tags":[44,29,8666,86,6433,1503,81,8667,1568],"class_list":["post-10247","post","type-post","status-publish","format-standard","has-post-thumbnail","hentry","category-famille","tag-comment","tag-des","tag-exploiter","tag-informations","tag-leffet","tag-mieux","tag-pour","tag-primaute","tag-souvenir","generate-columns","tablet-grid-50","mobile-grid-100","grid-parent","grid-33"],"yoast_head":"<!-- This site is optimized with the Yoast SEO plugin v24.0 - https:\/\/yoast.com\/wordpress\/plugins\/seo\/ -->\n<title>Comment exploiter \u00abl&#039;effet de primaut\u00e9\u00bb pour mieux se souvenir des informations | Vie Associative<\/title>\n<meta name=\"robots\" content=\"index, follow, max-snippet:-1, max-image-preview:large, max-video-preview:-1\" \/>\n<link rel=\"canonical\" href=\"https:\/\/vieassociative.be\/actualites\/comment-exploiter-leffet-de-primaute-pour-mieux-se-souvenir-des-informations\/\" \/>\n<meta property=\"og:locale\" content=\"fr_FR\" \/>\n<meta property=\"og:type\" content=\"article\" \/>\n<meta property=\"og:title\" content=\"Comment exploiter \u00abl&#039;effet de primaut\u00e9\u00bb pour mieux se souvenir des informations | Vie Associative\" \/>\n<meta property=\"og:description\" content=\"Comprendre la fa\u00e7on dont votre cerveau tient les informations peut vous aider \u00e0 en conserver davantage. Saviez-vous que vous pouvez personnaliser Google pour filtrer les\" \/>\n<meta property=\"og:url\" content=\"https:\/\/vieassociative.be\/actualites\/comment-exploiter-leffet-de-primaute-pour-mieux-se-souvenir-des-informations\/\" \/>\n<meta property=\"og:site_name\" content=\"Vie Associative\" \/>\n<meta property=\"article:published_time\" content=\"2025-09-25T13:17:12+00:00\" \/>\n<meta property=\"og:image\" content=\"https:\/\/vieassociative.be\/actualites\/wp-content\/uploads\/2025\/09\/1757726237_608_Meta-pourrait-devoiler-une-montre-intelligente-pour-controler-ses-lunettes.jpg\" \/>\n<meta name=\"author\" content=\"Julien\" \/>\n<meta name=\"twitter:card\" content=\"summary_large_image\" \/>\n<meta name=\"twitter:label1\" content=\"\u00c9crit par\" \/>\n\t<meta name=\"twitter:data1\" content=\"Julien\" \/>\n\t<meta name=\"twitter:label2\" content=\"Dur\u00e9e de lecture est.\" \/>\n\t<meta name=\"twitter:data2\" content=\"3 minutes\" \/>\n<script type=\"application\/ld+json\" class=\"yoast-schema-graph\">{\"@context\":\"https:\/\/schema.org\",\"@graph\":[{\"@type\":\"Article\",\"@id\":\"https:\/\/vieassociative.be\/actualites\/comment-exploiter-leffet-de-primaute-pour-mieux-se-souvenir-des-informations\/#article\",\"isPartOf\":{\"@id\":\"https:\/\/vieassociative.be\/actualites\/comment-exploiter-leffet-de-primaute-pour-mieux-se-souvenir-des-informations\/\"},\"author\":{\"name\":\"Julien\",\"@id\":\"https:\/\/vieassociative.be\/actualites\/#\/schema\/person\/b87ac4f82f9d4e7b7cec7395b679edc4\"},\"headline\":\"Comment exploiter \u00abl&rsquo;effet de primaut\u00e9\u00bb pour mieux se souvenir des informations\",\"datePublished\":\"2025-09-25T13:17:12+00:00\",\"dateModified\":\"2025-09-25T13:17:12+00:00\",\"mainEntityOfPage\":{\"@id\":\"https:\/\/vieassociative.be\/actualites\/comment-exploiter-leffet-de-primaute-pour-mieux-se-souvenir-des-informations\/\"},\"wordCount\":635,\"publisher\":{\"@id\":\"https:\/\/vieassociative.be\/actualites\/#organization\"},\"image\":{\"@id\":\"https:\/\/vieassociative.be\/actualites\/comment-exploiter-leffet-de-primaute-pour-mieux-se-souvenir-des-informations\/#primaryimage\"},\"thumbnailUrl\":\"https:\/\/vieassociative.be\/actualites\/wp-content\/uploads\/2025\/09\/Comment-exploiter-leffet-de-primaute-pour-mieux-se-souvenir-des.jpg\",\"keywords\":[\"Comment\",\"Des\",\"exploiter\",\"informations\",\"leffet\",\"mieux\",\"pour\",\"primaut\u00e9\",\"souvenir\"],\"articleSection\":[\"Famille\"],\"inLanguage\":\"fr-BE\"},{\"@type\":\"WebPage\",\"@id\":\"https:\/\/vieassociative.be\/actualites\/comment-exploiter-leffet-de-primaute-pour-mieux-se-souvenir-des-informations\/\",\"url\":\"https:\/\/vieassociative.be\/actualites\/comment-exploiter-leffet-de-primaute-pour-mieux-se-souvenir-des-informations\/\",\"name\":\"Comment exploiter \u00abl'effet de primaut\u00e9\u00bb pour mieux se souvenir des informations | Vie Associative\",\"isPartOf\":{\"@id\":\"https:\/\/vieassociative.be\/actualites\/#website\"},\"primaryImageOfPage\":{\"@id\":\"https:\/\/vieassociative.be\/actualites\/comment-exploiter-leffet-de-primaute-pour-mieux-se-souvenir-des-informations\/#primaryimage\"},\"image\":{\"@id\":\"https:\/\/vieassociative.be\/actualites\/comment-exploiter-leffet-de-primaute-pour-mieux-se-souvenir-des-informations\/#primaryimage\"},\"thumbnailUrl\":\"https:\/\/vieassociative.be\/actualites\/wp-content\/uploads\/2025\/09\/Comment-exploiter-leffet-de-primaute-pour-mieux-se-souvenir-des.jpg\",\"datePublished\":\"2025-09-25T13:17:12+00:00\",\"dateModified\":\"2025-09-25T13:17:12+00:00\",\"breadcrumb\":{\"@id\":\"https:\/\/vieassociative.be\/actualites\/comment-exploiter-leffet-de-primaute-pour-mieux-se-souvenir-des-informations\/#breadcrumb\"},\"inLanguage\":\"fr-BE\",\"potentialAction\":[{\"@type\":\"ReadAction\",\"target\":[\"https:\/\/vieassociative.be\/actualites\/comment-exploiter-leffet-de-primaute-pour-mieux-se-souvenir-des-informations\/\"]}]},{\"@type\":\"ImageObject\",\"inLanguage\":\"fr-BE\",\"@id\":\"https:\/\/vieassociative.be\/actualites\/comment-exploiter-leffet-de-primaute-pour-mieux-se-souvenir-des-informations\/#primaryimage\",\"url\":\"https:\/\/vieassociative.be\/actualites\/wp-content\/uploads\/2025\/09\/Comment-exploiter-leffet-de-primaute-pour-mieux-se-souvenir-des.jpg\",\"contentUrl\":\"https:\/\/vieassociative.be\/actualites\/wp-content\/uploads\/2025\/09\/Comment-exploiter-leffet-de-primaute-pour-mieux-se-souvenir-des.jpg\",\"width\":1200,\"height\":675,\"caption\":\"Comment exploiter \u00abl'effet de primaut\u00e9\u00bb pour mieux se souvenir des informations\"},{\"@type\":\"BreadcrumbList\",\"@id\":\"https:\/\/vieassociative.be\/actualites\/comment-exploiter-leffet-de-primaute-pour-mieux-se-souvenir-des-informations\/#breadcrumb\",\"itemListElement\":[{\"@type\":\"ListItem\",\"position\":1,\"name\":\"Accueil\",\"item\":\"https:\/\/vieassociative.be\/actualites\/\"},{\"@type\":\"ListItem\",\"position\":2,\"name\":\"Comment exploiter \u00abl&rsquo;effet de primaut\u00e9\u00bb pour mieux se souvenir des informations\"}]},{\"@type\":\"WebSite\",\"@id\":\"https:\/\/vieassociative.be\/actualites\/#website\",\"url\":\"https:\/\/vieassociative.be\/actualites\/\",\"name\":\"Vie Associative\",\"description\":\"\",\"publisher\":{\"@id\":\"https:\/\/vieassociative.be\/actualites\/#organization\"},\"potentialAction\":[{\"@type\":\"SearchAction\",\"target\":{\"@type\":\"EntryPoint\",\"urlTemplate\":\"https:\/\/vieassociative.be\/actualites\/?s={search_term_string}\"},\"query-input\":{\"@type\":\"PropertyValueSpecification\",\"valueRequired\":true,\"valueName\":\"search_term_string\"}}],\"inLanguage\":\"fr-BE\"},{\"@type\":\"Organization\",\"@id\":\"https:\/\/vieassociative.be\/actualites\/#organization\",\"name\":\"Vie Associative\",\"url\":\"https:\/\/vieassociative.be\/actualites\/\",\"logo\":{\"@type\":\"ImageObject\",\"inLanguage\":\"fr-BE\",\"@id\":\"https:\/\/vieassociative.be\/actualites\/#\/schema\/logo\/image\/\",\"url\":\"https:\/\/vieassociative.be\/actualites\/wp-content\/uploads\/2024\/09\/cropped-vieassociative_favicon.ico.png\",\"contentUrl\":\"https:\/\/vieassociative.be\/actualites\/wp-content\/uploads\/2024\/09\/cropped-vieassociative_favicon.ico.png\",\"width\":512,\"height\":512,\"caption\":\"Vie Associative\"},\"image\":{\"@id\":\"https:\/\/vieassociative.be\/actualites\/#\/schema\/logo\/image\/\"}},{\"@type\":\"Person\",\"@id\":\"https:\/\/vieassociative.be\/actualites\/#\/schema\/person\/b87ac4f82f9d4e7b7cec7395b679edc4\",\"name\":\"Julien\",\"image\":{\"@type\":\"ImageObject\",\"inLanguage\":\"fr-BE\",\"@id\":\"https:\/\/vieassociative.be\/actualites\/#\/schema\/person\/image\/\",\"url\":\"https:\/\/vieassociative.be\/actualites\/wp-content\/uploads\/2024\/09\/vie-associative-1-150x150.jpg\",\"contentUrl\":\"https:\/\/vieassociative.be\/actualites\/wp-content\/uploads\/2024\/09\/vie-associative-1-150x150.jpg\",\"caption\":\"Julien\"},\"description\":\"Je suis Julien, r\u00e9dacteur pour Vie Associative. Passionn\u00e9 par le monde associatif depuis plus de 10 ans, j'ai \u00e0 c\u0153ur de partager des histoires inspirantes et de mettre en lumi\u00e8re les initiatives locales. Mon objectif est de sensibiliser et d'encourager l'engagement communautaire \u00e0 travers mes articles.\",\"sameAs\":[\"https:\/\/vieassociative.be\/\"]}]}<\/script>\n<!-- \/ Yoast SEO plugin. -->","yoast_head_json":{"title":"Comment exploiter \u00abl'effet de primaut\u00e9\u00bb pour mieux se souvenir des informations | Vie Associative","robots":{"index":"index","follow":"follow","max-snippet":"max-snippet:-1","max-image-preview":"max-image-preview:large","max-video-preview":"max-video-preview:-1"},"canonical":"https:\/\/vieassociative.be\/actualites\/comment-exploiter-leffet-de-primaute-pour-mieux-se-souvenir-des-informations\/","og_locale":"fr_FR","og_type":"article","og_title":"Comment exploiter \u00abl'effet de primaut\u00e9\u00bb pour mieux se souvenir des informations | Vie Associative","og_description":"Comprendre la fa\u00e7on dont votre cerveau tient les informations peut vous aider \u00e0 en conserver davantage. Saviez-vous que vous pouvez personnaliser Google pour filtrer les","og_url":"https:\/\/vieassociative.be\/actualites\/comment-exploiter-leffet-de-primaute-pour-mieux-se-souvenir-des-informations\/","og_site_name":"Vie Associative","article_published_time":"2025-09-25T13:17:12+00:00","og_image":[{"url":"https:\/\/vieassociative.be\/actualites\/wp-content\/uploads\/2025\/09\/1757726237_608_Meta-pourrait-devoiler-une-montre-intelligente-pour-controler-ses-lunettes.jpg","type":"","width":"","height":""}],"author":"Julien","twitter_card":"summary_large_image","twitter_misc":{"\u00c9crit par":"Julien","Dur\u00e9e de lecture est.":"3 minutes"},"schema":{"@context":"https:\/\/schema.org","@graph":[{"@type":"Article","@id":"https:\/\/vieassociative.be\/actualites\/comment-exploiter-leffet-de-primaute-pour-mieux-se-souvenir-des-informations\/#article","isPartOf":{"@id":"https:\/\/vieassociative.be\/actualites\/comment-exploiter-leffet-de-primaute-pour-mieux-se-souvenir-des-informations\/"},"author":{"name":"Julien","@id":"https:\/\/vieassociative.be\/actualites\/#\/schema\/person\/b87ac4f82f9d4e7b7cec7395b679edc4"},"headline":"Comment exploiter \u00abl&rsquo;effet de primaut\u00e9\u00bb pour mieux se souvenir des informations","datePublished":"2025-09-25T13:17:12+00:00","dateModified":"2025-09-25T13:17:12+00:00","mainEntityOfPage":{"@id":"https:\/\/vieassociative.be\/actualites\/comment-exploiter-leffet-de-primaute-pour-mieux-se-souvenir-des-informations\/"},"wordCount":635,"publisher":{"@id":"https:\/\/vieassociative.be\/actualites\/#organization"},"image":{"@id":"https:\/\/vieassociative.be\/actualites\/comment-exploiter-leffet-de-primaute-pour-mieux-se-souvenir-des-informations\/#primaryimage"},"thumbnailUrl":"https:\/\/vieassociative.be\/actualites\/wp-content\/uploads\/2025\/09\/Comment-exploiter-leffet-de-primaute-pour-mieux-se-souvenir-des.jpg","keywords":["Comment","Des","exploiter","informations","leffet","mieux","pour","primaut\u00e9","souvenir"],"articleSection":["Famille"],"inLanguage":"fr-BE"},{"@type":"WebPage","@id":"https:\/\/vieassociative.be\/actualites\/comment-exploiter-leffet-de-primaute-pour-mieux-se-souvenir-des-informations\/","url":"https:\/\/vieassociative.be\/actualites\/comment-exploiter-leffet-de-primaute-pour-mieux-se-souvenir-des-informations\/","name":"Comment exploiter \u00abl'effet de primaut\u00e9\u00bb pour mieux se souvenir des informations | Vie Associative","isPartOf":{"@id":"https:\/\/vieassociative.be\/actualites\/#website"},"primaryImageOfPage":{"@id":"https:\/\/vieassociative.be\/actualites\/comment-exploiter-leffet-de-primaute-pour-mieux-se-souvenir-des-informations\/#primaryimage"},"image":{"@id":"https:\/\/vieassociative.be\/actualites\/comment-exploiter-leffet-de-primaute-pour-mieux-se-souvenir-des-informations\/#primaryimage"},"thumbnailUrl":"https:\/\/vieassociative.be\/actualites\/wp-content\/uploads\/2025\/09\/Comment-exploiter-leffet-de-primaute-pour-mieux-se-souvenir-des.jpg","datePublished":"2025-09-25T13:17:12+00:00","dateModified":"2025-09-25T13:17:12+00:00","breadcrumb":{"@id":"https:\/\/vieassociative.be\/actualites\/comment-exploiter-leffet-de-primaute-pour-mieux-se-souvenir-des-informations\/#breadcrumb"},"inLanguage":"fr-BE","potentialAction":[{"@type":"ReadAction","target":["https:\/\/vieassociative.be\/actualites\/comment-exploiter-leffet-de-primaute-pour-mieux-se-souvenir-des-informations\/"]}]},{"@type":"ImageObject","inLanguage":"fr-BE","@id":"https:\/\/vieassociative.be\/actualites\/comment-exploiter-leffet-de-primaute-pour-mieux-se-souvenir-des-informations\/#primaryimage","url":"https:\/\/vieassociative.be\/actualites\/wp-content\/uploads\/2025\/09\/Comment-exploiter-leffet-de-primaute-pour-mieux-se-souvenir-des.jpg","contentUrl":"https:\/\/vieassociative.be\/actualites\/wp-content\/uploads\/2025\/09\/Comment-exploiter-leffet-de-primaute-pour-mieux-se-souvenir-des.jpg","width":1200,"height":675,"caption":"Comment exploiter \u00abl'effet de primaut\u00e9\u00bb pour mieux se souvenir des informations"},{"@type":"BreadcrumbList","@id":"https:\/\/vieassociative.be\/actualites\/comment-exploiter-leffet-de-primaute-pour-mieux-se-souvenir-des-informations\/#breadcrumb","itemListElement":[{"@type":"ListItem","position":1,"name":"Accueil","item":"https:\/\/vieassociative.be\/actualites\/"},{"@type":"ListItem","position":2,"name":"Comment exploiter \u00abl&rsquo;effet de primaut\u00e9\u00bb pour mieux se souvenir des informations"}]},{"@type":"WebSite","@id":"https:\/\/vieassociative.be\/actualites\/#website","url":"https:\/\/vieassociative.be\/actualites\/","name":"Vie Associative","description":"","publisher":{"@id":"https:\/\/vieassociative.be\/actualites\/#organization"},"potentialAction":[{"@type":"SearchAction","target":{"@type":"EntryPoint","urlTemplate":"https:\/\/vieassociative.be\/actualites\/?s={search_term_string}"},"query-input":{"@type":"PropertyValueSpecification","valueRequired":true,"valueName":"search_term_string"}}],"inLanguage":"fr-BE"},{"@type":"Organization","@id":"https:\/\/vieassociative.be\/actualites\/#organization","name":"Vie Associative","url":"https:\/\/vieassociative.be\/actualites\/","logo":{"@type":"ImageObject","inLanguage":"fr-BE","@id":"https:\/\/vieassociative.be\/actualites\/#\/schema\/logo\/image\/","url":"https:\/\/vieassociative.be\/actualites\/wp-content\/uploads\/2024\/09\/cropped-vieassociative_favicon.ico.png","contentUrl":"https:\/\/vieassociative.be\/actualites\/wp-content\/uploads\/2024\/09\/cropped-vieassociative_favicon.ico.png","width":512,"height":512,"caption":"Vie Associative"},"image":{"@id":"https:\/\/vieassociative.be\/actualites\/#\/schema\/logo\/image\/"}},{"@type":"Person","@id":"https:\/\/vieassociative.be\/actualites\/#\/schema\/person\/b87ac4f82f9d4e7b7cec7395b679edc4","name":"Julien","image":{"@type":"ImageObject","inLanguage":"fr-BE","@id":"https:\/\/vieassociative.be\/actualites\/#\/schema\/person\/image\/","url":"https:\/\/vieassociative.be\/actualites\/wp-content\/uploads\/2024\/09\/vie-associative-1-150x150.jpg","contentUrl":"https:\/\/vieassociative.be\/actualites\/wp-content\/uploads\/2024\/09\/vie-associative-1-150x150.jpg","caption":"Julien"},"description":"Je suis Julien, r\u00e9dacteur pour Vie Associative. Passionn\u00e9 par le monde associatif depuis plus de 10 ans, j'ai \u00e0 c\u0153ur de partager des histoires inspirantes et de mettre en lumi\u00e8re les initiatives locales. Mon objectif est de sensibiliser et d'encourager l'engagement communautaire \u00e0 travers mes articles.","sameAs":["https:\/\/vieassociative.be\/"]}]}},"_links":{"self":[{"href":"https:\/\/vieassociative.be\/actualites\/wp-json\/wp\/v2\/posts\/10247"}],"collection":[{"href":"https:\/\/vieassociative.be\/actualites\/wp-json\/wp\/v2\/posts"}],"about":[{"href":"https:\/\/vieassociative.be\/actualites\/wp-json\/wp\/v2\/types\/post"}],"author":[{"embeddable":true,"href":"https:\/\/vieassociative.be\/actualites\/wp-json\/wp\/v2\/users\/1"}],"replies":[{"embeddable":true,"href":"https:\/\/vieassociative.be\/actualites\/wp-json\/wp\/v2\/comments?post=10247"}],"version-history":[{"count":0,"href":"https:\/\/vieassociative.be\/actualites\/wp-json\/wp\/v2\/posts\/10247\/revisions"}],"wp:featuredmedia":[{"embeddable":true,"href":"https:\/\/vieassociative.be\/actualites\/wp-json\/wp\/v2\/media\/10248"}],"wp:attachment":[{"href":"https:\/\/vieassociative.be\/actualites\/wp-json\/wp\/v2\/media?parent=10247"}],"wp:term":[{"taxonomy":"category","embeddable":true,"href":"https:\/\/vieassociative.be\/actualites\/wp-json\/wp\/v2\/categories?post=10247"},{"taxonomy":"post_tag","embeddable":true,"href":"https:\/\/vieassociative.be\/actualites\/wp-json\/wp\/v2\/tags?post=10247"}],"curies":[{"name":"wp","href":"https:\/\/api.w.org\/{rel}","templated":true}]}}