{"id":10244,"date":"2025-09-25T10:16:57","date_gmt":"2025-09-25T08:16:57","guid":{"rendered":"https:\/\/vieassociative.be\/actualites\/marathon-de-proprete-a-eupen-raeren-kelmis-et-lontzen-contre-les-megots-de-cigarettes-les-excrements-de-chiens-et-les-ordures\/"},"modified":"2025-09-25T10:16:57","modified_gmt":"2025-09-25T08:16:57","slug":"marathon-de-proprete-a-eupen-raeren-kelmis-et-lontzen-contre-les-megots-de-cigarettes-les-excrements-de-chiens-et-les-ordures","status":"publish","type":"post","link":"https:\/\/vieassociative.be\/actualites\/marathon-de-proprete-a-eupen-raeren-kelmis-et-lontzen-contre-les-megots-de-cigarettes-les-excrements-de-chiens-et-les-ordures\/","title":{"rendered":"Marathon de propret\u00e9 \u00e0 Eupen, Raeren, Kelmis et Lontzen contre les m\u00e9gots de cigarettes, les excr\u00e9ments de chiens et les ordures"},"content":{"rendered":"<p><strong>Les quatre communaut\u00e9s de DG North regroupent une fois de plus leur force cette ann\u00e9e et sensibilisent la zone de police de Weser-G\u00f6hl pour un espace public propre.<\/strong><\/p>\n<p><span id=\"more-425415\"><\/span>Bumblebees de cigarettes, excr\u00e9ments de chiens et ordures sauvages: avec tous les citoyens, les communaut\u00e9s veulent combattre ces infractions environnementales du 6 au 10 octobre.<\/p>\n<p>Le marathon de propret\u00e9 est une action \u00e0 l&rsquo;\u00e9chelle de la Wallonie dans laquelle les contr\u00f4les sont de plus en plus effectu\u00e9s et la population est sensibilis\u00e9e au sujet d&rsquo;un espace de vie commun sans d\u00e9chets.<\/p>\n<div id=\"attachment_425420\" class=\"wp-caption alignleft\" style=\"max-width: 300px\"><img decoding=\"async\" class=\"wp-image-425420 size-medium\" src=\"https:\/\/vieassociative.be\/actualites\/wp-content\/uploads\/2025\/09\/Marathon-de-proprete-a-Eupen-Raeren-Kelmis-et-Lontzen-contre.jpg\" alt=\"\" width=\"300\" height=\"158\"><\/div>\n<p>Les responsables de la d\u00e9termination des quatre municipalit\u00e9s sont sur la route avec la police pendant la semaine de la campagne et les violations record.<\/p>\n<p>Avec la semaine de campagne et au-del\u00e0, Eupen, Kelmis, Lontzen et Raeren veulent se mobiliser contre les ordures sauvages. Les municipalit\u00e9s et la police comptent sur le soutien de la population. \u00ab\u00a0Pour un environnement propre et un espace public sans d\u00e9chets, un effort commun est n\u00e9cessaire &#8211; dans le sens d&rsquo;une qualit\u00e9 de vie agr\u00e9able pour tout le monde\u00a0\u00bb, explique un communiqu\u00e9 de presse.<\/p>\n<p>Si vous avez des questions sur la semaine de l&rsquo;action, vous pouvez contacter le service environnemental de votre communaut\u00e9:<\/p>\n<p>Eupen: <u>Umwelt@eupen.be<\/u><\/p>\n<p>Kelmis: <u>Umwelt@kelmis.be<\/u><\/p>\n<p>Raeren: <u>andreas.wagner@raeren.be<\/u><\/p>\n<p>Lontzen: <u>erik.geers@lontzen.be<u><\/u><\/u><\/p>\n","protected":false},"excerpt":{"rendered":"<p>Les quatre communaut\u00e9s de DG North regroupent une fois de plus leur force cette ann\u00e9e et sensibilisent la zone de police de Weser-G\u00f6hl pour un<\/p>\n","protected":false},"author":1,"featured_media":5970,"comment_status":"","ping_status":"","sticky":false,"template":"","format":"standard","meta":{"footnotes":""},"categories":[298],"tags":[2024,8663,796,2329,8664,3719,14,8661,889,8662,5105,8660,2645],"class_list":["post-10244","post","type-post","status-publish","format-standard","has-post-thumbnail","hentry","category-belgique","tag-chiens","tag-cigarettes","tag-contre","tag-eupen","tag-excrements","tag-kelmis","tag-les","tag-lontzen","tag-marathon","tag-megots","tag-ordures","tag-proprete","tag-raeren","generate-columns","tablet-grid-50","mobile-grid-100","grid-parent","grid-33"],"yoast_head":"<!-- This site is optimized with the Yoast SEO plugin v24.0 - https:\/\/yoast.com\/wordpress\/plugins\/seo\/ -->\n<title>Marathon de propret\u00e9 \u00e0 Eupen, Raeren, Kelmis et Lontzen contre les m\u00e9gots de cigarettes, les excr\u00e9ments de chiens et les ordures | Vie Associative<\/title>\n<meta name=\"robots\" content=\"index, follow, max-snippet:-1, max-image-preview:large, max-video-preview:-1\" \/>\n<link rel=\"canonical\" href=\"https:\/\/vieassociative.be\/actualites\/marathon-de-proprete-a-eupen-raeren-kelmis-et-lontzen-contre-les-megots-de-cigarettes-les-excrements-de-chiens-et-les-ordures\/\" \/>\n<meta property=\"og:locale\" content=\"fr_FR\" \/>\n<meta property=\"og:type\" content=\"article\" \/>\n<meta property=\"og:title\" content=\"Marathon de propret\u00e9 \u00e0 Eupen, Raeren, Kelmis et Lontzen contre les m\u00e9gots de cigarettes, les excr\u00e9ments de chiens et les ordures | Vie Associative\" \/>\n<meta property=\"og:description\" content=\"Les quatre communaut\u00e9s de DG North regroupent une fois de plus leur force cette ann\u00e9e et sensibilisent la zone de police de Weser-G\u00f6hl pour un\" \/>\n<meta property=\"og:url\" content=\"https:\/\/vieassociative.be\/actualites\/marathon-de-proprete-a-eupen-raeren-kelmis-et-lontzen-contre-les-megots-de-cigarettes-les-excrements-de-chiens-et-les-ordures\/\" \/>\n<meta property=\"og:site_name\" content=\"Vie Associative\" \/>\n<meta property=\"article:published_time\" content=\"2025-09-25T08:16:57+00:00\" \/>\n<meta property=\"og:image\" content=\"https:\/\/vieassociative.be\/actualites\/wp-content\/uploads\/2024\/09\/header_backgroundk-01-e1726694325946.png\" \/>\n\t<meta property=\"og:image:width\" content=\"279\" \/>\n\t<meta property=\"og:image:height\" content=\"92\" \/>\n\t<meta property=\"og:image:type\" content=\"image\/png\" \/>\n<meta name=\"author\" content=\"Julien\" \/>\n<meta name=\"twitter:card\" content=\"summary_large_image\" \/>\n<meta name=\"twitter:label1\" content=\"\u00c9crit par\" \/>\n\t<meta name=\"twitter:data1\" content=\"Julien\" \/>\n\t<meta name=\"twitter:label2\" content=\"Dur\u00e9e de lecture est.\" \/>\n\t<meta name=\"twitter:data2\" content=\"1 minute\" \/>\n<script type=\"application\/ld+json\" class=\"yoast-schema-graph\">{\"@context\":\"https:\/\/schema.org\",\"@graph\":[{\"@type\":\"Article\",\"@id\":\"https:\/\/vieassociative.be\/actualites\/marathon-de-proprete-a-eupen-raeren-kelmis-et-lontzen-contre-les-megots-de-cigarettes-les-excrements-de-chiens-et-les-ordures\/#article\",\"isPartOf\":{\"@id\":\"https:\/\/vieassociative.be\/actualites\/marathon-de-proprete-a-eupen-raeren-kelmis-et-lontzen-contre-les-megots-de-cigarettes-les-excrements-de-chiens-et-les-ordures\/\"},\"author\":{\"name\":\"Julien\",\"@id\":\"https:\/\/vieassociative.be\/actualites\/#\/schema\/person\/b87ac4f82f9d4e7b7cec7395b679edc4\"},\"headline\":\"Marathon de propret\u00e9 \u00e0 Eupen, Raeren, Kelmis et Lontzen contre les m\u00e9gots de cigarettes, les excr\u00e9ments de chiens et les ordures\",\"datePublished\":\"2025-09-25T08:16:57+00:00\",\"dateModified\":\"2025-09-25T08:16:57+00:00\",\"mainEntityOfPage\":{\"@id\":\"https:\/\/vieassociative.be\/actualites\/marathon-de-proprete-a-eupen-raeren-kelmis-et-lontzen-contre-les-megots-de-cigarettes-les-excrements-de-chiens-et-les-ordures\/\"},\"wordCount\":253,\"publisher\":{\"@id\":\"https:\/\/vieassociative.be\/actualites\/#organization\"},\"image\":{\"@id\":\"https:\/\/vieassociative.be\/actualites\/marathon-de-proprete-a-eupen-raeren-kelmis-et-lontzen-contre-les-megots-de-cigarettes-les-excrements-de-chiens-et-les-ordures\/#primaryimage\"},\"thumbnailUrl\":\"https:\/\/vieassociative.be\/actualites\/wp-content\/uploads\/2025\/03\/Grand-nettoyage-de-printemps-a-Eupen-du-jeudi-au-dimanche.jpeg\",\"keywords\":[\"chiens\",\"cigarettes\",\"contre\",\"Eupen\",\"excr\u00e9ments\",\"Kelmis\",\"Les\",\"Lontzen\",\"marathon\",\"m\u00e9gots\",\"ordures\",\"propret\u00e9\",\"Raeren\"],\"articleSection\":[\"Belgique\"],\"inLanguage\":\"fr-BE\"},{\"@type\":\"WebPage\",\"@id\":\"https:\/\/vieassociative.be\/actualites\/marathon-de-proprete-a-eupen-raeren-kelmis-et-lontzen-contre-les-megots-de-cigarettes-les-excrements-de-chiens-et-les-ordures\/\",\"url\":\"https:\/\/vieassociative.be\/actualites\/marathon-de-proprete-a-eupen-raeren-kelmis-et-lontzen-contre-les-megots-de-cigarettes-les-excrements-de-chiens-et-les-ordures\/\",\"name\":\"Marathon de propret\u00e9 \u00e0 Eupen, Raeren, Kelmis et Lontzen contre les m\u00e9gots de cigarettes, les excr\u00e9ments de chiens et les ordures | Vie Associative\",\"isPartOf\":{\"@id\":\"https:\/\/vieassociative.be\/actualites\/#website\"},\"primaryImageOfPage\":{\"@id\":\"https:\/\/vieassociative.be\/actualites\/marathon-de-proprete-a-eupen-raeren-kelmis-et-lontzen-contre-les-megots-de-cigarettes-les-excrements-de-chiens-et-les-ordures\/#primaryimage\"},\"image\":{\"@id\":\"https:\/\/vieassociative.be\/actualites\/marathon-de-proprete-a-eupen-raeren-kelmis-et-lontzen-contre-les-megots-de-cigarettes-les-excrements-de-chiens-et-les-ordures\/#primaryimage\"},\"thumbnailUrl\":\"https:\/\/vieassociative.be\/actualites\/wp-content\/uploads\/2025\/03\/Grand-nettoyage-de-printemps-a-Eupen-du-jeudi-au-dimanche.jpeg\",\"datePublished\":\"2025-09-25T08:16:57+00:00\",\"dateModified\":\"2025-09-25T08:16:57+00:00\",\"breadcrumb\":{\"@id\":\"https:\/\/vieassociative.be\/actualites\/marathon-de-proprete-a-eupen-raeren-kelmis-et-lontzen-contre-les-megots-de-cigarettes-les-excrements-de-chiens-et-les-ordures\/#breadcrumb\"},\"inLanguage\":\"fr-BE\",\"potentialAction\":[{\"@type\":\"ReadAction\",\"target\":[\"https:\/\/vieassociative.be\/actualites\/marathon-de-proprete-a-eupen-raeren-kelmis-et-lontzen-contre-les-megots-de-cigarettes-les-excrements-de-chiens-et-les-ordures\/\"]}]},{\"@type\":\"ImageObject\",\"inLanguage\":\"fr-BE\",\"@id\":\"https:\/\/vieassociative.be\/actualites\/marathon-de-proprete-a-eupen-raeren-kelmis-et-lontzen-contre-les-megots-de-cigarettes-les-excrements-de-chiens-et-les-ordures\/#primaryimage\",\"url\":\"https:\/\/vieassociative.be\/actualites\/wp-content\/uploads\/2025\/03\/Grand-nettoyage-de-printemps-a-Eupen-du-jeudi-au-dimanche.jpeg\",\"contentUrl\":\"https:\/\/vieassociative.be\/actualites\/wp-content\/uploads\/2025\/03\/Grand-nettoyage-de-printemps-a-Eupen-du-jeudi-au-dimanche.jpeg\",\"width\":1000,\"height\":667,\"caption\":\"Grand nettoyage de printemps \u00e0 Eupen: du jeudi au dimanche, les collectionneurs \u00e0 ordures sont sur la route\"},{\"@type\":\"BreadcrumbList\",\"@id\":\"https:\/\/vieassociative.be\/actualites\/marathon-de-proprete-a-eupen-raeren-kelmis-et-lontzen-contre-les-megots-de-cigarettes-les-excrements-de-chiens-et-les-ordures\/#breadcrumb\",\"itemListElement\":[{\"@type\":\"ListItem\",\"position\":1,\"name\":\"Accueil\",\"item\":\"https:\/\/vieassociative.be\/actualites\/\"},{\"@type\":\"ListItem\",\"position\":2,\"name\":\"Marathon de propret\u00e9 \u00e0 Eupen, Raeren, Kelmis et Lontzen contre les m\u00e9gots de cigarettes, les excr\u00e9ments de chiens et les ordures\"}]},{\"@type\":\"WebSite\",\"@id\":\"https:\/\/vieassociative.be\/actualites\/#website\",\"url\":\"https:\/\/vieassociative.be\/actualites\/\",\"name\":\"Vie Associative\",\"description\":\"\",\"publisher\":{\"@id\":\"https:\/\/vieassociative.be\/actualites\/#organization\"},\"potentialAction\":[{\"@type\":\"SearchAction\",\"target\":{\"@type\":\"EntryPoint\",\"urlTemplate\":\"https:\/\/vieassociative.be\/actualites\/?s={search_term_string}\"},\"query-input\":{\"@type\":\"PropertyValueSpecification\",\"valueRequired\":true,\"valueName\":\"search_term_string\"}}],\"inLanguage\":\"fr-BE\"},{\"@type\":\"Organization\",\"@id\":\"https:\/\/vieassociative.be\/actualites\/#organization\",\"name\":\"Vie Associative\",\"url\":\"https:\/\/vieassociative.be\/actualites\/\",\"logo\":{\"@type\":\"ImageObject\",\"inLanguage\":\"fr-BE\",\"@id\":\"https:\/\/vieassociative.be\/actualites\/#\/schema\/logo\/image\/\",\"url\":\"https:\/\/vieassociative.be\/actualites\/wp-content\/uploads\/2024\/09\/cropped-vieassociative_favicon.ico.png\",\"contentUrl\":\"https:\/\/vieassociative.be\/actualites\/wp-content\/uploads\/2024\/09\/cropped-vieassociative_favicon.ico.png\",\"width\":512,\"height\":512,\"caption\":\"Vie Associative\"},\"image\":{\"@id\":\"https:\/\/vieassociative.be\/actualites\/#\/schema\/logo\/image\/\"}},{\"@type\":\"Person\",\"@id\":\"https:\/\/vieassociative.be\/actualites\/#\/schema\/person\/b87ac4f82f9d4e7b7cec7395b679edc4\",\"name\":\"Julien\",\"image\":{\"@type\":\"ImageObject\",\"inLanguage\":\"fr-BE\",\"@id\":\"https:\/\/vieassociative.be\/actualites\/#\/schema\/person\/image\/\",\"url\":\"https:\/\/vieassociative.be\/actualites\/wp-content\/uploads\/2024\/09\/vie-associative-1-150x150.jpg\",\"contentUrl\":\"https:\/\/vieassociative.be\/actualites\/wp-content\/uploads\/2024\/09\/vie-associative-1-150x150.jpg\",\"caption\":\"Julien\"},\"description\":\"Je suis Julien, r\u00e9dacteur pour Vie Associative. Passionn\u00e9 par le monde associatif depuis plus de 10 ans, j'ai \u00e0 c\u0153ur de partager des histoires inspirantes et de mettre en lumi\u00e8re les initiatives locales. Mon objectif est de sensibiliser et d'encourager l'engagement communautaire \u00e0 travers mes articles.\",\"sameAs\":[\"https:\/\/vieassociative.be\/\"]}]}<\/script>\n<!-- \/ Yoast SEO plugin. -->","yoast_head_json":{"title":"Marathon de propret\u00e9 \u00e0 Eupen, Raeren, Kelmis et Lontzen contre les m\u00e9gots de cigarettes, les excr\u00e9ments de chiens et les ordures | Vie Associative","robots":{"index":"index","follow":"follow","max-snippet":"max-snippet:-1","max-image-preview":"max-image-preview:large","max-video-preview":"max-video-preview:-1"},"canonical":"https:\/\/vieassociative.be\/actualites\/marathon-de-proprete-a-eupen-raeren-kelmis-et-lontzen-contre-les-megots-de-cigarettes-les-excrements-de-chiens-et-les-ordures\/","og_locale":"fr_FR","og_type":"article","og_title":"Marathon de propret\u00e9 \u00e0 Eupen, Raeren, Kelmis et Lontzen contre les m\u00e9gots de cigarettes, les excr\u00e9ments de chiens et les ordures | Vie Associative","og_description":"Les quatre communaut\u00e9s de DG North regroupent une fois de plus leur force cette ann\u00e9e et sensibilisent la zone de police de Weser-G\u00f6hl pour un","og_url":"https:\/\/vieassociative.be\/actualites\/marathon-de-proprete-a-eupen-raeren-kelmis-et-lontzen-contre-les-megots-de-cigarettes-les-excrements-de-chiens-et-les-ordures\/","og_site_name":"Vie Associative","article_published_time":"2025-09-25T08:16:57+00:00","og_image":[{"width":279,"height":92,"url":"https:\/\/vieassociative.be\/actualites\/wp-content\/uploads\/2024\/09\/header_backgroundk-01-e1726694325946.png","type":"image\/png"}],"author":"Julien","twitter_card":"summary_large_image","twitter_misc":{"\u00c9crit par":"Julien","Dur\u00e9e de lecture est.":"1 minute"},"schema":{"@context":"https:\/\/schema.org","@graph":[{"@type":"Article","@id":"https:\/\/vieassociative.be\/actualites\/marathon-de-proprete-a-eupen-raeren-kelmis-et-lontzen-contre-les-megots-de-cigarettes-les-excrements-de-chiens-et-les-ordures\/#article","isPartOf":{"@id":"https:\/\/vieassociative.be\/actualites\/marathon-de-proprete-a-eupen-raeren-kelmis-et-lontzen-contre-les-megots-de-cigarettes-les-excrements-de-chiens-et-les-ordures\/"},"author":{"name":"Julien","@id":"https:\/\/vieassociative.be\/actualites\/#\/schema\/person\/b87ac4f82f9d4e7b7cec7395b679edc4"},"headline":"Marathon de propret\u00e9 \u00e0 Eupen, Raeren, Kelmis et Lontzen contre les m\u00e9gots de cigarettes, les excr\u00e9ments de chiens et les ordures","datePublished":"2025-09-25T08:16:57+00:00","dateModified":"2025-09-25T08:16:57+00:00","mainEntityOfPage":{"@id":"https:\/\/vieassociative.be\/actualites\/marathon-de-proprete-a-eupen-raeren-kelmis-et-lontzen-contre-les-megots-de-cigarettes-les-excrements-de-chiens-et-les-ordures\/"},"wordCount":253,"publisher":{"@id":"https:\/\/vieassociative.be\/actualites\/#organization"},"image":{"@id":"https:\/\/vieassociative.be\/actualites\/marathon-de-proprete-a-eupen-raeren-kelmis-et-lontzen-contre-les-megots-de-cigarettes-les-excrements-de-chiens-et-les-ordures\/#primaryimage"},"thumbnailUrl":"https:\/\/vieassociative.be\/actualites\/wp-content\/uploads\/2025\/03\/Grand-nettoyage-de-printemps-a-Eupen-du-jeudi-au-dimanche.jpeg","keywords":["chiens","cigarettes","contre","Eupen","excr\u00e9ments","Kelmis","Les","Lontzen","marathon","m\u00e9gots","ordures","propret\u00e9","Raeren"],"articleSection":["Belgique"],"inLanguage":"fr-BE"},{"@type":"WebPage","@id":"https:\/\/vieassociative.be\/actualites\/marathon-de-proprete-a-eupen-raeren-kelmis-et-lontzen-contre-les-megots-de-cigarettes-les-excrements-de-chiens-et-les-ordures\/","url":"https:\/\/vieassociative.be\/actualites\/marathon-de-proprete-a-eupen-raeren-kelmis-et-lontzen-contre-les-megots-de-cigarettes-les-excrements-de-chiens-et-les-ordures\/","name":"Marathon de propret\u00e9 \u00e0 Eupen, Raeren, Kelmis et Lontzen contre les m\u00e9gots de cigarettes, les excr\u00e9ments de chiens et les ordures | Vie Associative","isPartOf":{"@id":"https:\/\/vieassociative.be\/actualites\/#website"},"primaryImageOfPage":{"@id":"https:\/\/vieassociative.be\/actualites\/marathon-de-proprete-a-eupen-raeren-kelmis-et-lontzen-contre-les-megots-de-cigarettes-les-excrements-de-chiens-et-les-ordures\/#primaryimage"},"image":{"@id":"https:\/\/vieassociative.be\/actualites\/marathon-de-proprete-a-eupen-raeren-kelmis-et-lontzen-contre-les-megots-de-cigarettes-les-excrements-de-chiens-et-les-ordures\/#primaryimage"},"thumbnailUrl":"https:\/\/vieassociative.be\/actualites\/wp-content\/uploads\/2025\/03\/Grand-nettoyage-de-printemps-a-Eupen-du-jeudi-au-dimanche.jpeg","datePublished":"2025-09-25T08:16:57+00:00","dateModified":"2025-09-25T08:16:57+00:00","breadcrumb":{"@id":"https:\/\/vieassociative.be\/actualites\/marathon-de-proprete-a-eupen-raeren-kelmis-et-lontzen-contre-les-megots-de-cigarettes-les-excrements-de-chiens-et-les-ordures\/#breadcrumb"},"inLanguage":"fr-BE","potentialAction":[{"@type":"ReadAction","target":["https:\/\/vieassociative.be\/actualites\/marathon-de-proprete-a-eupen-raeren-kelmis-et-lontzen-contre-les-megots-de-cigarettes-les-excrements-de-chiens-et-les-ordures\/"]}]},{"@type":"ImageObject","inLanguage":"fr-BE","@id":"https:\/\/vieassociative.be\/actualites\/marathon-de-proprete-a-eupen-raeren-kelmis-et-lontzen-contre-les-megots-de-cigarettes-les-excrements-de-chiens-et-les-ordures\/#primaryimage","url":"https:\/\/vieassociative.be\/actualites\/wp-content\/uploads\/2025\/03\/Grand-nettoyage-de-printemps-a-Eupen-du-jeudi-au-dimanche.jpeg","contentUrl":"https:\/\/vieassociative.be\/actualites\/wp-content\/uploads\/2025\/03\/Grand-nettoyage-de-printemps-a-Eupen-du-jeudi-au-dimanche.jpeg","width":1000,"height":667,"caption":"Grand nettoyage de printemps \u00e0 Eupen: du jeudi au dimanche, les collectionneurs \u00e0 ordures sont sur la route"},{"@type":"BreadcrumbList","@id":"https:\/\/vieassociative.be\/actualites\/marathon-de-proprete-a-eupen-raeren-kelmis-et-lontzen-contre-les-megots-de-cigarettes-les-excrements-de-chiens-et-les-ordures\/#breadcrumb","itemListElement":[{"@type":"ListItem","position":1,"name":"Accueil","item":"https:\/\/vieassociative.be\/actualites\/"},{"@type":"ListItem","position":2,"name":"Marathon de propret\u00e9 \u00e0 Eupen, Raeren, Kelmis et Lontzen contre les m\u00e9gots de cigarettes, les excr\u00e9ments de chiens et les ordures"}]},{"@type":"WebSite","@id":"https:\/\/vieassociative.be\/actualites\/#website","url":"https:\/\/vieassociative.be\/actualites\/","name":"Vie Associative","description":"","publisher":{"@id":"https:\/\/vieassociative.be\/actualites\/#organization"},"potentialAction":[{"@type":"SearchAction","target":{"@type":"EntryPoint","urlTemplate":"https:\/\/vieassociative.be\/actualites\/?s={search_term_string}"},"query-input":{"@type":"PropertyValueSpecification","valueRequired":true,"valueName":"search_term_string"}}],"inLanguage":"fr-BE"},{"@type":"Organization","@id":"https:\/\/vieassociative.be\/actualites\/#organization","name":"Vie Associative","url":"https:\/\/vieassociative.be\/actualites\/","logo":{"@type":"ImageObject","inLanguage":"fr-BE","@id":"https:\/\/vieassociative.be\/actualites\/#\/schema\/logo\/image\/","url":"https:\/\/vieassociative.be\/actualites\/wp-content\/uploads\/2024\/09\/cropped-vieassociative_favicon.ico.png","contentUrl":"https:\/\/vieassociative.be\/actualites\/wp-content\/uploads\/2024\/09\/cropped-vieassociative_favicon.ico.png","width":512,"height":512,"caption":"Vie Associative"},"image":{"@id":"https:\/\/vieassociative.be\/actualites\/#\/schema\/logo\/image\/"}},{"@type":"Person","@id":"https:\/\/vieassociative.be\/actualites\/#\/schema\/person\/b87ac4f82f9d4e7b7cec7395b679edc4","name":"Julien","image":{"@type":"ImageObject","inLanguage":"fr-BE","@id":"https:\/\/vieassociative.be\/actualites\/#\/schema\/person\/image\/","url":"https:\/\/vieassociative.be\/actualites\/wp-content\/uploads\/2024\/09\/vie-associative-1-150x150.jpg","contentUrl":"https:\/\/vieassociative.be\/actualites\/wp-content\/uploads\/2024\/09\/vie-associative-1-150x150.jpg","caption":"Julien"},"description":"Je suis Julien, r\u00e9dacteur pour Vie Associative. Passionn\u00e9 par le monde associatif depuis plus de 10 ans, j'ai \u00e0 c\u0153ur de partager des histoires inspirantes et de mettre en lumi\u00e8re les initiatives locales. Mon objectif est de sensibiliser et d'encourager l'engagement communautaire \u00e0 travers mes articles.","sameAs":["https:\/\/vieassociative.be\/"]}]}},"_links":{"self":[{"href":"https:\/\/vieassociative.be\/actualites\/wp-json\/wp\/v2\/posts\/10244"}],"collection":[{"href":"https:\/\/vieassociative.be\/actualites\/wp-json\/wp\/v2\/posts"}],"about":[{"href":"https:\/\/vieassociative.be\/actualites\/wp-json\/wp\/v2\/types\/post"}],"author":[{"embeddable":true,"href":"https:\/\/vieassociative.be\/actualites\/wp-json\/wp\/v2\/users\/1"}],"replies":[{"embeddable":true,"href":"https:\/\/vieassociative.be\/actualites\/wp-json\/wp\/v2\/comments?post=10244"}],"version-history":[{"count":0,"href":"https:\/\/vieassociative.be\/actualites\/wp-json\/wp\/v2\/posts\/10244\/revisions"}],"wp:featuredmedia":[{"embeddable":true,"href":"https:\/\/vieassociative.be\/actualites\/wp-json\/wp\/v2\/media\/5970"}],"wp:attachment":[{"href":"https:\/\/vieassociative.be\/actualites\/wp-json\/wp\/v2\/media?parent=10244"}],"wp:term":[{"taxonomy":"category","embeddable":true,"href":"https:\/\/vieassociative.be\/actualites\/wp-json\/wp\/v2\/categories?post=10244"},{"taxonomy":"post_tag","embeddable":true,"href":"https:\/\/vieassociative.be\/actualites\/wp-json\/wp\/v2\/tags?post=10244"}],"curies":[{"name":"wp","href":"https:\/\/api.w.org\/{rel}","templated":true}]}}