{"id":10237,"date":"2025-09-25T04:17:54","date_gmt":"2025-09-25T02:17:54","guid":{"rendered":"https:\/\/vieassociative.be\/actualites\/lettre-a-lediteur-scenarios-comme-des-produits-dimagination-pure\/"},"modified":"2025-09-25T04:17:54","modified_gmt":"2025-09-25T02:17:54","slug":"lettre-a-lediteur-scenarios-comme-des-produits-dimagination-pure","status":"publish","type":"post","link":"https:\/\/vieassociative.be\/actualites\/lettre-a-lediteur-scenarios-comme-des-produits-dimagination-pure\/","title":{"rendered":"Lettre \u00e0 l&rsquo;\u00e9diteur &#8211; Sc\u00e9narios comme des produits d&rsquo;imagination pure"},"content":{"rendered":"<p><strong>Analyse de l&rsquo;\u00e9tude \u00ab\u00a0Quel Syst\u00e8me \u00e9lectrique pour Attinde Z\u00e9ro \u00e9misson Nice\u00a0\u00bb. <\/strong><strong>Cr\u00e9ateur: Bureau F\u00e9d\u00e9ral du Plan &#8211; Article N \u00b0 22 &#8211; \u00c9nergy et Climat.<\/strong><\/p>\n<p><span id=\"more-425376\"><\/span>1) Fondamentalement<\/p>\n<p>Comme mentionn\u00e9 dans l&rsquo;avant-propos de l&rsquo;article, ce sont des \u00ab\u00a0sc\u00e9narios\u00a0\u00bb qui sont bas\u00e9s sur des \u00ab\u00a0hypoth\u00e8ses\u00a0\u00bb. C&rsquo;est le double subjonctif, pour ainsi dire. Il s&rsquo;agit de l&rsquo;hypoth\u00e8se hypoth\u00e9tique des \u00e9v\u00e9nements sur la basia des bases hypoth\u00e9tiques. Ceci est proche de l&rsquo;imagination et loin de ce que les m\u00e9dias et les politiciens y voient, \u00e0 savoir les fa\u00e7ons viables d&rsquo;atteindre un objectif r\u00e9aliste.<\/p>\n<p>En outre, le bureau de planification se concentre sur les aspects financiers (hypoth\u00e9tiques) des \u00ab\u00a0sc\u00e9narios\u00a0\u00bb et la consommation d&rsquo;\u00e9nergie suppos\u00e9e (TWH) en 2050. Le sujet de la prestation de performance s\u00e9curis\u00e9e est largement exclu, bien qu&rsquo;il s&rsquo;agisse exactement du facteur tout important.<\/p>\n<p>Dans les clauses subordonn\u00e9es, il est soulign\u00e9 que l&rsquo;exigence \u00e9nerg\u00e9tique (TWH) s&rsquo;est multipli\u00e9e par le facteur 2.3 et cela peut conduire \u00e0 des dilemmes possibles (euph\u00e9misme!), Auxquels les d\u00e9cideurs politiques sont expos\u00e9s.<\/p>\n<p>2) Sc\u00e9narios<\/p>\n<p>3 sc\u00e9narios sont \u00abjou\u00e9s\u00bb (Tableau 1)<br \/>\nOpt = solution \u00ab\u00a0la moins ch\u00e8re\u00a0\u00bb avec 50% d&rsquo;\u00e9nergie nucl\u00e9aire (8 GW) et 50% d&rsquo;\u00e9olien offshore (8 GW) et de mise en r\u00e9seau offshore (11,4 GW)<br \/>\nRes = phase nucl\u00e9aire -out avec max. Extension du vent offshore (8 GW) et du r\u00e9seautage offshore (17,4 GW)<br \/>\nREG = phase nucl\u00e9aire -out avec une expansion limit\u00e9e \u00e9olienne offshore (5,7 GW) et de r\u00e9seautage limit\u00e9 offshore (11,4 GW)<\/p>\n<p>Les 3 sc\u00e9narios montrent d\u00e9j\u00e0 un \u00ab\u00a0dilemme\u00a0\u00bb, aucun ne peut se passer des \u00ab\u00a0Nouvelles Interconnexions Offshore\u00a0\u00bb. Aucun des sc\u00e9narios ne supposait que la Belgique peut r\u00e9pondre \u00e0 ses besoins en \u00e9lectricit\u00e9 \u00e0 ses propres ressources. Cependant, \u00abl&rsquo;interconnexion\u00bb c\u00e9l\u00e8bre est une Fata Morgana, comme tous les r\u00e9sidents de la mer du Nord en comptent et ceci<br \/>\na) ne peut \u00eatre disponible qu&rsquo;une seule fois, et<br \/>\nb) Personne n&rsquo;est disponible pour un marasme au-dessus de la mer du Nord!<\/p>\n<p>Principe Hope sans base fiable! C&rsquo;est comme la femme au foyer qui commence \u00e0 cuire un g\u00e2teau sans avoir convenu si tous les ingr\u00e9dients se trouvent dans la maison; Le voisin donnera d\u00e9j\u00e0 le sucre que vous n&rsquo;avez pas vous-m\u00eame &#8230;<\/p>\n<p>Les auteurs de l&rsquo;\u00e9tude doivent admettre que les sc\u00e9narios Res et les m\u00e9dias verts et les politiciens de Reg sont \u00e9galement les plus incertains qui d\u00e9pendent de l&rsquo;ensemble des \u00ab\u00a0importations de flux\u00a0\u00bb imaginaires qui apparaissent dans les images color\u00e9es, mais personne ne sait d&rsquo;o\u00f9 ils devraient venir en r\u00e9alit\u00e9.<\/p>\n<p>3) (IN) D\u00e9pendance \u00c9nergetique (Ind\u00e9pendance \u00e9nerg\u00e9tique)<\/p>\n<p>L&rsquo;id\u00e9ologie verte frappe pleinement sur le sujet. On ne peut pas \u00e9viter d&rsquo;atteindre le mod\u00e8le OPT la plus grande s\u00e9curit\u00e9 de l&rsquo;offre, mais cela est ensuite mis en perspective par un r\u00e9cit de la \u00ab\u00a0d\u00e9pendance \u00e0 l&rsquo;\u00e9gard du combustible nucl\u00e9aire\u00a0\u00bb. Quiconque conna\u00eet la question, en particulier avec le d\u00e9veloppement des r\u00e9acteurs de prochaine g\u00e9n\u00e9ration, sait que le vert est absurde. Il est soutenu avec la d\u00e9claration qu&rsquo;il est plus s\u00fbr d&rsquo;importer de l&rsquo;\u00e9nergie \u00e9olienne du Danemark en tant qu&rsquo;uranium, bien que les auteurs ne puissent pas expliquer comment, par exemple, DK devrait fournir aux pays voisins l&rsquo;\u00e9nergie \u00e9olienne. De plus, DK envisage de retourner \u00e0 l&rsquo;\u00e9nergie nucl\u00e9aire parce que les lois de la physique ne peuvent pas non plus y \u00eatre d\u00e9pass\u00e9es.<\/p>\n<p>4) Manco de l&rsquo;\u00e9tude &#8211; Conclusion<\/p>\n<p>Un aspect, la chose la plus importante, n&rsquo;est pas discut\u00e9 dans l&rsquo;\u00e9tude: la fourniture de performances! Windstrom est tr\u00e8s volatile et avec des termains r\u00e9currents et m\u00eame longs au-dessus de la mer du Nord, les principaux piliers de l&rsquo;\u00e9tude selon \u00ab\u00a0Tableau 1\u00a0\u00bb, \u00ab\u00a0Offshore Zee\u00a0\u00bb et \u00ab\u00a0Interconnexions Offshore\u00a0\u00bb sont compl\u00e8tement sans valeur!<\/p>\n<p>L&rsquo;\u00e9tude ne dit rien sur le march\u00e9 des capacit\u00e9s techniquement indispensable des centrales \u00e9lectriques r\u00e9glables! Ni sur sa taille ni sur les co\u00fbts. On ignore sa n\u00e9cessit\u00e9 parce que le charbon et le gaz dans le monde fantastique de \u00ab\u00a0Fit for 55\u00a0\u00bb ne se produisent plus. Malheureusement, la physique ne changera pas jusque-l\u00e0, de sorte que les sc\u00e9narios sont des produits imaginatifs purs d&rsquo;une soci\u00e9t\u00e9 id\u00e9ologique verte qui a perdu toute responsabilit\u00e9 au sol.<\/p>\n<p>Quiconque croit en ces sc\u00e9narios croit \u00e9galement \u00e0 la r\u00e9surrection des morts\u2026.<\/p>\n<p>EPILOG: Dans l&rsquo;article RTBF sur ce sujet, Francesco Contino a son mot \u00e0 dire, ma m\u00e9moire selon le m\u00eame expert, qui \u00e9tait \u00e9galement sur sc\u00e8ne lors de l&rsquo;\u00e9v\u00e9nement de H. Arimont dans l&rsquo;Eupen Plaza. Il r\u00e9p\u00e8te sa d\u00e9claration selon laquelle la \u00ab\u00a0transformation\u00a0\u00bb est en fait techniquement impossible et que le probl\u00e8me ne peut \u00eatre r\u00e9solu qu&rsquo;en renon\u00e7ant \u00e0 \u00ab\u00a0sobri\u00e9t\u00e9\u00a0\u00bb. C&rsquo;est plus un probl\u00e8me d&rsquo;acceptation sociale qu&rsquo;un probl\u00e8me techniquement r\u00e9soluble. En langue claire, nous devons accepter un appauvrissement pour \u00ab\u00a0sauver le climat\u00a0\u00bb.<\/p>\n<p>https:\/\/www.plan.be\/sites\/default\/files\/documents\/art_022_13202_fr.pdf<br \/>\nhttps:\/\/www.rtbf.be\/article\/nucleaire-eolien-offshore &#8211;ou-ergie-les-les-trois-qui-permettraient-a-la-belgique-dattreindre-la-neutralite-climatique-d-ic-11605020<\/p>\n<p>Pour la contrepole Eastbelgium<\/p>\n<p><strong>24.09.2025 Gerald Pesch, Raeren<\/strong><\/p>\n","protected":false},"excerpt":{"rendered":"<p>Analyse de l&rsquo;\u00e9tude \u00ab\u00a0Quel Syst\u00e8me \u00e9lectrique pour Attinde Z\u00e9ro \u00e9misson Nice\u00a0\u00bb. Cr\u00e9ateur: Bureau F\u00e9d\u00e9ral du Plan &#8211; Article N \u00b0 22 &#8211; \u00c9nergy et Climat.<\/p>\n","protected":false},"author":1,"featured_media":2567,"comment_status":"","ping_status":"","sticky":false,"template":"","format":"standard","meta":{"footnotes":""},"categories":[298],"tags":[1254,29,5649,4400,2628,1352,8658,2479],"class_list":["post-10237","post","type-post","status-publish","format-standard","has-post-thumbnail","hentry","category-belgique","tag-comme","tag-des","tag-dimagination","tag-lediteur","tag-lettre","tag-produits","tag-pure","tag-scenarios","generate-columns","tablet-grid-50","mobile-grid-100","grid-parent","grid-33"],"yoast_head":"<!-- This site is optimized with the Yoast SEO plugin v24.0 - https:\/\/yoast.com\/wordpress\/plugins\/seo\/ -->\n<title>Lettre \u00e0 l&#039;\u00e9diteur - Sc\u00e9narios comme des produits d&#039;imagination pure | Vie Associative<\/title>\n<meta name=\"robots\" content=\"index, follow, max-snippet:-1, max-image-preview:large, max-video-preview:-1\" \/>\n<link rel=\"canonical\" href=\"https:\/\/vieassociative.be\/actualites\/lettre-a-lediteur-scenarios-comme-des-produits-dimagination-pure\/\" \/>\n<meta property=\"og:locale\" content=\"fr_FR\" \/>\n<meta property=\"og:type\" content=\"article\" \/>\n<meta property=\"og:title\" content=\"Lettre \u00e0 l&#039;\u00e9diteur - Sc\u00e9narios comme des produits d&#039;imagination pure | Vie Associative\" \/>\n<meta property=\"og:description\" content=\"Analyse de l&rsquo;\u00e9tude \u00ab\u00a0Quel Syst\u00e8me \u00e9lectrique pour Attinde Z\u00e9ro \u00e9misson Nice\u00a0\u00bb. Cr\u00e9ateur: Bureau F\u00e9d\u00e9ral du Plan &#8211; Article N \u00b0 22 &#8211; \u00c9nergy et Climat.\" \/>\n<meta property=\"og:url\" content=\"https:\/\/vieassociative.be\/actualites\/lettre-a-lediteur-scenarios-comme-des-produits-dimagination-pure\/\" \/>\n<meta property=\"og:site_name\" content=\"Vie Associative\" \/>\n<meta property=\"article:published_time\" content=\"2025-09-25T02:17:54+00:00\" \/>\n<meta property=\"og:image\" content=\"https:\/\/vieassociative.be\/actualites\/wp-content\/uploads\/2024\/09\/header_backgroundk-01-e1726694325946.png\" \/>\n\t<meta property=\"og:image:width\" content=\"279\" \/>\n\t<meta property=\"og:image:height\" content=\"92\" \/>\n\t<meta property=\"og:image:type\" content=\"image\/png\" \/>\n<meta name=\"author\" content=\"Julien\" \/>\n<meta name=\"twitter:card\" content=\"summary_large_image\" \/>\n<meta name=\"twitter:label1\" content=\"\u00c9crit par\" \/>\n\t<meta name=\"twitter:data1\" content=\"Julien\" \/>\n\t<meta name=\"twitter:label2\" content=\"Dur\u00e9e de lecture est.\" \/>\n\t<meta name=\"twitter:data2\" content=\"4 minutes\" \/>\n<script type=\"application\/ld+json\" class=\"yoast-schema-graph\">{\"@context\":\"https:\/\/schema.org\",\"@graph\":[{\"@type\":\"Article\",\"@id\":\"https:\/\/vieassociative.be\/actualites\/lettre-a-lediteur-scenarios-comme-des-produits-dimagination-pure\/#article\",\"isPartOf\":{\"@id\":\"https:\/\/vieassociative.be\/actualites\/lettre-a-lediteur-scenarios-comme-des-produits-dimagination-pure\/\"},\"author\":{\"name\":\"Julien\",\"@id\":\"https:\/\/vieassociative.be\/actualites\/#\/schema\/person\/b87ac4f82f9d4e7b7cec7395b679edc4\"},\"headline\":\"Lettre \u00e0 l&rsquo;\u00e9diteur &#8211; Sc\u00e9narios comme des produits d&rsquo;imagination pure\",\"datePublished\":\"2025-09-25T02:17:54+00:00\",\"dateModified\":\"2025-09-25T02:17:54+00:00\",\"mainEntityOfPage\":{\"@id\":\"https:\/\/vieassociative.be\/actualites\/lettre-a-lediteur-scenarios-comme-des-produits-dimagination-pure\/\"},\"wordCount\":901,\"publisher\":{\"@id\":\"https:\/\/vieassociative.be\/actualites\/#organization\"},\"image\":{\"@id\":\"https:\/\/vieassociative.be\/actualites\/lettre-a-lediteur-scenarios-comme-des-produits-dimagination-pure\/#primaryimage\"},\"thumbnailUrl\":\"https:\/\/vieassociative.be\/actualites\/wp-content\/uploads\/2024\/11\/LETTRE-A-LA-REDACTION-\u2013-Audi-Bruxelles-dernier-avertissement-du.jpeg\",\"keywords\":[\"comme\",\"Des\",\"dimagination\",\"L\u00c9DITEUR\",\"lettre\",\"produits\",\"pure\",\"sc\u00e9narios\"],\"articleSection\":[\"Belgique\"],\"inLanguage\":\"fr-BE\"},{\"@type\":\"WebPage\",\"@id\":\"https:\/\/vieassociative.be\/actualites\/lettre-a-lediteur-scenarios-comme-des-produits-dimagination-pure\/\",\"url\":\"https:\/\/vieassociative.be\/actualites\/lettre-a-lediteur-scenarios-comme-des-produits-dimagination-pure\/\",\"name\":\"Lettre \u00e0 l'\u00e9diteur - Sc\u00e9narios comme des produits d'imagination pure | Vie Associative\",\"isPartOf\":{\"@id\":\"https:\/\/vieassociative.be\/actualites\/#website\"},\"primaryImageOfPage\":{\"@id\":\"https:\/\/vieassociative.be\/actualites\/lettre-a-lediteur-scenarios-comme-des-produits-dimagination-pure\/#primaryimage\"},\"image\":{\"@id\":\"https:\/\/vieassociative.be\/actualites\/lettre-a-lediteur-scenarios-comme-des-produits-dimagination-pure\/#primaryimage\"},\"thumbnailUrl\":\"https:\/\/vieassociative.be\/actualites\/wp-content\/uploads\/2024\/11\/LETTRE-A-LA-REDACTION-\u2013-Audi-Bruxelles-dernier-avertissement-du.jpeg\",\"datePublished\":\"2025-09-25T02:17:54+00:00\",\"dateModified\":\"2025-09-25T02:17:54+00:00\",\"breadcrumb\":{\"@id\":\"https:\/\/vieassociative.be\/actualites\/lettre-a-lediteur-scenarios-comme-des-produits-dimagination-pure\/#breadcrumb\"},\"inLanguage\":\"fr-BE\",\"potentialAction\":[{\"@type\":\"ReadAction\",\"target\":[\"https:\/\/vieassociative.be\/actualites\/lettre-a-lediteur-scenarios-comme-des-produits-dimagination-pure\/\"]}]},{\"@type\":\"ImageObject\",\"inLanguage\":\"fr-BE\",\"@id\":\"https:\/\/vieassociative.be\/actualites\/lettre-a-lediteur-scenarios-comme-des-produits-dimagination-pure\/#primaryimage\",\"url\":\"https:\/\/vieassociative.be\/actualites\/wp-content\/uploads\/2024\/11\/LETTRE-A-LA-REDACTION-\u2013-Audi-Bruxelles-dernier-avertissement-du.jpeg\",\"contentUrl\":\"https:\/\/vieassociative.be\/actualites\/wp-content\/uploads\/2024\/11\/LETTRE-A-LA-REDACTION-\u2013-Audi-Bruxelles-dernier-avertissement-du.jpeg\",\"width\":1024,\"height\":747,\"caption\":\"LETTRE \u00c0 LA R\u00c9DACTION \u2013 Audi Bruxelles, dernier avertissement du gouffre\"},{\"@type\":\"BreadcrumbList\",\"@id\":\"https:\/\/vieassociative.be\/actualites\/lettre-a-lediteur-scenarios-comme-des-produits-dimagination-pure\/#breadcrumb\",\"itemListElement\":[{\"@type\":\"ListItem\",\"position\":1,\"name\":\"Accueil\",\"item\":\"https:\/\/vieassociative.be\/actualites\/\"},{\"@type\":\"ListItem\",\"position\":2,\"name\":\"Lettre \u00e0 l&rsquo;\u00e9diteur &#8211; Sc\u00e9narios comme des produits d&rsquo;imagination pure\"}]},{\"@type\":\"WebSite\",\"@id\":\"https:\/\/vieassociative.be\/actualites\/#website\",\"url\":\"https:\/\/vieassociative.be\/actualites\/\",\"name\":\"Vie Associative\",\"description\":\"\",\"publisher\":{\"@id\":\"https:\/\/vieassociative.be\/actualites\/#organization\"},\"potentialAction\":[{\"@type\":\"SearchAction\",\"target\":{\"@type\":\"EntryPoint\",\"urlTemplate\":\"https:\/\/vieassociative.be\/actualites\/?s={search_term_string}\"},\"query-input\":{\"@type\":\"PropertyValueSpecification\",\"valueRequired\":true,\"valueName\":\"search_term_string\"}}],\"inLanguage\":\"fr-BE\"},{\"@type\":\"Organization\",\"@id\":\"https:\/\/vieassociative.be\/actualites\/#organization\",\"name\":\"Vie Associative\",\"url\":\"https:\/\/vieassociative.be\/actualites\/\",\"logo\":{\"@type\":\"ImageObject\",\"inLanguage\":\"fr-BE\",\"@id\":\"https:\/\/vieassociative.be\/actualites\/#\/schema\/logo\/image\/\",\"url\":\"https:\/\/vieassociative.be\/actualites\/wp-content\/uploads\/2024\/09\/cropped-vieassociative_favicon.ico.png\",\"contentUrl\":\"https:\/\/vieassociative.be\/actualites\/wp-content\/uploads\/2024\/09\/cropped-vieassociative_favicon.ico.png\",\"width\":512,\"height\":512,\"caption\":\"Vie Associative\"},\"image\":{\"@id\":\"https:\/\/vieassociative.be\/actualites\/#\/schema\/logo\/image\/\"}},{\"@type\":\"Person\",\"@id\":\"https:\/\/vieassociative.be\/actualites\/#\/schema\/person\/b87ac4f82f9d4e7b7cec7395b679edc4\",\"name\":\"Julien\",\"image\":{\"@type\":\"ImageObject\",\"inLanguage\":\"fr-BE\",\"@id\":\"https:\/\/vieassociative.be\/actualites\/#\/schema\/person\/image\/\",\"url\":\"https:\/\/vieassociative.be\/actualites\/wp-content\/uploads\/2024\/09\/vie-associative-1-150x150.jpg\",\"contentUrl\":\"https:\/\/vieassociative.be\/actualites\/wp-content\/uploads\/2024\/09\/vie-associative-1-150x150.jpg\",\"caption\":\"Julien\"},\"description\":\"Je suis Julien, r\u00e9dacteur pour Vie Associative. Passionn\u00e9 par le monde associatif depuis plus de 10 ans, j'ai \u00e0 c\u0153ur de partager des histoires inspirantes et de mettre en lumi\u00e8re les initiatives locales. Mon objectif est de sensibiliser et d'encourager l'engagement communautaire \u00e0 travers mes articles.\",\"sameAs\":[\"https:\/\/vieassociative.be\/\"]}]}<\/script>\n<!-- \/ Yoast SEO plugin. -->","yoast_head_json":{"title":"Lettre \u00e0 l'\u00e9diteur - Sc\u00e9narios comme des produits d'imagination pure | Vie Associative","robots":{"index":"index","follow":"follow","max-snippet":"max-snippet:-1","max-image-preview":"max-image-preview:large","max-video-preview":"max-video-preview:-1"},"canonical":"https:\/\/vieassociative.be\/actualites\/lettre-a-lediteur-scenarios-comme-des-produits-dimagination-pure\/","og_locale":"fr_FR","og_type":"article","og_title":"Lettre \u00e0 l'\u00e9diteur - Sc\u00e9narios comme des produits d'imagination pure | Vie Associative","og_description":"Analyse de l&rsquo;\u00e9tude \u00ab\u00a0Quel Syst\u00e8me \u00e9lectrique pour Attinde Z\u00e9ro \u00e9misson Nice\u00a0\u00bb. Cr\u00e9ateur: Bureau F\u00e9d\u00e9ral du Plan &#8211; Article N \u00b0 22 &#8211; \u00c9nergy et Climat.","og_url":"https:\/\/vieassociative.be\/actualites\/lettre-a-lediteur-scenarios-comme-des-produits-dimagination-pure\/","og_site_name":"Vie Associative","article_published_time":"2025-09-25T02:17:54+00:00","og_image":[{"width":279,"height":92,"url":"https:\/\/vieassociative.be\/actualites\/wp-content\/uploads\/2024\/09\/header_backgroundk-01-e1726694325946.png","type":"image\/png"}],"author":"Julien","twitter_card":"summary_large_image","twitter_misc":{"\u00c9crit par":"Julien","Dur\u00e9e de lecture est.":"4 minutes"},"schema":{"@context":"https:\/\/schema.org","@graph":[{"@type":"Article","@id":"https:\/\/vieassociative.be\/actualites\/lettre-a-lediteur-scenarios-comme-des-produits-dimagination-pure\/#article","isPartOf":{"@id":"https:\/\/vieassociative.be\/actualites\/lettre-a-lediteur-scenarios-comme-des-produits-dimagination-pure\/"},"author":{"name":"Julien","@id":"https:\/\/vieassociative.be\/actualites\/#\/schema\/person\/b87ac4f82f9d4e7b7cec7395b679edc4"},"headline":"Lettre \u00e0 l&rsquo;\u00e9diteur &#8211; Sc\u00e9narios comme des produits d&rsquo;imagination pure","datePublished":"2025-09-25T02:17:54+00:00","dateModified":"2025-09-25T02:17:54+00:00","mainEntityOfPage":{"@id":"https:\/\/vieassociative.be\/actualites\/lettre-a-lediteur-scenarios-comme-des-produits-dimagination-pure\/"},"wordCount":901,"publisher":{"@id":"https:\/\/vieassociative.be\/actualites\/#organization"},"image":{"@id":"https:\/\/vieassociative.be\/actualites\/lettre-a-lediteur-scenarios-comme-des-produits-dimagination-pure\/#primaryimage"},"thumbnailUrl":"https:\/\/vieassociative.be\/actualites\/wp-content\/uploads\/2024\/11\/LETTRE-A-LA-REDACTION-\u2013-Audi-Bruxelles-dernier-avertissement-du.jpeg","keywords":["comme","Des","dimagination","L\u00c9DITEUR","lettre","produits","pure","sc\u00e9narios"],"articleSection":["Belgique"],"inLanguage":"fr-BE"},{"@type":"WebPage","@id":"https:\/\/vieassociative.be\/actualites\/lettre-a-lediteur-scenarios-comme-des-produits-dimagination-pure\/","url":"https:\/\/vieassociative.be\/actualites\/lettre-a-lediteur-scenarios-comme-des-produits-dimagination-pure\/","name":"Lettre \u00e0 l'\u00e9diteur - Sc\u00e9narios comme des produits d'imagination pure | Vie Associative","isPartOf":{"@id":"https:\/\/vieassociative.be\/actualites\/#website"},"primaryImageOfPage":{"@id":"https:\/\/vieassociative.be\/actualites\/lettre-a-lediteur-scenarios-comme-des-produits-dimagination-pure\/#primaryimage"},"image":{"@id":"https:\/\/vieassociative.be\/actualites\/lettre-a-lediteur-scenarios-comme-des-produits-dimagination-pure\/#primaryimage"},"thumbnailUrl":"https:\/\/vieassociative.be\/actualites\/wp-content\/uploads\/2024\/11\/LETTRE-A-LA-REDACTION-\u2013-Audi-Bruxelles-dernier-avertissement-du.jpeg","datePublished":"2025-09-25T02:17:54+00:00","dateModified":"2025-09-25T02:17:54+00:00","breadcrumb":{"@id":"https:\/\/vieassociative.be\/actualites\/lettre-a-lediteur-scenarios-comme-des-produits-dimagination-pure\/#breadcrumb"},"inLanguage":"fr-BE","potentialAction":[{"@type":"ReadAction","target":["https:\/\/vieassociative.be\/actualites\/lettre-a-lediteur-scenarios-comme-des-produits-dimagination-pure\/"]}]},{"@type":"ImageObject","inLanguage":"fr-BE","@id":"https:\/\/vieassociative.be\/actualites\/lettre-a-lediteur-scenarios-comme-des-produits-dimagination-pure\/#primaryimage","url":"https:\/\/vieassociative.be\/actualites\/wp-content\/uploads\/2024\/11\/LETTRE-A-LA-REDACTION-\u2013-Audi-Bruxelles-dernier-avertissement-du.jpeg","contentUrl":"https:\/\/vieassociative.be\/actualites\/wp-content\/uploads\/2024\/11\/LETTRE-A-LA-REDACTION-\u2013-Audi-Bruxelles-dernier-avertissement-du.jpeg","width":1024,"height":747,"caption":"LETTRE \u00c0 LA R\u00c9DACTION \u2013 Audi Bruxelles, dernier avertissement du gouffre"},{"@type":"BreadcrumbList","@id":"https:\/\/vieassociative.be\/actualites\/lettre-a-lediteur-scenarios-comme-des-produits-dimagination-pure\/#breadcrumb","itemListElement":[{"@type":"ListItem","position":1,"name":"Accueil","item":"https:\/\/vieassociative.be\/actualites\/"},{"@type":"ListItem","position":2,"name":"Lettre \u00e0 l&rsquo;\u00e9diteur &#8211; Sc\u00e9narios comme des produits d&rsquo;imagination pure"}]},{"@type":"WebSite","@id":"https:\/\/vieassociative.be\/actualites\/#website","url":"https:\/\/vieassociative.be\/actualites\/","name":"Vie Associative","description":"","publisher":{"@id":"https:\/\/vieassociative.be\/actualites\/#organization"},"potentialAction":[{"@type":"SearchAction","target":{"@type":"EntryPoint","urlTemplate":"https:\/\/vieassociative.be\/actualites\/?s={search_term_string}"},"query-input":{"@type":"PropertyValueSpecification","valueRequired":true,"valueName":"search_term_string"}}],"inLanguage":"fr-BE"},{"@type":"Organization","@id":"https:\/\/vieassociative.be\/actualites\/#organization","name":"Vie Associative","url":"https:\/\/vieassociative.be\/actualites\/","logo":{"@type":"ImageObject","inLanguage":"fr-BE","@id":"https:\/\/vieassociative.be\/actualites\/#\/schema\/logo\/image\/","url":"https:\/\/vieassociative.be\/actualites\/wp-content\/uploads\/2024\/09\/cropped-vieassociative_favicon.ico.png","contentUrl":"https:\/\/vieassociative.be\/actualites\/wp-content\/uploads\/2024\/09\/cropped-vieassociative_favicon.ico.png","width":512,"height":512,"caption":"Vie Associative"},"image":{"@id":"https:\/\/vieassociative.be\/actualites\/#\/schema\/logo\/image\/"}},{"@type":"Person","@id":"https:\/\/vieassociative.be\/actualites\/#\/schema\/person\/b87ac4f82f9d4e7b7cec7395b679edc4","name":"Julien","image":{"@type":"ImageObject","inLanguage":"fr-BE","@id":"https:\/\/vieassociative.be\/actualites\/#\/schema\/person\/image\/","url":"https:\/\/vieassociative.be\/actualites\/wp-content\/uploads\/2024\/09\/vie-associative-1-150x150.jpg","contentUrl":"https:\/\/vieassociative.be\/actualites\/wp-content\/uploads\/2024\/09\/vie-associative-1-150x150.jpg","caption":"Julien"},"description":"Je suis Julien, r\u00e9dacteur pour Vie Associative. Passionn\u00e9 par le monde associatif depuis plus de 10 ans, j'ai \u00e0 c\u0153ur de partager des histoires inspirantes et de mettre en lumi\u00e8re les initiatives locales. Mon objectif est de sensibiliser et d'encourager l'engagement communautaire \u00e0 travers mes articles.","sameAs":["https:\/\/vieassociative.be\/"]}]}},"_links":{"self":[{"href":"https:\/\/vieassociative.be\/actualites\/wp-json\/wp\/v2\/posts\/10237"}],"collection":[{"href":"https:\/\/vieassociative.be\/actualites\/wp-json\/wp\/v2\/posts"}],"about":[{"href":"https:\/\/vieassociative.be\/actualites\/wp-json\/wp\/v2\/types\/post"}],"author":[{"embeddable":true,"href":"https:\/\/vieassociative.be\/actualites\/wp-json\/wp\/v2\/users\/1"}],"replies":[{"embeddable":true,"href":"https:\/\/vieassociative.be\/actualites\/wp-json\/wp\/v2\/comments?post=10237"}],"version-history":[{"count":0,"href":"https:\/\/vieassociative.be\/actualites\/wp-json\/wp\/v2\/posts\/10237\/revisions"}],"wp:featuredmedia":[{"embeddable":true,"href":"https:\/\/vieassociative.be\/actualites\/wp-json\/wp\/v2\/media\/2567"}],"wp:attachment":[{"href":"https:\/\/vieassociative.be\/actualites\/wp-json\/wp\/v2\/media?parent=10237"}],"wp:term":[{"taxonomy":"category","embeddable":true,"href":"https:\/\/vieassociative.be\/actualites\/wp-json\/wp\/v2\/categories?post=10237"},{"taxonomy":"post_tag","embeddable":true,"href":"https:\/\/vieassociative.be\/actualites\/wp-json\/wp\/v2\/tags?post=10237"}],"curies":[{"name":"wp","href":"https:\/\/api.w.org\/{rel}","templated":true}]}}