{"id":10235,"date":"2025-09-25T03:18:07","date_gmt":"2025-09-25T01:18:07","guid":{"rendered":"https:\/\/vieassociative.be\/actualites\/voici-tout-nouveau-dans-ios-26-1\/"},"modified":"2025-09-25T03:18:07","modified_gmt":"2025-09-25T01:18:07","slug":"voici-tout-nouveau-dans-ios-26-1","status":"publish","type":"post","link":"https:\/\/vieassociative.be\/actualites\/voici-tout-nouveau-dans-ios-26-1\/","title":{"rendered":"Voici tout nouveau dans iOS 26.1"},"content":{"rendered":"<div class=\"mt-4 leading-6 md:mb-8\">iOS 26.1 est d\u00e9j\u00e0 \u00e0 l&rsquo;horizon.<\/div>\n<p><\/p>\n<p><em>Saviez-vous que vous pouvez personnaliser Google pour filtrer les ordures? Prendre ces \u00e9tapes<\/em><em>  Pour de meilleurs r\u00e9sultats de recherche, notamment en ajoutant mon travail chez Vie Associative comme source pr\u00e9f\u00e9r\u00e9e<\/em><em>.<\/em><\/p>\n<hr>\n<p>Il semble que iOS 26 vient de tomber, et pourtant, Apple est de retour avec une autre mise \u00e0 jour. Lundi, iOS 26.1 est officiellement dans les tests b\u00eata, ce qui signifie que les d\u00e9veloppeurs et les testeurs publics peuvent essayer t\u00f4t la prochaine mise \u00e0 jour d&rsquo;Apple. <\/p>\n<p>Les \u00ab\u00a0mises \u00e0 jour ponctuelles\u00a0\u00bb comme iOS 26.1 ne sont jamais aussi remplies de fonctionnalit\u00e9s que les principales versions, bien que 26.1 semble particuli\u00e8rement faible. Apple semble avoir fait la majeure partie de ce qu&rsquo;il pr\u00e9voyait de faire avec iOS 26, en \u00e9conomisant des changements plus petits pour cette mise \u00e0 jour \u00e0 venir. Pourtant, il y a de nouveaux ajouts int\u00e9ressants dans cette derni\u00e8re version b\u00eata, et d&rsquo;autres pourraient venir dans les sorties suivantes. Voici ce qui est nouveau.<\/p>\n<div class=\"mx-auto mb-12 mt-5 w-full max-w-3xl rounded-md border-2 border-gray-100 p-3 shadow-md md:px-7 md:pb-7 md:pt-5\" id=\"related-video\">\n<div class=\"mb-3 flex items-center md:mb-5\">\n        <img decoding=\"async\" class=\"mr-4 mt-0 h-10 w-10 md:mr-5 md:h-12 md:w-12\" src=\"https:\/\/vieassociative.be\/actualites\/wp-content\/uploads\/2025\/09\/1757726237_608_Meta-pourrait-devoiler-une-montre-intelligente-pour-controler-ses-lunettes.jpg\" alt=\"Logo Lifehacker\"><\/p><\/div>\n<div class=\"aspect-video w-full overflow-hidden rounded-md\">\n<div id=\"video-container-01K5Z6GV4B6YB65RSBJ4YYZBSE\"><\/div>\n<\/p><\/div>\n<\/div>\n<h2 id=\"apple-music-gestures\">Gestes de musique Apple<\/h2>\n<p>Si vous voulez sauter une chanson dans Apple Music, vous appuyez sur le bouton avant. Si vous voulez revenir \u00e0 la chanson pr\u00e9c\u00e9dente ou red\u00e9marrer la chanson actuelle, vous appuyez sur le bouton arri\u00e8re. Avec iOS 26.1, cependant, vous aurez la possibilit\u00e9 de glisser pour basculer entre les chansons. <\/p>\n<p>Dans la version b\u00eata actuelle, vous pouvez glisser \u00e0 droite et \u00e0 gauche sur la barre de jeu maintenant pour basculer dans les deux sens dans votre file d&rsquo;attente. Avec lui, Apple a supprim\u00e9 le bouton Skip Forward de la barre de lecture maintenant. (Le bouton arri\u00e8re n&rsquo;\u00e9tait pas pr\u00e9sent.) C&rsquo;est une fonctionnalit\u00e9 petite mais cool, mais qui pourrait prendre un peu de temps pour s&rsquo;y habituer.<\/p>\n<blockquote class=\"twitterEmbed twitter-tweet\"><p>\n    <a rel=\"nofollow noopener\" class=\"text-gray-600\" href=\"https:\/\/twitter.com\/BetaProfiles\/status\/1970499981493833985\" title=\"open in a new window\" target=\"_blank\"><\/p>\n<p>        Ce tweet n&rsquo;est actuellement pas disponible. Il peut \u00eatre charg\u00e9 ou a \u00e9t\u00e9 supprim\u00e9.<br \/>\n    <\/a>\n<\/p><\/blockquote>\n<h2 id=\"video-playback-bar\">Barre de lecture vid\u00e9o<\/h2>\n<p>Dans la version actuelle d&rsquo;iOS 26, la barre de lecture vid\u00e9o dans l&rsquo;application Photos est \u00e0 la chasse avec l&rsquo;interface utilisateur. Vous pourriez l&rsquo;aimer ou le d\u00e9tester, mais il peut \u00eatre un peu difficile de le faire, selon la vid\u00e9o en question. Le bouton de lecture et le bouton MUTE, par exemple, peuvent dispara\u00eetre lorsque iOS ne peut pas changer leurs couleurs pour se d\u00e9marquer de l&rsquo;arri\u00e8re-plan. <\/p>\n<p>IOS 26.1 Beta 1, cependant, pr\u00e9sente une nouvelle barre de lecture vid\u00e9o distincte de l&rsquo;interface utilisateur. Il a l&rsquo;air bien et est facile \u00e0 voir en tout temps. Encore une fois, un petit changement, mais intelligent.<\/p>\n<blockquote class=\"twitterEmbed twitter-tweet\"><p>\n    <a rel=\"nofollow noopener\" class=\"text-gray-600\" href=\"https:\/\/twitter.com\/BetaProfiles\/status\/1970204922751971838\" title=\"open in a new window\" target=\"_blank\"><\/p>\n<p>        Ce tweet n&rsquo;est actuellement pas disponible. Il peut \u00eatre charg\u00e9 ou a \u00e9t\u00e9 supprim\u00e9.<br \/>\n    <\/a>\n<\/p><\/blockquote>\n<h2 id=\"live-translation-languages\">Langues de traduction en direct<\/h2>\n<p>La traduction en direct pour AirPods est une nouvelle fonctionnalit\u00e9 fantastique qui traduit automatiquement les conversations que vous avez avec quelqu&rsquo;un qui parle une langue que vous ne comprenez pas. Tant que vous avez un iPhone 15 Pro ou plus r\u00e9cent, ainsi que AirPods Pro 2, AirPod Pro 3 ou AirPods 5 avec annulation de bruit actif, vous avez pu l&rsquo;essayer depuis le lancement d&rsquo;iOS 26.  <\/p>\n<p>Apple a initialement d\u00e9ploy\u00e9 le soutien aux fran\u00e7ais, allemands, portugais (Br\u00e9sil) et espagnol (Espagne), mais pr\u00e9voit d&rsquo;\u00e9tendre la liste \u00e0 l&rsquo;avenir. Avec iOS 26.1, il ajoute quatre nouvelles options, notamment:<\/p>\n<ul>\n<li>\n<p>Chinois (mandarin, simplifi\u00e9)<\/p>\n<\/li>\n<li>\n<p>Chinois (mandarin, traditionnel)<\/p>\n<\/li>\n<li>\n<p>italien<\/p>\n<\/li>\n<li>\n<p>japonais<\/p>\n<\/li>\n<li>\n<p>cor\u00e9en<\/p>\n<\/li>\n<\/ul>\n<h2 id=\"eight-new-languages-for-apple-intelligence\">Huit nouvelles langues pour l&rsquo;Apple Intelligence<\/h2>\n<p>Les utilisateurs avec un iPhone 15 Pro et plus r\u00e9cent, \u00e9coutez: Apple Intelligence prend en charge huit nouvelles langues dans iOS 26.1. Depuis cette premi\u00e8re version b\u00eata, qui comprend ce qui suit: <\/p>\n<ul>\n<li>\n<p>Chinois (traditionnel)<\/p>\n<\/li>\n<li>\n<p>danois<\/p>\n<\/li>\n<li>\n<p>N\u00e9erlandais<\/p>\n<\/li>\n<li>\n<p>norv\u00e9gien<\/p>\n<\/li>\n<li>\n<p>Portugais (Portugal)<\/p>\n<\/li>\n<li>\n<p>su\u00e9dois<\/p>\n<\/li>\n<li>\n<p>turc<\/p>\n<\/li>\n<li>\n<p>vietnamien<\/p>\n<\/li>\n<\/ul>\n<h2 id=\"liquid-glass-comes-to-the-phones-keypad\">Le verre liquide arrive sur le clavier du t\u00e9l\u00e9phone<\/h2>\n<p>Le verre liquide, le nouveau langage de conception d&rsquo;Apple, n&rsquo;est pas <em>partout <\/em>Dans iOS 26. Bien qu&rsquo;une grande partie de l&rsquo;interface utilisateur ait maintenant un look vitreux, certains \u00e9l\u00e9ments ressemblent toujours \u00e0 iOS 18 et plus t\u00f4t. Le clavier de l&rsquo;application t\u00e9l\u00e9phonique en \u00e9tait un exemple: bien que l&rsquo;application elle-m\u00eame soit tr\u00e8s modifi\u00e9e avec cette mise \u00e0 jour, passez au clavier et il se ressemble jamais. <\/p>\n<p>Cela change avec iOS 26.1. La version b\u00eata apporte du verre liquide au clavier, qui, bien que conforme \u00e0 la plupart des conceptions d&rsquo;iOS 26, r\u00e9duit un peu la visibilit\u00e9 des cl\u00e9s, en particulier en mode lumi\u00e8re. Je ne serais pas surpris de voir un atelier Apple un peu celui-ci. <\/p>\n<blockquote class=\"twitterEmbed twitter-tweet\"><p>\n    <a rel=\"nofollow noopener\" class=\"text-gray-600\" href=\"https:\/\/twitter.com\/BetaProfiles\/status\/1970197002941321667\" title=\"open in a new window\" target=\"_blank\"><\/p>\n<p>        Ce tweet n&rsquo;est actuellement pas disponible. Il peut \u00eatre charg\u00e9 ou a \u00e9t\u00e9 supprim\u00e9.<br \/>\n    <\/a>\n<\/p><\/blockquote>\n<h2 id=\"calendar\">Calendrier<\/h2>\n<p>Chaque fois que vous avez un calendrier dans la vue de la liste dans iOS 26.1, vous verrez vos \u00e9v\u00e9nements quotidiens cod\u00e9s par leurs calendriers respectifs, plut\u00f4t que simplement r\u00e9pertori\u00e9s sur le m\u00eame fond blanc.<\/p>\n<h2 id=\"references-to-third-party-smartwatch-support\">R\u00e9f\u00e9rences au support de smartwatch tiers<\/h2>\n<p>Si vous avez un iPhone, vous connaissez la seule smartwatch qui <em>vraiment<\/em> Fonctionne bien avec l&rsquo;Apple Watch. Certaines montres offrent un support de notification, mais la plupart ne sont tout simplement pas bien avec iOS. <\/p>\n<p>Cela pourrait changer \u00e0 l&rsquo;avenir. Le code au sein de la b\u00eata iOS 26.1 fait r\u00e9f\u00e9rence \u00e0 une nouvelle fonctionnalit\u00e9 de \u00ab\u00a0transfert de notification\u00a0\u00bb, qui pourrait vous permettre de choisir un appareil tiers pour envoyer vos alertes iPhone. De plus, une option \u00ab\u00a0AccessoryExtension\u00a0\u00bb inachev\u00e9e pourrait \u00eatre le cadre qui vous permet de jumeler une montre tierce sur votre iPhone.<\/p>\n<p>Ce ne sont que des r\u00e9f\u00e9rences dans le code, pas quelque chose que vous pouvez tester activement dans la version b\u00eata 26.1, mais cela vaut la peine de noter. Apple exp\u00e9rimente la prise en charge de montres tierces sur iOS, bien que ce soit simplement pour apaiser la \u00abloi sur les march\u00e9s num\u00e9riques\u00bb de l&rsquo;UE.  <\/p>\n<p><script async src=\"https:\/\/platform.twitter.com\/widgets.js\" charset=\"utf-8\"><\/script><\/p>\n","protected":false},"excerpt":{"rendered":"<p>iOS 26.1 est d\u00e9j\u00e0 \u00e0 l&rsquo;horizon. Saviez-vous que vous pouvez personnaliser Google pour filtrer les ordures? Prendre ces \u00e9tapes Pour de meilleurs r\u00e9sultats de recherche,<\/p>\n","protected":false},"author":1,"featured_media":10236,"comment_status":"","ping_status":"","sticky":false,"template":"","format":"standard","meta":{"footnotes":""},"categories":[13],"tags":[166,21,553,236,529],"class_list":["post-10235","post","type-post","status-publish","format-standard","has-post-thumbnail","hentry","category-technologie","tag-dans","tag-ios","tag-nouveau","tag-tout","tag-voici","generate-columns","tablet-grid-50","mobile-grid-100","grid-parent","grid-33"],"yoast_head":"<!-- This site is optimized with the Yoast SEO plugin v24.0 - https:\/\/yoast.com\/wordpress\/plugins\/seo\/ -->\n<title>Voici tout nouveau dans iOS 26.1 | Vie Associative<\/title>\n<meta name=\"robots\" content=\"index, follow, max-snippet:-1, max-image-preview:large, max-video-preview:-1\" \/>\n<link rel=\"canonical\" href=\"https:\/\/vieassociative.be\/actualites\/voici-tout-nouveau-dans-ios-26-1\/\" \/>\n<meta property=\"og:locale\" content=\"fr_FR\" \/>\n<meta property=\"og:type\" content=\"article\" \/>\n<meta property=\"og:title\" content=\"Voici tout nouveau dans iOS 26.1 | Vie Associative\" \/>\n<meta property=\"og:description\" content=\"iOS 26.1 est d\u00e9j\u00e0 \u00e0 l&rsquo;horizon. Saviez-vous que vous pouvez personnaliser Google pour filtrer les ordures? Prendre ces \u00e9tapes Pour de meilleurs r\u00e9sultats de recherche,\" \/>\n<meta property=\"og:url\" content=\"https:\/\/vieassociative.be\/actualites\/voici-tout-nouveau-dans-ios-26-1\/\" \/>\n<meta property=\"og:site_name\" content=\"Vie Associative\" \/>\n<meta property=\"article:published_time\" content=\"2025-09-25T01:18:07+00:00\" \/>\n<meta property=\"og:image\" content=\"https:\/\/vieassociative.be\/actualites\/wp-content\/uploads\/2025\/09\/1757726237_608_Meta-pourrait-devoiler-une-montre-intelligente-pour-controler-ses-lunettes.jpg\" \/>\n<meta name=\"author\" content=\"Julien\" \/>\n<meta name=\"twitter:card\" content=\"summary_large_image\" \/>\n<meta name=\"twitter:label1\" content=\"\u00c9crit par\" \/>\n\t<meta name=\"twitter:data1\" content=\"Julien\" \/>\n\t<meta name=\"twitter:label2\" content=\"Dur\u00e9e de lecture est.\" \/>\n\t<meta name=\"twitter:data2\" content=\"5 minutes\" \/>\n<script type=\"application\/ld+json\" class=\"yoast-schema-graph\">{\"@context\":\"https:\/\/schema.org\",\"@graph\":[{\"@type\":\"Article\",\"@id\":\"https:\/\/vieassociative.be\/actualites\/voici-tout-nouveau-dans-ios-26-1\/#article\",\"isPartOf\":{\"@id\":\"https:\/\/vieassociative.be\/actualites\/voici-tout-nouveau-dans-ios-26-1\/\"},\"author\":{\"name\":\"Julien\",\"@id\":\"https:\/\/vieassociative.be\/actualites\/#\/schema\/person\/b87ac4f82f9d4e7b7cec7395b679edc4\"},\"headline\":\"Voici tout nouveau dans iOS 26.1\",\"datePublished\":\"2025-09-25T01:18:07+00:00\",\"dateModified\":\"2025-09-25T01:18:07+00:00\",\"mainEntityOfPage\":{\"@id\":\"https:\/\/vieassociative.be\/actualites\/voici-tout-nouveau-dans-ios-26-1\/\"},\"wordCount\":977,\"publisher\":{\"@id\":\"https:\/\/vieassociative.be\/actualites\/#organization\"},\"image\":{\"@id\":\"https:\/\/vieassociative.be\/actualites\/voici-tout-nouveau-dans-ios-26-1\/#primaryimage\"},\"thumbnailUrl\":\"https:\/\/vieassociative.be\/actualites\/wp-content\/uploads\/2025\/09\/Voici-tout-nouveau-dans-iOS-261.jpg\",\"keywords\":[\"dans\",\"iOS\",\"nouveau\",\"tout\",\"Voici\"],\"articleSection\":[\"Technologie\"],\"inLanguage\":\"fr-BE\"},{\"@type\":\"WebPage\",\"@id\":\"https:\/\/vieassociative.be\/actualites\/voici-tout-nouveau-dans-ios-26-1\/\",\"url\":\"https:\/\/vieassociative.be\/actualites\/voici-tout-nouveau-dans-ios-26-1\/\",\"name\":\"Voici tout nouveau dans iOS 26.1 | Vie Associative\",\"isPartOf\":{\"@id\":\"https:\/\/vieassociative.be\/actualites\/#website\"},\"primaryImageOfPage\":{\"@id\":\"https:\/\/vieassociative.be\/actualites\/voici-tout-nouveau-dans-ios-26-1\/#primaryimage\"},\"image\":{\"@id\":\"https:\/\/vieassociative.be\/actualites\/voici-tout-nouveau-dans-ios-26-1\/#primaryimage\"},\"thumbnailUrl\":\"https:\/\/vieassociative.be\/actualites\/wp-content\/uploads\/2025\/09\/Voici-tout-nouveau-dans-iOS-261.jpg\",\"datePublished\":\"2025-09-25T01:18:07+00:00\",\"dateModified\":\"2025-09-25T01:18:07+00:00\",\"breadcrumb\":{\"@id\":\"https:\/\/vieassociative.be\/actualites\/voici-tout-nouveau-dans-ios-26-1\/#breadcrumb\"},\"inLanguage\":\"fr-BE\",\"potentialAction\":[{\"@type\":\"ReadAction\",\"target\":[\"https:\/\/vieassociative.be\/actualites\/voici-tout-nouveau-dans-ios-26-1\/\"]}]},{\"@type\":\"ImageObject\",\"inLanguage\":\"fr-BE\",\"@id\":\"https:\/\/vieassociative.be\/actualites\/voici-tout-nouveau-dans-ios-26-1\/#primaryimage\",\"url\":\"https:\/\/vieassociative.be\/actualites\/wp-content\/uploads\/2025\/09\/Voici-tout-nouveau-dans-iOS-261.jpg\",\"contentUrl\":\"https:\/\/vieassociative.be\/actualites\/wp-content\/uploads\/2025\/09\/Voici-tout-nouveau-dans-iOS-261.jpg\",\"width\":1200,\"height\":675,\"caption\":\"Voici tout nouveau dans iOS 26.1\"},{\"@type\":\"BreadcrumbList\",\"@id\":\"https:\/\/vieassociative.be\/actualites\/voici-tout-nouveau-dans-ios-26-1\/#breadcrumb\",\"itemListElement\":[{\"@type\":\"ListItem\",\"position\":1,\"name\":\"Accueil\",\"item\":\"https:\/\/vieassociative.be\/actualites\/\"},{\"@type\":\"ListItem\",\"position\":2,\"name\":\"Voici tout nouveau dans iOS 26.1\"}]},{\"@type\":\"WebSite\",\"@id\":\"https:\/\/vieassociative.be\/actualites\/#website\",\"url\":\"https:\/\/vieassociative.be\/actualites\/\",\"name\":\"Vie Associative\",\"description\":\"\",\"publisher\":{\"@id\":\"https:\/\/vieassociative.be\/actualites\/#organization\"},\"potentialAction\":[{\"@type\":\"SearchAction\",\"target\":{\"@type\":\"EntryPoint\",\"urlTemplate\":\"https:\/\/vieassociative.be\/actualites\/?s={search_term_string}\"},\"query-input\":{\"@type\":\"PropertyValueSpecification\",\"valueRequired\":true,\"valueName\":\"search_term_string\"}}],\"inLanguage\":\"fr-BE\"},{\"@type\":\"Organization\",\"@id\":\"https:\/\/vieassociative.be\/actualites\/#organization\",\"name\":\"Vie Associative\",\"url\":\"https:\/\/vieassociative.be\/actualites\/\",\"logo\":{\"@type\":\"ImageObject\",\"inLanguage\":\"fr-BE\",\"@id\":\"https:\/\/vieassociative.be\/actualites\/#\/schema\/logo\/image\/\",\"url\":\"https:\/\/vieassociative.be\/actualites\/wp-content\/uploads\/2024\/09\/cropped-vieassociative_favicon.ico.png\",\"contentUrl\":\"https:\/\/vieassociative.be\/actualites\/wp-content\/uploads\/2024\/09\/cropped-vieassociative_favicon.ico.png\",\"width\":512,\"height\":512,\"caption\":\"Vie Associative\"},\"image\":{\"@id\":\"https:\/\/vieassociative.be\/actualites\/#\/schema\/logo\/image\/\"}},{\"@type\":\"Person\",\"@id\":\"https:\/\/vieassociative.be\/actualites\/#\/schema\/person\/b87ac4f82f9d4e7b7cec7395b679edc4\",\"name\":\"Julien\",\"image\":{\"@type\":\"ImageObject\",\"inLanguage\":\"fr-BE\",\"@id\":\"https:\/\/vieassociative.be\/actualites\/#\/schema\/person\/image\/\",\"url\":\"https:\/\/vieassociative.be\/actualites\/wp-content\/uploads\/2024\/09\/vie-associative-1-150x150.jpg\",\"contentUrl\":\"https:\/\/vieassociative.be\/actualites\/wp-content\/uploads\/2024\/09\/vie-associative-1-150x150.jpg\",\"caption\":\"Julien\"},\"description\":\"Je suis Julien, r\u00e9dacteur pour Vie Associative. Passionn\u00e9 par le monde associatif depuis plus de 10 ans, j'ai \u00e0 c\u0153ur de partager des histoires inspirantes et de mettre en lumi\u00e8re les initiatives locales. Mon objectif est de sensibiliser et d'encourager l'engagement communautaire \u00e0 travers mes articles.\",\"sameAs\":[\"https:\/\/vieassociative.be\/\"]}]}<\/script>\n<!-- \/ Yoast SEO plugin. -->","yoast_head_json":{"title":"Voici tout nouveau dans iOS 26.1 | Vie Associative","robots":{"index":"index","follow":"follow","max-snippet":"max-snippet:-1","max-image-preview":"max-image-preview:large","max-video-preview":"max-video-preview:-1"},"canonical":"https:\/\/vieassociative.be\/actualites\/voici-tout-nouveau-dans-ios-26-1\/","og_locale":"fr_FR","og_type":"article","og_title":"Voici tout nouveau dans iOS 26.1 | Vie Associative","og_description":"iOS 26.1 est d\u00e9j\u00e0 \u00e0 l&rsquo;horizon. Saviez-vous que vous pouvez personnaliser Google pour filtrer les ordures? Prendre ces \u00e9tapes Pour de meilleurs r\u00e9sultats de recherche,","og_url":"https:\/\/vieassociative.be\/actualites\/voici-tout-nouveau-dans-ios-26-1\/","og_site_name":"Vie Associative","article_published_time":"2025-09-25T01:18:07+00:00","og_image":[{"url":"https:\/\/vieassociative.be\/actualites\/wp-content\/uploads\/2025\/09\/1757726237_608_Meta-pourrait-devoiler-une-montre-intelligente-pour-controler-ses-lunettes.jpg","type":"","width":"","height":""}],"author":"Julien","twitter_card":"summary_large_image","twitter_misc":{"\u00c9crit par":"Julien","Dur\u00e9e de lecture est.":"5 minutes"},"schema":{"@context":"https:\/\/schema.org","@graph":[{"@type":"Article","@id":"https:\/\/vieassociative.be\/actualites\/voici-tout-nouveau-dans-ios-26-1\/#article","isPartOf":{"@id":"https:\/\/vieassociative.be\/actualites\/voici-tout-nouveau-dans-ios-26-1\/"},"author":{"name":"Julien","@id":"https:\/\/vieassociative.be\/actualites\/#\/schema\/person\/b87ac4f82f9d4e7b7cec7395b679edc4"},"headline":"Voici tout nouveau dans iOS 26.1","datePublished":"2025-09-25T01:18:07+00:00","dateModified":"2025-09-25T01:18:07+00:00","mainEntityOfPage":{"@id":"https:\/\/vieassociative.be\/actualites\/voici-tout-nouveau-dans-ios-26-1\/"},"wordCount":977,"publisher":{"@id":"https:\/\/vieassociative.be\/actualites\/#organization"},"image":{"@id":"https:\/\/vieassociative.be\/actualites\/voici-tout-nouveau-dans-ios-26-1\/#primaryimage"},"thumbnailUrl":"https:\/\/vieassociative.be\/actualites\/wp-content\/uploads\/2025\/09\/Voici-tout-nouveau-dans-iOS-261.jpg","keywords":["dans","iOS","nouveau","tout","Voici"],"articleSection":["Technologie"],"inLanguage":"fr-BE"},{"@type":"WebPage","@id":"https:\/\/vieassociative.be\/actualites\/voici-tout-nouveau-dans-ios-26-1\/","url":"https:\/\/vieassociative.be\/actualites\/voici-tout-nouveau-dans-ios-26-1\/","name":"Voici tout nouveau dans iOS 26.1 | Vie Associative","isPartOf":{"@id":"https:\/\/vieassociative.be\/actualites\/#website"},"primaryImageOfPage":{"@id":"https:\/\/vieassociative.be\/actualites\/voici-tout-nouveau-dans-ios-26-1\/#primaryimage"},"image":{"@id":"https:\/\/vieassociative.be\/actualites\/voici-tout-nouveau-dans-ios-26-1\/#primaryimage"},"thumbnailUrl":"https:\/\/vieassociative.be\/actualites\/wp-content\/uploads\/2025\/09\/Voici-tout-nouveau-dans-iOS-261.jpg","datePublished":"2025-09-25T01:18:07+00:00","dateModified":"2025-09-25T01:18:07+00:00","breadcrumb":{"@id":"https:\/\/vieassociative.be\/actualites\/voici-tout-nouveau-dans-ios-26-1\/#breadcrumb"},"inLanguage":"fr-BE","potentialAction":[{"@type":"ReadAction","target":["https:\/\/vieassociative.be\/actualites\/voici-tout-nouveau-dans-ios-26-1\/"]}]},{"@type":"ImageObject","inLanguage":"fr-BE","@id":"https:\/\/vieassociative.be\/actualites\/voici-tout-nouveau-dans-ios-26-1\/#primaryimage","url":"https:\/\/vieassociative.be\/actualites\/wp-content\/uploads\/2025\/09\/Voici-tout-nouveau-dans-iOS-261.jpg","contentUrl":"https:\/\/vieassociative.be\/actualites\/wp-content\/uploads\/2025\/09\/Voici-tout-nouveau-dans-iOS-261.jpg","width":1200,"height":675,"caption":"Voici tout nouveau dans iOS 26.1"},{"@type":"BreadcrumbList","@id":"https:\/\/vieassociative.be\/actualites\/voici-tout-nouveau-dans-ios-26-1\/#breadcrumb","itemListElement":[{"@type":"ListItem","position":1,"name":"Accueil","item":"https:\/\/vieassociative.be\/actualites\/"},{"@type":"ListItem","position":2,"name":"Voici tout nouveau dans iOS 26.1"}]},{"@type":"WebSite","@id":"https:\/\/vieassociative.be\/actualites\/#website","url":"https:\/\/vieassociative.be\/actualites\/","name":"Vie Associative","description":"","publisher":{"@id":"https:\/\/vieassociative.be\/actualites\/#organization"},"potentialAction":[{"@type":"SearchAction","target":{"@type":"EntryPoint","urlTemplate":"https:\/\/vieassociative.be\/actualites\/?s={search_term_string}"},"query-input":{"@type":"PropertyValueSpecification","valueRequired":true,"valueName":"search_term_string"}}],"inLanguage":"fr-BE"},{"@type":"Organization","@id":"https:\/\/vieassociative.be\/actualites\/#organization","name":"Vie Associative","url":"https:\/\/vieassociative.be\/actualites\/","logo":{"@type":"ImageObject","inLanguage":"fr-BE","@id":"https:\/\/vieassociative.be\/actualites\/#\/schema\/logo\/image\/","url":"https:\/\/vieassociative.be\/actualites\/wp-content\/uploads\/2024\/09\/cropped-vieassociative_favicon.ico.png","contentUrl":"https:\/\/vieassociative.be\/actualites\/wp-content\/uploads\/2024\/09\/cropped-vieassociative_favicon.ico.png","width":512,"height":512,"caption":"Vie Associative"},"image":{"@id":"https:\/\/vieassociative.be\/actualites\/#\/schema\/logo\/image\/"}},{"@type":"Person","@id":"https:\/\/vieassociative.be\/actualites\/#\/schema\/person\/b87ac4f82f9d4e7b7cec7395b679edc4","name":"Julien","image":{"@type":"ImageObject","inLanguage":"fr-BE","@id":"https:\/\/vieassociative.be\/actualites\/#\/schema\/person\/image\/","url":"https:\/\/vieassociative.be\/actualites\/wp-content\/uploads\/2024\/09\/vie-associative-1-150x150.jpg","contentUrl":"https:\/\/vieassociative.be\/actualites\/wp-content\/uploads\/2024\/09\/vie-associative-1-150x150.jpg","caption":"Julien"},"description":"Je suis Julien, r\u00e9dacteur pour Vie Associative. Passionn\u00e9 par le monde associatif depuis plus de 10 ans, j'ai \u00e0 c\u0153ur de partager des histoires inspirantes et de mettre en lumi\u00e8re les initiatives locales. Mon objectif est de sensibiliser et d'encourager l'engagement communautaire \u00e0 travers mes articles.","sameAs":["https:\/\/vieassociative.be\/"]}]}},"_links":{"self":[{"href":"https:\/\/vieassociative.be\/actualites\/wp-json\/wp\/v2\/posts\/10235"}],"collection":[{"href":"https:\/\/vieassociative.be\/actualites\/wp-json\/wp\/v2\/posts"}],"about":[{"href":"https:\/\/vieassociative.be\/actualites\/wp-json\/wp\/v2\/types\/post"}],"author":[{"embeddable":true,"href":"https:\/\/vieassociative.be\/actualites\/wp-json\/wp\/v2\/users\/1"}],"replies":[{"embeddable":true,"href":"https:\/\/vieassociative.be\/actualites\/wp-json\/wp\/v2\/comments?post=10235"}],"version-history":[{"count":0,"href":"https:\/\/vieassociative.be\/actualites\/wp-json\/wp\/v2\/posts\/10235\/revisions"}],"wp:featuredmedia":[{"embeddable":true,"href":"https:\/\/vieassociative.be\/actualites\/wp-json\/wp\/v2\/media\/10236"}],"wp:attachment":[{"href":"https:\/\/vieassociative.be\/actualites\/wp-json\/wp\/v2\/media?parent=10235"}],"wp:term":[{"taxonomy":"category","embeddable":true,"href":"https:\/\/vieassociative.be\/actualites\/wp-json\/wp\/v2\/categories?post=10235"},{"taxonomy":"post_tag","embeddable":true,"href":"https:\/\/vieassociative.be\/actualites\/wp-json\/wp\/v2\/tags?post=10235"}],"curies":[{"name":"wp","href":"https:\/\/api.w.org\/{rel}","templated":true}]}}