{"id":10233,"date":"2025-09-24T22:17:12","date_gmt":"2025-09-24T20:17:12","guid":{"rendered":"https:\/\/vieassociative.be\/actualites\/3-3-spectacle-sans-fin-heureuse-pour-as-eupen-malgre-le-pack-triple-de-van-genech-pas-de-victoire-a-lokerren\/"},"modified":"2025-09-24T22:17:12","modified_gmt":"2025-09-24T20:17:12","slug":"3-3-spectacle-sans-fin-heureuse-pour-as-eupen-malgre-le-pack-triple-de-van-genech-pas-de-victoire-a-lokerren","status":"publish","type":"post","link":"https:\/\/vieassociative.be\/actualites\/3-3-spectacle-sans-fin-heureuse-pour-as-eupen-malgre-le-pack-triple-de-van-genech-pas-de-victoire-a-lokerren\/","title":{"rendered":"3: 3 &#8211; Spectacle sans fin heureuse pour As Eupen &#8211; malgr\u00e9 le Pack Triple de Van Genech, pas de victoire \u00e0 Lokerren"},"content":{"rendered":"<p><strong>Lokeren ne reste pas un bon trottoir pour l&rsquo;AS Eupen: Malgr\u00e9 un triple pack par l&rsquo;arri\u00e8re droit Yentl Van Genecht, le noir et blanc dans le Dakramstadion n&rsquo;a pas d\u00e9pass\u00e9 un 3: 3. La d\u00e9fense AS n&rsquo;a pas fait une bonne figure pour les trois buts.<\/strong><\/p>\n<p><span id=\"more-425421\"><\/span>L&rsquo;entra\u00eeneur d&rsquo;Eupens, Bruno Pinheiro, a apport\u00e9 trois modifications aux onze de d\u00e9part par rapport au 0-0 contre Patro Eisden: Gavory, Busquets et Atterri ont pris les lieux de Kennedy, M\u00fcller et Prunier.<\/p>\n<p>Cela a abouti \u00e0 la formation initiale suivante pour l&rsquo;\u00e9quipe d&rsquo;Eupen, qui a jou\u00e9 dans la vinaigrette rouge: Hiller-Van Genecht, Paeshuyse, Plastun, Gavory-Busquets, Bar\u00e8s, M\u00f6hwald, Delaurier-Chaubet-Tteri, Nuhu.<\/p>\n<p>Du c\u00f4t\u00e9 local, la star de 37 ans Radja Nainggolan (30 casquettes pour la Belgique, anciennement UA comme Rome, Inter Milan et Royal Anvers), qui avait subi une blessure au pied dans la d\u00e9faite 0-1 dans le Derby de Waasland \u00e0 SK Beveren.<\/p>\n<div id=\"attachment_425452\" class=\"wp-caption alignleft\" style=\"max-width: 300px\"><img fetchpriority=\"high\" decoding=\"async\" class=\"wp-image-425452 size-medium\" src=\"https:\/\/vieassociative.be\/actualites\/wp-content\/uploads\/2025\/09\/3-3-Spectacle-sans-fin-heureuse-pour-As-Eupen.jpg\" alt=\"\" width=\"300\" height=\"200\"><\/div>\n<p>Sauvegarde pour les invit\u00e9s d&rsquo;Eupen, car apr\u00e8s seulement quelques minutes, Busquets a d\u00fb partir de bless\u00e9s. M\u00fcller est venu pour l&rsquo;Espagnol.<\/p>\n<p>Ce n&rsquo;est qu&rsquo;apr\u00e8s un quart d&rsquo;heure qu&rsquo;il y avait une sc\u00e8ne remarquable lorsque le capitaine d&rsquo;Eupen Paeshusyys est venu \u00e0 l&rsquo;en-t\u00eate apr\u00e8s un coup franc de Delaurier-Chaue, mais qui a d\u00e9pass\u00e9 l&rsquo;objectif des h\u00f4tes. Eupen a eu une premi\u00e8re grande chance \u00e0 la 23e minute quand Ateri est venu \u00e0 l&rsquo;en-t\u00eate dans un coin Kick Ateri. Heureusement pour Lokerren, le gardien de but Vervacke a pu parir le ballon.<\/p>\n<p>Apr\u00e8s une demi-heure, deux joueurs avec un carton jaune \u00e9taient d\u00e9j\u00e0 charg\u00e9s de Gavory et Bar\u00e8s.<\/p>\n<p>\u00c0 la 33e minute, ce n&rsquo;\u00e9tait pas Eupen, mais situ\u00e9 en t\u00eate: apr\u00e8s une attaque sur le c\u00f4t\u00e9 droit, le soumar\u00e9 As est venu \u00e0 l&rsquo;en-t\u00eate dans la surface de p\u00e9nalit\u00e9, qui a rapidement atterri dans le but, 1-0.<\/p>\n<p>Heureusement pour Eupen, les dommages ont pu \u00eatre r\u00e9par\u00e9s rapidement, car l&rsquo;\u00e9galisation a d\u00e9j\u00e0 \u00e9t\u00e9 effectu\u00e9e \u00e0 la 39e minute. Apr\u00e8s un long flanc de M\u00f6hwald dans le Localin, Van Gene \u00e9tait sur place pour couler le ballon dans le but de 1-1.<\/p>\n<p>Mais ce n&rsquo;\u00e9tait pas tout, car seulement une minute plus tard, il y avait une sc\u00e8ne similaire \u00e0 celle de l&rsquo;\u00e9galisation. Cette fois, le flanc est venu de Nuhu. Encore une fois, Van \u00e9tait sur place pour atteindre le 1: 2.<\/p>\n<div id=\"attachment_423464\" class=\"wp-caption alignleft\" style=\"max-width: 300px\"><img decoding=\"async\" class=\"wp-image-423464 size-medium\" src=\"https:\/\/vieassociative.be\/actualites\/wp-content\/uploads\/2025\/08\/1-0-Plus-tard-frappe-par-Nuhu-le-As-Eupen.jpg\" alt=\"\" width=\"300\" height=\"200\"><\/div>\n<p>M\u00eame la joie des fans d&rsquo;Eupen itin\u00e9rante n&rsquo;a pas pris longtemps, car peu de temps apr\u00e8s le 1: 2, il est tomb\u00e9 2-2 apr\u00e8s un coup de pied de coin. Comme pour l&rsquo;objectif du but 1-0, les d\u00e9fenseurs d&rsquo;Eupen n&rsquo;\u00e9taient que des spectateurs avec la t\u00eate de Janssen. Le fait que le joueur Lokeren entour\u00e9 d&rsquo;Eupeners ait peut-\u00eatre \u00e9t\u00e9 extr\u00eamement ennuy\u00e9 en tant qu&rsquo;entra\u00eeneur Pinheiro.<\/p>\n<p>Au moment suppl\u00e9mentaire de la premi\u00e8re mi-temps, le latte a emp\u00each\u00e9 l&rsquo;Eupener renouvel\u00e9 par M\u00fcller. Une premi\u00e8re moiti\u00e9, surtout \u00e0 la fin.<\/p>\n<p>L&rsquo;\u00e9quipe de Lokerren est venue en toute confiance de la cabine de pause. Eupen \u00e9tait particuli\u00e8rement n\u00e9cessaire apr\u00e8s les flancs de la r\u00e9gion de Hiller, comme les deux buts ont conc\u00e9d\u00e9 au premier tour.<\/p>\n<p>Les AS devraient maintenant acc\u00e9l\u00e9rer, car une \u00e9galit\u00e9 avec le troisi\u00e8me dernier n&rsquo;\u00e9tait pas suffisant.<\/p>\n<p>Double changement au AS \u00e0 la 64e minute: Kennedy et Mar\u00e9chal sont venus pour Gavory et M\u00f6hwald.<\/p>\n<p>\u00c0 la 70e minute, les g\u00e8nes de Van \u00e0 droite d&rsquo;Eupen se sont d\u00e9finitivement av\u00e9r\u00e9s \u00eatre un attaquant miracle, car il a \u00e9galement marqu\u00e9 l&rsquo;objectif \u00e0 2: 3 apr\u00e8s une attaque cadeau rapide.<\/p>\n<p>Lokerren a n\u00e9anmoins r\u00e9ussi \u00e0 \u00e9galiser 3: 3 \u00e0 la 76e minute. Encore une fois, un long flanc dans le Hiller de l&rsquo;As Eupen \u00e9tait condamn\u00e9. Cette fois, Lloci r\u00e9ussit dans un en-t\u00eate.<\/p>\n<p>Eupen voulait la victoire, mais Lokerren voulait aussi. En tant qu&rsquo;entra\u00eeneur, Pinheiro a apport\u00e9 Prunier, mais il est rest\u00e9 3: 3. Comme cela n&rsquo;a \u00e9t\u00e9 en mesure de remporter l&rsquo;un des sept derniers matchs de Lokerren.<\/p>\n<p>L&rsquo;\u00e9quipe d&rsquo;Eupen n&rsquo;est pas revenue \u00e0 Eupen apr\u00e8s avoir rencontr\u00e9 le Daknamstadion, mais s&rsquo;est pr\u00e9par\u00e9e pour le prochain match \u00e0 KV Kortrijk en Flandre. (Cre)<\/p>\n<p><em><strong>Sur le sujet, voir \u00e9galement l&rsquo;article suivant sur OD:<\/strong><\/em><\/p>\n<div class=\"responsive-embed widescreen\">\n<blockquote class=\"wp-embedded-content\" data-secret=\"aSLLjxA5jO\">\n<p>Le 5 mai 1974, le stade Daknam de Loker Eupens Rose Room<\/p>\n<\/blockquote>\n<p><iframe loading=\"lazy\" class=\"wp-embedded-content\" sandbox=\"allow-scripts\" security=\"restricted\" style=\"position: absolute; visibility: hidden;\" title=\"\u201eAm 5. Mai 1974 platzte im Daknamstadion von Lokeren Eupens Aufstiegstraum\u201c \u2014 Ostbelgien Direkt\" src=\"https:\/\/ostbelgiendirekt.be\/about:blank\" data-secret=\"aSLLjxA5jO\" width=\"500\" height=\"282\" frameborder=\"0\" marginwidth=\"0\" marginheight=\"0\" scrolling=\"no\" data-rocket-lazyload=\"fitvidscompatible\" data-lazy-src=\"https:\/\/ostbelgiendirekt.be\/lokeren-bisher-kein-gutes-pflaster-425347\/embed#?secret=pzSfBsHLSF#?secret=aSLLjxA5jO\"><\/iframe><noscript><iframe class=\"wp-embedded-content\" sandbox=\"allow-scripts\" security=\"restricted\" style=\"position: absolute; visibility: hidden;\" title=\"\u201eAm 5. Mai 1974 platzte im Daknamstadion von Lokeren Eupens Aufstiegstraum\u201c \u2014 Ostbelgien Direkt\" src=\"https:\/\/ostbelgiendirekt.be\/lokeren-bisher-kein-gutes-pflaster-425347\/embed#?secret=pzSfBsHLSF#?secret=aSLLjxA5jO\" data-secret=\"aSLLjxA5jO\" width=\"500\" height=\"282\" frameborder=\"0\" marginwidth=\"0\" marginheight=\"0\" scrolling=\"no\"><\/iframe><\/noscript><\/p>\n<\/div>\n","protected":false},"excerpt":{"rendered":"<p>Lokeren ne reste pas un bon trottoir pour l&rsquo;AS Eupen: Malgr\u00e9 un triple pack par l&rsquo;arri\u00e8re droit Yentl Van Genecht, le noir et blanc dans<\/p>\n","protected":false},"author":1,"featured_media":10234,"comment_status":"","ping_status":"","sticky":false,"template":"","format":"standard","meta":{"footnotes":""},"categories":[298],"tags":[2329,1908,8657,7354,5015,4205,7248,126,81,130,5101,6366,4100,784],"class_list":["post-10233","post","type-post","status-publish","format-standard","has-post-thumbnail","hentry","category-belgique","tag-eupen","tag-fin","tag-genech","tag-heureuse","tag-lokerren","tag-malgre","tag-pack","tag-pas","tag-pour","tag-sans","tag-spectacle","tag-triple","tag-van","tag-victoire","generate-columns","tablet-grid-50","mobile-grid-100","grid-parent","grid-33"],"yoast_head":"<!-- This site is optimized with the Yoast SEO plugin v24.0 - https:\/\/yoast.com\/wordpress\/plugins\/seo\/ -->\n<title>3: 3 - Spectacle sans fin heureuse pour As Eupen - malgr\u00e9 le Pack Triple de Van Genech, pas de victoire \u00e0 Lokerren | Vie Associative<\/title>\n<meta name=\"robots\" content=\"index, follow, max-snippet:-1, max-image-preview:large, max-video-preview:-1\" \/>\n<link rel=\"canonical\" href=\"https:\/\/vieassociative.be\/actualites\/3-3-spectacle-sans-fin-heureuse-pour-as-eupen-malgre-le-pack-triple-de-van-genech-pas-de-victoire-a-lokerren\/\" \/>\n<meta property=\"og:locale\" content=\"fr_FR\" \/>\n<meta property=\"og:type\" content=\"article\" \/>\n<meta property=\"og:title\" content=\"3: 3 - Spectacle sans fin heureuse pour As Eupen - malgr\u00e9 le Pack Triple de Van Genech, pas de victoire \u00e0 Lokerren | Vie Associative\" \/>\n<meta property=\"og:description\" content=\"Lokeren ne reste pas un bon trottoir pour l&rsquo;AS Eupen: Malgr\u00e9 un triple pack par l&rsquo;arri\u00e8re droit Yentl Van Genecht, le noir et blanc dans\" \/>\n<meta property=\"og:url\" content=\"https:\/\/vieassociative.be\/actualites\/3-3-spectacle-sans-fin-heureuse-pour-as-eupen-malgre-le-pack-triple-de-van-genech-pas-de-victoire-a-lokerren\/\" \/>\n<meta property=\"og:site_name\" content=\"Vie Associative\" \/>\n<meta property=\"article:published_time\" content=\"2025-09-24T20:17:12+00:00\" \/>\n<meta property=\"og:image\" content=\"https:\/\/vieassociative.be\/actualites\/wp-content\/uploads\/2024\/09\/header_backgroundk-01-e1726694325946.png\" \/>\n\t<meta property=\"og:image:width\" content=\"279\" \/>\n\t<meta property=\"og:image:height\" content=\"92\" \/>\n\t<meta property=\"og:image:type\" content=\"image\/png\" \/>\n<meta name=\"author\" content=\"Julien\" \/>\n<meta name=\"twitter:card\" content=\"summary_large_image\" \/>\n<meta name=\"twitter:label1\" content=\"\u00c9crit par\" \/>\n\t<meta name=\"twitter:data1\" content=\"Julien\" \/>\n\t<meta name=\"twitter:label2\" content=\"Dur\u00e9e de lecture est.\" \/>\n\t<meta name=\"twitter:data2\" content=\"4 minutes\" \/>\n<script type=\"application\/ld+json\" class=\"yoast-schema-graph\">{\"@context\":\"https:\/\/schema.org\",\"@graph\":[{\"@type\":\"Article\",\"@id\":\"https:\/\/vieassociative.be\/actualites\/3-3-spectacle-sans-fin-heureuse-pour-as-eupen-malgre-le-pack-triple-de-van-genech-pas-de-victoire-a-lokerren\/#article\",\"isPartOf\":{\"@id\":\"https:\/\/vieassociative.be\/actualites\/3-3-spectacle-sans-fin-heureuse-pour-as-eupen-malgre-le-pack-triple-de-van-genech-pas-de-victoire-a-lokerren\/\"},\"author\":{\"name\":\"Julien\",\"@id\":\"https:\/\/vieassociative.be\/actualites\/#\/schema\/person\/b87ac4f82f9d4e7b7cec7395b679edc4\"},\"headline\":\"3: 3 &#8211; Spectacle sans fin heureuse pour As Eupen &#8211; malgr\u00e9 le Pack Triple de Van Genech, pas de victoire \u00e0 Lokerren\",\"datePublished\":\"2025-09-24T20:17:12+00:00\",\"dateModified\":\"2025-09-24T20:17:12+00:00\",\"mainEntityOfPage\":{\"@id\":\"https:\/\/vieassociative.be\/actualites\/3-3-spectacle-sans-fin-heureuse-pour-as-eupen-malgre-le-pack-triple-de-van-genech-pas-de-victoire-a-lokerren\/\"},\"wordCount\":783,\"publisher\":{\"@id\":\"https:\/\/vieassociative.be\/actualites\/#organization\"},\"image\":{\"@id\":\"https:\/\/vieassociative.be\/actualites\/3-3-spectacle-sans-fin-heureuse-pour-as-eupen-malgre-le-pack-triple-de-van-genech-pas-de-victoire-a-lokerren\/#primaryimage\"},\"thumbnailUrl\":\"https:\/\/vieassociative.be\/actualites\/wp-content\/uploads\/2025\/09\/1758745032_3-3-Spectacle-sans-fin-heureuse-pour-As-Eupen.jpg\",\"keywords\":[\"Eupen\",\"fin\",\"Genech\",\"heureuse\",\"Lokerren\",\"malgr\u00e9\",\"pack\",\"pas\",\"pour\",\"sans\",\"Spectacle\",\"Triple\",\"Van\",\"victoire\"],\"articleSection\":[\"Belgique\"],\"inLanguage\":\"fr-BE\"},{\"@type\":\"WebPage\",\"@id\":\"https:\/\/vieassociative.be\/actualites\/3-3-spectacle-sans-fin-heureuse-pour-as-eupen-malgre-le-pack-triple-de-van-genech-pas-de-victoire-a-lokerren\/\",\"url\":\"https:\/\/vieassociative.be\/actualites\/3-3-spectacle-sans-fin-heureuse-pour-as-eupen-malgre-le-pack-triple-de-van-genech-pas-de-victoire-a-lokerren\/\",\"name\":\"3: 3 - Spectacle sans fin heureuse pour As Eupen - malgr\u00e9 le Pack Triple de Van Genech, pas de victoire \u00e0 Lokerren | Vie Associative\",\"isPartOf\":{\"@id\":\"https:\/\/vieassociative.be\/actualites\/#website\"},\"primaryImageOfPage\":{\"@id\":\"https:\/\/vieassociative.be\/actualites\/3-3-spectacle-sans-fin-heureuse-pour-as-eupen-malgre-le-pack-triple-de-van-genech-pas-de-victoire-a-lokerren\/#primaryimage\"},\"image\":{\"@id\":\"https:\/\/vieassociative.be\/actualites\/3-3-spectacle-sans-fin-heureuse-pour-as-eupen-malgre-le-pack-triple-de-van-genech-pas-de-victoire-a-lokerren\/#primaryimage\"},\"thumbnailUrl\":\"https:\/\/vieassociative.be\/actualites\/wp-content\/uploads\/2025\/09\/1758745032_3-3-Spectacle-sans-fin-heureuse-pour-As-Eupen.jpg\",\"datePublished\":\"2025-09-24T20:17:12+00:00\",\"dateModified\":\"2025-09-24T20:17:12+00:00\",\"breadcrumb\":{\"@id\":\"https:\/\/vieassociative.be\/actualites\/3-3-spectacle-sans-fin-heureuse-pour-as-eupen-malgre-le-pack-triple-de-van-genech-pas-de-victoire-a-lokerren\/#breadcrumb\"},\"inLanguage\":\"fr-BE\",\"potentialAction\":[{\"@type\":\"ReadAction\",\"target\":[\"https:\/\/vieassociative.be\/actualites\/3-3-spectacle-sans-fin-heureuse-pour-as-eupen-malgre-le-pack-triple-de-van-genech-pas-de-victoire-a-lokerren\/\"]}]},{\"@type\":\"ImageObject\",\"inLanguage\":\"fr-BE\",\"@id\":\"https:\/\/vieassociative.be\/actualites\/3-3-spectacle-sans-fin-heureuse-pour-as-eupen-malgre-le-pack-triple-de-van-genech-pas-de-victoire-a-lokerren\/#primaryimage\",\"url\":\"https:\/\/vieassociative.be\/actualites\/wp-content\/uploads\/2025\/09\/1758745032_3-3-Spectacle-sans-fin-heureuse-pour-As-Eupen.jpg\",\"contentUrl\":\"https:\/\/vieassociative.be\/actualites\/wp-content\/uploads\/2025\/09\/1758745032_3-3-Spectacle-sans-fin-heureuse-pour-As-Eupen.jpg\",\"width\":1200,\"height\":800,\"caption\":\"3: 3 - Spectacle sans fin heureuse pour As Eupen - malgr\u00e9 le Pack Triple de Van Genech, pas de victoire \u00e0 Lokerren\"},{\"@type\":\"BreadcrumbList\",\"@id\":\"https:\/\/vieassociative.be\/actualites\/3-3-spectacle-sans-fin-heureuse-pour-as-eupen-malgre-le-pack-triple-de-van-genech-pas-de-victoire-a-lokerren\/#breadcrumb\",\"itemListElement\":[{\"@type\":\"ListItem\",\"position\":1,\"name\":\"Accueil\",\"item\":\"https:\/\/vieassociative.be\/actualites\/\"},{\"@type\":\"ListItem\",\"position\":2,\"name\":\"3: 3 &#8211; Spectacle sans fin heureuse pour As Eupen &#8211; malgr\u00e9 le Pack Triple de Van Genech, pas de victoire \u00e0 Lokerren\"}]},{\"@type\":\"WebSite\",\"@id\":\"https:\/\/vieassociative.be\/actualites\/#website\",\"url\":\"https:\/\/vieassociative.be\/actualites\/\",\"name\":\"Vie Associative\",\"description\":\"\",\"publisher\":{\"@id\":\"https:\/\/vieassociative.be\/actualites\/#organization\"},\"potentialAction\":[{\"@type\":\"SearchAction\",\"target\":{\"@type\":\"EntryPoint\",\"urlTemplate\":\"https:\/\/vieassociative.be\/actualites\/?s={search_term_string}\"},\"query-input\":{\"@type\":\"PropertyValueSpecification\",\"valueRequired\":true,\"valueName\":\"search_term_string\"}}],\"inLanguage\":\"fr-BE\"},{\"@type\":\"Organization\",\"@id\":\"https:\/\/vieassociative.be\/actualites\/#organization\",\"name\":\"Vie Associative\",\"url\":\"https:\/\/vieassociative.be\/actualites\/\",\"logo\":{\"@type\":\"ImageObject\",\"inLanguage\":\"fr-BE\",\"@id\":\"https:\/\/vieassociative.be\/actualites\/#\/schema\/logo\/image\/\",\"url\":\"https:\/\/vieassociative.be\/actualites\/wp-content\/uploads\/2024\/09\/cropped-vieassociative_favicon.ico.png\",\"contentUrl\":\"https:\/\/vieassociative.be\/actualites\/wp-content\/uploads\/2024\/09\/cropped-vieassociative_favicon.ico.png\",\"width\":512,\"height\":512,\"caption\":\"Vie Associative\"},\"image\":{\"@id\":\"https:\/\/vieassociative.be\/actualites\/#\/schema\/logo\/image\/\"}},{\"@type\":\"Person\",\"@id\":\"https:\/\/vieassociative.be\/actualites\/#\/schema\/person\/b87ac4f82f9d4e7b7cec7395b679edc4\",\"name\":\"Julien\",\"image\":{\"@type\":\"ImageObject\",\"inLanguage\":\"fr-BE\",\"@id\":\"https:\/\/vieassociative.be\/actualites\/#\/schema\/person\/image\/\",\"url\":\"https:\/\/vieassociative.be\/actualites\/wp-content\/uploads\/2024\/09\/vie-associative-1-150x150.jpg\",\"contentUrl\":\"https:\/\/vieassociative.be\/actualites\/wp-content\/uploads\/2024\/09\/vie-associative-1-150x150.jpg\",\"caption\":\"Julien\"},\"description\":\"Je suis Julien, r\u00e9dacteur pour Vie Associative. Passionn\u00e9 par le monde associatif depuis plus de 10 ans, j'ai \u00e0 c\u0153ur de partager des histoires inspirantes et de mettre en lumi\u00e8re les initiatives locales. Mon objectif est de sensibiliser et d'encourager l'engagement communautaire \u00e0 travers mes articles.\",\"sameAs\":[\"https:\/\/vieassociative.be\/\"]}]}<\/script>\n<!-- \/ Yoast SEO plugin. -->","yoast_head_json":{"title":"3: 3 - Spectacle sans fin heureuse pour As Eupen - malgr\u00e9 le Pack Triple de Van Genech, pas de victoire \u00e0 Lokerren | Vie Associative","robots":{"index":"index","follow":"follow","max-snippet":"max-snippet:-1","max-image-preview":"max-image-preview:large","max-video-preview":"max-video-preview:-1"},"canonical":"https:\/\/vieassociative.be\/actualites\/3-3-spectacle-sans-fin-heureuse-pour-as-eupen-malgre-le-pack-triple-de-van-genech-pas-de-victoire-a-lokerren\/","og_locale":"fr_FR","og_type":"article","og_title":"3: 3 - Spectacle sans fin heureuse pour As Eupen - malgr\u00e9 le Pack Triple de Van Genech, pas de victoire \u00e0 Lokerren | Vie Associative","og_description":"Lokeren ne reste pas un bon trottoir pour l&rsquo;AS Eupen: Malgr\u00e9 un triple pack par l&rsquo;arri\u00e8re droit Yentl Van Genecht, le noir et blanc dans","og_url":"https:\/\/vieassociative.be\/actualites\/3-3-spectacle-sans-fin-heureuse-pour-as-eupen-malgre-le-pack-triple-de-van-genech-pas-de-victoire-a-lokerren\/","og_site_name":"Vie Associative","article_published_time":"2025-09-24T20:17:12+00:00","og_image":[{"width":279,"height":92,"url":"https:\/\/vieassociative.be\/actualites\/wp-content\/uploads\/2024\/09\/header_backgroundk-01-e1726694325946.png","type":"image\/png"}],"author":"Julien","twitter_card":"summary_large_image","twitter_misc":{"\u00c9crit par":"Julien","Dur\u00e9e de lecture est.":"4 minutes"},"schema":{"@context":"https:\/\/schema.org","@graph":[{"@type":"Article","@id":"https:\/\/vieassociative.be\/actualites\/3-3-spectacle-sans-fin-heureuse-pour-as-eupen-malgre-le-pack-triple-de-van-genech-pas-de-victoire-a-lokerren\/#article","isPartOf":{"@id":"https:\/\/vieassociative.be\/actualites\/3-3-spectacle-sans-fin-heureuse-pour-as-eupen-malgre-le-pack-triple-de-van-genech-pas-de-victoire-a-lokerren\/"},"author":{"name":"Julien","@id":"https:\/\/vieassociative.be\/actualites\/#\/schema\/person\/b87ac4f82f9d4e7b7cec7395b679edc4"},"headline":"3: 3 &#8211; Spectacle sans fin heureuse pour As Eupen &#8211; malgr\u00e9 le Pack Triple de Van Genech, pas de victoire \u00e0 Lokerren","datePublished":"2025-09-24T20:17:12+00:00","dateModified":"2025-09-24T20:17:12+00:00","mainEntityOfPage":{"@id":"https:\/\/vieassociative.be\/actualites\/3-3-spectacle-sans-fin-heureuse-pour-as-eupen-malgre-le-pack-triple-de-van-genech-pas-de-victoire-a-lokerren\/"},"wordCount":783,"publisher":{"@id":"https:\/\/vieassociative.be\/actualites\/#organization"},"image":{"@id":"https:\/\/vieassociative.be\/actualites\/3-3-spectacle-sans-fin-heureuse-pour-as-eupen-malgre-le-pack-triple-de-van-genech-pas-de-victoire-a-lokerren\/#primaryimage"},"thumbnailUrl":"https:\/\/vieassociative.be\/actualites\/wp-content\/uploads\/2025\/09\/1758745032_3-3-Spectacle-sans-fin-heureuse-pour-As-Eupen.jpg","keywords":["Eupen","fin","Genech","heureuse","Lokerren","malgr\u00e9","pack","pas","pour","sans","Spectacle","Triple","Van","victoire"],"articleSection":["Belgique"],"inLanguage":"fr-BE"},{"@type":"WebPage","@id":"https:\/\/vieassociative.be\/actualites\/3-3-spectacle-sans-fin-heureuse-pour-as-eupen-malgre-le-pack-triple-de-van-genech-pas-de-victoire-a-lokerren\/","url":"https:\/\/vieassociative.be\/actualites\/3-3-spectacle-sans-fin-heureuse-pour-as-eupen-malgre-le-pack-triple-de-van-genech-pas-de-victoire-a-lokerren\/","name":"3: 3 - Spectacle sans fin heureuse pour As Eupen - malgr\u00e9 le Pack Triple de Van Genech, pas de victoire \u00e0 Lokerren | Vie Associative","isPartOf":{"@id":"https:\/\/vieassociative.be\/actualites\/#website"},"primaryImageOfPage":{"@id":"https:\/\/vieassociative.be\/actualites\/3-3-spectacle-sans-fin-heureuse-pour-as-eupen-malgre-le-pack-triple-de-van-genech-pas-de-victoire-a-lokerren\/#primaryimage"},"image":{"@id":"https:\/\/vieassociative.be\/actualites\/3-3-spectacle-sans-fin-heureuse-pour-as-eupen-malgre-le-pack-triple-de-van-genech-pas-de-victoire-a-lokerren\/#primaryimage"},"thumbnailUrl":"https:\/\/vieassociative.be\/actualites\/wp-content\/uploads\/2025\/09\/1758745032_3-3-Spectacle-sans-fin-heureuse-pour-As-Eupen.jpg","datePublished":"2025-09-24T20:17:12+00:00","dateModified":"2025-09-24T20:17:12+00:00","breadcrumb":{"@id":"https:\/\/vieassociative.be\/actualites\/3-3-spectacle-sans-fin-heureuse-pour-as-eupen-malgre-le-pack-triple-de-van-genech-pas-de-victoire-a-lokerren\/#breadcrumb"},"inLanguage":"fr-BE","potentialAction":[{"@type":"ReadAction","target":["https:\/\/vieassociative.be\/actualites\/3-3-spectacle-sans-fin-heureuse-pour-as-eupen-malgre-le-pack-triple-de-van-genech-pas-de-victoire-a-lokerren\/"]}]},{"@type":"ImageObject","inLanguage":"fr-BE","@id":"https:\/\/vieassociative.be\/actualites\/3-3-spectacle-sans-fin-heureuse-pour-as-eupen-malgre-le-pack-triple-de-van-genech-pas-de-victoire-a-lokerren\/#primaryimage","url":"https:\/\/vieassociative.be\/actualites\/wp-content\/uploads\/2025\/09\/1758745032_3-3-Spectacle-sans-fin-heureuse-pour-As-Eupen.jpg","contentUrl":"https:\/\/vieassociative.be\/actualites\/wp-content\/uploads\/2025\/09\/1758745032_3-3-Spectacle-sans-fin-heureuse-pour-As-Eupen.jpg","width":1200,"height":800,"caption":"3: 3 - Spectacle sans fin heureuse pour As Eupen - malgr\u00e9 le Pack Triple de Van Genech, pas de victoire \u00e0 Lokerren"},{"@type":"BreadcrumbList","@id":"https:\/\/vieassociative.be\/actualites\/3-3-spectacle-sans-fin-heureuse-pour-as-eupen-malgre-le-pack-triple-de-van-genech-pas-de-victoire-a-lokerren\/#breadcrumb","itemListElement":[{"@type":"ListItem","position":1,"name":"Accueil","item":"https:\/\/vieassociative.be\/actualites\/"},{"@type":"ListItem","position":2,"name":"3: 3 &#8211; Spectacle sans fin heureuse pour As Eupen &#8211; malgr\u00e9 le Pack Triple de Van Genech, pas de victoire \u00e0 Lokerren"}]},{"@type":"WebSite","@id":"https:\/\/vieassociative.be\/actualites\/#website","url":"https:\/\/vieassociative.be\/actualites\/","name":"Vie Associative","description":"","publisher":{"@id":"https:\/\/vieassociative.be\/actualites\/#organization"},"potentialAction":[{"@type":"SearchAction","target":{"@type":"EntryPoint","urlTemplate":"https:\/\/vieassociative.be\/actualites\/?s={search_term_string}"},"query-input":{"@type":"PropertyValueSpecification","valueRequired":true,"valueName":"search_term_string"}}],"inLanguage":"fr-BE"},{"@type":"Organization","@id":"https:\/\/vieassociative.be\/actualites\/#organization","name":"Vie Associative","url":"https:\/\/vieassociative.be\/actualites\/","logo":{"@type":"ImageObject","inLanguage":"fr-BE","@id":"https:\/\/vieassociative.be\/actualites\/#\/schema\/logo\/image\/","url":"https:\/\/vieassociative.be\/actualites\/wp-content\/uploads\/2024\/09\/cropped-vieassociative_favicon.ico.png","contentUrl":"https:\/\/vieassociative.be\/actualites\/wp-content\/uploads\/2024\/09\/cropped-vieassociative_favicon.ico.png","width":512,"height":512,"caption":"Vie Associative"},"image":{"@id":"https:\/\/vieassociative.be\/actualites\/#\/schema\/logo\/image\/"}},{"@type":"Person","@id":"https:\/\/vieassociative.be\/actualites\/#\/schema\/person\/b87ac4f82f9d4e7b7cec7395b679edc4","name":"Julien","image":{"@type":"ImageObject","inLanguage":"fr-BE","@id":"https:\/\/vieassociative.be\/actualites\/#\/schema\/person\/image\/","url":"https:\/\/vieassociative.be\/actualites\/wp-content\/uploads\/2024\/09\/vie-associative-1-150x150.jpg","contentUrl":"https:\/\/vieassociative.be\/actualites\/wp-content\/uploads\/2024\/09\/vie-associative-1-150x150.jpg","caption":"Julien"},"description":"Je suis Julien, r\u00e9dacteur pour Vie Associative. Passionn\u00e9 par le monde associatif depuis plus de 10 ans, j'ai \u00e0 c\u0153ur de partager des histoires inspirantes et de mettre en lumi\u00e8re les initiatives locales. Mon objectif est de sensibiliser et d'encourager l'engagement communautaire \u00e0 travers mes articles.","sameAs":["https:\/\/vieassociative.be\/"]}]}},"_links":{"self":[{"href":"https:\/\/vieassociative.be\/actualites\/wp-json\/wp\/v2\/posts\/10233"}],"collection":[{"href":"https:\/\/vieassociative.be\/actualites\/wp-json\/wp\/v2\/posts"}],"about":[{"href":"https:\/\/vieassociative.be\/actualites\/wp-json\/wp\/v2\/types\/post"}],"author":[{"embeddable":true,"href":"https:\/\/vieassociative.be\/actualites\/wp-json\/wp\/v2\/users\/1"}],"replies":[{"embeddable":true,"href":"https:\/\/vieassociative.be\/actualites\/wp-json\/wp\/v2\/comments?post=10233"}],"version-history":[{"count":0,"href":"https:\/\/vieassociative.be\/actualites\/wp-json\/wp\/v2\/posts\/10233\/revisions"}],"wp:featuredmedia":[{"embeddable":true,"href":"https:\/\/vieassociative.be\/actualites\/wp-json\/wp\/v2\/media\/10234"}],"wp:attachment":[{"href":"https:\/\/vieassociative.be\/actualites\/wp-json\/wp\/v2\/media?parent=10233"}],"wp:term":[{"taxonomy":"category","embeddable":true,"href":"https:\/\/vieassociative.be\/actualites\/wp-json\/wp\/v2\/categories?post=10233"},{"taxonomy":"post_tag","embeddable":true,"href":"https:\/\/vieassociative.be\/actualites\/wp-json\/wp\/v2\/tags?post=10233"}],"curies":[{"name":"wp","href":"https:\/\/api.w.org\/{rel}","templated":true}]}}