{"id":10231,"date":"2025-09-24T21:17:39","date_gmt":"2025-09-24T19:17:39","guid":{"rendered":"https:\/\/vieassociative.be\/actualites\/tout-ce-que-nous-savons-de-la-vente-techtober-de-best-buy-jusqua-present\/"},"modified":"2025-09-24T21:17:39","modified_gmt":"2025-09-24T19:17:39","slug":"tout-ce-que-nous-savons-de-la-vente-techtober-de-best-buy-jusqua-present","status":"publish","type":"post","link":"https:\/\/vieassociative.be\/actualites\/tout-ce-que-nous-savons-de-la-vente-techtober-de-best-buy-jusqua-present\/","title":{"rendered":"Tout ce que nous savons de la vente \u00ab\u00a0 Techtober \u00a0\u00bb de Best Buy jusqu&rsquo;\u00e0 pr\u00e9sent"},"content":{"rendered":"<div class=\"mt-4 leading-6 md:mb-8\">Best Buy rejoint Walmart et Target pour rivaliser avec la vente de prime Big Days d&rsquo;Amazon.<\/div>\n<p><\/p>\n<p><em>Saviez-vous que vous pouvez personnaliser Google pour filtrer les ordures? Prendre ces \u00e9tapes<\/em><em> Pour de meilleurs r\u00e9sultats de recherche, notamment en ajoutant mon travail chez Vie Associative comme source pr\u00e9f\u00e9r\u00e9e<\/em><em>.<\/em><\/p>\n<hr>\n<p>Best Buy a rejoint la bataille contre la Prime Big Deals d&rsquo;Amazon, la version automne de Prime Day. Il y aura en fait deux ventes menant \u00e0 la principale vente Techtober de Best Buy, j&rsquo;ai donc rassembl\u00e9 toutes les informations ci-dessous pour vous aider \u00e0 garder les choses droites.<\/p>\n<h2 id=\"all-of-best-buys-october-sales\">Tous les ventes d&rsquo;octobre de Best Buy<\/h2>\n<p>La vente d&rsquo;automne de Best Buy est en fait trois ventes distinctes du 27 septembre au 12 octobre. Voici les dates de chaque vente et ce que vous pouvez attendre de chacun:<\/p>\n<ul>\n<li>\n<p><strong>27 septembre au 28 septembre<\/strong>: Une vente flash de 48 heures. <\/p>\n<\/li>\n<li>\n<p><strong>28 septembre au 5 octobre<\/strong>: \u00c9v\u00e9nement des jours de transaction des membres. Vous devrez \u00eatre un meilleur buy plus ou mon meilleur membre total, qui commence \u00e0 49,99 $ par an.<\/p>\n<\/li>\n<li>\n<p><strong>6 octobre au 12 octobre<\/strong>: Vente Techtober de Best Buy. Ce sera l&rsquo;\u00e9quivalent de Best Buy aux Prime Big Days d&rsquo;Amazon, du 7 octobre au 8 octobre.<\/p>\n<\/li>\n<\/ul>\n<h2 id=\"do-you-need-to-be-a-member-to-shop-for-best-buys-fall-sale\">Avez-vous besoin d&rsquo;\u00eatre membre pour acheter la vente d&rsquo;automne de Best Buy?<\/h2>\n<p>Seul le deuxi\u00e8me \u00e9v\u00e9nement du 28 septembre au 5 octobre sera exclusif pour les membres payants. Les autres sont pour tout le monde, mais les membres peuvent obtenir de meilleures \u00e9conomies tout au long des ventes. Gardez \u00e0 l&rsquo;esprit qu&rsquo;il est gratuit de s&rsquo;inscrire \u00e0 un abonnement My Best Buy, qui vous donnera la livraison gratuite. Si vous rejoignez l&rsquo;un de ses abonnements payants (mon meilleur achat plus pour 49,99 $ par an ou mon total d&rsquo;achat pour 179,99 $ par an), vous obtiendrez une livraison gratuite plus rapide, des prix et des offres exclusifs, une fen\u00eatre de retour prolong\u00e9e de 60 jours sur la plupart des produits et un acc\u00e8s \u00e0 certaines ventes. Les membres r\u00e9mun\u00e9r\u00e9s gagneront \u00e9galement des r\u00e9compenses suppl\u00e9mentaires \u00e0 la fois de la vente actuelle et de la prochaine vente du Black Friday de juillet.<\/p>\n<h2 id=\"what-deals-can-i-expect-during-techtober-sale\">Quelles offres puis-je m&rsquo;attendre lors de la vente Techtober?<\/h2>\n<p>Il n&rsquo;y a pas encore de liste officielle d&rsquo;offres de Best Buy, mais dans un e-mail, la soci\u00e9t\u00e9 a d\u00e9clar\u00e9 que les acheteurs pouvaient s&rsquo;attendre \u00e0 des offres sur des technologies telles que des ordinateurs portables, des t\u00e9l\u00e9viseurs, des \u00e9couteurs, des jeux vid\u00e9o, des v\u00e9los \u00e9lectriques, \u00ab\u00a0et plus\u00a0\u00bb. Le d\u00e9taillant d\u00e9butera chaque jour de nouvelles offres dans les magasins, sur son site Web et dans l&rsquo;application mobile Best Buy.<\/p>\n<h2 id=\"what-other-retailers-are-competing-with-amazons-october-prime-day\">Quels autres d\u00e9taillants sont en concurrence avec la premi\u00e8re journ\u00e9e d&rsquo;octobre d&rsquo;Amazon?<\/h2>\n<p>Apr\u00e8s l&rsquo;annonce des Prime Big Days d&rsquo;Amazon, Target et Walmart ont annonc\u00e9 le leur. Target a la semaine du cercle, qui se d\u00e9roulera du 5 octobre au 11 octobre, et Walmart aura des offres de Walmart du 7 octobre au 12 octobre.<\/p>\n","protected":false},"excerpt":{"rendered":"<p>Best Buy rejoint Walmart et Target pour rivaliser avec la vente de prime Big Days d&rsquo;Amazon. Saviez-vous que vous pouvez personnaliser Google pour filtrer les<\/p>\n","protected":false},"author":1,"featured_media":10232,"comment_status":"","ping_status":"","sticky":false,"template":"","format":"standard","meta":{"footnotes":""},"categories":[41],"tags":[1256,1269,393,3394,4320,8656,236,223],"class_list":["post-10231","post","type-post","status-publish","format-standard","has-post-thumbnail","hentry","category-argent","tag-buy","tag-jusqua","tag-nous","tag-present","tag-savons","tag-techtober","tag-tout","tag-vente","generate-columns","tablet-grid-50","mobile-grid-100","grid-parent","grid-33"],"yoast_head":"<!-- This site is optimized with the Yoast SEO plugin v24.0 - https:\/\/yoast.com\/wordpress\/plugins\/seo\/ -->\n<title>Tout ce que nous savons de la vente `` Techtober &#039;&#039; de Best Buy jusqu&#039;\u00e0 pr\u00e9sent | Vie Associative<\/title>\n<meta name=\"robots\" content=\"index, follow, max-snippet:-1, max-image-preview:large, max-video-preview:-1\" \/>\n<link rel=\"canonical\" href=\"https:\/\/vieassociative.be\/actualites\/tout-ce-que-nous-savons-de-la-vente-techtober-de-best-buy-jusqua-present\/\" \/>\n<meta property=\"og:locale\" content=\"fr_FR\" \/>\n<meta property=\"og:type\" content=\"article\" \/>\n<meta property=\"og:title\" content=\"Tout ce que nous savons de la vente `` Techtober &#039;&#039; de Best Buy jusqu&#039;\u00e0 pr\u00e9sent | Vie Associative\" \/>\n<meta property=\"og:description\" content=\"Best Buy rejoint Walmart et Target pour rivaliser avec la vente de prime Big Days d&rsquo;Amazon. Saviez-vous que vous pouvez personnaliser Google pour filtrer les\" \/>\n<meta property=\"og:url\" content=\"https:\/\/vieassociative.be\/actualites\/tout-ce-que-nous-savons-de-la-vente-techtober-de-best-buy-jusqua-present\/\" \/>\n<meta property=\"og:site_name\" content=\"Vie Associative\" \/>\n<meta property=\"article:published_time\" content=\"2025-09-24T19:17:39+00:00\" \/>\n<meta property=\"og:image\" content=\"https:\/\/vieassociative.be\/actualites\/wp-content\/uploads\/2024\/09\/header_backgroundk-01-e1726694325946.png\" \/>\n\t<meta property=\"og:image:width\" content=\"279\" \/>\n\t<meta property=\"og:image:height\" content=\"92\" \/>\n\t<meta property=\"og:image:type\" content=\"image\/png\" \/>\n<meta name=\"author\" content=\"Julien\" \/>\n<meta name=\"twitter:card\" content=\"summary_large_image\" \/>\n<meta name=\"twitter:label1\" content=\"\u00c9crit par\" \/>\n\t<meta name=\"twitter:data1\" content=\"Julien\" \/>\n\t<meta name=\"twitter:label2\" content=\"Dur\u00e9e de lecture est.\" \/>\n\t<meta name=\"twitter:data2\" content=\"2 minutes\" \/>\n<script type=\"application\/ld+json\" class=\"yoast-schema-graph\">{\"@context\":\"https:\/\/schema.org\",\"@graph\":[{\"@type\":\"Article\",\"@id\":\"https:\/\/vieassociative.be\/actualites\/tout-ce-que-nous-savons-de-la-vente-techtober-de-best-buy-jusqua-present\/#article\",\"isPartOf\":{\"@id\":\"https:\/\/vieassociative.be\/actualites\/tout-ce-que-nous-savons-de-la-vente-techtober-de-best-buy-jusqua-present\/\"},\"author\":{\"name\":\"Julien\",\"@id\":\"https:\/\/vieassociative.be\/actualites\/#\/schema\/person\/b87ac4f82f9d4e7b7cec7395b679edc4\"},\"headline\":\"Tout ce que nous savons de la vente \u00ab\u00a0 Techtober \u00a0\u00bb de Best Buy jusqu&rsquo;\u00e0 pr\u00e9sent\",\"datePublished\":\"2025-09-24T19:17:39+00:00\",\"dateModified\":\"2025-09-24T19:17:39+00:00\",\"mainEntityOfPage\":{\"@id\":\"https:\/\/vieassociative.be\/actualites\/tout-ce-que-nous-savons-de-la-vente-techtober-de-best-buy-jusqua-present\/\"},\"wordCount\":520,\"publisher\":{\"@id\":\"https:\/\/vieassociative.be\/actualites\/#organization\"},\"image\":{\"@id\":\"https:\/\/vieassociative.be\/actualites\/tout-ce-que-nous-savons-de-la-vente-techtober-de-best-buy-jusqua-present\/#primaryimage\"},\"thumbnailUrl\":\"https:\/\/vieassociative.be\/actualites\/wp-content\/uploads\/2025\/09\/Tout-ce-que-nous-savons-de-la-vente-Techtober.png\",\"keywords\":[\"Buy\",\"jusqu\u00e0\",\"nous\",\"pr\u00e9sent\",\"savons\",\"Techtober\",\"tout\",\"vente\"],\"articleSection\":[\"Argent\"],\"inLanguage\":\"fr-BE\"},{\"@type\":\"WebPage\",\"@id\":\"https:\/\/vieassociative.be\/actualites\/tout-ce-que-nous-savons-de-la-vente-techtober-de-best-buy-jusqua-present\/\",\"url\":\"https:\/\/vieassociative.be\/actualites\/tout-ce-que-nous-savons-de-la-vente-techtober-de-best-buy-jusqua-present\/\",\"name\":\"Tout ce que nous savons de la vente `` Techtober '' de Best Buy jusqu'\u00e0 pr\u00e9sent | Vie Associative\",\"isPartOf\":{\"@id\":\"https:\/\/vieassociative.be\/actualites\/#website\"},\"primaryImageOfPage\":{\"@id\":\"https:\/\/vieassociative.be\/actualites\/tout-ce-que-nous-savons-de-la-vente-techtober-de-best-buy-jusqua-present\/#primaryimage\"},\"image\":{\"@id\":\"https:\/\/vieassociative.be\/actualites\/tout-ce-que-nous-savons-de-la-vente-techtober-de-best-buy-jusqua-present\/#primaryimage\"},\"thumbnailUrl\":\"https:\/\/vieassociative.be\/actualites\/wp-content\/uploads\/2025\/09\/Tout-ce-que-nous-savons-de-la-vente-Techtober.png\",\"datePublished\":\"2025-09-24T19:17:39+00:00\",\"dateModified\":\"2025-09-24T19:17:39+00:00\",\"breadcrumb\":{\"@id\":\"https:\/\/vieassociative.be\/actualites\/tout-ce-que-nous-savons-de-la-vente-techtober-de-best-buy-jusqua-present\/#breadcrumb\"},\"inLanguage\":\"fr-BE\",\"potentialAction\":[{\"@type\":\"ReadAction\",\"target\":[\"https:\/\/vieassociative.be\/actualites\/tout-ce-que-nous-savons-de-la-vente-techtober-de-best-buy-jusqua-present\/\"]}]},{\"@type\":\"ImageObject\",\"inLanguage\":\"fr-BE\",\"@id\":\"https:\/\/vieassociative.be\/actualites\/tout-ce-que-nous-savons-de-la-vente-techtober-de-best-buy-jusqua-present\/#primaryimage\",\"url\":\"https:\/\/vieassociative.be\/actualites\/wp-content\/uploads\/2025\/09\/Tout-ce-que-nous-savons-de-la-vente-Techtober.png\",\"contentUrl\":\"https:\/\/vieassociative.be\/actualites\/wp-content\/uploads\/2025\/09\/Tout-ce-que-nous-savons-de-la-vente-Techtober.png\",\"width\":1200,\"height\":675,\"caption\":\"Tout ce que nous savons de la vente `` Techtober '' de Best Buy jusqu'\u00e0 pr\u00e9sent\"},{\"@type\":\"BreadcrumbList\",\"@id\":\"https:\/\/vieassociative.be\/actualites\/tout-ce-que-nous-savons-de-la-vente-techtober-de-best-buy-jusqua-present\/#breadcrumb\",\"itemListElement\":[{\"@type\":\"ListItem\",\"position\":1,\"name\":\"Accueil\",\"item\":\"https:\/\/vieassociative.be\/actualites\/\"},{\"@type\":\"ListItem\",\"position\":2,\"name\":\"Tout ce que nous savons de la vente \u00ab\u00a0 Techtober \u00a0\u00bb de Best Buy jusqu&rsquo;\u00e0 pr\u00e9sent\"}]},{\"@type\":\"WebSite\",\"@id\":\"https:\/\/vieassociative.be\/actualites\/#website\",\"url\":\"https:\/\/vieassociative.be\/actualites\/\",\"name\":\"Vie Associative\",\"description\":\"\",\"publisher\":{\"@id\":\"https:\/\/vieassociative.be\/actualites\/#organization\"},\"potentialAction\":[{\"@type\":\"SearchAction\",\"target\":{\"@type\":\"EntryPoint\",\"urlTemplate\":\"https:\/\/vieassociative.be\/actualites\/?s={search_term_string}\"},\"query-input\":{\"@type\":\"PropertyValueSpecification\",\"valueRequired\":true,\"valueName\":\"search_term_string\"}}],\"inLanguage\":\"fr-BE\"},{\"@type\":\"Organization\",\"@id\":\"https:\/\/vieassociative.be\/actualites\/#organization\",\"name\":\"Vie Associative\",\"url\":\"https:\/\/vieassociative.be\/actualites\/\",\"logo\":{\"@type\":\"ImageObject\",\"inLanguage\":\"fr-BE\",\"@id\":\"https:\/\/vieassociative.be\/actualites\/#\/schema\/logo\/image\/\",\"url\":\"https:\/\/vieassociative.be\/actualites\/wp-content\/uploads\/2024\/09\/cropped-vieassociative_favicon.ico.png\",\"contentUrl\":\"https:\/\/vieassociative.be\/actualites\/wp-content\/uploads\/2024\/09\/cropped-vieassociative_favicon.ico.png\",\"width\":512,\"height\":512,\"caption\":\"Vie Associative\"},\"image\":{\"@id\":\"https:\/\/vieassociative.be\/actualites\/#\/schema\/logo\/image\/\"}},{\"@type\":\"Person\",\"@id\":\"https:\/\/vieassociative.be\/actualites\/#\/schema\/person\/b87ac4f82f9d4e7b7cec7395b679edc4\",\"name\":\"Julien\",\"image\":{\"@type\":\"ImageObject\",\"inLanguage\":\"fr-BE\",\"@id\":\"https:\/\/vieassociative.be\/actualites\/#\/schema\/person\/image\/\",\"url\":\"https:\/\/vieassociative.be\/actualites\/wp-content\/uploads\/2024\/09\/vie-associative-1-150x150.jpg\",\"contentUrl\":\"https:\/\/vieassociative.be\/actualites\/wp-content\/uploads\/2024\/09\/vie-associative-1-150x150.jpg\",\"caption\":\"Julien\"},\"description\":\"Je suis Julien, r\u00e9dacteur pour Vie Associative. Passionn\u00e9 par le monde associatif depuis plus de 10 ans, j'ai \u00e0 c\u0153ur de partager des histoires inspirantes et de mettre en lumi\u00e8re les initiatives locales. Mon objectif est de sensibiliser et d'encourager l'engagement communautaire \u00e0 travers mes articles.\",\"sameAs\":[\"https:\/\/vieassociative.be\/\"]}]}<\/script>\n<!-- \/ Yoast SEO plugin. -->","yoast_head_json":{"title":"Tout ce que nous savons de la vente `` Techtober '' de Best Buy jusqu'\u00e0 pr\u00e9sent | Vie Associative","robots":{"index":"index","follow":"follow","max-snippet":"max-snippet:-1","max-image-preview":"max-image-preview:large","max-video-preview":"max-video-preview:-1"},"canonical":"https:\/\/vieassociative.be\/actualites\/tout-ce-que-nous-savons-de-la-vente-techtober-de-best-buy-jusqua-present\/","og_locale":"fr_FR","og_type":"article","og_title":"Tout ce que nous savons de la vente `` Techtober '' de Best Buy jusqu'\u00e0 pr\u00e9sent | Vie Associative","og_description":"Best Buy rejoint Walmart et Target pour rivaliser avec la vente de prime Big Days d&rsquo;Amazon. Saviez-vous que vous pouvez personnaliser Google pour filtrer les","og_url":"https:\/\/vieassociative.be\/actualites\/tout-ce-que-nous-savons-de-la-vente-techtober-de-best-buy-jusqua-present\/","og_site_name":"Vie Associative","article_published_time":"2025-09-24T19:17:39+00:00","og_image":[{"width":279,"height":92,"url":"https:\/\/vieassociative.be\/actualites\/wp-content\/uploads\/2024\/09\/header_backgroundk-01-e1726694325946.png","type":"image\/png"}],"author":"Julien","twitter_card":"summary_large_image","twitter_misc":{"\u00c9crit par":"Julien","Dur\u00e9e de lecture est.":"2 minutes"},"schema":{"@context":"https:\/\/schema.org","@graph":[{"@type":"Article","@id":"https:\/\/vieassociative.be\/actualites\/tout-ce-que-nous-savons-de-la-vente-techtober-de-best-buy-jusqua-present\/#article","isPartOf":{"@id":"https:\/\/vieassociative.be\/actualites\/tout-ce-que-nous-savons-de-la-vente-techtober-de-best-buy-jusqua-present\/"},"author":{"name":"Julien","@id":"https:\/\/vieassociative.be\/actualites\/#\/schema\/person\/b87ac4f82f9d4e7b7cec7395b679edc4"},"headline":"Tout ce que nous savons de la vente \u00ab\u00a0 Techtober \u00a0\u00bb de Best Buy jusqu&rsquo;\u00e0 pr\u00e9sent","datePublished":"2025-09-24T19:17:39+00:00","dateModified":"2025-09-24T19:17:39+00:00","mainEntityOfPage":{"@id":"https:\/\/vieassociative.be\/actualites\/tout-ce-que-nous-savons-de-la-vente-techtober-de-best-buy-jusqua-present\/"},"wordCount":520,"publisher":{"@id":"https:\/\/vieassociative.be\/actualites\/#organization"},"image":{"@id":"https:\/\/vieassociative.be\/actualites\/tout-ce-que-nous-savons-de-la-vente-techtober-de-best-buy-jusqua-present\/#primaryimage"},"thumbnailUrl":"https:\/\/vieassociative.be\/actualites\/wp-content\/uploads\/2025\/09\/Tout-ce-que-nous-savons-de-la-vente-Techtober.png","keywords":["Buy","jusqu\u00e0","nous","pr\u00e9sent","savons","Techtober","tout","vente"],"articleSection":["Argent"],"inLanguage":"fr-BE"},{"@type":"WebPage","@id":"https:\/\/vieassociative.be\/actualites\/tout-ce-que-nous-savons-de-la-vente-techtober-de-best-buy-jusqua-present\/","url":"https:\/\/vieassociative.be\/actualites\/tout-ce-que-nous-savons-de-la-vente-techtober-de-best-buy-jusqua-present\/","name":"Tout ce que nous savons de la vente `` Techtober '' de Best Buy jusqu'\u00e0 pr\u00e9sent | Vie Associative","isPartOf":{"@id":"https:\/\/vieassociative.be\/actualites\/#website"},"primaryImageOfPage":{"@id":"https:\/\/vieassociative.be\/actualites\/tout-ce-que-nous-savons-de-la-vente-techtober-de-best-buy-jusqua-present\/#primaryimage"},"image":{"@id":"https:\/\/vieassociative.be\/actualites\/tout-ce-que-nous-savons-de-la-vente-techtober-de-best-buy-jusqua-present\/#primaryimage"},"thumbnailUrl":"https:\/\/vieassociative.be\/actualites\/wp-content\/uploads\/2025\/09\/Tout-ce-que-nous-savons-de-la-vente-Techtober.png","datePublished":"2025-09-24T19:17:39+00:00","dateModified":"2025-09-24T19:17:39+00:00","breadcrumb":{"@id":"https:\/\/vieassociative.be\/actualites\/tout-ce-que-nous-savons-de-la-vente-techtober-de-best-buy-jusqua-present\/#breadcrumb"},"inLanguage":"fr-BE","potentialAction":[{"@type":"ReadAction","target":["https:\/\/vieassociative.be\/actualites\/tout-ce-que-nous-savons-de-la-vente-techtober-de-best-buy-jusqua-present\/"]}]},{"@type":"ImageObject","inLanguage":"fr-BE","@id":"https:\/\/vieassociative.be\/actualites\/tout-ce-que-nous-savons-de-la-vente-techtober-de-best-buy-jusqua-present\/#primaryimage","url":"https:\/\/vieassociative.be\/actualites\/wp-content\/uploads\/2025\/09\/Tout-ce-que-nous-savons-de-la-vente-Techtober.png","contentUrl":"https:\/\/vieassociative.be\/actualites\/wp-content\/uploads\/2025\/09\/Tout-ce-que-nous-savons-de-la-vente-Techtober.png","width":1200,"height":675,"caption":"Tout ce que nous savons de la vente `` Techtober '' de Best Buy jusqu'\u00e0 pr\u00e9sent"},{"@type":"BreadcrumbList","@id":"https:\/\/vieassociative.be\/actualites\/tout-ce-que-nous-savons-de-la-vente-techtober-de-best-buy-jusqua-present\/#breadcrumb","itemListElement":[{"@type":"ListItem","position":1,"name":"Accueil","item":"https:\/\/vieassociative.be\/actualites\/"},{"@type":"ListItem","position":2,"name":"Tout ce que nous savons de la vente \u00ab\u00a0 Techtober \u00a0\u00bb de Best Buy jusqu&rsquo;\u00e0 pr\u00e9sent"}]},{"@type":"WebSite","@id":"https:\/\/vieassociative.be\/actualites\/#website","url":"https:\/\/vieassociative.be\/actualites\/","name":"Vie Associative","description":"","publisher":{"@id":"https:\/\/vieassociative.be\/actualites\/#organization"},"potentialAction":[{"@type":"SearchAction","target":{"@type":"EntryPoint","urlTemplate":"https:\/\/vieassociative.be\/actualites\/?s={search_term_string}"},"query-input":{"@type":"PropertyValueSpecification","valueRequired":true,"valueName":"search_term_string"}}],"inLanguage":"fr-BE"},{"@type":"Organization","@id":"https:\/\/vieassociative.be\/actualites\/#organization","name":"Vie Associative","url":"https:\/\/vieassociative.be\/actualites\/","logo":{"@type":"ImageObject","inLanguage":"fr-BE","@id":"https:\/\/vieassociative.be\/actualites\/#\/schema\/logo\/image\/","url":"https:\/\/vieassociative.be\/actualites\/wp-content\/uploads\/2024\/09\/cropped-vieassociative_favicon.ico.png","contentUrl":"https:\/\/vieassociative.be\/actualites\/wp-content\/uploads\/2024\/09\/cropped-vieassociative_favicon.ico.png","width":512,"height":512,"caption":"Vie Associative"},"image":{"@id":"https:\/\/vieassociative.be\/actualites\/#\/schema\/logo\/image\/"}},{"@type":"Person","@id":"https:\/\/vieassociative.be\/actualites\/#\/schema\/person\/b87ac4f82f9d4e7b7cec7395b679edc4","name":"Julien","image":{"@type":"ImageObject","inLanguage":"fr-BE","@id":"https:\/\/vieassociative.be\/actualites\/#\/schema\/person\/image\/","url":"https:\/\/vieassociative.be\/actualites\/wp-content\/uploads\/2024\/09\/vie-associative-1-150x150.jpg","contentUrl":"https:\/\/vieassociative.be\/actualites\/wp-content\/uploads\/2024\/09\/vie-associative-1-150x150.jpg","caption":"Julien"},"description":"Je suis Julien, r\u00e9dacteur pour Vie Associative. Passionn\u00e9 par le monde associatif depuis plus de 10 ans, j'ai \u00e0 c\u0153ur de partager des histoires inspirantes et de mettre en lumi\u00e8re les initiatives locales. Mon objectif est de sensibiliser et d'encourager l'engagement communautaire \u00e0 travers mes articles.","sameAs":["https:\/\/vieassociative.be\/"]}]}},"_links":{"self":[{"href":"https:\/\/vieassociative.be\/actualites\/wp-json\/wp\/v2\/posts\/10231"}],"collection":[{"href":"https:\/\/vieassociative.be\/actualites\/wp-json\/wp\/v2\/posts"}],"about":[{"href":"https:\/\/vieassociative.be\/actualites\/wp-json\/wp\/v2\/types\/post"}],"author":[{"embeddable":true,"href":"https:\/\/vieassociative.be\/actualites\/wp-json\/wp\/v2\/users\/1"}],"replies":[{"embeddable":true,"href":"https:\/\/vieassociative.be\/actualites\/wp-json\/wp\/v2\/comments?post=10231"}],"version-history":[{"count":0,"href":"https:\/\/vieassociative.be\/actualites\/wp-json\/wp\/v2\/posts\/10231\/revisions"}],"wp:featuredmedia":[{"embeddable":true,"href":"https:\/\/vieassociative.be\/actualites\/wp-json\/wp\/v2\/media\/10232"}],"wp:attachment":[{"href":"https:\/\/vieassociative.be\/actualites\/wp-json\/wp\/v2\/media?parent=10231"}],"wp:term":[{"taxonomy":"category","embeddable":true,"href":"https:\/\/vieassociative.be\/actualites\/wp-json\/wp\/v2\/categories?post=10231"},{"taxonomy":"post_tag","embeddable":true,"href":"https:\/\/vieassociative.be\/actualites\/wp-json\/wp\/v2\/tags?post=10231"}],"curies":[{"name":"wp","href":"https:\/\/api.w.org\/{rel}","templated":true}]}}