{"id":1023,"date":"2024-10-09T10:28:32","date_gmt":"2024-10-09T08:28:32","guid":{"rendered":"https:\/\/vieassociative.be\/actualites\/arretez-dajouter-des-amis-a-vos-combats-relationnels\/"},"modified":"2024-10-09T10:28:32","modified_gmt":"2024-10-09T08:28:32","slug":"arretez-dajouter-des-amis-a-vos-combats-relationnels","status":"publish","type":"post","link":"https:\/\/vieassociative.be\/actualites\/arretez-dajouter-des-amis-a-vos-combats-relationnels\/","title":{"rendered":"Arr\u00eatez d&rsquo;ajouter des amis \u00e0 vos combats relationnels"},"content":{"rendered":"<div class=\"mt-4 leading-6 md:mb-8\">Inviter un tiers \u00e0 participer \u00e0 vos d\u00e9bats peut \u00eatre une forme de manipulation.<\/div>\n<p><\/p>\n<p>Au cours d&rsquo;une dispute, vous pourriez avoir l&rsquo;impression que vous avez besoin de l&rsquo;aide d&rsquo;un membre de votre famille ou d&rsquo;un ami pour vous aider \u00e0 trouver un terrain d&rsquo;entente avec votre partenaire. Si demander l\u2019aide d\u2019un tiers peut sembler une bonne id\u00e9e, cela peut aussi \u00eatre un signe de triangulation, qui est une forme de manipulation \u00e9motionnelle.<\/p>\n<p>\u00ab La triangulation est une interaction \u00e0 trois \u00e0 laquelle une personne n&rsquo;a pas consenti. Essentiellement, c&rsquo;est lorsque votre partenaire introduit une autre personne dans votre dynamique relationnelle pour l&rsquo;aider \u00e0 atteindre son propre objectif \u00bb, explique le Dr Sarah E. Hill, psychologue et professeur en rencontres, \u00e0 Vie Associative. \u00ab\u00a0Habituellement, cela se produit lorsqu&rsquo;un partenaire essaie de manipuler l&rsquo;autre pour qu&rsquo;il se comporte d&rsquo;une mani\u00e8re qui soit avantageuse pour ses propres fins.\u00a0\u00bb<\/p>\n<h2 id=\"why-triangulation-is-detrimental-to-relationships\"><strong>Pourquoi la triangulation est pr\u00e9judiciable aux relations<\/strong><\/h2>\n<p>Personne n\u2019aime se sentir comme la troisi\u00e8me roue de sa relation, et la triangulation d\u00e9cuple ce sentiment d\u00e9gueulasse.<\/p>\n<p>  \u00ab\u00a0L&rsquo;intimit\u00e9 se cr\u00e9e gr\u00e2ce au partage par le couple d&rsquo;une sph\u00e8re priv\u00e9e de communication et d&rsquo;exp\u00e9riences qui n&rsquo;est pas partag\u00e9e avec les autres\u00a0\u00bb, explique Hill. \u00ab\u00a0Ainsi, chaque fois que vous introduisez une autre personne dans une dyade relationnelle, qu&rsquo;elle soit r\u00e9elle ou qu&rsquo;elle existe dans l&rsquo;abstrait, comme un ex, cela r\u00e9duit l&rsquo;intimit\u00e9.\u00a0\u00bb C&rsquo;est \u00e9galement pr\u00e9judiciable, dit-elle, car en fin de compte, c&rsquo;est manipulateur. \u00ab\u00a0Des relations saines reposent sur la communication directe de ses besoins.\u00a0\u00bb<\/p>\n<h2 id=\"how-triangulation-shows-up-in-relationship\"><strong>Comment la triangulation appara\u00eet dans les relations<\/strong> <\/h2>\n<p>Selon Hill, la triangulation appara\u00eet chaque fois que votre partenaire tente de modifier votre comportement ou vos sentiments en utilisant une tierce personne comme instrument de manipulation. Elle partage ci-dessous certains des sc\u00e9narios les plus courants dans lesquels la triangulation a tendance \u00e0 appara\u00eetre. <\/p>\n<ul>\n<li>\n<p><strong>Votre partenaire mentionne son ex et \u00e0 quel point il essaie de se remettre avec lui. <\/strong>\u00ab\u00a0Ici, ils introduisent une troisi\u00e8me personne dans la dynamique de votre relation pour vous faire ressentir de l&rsquo;ins\u00e9curit\u00e9 et de la jalousie, afin d&rsquo;augmenter votre attention sur la relation\u00a0\u00bb, explique Hill.<\/p>\n<\/li>\n<li>\n<p><strong>Votre partenaire a un probl\u00e8me avec vous, mais plut\u00f4t que de vous en parler, il en parle avec quelqu&rsquo;un que vous connaissez en commun. \u00ab\u00a0<\/strong>(Cela est fait) dans le but ultime de vous renvoyer les informations \u00bb, explique Hill. <\/p>\n<\/li>\n<li>\n<p><strong>Votre partenaire entra\u00eene un tiers dans une dispute que vous avez, afin de faire pencher la balance des pouvoirs en sa faveur. <\/strong>\u00ab\u00a0Par exemple\u00a0\u00bb, dit Hill. \u00ab\u00a0Si vous vous disputez sur l&rsquo;importance d&rsquo;avoir des rendez-vous hebdomadaires et que votre partenaire s&rsquo;y oppose, il ou elle pourrait entra\u00eener un ami partageant les m\u00eames id\u00e9es dans la dispute pour essayer de vous faire admettre que les rendez-vous ne sont pas importants.\u00a0\u00bb<\/p>\n<\/li>\n<li>\n<p><strong>Un partenaire pourrait vous parler d\u2019un coll\u00e8gue coquette qui en a apr\u00e8s lui.<\/strong> \u00abIls pourraient m\u00eame vous demander conseil sur ce qu&rsquo;il faut faire \u00e0 propos de cette personne\u00bb, explique Hill. \u00ab\u00a0Ils font cela pour cr\u00e9er l&rsquo;illusion qu&rsquo;ils sont hautement d\u00e9sirables afin d&rsquo;essayer de vous faire sentir en ins\u00e9curit\u00e9 et de vous donner l&rsquo;impression que vous devez faire plus pour les rendre heureux.\u00a0\u00bb<\/p>\n<\/li>\n<\/ul>\n<h2 id=\"what-to-do-about-it\"><strong>Que faire \u00e0 ce sujet<\/strong><\/h2>\n<p>Hill affirme que minimiser la triangulation est souvent aussi simple que de s&rsquo;y attaquer directement. \u00ab\u00a0Si vous ne pensez pas que votre partenaire est intentionnellement manipulateur, vous pouvez y rem\u00e9dier simplement en disant\u00a0:\u00a0\u00ab\u00a0Je comprends que ce n&rsquo;est probablement pas votre intention, mais introduire cette autre personne dans notre relation ressemble \u00e0 une tentative de manipulation.\u00a0\u00bb mon comportement \u00bb, explique-t-elle. Ensuite, dit Hill, vous pouvez demander \u00e0 votre partenaire de parler des raisons derri\u00e8re la tentative de triangulation, pour voir s&rsquo;il s&rsquo;agit d&rsquo;un probl\u00e8me qui peut \u00eatre r\u00e9solu d&rsquo;une autre mani\u00e8re. \u00ab\u00a0Par exemple, si un partenaire parle d&rsquo;un ex parce qu&rsquo;il a l&rsquo;impression de ne pas \u00eatre valoris\u00e9 dans la relation, c&rsquo;est l&rsquo;occasion de parler de fa\u00e7ons saines pour que chacun se sente valoris\u00e9 dans la relation\u00a0\u00bb, note-t-elle.<\/p>\n<p>Cependant, si vous pensez que votre partenaire est intentionnellement manipulateur, Hill sugg\u00e8re d&rsquo;avoir une conversation l\u00e9g\u00e8rement diff\u00e9rente, ax\u00e9e plus directement sur le caract\u00e8re inappropri\u00e9 de la dynamique et d&rsquo;\u00eatre clair sur vos limites. \u00ab\u00a0La triangulation peut \u00eatre un stratag\u00e8me courant parmi les narcissiques, il est donc important de pr\u00e9ciser clairement ce que vous ne tol\u00e9rerez pas dans une relation, afin que vous puissiez vous \u00e9chapper si vous \u00eates dans une relation qui commence \u00e0 devenir malsaine\u00a0\u00bb, pr\u00e9vient-elle. Dans ce cas, demander l\u2019aide d\u2019un tiers, comme un th\u00e9rapeute, pourrait \u00eatre une bonne id\u00e9e. <\/p>\n","protected":false},"excerpt":{"rendered":"<p>Inviter un tiers \u00e0 participer \u00e0 vos d\u00e9bats peut \u00eatre une forme de manipulation. Au cours d&rsquo;une dispute, vous pourriez avoir l&rsquo;impression que vous avez<\/p>\n","protected":false},"author":1,"featured_media":1024,"comment_status":"","ping_status":"","sticky":false,"template":"","format":"standard","meta":{"footnotes":""},"categories":[42],"tags":[846,1570,1572,1571,29,1573,27],"class_list":["post-1023","post","type-post","status-publish","format-standard","has-post-thumbnail","hentry","category-relations","tag-amis","tag-arretez","tag-combats","tag-dajouter","tag-des","tag-relationnels","tag-vos","generate-columns","tablet-grid-50","mobile-grid-100","grid-parent","grid-33"],"yoast_head":"<!-- This site is optimized with the Yoast SEO plugin v24.0 - https:\/\/yoast.com\/wordpress\/plugins\/seo\/ -->\n<title>Arr\u00eatez d&#039;ajouter des amis \u00e0 vos combats relationnels | Vie Associative<\/title>\n<meta name=\"robots\" content=\"index, follow, max-snippet:-1, max-image-preview:large, max-video-preview:-1\" \/>\n<link rel=\"canonical\" href=\"https:\/\/vieassociative.be\/actualites\/arretez-dajouter-des-amis-a-vos-combats-relationnels\/\" \/>\n<meta property=\"og:locale\" content=\"fr_FR\" \/>\n<meta property=\"og:type\" content=\"article\" \/>\n<meta property=\"og:title\" content=\"Arr\u00eatez d&#039;ajouter des amis \u00e0 vos combats relationnels | Vie Associative\" \/>\n<meta property=\"og:description\" content=\"Inviter un tiers \u00e0 participer \u00e0 vos d\u00e9bats peut \u00eatre une forme de manipulation. Au cours d&rsquo;une dispute, vous pourriez avoir l&rsquo;impression que vous avez\" \/>\n<meta property=\"og:url\" content=\"https:\/\/vieassociative.be\/actualites\/arretez-dajouter-des-amis-a-vos-combats-relationnels\/\" \/>\n<meta property=\"og:site_name\" content=\"Vie Associative\" \/>\n<meta property=\"article:published_time\" content=\"2024-10-09T08:28:32+00:00\" \/>\n<meta property=\"og:image\" content=\"https:\/\/vieassociative.be\/actualites\/wp-content\/uploads\/2024\/09\/header_backgroundk-01-e1726694325946.png\" \/>\n\t<meta property=\"og:image:width\" content=\"279\" \/>\n\t<meta property=\"og:image:height\" content=\"92\" \/>\n\t<meta property=\"og:image:type\" content=\"image\/png\" \/>\n<meta name=\"author\" content=\"Julien\" \/>\n<meta name=\"twitter:card\" content=\"summary_large_image\" \/>\n<meta name=\"twitter:label1\" content=\"\u00c9crit par\" \/>\n\t<meta name=\"twitter:data1\" content=\"Julien\" \/>\n\t<meta name=\"twitter:label2\" content=\"Dur\u00e9e de lecture est.\" \/>\n\t<meta name=\"twitter:data2\" content=\"4 minutes\" \/>\n<script type=\"application\/ld+json\" class=\"yoast-schema-graph\">{\"@context\":\"https:\/\/schema.org\",\"@graph\":[{\"@type\":\"Article\",\"@id\":\"https:\/\/vieassociative.be\/actualites\/arretez-dajouter-des-amis-a-vos-combats-relationnels\/#article\",\"isPartOf\":{\"@id\":\"https:\/\/vieassociative.be\/actualites\/arretez-dajouter-des-amis-a-vos-combats-relationnels\/\"},\"author\":{\"name\":\"Julien\",\"@id\":\"https:\/\/vieassociative.be\/actualites\/#\/schema\/person\/b87ac4f82f9d4e7b7cec7395b679edc4\"},\"headline\":\"Arr\u00eatez d&rsquo;ajouter des amis \u00e0 vos combats relationnels\",\"datePublished\":\"2024-10-09T08:28:32+00:00\",\"dateModified\":\"2024-10-09T08:28:32+00:00\",\"mainEntityOfPage\":{\"@id\":\"https:\/\/vieassociative.be\/actualites\/arretez-dajouter-des-amis-a-vos-combats-relationnels\/\"},\"wordCount\":834,\"publisher\":{\"@id\":\"https:\/\/vieassociative.be\/actualites\/#organization\"},\"image\":{\"@id\":\"https:\/\/vieassociative.be\/actualites\/arretez-dajouter-des-amis-a-vos-combats-relationnels\/#primaryimage\"},\"thumbnailUrl\":\"https:\/\/vieassociative.be\/actualites\/wp-content\/uploads\/2024\/10\/Arretez-dajouter-des-amis-a-vos-combats-relationnels.jpg\",\"keywords\":[\"amis\",\"Arr\u00eatez\",\"combats\",\"dajouter\",\"Des\",\"relationnels\",\"vos\"],\"articleSection\":[\"Relations\"],\"inLanguage\":\"fr-BE\"},{\"@type\":\"WebPage\",\"@id\":\"https:\/\/vieassociative.be\/actualites\/arretez-dajouter-des-amis-a-vos-combats-relationnels\/\",\"url\":\"https:\/\/vieassociative.be\/actualites\/arretez-dajouter-des-amis-a-vos-combats-relationnels\/\",\"name\":\"Arr\u00eatez d'ajouter des amis \u00e0 vos combats relationnels | Vie Associative\",\"isPartOf\":{\"@id\":\"https:\/\/vieassociative.be\/actualites\/#website\"},\"primaryImageOfPage\":{\"@id\":\"https:\/\/vieassociative.be\/actualites\/arretez-dajouter-des-amis-a-vos-combats-relationnels\/#primaryimage\"},\"image\":{\"@id\":\"https:\/\/vieassociative.be\/actualites\/arretez-dajouter-des-amis-a-vos-combats-relationnels\/#primaryimage\"},\"thumbnailUrl\":\"https:\/\/vieassociative.be\/actualites\/wp-content\/uploads\/2024\/10\/Arretez-dajouter-des-amis-a-vos-combats-relationnels.jpg\",\"datePublished\":\"2024-10-09T08:28:32+00:00\",\"dateModified\":\"2024-10-09T08:28:32+00:00\",\"breadcrumb\":{\"@id\":\"https:\/\/vieassociative.be\/actualites\/arretez-dajouter-des-amis-a-vos-combats-relationnels\/#breadcrumb\"},\"inLanguage\":\"fr-BE\",\"potentialAction\":[{\"@type\":\"ReadAction\",\"target\":[\"https:\/\/vieassociative.be\/actualites\/arretez-dajouter-des-amis-a-vos-combats-relationnels\/\"]}]},{\"@type\":\"ImageObject\",\"inLanguage\":\"fr-BE\",\"@id\":\"https:\/\/vieassociative.be\/actualites\/arretez-dajouter-des-amis-a-vos-combats-relationnels\/#primaryimage\",\"url\":\"https:\/\/vieassociative.be\/actualites\/wp-content\/uploads\/2024\/10\/Arretez-dajouter-des-amis-a-vos-combats-relationnels.jpg\",\"contentUrl\":\"https:\/\/vieassociative.be\/actualites\/wp-content\/uploads\/2024\/10\/Arretez-dajouter-des-amis-a-vos-combats-relationnels.jpg\",\"width\":1200,\"height\":675,\"caption\":\"Arr\u00eatez d'ajouter des amis \u00e0 vos combats relationnels\"},{\"@type\":\"BreadcrumbList\",\"@id\":\"https:\/\/vieassociative.be\/actualites\/arretez-dajouter-des-amis-a-vos-combats-relationnels\/#breadcrumb\",\"itemListElement\":[{\"@type\":\"ListItem\",\"position\":1,\"name\":\"Accueil\",\"item\":\"https:\/\/vieassociative.be\/actualites\/\"},{\"@type\":\"ListItem\",\"position\":2,\"name\":\"Arr\u00eatez d&rsquo;ajouter des amis \u00e0 vos combats relationnels\"}]},{\"@type\":\"WebSite\",\"@id\":\"https:\/\/vieassociative.be\/actualites\/#website\",\"url\":\"https:\/\/vieassociative.be\/actualites\/\",\"name\":\"Vie Associative\",\"description\":\"\",\"publisher\":{\"@id\":\"https:\/\/vieassociative.be\/actualites\/#organization\"},\"potentialAction\":[{\"@type\":\"SearchAction\",\"target\":{\"@type\":\"EntryPoint\",\"urlTemplate\":\"https:\/\/vieassociative.be\/actualites\/?s={search_term_string}\"},\"query-input\":{\"@type\":\"PropertyValueSpecification\",\"valueRequired\":true,\"valueName\":\"search_term_string\"}}],\"inLanguage\":\"fr-BE\"},{\"@type\":\"Organization\",\"@id\":\"https:\/\/vieassociative.be\/actualites\/#organization\",\"name\":\"Vie Associative\",\"url\":\"https:\/\/vieassociative.be\/actualites\/\",\"logo\":{\"@type\":\"ImageObject\",\"inLanguage\":\"fr-BE\",\"@id\":\"https:\/\/vieassociative.be\/actualites\/#\/schema\/logo\/image\/\",\"url\":\"https:\/\/vieassociative.be\/actualites\/wp-content\/uploads\/2024\/09\/cropped-vieassociative_favicon.ico.png\",\"contentUrl\":\"https:\/\/vieassociative.be\/actualites\/wp-content\/uploads\/2024\/09\/cropped-vieassociative_favicon.ico.png\",\"width\":512,\"height\":512,\"caption\":\"Vie Associative\"},\"image\":{\"@id\":\"https:\/\/vieassociative.be\/actualites\/#\/schema\/logo\/image\/\"}},{\"@type\":\"Person\",\"@id\":\"https:\/\/vieassociative.be\/actualites\/#\/schema\/person\/b87ac4f82f9d4e7b7cec7395b679edc4\",\"name\":\"Julien\",\"image\":{\"@type\":\"ImageObject\",\"inLanguage\":\"fr-BE\",\"@id\":\"https:\/\/vieassociative.be\/actualites\/#\/schema\/person\/image\/\",\"url\":\"https:\/\/vieassociative.be\/actualites\/wp-content\/uploads\/2024\/09\/vie-associative-1-150x150.jpg\",\"contentUrl\":\"https:\/\/vieassociative.be\/actualites\/wp-content\/uploads\/2024\/09\/vie-associative-1-150x150.jpg\",\"caption\":\"Julien\"},\"description\":\"Je suis Julien, r\u00e9dacteur pour Vie Associative. Passionn\u00e9 par le monde associatif depuis plus de 10 ans, j'ai \u00e0 c\u0153ur de partager des histoires inspirantes et de mettre en lumi\u00e8re les initiatives locales. Mon objectif est de sensibiliser et d'encourager l'engagement communautaire \u00e0 travers mes articles.\",\"sameAs\":[\"https:\/\/vieassociative.be\/\"]}]}<\/script>\n<!-- \/ Yoast SEO plugin. -->","yoast_head_json":{"title":"Arr\u00eatez d'ajouter des amis \u00e0 vos combats relationnels | Vie Associative","robots":{"index":"index","follow":"follow","max-snippet":"max-snippet:-1","max-image-preview":"max-image-preview:large","max-video-preview":"max-video-preview:-1"},"canonical":"https:\/\/vieassociative.be\/actualites\/arretez-dajouter-des-amis-a-vos-combats-relationnels\/","og_locale":"fr_FR","og_type":"article","og_title":"Arr\u00eatez d'ajouter des amis \u00e0 vos combats relationnels | Vie Associative","og_description":"Inviter un tiers \u00e0 participer \u00e0 vos d\u00e9bats peut \u00eatre une forme de manipulation. Au cours d&rsquo;une dispute, vous pourriez avoir l&rsquo;impression que vous avez","og_url":"https:\/\/vieassociative.be\/actualites\/arretez-dajouter-des-amis-a-vos-combats-relationnels\/","og_site_name":"Vie Associative","article_published_time":"2024-10-09T08:28:32+00:00","og_image":[{"width":279,"height":92,"url":"https:\/\/vieassociative.be\/actualites\/wp-content\/uploads\/2024\/09\/header_backgroundk-01-e1726694325946.png","type":"image\/png"}],"author":"Julien","twitter_card":"summary_large_image","twitter_misc":{"\u00c9crit par":"Julien","Dur\u00e9e de lecture est.":"4 minutes"},"schema":{"@context":"https:\/\/schema.org","@graph":[{"@type":"Article","@id":"https:\/\/vieassociative.be\/actualites\/arretez-dajouter-des-amis-a-vos-combats-relationnels\/#article","isPartOf":{"@id":"https:\/\/vieassociative.be\/actualites\/arretez-dajouter-des-amis-a-vos-combats-relationnels\/"},"author":{"name":"Julien","@id":"https:\/\/vieassociative.be\/actualites\/#\/schema\/person\/b87ac4f82f9d4e7b7cec7395b679edc4"},"headline":"Arr\u00eatez d&rsquo;ajouter des amis \u00e0 vos combats relationnels","datePublished":"2024-10-09T08:28:32+00:00","dateModified":"2024-10-09T08:28:32+00:00","mainEntityOfPage":{"@id":"https:\/\/vieassociative.be\/actualites\/arretez-dajouter-des-amis-a-vos-combats-relationnels\/"},"wordCount":834,"publisher":{"@id":"https:\/\/vieassociative.be\/actualites\/#organization"},"image":{"@id":"https:\/\/vieassociative.be\/actualites\/arretez-dajouter-des-amis-a-vos-combats-relationnels\/#primaryimage"},"thumbnailUrl":"https:\/\/vieassociative.be\/actualites\/wp-content\/uploads\/2024\/10\/Arretez-dajouter-des-amis-a-vos-combats-relationnels.jpg","keywords":["amis","Arr\u00eatez","combats","dajouter","Des","relationnels","vos"],"articleSection":["Relations"],"inLanguage":"fr-BE"},{"@type":"WebPage","@id":"https:\/\/vieassociative.be\/actualites\/arretez-dajouter-des-amis-a-vos-combats-relationnels\/","url":"https:\/\/vieassociative.be\/actualites\/arretez-dajouter-des-amis-a-vos-combats-relationnels\/","name":"Arr\u00eatez d'ajouter des amis \u00e0 vos combats relationnels | Vie Associative","isPartOf":{"@id":"https:\/\/vieassociative.be\/actualites\/#website"},"primaryImageOfPage":{"@id":"https:\/\/vieassociative.be\/actualites\/arretez-dajouter-des-amis-a-vos-combats-relationnels\/#primaryimage"},"image":{"@id":"https:\/\/vieassociative.be\/actualites\/arretez-dajouter-des-amis-a-vos-combats-relationnels\/#primaryimage"},"thumbnailUrl":"https:\/\/vieassociative.be\/actualites\/wp-content\/uploads\/2024\/10\/Arretez-dajouter-des-amis-a-vos-combats-relationnels.jpg","datePublished":"2024-10-09T08:28:32+00:00","dateModified":"2024-10-09T08:28:32+00:00","breadcrumb":{"@id":"https:\/\/vieassociative.be\/actualites\/arretez-dajouter-des-amis-a-vos-combats-relationnels\/#breadcrumb"},"inLanguage":"fr-BE","potentialAction":[{"@type":"ReadAction","target":["https:\/\/vieassociative.be\/actualites\/arretez-dajouter-des-amis-a-vos-combats-relationnels\/"]}]},{"@type":"ImageObject","inLanguage":"fr-BE","@id":"https:\/\/vieassociative.be\/actualites\/arretez-dajouter-des-amis-a-vos-combats-relationnels\/#primaryimage","url":"https:\/\/vieassociative.be\/actualites\/wp-content\/uploads\/2024\/10\/Arretez-dajouter-des-amis-a-vos-combats-relationnels.jpg","contentUrl":"https:\/\/vieassociative.be\/actualites\/wp-content\/uploads\/2024\/10\/Arretez-dajouter-des-amis-a-vos-combats-relationnels.jpg","width":1200,"height":675,"caption":"Arr\u00eatez d'ajouter des amis \u00e0 vos combats relationnels"},{"@type":"BreadcrumbList","@id":"https:\/\/vieassociative.be\/actualites\/arretez-dajouter-des-amis-a-vos-combats-relationnels\/#breadcrumb","itemListElement":[{"@type":"ListItem","position":1,"name":"Accueil","item":"https:\/\/vieassociative.be\/actualites\/"},{"@type":"ListItem","position":2,"name":"Arr\u00eatez d&rsquo;ajouter des amis \u00e0 vos combats relationnels"}]},{"@type":"WebSite","@id":"https:\/\/vieassociative.be\/actualites\/#website","url":"https:\/\/vieassociative.be\/actualites\/","name":"Vie Associative","description":"","publisher":{"@id":"https:\/\/vieassociative.be\/actualites\/#organization"},"potentialAction":[{"@type":"SearchAction","target":{"@type":"EntryPoint","urlTemplate":"https:\/\/vieassociative.be\/actualites\/?s={search_term_string}"},"query-input":{"@type":"PropertyValueSpecification","valueRequired":true,"valueName":"search_term_string"}}],"inLanguage":"fr-BE"},{"@type":"Organization","@id":"https:\/\/vieassociative.be\/actualites\/#organization","name":"Vie Associative","url":"https:\/\/vieassociative.be\/actualites\/","logo":{"@type":"ImageObject","inLanguage":"fr-BE","@id":"https:\/\/vieassociative.be\/actualites\/#\/schema\/logo\/image\/","url":"https:\/\/vieassociative.be\/actualites\/wp-content\/uploads\/2024\/09\/cropped-vieassociative_favicon.ico.png","contentUrl":"https:\/\/vieassociative.be\/actualites\/wp-content\/uploads\/2024\/09\/cropped-vieassociative_favicon.ico.png","width":512,"height":512,"caption":"Vie Associative"},"image":{"@id":"https:\/\/vieassociative.be\/actualites\/#\/schema\/logo\/image\/"}},{"@type":"Person","@id":"https:\/\/vieassociative.be\/actualites\/#\/schema\/person\/b87ac4f82f9d4e7b7cec7395b679edc4","name":"Julien","image":{"@type":"ImageObject","inLanguage":"fr-BE","@id":"https:\/\/vieassociative.be\/actualites\/#\/schema\/person\/image\/","url":"https:\/\/vieassociative.be\/actualites\/wp-content\/uploads\/2024\/09\/vie-associative-1-150x150.jpg","contentUrl":"https:\/\/vieassociative.be\/actualites\/wp-content\/uploads\/2024\/09\/vie-associative-1-150x150.jpg","caption":"Julien"},"description":"Je suis Julien, r\u00e9dacteur pour Vie Associative. Passionn\u00e9 par le monde associatif depuis plus de 10 ans, j'ai \u00e0 c\u0153ur de partager des histoires inspirantes et de mettre en lumi\u00e8re les initiatives locales. Mon objectif est de sensibiliser et d'encourager l'engagement communautaire \u00e0 travers mes articles.","sameAs":["https:\/\/vieassociative.be\/"]}]}},"_links":{"self":[{"href":"https:\/\/vieassociative.be\/actualites\/wp-json\/wp\/v2\/posts\/1023"}],"collection":[{"href":"https:\/\/vieassociative.be\/actualites\/wp-json\/wp\/v2\/posts"}],"about":[{"href":"https:\/\/vieassociative.be\/actualites\/wp-json\/wp\/v2\/types\/post"}],"author":[{"embeddable":true,"href":"https:\/\/vieassociative.be\/actualites\/wp-json\/wp\/v2\/users\/1"}],"replies":[{"embeddable":true,"href":"https:\/\/vieassociative.be\/actualites\/wp-json\/wp\/v2\/comments?post=1023"}],"version-history":[{"count":0,"href":"https:\/\/vieassociative.be\/actualites\/wp-json\/wp\/v2\/posts\/1023\/revisions"}],"wp:featuredmedia":[{"embeddable":true,"href":"https:\/\/vieassociative.be\/actualites\/wp-json\/wp\/v2\/media\/1024"}],"wp:attachment":[{"href":"https:\/\/vieassociative.be\/actualites\/wp-json\/wp\/v2\/media?parent=1023"}],"wp:term":[{"taxonomy":"category","embeddable":true,"href":"https:\/\/vieassociative.be\/actualites\/wp-json\/wp\/v2\/categories?post=1023"},{"taxonomy":"post_tag","embeddable":true,"href":"https:\/\/vieassociative.be\/actualites\/wp-json\/wp\/v2\/tags?post=1023"}],"curies":[{"name":"wp","href":"https:\/\/api.w.org\/{rel}","templated":true}]}}