{"id":10225,"date":"2025-09-24T16:17:40","date_gmt":"2025-09-24T14:17:40","guid":{"rendered":"https:\/\/vieassociative.be\/actualites\/lowen-leuven-est-capitale-de-la-culture-en-europe-2030-gagne-contre-le-concurrent-namur-et-molenbeek\/"},"modified":"2025-09-24T16:17:40","modified_gmt":"2025-09-24T14:17:40","slug":"lowen-leuven-est-capitale-de-la-culture-en-europe-2030-gagne-contre-le-concurrent-namur-et-molenbeek","status":"publish","type":"post","link":"https:\/\/vieassociative.be\/actualites\/lowen-leuven-est-capitale-de-la-culture-en-europe-2030-gagne-contre-le-concurrent-namur-et-molenbeek\/","title":{"rendered":"L\u00f6wen (Leuven) est capitale de la culture en Europe 2030 &#8211; gagne contre le concurrent Namur et Molenbeek"},"content":{"rendered":"<p><strong>Un jury international ind\u00e9pendant a nomm\u00e9 L\u00f6wen (Louvain) comme capitale de la culture en Europe en 2030. La ville universitaire et la capitale de la province de Flamand-Brabant ont pr\u00e9valu contre les autres finalistes Molenbeek et Namur en septembre 2025 apr\u00e8s une proc\u00e9dure d&rsquo;\u00e9valuation intensive et une visite aux villes candidates.<\/strong><\/p>\n<p><span id=\"more-425385\"><\/span>La 45e \u00e9dition de ce concours europ\u00e9en se termine par cette nomination. L&rsquo;organisation \u00e9tait entre les mains des trois ministres belges de la culture en coop\u00e9ration avec la Commission europ\u00e9enne.<\/p>\n<p>\u00ab\u00a0En tant que ministre de la Culture de la communaut\u00e9 flamand, fran\u00e7aise et allemande de la Belgique, nous sommes particuli\u00e8rement fiers que nous ayons organis\u00e9 ce processus ensemble et garantir ainsi des conditions concurrentielles \u00e9quitables pour toutes les villes des candidats\u00a0\u00bb, a d\u00e9clar\u00e9 les trois ministres de la Culture.<\/p>\n<div id=\"attachment_136841\" class=\"wp-caption alignleft\" style=\"max-width: 300px\"><img fetchpriority=\"high\" decoding=\"async\" class=\"wp-image-136841 size-medium\" src=\"https:\/\/vieassociative.be\/actualites\/wp-content\/uploads\/2025\/09\/Lowen-Leuven-est-capitale-de-la-culture-en-Europe-2030.jpg\" alt=\"\" width=\"300\" height=\"225\"  ><\/div>\n<p>L\u00f6wen formera le c\u0153ur culturel de l&rsquo;Europe avec deux autres villes europ\u00e9ennes en 2030. La ville universitaire a convaincu le jury avec un programme ambitieux et futur, qui, sous le titre \u00ab\u00a0Lov2030 &#8211; Leuven &#038; Beyond\u00a0\u00bb, est bas\u00e9 sur les forces de la ville: un capital humain extraordinaire, clairement sur la nature et la durabilit\u00e9 \u00ab\u00a0, ainsi que sur le leadership prouv\u00e9 dans le domaine de l&rsquo;innovation.<\/p>\n<p>\u00ab\u00a0Les applications que nous avons v\u00e9rifi\u00e9es diff\u00e9remment diff\u00e8rent dans leur approche, mais toutes avaient des caract\u00e9ristiques importantes en commun: fier de l&rsquo;identit\u00e9 locale, croyance en Europe et engagement fort \u00e0 utiliser la culture comme moteur pour les changements. Nous f\u00e9licitons les trois villes pour soumettre leurs trois applications extraordinaires. Comit\u00e9 d&rsquo;experts.<\/p>\n<p>Le titre \u00ab\u00a0Capital de culture europ\u00e9en\u00a0\u00bb est d\u00e9cern\u00e9 par un jury international ind\u00e9pendant selon un processus de s\u00e9lection strict sous la supervision de la Commission europ\u00e9enne. Les candidats passent par une pr\u00e9-s\u00e9lection et un dernier tour dans lequel ils pr\u00e9sentent leur vision et leur programme dans un vaste livre d&rsquo;applications.<\/p>\n<div id=\"attachment_134539\" class=\"wp-caption alignleft\" style=\"max-width: 300px\"><img decoding=\"async\" class=\"wp-image-134539 size-medium\" src=\"https:\/\/vieassociative.be\/actualites\/wp-content\/uploads\/2025\/09\/1758723460_90_Lowen-Leuven-est-capitale-de-la-culture-en-Europe-2030.jpg\" alt=\"\" width=\"300\" height=\"200\"  ><\/div>\n<p>Le jury \u00e9value six crit\u00e8res: strat\u00e9gie \u00e0 long terme, contenu culturel et artistique, dimension europ\u00e9enne, inclusion de la population locale, gestion et capacit\u00e9 de mise en \u0153uvre.<br \/>\nLa ville de L\u00f6wen a soumis sa demande avec le soutien d&rsquo;un large r\u00e9seau d&rsquo;organisations culturelles, de citoyens, d&rsquo;\u00e9tablissements d&rsquo;enseignement et d&rsquo;autorit\u00e9s locales. Dans les ann\u00e9es \u00e0 venir, la ville continuera de d\u00e9terminer son programme en \u00e9troite coop\u00e9ration avec la Commission europ\u00e9enne et les partenaires au pays et \u00e0 l&rsquo;\u00e9tranger.<\/p>\n<p>L\u00f6wen s&rsquo;engage \u00e0 c\u00e9l\u00e9brer la culture sous toutes ses formes avec des villes et des r\u00e9gions en Belgique et en Europe pendant un an. Le programme culturel pour 2030 abordera un large public avec des festivals, des expositions, des projets participatifs et une coop\u00e9ration internationale. La ville investira \u00e9galement dans des infrastructures durables et de l&rsquo;innovation culturelle.<\/p>\n<p>La Belgique avait le titre \u00ab\u00a0Capital of Culture in Europe\u00a0\u00bb pr\u00e9c\u00e9demment avec Anvers (1993), Bruxelles (2000), Bruges (2002) et Mons (2015). Avec L\u00f6wen en tant que gagnant en 2030, notre pays aura \u00e0 nouveau la possibilit\u00e9 de se profiler \u00e0 l&rsquo;international en tant que r\u00e9gion culturelle cr\u00e9ative et diversifi\u00e9e.<\/p>\n<p>Une ville est nomm\u00e9e capitale culturelle de l&rsquo;Europe chaque ann\u00e9e depuis 1985. Depuis 2004, il y a eu deux villes dans diff\u00e9rentes r\u00e9gions europ\u00e9ennes chaque ann\u00e9e. La Belgique partage cet honneur en 2030 avec Chypre. (Cre)<\/p>\n","protected":false},"excerpt":{"rendered":"<p>Un jury international ind\u00e9pendant a nomm\u00e9 L\u00f6wen (Louvain) comme capitale de la culture en Europe en 2030. La ville universitaire et la capitale de la<\/p>\n","protected":false},"author":1,"featured_media":10226,"comment_status":"","ping_status":"","sticky":false,"template":"","format":"standard","meta":{"footnotes":""},"categories":[298],"tags":[8654,8118,796,2805,76,5351,2299,8653,8652,8655,6417],"class_list":["post-10225","post","type-post","status-publish","format-standard","has-post-thumbnail","hentry","category-belgique","tag-capitale","tag-concurrent","tag-contre","tag-culture","tag-est","tag-europe","tag-gagne","tag-leuven","tag-lowen","tag-molenbeek","tag-namur","generate-columns","tablet-grid-50","mobile-grid-100","grid-parent","grid-33"],"yoast_head":"<!-- This site is optimized with the Yoast SEO plugin v24.0 - https:\/\/yoast.com\/wordpress\/plugins\/seo\/ -->\n<title>L\u00f6wen (Leuven) est capitale de la culture en Europe 2030 - gagne contre le concurrent Namur et Molenbeek | Vie Associative<\/title>\n<meta name=\"robots\" content=\"index, follow, max-snippet:-1, max-image-preview:large, max-video-preview:-1\" \/>\n<link rel=\"canonical\" href=\"https:\/\/vieassociative.be\/actualites\/lowen-leuven-est-capitale-de-la-culture-en-europe-2030-gagne-contre-le-concurrent-namur-et-molenbeek\/\" \/>\n<meta property=\"og:locale\" content=\"fr_FR\" \/>\n<meta property=\"og:type\" content=\"article\" \/>\n<meta property=\"og:title\" content=\"L\u00f6wen (Leuven) est capitale de la culture en Europe 2030 - gagne contre le concurrent Namur et Molenbeek | Vie Associative\" \/>\n<meta property=\"og:description\" content=\"Un jury international ind\u00e9pendant a nomm\u00e9 L\u00f6wen (Louvain) comme capitale de la culture en Europe en 2030. La ville universitaire et la capitale de la\" \/>\n<meta property=\"og:url\" content=\"https:\/\/vieassociative.be\/actualites\/lowen-leuven-est-capitale-de-la-culture-en-europe-2030-gagne-contre-le-concurrent-namur-et-molenbeek\/\" \/>\n<meta property=\"og:site_name\" content=\"Vie Associative\" \/>\n<meta property=\"article:published_time\" content=\"2025-09-24T14:17:40+00:00\" \/>\n<meta property=\"og:image\" content=\"https:\/\/vieassociative.be\/actualites\/wp-content\/uploads\/2024\/09\/header_backgroundk-01-e1726694325946.png\" \/>\n\t<meta property=\"og:image:width\" content=\"279\" \/>\n\t<meta property=\"og:image:height\" content=\"92\" \/>\n\t<meta property=\"og:image:type\" content=\"image\/png\" \/>\n<meta name=\"author\" content=\"Julien\" \/>\n<meta name=\"twitter:card\" content=\"summary_large_image\" \/>\n<meta name=\"twitter:label1\" content=\"\u00c9crit par\" \/>\n\t<meta name=\"twitter:data1\" content=\"Julien\" \/>\n\t<meta name=\"twitter:label2\" content=\"Dur\u00e9e de lecture est.\" \/>\n\t<meta name=\"twitter:data2\" content=\"3 minutes\" \/>\n<script type=\"application\/ld+json\" class=\"yoast-schema-graph\">{\"@context\":\"https:\/\/schema.org\",\"@graph\":[{\"@type\":\"Article\",\"@id\":\"https:\/\/vieassociative.be\/actualites\/lowen-leuven-est-capitale-de-la-culture-en-europe-2030-gagne-contre-le-concurrent-namur-et-molenbeek\/#article\",\"isPartOf\":{\"@id\":\"https:\/\/vieassociative.be\/actualites\/lowen-leuven-est-capitale-de-la-culture-en-europe-2030-gagne-contre-le-concurrent-namur-et-molenbeek\/\"},\"author\":{\"name\":\"Julien\",\"@id\":\"https:\/\/vieassociative.be\/actualites\/#\/schema\/person\/b87ac4f82f9d4e7b7cec7395b679edc4\"},\"headline\":\"L\u00f6wen (Leuven) est capitale de la culture en Europe 2030 &#8211; gagne contre le concurrent Namur et Molenbeek\",\"datePublished\":\"2025-09-24T14:17:40+00:00\",\"dateModified\":\"2025-09-24T14:17:40+00:00\",\"mainEntityOfPage\":{\"@id\":\"https:\/\/vieassociative.be\/actualites\/lowen-leuven-est-capitale-de-la-culture-en-europe-2030-gagne-contre-le-concurrent-namur-et-molenbeek\/\"},\"wordCount\":586,\"publisher\":{\"@id\":\"https:\/\/vieassociative.be\/actualites\/#organization\"},\"image\":{\"@id\":\"https:\/\/vieassociative.be\/actualites\/lowen-leuven-est-capitale-de-la-culture-en-europe-2030-gagne-contre-le-concurrent-namur-et-molenbeek\/#primaryimage\"},\"thumbnailUrl\":\"https:\/\/vieassociative.be\/actualites\/wp-content\/uploads\/2025\/09\/Lowen-Leuven-est-capitale-de-la-culture-en-Europe-2030.jpeg\",\"keywords\":[\"capitale\",\"concurrent\",\"contre\",\"culture\",\"est\",\"Europe\",\"gagn\u00e9\",\"Leuven\",\"L\u00f6wen\",\"Molenbeek\",\"Namur\"],\"articleSection\":[\"Belgique\"],\"inLanguage\":\"fr-BE\"},{\"@type\":\"WebPage\",\"@id\":\"https:\/\/vieassociative.be\/actualites\/lowen-leuven-est-capitale-de-la-culture-en-europe-2030-gagne-contre-le-concurrent-namur-et-molenbeek\/\",\"url\":\"https:\/\/vieassociative.be\/actualites\/lowen-leuven-est-capitale-de-la-culture-en-europe-2030-gagne-contre-le-concurrent-namur-et-molenbeek\/\",\"name\":\"L\u00f6wen (Leuven) est capitale de la culture en Europe 2030 - gagne contre le concurrent Namur et Molenbeek | Vie Associative\",\"isPartOf\":{\"@id\":\"https:\/\/vieassociative.be\/actualites\/#website\"},\"primaryImageOfPage\":{\"@id\":\"https:\/\/vieassociative.be\/actualites\/lowen-leuven-est-capitale-de-la-culture-en-europe-2030-gagne-contre-le-concurrent-namur-et-molenbeek\/#primaryimage\"},\"image\":{\"@id\":\"https:\/\/vieassociative.be\/actualites\/lowen-leuven-est-capitale-de-la-culture-en-europe-2030-gagne-contre-le-concurrent-namur-et-molenbeek\/#primaryimage\"},\"thumbnailUrl\":\"https:\/\/vieassociative.be\/actualites\/wp-content\/uploads\/2025\/09\/Lowen-Leuven-est-capitale-de-la-culture-en-Europe-2030.jpeg\",\"datePublished\":\"2025-09-24T14:17:40+00:00\",\"dateModified\":\"2025-09-24T14:17:40+00:00\",\"breadcrumb\":{\"@id\":\"https:\/\/vieassociative.be\/actualites\/lowen-leuven-est-capitale-de-la-culture-en-europe-2030-gagne-contre-le-concurrent-namur-et-molenbeek\/#breadcrumb\"},\"inLanguage\":\"fr-BE\",\"potentialAction\":[{\"@type\":\"ReadAction\",\"target\":[\"https:\/\/vieassociative.be\/actualites\/lowen-leuven-est-capitale-de-la-culture-en-europe-2030-gagne-contre-le-concurrent-namur-et-molenbeek\/\"]}]},{\"@type\":\"ImageObject\",\"inLanguage\":\"fr-BE\",\"@id\":\"https:\/\/vieassociative.be\/actualites\/lowen-leuven-est-capitale-de-la-culture-en-europe-2030-gagne-contre-le-concurrent-namur-et-molenbeek\/#primaryimage\",\"url\":\"https:\/\/vieassociative.be\/actualites\/wp-content\/uploads\/2025\/09\/Lowen-Leuven-est-capitale-de-la-culture-en-Europe-2030.jpeg\",\"contentUrl\":\"https:\/\/vieassociative.be\/actualites\/wp-content\/uploads\/2025\/09\/Lowen-Leuven-est-capitale-de-la-culture-en-Europe-2030.jpeg\",\"width\":1000,\"height\":666,\"caption\":\"L\u00f6wen (Leuven) est capitale de la culture en Europe 2030 - gagne contre le concurrent Namur et Molenbeek\"},{\"@type\":\"BreadcrumbList\",\"@id\":\"https:\/\/vieassociative.be\/actualites\/lowen-leuven-est-capitale-de-la-culture-en-europe-2030-gagne-contre-le-concurrent-namur-et-molenbeek\/#breadcrumb\",\"itemListElement\":[{\"@type\":\"ListItem\",\"position\":1,\"name\":\"Accueil\",\"item\":\"https:\/\/vieassociative.be\/actualites\/\"},{\"@type\":\"ListItem\",\"position\":2,\"name\":\"L\u00f6wen (Leuven) est capitale de la culture en Europe 2030 &#8211; gagne contre le concurrent Namur et Molenbeek\"}]},{\"@type\":\"WebSite\",\"@id\":\"https:\/\/vieassociative.be\/actualites\/#website\",\"url\":\"https:\/\/vieassociative.be\/actualites\/\",\"name\":\"Vie Associative\",\"description\":\"\",\"publisher\":{\"@id\":\"https:\/\/vieassociative.be\/actualites\/#organization\"},\"potentialAction\":[{\"@type\":\"SearchAction\",\"target\":{\"@type\":\"EntryPoint\",\"urlTemplate\":\"https:\/\/vieassociative.be\/actualites\/?s={search_term_string}\"},\"query-input\":{\"@type\":\"PropertyValueSpecification\",\"valueRequired\":true,\"valueName\":\"search_term_string\"}}],\"inLanguage\":\"fr-BE\"},{\"@type\":\"Organization\",\"@id\":\"https:\/\/vieassociative.be\/actualites\/#organization\",\"name\":\"Vie Associative\",\"url\":\"https:\/\/vieassociative.be\/actualites\/\",\"logo\":{\"@type\":\"ImageObject\",\"inLanguage\":\"fr-BE\",\"@id\":\"https:\/\/vieassociative.be\/actualites\/#\/schema\/logo\/image\/\",\"url\":\"https:\/\/vieassociative.be\/actualites\/wp-content\/uploads\/2024\/09\/cropped-vieassociative_favicon.ico.png\",\"contentUrl\":\"https:\/\/vieassociative.be\/actualites\/wp-content\/uploads\/2024\/09\/cropped-vieassociative_favicon.ico.png\",\"width\":512,\"height\":512,\"caption\":\"Vie Associative\"},\"image\":{\"@id\":\"https:\/\/vieassociative.be\/actualites\/#\/schema\/logo\/image\/\"}},{\"@type\":\"Person\",\"@id\":\"https:\/\/vieassociative.be\/actualites\/#\/schema\/person\/b87ac4f82f9d4e7b7cec7395b679edc4\",\"name\":\"Julien\",\"image\":{\"@type\":\"ImageObject\",\"inLanguage\":\"fr-BE\",\"@id\":\"https:\/\/vieassociative.be\/actualites\/#\/schema\/person\/image\/\",\"url\":\"https:\/\/vieassociative.be\/actualites\/wp-content\/uploads\/2024\/09\/vie-associative-1-150x150.jpg\",\"contentUrl\":\"https:\/\/vieassociative.be\/actualites\/wp-content\/uploads\/2024\/09\/vie-associative-1-150x150.jpg\",\"caption\":\"Julien\"},\"description\":\"Je suis Julien, r\u00e9dacteur pour Vie Associative. Passionn\u00e9 par le monde associatif depuis plus de 10 ans, j'ai \u00e0 c\u0153ur de partager des histoires inspirantes et de mettre en lumi\u00e8re les initiatives locales. Mon objectif est de sensibiliser et d'encourager l'engagement communautaire \u00e0 travers mes articles.\",\"sameAs\":[\"https:\/\/vieassociative.be\/\"]}]}<\/script>\n<!-- \/ Yoast SEO plugin. -->","yoast_head_json":{"title":"L\u00f6wen (Leuven) est capitale de la culture en Europe 2030 - gagne contre le concurrent Namur et Molenbeek | Vie Associative","robots":{"index":"index","follow":"follow","max-snippet":"max-snippet:-1","max-image-preview":"max-image-preview:large","max-video-preview":"max-video-preview:-1"},"canonical":"https:\/\/vieassociative.be\/actualites\/lowen-leuven-est-capitale-de-la-culture-en-europe-2030-gagne-contre-le-concurrent-namur-et-molenbeek\/","og_locale":"fr_FR","og_type":"article","og_title":"L\u00f6wen (Leuven) est capitale de la culture en Europe 2030 - gagne contre le concurrent Namur et Molenbeek | Vie Associative","og_description":"Un jury international ind\u00e9pendant a nomm\u00e9 L\u00f6wen (Louvain) comme capitale de la culture en Europe en 2030. La ville universitaire et la capitale de la","og_url":"https:\/\/vieassociative.be\/actualites\/lowen-leuven-est-capitale-de-la-culture-en-europe-2030-gagne-contre-le-concurrent-namur-et-molenbeek\/","og_site_name":"Vie Associative","article_published_time":"2025-09-24T14:17:40+00:00","og_image":[{"width":279,"height":92,"url":"https:\/\/vieassociative.be\/actualites\/wp-content\/uploads\/2024\/09\/header_backgroundk-01-e1726694325946.png","type":"image\/png"}],"author":"Julien","twitter_card":"summary_large_image","twitter_misc":{"\u00c9crit par":"Julien","Dur\u00e9e de lecture est.":"3 minutes"},"schema":{"@context":"https:\/\/schema.org","@graph":[{"@type":"Article","@id":"https:\/\/vieassociative.be\/actualites\/lowen-leuven-est-capitale-de-la-culture-en-europe-2030-gagne-contre-le-concurrent-namur-et-molenbeek\/#article","isPartOf":{"@id":"https:\/\/vieassociative.be\/actualites\/lowen-leuven-est-capitale-de-la-culture-en-europe-2030-gagne-contre-le-concurrent-namur-et-molenbeek\/"},"author":{"name":"Julien","@id":"https:\/\/vieassociative.be\/actualites\/#\/schema\/person\/b87ac4f82f9d4e7b7cec7395b679edc4"},"headline":"L\u00f6wen (Leuven) est capitale de la culture en Europe 2030 &#8211; gagne contre le concurrent Namur et Molenbeek","datePublished":"2025-09-24T14:17:40+00:00","dateModified":"2025-09-24T14:17:40+00:00","mainEntityOfPage":{"@id":"https:\/\/vieassociative.be\/actualites\/lowen-leuven-est-capitale-de-la-culture-en-europe-2030-gagne-contre-le-concurrent-namur-et-molenbeek\/"},"wordCount":586,"publisher":{"@id":"https:\/\/vieassociative.be\/actualites\/#organization"},"image":{"@id":"https:\/\/vieassociative.be\/actualites\/lowen-leuven-est-capitale-de-la-culture-en-europe-2030-gagne-contre-le-concurrent-namur-et-molenbeek\/#primaryimage"},"thumbnailUrl":"https:\/\/vieassociative.be\/actualites\/wp-content\/uploads\/2025\/09\/Lowen-Leuven-est-capitale-de-la-culture-en-Europe-2030.jpeg","keywords":["capitale","concurrent","contre","culture","est","Europe","gagn\u00e9","Leuven","L\u00f6wen","Molenbeek","Namur"],"articleSection":["Belgique"],"inLanguage":"fr-BE"},{"@type":"WebPage","@id":"https:\/\/vieassociative.be\/actualites\/lowen-leuven-est-capitale-de-la-culture-en-europe-2030-gagne-contre-le-concurrent-namur-et-molenbeek\/","url":"https:\/\/vieassociative.be\/actualites\/lowen-leuven-est-capitale-de-la-culture-en-europe-2030-gagne-contre-le-concurrent-namur-et-molenbeek\/","name":"L\u00f6wen (Leuven) est capitale de la culture en Europe 2030 - gagne contre le concurrent Namur et Molenbeek | Vie Associative","isPartOf":{"@id":"https:\/\/vieassociative.be\/actualites\/#website"},"primaryImageOfPage":{"@id":"https:\/\/vieassociative.be\/actualites\/lowen-leuven-est-capitale-de-la-culture-en-europe-2030-gagne-contre-le-concurrent-namur-et-molenbeek\/#primaryimage"},"image":{"@id":"https:\/\/vieassociative.be\/actualites\/lowen-leuven-est-capitale-de-la-culture-en-europe-2030-gagne-contre-le-concurrent-namur-et-molenbeek\/#primaryimage"},"thumbnailUrl":"https:\/\/vieassociative.be\/actualites\/wp-content\/uploads\/2025\/09\/Lowen-Leuven-est-capitale-de-la-culture-en-Europe-2030.jpeg","datePublished":"2025-09-24T14:17:40+00:00","dateModified":"2025-09-24T14:17:40+00:00","breadcrumb":{"@id":"https:\/\/vieassociative.be\/actualites\/lowen-leuven-est-capitale-de-la-culture-en-europe-2030-gagne-contre-le-concurrent-namur-et-molenbeek\/#breadcrumb"},"inLanguage":"fr-BE","potentialAction":[{"@type":"ReadAction","target":["https:\/\/vieassociative.be\/actualites\/lowen-leuven-est-capitale-de-la-culture-en-europe-2030-gagne-contre-le-concurrent-namur-et-molenbeek\/"]}]},{"@type":"ImageObject","inLanguage":"fr-BE","@id":"https:\/\/vieassociative.be\/actualites\/lowen-leuven-est-capitale-de-la-culture-en-europe-2030-gagne-contre-le-concurrent-namur-et-molenbeek\/#primaryimage","url":"https:\/\/vieassociative.be\/actualites\/wp-content\/uploads\/2025\/09\/Lowen-Leuven-est-capitale-de-la-culture-en-Europe-2030.jpeg","contentUrl":"https:\/\/vieassociative.be\/actualites\/wp-content\/uploads\/2025\/09\/Lowen-Leuven-est-capitale-de-la-culture-en-Europe-2030.jpeg","width":1000,"height":666,"caption":"L\u00f6wen (Leuven) est capitale de la culture en Europe 2030 - gagne contre le concurrent Namur et Molenbeek"},{"@type":"BreadcrumbList","@id":"https:\/\/vieassociative.be\/actualites\/lowen-leuven-est-capitale-de-la-culture-en-europe-2030-gagne-contre-le-concurrent-namur-et-molenbeek\/#breadcrumb","itemListElement":[{"@type":"ListItem","position":1,"name":"Accueil","item":"https:\/\/vieassociative.be\/actualites\/"},{"@type":"ListItem","position":2,"name":"L\u00f6wen (Leuven) est capitale de la culture en Europe 2030 &#8211; gagne contre le concurrent Namur et Molenbeek"}]},{"@type":"WebSite","@id":"https:\/\/vieassociative.be\/actualites\/#website","url":"https:\/\/vieassociative.be\/actualites\/","name":"Vie Associative","description":"","publisher":{"@id":"https:\/\/vieassociative.be\/actualites\/#organization"},"potentialAction":[{"@type":"SearchAction","target":{"@type":"EntryPoint","urlTemplate":"https:\/\/vieassociative.be\/actualites\/?s={search_term_string}"},"query-input":{"@type":"PropertyValueSpecification","valueRequired":true,"valueName":"search_term_string"}}],"inLanguage":"fr-BE"},{"@type":"Organization","@id":"https:\/\/vieassociative.be\/actualites\/#organization","name":"Vie Associative","url":"https:\/\/vieassociative.be\/actualites\/","logo":{"@type":"ImageObject","inLanguage":"fr-BE","@id":"https:\/\/vieassociative.be\/actualites\/#\/schema\/logo\/image\/","url":"https:\/\/vieassociative.be\/actualites\/wp-content\/uploads\/2024\/09\/cropped-vieassociative_favicon.ico.png","contentUrl":"https:\/\/vieassociative.be\/actualites\/wp-content\/uploads\/2024\/09\/cropped-vieassociative_favicon.ico.png","width":512,"height":512,"caption":"Vie Associative"},"image":{"@id":"https:\/\/vieassociative.be\/actualites\/#\/schema\/logo\/image\/"}},{"@type":"Person","@id":"https:\/\/vieassociative.be\/actualites\/#\/schema\/person\/b87ac4f82f9d4e7b7cec7395b679edc4","name":"Julien","image":{"@type":"ImageObject","inLanguage":"fr-BE","@id":"https:\/\/vieassociative.be\/actualites\/#\/schema\/person\/image\/","url":"https:\/\/vieassociative.be\/actualites\/wp-content\/uploads\/2024\/09\/vie-associative-1-150x150.jpg","contentUrl":"https:\/\/vieassociative.be\/actualites\/wp-content\/uploads\/2024\/09\/vie-associative-1-150x150.jpg","caption":"Julien"},"description":"Je suis Julien, r\u00e9dacteur pour Vie Associative. Passionn\u00e9 par le monde associatif depuis plus de 10 ans, j'ai \u00e0 c\u0153ur de partager des histoires inspirantes et de mettre en lumi\u00e8re les initiatives locales. Mon objectif est de sensibiliser et d'encourager l'engagement communautaire \u00e0 travers mes articles.","sameAs":["https:\/\/vieassociative.be\/"]}]}},"_links":{"self":[{"href":"https:\/\/vieassociative.be\/actualites\/wp-json\/wp\/v2\/posts\/10225"}],"collection":[{"href":"https:\/\/vieassociative.be\/actualites\/wp-json\/wp\/v2\/posts"}],"about":[{"href":"https:\/\/vieassociative.be\/actualites\/wp-json\/wp\/v2\/types\/post"}],"author":[{"embeddable":true,"href":"https:\/\/vieassociative.be\/actualites\/wp-json\/wp\/v2\/users\/1"}],"replies":[{"embeddable":true,"href":"https:\/\/vieassociative.be\/actualites\/wp-json\/wp\/v2\/comments?post=10225"}],"version-history":[{"count":0,"href":"https:\/\/vieassociative.be\/actualites\/wp-json\/wp\/v2\/posts\/10225\/revisions"}],"wp:featuredmedia":[{"embeddable":true,"href":"https:\/\/vieassociative.be\/actualites\/wp-json\/wp\/v2\/media\/10226"}],"wp:attachment":[{"href":"https:\/\/vieassociative.be\/actualites\/wp-json\/wp\/v2\/media?parent=10225"}],"wp:term":[{"taxonomy":"category","embeddable":true,"href":"https:\/\/vieassociative.be\/actualites\/wp-json\/wp\/v2\/categories?post=10225"},{"taxonomy":"post_tag","embeddable":true,"href":"https:\/\/vieassociative.be\/actualites\/wp-json\/wp\/v2\/tags?post=10225"}],"curies":[{"name":"wp","href":"https:\/\/api.w.org\/{rel}","templated":true}]}}