{"id":10221,"date":"2025-09-24T09:17:38","date_gmt":"2025-09-24T07:17:38","guid":{"rendered":"https:\/\/vieassociative.be\/actualites\/ce-que-vous-devriez-reellement-savoir-sur-le-tylenol-et-la-grossesse\/"},"modified":"2025-09-24T09:17:38","modified_gmt":"2025-09-24T07:17:38","slug":"ce-que-vous-devriez-reellement-savoir-sur-le-tylenol-et-la-grossesse","status":"publish","type":"post","link":"https:\/\/vieassociative.be\/actualites\/ce-que-vous-devriez-reellement-savoir-sur-le-tylenol-et-la-grossesse\/","title":{"rendered":"Ce que vous devriez r\u00e9ellement savoir sur le Tylenol et la grossesse"},"content":{"rendered":"<div class=\"mt-4 leading-6 md:mb-8\">Non, les \u00e9tudes ne montrent pas que cela provoque l&rsquo;autisme.<\/div>\n<p><\/p>\n<p><em>Saviez-vous que vous pouvez personnaliser Google pour filtrer les ordures? Prendre ces \u00e9tapes<\/em><em>  Pour de meilleurs r\u00e9sultats de recherche, notamment en ajoutant mon travail chez Vie Associative comme source pr\u00e9f\u00e9r\u00e9e<\/em><em>.<\/em><\/p>\n<hr>\n<p>Lors d&rsquo;une conf\u00e9rence de presse, enti\u00e8rement divorc\u00e9e de la r\u00e9alit\u00e9, les scientifiques et les m\u00e9decins le comprennent, le pr\u00e9sident Trump a annonc\u00e9 hier que la FDA allait avertir les prestataires et les patients loin de l&rsquo;ac\u00e9taminoph\u00e8ne (comme le Tylenol) pendant la grossesse. Il y avait d&rsquo;autres affirmations non fond\u00e9es sur les vaccins et l&rsquo;autisme m\u00e9lang\u00e9s, alors permettez-moi de briser ce qui est r\u00e9ellement connu et compris ici. <\/p>\n<h2 id=\"what-is-acetaminophen\">Qu&rsquo;est-ce que l&rsquo;ac\u00e9taminoph\u00e8ne? <\/h2>\n<p>L&rsquo;ac\u00e9taminoph\u00e8ne est un m\u00e9dicament en vente libre utilis\u00e9 pour soulager la douleur et les fi\u00e8vres. Les produits phares de la soci\u00e9t\u00e9 de Tylenol sont des pilules et des sirops d&rsquo;ac\u00e9taminoph\u00e8ne, mais Tylenol vend \u00e9galement d&rsquo;autres produits, y compris des m\u00e9dicaments avec un m\u00e9lange d&rsquo;ingr\u00e9dients actifs. (V\u00e9rifiez toujours l&rsquo;\u00e9tiquette des faits sur les m\u00e9dicaments lorsque vous prenez des m\u00e9dicaments pour savoir ce que vous obtenez.) Je vais souvent utiliser le mot Tylenol, car il est plus connu, mais l&rsquo;ac\u00e9taminoph\u00e8ne est \u00e9galement disponible dans d&rsquo;autres produits, comme Excedrin et Nyquil.<\/p>\n<div class=\"mx-auto mb-12 mt-5 w-full max-w-3xl rounded-md border-2 border-gray-100 p-3 shadow-md md:px-7 md:pb-7 md:pt-5\" id=\"related-video\">\n<div class=\"mb-3 flex items-center md:mb-5\">\n        <img decoding=\"async\" class=\"mr-4 mt-0 h-10 w-10 md:mr-5 md:h-12 md:w-12\" src=\"https:\/\/vieassociative.be\/actualites\/wp-content\/uploads\/2025\/09\/1757726237_608_Meta-pourrait-devoiler-une-montre-intelligente-pour-controler-ses-lunettes.jpg\" alt=\"Logo Lifehacker\"><\/p><\/div>\n<div class=\"aspect-video w-full overflow-hidden rounded-md\">\n<div id=\"video-container-01K5X7A05BFDKR3MJ48XDCSBT8\"><\/div>\n<\/p><\/div>\n<\/div>\n<p>En dehors des \u00c9tats-Unis, l&rsquo;ac\u00e9taminoph\u00e8ne est souvent connu sous le nom de parac\u00e9tamol: m\u00eame m\u00e9dicament, nom g\u00e9n\u00e9rique diff\u00e9rent, bien que Trump semble avoir coll\u00e9 avec le nom de marque Tylenol lors de la conf\u00e9rence de presse. La soci\u00e9t\u00e9 Tylenol a d\u00e9sormais un pop-up sur son site Web en pointant des clients vers cette r\u00e9ponse, qui souligne correctement qu&rsquo;il n&rsquo;y a pas de lien cr\u00e9dible entre le Tylenol et l&rsquo;autisme.<\/p>\n<h2 id=\"what-the-science-actually-says-about-acetaminophen-and-autism\">Ce que la science dit r\u00e9ellement sur l&rsquo;ac\u00e9taminoph\u00e8ne et l&rsquo;autisme <\/h2>\n<p>La r\u00e9ponse courte: il n&rsquo;y a pas de lien cr\u00e9dible entre l&rsquo;autisme et l&rsquo;utilisation d&rsquo;ac\u00e9taminoph\u00e8ne pendant la grossesse. Mais le secr\u00e9taire du HHS, Robert F. Kennedy, Jr., Sorta-Kinda a parl\u00e9 correctement lorsque, lors de la conf\u00e9rence de presse, il a d\u00e9clar\u00e9 qu&rsquo;il y avait des \u00e9tudes qui sugg\u00e8rent un lien potentiel \u00ab\u00a0entre l&rsquo;ac\u00e9taminoph\u00e8ne et l&rsquo;autisme. Par exemple, une revue publi\u00e9e cette ann\u00e9e (pas une \u00e9tude elle-m\u00eame, mais une analyse des \u00e9tudes ant\u00e9rieures) a r\u00e9v\u00e9l\u00e9 que certaines \u00e9tudes montrent en fait un lien entre l&rsquo;utilisation d&rsquo;ac\u00e9taminoph\u00e8ne pendant la grossesse et l&rsquo;autisme, bien que les preuves soient mitig\u00e9es. <\/p>\n<p>Un communiqu\u00e9 de presse sur l&rsquo;examen a not\u00e9: \u00ab <strong>L&rsquo;\u00e9tude ne montre pas que l&rsquo;ac\u00e9taminoph\u00e8ne provoque directement des troubles neurod\u00e9veloppementaux<\/strong> (met l&rsquo;accent sur la mine), les r\u00e9sultats de l&rsquo;\u00e9quipe de recherche renforcent les preuves d&rsquo;une connexion et soul\u00e8vent des pr\u00e9occupations concernant les pratiques cliniques actuelles. \u00bb Cela dit, il semble que la plupart des experts m\u00e9dicaux ne soient pas convaincus que cette revue, ou les \u00e9tudes qui pr\u00e9tendaient trouver un lien, sont suffisamment fortes pour changer de pratique clinique. <\/p>\n<p>Alors pourquoi cela ne compte-t-il pas comme des preuves solides? Une association (deux choses ont tendance \u00e0 se produire ensemble) n&rsquo;est pas la m\u00eame que la causalit\u00e9 (cette chose provoque d\u00e9finitivement cette chose). Les personnes qui prennent de l&rsquo;ac\u00e9taminoph\u00e8ne pendant la grossesse ont tendance \u00e0 \u00eatre diff\u00e9rentes de celles qui ne le font pas &#8211; par exemple, si quelqu&rsquo;un prend du Tylenol pendant la grossesse parce qu&rsquo;ils sont malades, cela peut \u00eatre la maladie plut\u00f4t que le Tylenol qui est le facteur de risque. Ou les personnes qui prennent du Tylenol peuvent \u00eatre diff\u00e9rentes des personnes qui ne le font pas d&rsquo;une autre mani\u00e8re.<\/p>\n<p>Une grande \u00e9tude publi\u00e9e l&rsquo;ann\u00e9e derni\u00e8re en a pris en compte. Les chercheurs ont examin\u00e9 2,5 millions d&rsquo;enfants en Su\u00e8de, et leur analyse initiale a r\u00e9v\u00e9l\u00e9 une augmentation du risque d&rsquo;autisme chez les enfants dont les m\u00e8res avaient pris de l&rsquo;ac\u00e9taminoph\u00e8ne. Mais ensuite, ils ont examin\u00e9 si cette relation r\u00e9sonnait entre des paires de fr\u00e8res et s\u0153urs, o\u00f9 l&rsquo;un a \u00e9t\u00e9 expos\u00e9 \u00e0 l&rsquo;ac\u00e9taminoph\u00e8ne in utero et l&rsquo;autre ne l&rsquo;\u00e9tait pas. Et la relation a disparu. <\/p>\n<p>En d&rsquo;autres termes, si l&rsquo;ac\u00e9taminoph\u00e8ne augmentait le risque d&rsquo;autisme, vous vous attendez \u00e0 ce que le fr\u00e8re expos\u00e9 au m\u00e9dicament in utero ait une plus grande probabilit\u00e9 d&rsquo;autisme que leur fr\u00e8re qui ne l&rsquo;\u00e9tait pas. Mais ce n&rsquo;\u00e9tait pas le cas. Au lieu de cela, il semble un peu <em>familles<\/em> Ayez une probabilit\u00e9 plus \u00e9lev\u00e9e que les autres d&rsquo;avoir des enfants autistes, et prendre de l&rsquo;ac\u00e9taminoph\u00e8ne n&rsquo;augmente pas le risque au sein de cette famille. <\/p>\n<h2 id=\"what-medical-experts-say-about-acetaminophen-in-pregnancy\">Ce que disent les experts m\u00e9dicaux sur l&rsquo;ac\u00e9taminoph\u00e8ne pendant la grossesse<\/h2>\n<p>L&rsquo;ac\u00e9taminoph\u00e8ne (y compris le tyl\u00e9nol) est g\u00e9n\u00e9ralement consid\u00e9r\u00e9 comme le soulagement de la douleur le plus s\u00fbr \u00e0 utiliser pendant la grossesse. D&rsquo;autres alternatives courantes, comme l&rsquo;ibuprof\u00e8ne, ont des risques connus et ne sont pas recommand\u00e9s si vous \u00eates en mesure de prendre de l&rsquo;ac\u00e9taminoph\u00e8ne \u00e0 la place. Les experts m\u00e9dicaux conviennent \u00e9galement qu&rsquo;il est dangereux de laisser de la douleur et de la fi\u00e8vre non trait\u00e9s pendant la grossesse. <\/p>\n<p>Plusieurs organisations m\u00e9dicales ont publi\u00e9 des d\u00e9clarations en r\u00e9ponse \u00e0 la conf\u00e9rence de presse du pr\u00e9sident, qui valent la peine d&rsquo;\u00eatre lues en entier, mais voici quelques citations cl\u00e9s de chacun: <\/p>\n<p>Le <strong>Coll\u00e8ge am\u00e9ricain des obst\u00e9triciens et gyn\u00e9cologues<\/strong> Dit dans un communiqu\u00e9: \u00ab\u00a0Les suggestions que l&rsquo;utilisation d&rsquo;ac\u00e9taminoph\u00e8ne provoque une grossesse provoque non seulement des choses concernant les cliniciens, mais \u00e9galement irresponsables si l&rsquo;on consid\u00e8re le message nocif et d\u00e9routant qu&rsquo;ils envoient aux patients enceintes, y compris ceux qui peuvent avoir besoin de s&rsquo;appuyer sur ce m\u00e9dicament b\u00e9n\u00e9fique pendant la grossesse.\u00a0\u00bb La d\u00e9claration continue en discutant de la force des preuves, affirmant qu &lsquo;\u00abaucune \u00e9tude r\u00e9put\u00e9e unique n&rsquo;a conclu avec succ\u00e8s que l&rsquo;utilisation d&rsquo;ac\u00e9taminoph\u00e8ne dans un trimestre de la grossesse provoque des troubles neurod\u00e9veloppementaux chez les enfants.\u00bb<\/p>\n<p>Le <strong>Soci\u00e9t\u00e9 pour la m\u00e9decine f\u0153tale maternelle<\/strong> a d\u00e9clar\u00e9 dans leur d\u00e9claration: \u00abEn r\u00e9ponse \u00e0 l&rsquo;annonce de la conf\u00e9rence de presse de la Maison Blanche d&rsquo;aujourd&rsquo;hui, la Society for Maternal-Fetal Medicine (SMFM) r\u00e9it\u00e8re sa recommandation conseillant \u00e0 la fois des m\u00e9decins et des patients selon lesque Le trouble (TDAH) chez les enfants n&rsquo;a pas \u00e9tabli de relation causale. \u00bb<\/p>\n<p>Le <strong>American Academy of Pediatrics<\/strong> a d\u00e9clar\u00e9 dans leur d\u00e9claration: \u00abL&rsquo;\u00e9v\u00e9nement de la Maison Blanche d&rsquo;aujourd&rsquo;hui a \u00e9t\u00e9 rempli de revendications dangereuses et d&rsquo;informations trompeuses qui envoient un message d\u00e9routant aux parents et attendaient les parents et ne rendent pas service aux personnes autistes.\u2026 Les familles qui ont des questions sur les m\u00e9dicaments de leur enfant, les plans de soins autistes ou d&rsquo;autres soins de sant\u00e9 devraient consulter leur p\u00e9diatre ou leur fournisseur de soins de sant\u00e9.\u00bb<\/p>\n<p>Le <strong>Fondation des sciences de l&rsquo;autisme<\/strong> a d\u00e9clar\u00e9 dans leur d\u00e9claration: \u00ab\u00a0Toute association entre l&rsquo;ac\u00e9taminoph\u00e8ne et l&rsquo;autisme est bas\u00e9e sur des sciences limit\u00e9es, contradictoires et incoh\u00e9rentes et est pr\u00e9matur\u00e9\u2026 L&rsquo;annonce d&rsquo;aujourd&rsquo;hui distrait du travail scientifique urgent n\u00e9cessaire pour comprendre les vraies causes de l&rsquo;autisme et d\u00e9velopper de meilleurs soutiens et interventions pour les personnes autistes et leurs familles.\u00a0\u00bb<\/p>\n<p>Le <strong>Agence europ\u00e9enne des m\u00e9dicaments<\/strong>qui joue un r\u00f4le similaire en Europe que la FDA aux \u00c9tats-Unis, a publi\u00e9 une d\u00e9claration selon laquelle il n&rsquo;y a pas de nouvelles preuves qui n\u00e9cessiteraient de r\u00e9\u00e9valuer le statut ou l&rsquo;\u00e9tiquetage de l&rsquo;ac\u00e9taminoph\u00e8ne, qu&rsquo;ils appellent le parac\u00e9tamol. \u00abLe parac\u00e9tamol reste une option importante pour traiter la douleur ou la fi\u00e8vre chez les femmes enceintes. Nos conseils sont bas\u00e9s sur une \u00e9valuation rigoureuse des donn\u00e9es scientifiques disponibles et nous n&rsquo;avons trouv\u00e9 aucune preuve que la prise de parac\u00e9tamol pendant la grossesse provoque l&rsquo;autisme chez les enfants.\u00bb<\/p>\n<h2 id=\"there-is-no-evidence-that-vaccines-cause-autism-either\">Il n&rsquo;y a aucune preuve que les vaccins provoquent l&rsquo;autisme, soit <\/h2>\n<p>La conf\u00e9rence de presse a \u00e9galement r\u00e9p\u00e9t\u00e9 les mythes depuis longtemps sur les vaccins et l&rsquo;autisme. Il n&rsquo;y a pas de lien cr\u00e9dible ici, soit aux vaccins en g\u00e9n\u00e9ral, \u00e0 des ingr\u00e9dients de vaccins sp\u00e9cifiques comme le mercure, soit \u00e0 des vaccins combin\u00e9s comme le MMR (vaccin contre la rougeole-rubelle). <\/p>\n<p>Et je ne devrais pas avoir \u00e0 le dire \u00e0 n&rsquo;importe quel parent, mais les b\u00e9b\u00e9s ne sont en fait pas \u00abpomp\u00e9s\u00bb avec une \u00abTVA\u00bb de \u00ab80 vaccins diff\u00e9rents\u00bb lors de \u00abune visite\u00bb, comme l&rsquo;a affirm\u00e9 Trump. Les b\u00e9b\u00e9s voient le p\u00e9diatre tous les quelques mois au cours de leur premi\u00e8re ann\u00e9e de vie, obtenant quelques coups \u00e0 chaque fois, dont beaucoup sont des vaccins combin\u00e9s (pas seulement le MMR). Beaucoup de ces vaccins doivent \u00eatre administr\u00e9s \u00e0 plusieurs doses &#8211; ce n&rsquo;est pas un coup de seule et de fait pour chacun. <\/p>\n<p>Il n&rsquo;est donc pas vrai que s\u00e9parer le ROR en ses composants n&rsquo;a \u00abaucun inconv\u00e9nient\u00bb. Diviser les coups de feu signifie que les enfants obtiennent <em>plus<\/em> Les b\u00e2tons d&rsquo;aiguille et retardant la date \u00e0 laquelle ils obtiendront leur derni\u00e8re dose de chacun et seront enti\u00e8rement prot\u00e9g\u00e9s. (Le panel consultatif contre les vaccins du CDC, qui a \u00e9t\u00e9 vid\u00e9 de ses experts de longue date et rempli de remplacements controvers\u00e9s tri\u00e9s sur le volet par le secr\u00e9taire du HHS, qui a longtemps \u00e9t\u00e9 un activiste anti-vaccin, a d\u00e9j\u00e0 vot\u00e9 pour \u00e9liminer le vaccin combin\u00e9 MMR-Chickenpox comme une option standard pour les jeunes enfants.).). <\/p>\n<p>Trump a \u00e9galement r\u00e9p\u00e9t\u00e9 le mythe selon lequel il n&rsquo;y a aucune raison pour les b\u00e9b\u00e9s d&rsquo;obtenir des coups d&rsquo;h\u00e9patite B \u00e0 la naissance. L&rsquo;h\u00e9patite B peut \u00eatre transmissible sexuellement, bien s\u00fbr, mais ce n&rsquo;est pas <em>seulement<\/em> transmissible sexuellement. Les b\u00e9b\u00e9s peuvent l&rsquo;obtenir \u00e0 la naissance d&rsquo;un parent qui ne sait pas qu&rsquo;ils l&rsquo;ont; Ils peuvent \u00e9galement l&rsquo;obtenir pendant l&rsquo;enfance \u00e0 partir de diverses expositions non sexuelles et non m\u00e9dicamenteuses. L&rsquo;h\u00e9patite B est une maladie plus grave, plus vous l&rsquo;obtenez, <em>et<\/em> C&rsquo;est l&rsquo;un des vaccins que les syst\u00e8mes immunitaires des b\u00e9b\u00e9s peuvent traiter m\u00eame \u00e0 ces premiers jours (tous les vaccins ne fonctionneront pas plus t\u00f4t), donc le calcul du risque-avantage est facile: ce vaccin, comme d&rsquo;autres, offre aux enfants une v\u00e9ritable protection.<\/p>\n","protected":false},"excerpt":{"rendered":"<p>Non, les \u00e9tudes ne montrent pas que cela provoque l&rsquo;autisme. Saviez-vous que vous pouvez personnaliser Google pour filtrer les ordures? Prendre ces \u00e9tapes Pour de<\/p>\n","protected":false},"author":1,"featured_media":10222,"comment_status":"","ping_status":"","sticky":false,"template":"","format":"standard","meta":{"footnotes":""},"categories":[38],"tags":[636,8454,85,183,33,8650,4],"class_list":["post-10221","post","type-post","status-publish","format-standard","has-post-thumbnail","hentry","category-sante","tag-devriez","tag-grossesse","tag-reellement","tag-savoir","tag-sur","tag-tylenol","tag-vous","generate-columns","tablet-grid-50","mobile-grid-100","grid-parent","grid-33"],"yoast_head":"<!-- This site is optimized with the Yoast SEO plugin v24.0 - https:\/\/yoast.com\/wordpress\/plugins\/seo\/ -->\n<title>Ce que vous devriez r\u00e9ellement savoir sur le Tylenol et la grossesse | Vie Associative<\/title>\n<meta name=\"robots\" content=\"index, follow, max-snippet:-1, max-image-preview:large, max-video-preview:-1\" \/>\n<link rel=\"canonical\" href=\"https:\/\/vieassociative.be\/actualites\/ce-que-vous-devriez-reellement-savoir-sur-le-tylenol-et-la-grossesse\/\" \/>\n<meta property=\"og:locale\" content=\"fr_FR\" \/>\n<meta property=\"og:type\" content=\"article\" \/>\n<meta property=\"og:title\" content=\"Ce que vous devriez r\u00e9ellement savoir sur le Tylenol et la grossesse | Vie Associative\" \/>\n<meta property=\"og:description\" content=\"Non, les \u00e9tudes ne montrent pas que cela provoque l&rsquo;autisme. Saviez-vous que vous pouvez personnaliser Google pour filtrer les ordures? Prendre ces \u00e9tapes Pour de\" \/>\n<meta property=\"og:url\" content=\"https:\/\/vieassociative.be\/actualites\/ce-que-vous-devriez-reellement-savoir-sur-le-tylenol-et-la-grossesse\/\" \/>\n<meta property=\"og:site_name\" content=\"Vie Associative\" \/>\n<meta property=\"article:published_time\" content=\"2025-09-24T07:17:38+00:00\" \/>\n<meta property=\"og:image\" content=\"https:\/\/vieassociative.be\/actualites\/wp-content\/uploads\/2025\/09\/1757726237_608_Meta-pourrait-devoiler-une-montre-intelligente-pour-controler-ses-lunettes.jpg\" \/>\n<meta name=\"author\" content=\"Julien\" \/>\n<meta name=\"twitter:card\" content=\"summary_large_image\" \/>\n<meta name=\"twitter:label1\" content=\"\u00c9crit par\" \/>\n\t<meta name=\"twitter:data1\" content=\"Julien\" \/>\n\t<meta name=\"twitter:label2\" content=\"Dur\u00e9e de lecture est.\" \/>\n\t<meta name=\"twitter:data2\" content=\"9 minutes\" \/>\n<script type=\"application\/ld+json\" class=\"yoast-schema-graph\">{\"@context\":\"https:\/\/schema.org\",\"@graph\":[{\"@type\":\"Article\",\"@id\":\"https:\/\/vieassociative.be\/actualites\/ce-que-vous-devriez-reellement-savoir-sur-le-tylenol-et-la-grossesse\/#article\",\"isPartOf\":{\"@id\":\"https:\/\/vieassociative.be\/actualites\/ce-que-vous-devriez-reellement-savoir-sur-le-tylenol-et-la-grossesse\/\"},\"author\":{\"name\":\"Julien\",\"@id\":\"https:\/\/vieassociative.be\/actualites\/#\/schema\/person\/b87ac4f82f9d4e7b7cec7395b679edc4\"},\"headline\":\"Ce que vous devriez r\u00e9ellement savoir sur le Tylenol et la grossesse\",\"datePublished\":\"2025-09-24T07:17:38+00:00\",\"dateModified\":\"2025-09-24T07:17:38+00:00\",\"mainEntityOfPage\":{\"@id\":\"https:\/\/vieassociative.be\/actualites\/ce-que-vous-devriez-reellement-savoir-sur-le-tylenol-et-la-grossesse\/\"},\"wordCount\":1922,\"publisher\":{\"@id\":\"https:\/\/vieassociative.be\/actualites\/#organization\"},\"image\":{\"@id\":\"https:\/\/vieassociative.be\/actualites\/ce-que-vous-devriez-reellement-savoir-sur-le-tylenol-et-la-grossesse\/#primaryimage\"},\"thumbnailUrl\":\"https:\/\/vieassociative.be\/actualites\/wp-content\/uploads\/2025\/09\/Ce-que-vous-devriez-reellement-savoir-sur-le-Tylenol-et.jpg\",\"keywords\":[\"devriez\",\"grossesse\",\"r\u00e9ellement\",\"savoir\",\"sur\",\"Tylenol\",\"Vous\"],\"articleSection\":[\"Sant\u00e9\"],\"inLanguage\":\"fr-BE\"},{\"@type\":\"WebPage\",\"@id\":\"https:\/\/vieassociative.be\/actualites\/ce-que-vous-devriez-reellement-savoir-sur-le-tylenol-et-la-grossesse\/\",\"url\":\"https:\/\/vieassociative.be\/actualites\/ce-que-vous-devriez-reellement-savoir-sur-le-tylenol-et-la-grossesse\/\",\"name\":\"Ce que vous devriez r\u00e9ellement savoir sur le Tylenol et la grossesse | Vie Associative\",\"isPartOf\":{\"@id\":\"https:\/\/vieassociative.be\/actualites\/#website\"},\"primaryImageOfPage\":{\"@id\":\"https:\/\/vieassociative.be\/actualites\/ce-que-vous-devriez-reellement-savoir-sur-le-tylenol-et-la-grossesse\/#primaryimage\"},\"image\":{\"@id\":\"https:\/\/vieassociative.be\/actualites\/ce-que-vous-devriez-reellement-savoir-sur-le-tylenol-et-la-grossesse\/#primaryimage\"},\"thumbnailUrl\":\"https:\/\/vieassociative.be\/actualites\/wp-content\/uploads\/2025\/09\/Ce-que-vous-devriez-reellement-savoir-sur-le-Tylenol-et.jpg\",\"datePublished\":\"2025-09-24T07:17:38+00:00\",\"dateModified\":\"2025-09-24T07:17:38+00:00\",\"breadcrumb\":{\"@id\":\"https:\/\/vieassociative.be\/actualites\/ce-que-vous-devriez-reellement-savoir-sur-le-tylenol-et-la-grossesse\/#breadcrumb\"},\"inLanguage\":\"fr-BE\",\"potentialAction\":[{\"@type\":\"ReadAction\",\"target\":[\"https:\/\/vieassociative.be\/actualites\/ce-que-vous-devriez-reellement-savoir-sur-le-tylenol-et-la-grossesse\/\"]}]},{\"@type\":\"ImageObject\",\"inLanguage\":\"fr-BE\",\"@id\":\"https:\/\/vieassociative.be\/actualites\/ce-que-vous-devriez-reellement-savoir-sur-le-tylenol-et-la-grossesse\/#primaryimage\",\"url\":\"https:\/\/vieassociative.be\/actualites\/wp-content\/uploads\/2025\/09\/Ce-que-vous-devriez-reellement-savoir-sur-le-Tylenol-et.jpg\",\"contentUrl\":\"https:\/\/vieassociative.be\/actualites\/wp-content\/uploads\/2025\/09\/Ce-que-vous-devriez-reellement-savoir-sur-le-Tylenol-et.jpg\",\"width\":1200,\"height\":675,\"caption\":\"Ce que vous devriez r\u00e9ellement savoir sur le Tylenol et la grossesse\"},{\"@type\":\"BreadcrumbList\",\"@id\":\"https:\/\/vieassociative.be\/actualites\/ce-que-vous-devriez-reellement-savoir-sur-le-tylenol-et-la-grossesse\/#breadcrumb\",\"itemListElement\":[{\"@type\":\"ListItem\",\"position\":1,\"name\":\"Accueil\",\"item\":\"https:\/\/vieassociative.be\/actualites\/\"},{\"@type\":\"ListItem\",\"position\":2,\"name\":\"Ce que vous devriez r\u00e9ellement savoir sur le Tylenol et la grossesse\"}]},{\"@type\":\"WebSite\",\"@id\":\"https:\/\/vieassociative.be\/actualites\/#website\",\"url\":\"https:\/\/vieassociative.be\/actualites\/\",\"name\":\"Vie Associative\",\"description\":\"\",\"publisher\":{\"@id\":\"https:\/\/vieassociative.be\/actualites\/#organization\"},\"potentialAction\":[{\"@type\":\"SearchAction\",\"target\":{\"@type\":\"EntryPoint\",\"urlTemplate\":\"https:\/\/vieassociative.be\/actualites\/?s={search_term_string}\"},\"query-input\":{\"@type\":\"PropertyValueSpecification\",\"valueRequired\":true,\"valueName\":\"search_term_string\"}}],\"inLanguage\":\"fr-BE\"},{\"@type\":\"Organization\",\"@id\":\"https:\/\/vieassociative.be\/actualites\/#organization\",\"name\":\"Vie Associative\",\"url\":\"https:\/\/vieassociative.be\/actualites\/\",\"logo\":{\"@type\":\"ImageObject\",\"inLanguage\":\"fr-BE\",\"@id\":\"https:\/\/vieassociative.be\/actualites\/#\/schema\/logo\/image\/\",\"url\":\"https:\/\/vieassociative.be\/actualites\/wp-content\/uploads\/2024\/09\/cropped-vieassociative_favicon.ico.png\",\"contentUrl\":\"https:\/\/vieassociative.be\/actualites\/wp-content\/uploads\/2024\/09\/cropped-vieassociative_favicon.ico.png\",\"width\":512,\"height\":512,\"caption\":\"Vie Associative\"},\"image\":{\"@id\":\"https:\/\/vieassociative.be\/actualites\/#\/schema\/logo\/image\/\"}},{\"@type\":\"Person\",\"@id\":\"https:\/\/vieassociative.be\/actualites\/#\/schema\/person\/b87ac4f82f9d4e7b7cec7395b679edc4\",\"name\":\"Julien\",\"image\":{\"@type\":\"ImageObject\",\"inLanguage\":\"fr-BE\",\"@id\":\"https:\/\/vieassociative.be\/actualites\/#\/schema\/person\/image\/\",\"url\":\"https:\/\/vieassociative.be\/actualites\/wp-content\/uploads\/2024\/09\/vie-associative-1-150x150.jpg\",\"contentUrl\":\"https:\/\/vieassociative.be\/actualites\/wp-content\/uploads\/2024\/09\/vie-associative-1-150x150.jpg\",\"caption\":\"Julien\"},\"description\":\"Je suis Julien, r\u00e9dacteur pour Vie Associative. Passionn\u00e9 par le monde associatif depuis plus de 10 ans, j'ai \u00e0 c\u0153ur de partager des histoires inspirantes et de mettre en lumi\u00e8re les initiatives locales. Mon objectif est de sensibiliser et d'encourager l'engagement communautaire \u00e0 travers mes articles.\",\"sameAs\":[\"https:\/\/vieassociative.be\/\"]}]}<\/script>\n<!-- \/ Yoast SEO plugin. -->","yoast_head_json":{"title":"Ce que vous devriez r\u00e9ellement savoir sur le Tylenol et la grossesse | Vie Associative","robots":{"index":"index","follow":"follow","max-snippet":"max-snippet:-1","max-image-preview":"max-image-preview:large","max-video-preview":"max-video-preview:-1"},"canonical":"https:\/\/vieassociative.be\/actualites\/ce-que-vous-devriez-reellement-savoir-sur-le-tylenol-et-la-grossesse\/","og_locale":"fr_FR","og_type":"article","og_title":"Ce que vous devriez r\u00e9ellement savoir sur le Tylenol et la grossesse | Vie Associative","og_description":"Non, les \u00e9tudes ne montrent pas que cela provoque l&rsquo;autisme. Saviez-vous que vous pouvez personnaliser Google pour filtrer les ordures? Prendre ces \u00e9tapes Pour de","og_url":"https:\/\/vieassociative.be\/actualites\/ce-que-vous-devriez-reellement-savoir-sur-le-tylenol-et-la-grossesse\/","og_site_name":"Vie Associative","article_published_time":"2025-09-24T07:17:38+00:00","og_image":[{"url":"https:\/\/vieassociative.be\/actualites\/wp-content\/uploads\/2025\/09\/1757726237_608_Meta-pourrait-devoiler-une-montre-intelligente-pour-controler-ses-lunettes.jpg","type":"","width":"","height":""}],"author":"Julien","twitter_card":"summary_large_image","twitter_misc":{"\u00c9crit par":"Julien","Dur\u00e9e de lecture est.":"9 minutes"},"schema":{"@context":"https:\/\/schema.org","@graph":[{"@type":"Article","@id":"https:\/\/vieassociative.be\/actualites\/ce-que-vous-devriez-reellement-savoir-sur-le-tylenol-et-la-grossesse\/#article","isPartOf":{"@id":"https:\/\/vieassociative.be\/actualites\/ce-que-vous-devriez-reellement-savoir-sur-le-tylenol-et-la-grossesse\/"},"author":{"name":"Julien","@id":"https:\/\/vieassociative.be\/actualites\/#\/schema\/person\/b87ac4f82f9d4e7b7cec7395b679edc4"},"headline":"Ce que vous devriez r\u00e9ellement savoir sur le Tylenol et la grossesse","datePublished":"2025-09-24T07:17:38+00:00","dateModified":"2025-09-24T07:17:38+00:00","mainEntityOfPage":{"@id":"https:\/\/vieassociative.be\/actualites\/ce-que-vous-devriez-reellement-savoir-sur-le-tylenol-et-la-grossesse\/"},"wordCount":1922,"publisher":{"@id":"https:\/\/vieassociative.be\/actualites\/#organization"},"image":{"@id":"https:\/\/vieassociative.be\/actualites\/ce-que-vous-devriez-reellement-savoir-sur-le-tylenol-et-la-grossesse\/#primaryimage"},"thumbnailUrl":"https:\/\/vieassociative.be\/actualites\/wp-content\/uploads\/2025\/09\/Ce-que-vous-devriez-reellement-savoir-sur-le-Tylenol-et.jpg","keywords":["devriez","grossesse","r\u00e9ellement","savoir","sur","Tylenol","Vous"],"articleSection":["Sant\u00e9"],"inLanguage":"fr-BE"},{"@type":"WebPage","@id":"https:\/\/vieassociative.be\/actualites\/ce-que-vous-devriez-reellement-savoir-sur-le-tylenol-et-la-grossesse\/","url":"https:\/\/vieassociative.be\/actualites\/ce-que-vous-devriez-reellement-savoir-sur-le-tylenol-et-la-grossesse\/","name":"Ce que vous devriez r\u00e9ellement savoir sur le Tylenol et la grossesse | Vie Associative","isPartOf":{"@id":"https:\/\/vieassociative.be\/actualites\/#website"},"primaryImageOfPage":{"@id":"https:\/\/vieassociative.be\/actualites\/ce-que-vous-devriez-reellement-savoir-sur-le-tylenol-et-la-grossesse\/#primaryimage"},"image":{"@id":"https:\/\/vieassociative.be\/actualites\/ce-que-vous-devriez-reellement-savoir-sur-le-tylenol-et-la-grossesse\/#primaryimage"},"thumbnailUrl":"https:\/\/vieassociative.be\/actualites\/wp-content\/uploads\/2025\/09\/Ce-que-vous-devriez-reellement-savoir-sur-le-Tylenol-et.jpg","datePublished":"2025-09-24T07:17:38+00:00","dateModified":"2025-09-24T07:17:38+00:00","breadcrumb":{"@id":"https:\/\/vieassociative.be\/actualites\/ce-que-vous-devriez-reellement-savoir-sur-le-tylenol-et-la-grossesse\/#breadcrumb"},"inLanguage":"fr-BE","potentialAction":[{"@type":"ReadAction","target":["https:\/\/vieassociative.be\/actualites\/ce-que-vous-devriez-reellement-savoir-sur-le-tylenol-et-la-grossesse\/"]}]},{"@type":"ImageObject","inLanguage":"fr-BE","@id":"https:\/\/vieassociative.be\/actualites\/ce-que-vous-devriez-reellement-savoir-sur-le-tylenol-et-la-grossesse\/#primaryimage","url":"https:\/\/vieassociative.be\/actualites\/wp-content\/uploads\/2025\/09\/Ce-que-vous-devriez-reellement-savoir-sur-le-Tylenol-et.jpg","contentUrl":"https:\/\/vieassociative.be\/actualites\/wp-content\/uploads\/2025\/09\/Ce-que-vous-devriez-reellement-savoir-sur-le-Tylenol-et.jpg","width":1200,"height":675,"caption":"Ce que vous devriez r\u00e9ellement savoir sur le Tylenol et la grossesse"},{"@type":"BreadcrumbList","@id":"https:\/\/vieassociative.be\/actualites\/ce-que-vous-devriez-reellement-savoir-sur-le-tylenol-et-la-grossesse\/#breadcrumb","itemListElement":[{"@type":"ListItem","position":1,"name":"Accueil","item":"https:\/\/vieassociative.be\/actualites\/"},{"@type":"ListItem","position":2,"name":"Ce que vous devriez r\u00e9ellement savoir sur le Tylenol et la grossesse"}]},{"@type":"WebSite","@id":"https:\/\/vieassociative.be\/actualites\/#website","url":"https:\/\/vieassociative.be\/actualites\/","name":"Vie Associative","description":"","publisher":{"@id":"https:\/\/vieassociative.be\/actualites\/#organization"},"potentialAction":[{"@type":"SearchAction","target":{"@type":"EntryPoint","urlTemplate":"https:\/\/vieassociative.be\/actualites\/?s={search_term_string}"},"query-input":{"@type":"PropertyValueSpecification","valueRequired":true,"valueName":"search_term_string"}}],"inLanguage":"fr-BE"},{"@type":"Organization","@id":"https:\/\/vieassociative.be\/actualites\/#organization","name":"Vie Associative","url":"https:\/\/vieassociative.be\/actualites\/","logo":{"@type":"ImageObject","inLanguage":"fr-BE","@id":"https:\/\/vieassociative.be\/actualites\/#\/schema\/logo\/image\/","url":"https:\/\/vieassociative.be\/actualites\/wp-content\/uploads\/2024\/09\/cropped-vieassociative_favicon.ico.png","contentUrl":"https:\/\/vieassociative.be\/actualites\/wp-content\/uploads\/2024\/09\/cropped-vieassociative_favicon.ico.png","width":512,"height":512,"caption":"Vie Associative"},"image":{"@id":"https:\/\/vieassociative.be\/actualites\/#\/schema\/logo\/image\/"}},{"@type":"Person","@id":"https:\/\/vieassociative.be\/actualites\/#\/schema\/person\/b87ac4f82f9d4e7b7cec7395b679edc4","name":"Julien","image":{"@type":"ImageObject","inLanguage":"fr-BE","@id":"https:\/\/vieassociative.be\/actualites\/#\/schema\/person\/image\/","url":"https:\/\/vieassociative.be\/actualites\/wp-content\/uploads\/2024\/09\/vie-associative-1-150x150.jpg","contentUrl":"https:\/\/vieassociative.be\/actualites\/wp-content\/uploads\/2024\/09\/vie-associative-1-150x150.jpg","caption":"Julien"},"description":"Je suis Julien, r\u00e9dacteur pour Vie Associative. Passionn\u00e9 par le monde associatif depuis plus de 10 ans, j'ai \u00e0 c\u0153ur de partager des histoires inspirantes et de mettre en lumi\u00e8re les initiatives locales. Mon objectif est de sensibiliser et d'encourager l'engagement communautaire \u00e0 travers mes articles.","sameAs":["https:\/\/vieassociative.be\/"]}]}},"_links":{"self":[{"href":"https:\/\/vieassociative.be\/actualites\/wp-json\/wp\/v2\/posts\/10221"}],"collection":[{"href":"https:\/\/vieassociative.be\/actualites\/wp-json\/wp\/v2\/posts"}],"about":[{"href":"https:\/\/vieassociative.be\/actualites\/wp-json\/wp\/v2\/types\/post"}],"author":[{"embeddable":true,"href":"https:\/\/vieassociative.be\/actualites\/wp-json\/wp\/v2\/users\/1"}],"replies":[{"embeddable":true,"href":"https:\/\/vieassociative.be\/actualites\/wp-json\/wp\/v2\/comments?post=10221"}],"version-history":[{"count":0,"href":"https:\/\/vieassociative.be\/actualites\/wp-json\/wp\/v2\/posts\/10221\/revisions"}],"wp:featuredmedia":[{"embeddable":true,"href":"https:\/\/vieassociative.be\/actualites\/wp-json\/wp\/v2\/media\/10222"}],"wp:attachment":[{"href":"https:\/\/vieassociative.be\/actualites\/wp-json\/wp\/v2\/media?parent=10221"}],"wp:term":[{"taxonomy":"category","embeddable":true,"href":"https:\/\/vieassociative.be\/actualites\/wp-json\/wp\/v2\/categories?post=10221"},{"taxonomy":"post_tag","embeddable":true,"href":"https:\/\/vieassociative.be\/actualites\/wp-json\/wp\/v2\/tags?post=10221"}],"curies":[{"name":"wp","href":"https:\/\/api.w.org\/{rel}","templated":true}]}}