{"id":10215,"date":"2025-09-24T04:17:50","date_gmt":"2025-09-24T02:17:50","guid":{"rendered":"https:\/\/vieassociative.be\/actualites\/la-veuve-de-charlie-kirk-a-la-poitrine-de-donald-trump\/"},"modified":"2025-09-24T04:17:50","modified_gmt":"2025-09-24T02:17:50","slug":"la-veuve-de-charlie-kirk-a-la-poitrine-de-donald-trump","status":"publish","type":"post","link":"https:\/\/vieassociative.be\/actualites\/la-veuve-de-charlie-kirk-a-la-poitrine-de-donald-trump\/","title":{"rendered":"La veuve de Charlie Kirk \u00e0 la poitrine de Donald Trump"},"content":{"rendered":"<p><strong>Dans un stade de football, la comm\u00e9moration du tir Charlie Kirk devient un m\u00e9lange de chagrin, de service et de rallye politique. Et les morts au \u00ab\u00a0martyr\u00a0\u00bb.<\/strong><\/p>\n<p><span id=\"more-425148\"><\/span>Le pr\u00e9sident am\u00e9ricain Donald Trump cr\u00e9e un moment \u00e0 la comm\u00e9moration du militant de Right Right Charlie Kirk: il appelle la veuve Erika sur la sc\u00e8ne du stade et la serre dans ses bras. Elle se penche contre sa poitrine. L&rsquo;image a un pouvoir symbolique: ce n&rsquo;est pas seulement la veuve en deuil qui serre Trump &#8211; mais tout le mouvement dans le spectre conservateur \u00e0 droite que son mari avait construit.<\/p>\n<p>Trump continuera \u00e0 avoir besoin de ces partisans \u00e0 l&rsquo;avenir. Au cours des derniers jours, le r\u00e9publicain n&rsquo;a laiss\u00e9 aucun doute qu&rsquo;il voulait relier Kirks \u00e0 ses objectifs politiques. Le service fun\u00e9raire est un catalyseur pour cela. Le gouvernement am\u00e9ricain est largement repr\u00e9sent\u00e9, et le vice-JD Vance de Trump d\u00e9tient \u00e9galement<\/p>\n<div id=\"attachment_425152\" class=\"wp-caption alignleft\" style=\"max-width: 300px\"><img fetchpriority=\"high\" decoding=\"async\" class=\"wp-image-425152 size-medium\" src=\"https:\/\/vieassociative.be\/actualites\/wp-content\/uploads\/2025\/09\/La-veuve-de-Charlie-Kirk-a-la-poitrine-de-Donald.jpg\" alt=\"\" width=\"300\" height=\"200\"><\/div>\n<p><strong>-Mega Event dans le stade de football:<\/strong> Des dizaines de milliers ont d\u00e9j\u00e0 d\u00e9m\u00e9nag\u00e9 au stade sportif de l&rsquo;\u00c9tat de l&rsquo;Arizona \u00e0 Dawn. Ils sont tristes, mais aussi en col\u00e8re. La mort violente et publique d&rsquo;une personne qu&rsquo;elle admirait l&rsquo;a profond\u00e9ment \u00e9branl\u00e9e. La comm\u00e9moration est un m\u00e9lange de culte dans une \u00abextension des m\u00e9ga-m\u00e9gaques\u00bb \u00e9vang\u00e9lique et un rallye politique.<\/p>\n<p>Kirk est d\u00e9c\u00e9d\u00e9 il y a pr\u00e8s de deux semaines \u00e0 l&rsquo;\u00e2ge de 31 ans. Il avait parl\u00e9 \u00e0 l&rsquo;ext\u00e9rieur sur un campus universitaire de l&rsquo;Utah lorsqu&rsquo;un coup l&rsquo;a frapp\u00e9. Le suspect de 22 ans est maintenant menac\u00e9 de la peine de mort.<\/p>\n<p>Kirk s&rsquo;est fait un nom en tant que d\u00e9fenseur de la libert\u00e9 d&rsquo;expression. Avec son organisation Turning Point USA, qu&rsquo;il a fond\u00e9e en 2012 \u00e0 l&rsquo;\u00e2ge de 18 ans, il a visit\u00e9 les universit\u00e9s et a mis au d\u00e9fi les \u00e9tudiants &#8211; en particulier ceux qui ont une attitude politique diff\u00e9rente. Les critiques l&rsquo;ont accus\u00e9 de vues racistes, homophobes, fines et sexistes. Au fil des ans, Kirk a atteint l&rsquo;un des meilleurs visages connus des droits am\u00e9ricains.<\/p>\n<p>Dans la campagne \u00e9lectorale, il a aid\u00e9 Trump \u00e0 devenir plus populaire parmi les jeunes. Il \u00e9tait consid\u00e9r\u00e9 comme un proche confident du vice-pr\u00e9sident Vance; Le fils a\u00een\u00e9 de Trump, Don Jr., a d\u00e9clar\u00e9 apr\u00e8s la tentative d&rsquo;assassinat que Kirk \u00e9tait comme un fr\u00e8re pour lui. Turning Point &#8211; qui est maintenant g\u00e9r\u00e9 par Erika Kirk &#8211; a organis\u00e9 la comm\u00e9moration et a appel\u00e9 \u00e0 des dons. La veuve veut continuer le mouvement.<\/p>\n<p><strong>&#8211; Trump utilise Kirk pour l&rsquo;agenda politique:<\/strong> CHICAGO: Trump, qui vient au Pr\u00e9sident apr\u00e8s une c\u00e9r\u00e9monie de longue dur\u00e9e, utilise \u00e9galement un discours pour son programme politique &#8211; comme sa lutte contre le crime pr\u00e9tendument tentant dans les grandes villes. Le pr\u00e9sident flanque son plan depuis longtemps pour utiliser la Garde nationale \u00e0 Chicago, mais a jusqu&rsquo;\u00e0 pr\u00e9sent eu peur. Il y a une r\u00e9sistance violente de la direction d\u00e9mocratique de la ville et de l&rsquo;\u00c9tat environnant de l&rsquo;Illinois. Maintenant, Trump dit que l&rsquo;une des derni\u00e8res choses que Kirk lui a dites \u00e9tait la demande: \u00ab\u00a0Save Chicago\u00a0\u00bb.<\/p>\n<div id=\"attachment_425153\" class=\"wp-caption alignleft\" style=\"max-width: 300px\"><img decoding=\"async\" class=\"wp-image-425153 size-medium\" src=\"https:\/\/vieassociative.be\/actualites\/wp-content\/uploads\/2025\/09\/1758680270_424_La-veuve-de-Charlie-Kirk-a-la-poitrine-de-Donald.jpg\" alt=\"\" width=\"300\" height=\"200\"><\/div>\n<p><strong>&#8211; Kirk comme \u00ab\u00a0martyr\u00a0\u00bb:<\/strong> Encore une fois, le r\u00e9publicain r\u00e9pond \u00e0 la \u00ab\u00a0gauche radicale\u00a0\u00bb, dont il avait tenu la rh\u00e9torique responsable de cette \u00e9poque peu de temps apr\u00e8s la tentative d&rsquo;assassinat. Kirk, dit maintenant, est un \u00ab\u00a0martyr de la libert\u00e9 am\u00e9ricaine\u00a0\u00bb, qui a \u00e9t\u00e9 assassin\u00e9 par un \u00ab\u00a0monstre radicalis\u00e9 et \u00e0 coffre-fort\u00a0\u00bb.<\/p>\n<p>C&rsquo;est aussi ce type de rh\u00e9torique qui am\u00e8ne les observateurs \u00e0 \u00e9valuer que la tentative d&rsquo;assassinat devient un levier pour son gouvernement afin de restreindre la libert\u00e9 d&rsquo;expression, la presse et finalement une opposition d\u00e9sagr\u00e9able.<\/p>\n<p>Dans ce contexte, Trump explique \u00e9galement quelle question il n&rsquo;\u00e9tait pas d&rsquo;accord avec Kirk: comment g\u00e9rer les dissidents politiquement. Kirk ne d\u00e9testait pas ses adversaires, mais voulait le meilleur pour elle, dit l&rsquo;homme le plus puissant du monde. Il ajoute sanst\u00e9: \u00ab\u00a0Je ne suis pas d&rsquo;accord en tant que Charlie. Je d\u00e9teste mes adversaires et je ne leur souhaite pas le meilleur.\u00a0\u00bb<\/p>\n<p><strong>&#8211; Erika Kirk pardonne au meurtrier, d&rsquo;autres non:<\/strong> Ensuite, Trump se tourne vers Erika Kirk, qui n&rsquo;a donn\u00e9 que le meurtrier pr\u00e9sum\u00e9 de son mari sous les larmes et a appel\u00e9 \u00e0 l&rsquo;amour au lieu de la haine. \u00ab\u00a0Je suis d\u00e9sol\u00e9, Erika\u00a0\u00bb, dit Trump. Peut-\u00eatre qu&rsquo;elle pourrait le convaincre que son attitude \u00e9tait mauvaise. Mais il n&rsquo;aime tout simplement pas ses adversaires.<\/p>\n<div id=\"attachment_425155\" class=\"wp-caption alignleft\" style=\"max-width: 300px\"><img decoding=\"async\" class=\"wp-image-425155 size-medium\" src=\"https:\/\/vieassociative.be\/actualites\/wp-content\/uploads\/2025\/09\/1758680270_907_La-veuve-de-Charlie-Kirk-a-la-poitrine-de-Donald.jpg\" alt=\"\" width=\"300\" height=\"201\"><\/div>\n<p>Il se balance encore et encore avec les discours religieusement fortement inculp\u00e9s: le bien contre le mal. Nous sommes le bien. Et puis il y a \u00ab\u00a0les autres\u00a0\u00bb. Comme pour ces autres proc\u00e9dures, diff\u00e9rents haut-parleurs ont des opinions diff\u00e9rentes. Vous entendez donc des tons mod\u00e9rateurs de certains haut-parleurs qui appellent l&rsquo;unit\u00e9. Mais il y a aussi des annonces de combat.<\/p>\n<p>\u00ab\u00a0Nous victons sur les pouvoirs de l&rsquo;injustice et du mal\u00a0\u00bb, explique le vice-chef de Trump, Stephen Miller. Il explique que les larmes \u00e0 propos de la mort de Kirk se sont transform\u00e9es en un \u00ab\u00a0feu\u00a0\u00bb que les \u00ab\u00a0ennemis\u00a0\u00bb ne pouvaient pas comprendre. Il parle d&rsquo;une \u00ab\u00a0arm\u00e9e\u00a0\u00bb qui a \u00e9t\u00e9 cr\u00e9\u00e9e.<\/p>\n<p>La liste des conf\u00e9renciers va du pr\u00e9sident am\u00e9ricain aux militants du spectre ultra-droit, qui sont connus pour r\u00e9partir le nombre de complot communs dans les cercles extr\u00e9mistes de droite.<\/p>\n<p>En fin de compte, chaque visiteur peut choisir ce qu&rsquo;il tire des fun\u00e9railles. Un journaliste de Fox News demande \u00e0 un visiteur ce qu&rsquo;il pense du fait qu&rsquo;Erika Kirk a attribu\u00e9 l&rsquo;agresseur. \u00ab\u00a0Comme l&rsquo;a dit Trump: je ne l&rsquo;aurais probablement pas fait\u00a0\u00bb, r\u00e9pond l&rsquo;homme. \u00ab\u00a0Mais bon, c&rsquo;est une vraie chr\u00e9tien &#8211; malheureusement plus que moi. (DPA)<\/p>\n","protected":false},"excerpt":{"rendered":"<p>Dans un stade de football, la comm\u00e9moration du tir Charlie Kirk devient un m\u00e9lange de chagrin, de service et de rallye politique. Et les morts<\/p>\n","protected":false},"author":1,"featured_media":10216,"comment_status":"","ping_status":"","sticky":false,"template":"","format":"standard","meta":{"footnotes":""},"categories":[298],"tags":[8649,2424,8507,6500,2425,8648],"class_list":["post-10215","post","type-post","status-publish","format-standard","has-post-thumbnail","hentry","category-belgique","tag-charlie","tag-donald","tag-kirk","tag-poitrine","tag-trump","tag-veuve","generate-columns","tablet-grid-50","mobile-grid-100","grid-parent","grid-33"],"yoast_head":"<!-- This site is optimized with the Yoast SEO plugin v24.0 - https:\/\/yoast.com\/wordpress\/plugins\/seo\/ -->\n<title>La veuve de Charlie Kirk \u00e0 la poitrine de Donald Trump | Vie Associative<\/title>\n<meta name=\"robots\" content=\"index, follow, max-snippet:-1, max-image-preview:large, max-video-preview:-1\" \/>\n<link rel=\"canonical\" href=\"https:\/\/vieassociative.be\/actualites\/la-veuve-de-charlie-kirk-a-la-poitrine-de-donald-trump\/\" \/>\n<meta property=\"og:locale\" content=\"fr_FR\" \/>\n<meta property=\"og:type\" content=\"article\" \/>\n<meta property=\"og:title\" content=\"La veuve de Charlie Kirk \u00e0 la poitrine de Donald Trump | Vie Associative\" \/>\n<meta property=\"og:description\" content=\"Dans un stade de football, la comm\u00e9moration du tir Charlie Kirk devient un m\u00e9lange de chagrin, de service et de rallye politique. Et les morts\" \/>\n<meta property=\"og:url\" content=\"https:\/\/vieassociative.be\/actualites\/la-veuve-de-charlie-kirk-a-la-poitrine-de-donald-trump\/\" \/>\n<meta property=\"og:site_name\" content=\"Vie Associative\" \/>\n<meta property=\"article:published_time\" content=\"2025-09-24T02:17:50+00:00\" \/>\n<meta property=\"og:image\" content=\"https:\/\/vieassociative.be\/actualites\/wp-content\/uploads\/2024\/09\/header_backgroundk-01-e1726694325946.png\" \/>\n\t<meta property=\"og:image:width\" content=\"279\" \/>\n\t<meta property=\"og:image:height\" content=\"92\" \/>\n\t<meta property=\"og:image:type\" content=\"image\/png\" \/>\n<meta name=\"author\" content=\"Julien\" \/>\n<meta name=\"twitter:card\" content=\"summary_large_image\" \/>\n<meta name=\"twitter:label1\" content=\"\u00c9crit par\" \/>\n\t<meta name=\"twitter:data1\" content=\"Julien\" \/>\n\t<meta name=\"twitter:label2\" content=\"Dur\u00e9e de lecture est.\" \/>\n\t<meta name=\"twitter:data2\" content=\"5 minutes\" \/>\n<script type=\"application\/ld+json\" class=\"yoast-schema-graph\">{\"@context\":\"https:\/\/schema.org\",\"@graph\":[{\"@type\":\"Article\",\"@id\":\"https:\/\/vieassociative.be\/actualites\/la-veuve-de-charlie-kirk-a-la-poitrine-de-donald-trump\/#article\",\"isPartOf\":{\"@id\":\"https:\/\/vieassociative.be\/actualites\/la-veuve-de-charlie-kirk-a-la-poitrine-de-donald-trump\/\"},\"author\":{\"name\":\"Julien\",\"@id\":\"https:\/\/vieassociative.be\/actualites\/#\/schema\/person\/b87ac4f82f9d4e7b7cec7395b679edc4\"},\"headline\":\"La veuve de Charlie Kirk \u00e0 la poitrine de Donald Trump\",\"datePublished\":\"2025-09-24T02:17:50+00:00\",\"dateModified\":\"2025-09-24T02:17:50+00:00\",\"mainEntityOfPage\":{\"@id\":\"https:\/\/vieassociative.be\/actualites\/la-veuve-de-charlie-kirk-a-la-poitrine-de-donald-trump\/\"},\"wordCount\":1026,\"publisher\":{\"@id\":\"https:\/\/vieassociative.be\/actualites\/#organization\"},\"image\":{\"@id\":\"https:\/\/vieassociative.be\/actualites\/la-veuve-de-charlie-kirk-a-la-poitrine-de-donald-trump\/#primaryimage\"},\"thumbnailUrl\":\"https:\/\/vieassociative.be\/actualites\/wp-content\/uploads\/2025\/09\/1758680270_La-veuve-de-Charlie-Kirk-a-la-poitrine-de-Donald.jpg\",\"keywords\":[\"Charlie\",\"Donald\",\"Kirk\",\"poitrine\",\"Trump\",\"veuve\"],\"articleSection\":[\"Belgique\"],\"inLanguage\":\"fr-BE\"},{\"@type\":\"WebPage\",\"@id\":\"https:\/\/vieassociative.be\/actualites\/la-veuve-de-charlie-kirk-a-la-poitrine-de-donald-trump\/\",\"url\":\"https:\/\/vieassociative.be\/actualites\/la-veuve-de-charlie-kirk-a-la-poitrine-de-donald-trump\/\",\"name\":\"La veuve de Charlie Kirk \u00e0 la poitrine de Donald Trump | Vie Associative\",\"isPartOf\":{\"@id\":\"https:\/\/vieassociative.be\/actualites\/#website\"},\"primaryImageOfPage\":{\"@id\":\"https:\/\/vieassociative.be\/actualites\/la-veuve-de-charlie-kirk-a-la-poitrine-de-donald-trump\/#primaryimage\"},\"image\":{\"@id\":\"https:\/\/vieassociative.be\/actualites\/la-veuve-de-charlie-kirk-a-la-poitrine-de-donald-trump\/#primaryimage\"},\"thumbnailUrl\":\"https:\/\/vieassociative.be\/actualites\/wp-content\/uploads\/2025\/09\/1758680270_La-veuve-de-Charlie-Kirk-a-la-poitrine-de-Donald.jpg\",\"datePublished\":\"2025-09-24T02:17:50+00:00\",\"dateModified\":\"2025-09-24T02:17:50+00:00\",\"breadcrumb\":{\"@id\":\"https:\/\/vieassociative.be\/actualites\/la-veuve-de-charlie-kirk-a-la-poitrine-de-donald-trump\/#breadcrumb\"},\"inLanguage\":\"fr-BE\",\"potentialAction\":[{\"@type\":\"ReadAction\",\"target\":[\"https:\/\/vieassociative.be\/actualites\/la-veuve-de-charlie-kirk-a-la-poitrine-de-donald-trump\/\"]}]},{\"@type\":\"ImageObject\",\"inLanguage\":\"fr-BE\",\"@id\":\"https:\/\/vieassociative.be\/actualites\/la-veuve-de-charlie-kirk-a-la-poitrine-de-donald-trump\/#primaryimage\",\"url\":\"https:\/\/vieassociative.be\/actualites\/wp-content\/uploads\/2025\/09\/1758680270_La-veuve-de-Charlie-Kirk-a-la-poitrine-de-Donald.jpg\",\"contentUrl\":\"https:\/\/vieassociative.be\/actualites\/wp-content\/uploads\/2025\/09\/1758680270_La-veuve-de-Charlie-Kirk-a-la-poitrine-de-Donald.jpg\",\"width\":1200,\"height\":800,\"caption\":\"La veuve de Charlie Kirk \u00e0 la poitrine de Donald Trump\"},{\"@type\":\"BreadcrumbList\",\"@id\":\"https:\/\/vieassociative.be\/actualites\/la-veuve-de-charlie-kirk-a-la-poitrine-de-donald-trump\/#breadcrumb\",\"itemListElement\":[{\"@type\":\"ListItem\",\"position\":1,\"name\":\"Accueil\",\"item\":\"https:\/\/vieassociative.be\/actualites\/\"},{\"@type\":\"ListItem\",\"position\":2,\"name\":\"La veuve de Charlie Kirk \u00e0 la poitrine de Donald Trump\"}]},{\"@type\":\"WebSite\",\"@id\":\"https:\/\/vieassociative.be\/actualites\/#website\",\"url\":\"https:\/\/vieassociative.be\/actualites\/\",\"name\":\"Vie Associative\",\"description\":\"\",\"publisher\":{\"@id\":\"https:\/\/vieassociative.be\/actualites\/#organization\"},\"potentialAction\":[{\"@type\":\"SearchAction\",\"target\":{\"@type\":\"EntryPoint\",\"urlTemplate\":\"https:\/\/vieassociative.be\/actualites\/?s={search_term_string}\"},\"query-input\":{\"@type\":\"PropertyValueSpecification\",\"valueRequired\":true,\"valueName\":\"search_term_string\"}}],\"inLanguage\":\"fr-BE\"},{\"@type\":\"Organization\",\"@id\":\"https:\/\/vieassociative.be\/actualites\/#organization\",\"name\":\"Vie Associative\",\"url\":\"https:\/\/vieassociative.be\/actualites\/\",\"logo\":{\"@type\":\"ImageObject\",\"inLanguage\":\"fr-BE\",\"@id\":\"https:\/\/vieassociative.be\/actualites\/#\/schema\/logo\/image\/\",\"url\":\"https:\/\/vieassociative.be\/actualites\/wp-content\/uploads\/2024\/09\/cropped-vieassociative_favicon.ico.png\",\"contentUrl\":\"https:\/\/vieassociative.be\/actualites\/wp-content\/uploads\/2024\/09\/cropped-vieassociative_favicon.ico.png\",\"width\":512,\"height\":512,\"caption\":\"Vie Associative\"},\"image\":{\"@id\":\"https:\/\/vieassociative.be\/actualites\/#\/schema\/logo\/image\/\"}},{\"@type\":\"Person\",\"@id\":\"https:\/\/vieassociative.be\/actualites\/#\/schema\/person\/b87ac4f82f9d4e7b7cec7395b679edc4\",\"name\":\"Julien\",\"image\":{\"@type\":\"ImageObject\",\"inLanguage\":\"fr-BE\",\"@id\":\"https:\/\/vieassociative.be\/actualites\/#\/schema\/person\/image\/\",\"url\":\"https:\/\/vieassociative.be\/actualites\/wp-content\/uploads\/2024\/09\/vie-associative-1-150x150.jpg\",\"contentUrl\":\"https:\/\/vieassociative.be\/actualites\/wp-content\/uploads\/2024\/09\/vie-associative-1-150x150.jpg\",\"caption\":\"Julien\"},\"description\":\"Je suis Julien, r\u00e9dacteur pour Vie Associative. Passionn\u00e9 par le monde associatif depuis plus de 10 ans, j'ai \u00e0 c\u0153ur de partager des histoires inspirantes et de mettre en lumi\u00e8re les initiatives locales. Mon objectif est de sensibiliser et d'encourager l'engagement communautaire \u00e0 travers mes articles.\",\"sameAs\":[\"https:\/\/vieassociative.be\/\"]}]}<\/script>\n<!-- \/ Yoast SEO plugin. -->","yoast_head_json":{"title":"La veuve de Charlie Kirk \u00e0 la poitrine de Donald Trump | Vie Associative","robots":{"index":"index","follow":"follow","max-snippet":"max-snippet:-1","max-image-preview":"max-image-preview:large","max-video-preview":"max-video-preview:-1"},"canonical":"https:\/\/vieassociative.be\/actualites\/la-veuve-de-charlie-kirk-a-la-poitrine-de-donald-trump\/","og_locale":"fr_FR","og_type":"article","og_title":"La veuve de Charlie Kirk \u00e0 la poitrine de Donald Trump | Vie Associative","og_description":"Dans un stade de football, la comm\u00e9moration du tir Charlie Kirk devient un m\u00e9lange de chagrin, de service et de rallye politique. Et les morts","og_url":"https:\/\/vieassociative.be\/actualites\/la-veuve-de-charlie-kirk-a-la-poitrine-de-donald-trump\/","og_site_name":"Vie Associative","article_published_time":"2025-09-24T02:17:50+00:00","og_image":[{"width":279,"height":92,"url":"https:\/\/vieassociative.be\/actualites\/wp-content\/uploads\/2024\/09\/header_backgroundk-01-e1726694325946.png","type":"image\/png"}],"author":"Julien","twitter_card":"summary_large_image","twitter_misc":{"\u00c9crit par":"Julien","Dur\u00e9e de lecture est.":"5 minutes"},"schema":{"@context":"https:\/\/schema.org","@graph":[{"@type":"Article","@id":"https:\/\/vieassociative.be\/actualites\/la-veuve-de-charlie-kirk-a-la-poitrine-de-donald-trump\/#article","isPartOf":{"@id":"https:\/\/vieassociative.be\/actualites\/la-veuve-de-charlie-kirk-a-la-poitrine-de-donald-trump\/"},"author":{"name":"Julien","@id":"https:\/\/vieassociative.be\/actualites\/#\/schema\/person\/b87ac4f82f9d4e7b7cec7395b679edc4"},"headline":"La veuve de Charlie Kirk \u00e0 la poitrine de Donald Trump","datePublished":"2025-09-24T02:17:50+00:00","dateModified":"2025-09-24T02:17:50+00:00","mainEntityOfPage":{"@id":"https:\/\/vieassociative.be\/actualites\/la-veuve-de-charlie-kirk-a-la-poitrine-de-donald-trump\/"},"wordCount":1026,"publisher":{"@id":"https:\/\/vieassociative.be\/actualites\/#organization"},"image":{"@id":"https:\/\/vieassociative.be\/actualites\/la-veuve-de-charlie-kirk-a-la-poitrine-de-donald-trump\/#primaryimage"},"thumbnailUrl":"https:\/\/vieassociative.be\/actualites\/wp-content\/uploads\/2025\/09\/1758680270_La-veuve-de-Charlie-Kirk-a-la-poitrine-de-Donald.jpg","keywords":["Charlie","Donald","Kirk","poitrine","Trump","veuve"],"articleSection":["Belgique"],"inLanguage":"fr-BE"},{"@type":"WebPage","@id":"https:\/\/vieassociative.be\/actualites\/la-veuve-de-charlie-kirk-a-la-poitrine-de-donald-trump\/","url":"https:\/\/vieassociative.be\/actualites\/la-veuve-de-charlie-kirk-a-la-poitrine-de-donald-trump\/","name":"La veuve de Charlie Kirk \u00e0 la poitrine de Donald Trump | Vie Associative","isPartOf":{"@id":"https:\/\/vieassociative.be\/actualites\/#website"},"primaryImageOfPage":{"@id":"https:\/\/vieassociative.be\/actualites\/la-veuve-de-charlie-kirk-a-la-poitrine-de-donald-trump\/#primaryimage"},"image":{"@id":"https:\/\/vieassociative.be\/actualites\/la-veuve-de-charlie-kirk-a-la-poitrine-de-donald-trump\/#primaryimage"},"thumbnailUrl":"https:\/\/vieassociative.be\/actualites\/wp-content\/uploads\/2025\/09\/1758680270_La-veuve-de-Charlie-Kirk-a-la-poitrine-de-Donald.jpg","datePublished":"2025-09-24T02:17:50+00:00","dateModified":"2025-09-24T02:17:50+00:00","breadcrumb":{"@id":"https:\/\/vieassociative.be\/actualites\/la-veuve-de-charlie-kirk-a-la-poitrine-de-donald-trump\/#breadcrumb"},"inLanguage":"fr-BE","potentialAction":[{"@type":"ReadAction","target":["https:\/\/vieassociative.be\/actualites\/la-veuve-de-charlie-kirk-a-la-poitrine-de-donald-trump\/"]}]},{"@type":"ImageObject","inLanguage":"fr-BE","@id":"https:\/\/vieassociative.be\/actualites\/la-veuve-de-charlie-kirk-a-la-poitrine-de-donald-trump\/#primaryimage","url":"https:\/\/vieassociative.be\/actualites\/wp-content\/uploads\/2025\/09\/1758680270_La-veuve-de-Charlie-Kirk-a-la-poitrine-de-Donald.jpg","contentUrl":"https:\/\/vieassociative.be\/actualites\/wp-content\/uploads\/2025\/09\/1758680270_La-veuve-de-Charlie-Kirk-a-la-poitrine-de-Donald.jpg","width":1200,"height":800,"caption":"La veuve de Charlie Kirk \u00e0 la poitrine de Donald Trump"},{"@type":"BreadcrumbList","@id":"https:\/\/vieassociative.be\/actualites\/la-veuve-de-charlie-kirk-a-la-poitrine-de-donald-trump\/#breadcrumb","itemListElement":[{"@type":"ListItem","position":1,"name":"Accueil","item":"https:\/\/vieassociative.be\/actualites\/"},{"@type":"ListItem","position":2,"name":"La veuve de Charlie Kirk \u00e0 la poitrine de Donald Trump"}]},{"@type":"WebSite","@id":"https:\/\/vieassociative.be\/actualites\/#website","url":"https:\/\/vieassociative.be\/actualites\/","name":"Vie Associative","description":"","publisher":{"@id":"https:\/\/vieassociative.be\/actualites\/#organization"},"potentialAction":[{"@type":"SearchAction","target":{"@type":"EntryPoint","urlTemplate":"https:\/\/vieassociative.be\/actualites\/?s={search_term_string}"},"query-input":{"@type":"PropertyValueSpecification","valueRequired":true,"valueName":"search_term_string"}}],"inLanguage":"fr-BE"},{"@type":"Organization","@id":"https:\/\/vieassociative.be\/actualites\/#organization","name":"Vie Associative","url":"https:\/\/vieassociative.be\/actualites\/","logo":{"@type":"ImageObject","inLanguage":"fr-BE","@id":"https:\/\/vieassociative.be\/actualites\/#\/schema\/logo\/image\/","url":"https:\/\/vieassociative.be\/actualites\/wp-content\/uploads\/2024\/09\/cropped-vieassociative_favicon.ico.png","contentUrl":"https:\/\/vieassociative.be\/actualites\/wp-content\/uploads\/2024\/09\/cropped-vieassociative_favicon.ico.png","width":512,"height":512,"caption":"Vie Associative"},"image":{"@id":"https:\/\/vieassociative.be\/actualites\/#\/schema\/logo\/image\/"}},{"@type":"Person","@id":"https:\/\/vieassociative.be\/actualites\/#\/schema\/person\/b87ac4f82f9d4e7b7cec7395b679edc4","name":"Julien","image":{"@type":"ImageObject","inLanguage":"fr-BE","@id":"https:\/\/vieassociative.be\/actualites\/#\/schema\/person\/image\/","url":"https:\/\/vieassociative.be\/actualites\/wp-content\/uploads\/2024\/09\/vie-associative-1-150x150.jpg","contentUrl":"https:\/\/vieassociative.be\/actualites\/wp-content\/uploads\/2024\/09\/vie-associative-1-150x150.jpg","caption":"Julien"},"description":"Je suis Julien, r\u00e9dacteur pour Vie Associative. Passionn\u00e9 par le monde associatif depuis plus de 10 ans, j'ai \u00e0 c\u0153ur de partager des histoires inspirantes et de mettre en lumi\u00e8re les initiatives locales. Mon objectif est de sensibiliser et d'encourager l'engagement communautaire \u00e0 travers mes articles.","sameAs":["https:\/\/vieassociative.be\/"]}]}},"_links":{"self":[{"href":"https:\/\/vieassociative.be\/actualites\/wp-json\/wp\/v2\/posts\/10215"}],"collection":[{"href":"https:\/\/vieassociative.be\/actualites\/wp-json\/wp\/v2\/posts"}],"about":[{"href":"https:\/\/vieassociative.be\/actualites\/wp-json\/wp\/v2\/types\/post"}],"author":[{"embeddable":true,"href":"https:\/\/vieassociative.be\/actualites\/wp-json\/wp\/v2\/users\/1"}],"replies":[{"embeddable":true,"href":"https:\/\/vieassociative.be\/actualites\/wp-json\/wp\/v2\/comments?post=10215"}],"version-history":[{"count":0,"href":"https:\/\/vieassociative.be\/actualites\/wp-json\/wp\/v2\/posts\/10215\/revisions"}],"wp:featuredmedia":[{"embeddable":true,"href":"https:\/\/vieassociative.be\/actualites\/wp-json\/wp\/v2\/media\/10216"}],"wp:attachment":[{"href":"https:\/\/vieassociative.be\/actualites\/wp-json\/wp\/v2\/media?parent=10215"}],"wp:term":[{"taxonomy":"category","embeddable":true,"href":"https:\/\/vieassociative.be\/actualites\/wp-json\/wp\/v2\/categories?post=10215"},{"taxonomy":"post_tag","embeddable":true,"href":"https:\/\/vieassociative.be\/actualites\/wp-json\/wp\/v2\/tags?post=10215"}],"curies":[{"name":"wp","href":"https:\/\/api.w.org\/{rel}","templated":true}]}}