{"id":10211,"date":"2025-09-23T22:16:57","date_gmt":"2025-09-23T20:16:57","guid":{"rendered":"https:\/\/vieassociative.be\/actualites\/le-retour-de-donald-trump-a-la-plus-grande-etape-diplomatique-du-monde-beaucoup-dauto-prete-et-beaucoup-de-blame\/"},"modified":"2025-09-23T22:16:57","modified_gmt":"2025-09-23T20:16:57","slug":"le-retour-de-donald-trump-a-la-plus-grande-etape-diplomatique-du-monde-beaucoup-dauto-prete-et-beaucoup-de-blame","status":"publish","type":"post","link":"https:\/\/vieassociative.be\/actualites\/le-retour-de-donald-trump-a-la-plus-grande-etape-diplomatique-du-monde-beaucoup-dauto-prete-et-beaucoup-de-blame\/","title":{"rendered":"Le retour de Donald Trump \u00e0 la plus grande \u00e9tape diplomatique du monde: beaucoup d&rsquo;auto-pr\u00eate et beaucoup de bl\u00e2me"},"content":{"rendered":"<p><strong>Le pr\u00e9sident am\u00e9ricain Donald Trump s&rsquo;est recommand\u00e9 en tant que futur laur\u00e9at du prix Nobel de la paix devant l&rsquo;Assembl\u00e9e g\u00e9n\u00e9rale des Nations Unies et s&rsquo;est distribu\u00e9 contre les Nations Unies et une politique de fronti\u00e8res ouvertes.<\/strong><\/p>\n<p><span id=\"more-425325\"><\/span>Dans \u00ab\u00a0J&rsquo;ai mis fin \u00e0 sept guerres \u00e0 violation en seulement sept mois\u00a0\u00bb, a d\u00e9clar\u00e9 Trump dans le d\u00e9bat g\u00e9n\u00e9ral de l&rsquo;Assembl\u00e9e g\u00e9n\u00e9rale des Nations Unies \u00e0 New York dans une large mesure d&rsquo;auto-\u00e9loge et de critiques fortes de l&rsquo;ONU.<\/p>\n<p>Cela comprenait des guerres entre le Cambodge et la Tha\u00eflande, le Pakistan et l&rsquo;Inde et d&rsquo;autres pays, selon le pr\u00e9sident &#8211; cette repr\u00e9sentation de Trump est controvers\u00e9e et est partiellement rejet\u00e9e par les \u00c9tats impliqu\u00e9s. En fait, les succ\u00e8s diplomatiques de Trump sont g\u00e9rables. Une d\u00e9sescalade dans le conflit du Moyen-Orient n&rsquo;a tout aussi r\u00e9ussi \u00e0 r\u00e9ussir dans le r\u00e9publicain que la fin de la guerre de l&rsquo;Ukraine.<\/p>\n<div id=\"attachment_425338\" class=\"wp-caption alignleft\" style=\"max-width: 300px\"><img fetchpriority=\"high\" decoding=\"async\" class=\"wp-image-425338 size-medium\" src=\"https:\/\/vieassociative.be\/actualites\/wp-content\/uploads\/2025\/09\/Le-retour-de-Donald-Trump-a-la-plus-grande-etape.jpg\" alt=\"\" width=\"300\" height=\"200\"><\/div>\n<p>Le retour de Trump \u00e0 la plus grande \u00e9tape diplomatique au monde marque le discours de pr\u00e8s d&rsquo;une heure le premier jour du d\u00e9bat g\u00e9n\u00e9ral des Nations Unies devant les plus de 140 chefs d&rsquo;\u00c9tat et de gouvernement \u00e0 New York. Plus r\u00e9cemment, il a pris la parole lors de son premier mandat avant l&rsquo;Assembl\u00e9e g\u00e9n\u00e9rale de 2019.<\/p>\n<p><strong>&#8211; Critique forte des Nations Unies:<\/strong> \u00ab\u00a0Tout le monde dit que je devrais obtenir le prix Nobel de la paix pour chacune de ces r\u00e9alisations\u00a0\u00bb, a d\u00e9clar\u00e9 Trump, ajoutant: \u00ab\u00a0Je ne suis pas soucieux d&rsquo;obtenir des prix, mais de sauver la vie.\u00a0\u00bb C&rsquo;\u00e9tait \u00ab\u00a0un grand honneur\u00a0\u00bb de mettre fin aux guerres. \u00ab\u00a0C&rsquo;est dommage que j&rsquo;ai d\u00fb faire ces choses au lieu des Nations Unies. Et triste que dans tous ces cas, les Nations Unies n&rsquo;ont m\u00eame pas essay\u00e9 d&rsquo;aider.\u00a0\u00bb L&rsquo;ONU ne l&rsquo;aurait m\u00eame pas appel\u00e9 pour offrir de l&rsquo;aide. \u00ab\u00a0Les Nations Unies n&rsquo;\u00e9taient pas l\u00e0 pour nous. Ils n&rsquo;\u00e9taient pas l\u00e0.\u00a0\u00bb L&rsquo;organisation aurait \u00ab\u00a0un si grand potentiel\u00a0\u00bb, mais elle ne la rencontre pas.<\/p>\n<p><strong>&#8211; Escalator d\u00e9fectueux et t\u00e9l\u00e9prompteur cass\u00e9:<\/strong> Trump s&rsquo;est plaint d&rsquo;un escalator d\u00e9fectueux au si\u00e8ge de l&rsquo;ONU. Cela s&rsquo;est soudainement arr\u00eat\u00e9 lorsque lui et sa femme Melania l&rsquo;avaient utilis\u00e9e. \u00ab\u00a0Si la premi\u00e8re dame n&rsquo;\u00e9tait pas si bonne en forme, elle serait tomb\u00e9e, mais elle est en bonne forme. Nous sommes tous les deux en forme.\u00a0\u00bb<\/p>\n<div id=\"attachment_425339\" class=\"wp-caption alignleft\" style=\"max-width: 300px\"><img decoding=\"async\" class=\"wp-image-425339 size-medium\" src=\"https:\/\/vieassociative.be\/actualites\/wp-content\/uploads\/2025\/09\/1758658617_987_Le-retour-de-Donald-Trump-a-la-plus-grande-etape.jpg\" alt=\"\" width=\"300\" height=\"200\"><\/div>\n<p>Auparavant, Trump s&rsquo;\u00e9tait d\u00e9j\u00e0 plaint que son t\u00e9l\u00e9prompteur ne fonctionnait pas initialement. \u00ab\u00a0Je peux seulement dire que celui qui sert ce t\u00e9l\u00e9prompteur est en grande difficult\u00e9.\u00a0\u00bb Le public de la grande salle de l&rsquo;ONU rient. \u00ab\u00a0Ce sont les deux choses que j&rsquo;ai obtenues des Nations Unies\u00a0\u00bb, a-t-il dit: \u00ab\u00a0Un mauvais escalator et un mauvais t\u00e9l\u00e9prompteur. Merci beaucoup.\u00a0\u00bb<\/p>\n<p><strong>-Trump voulait r\u00e9nover pour un demi-milliard de si\u00e8ges sociaux de l&rsquo;ONU:<\/strong> En tant que magnat de l&rsquo;immobilier \u00e0 l&rsquo;\u00e9poque, Trump a pr\u00e9tendu r\u00e9nover le si\u00e8ge social de l&rsquo;ONU. Il avait donn\u00e9 une offre pour \u00ab\u00a0la r\u00e9novation et la reconstruction\u00a0\u00bb, a-t-il d\u00e9clar\u00e9. \u00ab\u00a0J&rsquo;ai dit \u00e0 l&rsquo;\u00e9poque que je le ferais pour 500 millions de dollars et que tout serait reconstruit magnifiquement.\u00a0\u00bb \u00c0 cette \u00e9poque, des mat\u00e9riaux terrazotes et des murs en acajou avaient flott\u00e9 pour lui. Les responsables avaient d\u00e9cid\u00e9 de ne pas le faire &#8211; le r\u00e9publicain a affirm\u00e9 que les Nations Unies auraient alors d\u00fb faire face \u00e0 des co\u00fbts nettement plus \u00e9lev\u00e9s.<\/p>\n<p><strong>-Trump paie le gouvernement de Merz \u00ab\u00a0grand respect\u00a0\u00bb:<\/strong> Le pr\u00e9sident am\u00e9ricain a trouv\u00e9 des \u00e9loges pour le gouvernement f\u00e9d\u00e9ral allemand du chancelier Friedrich Merz. \u00ab\u00a0Je rends grand respect pour l&rsquo;Allemagne. L&rsquo;Allemagne a \u00e9t\u00e9 dirig\u00e9e de mani\u00e8re tr\u00e8s malade, \u00e0 la fois dans la politique d&rsquo;immigration et la politique \u00e9nerg\u00e9tique\u00a0\u00bb, a-t-il d\u00e9clar\u00e9, faisant allusion \u00e0 la promotion des \u00e9nergies renouvelables par le gouvernement du feu de circulation du chancelier d&rsquo;alors, Olaf Scholz. \u00ab\u00a0Ils sont devenus verts et ont fait faillite.\u00a0\u00bb<\/p>\n<div id=\"attachment_425340\" class=\"wp-caption alignleft\" style=\"max-width: 300px\"><img decoding=\"async\" class=\"wp-image-425340 size-medium\" src=\"https:\/\/vieassociative.be\/actualites\/wp-content\/uploads\/2025\/09\/1758658617_450_Le-retour-de-Donald-Trump-a-la-plus-grande-etape.jpg\" alt=\"\" width=\"300\" height=\"200\"><\/div>\n<p>Trump a affirm\u00e9 \u00e0 tort que le nouveau gouvernement f\u00e9d\u00e9ral \u00e9tait donc de nouveau submerg\u00e9 aux combustibles fossiles et \u00e0 l&rsquo;\u00e9nergie nucl\u00e9aire. \u00ab\u00a0Je fais l&rsquo;\u00e9loge de l&rsquo;Allemagne pour cela\u00a0\u00bb, a-t-il d\u00e9clar\u00e9. En fait, l&rsquo;Allemagne est sortie de l&rsquo;\u00e9nergie nucl\u00e9aire. Cependant, dans le gouvernement f\u00e9d\u00e9ral noir et rouge, il y a des voix qui sont mal \u00e0 l&rsquo;\u00e9nergie nucl\u00e9aire et qui envisagent \u00e9galement une utilisation plus forte du gaz comme \u00e9nergie de transition.<\/p>\n<p><strong>&#8211; \u00ab\u00a0Experiment Open Borders a \u00e9chou\u00e9\u00a0\u00bb:<\/strong> Trump a fait campagne pour une politique de migration difficile. \u00ab\u00a0Il est temps de mettre fin \u00e0 l&rsquo;exp\u00e9rience rat\u00e9e des fronti\u00e8res ouvertes\u00a0\u00bb, a-t-il dit, ajoutant: \u00ab\u00a0Les fiers nations doivent \u00eatre en mesure de prot\u00e9ger leurs communaut\u00e9s et d&#8217;emp\u00eacher que leurs soci\u00e9t\u00e9s soient submerg\u00e9es par des personnes qui n&rsquo;ont jamais vues auparavant, avec d&rsquo;autres coutumes, religions et simplement.\u00a0\u00bb Il a dit au public: \u00ab\u00a0Vos pays conduisent les chiens.\u00a0\u00bb<\/p>\n<p>En raison de la guerre du vieillissement en Russie contre l&rsquo;Ukraine pendant plus de trois ans et demi, Trump Moscou a menac\u00e9 de faire des tarifs &#8211; et a encore augment\u00e9 la pression sur les partenaires europ\u00e9ens. Si la Russie n&rsquo;est pas dispos\u00e9e \u00e0 conclure un accord pour mettre fin \u00e0 la guerre de l&rsquo;Ukraine, les \u00c9tats-Unis sont pr\u00eats \u00e0 imposer un certain nombre de \u00ab\u00a0tarifs tr\u00e8s \u00e9normes\u00a0\u00bb. Il a ajout\u00e9: \u00ab\u00a0L&rsquo;Europe doit obtenir une d\u00e9marche\u00a0\u00bb, elle ne peut pas continuer comme avant et acheter du p\u00e9trole et du gaz en Russie.<\/p>\n<p><strong>&#8211; Tous les otages gratuits dans la bande de Gaza:<\/strong> Trump a de nouveau appel\u00e9 \u00e0 la lib\u00e9ration imm\u00e9diate de tous les otages dans la bande de Gaza de l&rsquo;organisation palestinienne islamiste Hamas et a parl\u00e9 pour de nouvelles n\u00e9gociations de paix. Cependant, il n&rsquo;y a actuellement pas de cessez-le-feu en vue: la derni\u00e8re offensive au sol en Isra\u00ebl de la ville de Gaza a forc\u00e9 des centaines de milliers de personnes \u00e0 fuir. (DPA)<\/p>\n","protected":false},"excerpt":{"rendered":"<p>Le pr\u00e9sident am\u00e9ricain Donald Trump s&rsquo;est recommand\u00e9 en tant que futur laur\u00e9at du prix Nobel de la paix devant l&rsquo;Assembl\u00e9e g\u00e9n\u00e9rale des Nations Unies et<\/p>\n","protected":false},"author":1,"featured_media":10212,"comment_status":"","ping_status":"","sticky":false,"template":"","format":"standard","meta":{"footnotes":""},"categories":[298],"tags":[1118,5443,8647,8646,2424,3763,1787,237,787,2425],"class_list":["post-10211","post","type-post","status-publish","format-standard","has-post-thumbnail","hentry","category-belgique","tag-beaucoup","tag-blame","tag-dautoprete","tag-diplomatique","tag-donald","tag-etape","tag-grande","tag-monde","tag-retour","tag-trump","generate-columns","tablet-grid-50","mobile-grid-100","grid-parent","grid-33"],"yoast_head":"<!-- This site is optimized with the Yoast SEO plugin v24.0 - https:\/\/yoast.com\/wordpress\/plugins\/seo\/ -->\n<title>Le retour de Donald Trump \u00e0 la plus grande \u00e9tape diplomatique du monde: beaucoup d&#039;auto-pr\u00eate et beaucoup de bl\u00e2me | Vie Associative<\/title>\n<meta name=\"robots\" content=\"index, follow, max-snippet:-1, max-image-preview:large, max-video-preview:-1\" \/>\n<link rel=\"canonical\" href=\"https:\/\/vieassociative.be\/actualites\/le-retour-de-donald-trump-a-la-plus-grande-etape-diplomatique-du-monde-beaucoup-dauto-prete-et-beaucoup-de-blame\/\" \/>\n<meta property=\"og:locale\" content=\"fr_FR\" \/>\n<meta property=\"og:type\" content=\"article\" \/>\n<meta property=\"og:title\" content=\"Le retour de Donald Trump \u00e0 la plus grande \u00e9tape diplomatique du monde: beaucoup d&#039;auto-pr\u00eate et beaucoup de bl\u00e2me | Vie Associative\" \/>\n<meta property=\"og:description\" content=\"Le pr\u00e9sident am\u00e9ricain Donald Trump s&rsquo;est recommand\u00e9 en tant que futur laur\u00e9at du prix Nobel de la paix devant l&rsquo;Assembl\u00e9e g\u00e9n\u00e9rale des Nations Unies et\" \/>\n<meta property=\"og:url\" content=\"https:\/\/vieassociative.be\/actualites\/le-retour-de-donald-trump-a-la-plus-grande-etape-diplomatique-du-monde-beaucoup-dauto-prete-et-beaucoup-de-blame\/\" \/>\n<meta property=\"og:site_name\" content=\"Vie Associative\" \/>\n<meta property=\"article:published_time\" content=\"2025-09-23T20:16:57+00:00\" \/>\n<meta property=\"og:image\" content=\"https:\/\/vieassociative.be\/actualites\/wp-content\/uploads\/2024\/09\/header_backgroundk-01-e1726694325946.png\" \/>\n\t<meta property=\"og:image:width\" content=\"279\" \/>\n\t<meta property=\"og:image:height\" content=\"92\" \/>\n\t<meta property=\"og:image:type\" content=\"image\/png\" \/>\n<meta name=\"author\" content=\"Julien\" \/>\n<meta name=\"twitter:card\" content=\"summary_large_image\" \/>\n<meta name=\"twitter:label1\" content=\"\u00c9crit par\" \/>\n\t<meta name=\"twitter:data1\" content=\"Julien\" \/>\n\t<meta name=\"twitter:label2\" content=\"Dur\u00e9e de lecture est.\" \/>\n\t<meta name=\"twitter:data2\" content=\"5 minutes\" \/>\n<script type=\"application\/ld+json\" class=\"yoast-schema-graph\">{\"@context\":\"https:\/\/schema.org\",\"@graph\":[{\"@type\":\"Article\",\"@id\":\"https:\/\/vieassociative.be\/actualites\/le-retour-de-donald-trump-a-la-plus-grande-etape-diplomatique-du-monde-beaucoup-dauto-prete-et-beaucoup-de-blame\/#article\",\"isPartOf\":{\"@id\":\"https:\/\/vieassociative.be\/actualites\/le-retour-de-donald-trump-a-la-plus-grande-etape-diplomatique-du-monde-beaucoup-dauto-prete-et-beaucoup-de-blame\/\"},\"author\":{\"name\":\"Julien\",\"@id\":\"https:\/\/vieassociative.be\/actualites\/#\/schema\/person\/b87ac4f82f9d4e7b7cec7395b679edc4\"},\"headline\":\"Le retour de Donald Trump \u00e0 la plus grande \u00e9tape diplomatique du monde: beaucoup d&rsquo;auto-pr\u00eate et beaucoup de bl\u00e2me\",\"datePublished\":\"2025-09-23T20:16:57+00:00\",\"dateModified\":\"2025-09-23T20:16:57+00:00\",\"mainEntityOfPage\":{\"@id\":\"https:\/\/vieassociative.be\/actualites\/le-retour-de-donald-trump-a-la-plus-grande-etape-diplomatique-du-monde-beaucoup-dauto-prete-et-beaucoup-de-blame\/\"},\"wordCount\":1084,\"publisher\":{\"@id\":\"https:\/\/vieassociative.be\/actualites\/#organization\"},\"image\":{\"@id\":\"https:\/\/vieassociative.be\/actualites\/le-retour-de-donald-trump-a-la-plus-grande-etape-diplomatique-du-monde-beaucoup-dauto-prete-et-beaucoup-de-blame\/#primaryimage\"},\"thumbnailUrl\":\"https:\/\/vieassociative.be\/actualites\/wp-content\/uploads\/2025\/09\/1758658617_Le-retour-de-Donald-Trump-a-la-plus-grande-etape.jpg\",\"keywords\":[\"beaucoup\",\"Blame\",\"dautopr\u00eate\",\"diplomatique\",\"Donald\",\"\u00e9tape\",\"grande\",\"monde\",\"retour\",\"Trump\"],\"articleSection\":[\"Belgique\"],\"inLanguage\":\"fr-BE\"},{\"@type\":\"WebPage\",\"@id\":\"https:\/\/vieassociative.be\/actualites\/le-retour-de-donald-trump-a-la-plus-grande-etape-diplomatique-du-monde-beaucoup-dauto-prete-et-beaucoup-de-blame\/\",\"url\":\"https:\/\/vieassociative.be\/actualites\/le-retour-de-donald-trump-a-la-plus-grande-etape-diplomatique-du-monde-beaucoup-dauto-prete-et-beaucoup-de-blame\/\",\"name\":\"Le retour de Donald Trump \u00e0 la plus grande \u00e9tape diplomatique du monde: beaucoup d'auto-pr\u00eate et beaucoup de bl\u00e2me | Vie Associative\",\"isPartOf\":{\"@id\":\"https:\/\/vieassociative.be\/actualites\/#website\"},\"primaryImageOfPage\":{\"@id\":\"https:\/\/vieassociative.be\/actualites\/le-retour-de-donald-trump-a-la-plus-grande-etape-diplomatique-du-monde-beaucoup-dauto-prete-et-beaucoup-de-blame\/#primaryimage\"},\"image\":{\"@id\":\"https:\/\/vieassociative.be\/actualites\/le-retour-de-donald-trump-a-la-plus-grande-etape-diplomatique-du-monde-beaucoup-dauto-prete-et-beaucoup-de-blame\/#primaryimage\"},\"thumbnailUrl\":\"https:\/\/vieassociative.be\/actualites\/wp-content\/uploads\/2025\/09\/1758658617_Le-retour-de-Donald-Trump-a-la-plus-grande-etape.jpg\",\"datePublished\":\"2025-09-23T20:16:57+00:00\",\"dateModified\":\"2025-09-23T20:16:57+00:00\",\"breadcrumb\":{\"@id\":\"https:\/\/vieassociative.be\/actualites\/le-retour-de-donald-trump-a-la-plus-grande-etape-diplomatique-du-monde-beaucoup-dauto-prete-et-beaucoup-de-blame\/#breadcrumb\"},\"inLanguage\":\"fr-BE\",\"potentialAction\":[{\"@type\":\"ReadAction\",\"target\":[\"https:\/\/vieassociative.be\/actualites\/le-retour-de-donald-trump-a-la-plus-grande-etape-diplomatique-du-monde-beaucoup-dauto-prete-et-beaucoup-de-blame\/\"]}]},{\"@type\":\"ImageObject\",\"inLanguage\":\"fr-BE\",\"@id\":\"https:\/\/vieassociative.be\/actualites\/le-retour-de-donald-trump-a-la-plus-grande-etape-diplomatique-du-monde-beaucoup-dauto-prete-et-beaucoup-de-blame\/#primaryimage\",\"url\":\"https:\/\/vieassociative.be\/actualites\/wp-content\/uploads\/2025\/09\/1758658617_Le-retour-de-Donald-Trump-a-la-plus-grande-etape.jpg\",\"contentUrl\":\"https:\/\/vieassociative.be\/actualites\/wp-content\/uploads\/2025\/09\/1758658617_Le-retour-de-Donald-Trump-a-la-plus-grande-etape.jpg\",\"width\":1200,\"height\":800,\"caption\":\"Le retour de Donald Trump \u00e0 la plus grande \u00e9tape diplomatique du monde: beaucoup d'auto-pr\u00eate et beaucoup de bl\u00e2me\"},{\"@type\":\"BreadcrumbList\",\"@id\":\"https:\/\/vieassociative.be\/actualites\/le-retour-de-donald-trump-a-la-plus-grande-etape-diplomatique-du-monde-beaucoup-dauto-prete-et-beaucoup-de-blame\/#breadcrumb\",\"itemListElement\":[{\"@type\":\"ListItem\",\"position\":1,\"name\":\"Accueil\",\"item\":\"https:\/\/vieassociative.be\/actualites\/\"},{\"@type\":\"ListItem\",\"position\":2,\"name\":\"Le retour de Donald Trump \u00e0 la plus grande \u00e9tape diplomatique du monde: beaucoup d&rsquo;auto-pr\u00eate et beaucoup de bl\u00e2me\"}]},{\"@type\":\"WebSite\",\"@id\":\"https:\/\/vieassociative.be\/actualites\/#website\",\"url\":\"https:\/\/vieassociative.be\/actualites\/\",\"name\":\"Vie Associative\",\"description\":\"\",\"publisher\":{\"@id\":\"https:\/\/vieassociative.be\/actualites\/#organization\"},\"potentialAction\":[{\"@type\":\"SearchAction\",\"target\":{\"@type\":\"EntryPoint\",\"urlTemplate\":\"https:\/\/vieassociative.be\/actualites\/?s={search_term_string}\"},\"query-input\":{\"@type\":\"PropertyValueSpecification\",\"valueRequired\":true,\"valueName\":\"search_term_string\"}}],\"inLanguage\":\"fr-BE\"},{\"@type\":\"Organization\",\"@id\":\"https:\/\/vieassociative.be\/actualites\/#organization\",\"name\":\"Vie Associative\",\"url\":\"https:\/\/vieassociative.be\/actualites\/\",\"logo\":{\"@type\":\"ImageObject\",\"inLanguage\":\"fr-BE\",\"@id\":\"https:\/\/vieassociative.be\/actualites\/#\/schema\/logo\/image\/\",\"url\":\"https:\/\/vieassociative.be\/actualites\/wp-content\/uploads\/2024\/09\/cropped-vieassociative_favicon.ico.png\",\"contentUrl\":\"https:\/\/vieassociative.be\/actualites\/wp-content\/uploads\/2024\/09\/cropped-vieassociative_favicon.ico.png\",\"width\":512,\"height\":512,\"caption\":\"Vie Associative\"},\"image\":{\"@id\":\"https:\/\/vieassociative.be\/actualites\/#\/schema\/logo\/image\/\"}},{\"@type\":\"Person\",\"@id\":\"https:\/\/vieassociative.be\/actualites\/#\/schema\/person\/b87ac4f82f9d4e7b7cec7395b679edc4\",\"name\":\"Julien\",\"image\":{\"@type\":\"ImageObject\",\"inLanguage\":\"fr-BE\",\"@id\":\"https:\/\/vieassociative.be\/actualites\/#\/schema\/person\/image\/\",\"url\":\"https:\/\/vieassociative.be\/actualites\/wp-content\/uploads\/2024\/09\/vie-associative-1-150x150.jpg\",\"contentUrl\":\"https:\/\/vieassociative.be\/actualites\/wp-content\/uploads\/2024\/09\/vie-associative-1-150x150.jpg\",\"caption\":\"Julien\"},\"description\":\"Je suis Julien, r\u00e9dacteur pour Vie Associative. Passionn\u00e9 par le monde associatif depuis plus de 10 ans, j'ai \u00e0 c\u0153ur de partager des histoires inspirantes et de mettre en lumi\u00e8re les initiatives locales. Mon objectif est de sensibiliser et d'encourager l'engagement communautaire \u00e0 travers mes articles.\",\"sameAs\":[\"https:\/\/vieassociative.be\/\"]}]}<\/script>\n<!-- \/ Yoast SEO plugin. -->","yoast_head_json":{"title":"Le retour de Donald Trump \u00e0 la plus grande \u00e9tape diplomatique du monde: beaucoup d'auto-pr\u00eate et beaucoup de bl\u00e2me | Vie Associative","robots":{"index":"index","follow":"follow","max-snippet":"max-snippet:-1","max-image-preview":"max-image-preview:large","max-video-preview":"max-video-preview:-1"},"canonical":"https:\/\/vieassociative.be\/actualites\/le-retour-de-donald-trump-a-la-plus-grande-etape-diplomatique-du-monde-beaucoup-dauto-prete-et-beaucoup-de-blame\/","og_locale":"fr_FR","og_type":"article","og_title":"Le retour de Donald Trump \u00e0 la plus grande \u00e9tape diplomatique du monde: beaucoup d'auto-pr\u00eate et beaucoup de bl\u00e2me | Vie Associative","og_description":"Le pr\u00e9sident am\u00e9ricain Donald Trump s&rsquo;est recommand\u00e9 en tant que futur laur\u00e9at du prix Nobel de la paix devant l&rsquo;Assembl\u00e9e g\u00e9n\u00e9rale des Nations Unies et","og_url":"https:\/\/vieassociative.be\/actualites\/le-retour-de-donald-trump-a-la-plus-grande-etape-diplomatique-du-monde-beaucoup-dauto-prete-et-beaucoup-de-blame\/","og_site_name":"Vie Associative","article_published_time":"2025-09-23T20:16:57+00:00","og_image":[{"width":279,"height":92,"url":"https:\/\/vieassociative.be\/actualites\/wp-content\/uploads\/2024\/09\/header_backgroundk-01-e1726694325946.png","type":"image\/png"}],"author":"Julien","twitter_card":"summary_large_image","twitter_misc":{"\u00c9crit par":"Julien","Dur\u00e9e de lecture est.":"5 minutes"},"schema":{"@context":"https:\/\/schema.org","@graph":[{"@type":"Article","@id":"https:\/\/vieassociative.be\/actualites\/le-retour-de-donald-trump-a-la-plus-grande-etape-diplomatique-du-monde-beaucoup-dauto-prete-et-beaucoup-de-blame\/#article","isPartOf":{"@id":"https:\/\/vieassociative.be\/actualites\/le-retour-de-donald-trump-a-la-plus-grande-etape-diplomatique-du-monde-beaucoup-dauto-prete-et-beaucoup-de-blame\/"},"author":{"name":"Julien","@id":"https:\/\/vieassociative.be\/actualites\/#\/schema\/person\/b87ac4f82f9d4e7b7cec7395b679edc4"},"headline":"Le retour de Donald Trump \u00e0 la plus grande \u00e9tape diplomatique du monde: beaucoup d&rsquo;auto-pr\u00eate et beaucoup de bl\u00e2me","datePublished":"2025-09-23T20:16:57+00:00","dateModified":"2025-09-23T20:16:57+00:00","mainEntityOfPage":{"@id":"https:\/\/vieassociative.be\/actualites\/le-retour-de-donald-trump-a-la-plus-grande-etape-diplomatique-du-monde-beaucoup-dauto-prete-et-beaucoup-de-blame\/"},"wordCount":1084,"publisher":{"@id":"https:\/\/vieassociative.be\/actualites\/#organization"},"image":{"@id":"https:\/\/vieassociative.be\/actualites\/le-retour-de-donald-trump-a-la-plus-grande-etape-diplomatique-du-monde-beaucoup-dauto-prete-et-beaucoup-de-blame\/#primaryimage"},"thumbnailUrl":"https:\/\/vieassociative.be\/actualites\/wp-content\/uploads\/2025\/09\/1758658617_Le-retour-de-Donald-Trump-a-la-plus-grande-etape.jpg","keywords":["beaucoup","Blame","dautopr\u00eate","diplomatique","Donald","\u00e9tape","grande","monde","retour","Trump"],"articleSection":["Belgique"],"inLanguage":"fr-BE"},{"@type":"WebPage","@id":"https:\/\/vieassociative.be\/actualites\/le-retour-de-donald-trump-a-la-plus-grande-etape-diplomatique-du-monde-beaucoup-dauto-prete-et-beaucoup-de-blame\/","url":"https:\/\/vieassociative.be\/actualites\/le-retour-de-donald-trump-a-la-plus-grande-etape-diplomatique-du-monde-beaucoup-dauto-prete-et-beaucoup-de-blame\/","name":"Le retour de Donald Trump \u00e0 la plus grande \u00e9tape diplomatique du monde: beaucoup d'auto-pr\u00eate et beaucoup de bl\u00e2me | Vie Associative","isPartOf":{"@id":"https:\/\/vieassociative.be\/actualites\/#website"},"primaryImageOfPage":{"@id":"https:\/\/vieassociative.be\/actualites\/le-retour-de-donald-trump-a-la-plus-grande-etape-diplomatique-du-monde-beaucoup-dauto-prete-et-beaucoup-de-blame\/#primaryimage"},"image":{"@id":"https:\/\/vieassociative.be\/actualites\/le-retour-de-donald-trump-a-la-plus-grande-etape-diplomatique-du-monde-beaucoup-dauto-prete-et-beaucoup-de-blame\/#primaryimage"},"thumbnailUrl":"https:\/\/vieassociative.be\/actualites\/wp-content\/uploads\/2025\/09\/1758658617_Le-retour-de-Donald-Trump-a-la-plus-grande-etape.jpg","datePublished":"2025-09-23T20:16:57+00:00","dateModified":"2025-09-23T20:16:57+00:00","breadcrumb":{"@id":"https:\/\/vieassociative.be\/actualites\/le-retour-de-donald-trump-a-la-plus-grande-etape-diplomatique-du-monde-beaucoup-dauto-prete-et-beaucoup-de-blame\/#breadcrumb"},"inLanguage":"fr-BE","potentialAction":[{"@type":"ReadAction","target":["https:\/\/vieassociative.be\/actualites\/le-retour-de-donald-trump-a-la-plus-grande-etape-diplomatique-du-monde-beaucoup-dauto-prete-et-beaucoup-de-blame\/"]}]},{"@type":"ImageObject","inLanguage":"fr-BE","@id":"https:\/\/vieassociative.be\/actualites\/le-retour-de-donald-trump-a-la-plus-grande-etape-diplomatique-du-monde-beaucoup-dauto-prete-et-beaucoup-de-blame\/#primaryimage","url":"https:\/\/vieassociative.be\/actualites\/wp-content\/uploads\/2025\/09\/1758658617_Le-retour-de-Donald-Trump-a-la-plus-grande-etape.jpg","contentUrl":"https:\/\/vieassociative.be\/actualites\/wp-content\/uploads\/2025\/09\/1758658617_Le-retour-de-Donald-Trump-a-la-plus-grande-etape.jpg","width":1200,"height":800,"caption":"Le retour de Donald Trump \u00e0 la plus grande \u00e9tape diplomatique du monde: beaucoup d'auto-pr\u00eate et beaucoup de bl\u00e2me"},{"@type":"BreadcrumbList","@id":"https:\/\/vieassociative.be\/actualites\/le-retour-de-donald-trump-a-la-plus-grande-etape-diplomatique-du-monde-beaucoup-dauto-prete-et-beaucoup-de-blame\/#breadcrumb","itemListElement":[{"@type":"ListItem","position":1,"name":"Accueil","item":"https:\/\/vieassociative.be\/actualites\/"},{"@type":"ListItem","position":2,"name":"Le retour de Donald Trump \u00e0 la plus grande \u00e9tape diplomatique du monde: beaucoup d&rsquo;auto-pr\u00eate et beaucoup de bl\u00e2me"}]},{"@type":"WebSite","@id":"https:\/\/vieassociative.be\/actualites\/#website","url":"https:\/\/vieassociative.be\/actualites\/","name":"Vie Associative","description":"","publisher":{"@id":"https:\/\/vieassociative.be\/actualites\/#organization"},"potentialAction":[{"@type":"SearchAction","target":{"@type":"EntryPoint","urlTemplate":"https:\/\/vieassociative.be\/actualites\/?s={search_term_string}"},"query-input":{"@type":"PropertyValueSpecification","valueRequired":true,"valueName":"search_term_string"}}],"inLanguage":"fr-BE"},{"@type":"Organization","@id":"https:\/\/vieassociative.be\/actualites\/#organization","name":"Vie Associative","url":"https:\/\/vieassociative.be\/actualites\/","logo":{"@type":"ImageObject","inLanguage":"fr-BE","@id":"https:\/\/vieassociative.be\/actualites\/#\/schema\/logo\/image\/","url":"https:\/\/vieassociative.be\/actualites\/wp-content\/uploads\/2024\/09\/cropped-vieassociative_favicon.ico.png","contentUrl":"https:\/\/vieassociative.be\/actualites\/wp-content\/uploads\/2024\/09\/cropped-vieassociative_favicon.ico.png","width":512,"height":512,"caption":"Vie Associative"},"image":{"@id":"https:\/\/vieassociative.be\/actualites\/#\/schema\/logo\/image\/"}},{"@type":"Person","@id":"https:\/\/vieassociative.be\/actualites\/#\/schema\/person\/b87ac4f82f9d4e7b7cec7395b679edc4","name":"Julien","image":{"@type":"ImageObject","inLanguage":"fr-BE","@id":"https:\/\/vieassociative.be\/actualites\/#\/schema\/person\/image\/","url":"https:\/\/vieassociative.be\/actualites\/wp-content\/uploads\/2024\/09\/vie-associative-1-150x150.jpg","contentUrl":"https:\/\/vieassociative.be\/actualites\/wp-content\/uploads\/2024\/09\/vie-associative-1-150x150.jpg","caption":"Julien"},"description":"Je suis Julien, r\u00e9dacteur pour Vie Associative. Passionn\u00e9 par le monde associatif depuis plus de 10 ans, j'ai \u00e0 c\u0153ur de partager des histoires inspirantes et de mettre en lumi\u00e8re les initiatives locales. Mon objectif est de sensibiliser et d'encourager l'engagement communautaire \u00e0 travers mes articles.","sameAs":["https:\/\/vieassociative.be\/"]}]}},"_links":{"self":[{"href":"https:\/\/vieassociative.be\/actualites\/wp-json\/wp\/v2\/posts\/10211"}],"collection":[{"href":"https:\/\/vieassociative.be\/actualites\/wp-json\/wp\/v2\/posts"}],"about":[{"href":"https:\/\/vieassociative.be\/actualites\/wp-json\/wp\/v2\/types\/post"}],"author":[{"embeddable":true,"href":"https:\/\/vieassociative.be\/actualites\/wp-json\/wp\/v2\/users\/1"}],"replies":[{"embeddable":true,"href":"https:\/\/vieassociative.be\/actualites\/wp-json\/wp\/v2\/comments?post=10211"}],"version-history":[{"count":0,"href":"https:\/\/vieassociative.be\/actualites\/wp-json\/wp\/v2\/posts\/10211\/revisions"}],"wp:featuredmedia":[{"embeddable":true,"href":"https:\/\/vieassociative.be\/actualites\/wp-json\/wp\/v2\/media\/10212"}],"wp:attachment":[{"href":"https:\/\/vieassociative.be\/actualites\/wp-json\/wp\/v2\/media?parent=10211"}],"wp:term":[{"taxonomy":"category","embeddable":true,"href":"https:\/\/vieassociative.be\/actualites\/wp-json\/wp\/v2\/categories?post=10211"},{"taxonomy":"post_tag","embeddable":true,"href":"https:\/\/vieassociative.be\/actualites\/wp-json\/wp\/v2\/tags?post=10211"}],"curies":[{"name":"wp","href":"https:\/\/api.w.org\/{rel}","templated":true}]}}