{"id":1021,"date":"2024-10-09T09:21:54","date_gmt":"2024-10-09T07:21:54","guid":{"rendered":"https:\/\/vieassociative.be\/actualites\/la-methode-123-peut-vous-aider-a-vous-souvenir-de-ce-que-vous-avez-etudie\/"},"modified":"2024-10-09T09:21:54","modified_gmt":"2024-10-09T07:21:54","slug":"la-methode-123-peut-vous-aider-a-vous-souvenir-de-ce-que-vous-avez-etudie","status":"publish","type":"post","link":"https:\/\/vieassociative.be\/actualites\/la-methode-123-peut-vous-aider-a-vous-souvenir-de-ce-que-vous-avez-etudie\/","title":{"rendered":"La m\u00e9thode \u00ab\u00a0123\u00a0\u00bb peut vous aider \u00e0 vous souvenir de ce que vous avez \u00e9tudi\u00e9"},"content":{"rendered":"<div class=\"mt-4 leading-6 md:mb-8\">Le g\u00e9nie de la m\u00e9thode \u00ab 123 \u00bb r\u00e9side dans sa simplicit\u00e9.<\/div>\n<p><\/p>\n<p>C&rsquo;est une bonne id\u00e9e d&rsquo;avoir une strat\u00e9gie pour r\u00e9ellement retenir ce que vous apprenez, mais si votre m\u00e9thode est trop compliqu\u00e9e, vous ne vous y tiendrez jamais et alors elle sera inutile. Les meilleures m\u00e9thodes d\u2019\u00e9tude reposent non seulement sur la recherche et sur une compr\u00e9hension \u00e9tablie du fonctionnement de la m\u00e9moire, mais sont \u00e9galement faciles \u00e0 int\u00e9grer dans la vie quotidienne. La m\u00e9thode \u00ab\u00a0123\u00a0\u00bb r\u00e9pond \u00e0 tous les crit\u00e8res d&rsquo;une bonne m\u00e9thode d&rsquo;\u00e9tude, voyons donc de quoi il s&rsquo;agit. <\/p>\n<h2 id=\"what-is-the-123-study-method\">Quelle est la m\u00e9thode d\u2019\u00e9tude 123 ?<\/h2>\n<p>La m\u00e9thode d&rsquo;\u00e9tude 123 ressemble beaucoup \u00e0 la m\u00e9thode 2357, sauf qu&rsquo;elle est beaucoup plus facile \u00e0 ma\u00eetriser et \u00e0 ex\u00e9cuter. Avec 2357, vous r\u00e9visez et r\u00e9visez vos notes et documents les jours deux, trois, cinq et sept apr\u00e8s les avoir appris pour la premi\u00e8re fois, ce qui est un horaire difficile \u00e0 retenir et \u00e0 maintenir. La m\u00e9thode 123 est plus simple : d\u00e8s le premier jour, vous apprenez votre mati\u00e8re. Le deuxi\u00e8me jour, vous le r\u00e9visez. R\u00e9visez-le le troisi\u00e8me jour, puis n&rsquo;y pensez pas pendant une semaine, apr\u00e8s quoi vous le r\u00e9viserez. <\/p>\n<h2 id=\"why-the-123-study-method-works\">Pourquoi la m\u00e9thode d&rsquo;\u00e9tude 123 fonctionne<\/h2>\n<p>La m\u00e9thode 123 repose sur une pratique distribu\u00e9e, qui vous demande de r\u00e9viser vos documents \u00e0 intervalles espac\u00e9s pour mieux les conserver dans votre m\u00e9moire \u00e0 long terme. C&rsquo;est une technique qui fonctionne, mais souvent, les adeptes s&rsquo;attendent \u00e0 ce que vous diffusiez la pratique d&rsquo;une mani\u00e8re difficile \u00e0 g\u00e9rer. En l&rsquo;examinant pendant trois jours, puis en donnant \u00e0 votre cerveau une semaine et en voyant ce que vous avez retenu, vous pouvez int\u00e9grer beaucoup plus facilement la pratique distribu\u00e9e dans votre vie. <\/p>\n<p>Il est pr\u00e9f\u00e9rable d&rsquo;appliquer cette m\u00e9thode environ 10 jours apr\u00e8s un test important, afin que vous puissiez \u00e9tudier et r\u00e9viser pendant ces trois premiers jours, puis une fois de plus la veille du test. La mani\u00e8re dont vous r\u00e9visez d\u00e9pend de vous, mais vous pouvez essayer des flashcards, qui vous aident \u00e0 r\u00e9cup\u00e9rer la m\u00e9moire, ou \u00e0 flouter, qui vous aide \u00e0 identifier vos probl\u00e8mes en vous obligeant \u00e0 rappeler autant d&rsquo;informations que possible sans regarder vos notes. Sachez simplement que l\u2019intervalle d\u2019une semaine entre les \u00e9valuations est essentiel. Lorsque votre cerveau a presque oubli\u00e9 quelque chose, il travaille un peu plus fort pour extraire les informations de votre m\u00e9moire, ce qui aidera r\u00e9ellement \u00e0 conserver les faits avant votre grand test. <\/p>\n","protected":false},"excerpt":{"rendered":"<p>Le g\u00e9nie de la m\u00e9thode \u00ab 123 \u00bb r\u00e9side dans sa simplicit\u00e9. C&rsquo;est une bonne id\u00e9e d&rsquo;avoir une strat\u00e9gie pour r\u00e9ellement retenir ce que vous<\/p>\n","protected":false},"author":1,"featured_media":1022,"comment_status":"","ping_status":"","sticky":false,"template":"","format":"standard","meta":{"footnotes":""},"categories":[37],"tags":[294,258,1569,106,22,1568,4],"class_list":["post-1021","post","type-post","status-publish","format-standard","has-post-thumbnail","hentry","category-famille","tag-aider","tag-avez","tag-etudie","tag-methode","tag-peut","tag-souvenir","tag-vous","generate-columns","tablet-grid-50","mobile-grid-100","grid-parent","grid-33"],"yoast_head":"<!-- This site is optimized with the Yoast SEO plugin v24.0 - https:\/\/yoast.com\/wordpress\/plugins\/seo\/ -->\n<title>La m\u00e9thode \u00ab\u00a0123\u00a0\u00bb peut vous aider \u00e0 vous souvenir de ce que vous avez \u00e9tudi\u00e9 | Vie Associative<\/title>\n<meta name=\"robots\" content=\"index, follow, max-snippet:-1, max-image-preview:large, max-video-preview:-1\" \/>\n<link rel=\"canonical\" href=\"https:\/\/vieassociative.be\/actualites\/la-methode-123-peut-vous-aider-a-vous-souvenir-de-ce-que-vous-avez-etudie\/\" \/>\n<meta property=\"og:locale\" content=\"fr_FR\" \/>\n<meta property=\"og:type\" content=\"article\" \/>\n<meta property=\"og:title\" content=\"La m\u00e9thode \u00ab\u00a0123\u00a0\u00bb peut vous aider \u00e0 vous souvenir de ce que vous avez \u00e9tudi\u00e9 | Vie Associative\" \/>\n<meta property=\"og:description\" content=\"Le g\u00e9nie de la m\u00e9thode \u00ab 123 \u00bb r\u00e9side dans sa simplicit\u00e9. C&rsquo;est une bonne id\u00e9e d&rsquo;avoir une strat\u00e9gie pour r\u00e9ellement retenir ce que vous\" \/>\n<meta property=\"og:url\" content=\"https:\/\/vieassociative.be\/actualites\/la-methode-123-peut-vous-aider-a-vous-souvenir-de-ce-que-vous-avez-etudie\/\" \/>\n<meta property=\"og:site_name\" content=\"Vie Associative\" \/>\n<meta property=\"article:published_time\" content=\"2024-10-09T07:21:54+00:00\" \/>\n<meta property=\"og:image\" content=\"https:\/\/vieassociative.be\/actualites\/wp-content\/uploads\/2024\/09\/header_backgroundk-01-e1726694325946.png\" \/>\n\t<meta property=\"og:image:width\" content=\"279\" \/>\n\t<meta property=\"og:image:height\" content=\"92\" \/>\n\t<meta property=\"og:image:type\" content=\"image\/png\" \/>\n<meta name=\"author\" content=\"Julien\" \/>\n<meta name=\"twitter:card\" content=\"summary_large_image\" \/>\n<meta name=\"twitter:label1\" content=\"\u00c9crit par\" \/>\n\t<meta name=\"twitter:data1\" content=\"Julien\" \/>\n\t<meta name=\"twitter:label2\" content=\"Dur\u00e9e de lecture est.\" \/>\n\t<meta name=\"twitter:data2\" content=\"2 minutes\" \/>\n<script type=\"application\/ld+json\" class=\"yoast-schema-graph\">{\"@context\":\"https:\/\/schema.org\",\"@graph\":[{\"@type\":\"Article\",\"@id\":\"https:\/\/vieassociative.be\/actualites\/la-methode-123-peut-vous-aider-a-vous-souvenir-de-ce-que-vous-avez-etudie\/#article\",\"isPartOf\":{\"@id\":\"https:\/\/vieassociative.be\/actualites\/la-methode-123-peut-vous-aider-a-vous-souvenir-de-ce-que-vous-avez-etudie\/\"},\"author\":{\"name\":\"Julien\",\"@id\":\"https:\/\/vieassociative.be\/actualites\/#\/schema\/person\/b87ac4f82f9d4e7b7cec7395b679edc4\"},\"headline\":\"La m\u00e9thode \u00ab\u00a0123\u00a0\u00bb peut vous aider \u00e0 vous souvenir de ce que vous avez \u00e9tudi\u00e9\",\"datePublished\":\"2024-10-09T07:21:54+00:00\",\"dateModified\":\"2024-10-09T07:21:54+00:00\",\"mainEntityOfPage\":{\"@id\":\"https:\/\/vieassociative.be\/actualites\/la-methode-123-peut-vous-aider-a-vous-souvenir-de-ce-que-vous-avez-etudie\/\"},\"wordCount\":464,\"publisher\":{\"@id\":\"https:\/\/vieassociative.be\/actualites\/#organization\"},\"image\":{\"@id\":\"https:\/\/vieassociative.be\/actualites\/la-methode-123-peut-vous-aider-a-vous-souvenir-de-ce-que-vous-avez-etudie\/#primaryimage\"},\"thumbnailUrl\":\"https:\/\/vieassociative.be\/actualites\/wp-content\/uploads\/2024\/10\/La-methode-123-peut-vous-aider-a-vous-souvenir-de.jpg\",\"keywords\":[\"aider\",\"avez\",\"\u00e9tudi\u00e9\",\"m\u00e9thode\",\"peut\",\"souvenir\",\"Vous\"],\"articleSection\":[\"Famille\"],\"inLanguage\":\"fr-BE\"},{\"@type\":\"WebPage\",\"@id\":\"https:\/\/vieassociative.be\/actualites\/la-methode-123-peut-vous-aider-a-vous-souvenir-de-ce-que-vous-avez-etudie\/\",\"url\":\"https:\/\/vieassociative.be\/actualites\/la-methode-123-peut-vous-aider-a-vous-souvenir-de-ce-que-vous-avez-etudie\/\",\"name\":\"La m\u00e9thode \u00ab\u00a0123\u00a0\u00bb peut vous aider \u00e0 vous souvenir de ce que vous avez \u00e9tudi\u00e9 | Vie Associative\",\"isPartOf\":{\"@id\":\"https:\/\/vieassociative.be\/actualites\/#website\"},\"primaryImageOfPage\":{\"@id\":\"https:\/\/vieassociative.be\/actualites\/la-methode-123-peut-vous-aider-a-vous-souvenir-de-ce-que-vous-avez-etudie\/#primaryimage\"},\"image\":{\"@id\":\"https:\/\/vieassociative.be\/actualites\/la-methode-123-peut-vous-aider-a-vous-souvenir-de-ce-que-vous-avez-etudie\/#primaryimage\"},\"thumbnailUrl\":\"https:\/\/vieassociative.be\/actualites\/wp-content\/uploads\/2024\/10\/La-methode-123-peut-vous-aider-a-vous-souvenir-de.jpg\",\"datePublished\":\"2024-10-09T07:21:54+00:00\",\"dateModified\":\"2024-10-09T07:21:54+00:00\",\"breadcrumb\":{\"@id\":\"https:\/\/vieassociative.be\/actualites\/la-methode-123-peut-vous-aider-a-vous-souvenir-de-ce-que-vous-avez-etudie\/#breadcrumb\"},\"inLanguage\":\"fr-BE\",\"potentialAction\":[{\"@type\":\"ReadAction\",\"target\":[\"https:\/\/vieassociative.be\/actualites\/la-methode-123-peut-vous-aider-a-vous-souvenir-de-ce-que-vous-avez-etudie\/\"]}]},{\"@type\":\"ImageObject\",\"inLanguage\":\"fr-BE\",\"@id\":\"https:\/\/vieassociative.be\/actualites\/la-methode-123-peut-vous-aider-a-vous-souvenir-de-ce-que-vous-avez-etudie\/#primaryimage\",\"url\":\"https:\/\/vieassociative.be\/actualites\/wp-content\/uploads\/2024\/10\/La-methode-123-peut-vous-aider-a-vous-souvenir-de.jpg\",\"contentUrl\":\"https:\/\/vieassociative.be\/actualites\/wp-content\/uploads\/2024\/10\/La-methode-123-peut-vous-aider-a-vous-souvenir-de.jpg\",\"width\":1200,\"height\":674,\"caption\":\"La m\u00e9thode \u00ab\u00a0123\u00a0\u00bb peut vous aider \u00e0 vous souvenir de ce que vous avez \u00e9tudi\u00e9\"},{\"@type\":\"BreadcrumbList\",\"@id\":\"https:\/\/vieassociative.be\/actualites\/la-methode-123-peut-vous-aider-a-vous-souvenir-de-ce-que-vous-avez-etudie\/#breadcrumb\",\"itemListElement\":[{\"@type\":\"ListItem\",\"position\":1,\"name\":\"Accueil\",\"item\":\"https:\/\/vieassociative.be\/actualites\/\"},{\"@type\":\"ListItem\",\"position\":2,\"name\":\"La m\u00e9thode \u00ab\u00a0123\u00a0\u00bb peut vous aider \u00e0 vous souvenir de ce que vous avez \u00e9tudi\u00e9\"}]},{\"@type\":\"WebSite\",\"@id\":\"https:\/\/vieassociative.be\/actualites\/#website\",\"url\":\"https:\/\/vieassociative.be\/actualites\/\",\"name\":\"Vie Associative\",\"description\":\"\",\"publisher\":{\"@id\":\"https:\/\/vieassociative.be\/actualites\/#organization\"},\"potentialAction\":[{\"@type\":\"SearchAction\",\"target\":{\"@type\":\"EntryPoint\",\"urlTemplate\":\"https:\/\/vieassociative.be\/actualites\/?s={search_term_string}\"},\"query-input\":{\"@type\":\"PropertyValueSpecification\",\"valueRequired\":true,\"valueName\":\"search_term_string\"}}],\"inLanguage\":\"fr-BE\"},{\"@type\":\"Organization\",\"@id\":\"https:\/\/vieassociative.be\/actualites\/#organization\",\"name\":\"Vie Associative\",\"url\":\"https:\/\/vieassociative.be\/actualites\/\",\"logo\":{\"@type\":\"ImageObject\",\"inLanguage\":\"fr-BE\",\"@id\":\"https:\/\/vieassociative.be\/actualites\/#\/schema\/logo\/image\/\",\"url\":\"https:\/\/vieassociative.be\/actualites\/wp-content\/uploads\/2024\/09\/cropped-vieassociative_favicon.ico.png\",\"contentUrl\":\"https:\/\/vieassociative.be\/actualites\/wp-content\/uploads\/2024\/09\/cropped-vieassociative_favicon.ico.png\",\"width\":512,\"height\":512,\"caption\":\"Vie Associative\"},\"image\":{\"@id\":\"https:\/\/vieassociative.be\/actualites\/#\/schema\/logo\/image\/\"}},{\"@type\":\"Person\",\"@id\":\"https:\/\/vieassociative.be\/actualites\/#\/schema\/person\/b87ac4f82f9d4e7b7cec7395b679edc4\",\"name\":\"Julien\",\"image\":{\"@type\":\"ImageObject\",\"inLanguage\":\"fr-BE\",\"@id\":\"https:\/\/vieassociative.be\/actualites\/#\/schema\/person\/image\/\",\"url\":\"https:\/\/vieassociative.be\/actualites\/wp-content\/uploads\/2024\/09\/vie-associative-1-150x150.jpg\",\"contentUrl\":\"https:\/\/vieassociative.be\/actualites\/wp-content\/uploads\/2024\/09\/vie-associative-1-150x150.jpg\",\"caption\":\"Julien\"},\"description\":\"Je suis Julien, r\u00e9dacteur pour Vie Associative. Passionn\u00e9 par le monde associatif depuis plus de 10 ans, j'ai \u00e0 c\u0153ur de partager des histoires inspirantes et de mettre en lumi\u00e8re les initiatives locales. Mon objectif est de sensibiliser et d'encourager l'engagement communautaire \u00e0 travers mes articles.\",\"sameAs\":[\"https:\/\/vieassociative.be\/\"]}]}<\/script>\n<!-- \/ Yoast SEO plugin. -->","yoast_head_json":{"title":"La m\u00e9thode \u00ab\u00a0123\u00a0\u00bb peut vous aider \u00e0 vous souvenir de ce que vous avez \u00e9tudi\u00e9 | Vie Associative","robots":{"index":"index","follow":"follow","max-snippet":"max-snippet:-1","max-image-preview":"max-image-preview:large","max-video-preview":"max-video-preview:-1"},"canonical":"https:\/\/vieassociative.be\/actualites\/la-methode-123-peut-vous-aider-a-vous-souvenir-de-ce-que-vous-avez-etudie\/","og_locale":"fr_FR","og_type":"article","og_title":"La m\u00e9thode \u00ab\u00a0123\u00a0\u00bb peut vous aider \u00e0 vous souvenir de ce que vous avez \u00e9tudi\u00e9 | Vie Associative","og_description":"Le g\u00e9nie de la m\u00e9thode \u00ab 123 \u00bb r\u00e9side dans sa simplicit\u00e9. C&rsquo;est une bonne id\u00e9e d&rsquo;avoir une strat\u00e9gie pour r\u00e9ellement retenir ce que vous","og_url":"https:\/\/vieassociative.be\/actualites\/la-methode-123-peut-vous-aider-a-vous-souvenir-de-ce-que-vous-avez-etudie\/","og_site_name":"Vie Associative","article_published_time":"2024-10-09T07:21:54+00:00","og_image":[{"width":279,"height":92,"url":"https:\/\/vieassociative.be\/actualites\/wp-content\/uploads\/2024\/09\/header_backgroundk-01-e1726694325946.png","type":"image\/png"}],"author":"Julien","twitter_card":"summary_large_image","twitter_misc":{"\u00c9crit par":"Julien","Dur\u00e9e de lecture est.":"2 minutes"},"schema":{"@context":"https:\/\/schema.org","@graph":[{"@type":"Article","@id":"https:\/\/vieassociative.be\/actualites\/la-methode-123-peut-vous-aider-a-vous-souvenir-de-ce-que-vous-avez-etudie\/#article","isPartOf":{"@id":"https:\/\/vieassociative.be\/actualites\/la-methode-123-peut-vous-aider-a-vous-souvenir-de-ce-que-vous-avez-etudie\/"},"author":{"name":"Julien","@id":"https:\/\/vieassociative.be\/actualites\/#\/schema\/person\/b87ac4f82f9d4e7b7cec7395b679edc4"},"headline":"La m\u00e9thode \u00ab\u00a0123\u00a0\u00bb peut vous aider \u00e0 vous souvenir de ce que vous avez \u00e9tudi\u00e9","datePublished":"2024-10-09T07:21:54+00:00","dateModified":"2024-10-09T07:21:54+00:00","mainEntityOfPage":{"@id":"https:\/\/vieassociative.be\/actualites\/la-methode-123-peut-vous-aider-a-vous-souvenir-de-ce-que-vous-avez-etudie\/"},"wordCount":464,"publisher":{"@id":"https:\/\/vieassociative.be\/actualites\/#organization"},"image":{"@id":"https:\/\/vieassociative.be\/actualites\/la-methode-123-peut-vous-aider-a-vous-souvenir-de-ce-que-vous-avez-etudie\/#primaryimage"},"thumbnailUrl":"https:\/\/vieassociative.be\/actualites\/wp-content\/uploads\/2024\/10\/La-methode-123-peut-vous-aider-a-vous-souvenir-de.jpg","keywords":["aider","avez","\u00e9tudi\u00e9","m\u00e9thode","peut","souvenir","Vous"],"articleSection":["Famille"],"inLanguage":"fr-BE"},{"@type":"WebPage","@id":"https:\/\/vieassociative.be\/actualites\/la-methode-123-peut-vous-aider-a-vous-souvenir-de-ce-que-vous-avez-etudie\/","url":"https:\/\/vieassociative.be\/actualites\/la-methode-123-peut-vous-aider-a-vous-souvenir-de-ce-que-vous-avez-etudie\/","name":"La m\u00e9thode \u00ab\u00a0123\u00a0\u00bb peut vous aider \u00e0 vous souvenir de ce que vous avez \u00e9tudi\u00e9 | Vie Associative","isPartOf":{"@id":"https:\/\/vieassociative.be\/actualites\/#website"},"primaryImageOfPage":{"@id":"https:\/\/vieassociative.be\/actualites\/la-methode-123-peut-vous-aider-a-vous-souvenir-de-ce-que-vous-avez-etudie\/#primaryimage"},"image":{"@id":"https:\/\/vieassociative.be\/actualites\/la-methode-123-peut-vous-aider-a-vous-souvenir-de-ce-que-vous-avez-etudie\/#primaryimage"},"thumbnailUrl":"https:\/\/vieassociative.be\/actualites\/wp-content\/uploads\/2024\/10\/La-methode-123-peut-vous-aider-a-vous-souvenir-de.jpg","datePublished":"2024-10-09T07:21:54+00:00","dateModified":"2024-10-09T07:21:54+00:00","breadcrumb":{"@id":"https:\/\/vieassociative.be\/actualites\/la-methode-123-peut-vous-aider-a-vous-souvenir-de-ce-que-vous-avez-etudie\/#breadcrumb"},"inLanguage":"fr-BE","potentialAction":[{"@type":"ReadAction","target":["https:\/\/vieassociative.be\/actualites\/la-methode-123-peut-vous-aider-a-vous-souvenir-de-ce-que-vous-avez-etudie\/"]}]},{"@type":"ImageObject","inLanguage":"fr-BE","@id":"https:\/\/vieassociative.be\/actualites\/la-methode-123-peut-vous-aider-a-vous-souvenir-de-ce-que-vous-avez-etudie\/#primaryimage","url":"https:\/\/vieassociative.be\/actualites\/wp-content\/uploads\/2024\/10\/La-methode-123-peut-vous-aider-a-vous-souvenir-de.jpg","contentUrl":"https:\/\/vieassociative.be\/actualites\/wp-content\/uploads\/2024\/10\/La-methode-123-peut-vous-aider-a-vous-souvenir-de.jpg","width":1200,"height":674,"caption":"La m\u00e9thode \u00ab\u00a0123\u00a0\u00bb peut vous aider \u00e0 vous souvenir de ce que vous avez \u00e9tudi\u00e9"},{"@type":"BreadcrumbList","@id":"https:\/\/vieassociative.be\/actualites\/la-methode-123-peut-vous-aider-a-vous-souvenir-de-ce-que-vous-avez-etudie\/#breadcrumb","itemListElement":[{"@type":"ListItem","position":1,"name":"Accueil","item":"https:\/\/vieassociative.be\/actualites\/"},{"@type":"ListItem","position":2,"name":"La m\u00e9thode \u00ab\u00a0123\u00a0\u00bb peut vous aider \u00e0 vous souvenir de ce que vous avez \u00e9tudi\u00e9"}]},{"@type":"WebSite","@id":"https:\/\/vieassociative.be\/actualites\/#website","url":"https:\/\/vieassociative.be\/actualites\/","name":"Vie Associative","description":"","publisher":{"@id":"https:\/\/vieassociative.be\/actualites\/#organization"},"potentialAction":[{"@type":"SearchAction","target":{"@type":"EntryPoint","urlTemplate":"https:\/\/vieassociative.be\/actualites\/?s={search_term_string}"},"query-input":{"@type":"PropertyValueSpecification","valueRequired":true,"valueName":"search_term_string"}}],"inLanguage":"fr-BE"},{"@type":"Organization","@id":"https:\/\/vieassociative.be\/actualites\/#organization","name":"Vie Associative","url":"https:\/\/vieassociative.be\/actualites\/","logo":{"@type":"ImageObject","inLanguage":"fr-BE","@id":"https:\/\/vieassociative.be\/actualites\/#\/schema\/logo\/image\/","url":"https:\/\/vieassociative.be\/actualites\/wp-content\/uploads\/2024\/09\/cropped-vieassociative_favicon.ico.png","contentUrl":"https:\/\/vieassociative.be\/actualites\/wp-content\/uploads\/2024\/09\/cropped-vieassociative_favicon.ico.png","width":512,"height":512,"caption":"Vie Associative"},"image":{"@id":"https:\/\/vieassociative.be\/actualites\/#\/schema\/logo\/image\/"}},{"@type":"Person","@id":"https:\/\/vieassociative.be\/actualites\/#\/schema\/person\/b87ac4f82f9d4e7b7cec7395b679edc4","name":"Julien","image":{"@type":"ImageObject","inLanguage":"fr-BE","@id":"https:\/\/vieassociative.be\/actualites\/#\/schema\/person\/image\/","url":"https:\/\/vieassociative.be\/actualites\/wp-content\/uploads\/2024\/09\/vie-associative-1-150x150.jpg","contentUrl":"https:\/\/vieassociative.be\/actualites\/wp-content\/uploads\/2024\/09\/vie-associative-1-150x150.jpg","caption":"Julien"},"description":"Je suis Julien, r\u00e9dacteur pour Vie Associative. Passionn\u00e9 par le monde associatif depuis plus de 10 ans, j'ai \u00e0 c\u0153ur de partager des histoires inspirantes et de mettre en lumi\u00e8re les initiatives locales. Mon objectif est de sensibiliser et d'encourager l'engagement communautaire \u00e0 travers mes articles.","sameAs":["https:\/\/vieassociative.be\/"]}]}},"_links":{"self":[{"href":"https:\/\/vieassociative.be\/actualites\/wp-json\/wp\/v2\/posts\/1021"}],"collection":[{"href":"https:\/\/vieassociative.be\/actualites\/wp-json\/wp\/v2\/posts"}],"about":[{"href":"https:\/\/vieassociative.be\/actualites\/wp-json\/wp\/v2\/types\/post"}],"author":[{"embeddable":true,"href":"https:\/\/vieassociative.be\/actualites\/wp-json\/wp\/v2\/users\/1"}],"replies":[{"embeddable":true,"href":"https:\/\/vieassociative.be\/actualites\/wp-json\/wp\/v2\/comments?post=1021"}],"version-history":[{"count":0,"href":"https:\/\/vieassociative.be\/actualites\/wp-json\/wp\/v2\/posts\/1021\/revisions"}],"wp:featuredmedia":[{"embeddable":true,"href":"https:\/\/vieassociative.be\/actualites\/wp-json\/wp\/v2\/media\/1022"}],"wp:attachment":[{"href":"https:\/\/vieassociative.be\/actualites\/wp-json\/wp\/v2\/media?parent=1021"}],"wp:term":[{"taxonomy":"category","embeddable":true,"href":"https:\/\/vieassociative.be\/actualites\/wp-json\/wp\/v2\/categories?post=1021"},{"taxonomy":"post_tag","embeddable":true,"href":"https:\/\/vieassociative.be\/actualites\/wp-json\/wp\/v2\/tags?post=1021"}],"curies":[{"name":"wp","href":"https:\/\/api.w.org\/{rel}","templated":true}]}}