{"id":10209,"date":"2025-09-23T21:17:11","date_gmt":"2025-09-23T19:17:11","guid":{"rendered":"https:\/\/vieassociative.be\/actualites\/la-vente-de-walmart-deals-est-sa-reponse-a-prime-day\/"},"modified":"2025-09-23T21:17:11","modified_gmt":"2025-09-23T19:17:11","slug":"la-vente-de-walmart-deals-est-sa-reponse-a-prime-day","status":"publish","type":"post","link":"https:\/\/vieassociative.be\/actualites\/la-vente-de-walmart-deals-est-sa-reponse-a-prime-day\/","title":{"rendered":"La vente de Walmart \u00abDeals\u00bb est sa r\u00e9ponse \u00e0 Prime Day"},"content":{"rendered":"<div class=\"mt-4 leading-6 md:mb-8\">Voici tout ce que vous devez savoir sur la vente de Walmart qui lance le 7 octobre.<\/div>\n<p><\/p>\n<p><em>Saviez-vous que vous pouvez personnaliser Google pour filtrer les ordures? Prendre ces \u00e9tapes<\/em><em> Pour de meilleurs r\u00e9sultats de recherche, notamment en ajoutant mon travail chez Vie Associative comme source pr\u00e9f\u00e9r\u00e9e<\/em><em>.<\/em><\/p>\n<hr>\n<p>Walmart a saut\u00e9 dans le train de premier ordre d&rsquo;octobre pour tenter de vous \u00e9loigner de la plus grande vente en ligne de l&rsquo;automne. L&rsquo;\u00e9v\u00e9nement principal est la promotion de deux jours Amazon Prime Big Days, alias Octobre Prime Day. Cette semaine, Walmart a officiellement annonc\u00e9 sa propre promotion \u00ab\u00a0Prime Day\u00a0\u00bb, et il y a de bonnes nouvelles pour ceux d&rsquo;entre vous qui rechignent \u00e0 l&rsquo;id\u00e9e de payer pour un abonnement pour profiter d&rsquo;une vente &#8211; c&rsquo;est gratuit pour tout le monde.<\/p>\n<h2 id=\"what-is-walmart-deals\">Quelles sont les offres Walmart?<\/h2>\n<p>Walmart Deals est cens\u00e9 \u00eatre la r\u00e9ponse aux ventes de premier jour d&rsquo;Amazon. C&rsquo;est \u00e0 la fois une vente en magasin et en ligne avec des offres sur la plupart des choses que Walmart vend (la nourriture \u00e9tant sans doute la plus grande omission). La vente se produit chaque ann\u00e9e vers le printemps, l&rsquo;\u00e9t\u00e9, l&rsquo;automne et l&rsquo;hiver, tournant autour des ventes de premiers jours.<\/p>\n<h2 id=\"when-does-walmart-deals-start\">Quand commence les offres Walmart?<\/h2>\n<p>Walmart Deals d\u00e9marre le 6 octobre \u00e0 19 h HE pour les membres de Walmart + (une longueur d&rsquo;avance de cinq heures) et le 7 octobre pour tout le monde. Il se d\u00e9roule jusqu&rsquo;au 12 octobre, \u00e0 la fois en ligne et dans les magasins aux heures d&rsquo;ouverture locales.<\/p>\n<h2 id=\"do-you-need-to-be-a-walmart-member-to-shop-during-walmart-deals\">Avez-vous besoin d&rsquo;\u00eatre un membre de Walmart + pour acheter des offres Walmart?<\/h2>\n<p>Non. Mais, si vous \u00eates membre de Walmart +, vous aurez un acc\u00e8s anticip\u00e9 aux ventes commen\u00e7ant le 6 octobre \u00e0 19 h HE, la veille de l&rsquo;ouverture de l&rsquo;\u00e9v\u00e9nement au public. Vous pouvez vous inscrire \u00e0 un abonnement Walmart + GRATUIT de 30 jours ou obtenir le plan annuel pour <strong>98 $<\/strong> (8,17 $ \/ mois).<\/p>\n<h2 id=\"what-you-can-expect-from-walmart-deals\">Ce que vous pouvez attendre des offres Walmart<\/h2>\n<p>Walmart affirme que sa vente comprendra de nombreuses cat\u00e9gories diff\u00e9rentes, y compris des offres sur l&rsquo;\u00e9lectronique, la maison, les jouets, les voyages et de nombreuses autres cat\u00e9gories &#8211; similaires aux accords que nous avons trouv\u00e9s l&rsquo;ann\u00e9e derni\u00e8re. La vente sera sur Walmart.com, l&rsquo;application Walmart et dans les magasins. Vous pouvez d\u00e9j\u00e0 voir la page de destination, m\u00eame si la vente n&rsquo;a pas commenc\u00e9. Voici quelques offres que Walmart dit sera disponible:<\/p>\n<p><strong>\u00c9lectronique<\/strong><\/p>\n<ul>\n<li>\n<p>ASUS 16 \u201dR7 4050 16\/512 Gaming ordinateur portable &#8211; 400 $ (Walmart Exclusive)<\/p>\n<\/li>\n<li>\n<p>Proscan Elite, Cadre d&rsquo;image num\u00e9rique Wi-Fi 14,1 \u201d- \u00c9conomies de 25 $<\/p>\n<\/li>\n<li>\n<p>Vizio 50 \u00ab\u00a0Class Quantum 4K Qled HDR Smart TV &#8211; 100 $ \u00c9conomies<\/p>\n<\/li>\n<\/ul>\n<p><strong>Maison<\/strong><\/p>\n<ul>\n<li>\n<p>Better Homes &#038; Gardens Farm Apple Pumpkin Pumpkin parfum\u00e9 1-Wick 16,1 oz Candle de pot c\u00f4tel\u00e9 &#8211; 7 $ \u00c9conomies (Walmart Exclusive)<\/p>\n<\/li>\n<li>\n<p>Dyson Ball Animal Origin Vacuum droit &#8211; \u00c9conomies de 80 $<\/p>\n<\/li>\n<li>\n<p>Lasko Oscillant 1500W Motion \u00e9lectrique chauffage en c\u00e9ramique Room en toute pi\u00e8ce avec t\u00e9l\u00e9commande &#8211; \u00c9conomies de 30 $<\/p>\n<\/li>\n<li>\n<p>Ensemble d&rsquo;outils de m\u00e9canique Hart 215 pi\u00e8ces, Finish Chrome &#8211; \u00c9conomies de 52 $ (Walmart Exclusive)<\/p>\n<\/li>\n<\/ul>\n<p><strong>D\u00e9cor de saison<\/strong><\/p>\n<ul>\n<li>\n<p>Ghost de citrouille gonflable Halloween de 5 pieds avec des lumi\u00e8res LED color\u00e9es rotatives \u00e0 360 \u00b0 &#8211; \u00c9conomies de 102 $<\/p>\n<\/li>\n<li>\n<p>4 &lsquo;Pr\u00e9-lit Starburst Gold Artificial Christmas Arbre &#8211; 42,97 $ (Walmart Exclusive)<\/p>\n<\/li>\n<li>\n<p>Govee Christmas LED Net Lights &#8211; 30 $ \u00c9conomies<\/p>\n<\/li>\n<li>\n<p>T\u00e9l\u00e9phone magique du P\u00e8re No\u00ebl de M. Christmas &#8211; 59,88 $ (Walmart Exclusive)<strong> <\/strong><\/p>\n<\/li>\n<\/ul>\n<p><strong>Jouets<\/strong><\/p>\n<ul>\n<li>\n<p>Hot Wheels Mario Kart Bowser&rsquo;s Castle Tracks Set &#8211; 36,42 $ \u00c9conomies<\/p>\n<\/li>\n<li>\n<p>LEGO Harry Potter Buckbeak &#8211; 24,99 $ \u00c9conomies<\/p>\n<\/li>\n<li>\n<p>Monster High Frankie Stein Make-A-Monser Pet Doll &#8211; 20 $ \u00c9conomies<\/p>\n<\/li>\n<li>\n<p>Pokemon Scarlet &#038; Violet &#8211; Prismatic Evolutions Elite Trainer Box &#8211; 60 $ \u00c9conomies<strong> <\/strong><\/p>\n<\/li>\n<\/ul>\n<p><strong>Mode<\/strong><\/p>\n<ul>\n<li>\n<p>Assembl\u00e9e gratuite pour femmes et femmes plus confortable en fil de poche de piste de poche de poche de cardigan &#8211; \u00c9conomies de 11 $ (Walmart exclusif)<\/p>\n<\/li>\n<li>\n<p>Chaps en jean en jean en ajustement r\u00e9gulier d&rsquo;\u00e9tirement masculin, tailles 30-42 &#8211; 10 $ d&rsquo;\u00e9conomies<\/p>\n<\/li>\n<li>\n<p>Madden Girl Women&rsquo;s&rsquo;s Bells Slide-on \u00e0 lande mule \u00e0 talons &#8211; 25 $ \u00c9conomies<\/p>\n<\/li>\n<\/ul>\n<p><strong> Beaut\u00e9<\/strong><\/p>\n<ul>\n<li>\n<p>Calvin Klein Eternity, Eau de Parfum, 3,4 oz &#8211; 55,02 $ \u00c9conomies<\/p>\n<\/li>\n<li>\n<p>Brosse \u00e0 dents \u00e9lectrique rechargeable de la s\u00e9rie BO-B IO, p\u00eache &#8211; \u00c9conomies de 15,03 $<\/p>\n<\/li>\n<\/ul>\n<p><strong>Nourriture<\/strong><\/p>\n<ul>\n<li>\n<p>Frito Lay Flamin &lsquo;Hot Mix 6 Pack de vari\u00e9t\u00e9s de saveurs 40 ct &#8211; 6,73 $ \u00c9conomies<\/p>\n<\/li>\n<li>\n<p>Sanpellegrino Ciao Lime Sparkling aromatis\u00e9 Eau &#8211; 2,88 $ \u00c9conomies<\/p>\n<\/li>\n<li>\n<p>Starbucks Pumpkin Spice Frappuccino 13,7 oz 12CT &#8211; 30,40 $ \u00c9conomies<\/p>\n<\/li>\n<\/ul>\n<p>Vous pouvez choisir entre le ramassage en magasin et diff\u00e9rentes options de livraison, y compris la livraison t\u00f4t le matin, la livraison express en fin de soir\u00e9e et l&rsquo;exp\u00e9dition des prochaines et deux jours.<\/p>\n<h2 id=\"all-of-the-other-competing-sales-for-october-prime-day\">Toutes les autres ventes concurrentes pour le jour de premier ordre d&rsquo;octobre<\/h2>\n<p>Vous pouvez toujours vous attendre \u00e0 ce que les principaux d\u00e9taillants aient leurs propres ventes comp\u00e9titives, les grandes \u00e9tant les meilleurs achats, cibles et, bien s\u00fbr, Amazon. Target a \u00e9t\u00e9 le seul autre d\u00e9taillant \u00e0 annoncer officiellement sa vente de concours d&rsquo;octobre. Comme les ann\u00e9es pr\u00e9c\u00e9dentes, les dates de ces ventes commenceront plus t\u00f4t, se chevaucheront et se d\u00e9rouleront plus de temps que l&rsquo;octobre. Il y a g\u00e9n\u00e9ralement quelques offres qui sont meilleures que la premi\u00e8re journ\u00e9e d&rsquo;Amazon de chacun des d\u00e9taillants, mais la majorit\u00e9 des bonnes affaires seront sur Amazon. Je mettrai \u00e0 jour ce post avec des d\u00e9tails sur ces offres d\u00e8s qu&rsquo;ils ont \u00e9t\u00e9 annonc\u00e9s.<\/p>\n","protected":false},"excerpt":{"rendered":"<p>Voici tout ce que vous devez savoir sur la vente de Walmart qui lance le 7 octobre. Saviez-vous que vous pouvez personnaliser Google pour filtrer<\/p>\n","protected":false},"author":1,"featured_media":10210,"comment_status":"","ping_status":"","sticky":false,"template":"","format":"standard","meta":{"footnotes":""},"categories":[41],"tags":[347,3505,76,346,135,223,1715],"class_list":["post-10209","post","type-post","status-publish","format-standard","has-post-thumbnail","hentry","category-argent","tag-day","tag-deals","tag-est","tag-prime","tag-reponse","tag-vente","tag-walmart","generate-columns","tablet-grid-50","mobile-grid-100","grid-parent","grid-33"],"yoast_head":"<!-- This site is optimized with the Yoast SEO plugin v24.0 - https:\/\/yoast.com\/wordpress\/plugins\/seo\/ -->\n<title>La vente de Walmart \u00abDeals\u00bb est sa r\u00e9ponse \u00e0 Prime Day | Vie Associative<\/title>\n<meta name=\"robots\" content=\"index, follow, max-snippet:-1, max-image-preview:large, max-video-preview:-1\" \/>\n<link rel=\"canonical\" href=\"https:\/\/vieassociative.be\/actualites\/la-vente-de-walmart-deals-est-sa-reponse-a-prime-day\/\" \/>\n<meta property=\"og:locale\" content=\"fr_FR\" \/>\n<meta property=\"og:type\" content=\"article\" \/>\n<meta property=\"og:title\" content=\"La vente de Walmart \u00abDeals\u00bb est sa r\u00e9ponse \u00e0 Prime Day | Vie Associative\" \/>\n<meta property=\"og:description\" content=\"Voici tout ce que vous devez savoir sur la vente de Walmart qui lance le 7 octobre. Saviez-vous que vous pouvez personnaliser Google pour filtrer\" \/>\n<meta property=\"og:url\" content=\"https:\/\/vieassociative.be\/actualites\/la-vente-de-walmart-deals-est-sa-reponse-a-prime-day\/\" \/>\n<meta property=\"og:site_name\" content=\"Vie Associative\" \/>\n<meta property=\"article:published_time\" content=\"2025-09-23T19:17:11+00:00\" \/>\n<meta property=\"og:image\" content=\"https:\/\/vieassociative.be\/actualites\/wp-content\/uploads\/2024\/09\/header_backgroundk-01-e1726694325946.png\" \/>\n\t<meta property=\"og:image:width\" content=\"279\" \/>\n\t<meta property=\"og:image:height\" content=\"92\" \/>\n\t<meta property=\"og:image:type\" content=\"image\/png\" \/>\n<meta name=\"author\" content=\"Julien\" \/>\n<meta name=\"twitter:card\" content=\"summary_large_image\" \/>\n<meta name=\"twitter:label1\" content=\"\u00c9crit par\" \/>\n\t<meta name=\"twitter:data1\" content=\"Julien\" \/>\n\t<meta name=\"twitter:label2\" content=\"Dur\u00e9e de lecture est.\" \/>\n\t<meta name=\"twitter:data2\" content=\"4 minutes\" \/>\n<script type=\"application\/ld+json\" class=\"yoast-schema-graph\">{\"@context\":\"https:\/\/schema.org\",\"@graph\":[{\"@type\":\"Article\",\"@id\":\"https:\/\/vieassociative.be\/actualites\/la-vente-de-walmart-deals-est-sa-reponse-a-prime-day\/#article\",\"isPartOf\":{\"@id\":\"https:\/\/vieassociative.be\/actualites\/la-vente-de-walmart-deals-est-sa-reponse-a-prime-day\/\"},\"author\":{\"name\":\"Julien\",\"@id\":\"https:\/\/vieassociative.be\/actualites\/#\/schema\/person\/b87ac4f82f9d4e7b7cec7395b679edc4\"},\"headline\":\"La vente de Walmart \u00abDeals\u00bb est sa r\u00e9ponse \u00e0 Prime Day\",\"datePublished\":\"2025-09-23T19:17:11+00:00\",\"dateModified\":\"2025-09-23T19:17:11+00:00\",\"mainEntityOfPage\":{\"@id\":\"https:\/\/vieassociative.be\/actualites\/la-vente-de-walmart-deals-est-sa-reponse-a-prime-day\/\"},\"wordCount\":912,\"publisher\":{\"@id\":\"https:\/\/vieassociative.be\/actualites\/#organization\"},\"image\":{\"@id\":\"https:\/\/vieassociative.be\/actualites\/la-vente-de-walmart-deals-est-sa-reponse-a-prime-day\/#primaryimage\"},\"thumbnailUrl\":\"https:\/\/vieassociative.be\/actualites\/wp-content\/uploads\/2025\/09\/La-vente-de-Walmart-Deals-est-sa-reponse-a-Prime.png\",\"keywords\":[\"Day\",\"Deals\",\"est\",\"Prime\",\"r\u00e9ponse\",\"vente\",\"Walmart\"],\"articleSection\":[\"Argent\"],\"inLanguage\":\"fr-BE\"},{\"@type\":\"WebPage\",\"@id\":\"https:\/\/vieassociative.be\/actualites\/la-vente-de-walmart-deals-est-sa-reponse-a-prime-day\/\",\"url\":\"https:\/\/vieassociative.be\/actualites\/la-vente-de-walmart-deals-est-sa-reponse-a-prime-day\/\",\"name\":\"La vente de Walmart \u00abDeals\u00bb est sa r\u00e9ponse \u00e0 Prime Day | Vie Associative\",\"isPartOf\":{\"@id\":\"https:\/\/vieassociative.be\/actualites\/#website\"},\"primaryImageOfPage\":{\"@id\":\"https:\/\/vieassociative.be\/actualites\/la-vente-de-walmart-deals-est-sa-reponse-a-prime-day\/#primaryimage\"},\"image\":{\"@id\":\"https:\/\/vieassociative.be\/actualites\/la-vente-de-walmart-deals-est-sa-reponse-a-prime-day\/#primaryimage\"},\"thumbnailUrl\":\"https:\/\/vieassociative.be\/actualites\/wp-content\/uploads\/2025\/09\/La-vente-de-Walmart-Deals-est-sa-reponse-a-Prime.png\",\"datePublished\":\"2025-09-23T19:17:11+00:00\",\"dateModified\":\"2025-09-23T19:17:11+00:00\",\"breadcrumb\":{\"@id\":\"https:\/\/vieassociative.be\/actualites\/la-vente-de-walmart-deals-est-sa-reponse-a-prime-day\/#breadcrumb\"},\"inLanguage\":\"fr-BE\",\"potentialAction\":[{\"@type\":\"ReadAction\",\"target\":[\"https:\/\/vieassociative.be\/actualites\/la-vente-de-walmart-deals-est-sa-reponse-a-prime-day\/\"]}]},{\"@type\":\"ImageObject\",\"inLanguage\":\"fr-BE\",\"@id\":\"https:\/\/vieassociative.be\/actualites\/la-vente-de-walmart-deals-est-sa-reponse-a-prime-day\/#primaryimage\",\"url\":\"https:\/\/vieassociative.be\/actualites\/wp-content\/uploads\/2025\/09\/La-vente-de-Walmart-Deals-est-sa-reponse-a-Prime.png\",\"contentUrl\":\"https:\/\/vieassociative.be\/actualites\/wp-content\/uploads\/2025\/09\/La-vente-de-Walmart-Deals-est-sa-reponse-a-Prime.png\",\"width\":1200,\"height\":675,\"caption\":\"La vente de Walmart \u00abDeals\u00bb est sa r\u00e9ponse \u00e0 Prime Day\"},{\"@type\":\"BreadcrumbList\",\"@id\":\"https:\/\/vieassociative.be\/actualites\/la-vente-de-walmart-deals-est-sa-reponse-a-prime-day\/#breadcrumb\",\"itemListElement\":[{\"@type\":\"ListItem\",\"position\":1,\"name\":\"Accueil\",\"item\":\"https:\/\/vieassociative.be\/actualites\/\"},{\"@type\":\"ListItem\",\"position\":2,\"name\":\"La vente de Walmart \u00abDeals\u00bb est sa r\u00e9ponse \u00e0 Prime Day\"}]},{\"@type\":\"WebSite\",\"@id\":\"https:\/\/vieassociative.be\/actualites\/#website\",\"url\":\"https:\/\/vieassociative.be\/actualites\/\",\"name\":\"Vie Associative\",\"description\":\"\",\"publisher\":{\"@id\":\"https:\/\/vieassociative.be\/actualites\/#organization\"},\"potentialAction\":[{\"@type\":\"SearchAction\",\"target\":{\"@type\":\"EntryPoint\",\"urlTemplate\":\"https:\/\/vieassociative.be\/actualites\/?s={search_term_string}\"},\"query-input\":{\"@type\":\"PropertyValueSpecification\",\"valueRequired\":true,\"valueName\":\"search_term_string\"}}],\"inLanguage\":\"fr-BE\"},{\"@type\":\"Organization\",\"@id\":\"https:\/\/vieassociative.be\/actualites\/#organization\",\"name\":\"Vie Associative\",\"url\":\"https:\/\/vieassociative.be\/actualites\/\",\"logo\":{\"@type\":\"ImageObject\",\"inLanguage\":\"fr-BE\",\"@id\":\"https:\/\/vieassociative.be\/actualites\/#\/schema\/logo\/image\/\",\"url\":\"https:\/\/vieassociative.be\/actualites\/wp-content\/uploads\/2024\/09\/cropped-vieassociative_favicon.ico.png\",\"contentUrl\":\"https:\/\/vieassociative.be\/actualites\/wp-content\/uploads\/2024\/09\/cropped-vieassociative_favicon.ico.png\",\"width\":512,\"height\":512,\"caption\":\"Vie Associative\"},\"image\":{\"@id\":\"https:\/\/vieassociative.be\/actualites\/#\/schema\/logo\/image\/\"}},{\"@type\":\"Person\",\"@id\":\"https:\/\/vieassociative.be\/actualites\/#\/schema\/person\/b87ac4f82f9d4e7b7cec7395b679edc4\",\"name\":\"Julien\",\"image\":{\"@type\":\"ImageObject\",\"inLanguage\":\"fr-BE\",\"@id\":\"https:\/\/vieassociative.be\/actualites\/#\/schema\/person\/image\/\",\"url\":\"https:\/\/vieassociative.be\/actualites\/wp-content\/uploads\/2024\/09\/vie-associative-1-150x150.jpg\",\"contentUrl\":\"https:\/\/vieassociative.be\/actualites\/wp-content\/uploads\/2024\/09\/vie-associative-1-150x150.jpg\",\"caption\":\"Julien\"},\"description\":\"Je suis Julien, r\u00e9dacteur pour Vie Associative. Passionn\u00e9 par le monde associatif depuis plus de 10 ans, j'ai \u00e0 c\u0153ur de partager des histoires inspirantes et de mettre en lumi\u00e8re les initiatives locales. Mon objectif est de sensibiliser et d'encourager l'engagement communautaire \u00e0 travers mes articles.\",\"sameAs\":[\"https:\/\/vieassociative.be\/\"]}]}<\/script>\n<!-- \/ Yoast SEO plugin. -->","yoast_head_json":{"title":"La vente de Walmart \u00abDeals\u00bb est sa r\u00e9ponse \u00e0 Prime Day | Vie Associative","robots":{"index":"index","follow":"follow","max-snippet":"max-snippet:-1","max-image-preview":"max-image-preview:large","max-video-preview":"max-video-preview:-1"},"canonical":"https:\/\/vieassociative.be\/actualites\/la-vente-de-walmart-deals-est-sa-reponse-a-prime-day\/","og_locale":"fr_FR","og_type":"article","og_title":"La vente de Walmart \u00abDeals\u00bb est sa r\u00e9ponse \u00e0 Prime Day | Vie Associative","og_description":"Voici tout ce que vous devez savoir sur la vente de Walmart qui lance le 7 octobre. Saviez-vous que vous pouvez personnaliser Google pour filtrer","og_url":"https:\/\/vieassociative.be\/actualites\/la-vente-de-walmart-deals-est-sa-reponse-a-prime-day\/","og_site_name":"Vie Associative","article_published_time":"2025-09-23T19:17:11+00:00","og_image":[{"width":279,"height":92,"url":"https:\/\/vieassociative.be\/actualites\/wp-content\/uploads\/2024\/09\/header_backgroundk-01-e1726694325946.png","type":"image\/png"}],"author":"Julien","twitter_card":"summary_large_image","twitter_misc":{"\u00c9crit par":"Julien","Dur\u00e9e de lecture est.":"4 minutes"},"schema":{"@context":"https:\/\/schema.org","@graph":[{"@type":"Article","@id":"https:\/\/vieassociative.be\/actualites\/la-vente-de-walmart-deals-est-sa-reponse-a-prime-day\/#article","isPartOf":{"@id":"https:\/\/vieassociative.be\/actualites\/la-vente-de-walmart-deals-est-sa-reponse-a-prime-day\/"},"author":{"name":"Julien","@id":"https:\/\/vieassociative.be\/actualites\/#\/schema\/person\/b87ac4f82f9d4e7b7cec7395b679edc4"},"headline":"La vente de Walmart \u00abDeals\u00bb est sa r\u00e9ponse \u00e0 Prime Day","datePublished":"2025-09-23T19:17:11+00:00","dateModified":"2025-09-23T19:17:11+00:00","mainEntityOfPage":{"@id":"https:\/\/vieassociative.be\/actualites\/la-vente-de-walmart-deals-est-sa-reponse-a-prime-day\/"},"wordCount":912,"publisher":{"@id":"https:\/\/vieassociative.be\/actualites\/#organization"},"image":{"@id":"https:\/\/vieassociative.be\/actualites\/la-vente-de-walmart-deals-est-sa-reponse-a-prime-day\/#primaryimage"},"thumbnailUrl":"https:\/\/vieassociative.be\/actualites\/wp-content\/uploads\/2025\/09\/La-vente-de-Walmart-Deals-est-sa-reponse-a-Prime.png","keywords":["Day","Deals","est","Prime","r\u00e9ponse","vente","Walmart"],"articleSection":["Argent"],"inLanguage":"fr-BE"},{"@type":"WebPage","@id":"https:\/\/vieassociative.be\/actualites\/la-vente-de-walmart-deals-est-sa-reponse-a-prime-day\/","url":"https:\/\/vieassociative.be\/actualites\/la-vente-de-walmart-deals-est-sa-reponse-a-prime-day\/","name":"La vente de Walmart \u00abDeals\u00bb est sa r\u00e9ponse \u00e0 Prime Day | Vie Associative","isPartOf":{"@id":"https:\/\/vieassociative.be\/actualites\/#website"},"primaryImageOfPage":{"@id":"https:\/\/vieassociative.be\/actualites\/la-vente-de-walmart-deals-est-sa-reponse-a-prime-day\/#primaryimage"},"image":{"@id":"https:\/\/vieassociative.be\/actualites\/la-vente-de-walmart-deals-est-sa-reponse-a-prime-day\/#primaryimage"},"thumbnailUrl":"https:\/\/vieassociative.be\/actualites\/wp-content\/uploads\/2025\/09\/La-vente-de-Walmart-Deals-est-sa-reponse-a-Prime.png","datePublished":"2025-09-23T19:17:11+00:00","dateModified":"2025-09-23T19:17:11+00:00","breadcrumb":{"@id":"https:\/\/vieassociative.be\/actualites\/la-vente-de-walmart-deals-est-sa-reponse-a-prime-day\/#breadcrumb"},"inLanguage":"fr-BE","potentialAction":[{"@type":"ReadAction","target":["https:\/\/vieassociative.be\/actualites\/la-vente-de-walmart-deals-est-sa-reponse-a-prime-day\/"]}]},{"@type":"ImageObject","inLanguage":"fr-BE","@id":"https:\/\/vieassociative.be\/actualites\/la-vente-de-walmart-deals-est-sa-reponse-a-prime-day\/#primaryimage","url":"https:\/\/vieassociative.be\/actualites\/wp-content\/uploads\/2025\/09\/La-vente-de-Walmart-Deals-est-sa-reponse-a-Prime.png","contentUrl":"https:\/\/vieassociative.be\/actualites\/wp-content\/uploads\/2025\/09\/La-vente-de-Walmart-Deals-est-sa-reponse-a-Prime.png","width":1200,"height":675,"caption":"La vente de Walmart \u00abDeals\u00bb est sa r\u00e9ponse \u00e0 Prime Day"},{"@type":"BreadcrumbList","@id":"https:\/\/vieassociative.be\/actualites\/la-vente-de-walmart-deals-est-sa-reponse-a-prime-day\/#breadcrumb","itemListElement":[{"@type":"ListItem","position":1,"name":"Accueil","item":"https:\/\/vieassociative.be\/actualites\/"},{"@type":"ListItem","position":2,"name":"La vente de Walmart \u00abDeals\u00bb est sa r\u00e9ponse \u00e0 Prime Day"}]},{"@type":"WebSite","@id":"https:\/\/vieassociative.be\/actualites\/#website","url":"https:\/\/vieassociative.be\/actualites\/","name":"Vie Associative","description":"","publisher":{"@id":"https:\/\/vieassociative.be\/actualites\/#organization"},"potentialAction":[{"@type":"SearchAction","target":{"@type":"EntryPoint","urlTemplate":"https:\/\/vieassociative.be\/actualites\/?s={search_term_string}"},"query-input":{"@type":"PropertyValueSpecification","valueRequired":true,"valueName":"search_term_string"}}],"inLanguage":"fr-BE"},{"@type":"Organization","@id":"https:\/\/vieassociative.be\/actualites\/#organization","name":"Vie Associative","url":"https:\/\/vieassociative.be\/actualites\/","logo":{"@type":"ImageObject","inLanguage":"fr-BE","@id":"https:\/\/vieassociative.be\/actualites\/#\/schema\/logo\/image\/","url":"https:\/\/vieassociative.be\/actualites\/wp-content\/uploads\/2024\/09\/cropped-vieassociative_favicon.ico.png","contentUrl":"https:\/\/vieassociative.be\/actualites\/wp-content\/uploads\/2024\/09\/cropped-vieassociative_favicon.ico.png","width":512,"height":512,"caption":"Vie Associative"},"image":{"@id":"https:\/\/vieassociative.be\/actualites\/#\/schema\/logo\/image\/"}},{"@type":"Person","@id":"https:\/\/vieassociative.be\/actualites\/#\/schema\/person\/b87ac4f82f9d4e7b7cec7395b679edc4","name":"Julien","image":{"@type":"ImageObject","inLanguage":"fr-BE","@id":"https:\/\/vieassociative.be\/actualites\/#\/schema\/person\/image\/","url":"https:\/\/vieassociative.be\/actualites\/wp-content\/uploads\/2024\/09\/vie-associative-1-150x150.jpg","contentUrl":"https:\/\/vieassociative.be\/actualites\/wp-content\/uploads\/2024\/09\/vie-associative-1-150x150.jpg","caption":"Julien"},"description":"Je suis Julien, r\u00e9dacteur pour Vie Associative. Passionn\u00e9 par le monde associatif depuis plus de 10 ans, j'ai \u00e0 c\u0153ur de partager des histoires inspirantes et de mettre en lumi\u00e8re les initiatives locales. Mon objectif est de sensibiliser et d'encourager l'engagement communautaire \u00e0 travers mes articles.","sameAs":["https:\/\/vieassociative.be\/"]}]}},"_links":{"self":[{"href":"https:\/\/vieassociative.be\/actualites\/wp-json\/wp\/v2\/posts\/10209"}],"collection":[{"href":"https:\/\/vieassociative.be\/actualites\/wp-json\/wp\/v2\/posts"}],"about":[{"href":"https:\/\/vieassociative.be\/actualites\/wp-json\/wp\/v2\/types\/post"}],"author":[{"embeddable":true,"href":"https:\/\/vieassociative.be\/actualites\/wp-json\/wp\/v2\/users\/1"}],"replies":[{"embeddable":true,"href":"https:\/\/vieassociative.be\/actualites\/wp-json\/wp\/v2\/comments?post=10209"}],"version-history":[{"count":0,"href":"https:\/\/vieassociative.be\/actualites\/wp-json\/wp\/v2\/posts\/10209\/revisions"}],"wp:featuredmedia":[{"embeddable":true,"href":"https:\/\/vieassociative.be\/actualites\/wp-json\/wp\/v2\/media\/10210"}],"wp:attachment":[{"href":"https:\/\/vieassociative.be\/actualites\/wp-json\/wp\/v2\/media?parent=10209"}],"wp:term":[{"taxonomy":"category","embeddable":true,"href":"https:\/\/vieassociative.be\/actualites\/wp-json\/wp\/v2\/categories?post=10209"},{"taxonomy":"post_tag","embeddable":true,"href":"https:\/\/vieassociative.be\/actualites\/wp-json\/wp\/v2\/tags?post=10209"}],"curies":[{"name":"wp","href":"https:\/\/api.w.org\/{rel}","templated":true}]}}