{"id":10205,"date":"2025-09-23T19:17:27","date_gmt":"2025-09-23T17:17:27","guid":{"rendered":"https:\/\/vieassociative.be\/actualites\/ce-que-les-gens-se-trompent-cette-semaine-lenlevement\/"},"modified":"2025-09-23T19:17:27","modified_gmt":"2025-09-23T17:17:27","slug":"ce-que-les-gens-se-trompent-cette-semaine-lenlevement","status":"publish","type":"post","link":"https:\/\/vieassociative.be\/actualites\/ce-que-les-gens-se-trompent-cette-semaine-lenlevement\/","title":{"rendered":"Ce que les gens se trompent cette semaine: l&rsquo;enl\u00e8vement"},"content":{"rendered":"<div class=\"mt-4 leading-6 md:mb-8\">Est-ce \u00e0 dire que je n&rsquo;ai pas \u00e0 payer ma facture d&rsquo;eau?<\/div>\n<p><\/p>\n<p> <em>Saviez-vous que vous pouvez personnaliser Google pour filtrer les ordures? <strong>Prendre ces \u00e9tapes<\/strong><\/em><em> Pour de meilleurs r\u00e9sultats de recherche, <strong>y compris l&rsquo;ajout de travail chez Vie Associative comme source pr\u00e9f\u00e9r\u00e9e<\/strong><\/em><em>.<\/em><\/p>\n<hr>\n<p>\u00cates-vous pr\u00eat pour l&rsquo;Enl\u00e8vement et les jours de turbulence \u00e0 suivre? Parce que, si certains coins de la communaut\u00e9 chr\u00e9tienne \u00e9vang\u00e9lique en ligne sont corrects, cela se produit <em>aujourd&rsquo;hui<\/em> (Ou peut-\u00eatre demain) Juste \u00e0 temps pour Rosh Hashanah, la f\u00eate juive des trompettes. <\/p>\n<p>Il reste \u00e0 voir que les vrais croyants rencontreront J\u00e9sus dans l&rsquo;air cette semaine Selon la traduction du nouveau roi James de 1 Thessaloniciens 4: 16-17, \u00ab\u00a0le Seigneur lui-m\u00eame descendra du ciel avec un cri, avec la voix d&rsquo;un archange, et avec la trompette de Dieu. Et les morts en Christ nous lever en premier. Ensuite, nous qui sommes vivants et resterons rattrap\u00e9s avec eux dans les nuages \u200b\u200bpour rencontrer le Seigneur dans l&rsquo;air.\u00a0\u00bb<\/p>\n<div class=\"mx-auto mb-12 mt-5 w-full max-w-3xl rounded-md border-2 border-gray-100 p-3 shadow-md md:px-7 md:pb-7 md:pt-5\" id=\"related-video\">\n<div class=\"mb-3 flex items-center md:mb-5\">\n        <img decoding=\"async\" class=\"mr-4 mt-0 h-10 w-10 md:mr-5 md:h-12 md:w-12\" src=\"https:\/\/vieassociative.be\/actualites\/wp-content\/uploads\/2025\/09\/1757726237_608_Meta-pourrait-devoiler-une-montre-intelligente-pour-controler-ses-lunettes.jpg\" alt=\"Logo Lifehacker\"><\/p><\/div>\n<div class=\"aspect-video w-full overflow-hidden rounded-md\">\n<div id=\"video-container-01K5VRJC1PHWP4WHWVKKYTFAVT\"><\/div>\n<\/p><\/div>\n<\/div>\n<p>Dramatique, mais ce n&rsquo;est pas la fin du monde (comme on dit). Alors que les croyants vivants et morts en Christ seront partis, les injustes seront laiss\u00e9s sur terre pour faire face aux cons\u00e9quences. Nicolas Cage a jou\u00e9 dans un documentaire de 2014 \u00e0 ce sujet. <\/p>\n<div class=\"mx-auto mt-8 w-full max-w-4xl aspect-video\">\n<div id=\"video-container-01K5VRJC1PHWP4WHWVKKYTFAVV\"><\/div>\n<\/div>\n<h2 id=\"why-do-people-think-the-rapture-is-happening-this-week\">Pourquoi les gens pensent-ils que l&rsquo;enl\u00e8vement se produit cette semaine?<\/h2>\n<p>La base de cette vague de Rapture-Mania semble \u00eatre une interview avec Joshua Mhlakela, un homme sud-africain, sur la cha\u00eene et podcast YouTube de Centtwinz TV il y a quelques mois. M. Joshua a dit qu&rsquo;il connaissait personnellement J\u00e9sus et a fait un r\u00eave en 2018 o\u00f9 le Seigneur lui a dit: \u00ab\u00a0Il n&rsquo;y aura pas de Coupe du monde 2026.\u00a0\u00bb Plus tard, J\u00e9sus est apparu corporel devant lui et a dit: \u00ab\u00a0Les 23 et 24 septembre 2025, je viendrai prendre mon \u00e9glise.\u00a0\u00bb Sept ans de tribulation suivront (d&rsquo;o\u00f9 l&rsquo;annulation de la Coupe du monde), apr\u00e8s cela, selon M. Joshua, J\u00e9sus reviendra sur terre, probablement pour faire face aux pa\u00efens. <\/p>\n<div class=\"mx-auto mt-8 w-full max-w-4xl aspect-video\">\n<div id=\"video-container-01K5VRJC1PHWP4WHWVKKYTFAVW\"><\/div>\n<\/div>\n<p>La pr\u00e9diction de M. Joshua a gagn\u00e9 en popularit\u00e9 parmi certains chr\u00e9tiens \u00e9vang\u00e9liques, et les croyants ont commenc\u00e9 \u00e0 r\u00e9partir la date sur les r\u00e9seaux sociaux, en particulier sous les \u00e9tiquettes Tiktok #Rapturetok et # Rapture2025, o\u00f9 les gens ont offert leurs r\u00e9flexions sur la question, ont fourni des preuves douteuses pour sauvegarder la date, tentant de se pr\u00e9parer \u00e0 des non-croyants dans les restaurants de la restauration rapide, et a donn\u00e9 des conseils pratiques sur la fa\u00e7on de se pr\u00e9parer \u00e0 des efforts pour les restaurants de la restauration, et a donn\u00e9 des conseils pratiques sur la fa\u00e7on de se pr\u00e9parer \u00e0 des lieux de restauration, et a donn\u00e9 des conseils pratique anges. Ou du moins il semble.<\/p>\n<h2 id=\"how-many-christians-are-really-preparing-for-the-rapture-this-week\">Combien de chr\u00e9tiens sont <em>vraiment<\/em> Vous vous pr\u00e9parez \u00e0 l&rsquo;enl\u00e8vement cette semaine? <\/h2>\n<p>Alors que l&rsquo;interview de M. Joshua a sans aucun doute influenc\u00e9 <em>quelques<\/em> Les gens, la nature des m\u00e9dias sociaux rendent difficile la d\u00e9termination du nombre de personnes qui se pr\u00e9parent \u00e0 l&rsquo;enl\u00e8vement et combien en font la pisse. J&rsquo;ai pass\u00e9 toute la journ\u00e9e \u00e0 regarder des vid\u00e9os sur le th\u00e8me de l&rsquo;enl\u00e8vement, et certaines personnes semblent sinc\u00e8res, mais un <em>parcelle<\/em> Des gens prennent des photos satiriques sur une cible facile, et il y a une tonne de personnes qui illustrent la loi de Poe, parce que je ne peux vraiment pas le dire.  <\/p>\n<p>En fin de compte, je ne pense pas que beaucoup de gens pensent vraiment que l&rsquo;enl\u00e8vement va se produire. Plus de gens semblent pointer et rire que de se pr\u00e9parer, donc tout le monde a un peu tort. Les \u00e9glises \u00e9vang\u00e9liques \u00e9tablies ont tendance \u00e0 rejeter les revendications de dates sp\u00e9cifiques de l&rsquo;enl\u00e8vement lorsqu&rsquo;ils apparaissent dans la culture plus large, et plus important encore pour les chr\u00e9tiens, il y a un <em>Biblique<\/em> probl\u00e8me avec la pr\u00e9diction.<\/p>\n<h2 id=\"if-you-think-you-know-the-day-of-the-rapture-youre-wrong\">Si vous pensez que vous connaissez le jour de l&rsquo;enl\u00e8vement, vous vous trompez<\/h2>\n<p>Si nous selon ce que la Bible dit (et pourquoi pas, non?), Soit M. Joshua et tout le monde sur Tiktok qui pr\u00e9dit que la date de l&rsquo;enl\u00e8vement est erron\u00e9e ou la Bible elle-m\u00eame est erron\u00e9e. Selon l&rsquo;ap\u00f4tre Mark, lorsqu&rsquo;on lui a demand\u00e9 quand la fin des temps commencerait, J\u00e9sus a dit: \u00ab\u00a0\u00c0 propos de cette journ\u00e9e ou de cette heure, personne ne le sait, pas m\u00eame les anges au ciel, ni le Fils, mais seulement le P\u00e8re.\u00a0\u00bb Il n&rsquo;a pas fait une exception pour les gens sur Tiktok. <\/p>\n<p>Le compatriote de Mark, Matthew, a conclu, \u00e9crivant: \u00ab\u00a0Regardez donc, car vous ne savez pas \u00e0 quelle heure votre Seigneur vient\u00a0\u00bb dans Matthieu 24:42. \u00ab\u00a0Si le ma\u00eetre de la maison avait su \u00e0 quelle heure le voleur viendrait, il aurait regard\u00e9 et n&rsquo;aurait pas permis \u00e0 sa maison d&rsquo;\u00eatre bris\u00e9e. Par cons\u00e9quent, vous \u00eates \u00e9galement pr\u00eat, car le fils de l&rsquo;homme arrive \u00e0 une heure \u00e0 laquelle vous ne vous attendez pas\u00a0\u00bb, poursuit Matthew. <\/p>\n<p>Donc si tu <em>attendre<\/em> L&rsquo;enl\u00e8vement, \u00e7a n&rsquo;arrivera pas; C&rsquo;est une proph\u00e9tie auto-d\u00e9fatignante. Et m\u00eame si vous n&rsquo;\u00eates pas dispos\u00e9 \u00e0 accepter la Bible comme la parole de Dieu elle-m\u00eame, l&rsquo;enl\u00e8vement semble peu probable en fonction des pr\u00e9dictions pass\u00e9es. <\/p>\n<h2 id=\"so-many-raptures-so-little-time\">Tant de ravissements, si peu de temps<\/h2>\n<p>Le Dr Joshua et les habitants de Rapturetok ne sont pas les premiers \u00e0 pr\u00e9dire la fin des temps, et m\u00eame si je ne peux pas dire avec certitude, ils ne seront probablement pas les derniers. Hippolyte de Rome a pr\u00e9dit la fin du monde en 500 apr\u00e8s JC. Le moine allemand Michael Stifel pr\u00e9dit le 19 octobre 1533 serait le dernier jour. Le pr\u00e9dicateur baptiste William Miller a pr\u00e9dit que l&rsquo;enl\u00e8vement aurait lieu le 22 octobre 1844, laissant entre 50 000 et 100 000 mill\u00e9rites <em>extr\u00eamement<\/em> D\u00e9sillusionn\u00e9 le 23 octobre. Des pr\u00e9dicteurs de fin \u00e0 temps plus r\u00e9cents, aucun n&rsquo;a \u00e9t\u00e9 aussi influent que Harold Camping. <\/p>\n<h2 id=\"harold-camping-king-of-the-biblical-apocalypse\">Harold Camping: King of the Biblical Apocalypse<\/h2>\n<p>Harold Camping, ing\u00e9nieur et diffuseur, est probablement le pr\u00e9dicteur moderne le plus en vue de la fin du monde. Il a fond\u00e9 Family Radio en 1958 et l&rsquo;a transform\u00e9 en une radiodiffusion des m\u00e9dias chr\u00e9tiens sur plus de 150 march\u00e9s am\u00e9ricains \u00e0 travers le pays. Puis, au d\u00e9but des ann\u00e9es 1990, le camping est devenu convaincu que l&rsquo;enl\u00e8vement serait bient\u00f4t sur nous. En utilisant sa propre marque de num\u00e9rologie biblique, le camping a calcul\u00e9 le dernier jour et l&rsquo;a publi\u00e9 dans son livre de 1992, <em>1994?<\/em>. La date: 6 septembre 1994.<\/p>\n<p>Lorsque le monde a obstin\u00e9ment refus\u00e9 d&rsquo;exploser au milieu des ann\u00e9es 1990, le camping a recalcul\u00e9. La vraie date, a-t-il dit, \u00e9tait le 21 mai 2011. \u00abLe camping \u00e9tait s\u00fbr \u00e0 100%\u00bb, explique le Dr Charles Sarno, professeur de sociologie \u00e0 l&rsquo;Universit\u00e9 dominicaine de Californie et conf\u00e9rencier \u00e0 Berkeley. \u00abIl a dit:\u00ab La Bible le garantit \u00bbet quelle meilleure garantie pourrait-on vouloir?\u00bb<\/p>\n<p>Dans les mois qui ont pr\u00e9c\u00e9d\u00e9 le 21 mai, le camping a lanc\u00e9 une \u00e9norme pouss\u00e9e de publicit\u00e9: des panneaux d&rsquo;affichage, des \u00e9missions de radio sans fin, m\u00eame des VR envelopp\u00e9s avec des avertissements d&rsquo;adh\u00e9rence. Cela a fonctionn\u00e9. \u00ab\u00a0Le 20 mai, la recherche Google la plus populaire en anglais \u00e9tait le\u00a0\u00bb 21 mai \u00ab\u00a0, ABC News et d&rsquo;autres r\u00e9seaux majeurs ont \u00e9t\u00e9 rapport\u00e9s, la BBC l&rsquo;a couverte; il a donc obtenu une traction presque mondiale\u00a0\u00bb, explique Sarno.<\/p>\n<p>Le 21 mai est venu et venu, laissant le camping sur les appels des auditeurs confus dans son \u00e9mission de radio pour lui demander pourquoi il s&rsquo;\u00e9tait tromp\u00e9. Le camping a finalement d\u00e9plac\u00e9 l&rsquo;apocalypse jusqu&rsquo;au 21 octobre 2011, mais celle-ci n&rsquo;a pas non plus non non plus de castille, et peu de temps apr\u00e8s, il a subi un accident vasculaire c\u00e9r\u00e9bral d\u00e9bilitant et s&rsquo;est estomp\u00e9 de la vue du public, laissant ses subalternes se disputer le contr\u00f4le des restes de son empire m\u00e9diatique.<\/p>\n<h2 id=\"why-do-people-believe-in-the-end-of-the-world\">Pourquoi les gens croient-ils \u00e0 la fin du monde?<\/h2>\n<p>Nous ne le saurons pas avec certitude plus tard dans la semaine, mais que vous utilisiez les math\u00e9matiques, l&rsquo;histoire ou la Bible comme guide, vous n&rsquo;avez probablement pas besoin d&rsquo;annuler vos plans de week-end. Pourtant, le monde touche vraiment \u00e0 sa fin &#8211; votre monde, de toute fa\u00e7on &#8211; et il se terminera probablement avec vous dans un lit d&rsquo;h\u00f4pital au lieu de voler au ciel pour rencontrer J\u00e9sus. <\/p>\n<p>Si je pouvais l&rsquo;avaler, peut-\u00eatre que je croirais aussi au ravissement. Les pr\u00e9dictions de fin du monde offrent une certitude, un drame, la joie d&rsquo;avoir des connaissances secr\u00e8tes et la possibilit\u00e9 du paradis sans mourir, donc je ne regrette pas les domsday-stans de Tiktok. Je me sens dommage pour eux, cependant, parce que le temps va passer, et la vie, peu pratiquement, va continuer \u00e0 grincer, les laissant pour essayer d&rsquo;expliquer pourquoi ils sont toujours ici avec le reste d&rsquo;entre nous. <\/p>\n<p>Sauf si ils ont raison. Dans ce cas, ne m&rsquo;envoyez pas un e-mail; Je serai debout dans des nuages. <\/p>\n<p><script async src=\"\/\/www.tiktok.com\/embed.js\"><\/script><\/p>\n","protected":false},"excerpt":{"rendered":"<p>Est-ce \u00e0 dire que je n&rsquo;ai pas \u00e0 payer ma facture d&rsquo;eau? Saviez-vous que vous pouvez personnaliser Google pour filtrer les ordures? Prendre ces \u00e9tapes<\/p>\n","protected":false},"author":1,"featured_media":10206,"comment_status":"","ping_status":"","sticky":false,"template":"","format":"standard","meta":{"footnotes":""},"categories":[36],"tags":[206,1046,8644,14,1348,2469],"class_list":["post-10205","post","type-post","status-publish","format-standard","has-post-thumbnail","hentry","category-divertissement","tag-cette","tag-gens","tag-lenlevement","tag-les","tag-semaine","tag-trompent","generate-columns","tablet-grid-50","mobile-grid-100","grid-parent","grid-33"],"yoast_head":"<!-- This site is optimized with the Yoast SEO plugin v24.0 - https:\/\/yoast.com\/wordpress\/plugins\/seo\/ -->\n<title>Ce que les gens se trompent cette semaine: l&#039;enl\u00e8vement | Vie Associative<\/title>\n<meta name=\"robots\" content=\"index, follow, max-snippet:-1, max-image-preview:large, max-video-preview:-1\" \/>\n<link rel=\"canonical\" href=\"https:\/\/vieassociative.be\/actualites\/ce-que-les-gens-se-trompent-cette-semaine-lenlevement\/\" \/>\n<meta property=\"og:locale\" content=\"fr_FR\" \/>\n<meta property=\"og:type\" content=\"article\" \/>\n<meta property=\"og:title\" content=\"Ce que les gens se trompent cette semaine: l&#039;enl\u00e8vement | Vie Associative\" \/>\n<meta property=\"og:description\" content=\"Est-ce \u00e0 dire que je n&rsquo;ai pas \u00e0 payer ma facture d&rsquo;eau? Saviez-vous que vous pouvez personnaliser Google pour filtrer les ordures? Prendre ces \u00e9tapes\" \/>\n<meta property=\"og:url\" content=\"https:\/\/vieassociative.be\/actualites\/ce-que-les-gens-se-trompent-cette-semaine-lenlevement\/\" \/>\n<meta property=\"og:site_name\" content=\"Vie Associative\" \/>\n<meta property=\"article:published_time\" content=\"2025-09-23T17:17:27+00:00\" \/>\n<meta property=\"og:image\" content=\"https:\/\/vieassociative.be\/actualites\/wp-content\/uploads\/2025\/09\/1757726237_608_Meta-pourrait-devoiler-une-montre-intelligente-pour-controler-ses-lunettes.jpg\" \/>\n<meta name=\"author\" content=\"Julien\" \/>\n<meta name=\"twitter:card\" content=\"summary_large_image\" \/>\n<meta name=\"twitter:label1\" content=\"\u00c9crit par\" \/>\n\t<meta name=\"twitter:data1\" content=\"Julien\" \/>\n\t<meta name=\"twitter:label2\" content=\"Dur\u00e9e de lecture est.\" \/>\n\t<meta name=\"twitter:data2\" content=\"8 minutes\" \/>\n<script type=\"application\/ld+json\" class=\"yoast-schema-graph\">{\"@context\":\"https:\/\/schema.org\",\"@graph\":[{\"@type\":\"Article\",\"@id\":\"https:\/\/vieassociative.be\/actualites\/ce-que-les-gens-se-trompent-cette-semaine-lenlevement\/#article\",\"isPartOf\":{\"@id\":\"https:\/\/vieassociative.be\/actualites\/ce-que-les-gens-se-trompent-cette-semaine-lenlevement\/\"},\"author\":{\"name\":\"Julien\",\"@id\":\"https:\/\/vieassociative.be\/actualites\/#\/schema\/person\/b87ac4f82f9d4e7b7cec7395b679edc4\"},\"headline\":\"Ce que les gens se trompent cette semaine: l&rsquo;enl\u00e8vement\",\"datePublished\":\"2025-09-23T17:17:27+00:00\",\"dateModified\":\"2025-09-23T17:17:27+00:00\",\"mainEntityOfPage\":{\"@id\":\"https:\/\/vieassociative.be\/actualites\/ce-que-les-gens-se-trompent-cette-semaine-lenlevement\/\"},\"wordCount\":1581,\"publisher\":{\"@id\":\"https:\/\/vieassociative.be\/actualites\/#organization\"},\"image\":{\"@id\":\"https:\/\/vieassociative.be\/actualites\/ce-que-les-gens-se-trompent-cette-semaine-lenlevement\/#primaryimage\"},\"thumbnailUrl\":\"https:\/\/vieassociative.be\/actualites\/wp-content\/uploads\/2025\/09\/Ce-que-les-gens-se-trompent-cette-semaine-lenlevement.png\",\"keywords\":[\"cette\",\"gens\",\"lenl\u00e8vement\",\"Les\",\"semaine\",\"trompent\"],\"articleSection\":[\"Divertissement\"],\"inLanguage\":\"fr-BE\"},{\"@type\":\"WebPage\",\"@id\":\"https:\/\/vieassociative.be\/actualites\/ce-que-les-gens-se-trompent-cette-semaine-lenlevement\/\",\"url\":\"https:\/\/vieassociative.be\/actualites\/ce-que-les-gens-se-trompent-cette-semaine-lenlevement\/\",\"name\":\"Ce que les gens se trompent cette semaine: l'enl\u00e8vement | Vie Associative\",\"isPartOf\":{\"@id\":\"https:\/\/vieassociative.be\/actualites\/#website\"},\"primaryImageOfPage\":{\"@id\":\"https:\/\/vieassociative.be\/actualites\/ce-que-les-gens-se-trompent-cette-semaine-lenlevement\/#primaryimage\"},\"image\":{\"@id\":\"https:\/\/vieassociative.be\/actualites\/ce-que-les-gens-se-trompent-cette-semaine-lenlevement\/#primaryimage\"},\"thumbnailUrl\":\"https:\/\/vieassociative.be\/actualites\/wp-content\/uploads\/2025\/09\/Ce-que-les-gens-se-trompent-cette-semaine-lenlevement.png\",\"datePublished\":\"2025-09-23T17:17:27+00:00\",\"dateModified\":\"2025-09-23T17:17:27+00:00\",\"breadcrumb\":{\"@id\":\"https:\/\/vieassociative.be\/actualites\/ce-que-les-gens-se-trompent-cette-semaine-lenlevement\/#breadcrumb\"},\"inLanguage\":\"fr-BE\",\"potentialAction\":[{\"@type\":\"ReadAction\",\"target\":[\"https:\/\/vieassociative.be\/actualites\/ce-que-les-gens-se-trompent-cette-semaine-lenlevement\/\"]}]},{\"@type\":\"ImageObject\",\"inLanguage\":\"fr-BE\",\"@id\":\"https:\/\/vieassociative.be\/actualites\/ce-que-les-gens-se-trompent-cette-semaine-lenlevement\/#primaryimage\",\"url\":\"https:\/\/vieassociative.be\/actualites\/wp-content\/uploads\/2025\/09\/Ce-que-les-gens-se-trompent-cette-semaine-lenlevement.png\",\"contentUrl\":\"https:\/\/vieassociative.be\/actualites\/wp-content\/uploads\/2025\/09\/Ce-que-les-gens-se-trompent-cette-semaine-lenlevement.png\",\"width\":1200,\"height\":675,\"caption\":\"Ce que les gens se trompent cette semaine: l'enl\u00e8vement\"},{\"@type\":\"BreadcrumbList\",\"@id\":\"https:\/\/vieassociative.be\/actualites\/ce-que-les-gens-se-trompent-cette-semaine-lenlevement\/#breadcrumb\",\"itemListElement\":[{\"@type\":\"ListItem\",\"position\":1,\"name\":\"Accueil\",\"item\":\"https:\/\/vieassociative.be\/actualites\/\"},{\"@type\":\"ListItem\",\"position\":2,\"name\":\"Ce que les gens se trompent cette semaine: l&rsquo;enl\u00e8vement\"}]},{\"@type\":\"WebSite\",\"@id\":\"https:\/\/vieassociative.be\/actualites\/#website\",\"url\":\"https:\/\/vieassociative.be\/actualites\/\",\"name\":\"Vie Associative\",\"description\":\"\",\"publisher\":{\"@id\":\"https:\/\/vieassociative.be\/actualites\/#organization\"},\"potentialAction\":[{\"@type\":\"SearchAction\",\"target\":{\"@type\":\"EntryPoint\",\"urlTemplate\":\"https:\/\/vieassociative.be\/actualites\/?s={search_term_string}\"},\"query-input\":{\"@type\":\"PropertyValueSpecification\",\"valueRequired\":true,\"valueName\":\"search_term_string\"}}],\"inLanguage\":\"fr-BE\"},{\"@type\":\"Organization\",\"@id\":\"https:\/\/vieassociative.be\/actualites\/#organization\",\"name\":\"Vie Associative\",\"url\":\"https:\/\/vieassociative.be\/actualites\/\",\"logo\":{\"@type\":\"ImageObject\",\"inLanguage\":\"fr-BE\",\"@id\":\"https:\/\/vieassociative.be\/actualites\/#\/schema\/logo\/image\/\",\"url\":\"https:\/\/vieassociative.be\/actualites\/wp-content\/uploads\/2024\/09\/cropped-vieassociative_favicon.ico.png\",\"contentUrl\":\"https:\/\/vieassociative.be\/actualites\/wp-content\/uploads\/2024\/09\/cropped-vieassociative_favicon.ico.png\",\"width\":512,\"height\":512,\"caption\":\"Vie Associative\"},\"image\":{\"@id\":\"https:\/\/vieassociative.be\/actualites\/#\/schema\/logo\/image\/\"}},{\"@type\":\"Person\",\"@id\":\"https:\/\/vieassociative.be\/actualites\/#\/schema\/person\/b87ac4f82f9d4e7b7cec7395b679edc4\",\"name\":\"Julien\",\"image\":{\"@type\":\"ImageObject\",\"inLanguage\":\"fr-BE\",\"@id\":\"https:\/\/vieassociative.be\/actualites\/#\/schema\/person\/image\/\",\"url\":\"https:\/\/vieassociative.be\/actualites\/wp-content\/uploads\/2024\/09\/vie-associative-1-150x150.jpg\",\"contentUrl\":\"https:\/\/vieassociative.be\/actualites\/wp-content\/uploads\/2024\/09\/vie-associative-1-150x150.jpg\",\"caption\":\"Julien\"},\"description\":\"Je suis Julien, r\u00e9dacteur pour Vie Associative. Passionn\u00e9 par le monde associatif depuis plus de 10 ans, j'ai \u00e0 c\u0153ur de partager des histoires inspirantes et de mettre en lumi\u00e8re les initiatives locales. Mon objectif est de sensibiliser et d'encourager l'engagement communautaire \u00e0 travers mes articles.\",\"sameAs\":[\"https:\/\/vieassociative.be\/\"]}]}<\/script>\n<!-- \/ Yoast SEO plugin. -->","yoast_head_json":{"title":"Ce que les gens se trompent cette semaine: l'enl\u00e8vement | Vie Associative","robots":{"index":"index","follow":"follow","max-snippet":"max-snippet:-1","max-image-preview":"max-image-preview:large","max-video-preview":"max-video-preview:-1"},"canonical":"https:\/\/vieassociative.be\/actualites\/ce-que-les-gens-se-trompent-cette-semaine-lenlevement\/","og_locale":"fr_FR","og_type":"article","og_title":"Ce que les gens se trompent cette semaine: l'enl\u00e8vement | Vie Associative","og_description":"Est-ce \u00e0 dire que je n&rsquo;ai pas \u00e0 payer ma facture d&rsquo;eau? Saviez-vous que vous pouvez personnaliser Google pour filtrer les ordures? Prendre ces \u00e9tapes","og_url":"https:\/\/vieassociative.be\/actualites\/ce-que-les-gens-se-trompent-cette-semaine-lenlevement\/","og_site_name":"Vie Associative","article_published_time":"2025-09-23T17:17:27+00:00","og_image":[{"url":"https:\/\/vieassociative.be\/actualites\/wp-content\/uploads\/2025\/09\/1757726237_608_Meta-pourrait-devoiler-une-montre-intelligente-pour-controler-ses-lunettes.jpg","type":"","width":"","height":""}],"author":"Julien","twitter_card":"summary_large_image","twitter_misc":{"\u00c9crit par":"Julien","Dur\u00e9e de lecture est.":"8 minutes"},"schema":{"@context":"https:\/\/schema.org","@graph":[{"@type":"Article","@id":"https:\/\/vieassociative.be\/actualites\/ce-que-les-gens-se-trompent-cette-semaine-lenlevement\/#article","isPartOf":{"@id":"https:\/\/vieassociative.be\/actualites\/ce-que-les-gens-se-trompent-cette-semaine-lenlevement\/"},"author":{"name":"Julien","@id":"https:\/\/vieassociative.be\/actualites\/#\/schema\/person\/b87ac4f82f9d4e7b7cec7395b679edc4"},"headline":"Ce que les gens se trompent cette semaine: l&rsquo;enl\u00e8vement","datePublished":"2025-09-23T17:17:27+00:00","dateModified":"2025-09-23T17:17:27+00:00","mainEntityOfPage":{"@id":"https:\/\/vieassociative.be\/actualites\/ce-que-les-gens-se-trompent-cette-semaine-lenlevement\/"},"wordCount":1581,"publisher":{"@id":"https:\/\/vieassociative.be\/actualites\/#organization"},"image":{"@id":"https:\/\/vieassociative.be\/actualites\/ce-que-les-gens-se-trompent-cette-semaine-lenlevement\/#primaryimage"},"thumbnailUrl":"https:\/\/vieassociative.be\/actualites\/wp-content\/uploads\/2025\/09\/Ce-que-les-gens-se-trompent-cette-semaine-lenlevement.png","keywords":["cette","gens","lenl\u00e8vement","Les","semaine","trompent"],"articleSection":["Divertissement"],"inLanguage":"fr-BE"},{"@type":"WebPage","@id":"https:\/\/vieassociative.be\/actualites\/ce-que-les-gens-se-trompent-cette-semaine-lenlevement\/","url":"https:\/\/vieassociative.be\/actualites\/ce-que-les-gens-se-trompent-cette-semaine-lenlevement\/","name":"Ce que les gens se trompent cette semaine: l'enl\u00e8vement | Vie Associative","isPartOf":{"@id":"https:\/\/vieassociative.be\/actualites\/#website"},"primaryImageOfPage":{"@id":"https:\/\/vieassociative.be\/actualites\/ce-que-les-gens-se-trompent-cette-semaine-lenlevement\/#primaryimage"},"image":{"@id":"https:\/\/vieassociative.be\/actualites\/ce-que-les-gens-se-trompent-cette-semaine-lenlevement\/#primaryimage"},"thumbnailUrl":"https:\/\/vieassociative.be\/actualites\/wp-content\/uploads\/2025\/09\/Ce-que-les-gens-se-trompent-cette-semaine-lenlevement.png","datePublished":"2025-09-23T17:17:27+00:00","dateModified":"2025-09-23T17:17:27+00:00","breadcrumb":{"@id":"https:\/\/vieassociative.be\/actualites\/ce-que-les-gens-se-trompent-cette-semaine-lenlevement\/#breadcrumb"},"inLanguage":"fr-BE","potentialAction":[{"@type":"ReadAction","target":["https:\/\/vieassociative.be\/actualites\/ce-que-les-gens-se-trompent-cette-semaine-lenlevement\/"]}]},{"@type":"ImageObject","inLanguage":"fr-BE","@id":"https:\/\/vieassociative.be\/actualites\/ce-que-les-gens-se-trompent-cette-semaine-lenlevement\/#primaryimage","url":"https:\/\/vieassociative.be\/actualites\/wp-content\/uploads\/2025\/09\/Ce-que-les-gens-se-trompent-cette-semaine-lenlevement.png","contentUrl":"https:\/\/vieassociative.be\/actualites\/wp-content\/uploads\/2025\/09\/Ce-que-les-gens-se-trompent-cette-semaine-lenlevement.png","width":1200,"height":675,"caption":"Ce que les gens se trompent cette semaine: l'enl\u00e8vement"},{"@type":"BreadcrumbList","@id":"https:\/\/vieassociative.be\/actualites\/ce-que-les-gens-se-trompent-cette-semaine-lenlevement\/#breadcrumb","itemListElement":[{"@type":"ListItem","position":1,"name":"Accueil","item":"https:\/\/vieassociative.be\/actualites\/"},{"@type":"ListItem","position":2,"name":"Ce que les gens se trompent cette semaine: l&rsquo;enl\u00e8vement"}]},{"@type":"WebSite","@id":"https:\/\/vieassociative.be\/actualites\/#website","url":"https:\/\/vieassociative.be\/actualites\/","name":"Vie Associative","description":"","publisher":{"@id":"https:\/\/vieassociative.be\/actualites\/#organization"},"potentialAction":[{"@type":"SearchAction","target":{"@type":"EntryPoint","urlTemplate":"https:\/\/vieassociative.be\/actualites\/?s={search_term_string}"},"query-input":{"@type":"PropertyValueSpecification","valueRequired":true,"valueName":"search_term_string"}}],"inLanguage":"fr-BE"},{"@type":"Organization","@id":"https:\/\/vieassociative.be\/actualites\/#organization","name":"Vie Associative","url":"https:\/\/vieassociative.be\/actualites\/","logo":{"@type":"ImageObject","inLanguage":"fr-BE","@id":"https:\/\/vieassociative.be\/actualites\/#\/schema\/logo\/image\/","url":"https:\/\/vieassociative.be\/actualites\/wp-content\/uploads\/2024\/09\/cropped-vieassociative_favicon.ico.png","contentUrl":"https:\/\/vieassociative.be\/actualites\/wp-content\/uploads\/2024\/09\/cropped-vieassociative_favicon.ico.png","width":512,"height":512,"caption":"Vie Associative"},"image":{"@id":"https:\/\/vieassociative.be\/actualites\/#\/schema\/logo\/image\/"}},{"@type":"Person","@id":"https:\/\/vieassociative.be\/actualites\/#\/schema\/person\/b87ac4f82f9d4e7b7cec7395b679edc4","name":"Julien","image":{"@type":"ImageObject","inLanguage":"fr-BE","@id":"https:\/\/vieassociative.be\/actualites\/#\/schema\/person\/image\/","url":"https:\/\/vieassociative.be\/actualites\/wp-content\/uploads\/2024\/09\/vie-associative-1-150x150.jpg","contentUrl":"https:\/\/vieassociative.be\/actualites\/wp-content\/uploads\/2024\/09\/vie-associative-1-150x150.jpg","caption":"Julien"},"description":"Je suis Julien, r\u00e9dacteur pour Vie Associative. Passionn\u00e9 par le monde associatif depuis plus de 10 ans, j'ai \u00e0 c\u0153ur de partager des histoires inspirantes et de mettre en lumi\u00e8re les initiatives locales. Mon objectif est de sensibiliser et d'encourager l'engagement communautaire \u00e0 travers mes articles.","sameAs":["https:\/\/vieassociative.be\/"]}]}},"_links":{"self":[{"href":"https:\/\/vieassociative.be\/actualites\/wp-json\/wp\/v2\/posts\/10205"}],"collection":[{"href":"https:\/\/vieassociative.be\/actualites\/wp-json\/wp\/v2\/posts"}],"about":[{"href":"https:\/\/vieassociative.be\/actualites\/wp-json\/wp\/v2\/types\/post"}],"author":[{"embeddable":true,"href":"https:\/\/vieassociative.be\/actualites\/wp-json\/wp\/v2\/users\/1"}],"replies":[{"embeddable":true,"href":"https:\/\/vieassociative.be\/actualites\/wp-json\/wp\/v2\/comments?post=10205"}],"version-history":[{"count":0,"href":"https:\/\/vieassociative.be\/actualites\/wp-json\/wp\/v2\/posts\/10205\/revisions"}],"wp:featuredmedia":[{"embeddable":true,"href":"https:\/\/vieassociative.be\/actualites\/wp-json\/wp\/v2\/media\/10206"}],"wp:attachment":[{"href":"https:\/\/vieassociative.be\/actualites\/wp-json\/wp\/v2\/media?parent=10205"}],"wp:term":[{"taxonomy":"category","embeddable":true,"href":"https:\/\/vieassociative.be\/actualites\/wp-json\/wp\/v2\/categories?post=10205"},{"taxonomy":"post_tag","embeddable":true,"href":"https:\/\/vieassociative.be\/actualites\/wp-json\/wp\/v2\/tags?post=10205"}],"curies":[{"name":"wp","href":"https:\/\/api.w.org\/{rel}","templated":true}]}}