{"id":10203,"date":"2025-09-23T16:17:26","date_gmt":"2025-09-23T14:17:26","guid":{"rendered":"https:\/\/vieassociative.be\/actualites\/echauffement-dans-le-pdg-pour-le-menage-2026-lopposition-va-dur-avec-le-gouvernement-paasch-et-dg\/"},"modified":"2025-09-23T16:17:26","modified_gmt":"2025-09-23T14:17:26","slug":"echauffement-dans-le-pdg-pour-le-menage-2026-lopposition-va-dur-avec-le-gouvernement-paasch-et-dg","status":"publish","type":"post","link":"https:\/\/vieassociative.be\/actualites\/echauffement-dans-le-pdg-pour-le-menage-2026-lopposition-va-dur-avec-le-gouvernement-paasch-et-dg\/","title":{"rendered":"\u00c9chauffement dans le PDG pour le m\u00e9nage 2026: L&rsquo;opposition va dur avec le gouvernement Paasch et DG"},"content":{"rendered":"<p><strong>Ce qui a \u00e9t\u00e9 l&rsquo;\u00e9chauffement de la Formule 1 jusqu&rsquo;en 2002, \u00e0 savoir un court r\u00e9chauffement avant la course, c&rsquo;est le d\u00e9bat sur la \u00abd\u00e9claration politique communautaire du gouvernement\u00bb au Parlement du DG, que le Premier ministre soumet traditionnellement \u00e0 l&rsquo;ouverture de la nouvelle p\u00e9riode de session en septembre.<\/strong><\/p>\n<p><span id=\"more-425272\"><\/span>Le d\u00e9bat sur la d\u00e9claration gouvernementale d&rsquo;Oliver Paasch (ProDG) une semaine plus tard est un \u00e9chauffement en ce qui concerne le marathon du budget multi-jours en d\u00e9cembre.<\/p>\n<p>Lundi, l&rsquo;opposition dans le PDG a \u00e9t\u00e9 particuli\u00e8rement agressive. Pour le groupe Vivant, Michael Balter, Diana Stiel et Elena Peters ont m\u00eame mis trois membres sur le ring.<\/p>\n<div id=\"attachment_425294\" class=\"wp-caption alignleft\" style=\"max-width: 300px\"><img fetchpriority=\"high\" decoding=\"async\" class=\"wp-image-425294 size-medium\" src=\"https:\/\/vieassociative.be\/actualites\/wp-content\/uploads\/2025\/09\/Echauffement-dans-le-PDG-pour-le-menage-2026-Lopposition-va.jpg\" alt=\"\" width=\"300\" height=\"201\"  ><\/div>\n<p>Balter s&rsquo;est imm\u00e9diatement contrari\u00e9 par le fait que Paasch ait d\u00e9crit la DG comme \u00ab\u00a0l&rsquo;ancre de la stabilit\u00e9\u00a0\u00bb dans sa d\u00e9claration gouvernementale.<\/p>\n<p>\u00ab\u00a0La DG est le revenu du membre hautement endett\u00e9 en Belgique en pourcentage. En ce qui concerne la DG est plus \u00e9lev\u00e9 que la r\u00e9gion de Bruxelles. Au cours de l&rsquo;ann\u00e9e \u00e0 venir, la DG devra payer plus d&rsquo;int\u00e9r\u00eats que les co\u00fbts budg\u00e9taires enti\u00e8re. Et comme il n&rsquo;y a pas de remboursement en vue, nous n&rsquo;avons pas de dette d&rsquo;\u00e9ternit\u00e9.\u00a0\u00bb<\/p>\n<p>La DG est d\u00e9sormais situ\u00e9e \u00e0 environ 1,3 milliard d&rsquo;euros de dette, et la charge d&rsquo;int\u00e9r\u00eat cire des cire de fa\u00e7on exponentielle. \u00ab\u00a0En 2025, il y avait environ 36 millions d&rsquo;euros d&rsquo;int\u00e9r\u00eat dans le budget. L&rsquo;ann\u00e9e prochaine 8 millions de plus! Depuis 2026, plus de 44 millions d&rsquo;euros &#8211; ont continu\u00e9 d&rsquo;augmenter chaque ann\u00e9e suivante\u00a0\u00bb, a d\u00e9clar\u00e9 le chef de groupe parlementaire de Vivant.<\/p>\n<p>Pendant des ann\u00e9es, l&rsquo;argent des imp\u00f4ts s&rsquo;est d\u00e9roul\u00e9 dans des barils sans terrain, a d\u00e9clar\u00e9 Balter, qui a fortement critiqu\u00e9 la politique de la DG en termes de centres communautaires. \u00ab\u00a0Le centre d&rsquo;accueil Eupen, Haus Ternell, Vido, Heidberg Monast\u00e8re, Worriken &#8211; bien voulu, malheureusement mal fait. Saviez-vous que tous les centres communautaires ensemble de 2014 \u00e0 2023 avaient pr\u00e8s de 10,5 millions d&rsquo;euros en perte, avec des co\u00fbts d&rsquo;infrastructure, m\u00eame environ 16,5 millions?\u00a0\u00bb<\/p>\n<\/p>\n<div id=\"attachment_425295\" class=\"wp-caption alignleft\" style=\"max-width: 300px\"><img decoding=\"async\" class=\"wp-image-425295 size-medium\" src=\"https:\/\/vieassociative.be\/actualites\/wp-content\/uploads\/2025\/09\/1758637046_820_Echauffement-dans-le-PDG-pour-le-menage-2026-Lopposition-va.jpg\" alt=\"\" width=\"300\" height=\"215\"><\/div>\n<p>Bien s\u00fbr, Balter enrichit \u00e9galement son discours avec une pinc\u00e9e de populisme (s&rsquo;adresse \u00e0 un parti d&rsquo;opposition comme le sel dans la soupe) quand il dit: \u00abUn gouvernement qui co\u00fbte plus de 5 millions d&rsquo;euros par an, les ministres qui peuvent \u00eatre chauff\u00e9s, la r\u00e9mun\u00e9ration de pr\u00e8s de 500 000 euros pour les ex-minister-et peu de temps apr\u00e8s l&rsquo;arr\u00eat de l&rsquo;indice des enfants: ils ne le vendent plus.<\/p>\n<p>Pour Ecolo, Fabienne Colling a lu les L\u00e9vites du gouvernement Paasch. Son discours rappelle la f\u00eate \u00ab\u00a0Die Linke\u00a0\u00bb dans le Bundestag allemand: frais, effront\u00e9, dr\u00f4le.<\/p>\n<p>\u00ab\u00a0Je n&rsquo;ai plus entendu des discours depuis longtemps pour en dire si peu\u00a0\u00bb, a d\u00e9clar\u00e9 le chef du groupe parlementaire \u00e9colo \u00e0 l&rsquo;adresse du Premier ministre: \u00ab\u00a0La d\u00e9claration gouvernementale de lundi dernier \u00e9tait une chose avant tout: vide, plate, r\u00e9p\u00e9titive. Une collection de promesses que nous avons entendu des centaines de fois au cours des 10 derni\u00e8res ann\u00e9es, et qui ne sont jamais devenues r\u00e9alit\u00e9.\u00a0\u00bb<\/p>\n<p>La d\u00e9claration du gouvernement de Paasch est \u00ab\u00a0longue et sans contenu\u00a0\u00bb, a d\u00e9clar\u00e9 Colling. Paasch \u00ab\u00a0a perdu le sens de la r\u00e9alit\u00e9 des gens\u00a0\u00bb. L&rsquo;\u00e9pargne est sauv\u00e9e dans les familles et les enfants ainsi que les propres t\u00e2ches de la DG: en culture, sport, \u00e9ducation. \u00ab\u00a0L&rsquo;\u00e9pargne est sauv\u00e9e chez l&rsquo;homme.\u00a0\u00bb<\/p>\n<p>Selon Colling, le fait que le gouvernement DG ait d\u00fb ramer dans le bonus de l&rsquo;\u00e9cole n&rsquo;est que le m\u00e9rite des parents: \u00ab\u00a0C&rsquo;est un succ\u00e8s dans la soci\u00e9t\u00e9 civile \u00e0 l&rsquo;\u00e9preuve que la participation fonctionne toujours.\u00a0\u00bb Plus de 1 000 signatures avaient forc\u00e9 le gouvernement \u00e0 genoux et garanti qu&rsquo;une mesure qui rencontre les familles r\u00e9elles avait au moins corrig\u00e9.<\/p>\n<\/p>\n<div id=\"attachment_425298\" class=\"wp-caption alignleft\" style=\"max-width: 300px\"><img decoding=\"async\" class=\"wp-image-425298 size-medium\" src=\"https:\/\/vieassociative.be\/actualites\/wp-content\/uploads\/2025\/09\/1758637046_336_Echauffement-dans-le-PDG-pour-le-menage-2026-Lopposition-va.jpg\" alt=\"\" width=\"300\" height=\"200\"  ><\/div>\n<p>Le nouveau chef du groupe parlementaire, Mechtilde Neuens, s&rsquo;est entretenu pour le groupe parlementaire SP. Contrairement \u00e0 Vivant et Ecolo, il a une t\u00e2che un peu plus difficile, car les socialistes et les socialistes appartenaient \u00e0 la majorit\u00e9 continuellement de 1990 \u00e0 2024. Elle a donc largement r\u00e9pondu \u00e0 ce que les trois factions de l&rsquo;opposition critiquera \u00e9galement en d\u00e9cembre \u00e0 l&rsquo;occasion des consultations budg\u00e9taires. C&rsquo;est peut-\u00eatre pourquoi Neuens n&rsquo;a pas regard\u00e9 en arri\u00e8re, mais en avant.<\/p>\n<p>\u00ab\u00a0La situation financi\u00e8re de la DG nous inqui\u00e8te toujours\u00a0\u00bb, a d\u00e9clar\u00e9 Newly New. \u00ab\u00a0Surtout, \u00e0 nos yeux, il n&rsquo;y a pas de strat\u00e9gie financi\u00e8re futur-ajout.\u00a0\u00bb<\/p>\n<p>Le fait que le gouvernement du Paasch voulait travailler avec des investisseurs priv\u00e9s dans les centres communautaires a salu\u00e9 Neuens et a justifi\u00e9 cela avec une phrase qui n&rsquo;est pas entendue tr\u00e8s souvent de l&#8217;embouchure d&rsquo;un membre du SP: \u00ab\u00a0L&rsquo;\u00c9tat est rarement le meilleur entrepreneur par rapport au secteur priv\u00e9.\u00a0\u00bb<\/p>\n<p>En fin de compte, le pr\u00e9sident du groupe parlementaire SP a exprim\u00e9 leur espoir que \u00ab\u00a0nous survivrons aux crises actuelles dans une certaine mesure et pour am\u00e9liorer les temps \u00e0 un moment donn\u00e9\u00a0\u00bb. En tout cas, le gouvernement doit agir. \u00ab\u00a0Pas \u00e0 un moment donn\u00e9. \u00c0 un moment donn\u00e9, c&rsquo;est maintenant.\u00a0\u00bb<\/p>\n<p><strong>-DG Le gouvernement commence les consultations des m\u00e9nages:<\/strong> Pendant ce temps, le Premier ministre de la DG, Oliver Paasch (ProDG), a annonc\u00e9 mardi que son gouvernement avait commenc\u00e9 ses consultations budg\u00e9taires \u00e0 l&rsquo;approche du d\u00e9bat parlementaire. Pour pr\u00e9parer la deuxi\u00e8me adaptation du m\u00e9nage 2025 et le budget d&rsquo;origine 2026, les discussions d&rsquo;examen sont effectu\u00e9es avec tous les d\u00e9partements du minist\u00e8re. D\u00e9j\u00e0 dans environ deux semaines, le 3 octobre, le gouvernement voulait s&rsquo;entendre sur un chemin du m\u00e9nage, a-t-il d\u00e9clar\u00e9 dans un communiqu\u00e9 de presse.<\/p>\n<p>\u00ab\u00a0L&rsquo;objectif est de reprendre le revenu dans le budget actuel. Je suis convaincu que nous pourrons y parvenir en 2025 et 2026\u00a0\u00bb, a d\u00e9clar\u00e9 Paasch. (Cre)<\/p>\n<p><em><strong>Sur le sujet, voir \u00e9galement l&rsquo;article suivant sur OD:<\/strong><\/em><\/p>\n<div class=\"responsive-embed widescreen\">\n<blockquote class=\"wp-embedded-content\" data-secret=\"fxLkF6ZMCq\">\n<p>Oliver Paasch: \u00ab\u00a0Aucune communaut\u00e9 en Belgique ne traite aussi de mani\u00e8re transparente de leurs d\u00e9penses que la DG\u00a0\u00bb<\/p>\n<\/blockquote>\n<p><iframe loading=\"lazy\" class=\"wp-embedded-content\" sandbox=\"allow-scripts\" security=\"restricted\" style=\"position: absolute; visibility: hidden;\" title=\"\u201eOliver Paasch: \u201eKeine Gemeinschaft in Belgien geht so transparent mit  ihren Ausgaben um wie die DG\u201c\u201c \u2014 Ostbelgien Direkt\" src=\"https:\/\/ostbelgiendirekt.be\/about:blank\" data-secret=\"fxLkF6ZMCq\" width=\"500\" height=\"282\" frameborder=\"0\" marginwidth=\"0\" marginheight=\"0\" scrolling=\"no\" data-rocket-lazyload=\"fitvidscompatible\" data-lazy-src=\"https:\/\/ostbelgiendirekt.be\/paasch-zu-vivant-kritik-425049\/embed#?secret=ridrqEIOnE#?secret=fxLkF6ZMCq\"><\/iframe><noscript><iframe class=\"wp-embedded-content\" sandbox=\"allow-scripts\" security=\"restricted\" style=\"position: absolute; visibility: hidden;\" title=\"\u201eOliver Paasch: \u201eKeine Gemeinschaft in Belgien geht so transparent mit  ihren Ausgaben um wie die DG\u201c\u201c \u2014 Ostbelgien Direkt\" src=\"https:\/\/ostbelgiendirekt.be\/paasch-zu-vivant-kritik-425049\/embed#?secret=ridrqEIOnE#?secret=fxLkF6ZMCq\" data-secret=\"fxLkF6ZMCq\" width=\"500\" height=\"282\" frameborder=\"0\" marginwidth=\"0\" marginheight=\"0\" scrolling=\"no\"><\/iframe><\/noscript><\/p>\n<\/div>\n","protected":false},"excerpt":{"rendered":"<p>Ce qui a \u00e9t\u00e9 l&rsquo;\u00e9chauffement de la Formule 1 jusqu&rsquo;en 2002, \u00e0 savoir un court r\u00e9chauffement avant la course, c&rsquo;est le d\u00e9bat sur la \u00abd\u00e9claration<\/p>\n","protected":false},"author":1,"featured_media":10204,"comment_status":"","ping_status":"","sticky":false,"template":"","format":"standard","meta":{"footnotes":""},"categories":[298],"tags":[61,166,6280,8643,615,3826,4437,2553,2933,81],"class_list":["post-10203","post","type-post","status-publish","format-standard","has-post-thumbnail","hentry","category-belgique","tag-avec","tag-dans","tag-dur","tag-echauffement","tag-gouvernement","tag-lopposition","tag-menage","tag-paasch","tag-pdg","tag-pour","generate-columns","tablet-grid-50","mobile-grid-100","grid-parent","grid-33"],"yoast_head":"<!-- This site is optimized with the Yoast SEO plugin v24.0 - https:\/\/yoast.com\/wordpress\/plugins\/seo\/ -->\n<title>\u00c9chauffement dans le PDG pour le m\u00e9nage 2026: L&#039;opposition va dur avec le gouvernement Paasch et DG | Vie Associative<\/title>\n<meta name=\"robots\" content=\"index, follow, max-snippet:-1, max-image-preview:large, max-video-preview:-1\" \/>\n<link rel=\"canonical\" href=\"https:\/\/vieassociative.be\/actualites\/echauffement-dans-le-pdg-pour-le-menage-2026-lopposition-va-dur-avec-le-gouvernement-paasch-et-dg\/\" \/>\n<meta property=\"og:locale\" content=\"fr_FR\" \/>\n<meta property=\"og:type\" content=\"article\" \/>\n<meta property=\"og:title\" content=\"\u00c9chauffement dans le PDG pour le m\u00e9nage 2026: L&#039;opposition va dur avec le gouvernement Paasch et DG | Vie Associative\" \/>\n<meta property=\"og:description\" content=\"Ce qui a \u00e9t\u00e9 l&rsquo;\u00e9chauffement de la Formule 1 jusqu&rsquo;en 2002, \u00e0 savoir un court r\u00e9chauffement avant la course, c&rsquo;est le d\u00e9bat sur la \u00abd\u00e9claration\" \/>\n<meta property=\"og:url\" content=\"https:\/\/vieassociative.be\/actualites\/echauffement-dans-le-pdg-pour-le-menage-2026-lopposition-va-dur-avec-le-gouvernement-paasch-et-dg\/\" \/>\n<meta property=\"og:site_name\" content=\"Vie Associative\" \/>\n<meta property=\"article:published_time\" content=\"2025-09-23T14:17:26+00:00\" \/>\n<meta property=\"og:image\" content=\"https:\/\/vieassociative.be\/actualites\/wp-content\/uploads\/2024\/09\/header_backgroundk-01-e1726694325946.png\" \/>\n\t<meta property=\"og:image:width\" content=\"279\" \/>\n\t<meta property=\"og:image:height\" content=\"92\" \/>\n\t<meta property=\"og:image:type\" content=\"image\/png\" \/>\n<meta name=\"author\" content=\"Julien\" \/>\n<meta name=\"twitter:card\" content=\"summary_large_image\" \/>\n<meta name=\"twitter:label1\" content=\"\u00c9crit par\" \/>\n\t<meta name=\"twitter:data1\" content=\"Julien\" \/>\n\t<meta name=\"twitter:label2\" content=\"Dur\u00e9e de lecture est.\" \/>\n\t<meta name=\"twitter:data2\" content=\"5 minutes\" \/>\n<script type=\"application\/ld+json\" class=\"yoast-schema-graph\">{\"@context\":\"https:\/\/schema.org\",\"@graph\":[{\"@type\":\"Article\",\"@id\":\"https:\/\/vieassociative.be\/actualites\/echauffement-dans-le-pdg-pour-le-menage-2026-lopposition-va-dur-avec-le-gouvernement-paasch-et-dg\/#article\",\"isPartOf\":{\"@id\":\"https:\/\/vieassociative.be\/actualites\/echauffement-dans-le-pdg-pour-le-menage-2026-lopposition-va-dur-avec-le-gouvernement-paasch-et-dg\/\"},\"author\":{\"name\":\"Julien\",\"@id\":\"https:\/\/vieassociative.be\/actualites\/#\/schema\/person\/b87ac4f82f9d4e7b7cec7395b679edc4\"},\"headline\":\"\u00c9chauffement dans le PDG pour le m\u00e9nage 2026: L&rsquo;opposition va dur avec le gouvernement Paasch et DG\",\"datePublished\":\"2025-09-23T14:17:26+00:00\",\"dateModified\":\"2025-09-23T14:17:26+00:00\",\"mainEntityOfPage\":{\"@id\":\"https:\/\/vieassociative.be\/actualites\/echauffement-dans-le-pdg-pour-le-menage-2026-lopposition-va-dur-avec-le-gouvernement-paasch-et-dg\/\"},\"wordCount\":1058,\"publisher\":{\"@id\":\"https:\/\/vieassociative.be\/actualites\/#organization\"},\"image\":{\"@id\":\"https:\/\/vieassociative.be\/actualites\/echauffement-dans-le-pdg-pour-le-menage-2026-lopposition-va-dur-avec-le-gouvernement-paasch-et-dg\/#primaryimage\"},\"thumbnailUrl\":\"https:\/\/vieassociative.be\/actualites\/wp-content\/uploads\/2025\/09\/1758637047_Echauffement-dans-le-PDG-pour-le-menage-2026-Lopposition-va.jpg\",\"keywords\":[\"avec\",\"dans\",\"dur\",\"\u00c9chauffement\",\"gouvernement\",\"Lopposition\",\"m\u00e9nage\",\"Paasch\",\"PDG\",\"pour\"],\"articleSection\":[\"Belgique\"],\"inLanguage\":\"fr-BE\"},{\"@type\":\"WebPage\",\"@id\":\"https:\/\/vieassociative.be\/actualites\/echauffement-dans-le-pdg-pour-le-menage-2026-lopposition-va-dur-avec-le-gouvernement-paasch-et-dg\/\",\"url\":\"https:\/\/vieassociative.be\/actualites\/echauffement-dans-le-pdg-pour-le-menage-2026-lopposition-va-dur-avec-le-gouvernement-paasch-et-dg\/\",\"name\":\"\u00c9chauffement dans le PDG pour le m\u00e9nage 2026: L'opposition va dur avec le gouvernement Paasch et DG | Vie Associative\",\"isPartOf\":{\"@id\":\"https:\/\/vieassociative.be\/actualites\/#website\"},\"primaryImageOfPage\":{\"@id\":\"https:\/\/vieassociative.be\/actualites\/echauffement-dans-le-pdg-pour-le-menage-2026-lopposition-va-dur-avec-le-gouvernement-paasch-et-dg\/#primaryimage\"},\"image\":{\"@id\":\"https:\/\/vieassociative.be\/actualites\/echauffement-dans-le-pdg-pour-le-menage-2026-lopposition-va-dur-avec-le-gouvernement-paasch-et-dg\/#primaryimage\"},\"thumbnailUrl\":\"https:\/\/vieassociative.be\/actualites\/wp-content\/uploads\/2025\/09\/1758637047_Echauffement-dans-le-PDG-pour-le-menage-2026-Lopposition-va.jpg\",\"datePublished\":\"2025-09-23T14:17:26+00:00\",\"dateModified\":\"2025-09-23T14:17:26+00:00\",\"breadcrumb\":{\"@id\":\"https:\/\/vieassociative.be\/actualites\/echauffement-dans-le-pdg-pour-le-menage-2026-lopposition-va-dur-avec-le-gouvernement-paasch-et-dg\/#breadcrumb\"},\"inLanguage\":\"fr-BE\",\"potentialAction\":[{\"@type\":\"ReadAction\",\"target\":[\"https:\/\/vieassociative.be\/actualites\/echauffement-dans-le-pdg-pour-le-menage-2026-lopposition-va-dur-avec-le-gouvernement-paasch-et-dg\/\"]}]},{\"@type\":\"ImageObject\",\"inLanguage\":\"fr-BE\",\"@id\":\"https:\/\/vieassociative.be\/actualites\/echauffement-dans-le-pdg-pour-le-menage-2026-lopposition-va-dur-avec-le-gouvernement-paasch-et-dg\/#primaryimage\",\"url\":\"https:\/\/vieassociative.be\/actualites\/wp-content\/uploads\/2025\/09\/1758637047_Echauffement-dans-le-PDG-pour-le-menage-2026-Lopposition-va.jpg\",\"contentUrl\":\"https:\/\/vieassociative.be\/actualites\/wp-content\/uploads\/2025\/09\/1758637047_Echauffement-dans-le-PDG-pour-le-menage-2026-Lopposition-va.jpg\",\"width\":1200,\"height\":806,\"caption\":\"\u00c9chauffement dans le PDG pour le m\u00e9nage 2026: L'opposition va dur avec le gouvernement Paasch et DG\"},{\"@type\":\"BreadcrumbList\",\"@id\":\"https:\/\/vieassociative.be\/actualites\/echauffement-dans-le-pdg-pour-le-menage-2026-lopposition-va-dur-avec-le-gouvernement-paasch-et-dg\/#breadcrumb\",\"itemListElement\":[{\"@type\":\"ListItem\",\"position\":1,\"name\":\"Accueil\",\"item\":\"https:\/\/vieassociative.be\/actualites\/\"},{\"@type\":\"ListItem\",\"position\":2,\"name\":\"\u00c9chauffement dans le PDG pour le m\u00e9nage 2026: L&rsquo;opposition va dur avec le gouvernement Paasch et DG\"}]},{\"@type\":\"WebSite\",\"@id\":\"https:\/\/vieassociative.be\/actualites\/#website\",\"url\":\"https:\/\/vieassociative.be\/actualites\/\",\"name\":\"Vie Associative\",\"description\":\"\",\"publisher\":{\"@id\":\"https:\/\/vieassociative.be\/actualites\/#organization\"},\"potentialAction\":[{\"@type\":\"SearchAction\",\"target\":{\"@type\":\"EntryPoint\",\"urlTemplate\":\"https:\/\/vieassociative.be\/actualites\/?s={search_term_string}\"},\"query-input\":{\"@type\":\"PropertyValueSpecification\",\"valueRequired\":true,\"valueName\":\"search_term_string\"}}],\"inLanguage\":\"fr-BE\"},{\"@type\":\"Organization\",\"@id\":\"https:\/\/vieassociative.be\/actualites\/#organization\",\"name\":\"Vie Associative\",\"url\":\"https:\/\/vieassociative.be\/actualites\/\",\"logo\":{\"@type\":\"ImageObject\",\"inLanguage\":\"fr-BE\",\"@id\":\"https:\/\/vieassociative.be\/actualites\/#\/schema\/logo\/image\/\",\"url\":\"https:\/\/vieassociative.be\/actualites\/wp-content\/uploads\/2024\/09\/cropped-vieassociative_favicon.ico.png\",\"contentUrl\":\"https:\/\/vieassociative.be\/actualites\/wp-content\/uploads\/2024\/09\/cropped-vieassociative_favicon.ico.png\",\"width\":512,\"height\":512,\"caption\":\"Vie Associative\"},\"image\":{\"@id\":\"https:\/\/vieassociative.be\/actualites\/#\/schema\/logo\/image\/\"}},{\"@type\":\"Person\",\"@id\":\"https:\/\/vieassociative.be\/actualites\/#\/schema\/person\/b87ac4f82f9d4e7b7cec7395b679edc4\",\"name\":\"Julien\",\"image\":{\"@type\":\"ImageObject\",\"inLanguage\":\"fr-BE\",\"@id\":\"https:\/\/vieassociative.be\/actualites\/#\/schema\/person\/image\/\",\"url\":\"https:\/\/vieassociative.be\/actualites\/wp-content\/uploads\/2024\/09\/vie-associative-1-150x150.jpg\",\"contentUrl\":\"https:\/\/vieassociative.be\/actualites\/wp-content\/uploads\/2024\/09\/vie-associative-1-150x150.jpg\",\"caption\":\"Julien\"},\"description\":\"Je suis Julien, r\u00e9dacteur pour Vie Associative. Passionn\u00e9 par le monde associatif depuis plus de 10 ans, j'ai \u00e0 c\u0153ur de partager des histoires inspirantes et de mettre en lumi\u00e8re les initiatives locales. Mon objectif est de sensibiliser et d'encourager l'engagement communautaire \u00e0 travers mes articles.\",\"sameAs\":[\"https:\/\/vieassociative.be\/\"]}]}<\/script>\n<!-- \/ Yoast SEO plugin. -->","yoast_head_json":{"title":"\u00c9chauffement dans le PDG pour le m\u00e9nage 2026: L'opposition va dur avec le gouvernement Paasch et DG | Vie Associative","robots":{"index":"index","follow":"follow","max-snippet":"max-snippet:-1","max-image-preview":"max-image-preview:large","max-video-preview":"max-video-preview:-1"},"canonical":"https:\/\/vieassociative.be\/actualites\/echauffement-dans-le-pdg-pour-le-menage-2026-lopposition-va-dur-avec-le-gouvernement-paasch-et-dg\/","og_locale":"fr_FR","og_type":"article","og_title":"\u00c9chauffement dans le PDG pour le m\u00e9nage 2026: L'opposition va dur avec le gouvernement Paasch et DG | Vie Associative","og_description":"Ce qui a \u00e9t\u00e9 l&rsquo;\u00e9chauffement de la Formule 1 jusqu&rsquo;en 2002, \u00e0 savoir un court r\u00e9chauffement avant la course, c&rsquo;est le d\u00e9bat sur la \u00abd\u00e9claration","og_url":"https:\/\/vieassociative.be\/actualites\/echauffement-dans-le-pdg-pour-le-menage-2026-lopposition-va-dur-avec-le-gouvernement-paasch-et-dg\/","og_site_name":"Vie Associative","article_published_time":"2025-09-23T14:17:26+00:00","og_image":[{"width":279,"height":92,"url":"https:\/\/vieassociative.be\/actualites\/wp-content\/uploads\/2024\/09\/header_backgroundk-01-e1726694325946.png","type":"image\/png"}],"author":"Julien","twitter_card":"summary_large_image","twitter_misc":{"\u00c9crit par":"Julien","Dur\u00e9e de lecture est.":"5 minutes"},"schema":{"@context":"https:\/\/schema.org","@graph":[{"@type":"Article","@id":"https:\/\/vieassociative.be\/actualites\/echauffement-dans-le-pdg-pour-le-menage-2026-lopposition-va-dur-avec-le-gouvernement-paasch-et-dg\/#article","isPartOf":{"@id":"https:\/\/vieassociative.be\/actualites\/echauffement-dans-le-pdg-pour-le-menage-2026-lopposition-va-dur-avec-le-gouvernement-paasch-et-dg\/"},"author":{"name":"Julien","@id":"https:\/\/vieassociative.be\/actualites\/#\/schema\/person\/b87ac4f82f9d4e7b7cec7395b679edc4"},"headline":"\u00c9chauffement dans le PDG pour le m\u00e9nage 2026: L&rsquo;opposition va dur avec le gouvernement Paasch et DG","datePublished":"2025-09-23T14:17:26+00:00","dateModified":"2025-09-23T14:17:26+00:00","mainEntityOfPage":{"@id":"https:\/\/vieassociative.be\/actualites\/echauffement-dans-le-pdg-pour-le-menage-2026-lopposition-va-dur-avec-le-gouvernement-paasch-et-dg\/"},"wordCount":1058,"publisher":{"@id":"https:\/\/vieassociative.be\/actualites\/#organization"},"image":{"@id":"https:\/\/vieassociative.be\/actualites\/echauffement-dans-le-pdg-pour-le-menage-2026-lopposition-va-dur-avec-le-gouvernement-paasch-et-dg\/#primaryimage"},"thumbnailUrl":"https:\/\/vieassociative.be\/actualites\/wp-content\/uploads\/2025\/09\/1758637047_Echauffement-dans-le-PDG-pour-le-menage-2026-Lopposition-va.jpg","keywords":["avec","dans","dur","\u00c9chauffement","gouvernement","Lopposition","m\u00e9nage","Paasch","PDG","pour"],"articleSection":["Belgique"],"inLanguage":"fr-BE"},{"@type":"WebPage","@id":"https:\/\/vieassociative.be\/actualites\/echauffement-dans-le-pdg-pour-le-menage-2026-lopposition-va-dur-avec-le-gouvernement-paasch-et-dg\/","url":"https:\/\/vieassociative.be\/actualites\/echauffement-dans-le-pdg-pour-le-menage-2026-lopposition-va-dur-avec-le-gouvernement-paasch-et-dg\/","name":"\u00c9chauffement dans le PDG pour le m\u00e9nage 2026: L'opposition va dur avec le gouvernement Paasch et DG | Vie Associative","isPartOf":{"@id":"https:\/\/vieassociative.be\/actualites\/#website"},"primaryImageOfPage":{"@id":"https:\/\/vieassociative.be\/actualites\/echauffement-dans-le-pdg-pour-le-menage-2026-lopposition-va-dur-avec-le-gouvernement-paasch-et-dg\/#primaryimage"},"image":{"@id":"https:\/\/vieassociative.be\/actualites\/echauffement-dans-le-pdg-pour-le-menage-2026-lopposition-va-dur-avec-le-gouvernement-paasch-et-dg\/#primaryimage"},"thumbnailUrl":"https:\/\/vieassociative.be\/actualites\/wp-content\/uploads\/2025\/09\/1758637047_Echauffement-dans-le-PDG-pour-le-menage-2026-Lopposition-va.jpg","datePublished":"2025-09-23T14:17:26+00:00","dateModified":"2025-09-23T14:17:26+00:00","breadcrumb":{"@id":"https:\/\/vieassociative.be\/actualites\/echauffement-dans-le-pdg-pour-le-menage-2026-lopposition-va-dur-avec-le-gouvernement-paasch-et-dg\/#breadcrumb"},"inLanguage":"fr-BE","potentialAction":[{"@type":"ReadAction","target":["https:\/\/vieassociative.be\/actualites\/echauffement-dans-le-pdg-pour-le-menage-2026-lopposition-va-dur-avec-le-gouvernement-paasch-et-dg\/"]}]},{"@type":"ImageObject","inLanguage":"fr-BE","@id":"https:\/\/vieassociative.be\/actualites\/echauffement-dans-le-pdg-pour-le-menage-2026-lopposition-va-dur-avec-le-gouvernement-paasch-et-dg\/#primaryimage","url":"https:\/\/vieassociative.be\/actualites\/wp-content\/uploads\/2025\/09\/1758637047_Echauffement-dans-le-PDG-pour-le-menage-2026-Lopposition-va.jpg","contentUrl":"https:\/\/vieassociative.be\/actualites\/wp-content\/uploads\/2025\/09\/1758637047_Echauffement-dans-le-PDG-pour-le-menage-2026-Lopposition-va.jpg","width":1200,"height":806,"caption":"\u00c9chauffement dans le PDG pour le m\u00e9nage 2026: L'opposition va dur avec le gouvernement Paasch et DG"},{"@type":"BreadcrumbList","@id":"https:\/\/vieassociative.be\/actualites\/echauffement-dans-le-pdg-pour-le-menage-2026-lopposition-va-dur-avec-le-gouvernement-paasch-et-dg\/#breadcrumb","itemListElement":[{"@type":"ListItem","position":1,"name":"Accueil","item":"https:\/\/vieassociative.be\/actualites\/"},{"@type":"ListItem","position":2,"name":"\u00c9chauffement dans le PDG pour le m\u00e9nage 2026: L&rsquo;opposition va dur avec le gouvernement Paasch et DG"}]},{"@type":"WebSite","@id":"https:\/\/vieassociative.be\/actualites\/#website","url":"https:\/\/vieassociative.be\/actualites\/","name":"Vie Associative","description":"","publisher":{"@id":"https:\/\/vieassociative.be\/actualites\/#organization"},"potentialAction":[{"@type":"SearchAction","target":{"@type":"EntryPoint","urlTemplate":"https:\/\/vieassociative.be\/actualites\/?s={search_term_string}"},"query-input":{"@type":"PropertyValueSpecification","valueRequired":true,"valueName":"search_term_string"}}],"inLanguage":"fr-BE"},{"@type":"Organization","@id":"https:\/\/vieassociative.be\/actualites\/#organization","name":"Vie Associative","url":"https:\/\/vieassociative.be\/actualites\/","logo":{"@type":"ImageObject","inLanguage":"fr-BE","@id":"https:\/\/vieassociative.be\/actualites\/#\/schema\/logo\/image\/","url":"https:\/\/vieassociative.be\/actualites\/wp-content\/uploads\/2024\/09\/cropped-vieassociative_favicon.ico.png","contentUrl":"https:\/\/vieassociative.be\/actualites\/wp-content\/uploads\/2024\/09\/cropped-vieassociative_favicon.ico.png","width":512,"height":512,"caption":"Vie Associative"},"image":{"@id":"https:\/\/vieassociative.be\/actualites\/#\/schema\/logo\/image\/"}},{"@type":"Person","@id":"https:\/\/vieassociative.be\/actualites\/#\/schema\/person\/b87ac4f82f9d4e7b7cec7395b679edc4","name":"Julien","image":{"@type":"ImageObject","inLanguage":"fr-BE","@id":"https:\/\/vieassociative.be\/actualites\/#\/schema\/person\/image\/","url":"https:\/\/vieassociative.be\/actualites\/wp-content\/uploads\/2024\/09\/vie-associative-1-150x150.jpg","contentUrl":"https:\/\/vieassociative.be\/actualites\/wp-content\/uploads\/2024\/09\/vie-associative-1-150x150.jpg","caption":"Julien"},"description":"Je suis Julien, r\u00e9dacteur pour Vie Associative. Passionn\u00e9 par le monde associatif depuis plus de 10 ans, j'ai \u00e0 c\u0153ur de partager des histoires inspirantes et de mettre en lumi\u00e8re les initiatives locales. Mon objectif est de sensibiliser et d'encourager l'engagement communautaire \u00e0 travers mes articles.","sameAs":["https:\/\/vieassociative.be\/"]}]}},"_links":{"self":[{"href":"https:\/\/vieassociative.be\/actualites\/wp-json\/wp\/v2\/posts\/10203"}],"collection":[{"href":"https:\/\/vieassociative.be\/actualites\/wp-json\/wp\/v2\/posts"}],"about":[{"href":"https:\/\/vieassociative.be\/actualites\/wp-json\/wp\/v2\/types\/post"}],"author":[{"embeddable":true,"href":"https:\/\/vieassociative.be\/actualites\/wp-json\/wp\/v2\/users\/1"}],"replies":[{"embeddable":true,"href":"https:\/\/vieassociative.be\/actualites\/wp-json\/wp\/v2\/comments?post=10203"}],"version-history":[{"count":0,"href":"https:\/\/vieassociative.be\/actualites\/wp-json\/wp\/v2\/posts\/10203\/revisions"}],"wp:featuredmedia":[{"embeddable":true,"href":"https:\/\/vieassociative.be\/actualites\/wp-json\/wp\/v2\/media\/10204"}],"wp:attachment":[{"href":"https:\/\/vieassociative.be\/actualites\/wp-json\/wp\/v2\/media?parent=10203"}],"wp:term":[{"taxonomy":"category","embeddable":true,"href":"https:\/\/vieassociative.be\/actualites\/wp-json\/wp\/v2\/categories?post=10203"},{"taxonomy":"post_tag","embeddable":true,"href":"https:\/\/vieassociative.be\/actualites\/wp-json\/wp\/v2\/tags?post=10203"}],"curies":[{"name":"wp","href":"https:\/\/api.w.org\/{rel}","templated":true}]}}