{"id":10201,"date":"2025-09-23T15:17:21","date_gmt":"2025-09-23T13:17:21","guid":{"rendered":"https:\/\/vieassociative.be\/actualites\/le-telephone-le-plus-mince-de-samsung-coute-400-en-ce-moment\/"},"modified":"2025-09-23T15:17:21","modified_gmt":"2025-09-23T13:17:21","slug":"le-telephone-le-plus-mince-de-samsung-coute-400-en-ce-moment","status":"publish","type":"post","link":"https:\/\/vieassociative.be\/actualites\/le-telephone-le-plus-mince-de-samsung-coute-400-en-ce-moment\/","title":{"rendered":"Le t\u00e9l\u00e9phone le plus mince de Samsung co\u00fbte 400 $ en ce moment"},"content":{"rendered":"<div class=\"mt-4 leading-6 md:mb-8\">Un t\u00e9l\u00e9phone Android haut de gamme qui \u00e9quilibre la puissance, la dur\u00e9e de vie de la batterie et les logiciels \u00e0 l&rsquo;\u00e9preuve des futurs.<\/div>\n<p><\/p>\n<p><em>Saviez-vous que vous pouvez personnaliser Google pour filtrer les ordures? Prendre ces \u00e9tapes<\/em><em>  Pour de meilleurs r\u00e9sultats de recherche, notamment l&rsquo;ajout de lifehacker comme source pr\u00e9f\u00e9r\u00e9e pour la technologie <\/em><em>nouvelles.<\/em><\/p>\n<hr>\n<p>Samsung a pris l&rsquo;habitude de lib\u00e9rer une poign\u00e9e de t\u00e9l\u00e9phones dans sa ligne Galaxy S chaque ann\u00e9e, mais le Galaxy S25 Edge est quelque chose de diff\u00e9rent. Annonc\u00e9 aux c\u00f4t\u00e9s des S25, S25 + et Ultra en janvier, le bord est le t\u00e9l\u00e9phone le plus mince Galaxy S. \u00c0 l&rsquo;heure actuelle, le mod\u00e8le de 256 Go est marqu\u00e9 \u00e0 699,99 $ sur Amazon (son prix le plus bas de tous les temps, selon Price Trackers), ce qui en fait l&rsquo;entr\u00e9e la plus abordable dans la gamme phare de Samsung. <\/p>\n<div class=\"pogoClear mb-12 mt-10 rounded-md border-2 border-gray-100 py-7 shadow-xl md:py-6\">\n<div class=\"flex flex-wrap justify-between px-7 text-black no-underline md:flex-nowrap md:px-8\">\n<div class=\"order-1 mx-auto flex flex-col justify-center md:order-2 md:ml-4 md:w-full md:grow\">\n<div class=\"block cursor-pointer text-center font-akshar text-2xl font-medium leading-7 text-brand-green duration-200 ease-in-out hover:text-brand-green-700 md:text-left md:text-xl md:leading-6\">Edge Samsung Galaxy S25, 256 Go\n                <\/div>\n<div class=\"mt-4 hidden md:flex md:justify-between\">\n<div class=\"self-end\">\n<div class=\"mb-0 h-11 md:flex md:flex-col md:justify-center\">\n<div class=\" font-sans leading-4 text-black\">\n<div class=\"flex flex-wrap items-center justify-center gap-1 md:justify-start\">\n        <span class=\"font-bold\"><\/p>\n<p>            699,99 $<br \/>\n                            <span class=\"font-medium\">\u00e0 Amazon<\/span><br \/>\n                    <\/span>\n            <\/div>\n<div class=\"flex items-center justify-center gap-x-1 font-bold md:justify-start\">\n            <span class=\"text-sm line-through\">1 099,99 $<\/span><br \/>\n            <span class=\"text-sm text-brand-green\">\u00c9conomisez 400,00 $<\/span>\n        <\/div>\n<\/p><\/div>\n<\/p><\/div>\n<\/p><\/div>\n<div class=\"w-44 self-end\">\n                            <button class=\"flex justify-center items-center w-full bg-brand-green text-white text-base font-sans font-medium rounded-md hover:bg-brand-green-700 hover:cursor-pointer md:text-sm h-11\"><\/p>\n<p>    Conclure un accord<br \/>\n<\/button>\n                        <\/div>\n<\/p><\/div>\n<\/p><\/div>\n<div class=\"order-2 mt-5 h-auto w-full md:order-1 md:mt-0 md:hidden\">\n<div class=\"flex aspect-video items-center justify-center\">\n                                            <img decoding=\"async\" class=\"m-0 max-h-full max-w-full rounded-md\" src=\"https:\/\/vieassociative.be\/actualites\/wp-content\/uploads\/2025\/09\/Le-telephone-le-plus-mince-de-Samsung-coute-400.jpg\" alt=\"Samsung Galaxy S25 Edge Phone, 256 Go Smartphone AI, Android d\u00e9verrouill\u00e9, vid\u00e9o nocturne, processeur rapide, affichage de la proscaler, longue dur\u00e9e de vie de la batterie, 2025, garantie du fabricant de 1 an, titanium iCyBlue\" width=\"auto\" height=\"auto\" loading=\"lazy\">\n                                    <\/div>\n<\/p><\/div>\n<div class=\"order-2 ml-2 hidden w-32 shrink-0 items-center md:order-1 md:ml-0 md:flex\">\n<div class=\"flex aspect-video items-center justify-center\">\n                                            <img decoding=\"async\" class=\"m-0 max-h-full max-w-full rounded-md\" src=\"https:\/\/vieassociative.be\/actualites\/wp-content\/uploads\/2025\/09\/Le-telephone-le-plus-mince-de-Samsung-coute-400.jpg\" alt=\"Samsung Galaxy S25 Edge Phone, 256 Go Smartphone AI, Android d\u00e9verrouill\u00e9, vid\u00e9o nocturne, processeur rapide, affichage de la proscaler, longue dur\u00e9e de vie de la batterie, 2025, garantie du fabricant de 1 an, titanium iCyBlue\" width=\"auto\" height=\"auto\" loading=\"lazy\">\n                                    <\/div>\n<\/p><\/div>\n<div class=\"order-3 flex grow flex-wrap md:hidden md:grow-0\">\n<div class=\"mt-4 w-full\">\n                        <button class=\"flex justify-center items-center w-full bg-brand-green text-white text-base font-sans font-medium rounded-md hover:bg-brand-green-700 hover:cursor-pointer md:text-sm h-11\"><\/p>\n<p>    Conclure un accord<br \/>\n<\/button>\n                    <\/div>\n<div class=\"mx-2 mt-4 w-full\">\n<div class=\" font-sans leading-4 text-black\">\n<div class=\"flex flex-wrap items-center justify-center gap-1 md:justify-start\">\n        <span class=\"font-bold\"><\/p>\n<p>            699,99 $<br \/>\n                            <span class=\"font-medium\">\u00e0 Amazon<\/span><br \/>\n                    <\/span>\n            <\/div>\n<div class=\"flex items-center justify-center gap-x-1 font-bold md:justify-start\">\n            <span class=\"text-sm line-through\">1 099,99 $<\/span><br \/>\n            <span class=\"text-sm text-brand-green\">\u00c9conomisez 400,00 $<\/span>\n        <\/div>\n<\/p><\/div>\n<\/p><\/div>\n<\/p><\/div>\n<\/p><\/div>\n<\/div>\n<p>\u00c0 seulement 0,23 pouce d&rsquo;\u00e9paisseur, il se sent sensiblement plus mince dans la main sans sacrifier la stabilit\u00e9. Le cadre en titane, associ\u00e9 \u00e0 Gorilla Ceramic 2 \u00e0 l&rsquo;avant et Gorilla Glass 2 \u00e0 l&rsquo;arri\u00e8re, le maintient durable, tandis que la cote IP68 signifie qu&rsquo;elle survivra \u00e0 l&rsquo;exposition \u00e0 la poussi\u00e8re et \u00e0 l&rsquo;eau.<\/p>\n<p>Ce qui rend l&rsquo;Edge attrayant, c&rsquo;est qu&rsquo;il correspond au reste de la s\u00e9rie en performances, malgr\u00e9 sa construction plus mince et sa batterie plus petite de 3 900 mAh. Le Qualcomm Snapdragon 8 Elite pour Galaxy Chip et 12 Go de RAM assurent le multit\u00e2che en douceur, que ce soit un jeu \u00e0 60 images par seconde ou la modification de la vid\u00e9o 8K. M\u00eame avec la plus petite batterie de la famille, le bord surclasse ses fr\u00e8res et s\u0153urs, dur\u00e9 plus de 16 heures dans les tests de streaming vid\u00e9o de PCMAG &#8211; plus longs que les S25, S25 + et Ultra. De plus, l&rsquo;\u00e9cran AMOLED dynamique de 6,7 pouces est brillant et net \u00e0 3 120 par 1440 pixels, avec un taux de rafra\u00eechissement de 120 Hz qui rend le d\u00e9filement et le jeu fluide.<\/p>\n<p>Pour tout arrondi, les fonctionnalit\u00e9s de Galaxy AI de Samsung et une interface utilisateur 7 au-dessus d&rsquo;Android 15 ajoutent un vernis suppl\u00e9mentaire, et les sept ann\u00e9es de mises \u00e0 jour promises signifient \u00e9galement que le t\u00e9l\u00e9phone restera pertinent pendant longtemps. Pourtant, le bord ne coche pas chaque case. Contrairement au S25 + ou \u00e0 Ultra, il saute un t\u00e9l\u00e9objectif, limitant le zoom \u00e0 2x qualit\u00e9 optique et 10x num\u00e9rique. Les haut-parleurs st\u00e9r\u00e9o sonnent minces et se compare \u00e0 25 W. Si ces d\u00e9tails comptent, le S25 + \u00e0 899,99 $ ou l&rsquo;ultra \u00e0 1 075 $ sont des ajustements plus forts. Mais si vous voulez un t\u00e9l\u00e9phone Android mince et haut de gamme qui \u00e9quilibre la puissance, la dur\u00e9e de vie de la batterie et les logiciels \u00e0 l&rsquo;\u00e9preuve des futurs, le Galaxy S25 Edge fait un cas fort, en particulier \u00e0 ce prix.<\/p>\n<hr>\n","protected":false},"excerpt":{"rendered":"<p>Un t\u00e9l\u00e9phone Android haut de gamme qui \u00e9quilibre la puissance, la dur\u00e9e de vie de la batterie et les logiciels \u00e0 l&rsquo;\u00e9preuve des futurs. Saviez-vous<\/p>\n","protected":false},"author":1,"featured_media":10202,"comment_status":"","ping_status":"","sticky":false,"template":"","format":"standard","meta":{"footnotes":""},"categories":[13],"tags":[1122,8642,1429,1878,542],"class_list":["post-10201","post","type-post","status-publish","format-standard","has-post-thumbnail","hentry","category-technologie","tag-coute","tag-mince","tag-moment","tag-samsung","tag-telephone","generate-columns","tablet-grid-50","mobile-grid-100","grid-parent","grid-33"],"yoast_head":"<!-- This site is optimized with the Yoast SEO plugin v24.0 - https:\/\/yoast.com\/wordpress\/plugins\/seo\/ -->\n<title>Le t\u00e9l\u00e9phone le plus mince de Samsung co\u00fbte 400 $ en ce moment | Vie Associative<\/title>\n<meta name=\"robots\" content=\"index, follow, max-snippet:-1, max-image-preview:large, max-video-preview:-1\" \/>\n<link rel=\"canonical\" href=\"https:\/\/vieassociative.be\/actualites\/le-telephone-le-plus-mince-de-samsung-coute-400-en-ce-moment\/\" \/>\n<meta property=\"og:locale\" content=\"fr_FR\" \/>\n<meta property=\"og:type\" content=\"article\" \/>\n<meta property=\"og:title\" content=\"Le t\u00e9l\u00e9phone le plus mince de Samsung co\u00fbte 400 $ en ce moment | Vie Associative\" \/>\n<meta property=\"og:description\" content=\"Un t\u00e9l\u00e9phone Android haut de gamme qui \u00e9quilibre la puissance, la dur\u00e9e de vie de la batterie et les logiciels \u00e0 l&rsquo;\u00e9preuve des futurs. Saviez-vous\" \/>\n<meta property=\"og:url\" content=\"https:\/\/vieassociative.be\/actualites\/le-telephone-le-plus-mince-de-samsung-coute-400-en-ce-moment\/\" \/>\n<meta property=\"og:site_name\" content=\"Vie Associative\" \/>\n<meta property=\"article:published_time\" content=\"2025-09-23T13:17:21+00:00\" \/>\n<meta property=\"og:image\" content=\"https:\/\/vieassociative.be\/actualites\/wp-content\/uploads\/2025\/09\/Le-telephone-le-plus-mince-de-Samsung-coute-400.jpg\" \/>\n<meta name=\"author\" content=\"Julien\" \/>\n<meta name=\"twitter:card\" content=\"summary_large_image\" \/>\n<meta name=\"twitter:label1\" content=\"\u00c9crit par\" \/>\n\t<meta name=\"twitter:data1\" content=\"Julien\" \/>\n\t<meta name=\"twitter:label2\" content=\"Dur\u00e9e de lecture est.\" \/>\n\t<meta name=\"twitter:data2\" content=\"2 minutes\" \/>\n<script type=\"application\/ld+json\" class=\"yoast-schema-graph\">{\"@context\":\"https:\/\/schema.org\",\"@graph\":[{\"@type\":\"Article\",\"@id\":\"https:\/\/vieassociative.be\/actualites\/le-telephone-le-plus-mince-de-samsung-coute-400-en-ce-moment\/#article\",\"isPartOf\":{\"@id\":\"https:\/\/vieassociative.be\/actualites\/le-telephone-le-plus-mince-de-samsung-coute-400-en-ce-moment\/\"},\"author\":{\"name\":\"Julien\",\"@id\":\"https:\/\/vieassociative.be\/actualites\/#\/schema\/person\/b87ac4f82f9d4e7b7cec7395b679edc4\"},\"headline\":\"Le t\u00e9l\u00e9phone le plus mince de Samsung co\u00fbte 400 $ en ce moment\",\"datePublished\":\"2025-09-23T13:17:21+00:00\",\"dateModified\":\"2025-09-23T13:17:21+00:00\",\"mainEntityOfPage\":{\"@id\":\"https:\/\/vieassociative.be\/actualites\/le-telephone-le-plus-mince-de-samsung-coute-400-en-ce-moment\/\"},\"wordCount\":520,\"publisher\":{\"@id\":\"https:\/\/vieassociative.be\/actualites\/#organization\"},\"image\":{\"@id\":\"https:\/\/vieassociative.be\/actualites\/le-telephone-le-plus-mince-de-samsung-coute-400-en-ce-moment\/#primaryimage\"},\"thumbnailUrl\":\"https:\/\/vieassociative.be\/actualites\/wp-content\/uploads\/2025\/09\/Le-telephone-le-plus-mince-de-Samsung-coute-400.png\",\"keywords\":[\"co\u00fbte\",\"mince\",\"moment\",\"Samsung\",\"t\u00e9l\u00e9phone\"],\"articleSection\":[\"Technologie\"],\"inLanguage\":\"fr-BE\"},{\"@type\":\"WebPage\",\"@id\":\"https:\/\/vieassociative.be\/actualites\/le-telephone-le-plus-mince-de-samsung-coute-400-en-ce-moment\/\",\"url\":\"https:\/\/vieassociative.be\/actualites\/le-telephone-le-plus-mince-de-samsung-coute-400-en-ce-moment\/\",\"name\":\"Le t\u00e9l\u00e9phone le plus mince de Samsung co\u00fbte 400 $ en ce moment | Vie Associative\",\"isPartOf\":{\"@id\":\"https:\/\/vieassociative.be\/actualites\/#website\"},\"primaryImageOfPage\":{\"@id\":\"https:\/\/vieassociative.be\/actualites\/le-telephone-le-plus-mince-de-samsung-coute-400-en-ce-moment\/#primaryimage\"},\"image\":{\"@id\":\"https:\/\/vieassociative.be\/actualites\/le-telephone-le-plus-mince-de-samsung-coute-400-en-ce-moment\/#primaryimage\"},\"thumbnailUrl\":\"https:\/\/vieassociative.be\/actualites\/wp-content\/uploads\/2025\/09\/Le-telephone-le-plus-mince-de-Samsung-coute-400.png\",\"datePublished\":\"2025-09-23T13:17:21+00:00\",\"dateModified\":\"2025-09-23T13:17:21+00:00\",\"breadcrumb\":{\"@id\":\"https:\/\/vieassociative.be\/actualites\/le-telephone-le-plus-mince-de-samsung-coute-400-en-ce-moment\/#breadcrumb\"},\"inLanguage\":\"fr-BE\",\"potentialAction\":[{\"@type\":\"ReadAction\",\"target\":[\"https:\/\/vieassociative.be\/actualites\/le-telephone-le-plus-mince-de-samsung-coute-400-en-ce-moment\/\"]}]},{\"@type\":\"ImageObject\",\"inLanguage\":\"fr-BE\",\"@id\":\"https:\/\/vieassociative.be\/actualites\/le-telephone-le-plus-mince-de-samsung-coute-400-en-ce-moment\/#primaryimage\",\"url\":\"https:\/\/vieassociative.be\/actualites\/wp-content\/uploads\/2025\/09\/Le-telephone-le-plus-mince-de-Samsung-coute-400.png\",\"contentUrl\":\"https:\/\/vieassociative.be\/actualites\/wp-content\/uploads\/2025\/09\/Le-telephone-le-plus-mince-de-Samsung-coute-400.png\",\"width\":1200,\"height\":675,\"caption\":\"Le t\u00e9l\u00e9phone le plus mince de Samsung co\u00fbte 400 $ en ce moment\"},{\"@type\":\"BreadcrumbList\",\"@id\":\"https:\/\/vieassociative.be\/actualites\/le-telephone-le-plus-mince-de-samsung-coute-400-en-ce-moment\/#breadcrumb\",\"itemListElement\":[{\"@type\":\"ListItem\",\"position\":1,\"name\":\"Accueil\",\"item\":\"https:\/\/vieassociative.be\/actualites\/\"},{\"@type\":\"ListItem\",\"position\":2,\"name\":\"Le t\u00e9l\u00e9phone le plus mince de Samsung co\u00fbte 400 $ en ce moment\"}]},{\"@type\":\"WebSite\",\"@id\":\"https:\/\/vieassociative.be\/actualites\/#website\",\"url\":\"https:\/\/vieassociative.be\/actualites\/\",\"name\":\"Vie Associative\",\"description\":\"\",\"publisher\":{\"@id\":\"https:\/\/vieassociative.be\/actualites\/#organization\"},\"potentialAction\":[{\"@type\":\"SearchAction\",\"target\":{\"@type\":\"EntryPoint\",\"urlTemplate\":\"https:\/\/vieassociative.be\/actualites\/?s={search_term_string}\"},\"query-input\":{\"@type\":\"PropertyValueSpecification\",\"valueRequired\":true,\"valueName\":\"search_term_string\"}}],\"inLanguage\":\"fr-BE\"},{\"@type\":\"Organization\",\"@id\":\"https:\/\/vieassociative.be\/actualites\/#organization\",\"name\":\"Vie Associative\",\"url\":\"https:\/\/vieassociative.be\/actualites\/\",\"logo\":{\"@type\":\"ImageObject\",\"inLanguage\":\"fr-BE\",\"@id\":\"https:\/\/vieassociative.be\/actualites\/#\/schema\/logo\/image\/\",\"url\":\"https:\/\/vieassociative.be\/actualites\/wp-content\/uploads\/2024\/09\/cropped-vieassociative_favicon.ico.png\",\"contentUrl\":\"https:\/\/vieassociative.be\/actualites\/wp-content\/uploads\/2024\/09\/cropped-vieassociative_favicon.ico.png\",\"width\":512,\"height\":512,\"caption\":\"Vie Associative\"},\"image\":{\"@id\":\"https:\/\/vieassociative.be\/actualites\/#\/schema\/logo\/image\/\"}},{\"@type\":\"Person\",\"@id\":\"https:\/\/vieassociative.be\/actualites\/#\/schema\/person\/b87ac4f82f9d4e7b7cec7395b679edc4\",\"name\":\"Julien\",\"image\":{\"@type\":\"ImageObject\",\"inLanguage\":\"fr-BE\",\"@id\":\"https:\/\/vieassociative.be\/actualites\/#\/schema\/person\/image\/\",\"url\":\"https:\/\/vieassociative.be\/actualites\/wp-content\/uploads\/2024\/09\/vie-associative-1-150x150.jpg\",\"contentUrl\":\"https:\/\/vieassociative.be\/actualites\/wp-content\/uploads\/2024\/09\/vie-associative-1-150x150.jpg\",\"caption\":\"Julien\"},\"description\":\"Je suis Julien, r\u00e9dacteur pour Vie Associative. Passionn\u00e9 par le monde associatif depuis plus de 10 ans, j'ai \u00e0 c\u0153ur de partager des histoires inspirantes et de mettre en lumi\u00e8re les initiatives locales. Mon objectif est de sensibiliser et d'encourager l'engagement communautaire \u00e0 travers mes articles.\",\"sameAs\":[\"https:\/\/vieassociative.be\/\"]}]}<\/script>\n<!-- \/ Yoast SEO plugin. -->","yoast_head_json":{"title":"Le t\u00e9l\u00e9phone le plus mince de Samsung co\u00fbte 400 $ en ce moment | Vie Associative","robots":{"index":"index","follow":"follow","max-snippet":"max-snippet:-1","max-image-preview":"max-image-preview:large","max-video-preview":"max-video-preview:-1"},"canonical":"https:\/\/vieassociative.be\/actualites\/le-telephone-le-plus-mince-de-samsung-coute-400-en-ce-moment\/","og_locale":"fr_FR","og_type":"article","og_title":"Le t\u00e9l\u00e9phone le plus mince de Samsung co\u00fbte 400 $ en ce moment | Vie Associative","og_description":"Un t\u00e9l\u00e9phone Android haut de gamme qui \u00e9quilibre la puissance, la dur\u00e9e de vie de la batterie et les logiciels \u00e0 l&rsquo;\u00e9preuve des futurs. Saviez-vous","og_url":"https:\/\/vieassociative.be\/actualites\/le-telephone-le-plus-mince-de-samsung-coute-400-en-ce-moment\/","og_site_name":"Vie Associative","article_published_time":"2025-09-23T13:17:21+00:00","og_image":[{"url":"https:\/\/vieassociative.be\/actualites\/wp-content\/uploads\/2025\/09\/Le-telephone-le-plus-mince-de-Samsung-coute-400.jpg","type":"","width":"","height":""}],"author":"Julien","twitter_card":"summary_large_image","twitter_misc":{"\u00c9crit par":"Julien","Dur\u00e9e de lecture est.":"2 minutes"},"schema":{"@context":"https:\/\/schema.org","@graph":[{"@type":"Article","@id":"https:\/\/vieassociative.be\/actualites\/le-telephone-le-plus-mince-de-samsung-coute-400-en-ce-moment\/#article","isPartOf":{"@id":"https:\/\/vieassociative.be\/actualites\/le-telephone-le-plus-mince-de-samsung-coute-400-en-ce-moment\/"},"author":{"name":"Julien","@id":"https:\/\/vieassociative.be\/actualites\/#\/schema\/person\/b87ac4f82f9d4e7b7cec7395b679edc4"},"headline":"Le t\u00e9l\u00e9phone le plus mince de Samsung co\u00fbte 400 $ en ce moment","datePublished":"2025-09-23T13:17:21+00:00","dateModified":"2025-09-23T13:17:21+00:00","mainEntityOfPage":{"@id":"https:\/\/vieassociative.be\/actualites\/le-telephone-le-plus-mince-de-samsung-coute-400-en-ce-moment\/"},"wordCount":520,"publisher":{"@id":"https:\/\/vieassociative.be\/actualites\/#organization"},"image":{"@id":"https:\/\/vieassociative.be\/actualites\/le-telephone-le-plus-mince-de-samsung-coute-400-en-ce-moment\/#primaryimage"},"thumbnailUrl":"https:\/\/vieassociative.be\/actualites\/wp-content\/uploads\/2025\/09\/Le-telephone-le-plus-mince-de-Samsung-coute-400.png","keywords":["co\u00fbte","mince","moment","Samsung","t\u00e9l\u00e9phone"],"articleSection":["Technologie"],"inLanguage":"fr-BE"},{"@type":"WebPage","@id":"https:\/\/vieassociative.be\/actualites\/le-telephone-le-plus-mince-de-samsung-coute-400-en-ce-moment\/","url":"https:\/\/vieassociative.be\/actualites\/le-telephone-le-plus-mince-de-samsung-coute-400-en-ce-moment\/","name":"Le t\u00e9l\u00e9phone le plus mince de Samsung co\u00fbte 400 $ en ce moment | Vie Associative","isPartOf":{"@id":"https:\/\/vieassociative.be\/actualites\/#website"},"primaryImageOfPage":{"@id":"https:\/\/vieassociative.be\/actualites\/le-telephone-le-plus-mince-de-samsung-coute-400-en-ce-moment\/#primaryimage"},"image":{"@id":"https:\/\/vieassociative.be\/actualites\/le-telephone-le-plus-mince-de-samsung-coute-400-en-ce-moment\/#primaryimage"},"thumbnailUrl":"https:\/\/vieassociative.be\/actualites\/wp-content\/uploads\/2025\/09\/Le-telephone-le-plus-mince-de-Samsung-coute-400.png","datePublished":"2025-09-23T13:17:21+00:00","dateModified":"2025-09-23T13:17:21+00:00","breadcrumb":{"@id":"https:\/\/vieassociative.be\/actualites\/le-telephone-le-plus-mince-de-samsung-coute-400-en-ce-moment\/#breadcrumb"},"inLanguage":"fr-BE","potentialAction":[{"@type":"ReadAction","target":["https:\/\/vieassociative.be\/actualites\/le-telephone-le-plus-mince-de-samsung-coute-400-en-ce-moment\/"]}]},{"@type":"ImageObject","inLanguage":"fr-BE","@id":"https:\/\/vieassociative.be\/actualites\/le-telephone-le-plus-mince-de-samsung-coute-400-en-ce-moment\/#primaryimage","url":"https:\/\/vieassociative.be\/actualites\/wp-content\/uploads\/2025\/09\/Le-telephone-le-plus-mince-de-Samsung-coute-400.png","contentUrl":"https:\/\/vieassociative.be\/actualites\/wp-content\/uploads\/2025\/09\/Le-telephone-le-plus-mince-de-Samsung-coute-400.png","width":1200,"height":675,"caption":"Le t\u00e9l\u00e9phone le plus mince de Samsung co\u00fbte 400 $ en ce moment"},{"@type":"BreadcrumbList","@id":"https:\/\/vieassociative.be\/actualites\/le-telephone-le-plus-mince-de-samsung-coute-400-en-ce-moment\/#breadcrumb","itemListElement":[{"@type":"ListItem","position":1,"name":"Accueil","item":"https:\/\/vieassociative.be\/actualites\/"},{"@type":"ListItem","position":2,"name":"Le t\u00e9l\u00e9phone le plus mince de Samsung co\u00fbte 400 $ en ce moment"}]},{"@type":"WebSite","@id":"https:\/\/vieassociative.be\/actualites\/#website","url":"https:\/\/vieassociative.be\/actualites\/","name":"Vie Associative","description":"","publisher":{"@id":"https:\/\/vieassociative.be\/actualites\/#organization"},"potentialAction":[{"@type":"SearchAction","target":{"@type":"EntryPoint","urlTemplate":"https:\/\/vieassociative.be\/actualites\/?s={search_term_string}"},"query-input":{"@type":"PropertyValueSpecification","valueRequired":true,"valueName":"search_term_string"}}],"inLanguage":"fr-BE"},{"@type":"Organization","@id":"https:\/\/vieassociative.be\/actualites\/#organization","name":"Vie Associative","url":"https:\/\/vieassociative.be\/actualites\/","logo":{"@type":"ImageObject","inLanguage":"fr-BE","@id":"https:\/\/vieassociative.be\/actualites\/#\/schema\/logo\/image\/","url":"https:\/\/vieassociative.be\/actualites\/wp-content\/uploads\/2024\/09\/cropped-vieassociative_favicon.ico.png","contentUrl":"https:\/\/vieassociative.be\/actualites\/wp-content\/uploads\/2024\/09\/cropped-vieassociative_favicon.ico.png","width":512,"height":512,"caption":"Vie Associative"},"image":{"@id":"https:\/\/vieassociative.be\/actualites\/#\/schema\/logo\/image\/"}},{"@type":"Person","@id":"https:\/\/vieassociative.be\/actualites\/#\/schema\/person\/b87ac4f82f9d4e7b7cec7395b679edc4","name":"Julien","image":{"@type":"ImageObject","inLanguage":"fr-BE","@id":"https:\/\/vieassociative.be\/actualites\/#\/schema\/person\/image\/","url":"https:\/\/vieassociative.be\/actualites\/wp-content\/uploads\/2024\/09\/vie-associative-1-150x150.jpg","contentUrl":"https:\/\/vieassociative.be\/actualites\/wp-content\/uploads\/2024\/09\/vie-associative-1-150x150.jpg","caption":"Julien"},"description":"Je suis Julien, r\u00e9dacteur pour Vie Associative. Passionn\u00e9 par le monde associatif depuis plus de 10 ans, j'ai \u00e0 c\u0153ur de partager des histoires inspirantes et de mettre en lumi\u00e8re les initiatives locales. Mon objectif est de sensibiliser et d'encourager l'engagement communautaire \u00e0 travers mes articles.","sameAs":["https:\/\/vieassociative.be\/"]}]}},"_links":{"self":[{"href":"https:\/\/vieassociative.be\/actualites\/wp-json\/wp\/v2\/posts\/10201"}],"collection":[{"href":"https:\/\/vieassociative.be\/actualites\/wp-json\/wp\/v2\/posts"}],"about":[{"href":"https:\/\/vieassociative.be\/actualites\/wp-json\/wp\/v2\/types\/post"}],"author":[{"embeddable":true,"href":"https:\/\/vieassociative.be\/actualites\/wp-json\/wp\/v2\/users\/1"}],"replies":[{"embeddable":true,"href":"https:\/\/vieassociative.be\/actualites\/wp-json\/wp\/v2\/comments?post=10201"}],"version-history":[{"count":0,"href":"https:\/\/vieassociative.be\/actualites\/wp-json\/wp\/v2\/posts\/10201\/revisions"}],"wp:featuredmedia":[{"embeddable":true,"href":"https:\/\/vieassociative.be\/actualites\/wp-json\/wp\/v2\/media\/10202"}],"wp:attachment":[{"href":"https:\/\/vieassociative.be\/actualites\/wp-json\/wp\/v2\/media?parent=10201"}],"wp:term":[{"taxonomy":"category","embeddable":true,"href":"https:\/\/vieassociative.be\/actualites\/wp-json\/wp\/v2\/categories?post=10201"},{"taxonomy":"post_tag","embeddable":true,"href":"https:\/\/vieassociative.be\/actualites\/wp-json\/wp\/v2\/tags?post=10201"}],"curies":[{"name":"wp","href":"https:\/\/api.w.org\/{rel}","templated":true}]}}