{"id":10198,"date":"2025-09-23T10:17:32","date_gmt":"2025-09-23T08:17:32","guid":{"rendered":"https:\/\/vieassociative.be\/actualites\/le-roman-de-freddy-derahlt-the-lunch-demon-apparait-dans-lediteur-francais\/"},"modified":"2025-09-23T10:17:32","modified_gmt":"2025-09-23T08:17:32","slug":"le-roman-de-freddy-derahlt-the-lunch-demon-apparait-dans-lediteur-francais","status":"publish","type":"post","link":"https:\/\/vieassociative.be\/actualites\/le-roman-de-freddy-derahlt-the-lunch-demon-apparait-dans-lediteur-francais\/","title":{"rendered":"Le roman de Freddy Derahlt \u00ab\u00a0The Lunch Demon\u00a0\u00bb appara\u00eet dans l&rsquo;\u00e9diteur fran\u00e7ais"},"content":{"rendered":"<p><strong>L&rsquo;\u00e9diteur fran\u00e7ais Saint-L\u00e9ger Editions de Le Coudray (D\u00e9partement Maine-Et-Loire) a publi\u00e9 le premier roman \u00ab\u00a0The Lunch Demon\u00a0\u00bb de l&rsquo;\u00e9crivain oriental Belgien Freddy des \u00e9lections dans une version fran\u00e7aise ces jours-ci.<\/strong><\/p>\n<p><span id=\"more-425190\"><\/span>\u00c0 l&rsquo;origine, le livre d&rsquo;environ 200 pages en 1987 a \u00e9t\u00e9 publi\u00e9 dans Styria Verlag (Graz, Vienne) en Autriche et a \u00e9t\u00e9 pr\u00e9sent\u00e9 \u00e0 la foire internationale du livre \u00e0 Frankfurt. Le dernier laur\u00e9at du prix Nobel Heinrich B\u00f6ll (Cologne), qui a lu le manuscrit et l&rsquo;a recommand\u00e9 comme un \u00ab\u00a0contenu presque un peu mystique\u00a0\u00bb auparavant inconnu \u00ab\u00a0.<\/p>\n<p>Le critique litt\u00e9raire du journal hebdomadaire \u00ab\u00a0Rheinischer Merkur, Paul Konrad Kurz, a \u00e9crit que l&rsquo;\u00e9crivain oriental belge a \u00e9crit\u00a0\u00bb un grand roman catholique, bien qu&rsquo;un peu trop journalistique \u00ab\u00a0. \u00c0 l&rsquo;\u00e9poque, apr\u00e8s avoir travaill\u00e9 avec Heinrich Toussaint dans The Border Echo, un journaliste, un employ\u00e9 de The Grenzland-Report et, plus r\u00e9cemment, \u00e9diteur culturel dans le BRFE TRACHING EN BRF (Avz).<\/p>\n<div id=\"attachment_266790\" class=\"wp-caption alignleft\" style=\"max-width: 300px\"><img fetchpriority=\"high\" decoding=\"async\" class=\"wp-image-266790 size-medium\" src=\"https:\/\/vieassociative.be\/actualites\/wp-content\/uploads\/2025\/09\/Le-roman-de-Freddy-Derahlt-The-Lunch-Demon-apparait-dans.jpeg\" alt=\"\" width=\"300\" height=\"200\"  ><\/div>\n<p>L&rsquo;\u00e9diteur fran\u00e7ais a ressenti les paroles de B\u00f6ll et sa comparaison avec la \u00abRenouveau Catholique\u00bb, qui a eu une influence dans l&rsquo;histoire litt\u00e9raire fran\u00e7aise du 20e si\u00e8cle, m\u00eame apr\u00e8s pr\u00e8s de 40 ans. Il touche la zone de tension entre le d\u00e9sir et la spiritualit\u00e9; Cela s&rsquo;inscrit dans l&rsquo;\u00e9glise secou\u00e9e par les scandales mondiaux.<\/p>\n<p>Dans l&rsquo;avant-propos, le best-seller Anselm Gr\u00fcn a confirm\u00e9 cette vision des Fran\u00e7ais et, sous le titre de \u00ab\u00a0la lutte spirituelle\u00a0\u00bb, a d\u00e9clar\u00e9 le \u00ab\u00a0d\u00e9mon du d\u00e9jeuner\u00a0\u00bb comme \u00ab\u00a0non seulement une maladie monastique, mais aussi comme un ph\u00e9nom\u00e8ne de tentation que toutes les personnes truqu\u00e9\u00a0\u00bb. Le terme quelque peu myst\u00e9rieux vient de la litt\u00e9rature ancienne et surtout des \u00e9crits des moines chr\u00e9tiens et de l&rsquo;ermite du d\u00e9sert int\u00e9rieur de l&rsquo;\u00c9gypte aux 3e et 4e si\u00e8cles.<\/p>\n<p>La version fran\u00e7aise \u00ab\u00a0Le D\u00e9mon de Midi\u00a0\u00bb par les Romains jouant \u00e0 Li\u00e8ge et aux \u00c9tats-Unis vient du traducteur litt\u00e9raire Dominique Venard (Brissac-Carcassonne), qui \u00e9tait qualifi\u00e9 \u00e0 Cologne et Strasbourg. La r\u00e9vocation finale a \u00e9t\u00e9 r\u00e9alis\u00e9e par Harald Filbrich (Eupen) et le r\u00e9dacteur en chef de \u00ab\u00a0Krautgarten\u00a0\u00bb Bruno Kartheuser (St. Vith-Neundorf).<\/p>\n","protected":false},"excerpt":{"rendered":"<p>L&rsquo;\u00e9diteur fran\u00e7ais Saint-L\u00e9ger Editions de Le Coudray (D\u00e9partement Maine-Et-Loire) a publi\u00e9 le premier roman \u00ab\u00a0The Lunch Demon\u00a0\u00bb de l&rsquo;\u00e9crivain oriental Belgien Freddy des \u00e9lections dans<\/p>\n","protected":false},"author":1,"featured_media":10199,"comment_status":"","ping_status":"","sticky":false,"template":"","format":"standard","meta":{"footnotes":""},"categories":[298],"tags":[8641,166,8390,8640,3990,4912,4400,4860,3653],"class_list":["post-10198","post","type-post","status-publish","format-standard","has-post-thumbnail","hentry","category-belgique","tag-apparait","tag-dans","tag-demon","tag-derahlt","tag-francais","tag-freddy","tag-lediteur","tag-lunch","tag-roman","generate-columns","tablet-grid-50","mobile-grid-100","grid-parent","grid-33"],"yoast_head":"<!-- This site is optimized with the Yoast SEO plugin v24.0 - https:\/\/yoast.com\/wordpress\/plugins\/seo\/ -->\n<title>Le roman de Freddy Derahlt &quot;The Lunch Demon&quot; appara\u00eet dans l&#039;\u00e9diteur fran\u00e7ais | Vie Associative<\/title>\n<meta name=\"robots\" content=\"index, follow, max-snippet:-1, max-image-preview:large, max-video-preview:-1\" \/>\n<link rel=\"canonical\" href=\"https:\/\/vieassociative.be\/actualites\/le-roman-de-freddy-derahlt-the-lunch-demon-apparait-dans-lediteur-francais\/\" \/>\n<meta property=\"og:locale\" content=\"fr_FR\" \/>\n<meta property=\"og:type\" content=\"article\" \/>\n<meta property=\"og:title\" content=\"Le roman de Freddy Derahlt &quot;The Lunch Demon&quot; appara\u00eet dans l&#039;\u00e9diteur fran\u00e7ais | Vie Associative\" \/>\n<meta property=\"og:description\" content=\"L&rsquo;\u00e9diteur fran\u00e7ais Saint-L\u00e9ger Editions de Le Coudray (D\u00e9partement Maine-Et-Loire) a publi\u00e9 le premier roman \u00ab\u00a0The Lunch Demon\u00a0\u00bb de l&rsquo;\u00e9crivain oriental Belgien Freddy des \u00e9lections dans\" \/>\n<meta property=\"og:url\" content=\"https:\/\/vieassociative.be\/actualites\/le-roman-de-freddy-derahlt-the-lunch-demon-apparait-dans-lediteur-francais\/\" \/>\n<meta property=\"og:site_name\" content=\"Vie Associative\" \/>\n<meta property=\"article:published_time\" content=\"2025-09-23T08:17:32+00:00\" \/>\n<meta property=\"og:image\" content=\"https:\/\/vieassociative.be\/actualites\/wp-content\/uploads\/2024\/09\/header_backgroundk-01-e1726694325946.png\" \/>\n\t<meta property=\"og:image:width\" content=\"279\" \/>\n\t<meta property=\"og:image:height\" content=\"92\" \/>\n\t<meta property=\"og:image:type\" content=\"image\/png\" \/>\n<meta name=\"author\" content=\"Julien\" \/>\n<meta name=\"twitter:card\" content=\"summary_large_image\" \/>\n<meta name=\"twitter:label1\" content=\"\u00c9crit par\" \/>\n\t<meta name=\"twitter:data1\" content=\"Julien\" \/>\n\t<meta name=\"twitter:label2\" content=\"Dur\u00e9e de lecture est.\" \/>\n\t<meta name=\"twitter:data2\" content=\"2 minutes\" \/>\n<script type=\"application\/ld+json\" class=\"yoast-schema-graph\">{\"@context\":\"https:\/\/schema.org\",\"@graph\":[{\"@type\":\"Article\",\"@id\":\"https:\/\/vieassociative.be\/actualites\/le-roman-de-freddy-derahlt-the-lunch-demon-apparait-dans-lediteur-francais\/#article\",\"isPartOf\":{\"@id\":\"https:\/\/vieassociative.be\/actualites\/le-roman-de-freddy-derahlt-the-lunch-demon-apparait-dans-lediteur-francais\/\"},\"author\":{\"name\":\"Julien\",\"@id\":\"https:\/\/vieassociative.be\/actualites\/#\/schema\/person\/b87ac4f82f9d4e7b7cec7395b679edc4\"},\"headline\":\"Le roman de Freddy Derahlt \u00ab\u00a0The Lunch Demon\u00a0\u00bb appara\u00eet dans l&rsquo;\u00e9diteur fran\u00e7ais\",\"datePublished\":\"2025-09-23T08:17:32+00:00\",\"dateModified\":\"2025-09-23T08:17:32+00:00\",\"mainEntityOfPage\":{\"@id\":\"https:\/\/vieassociative.be\/actualites\/le-roman-de-freddy-derahlt-the-lunch-demon-apparait-dans-lediteur-francais\/\"},\"wordCount\":387,\"publisher\":{\"@id\":\"https:\/\/vieassociative.be\/actualites\/#organization\"},\"image\":{\"@id\":\"https:\/\/vieassociative.be\/actualites\/le-roman-de-freddy-derahlt-the-lunch-demon-apparait-dans-lediteur-francais\/#primaryimage\"},\"thumbnailUrl\":\"https:\/\/vieassociative.be\/actualites\/wp-content\/uploads\/2025\/09\/Le-roman-de-Freddy-Derahlt-The-Lunch-Demon-apparait-dans.jpg\",\"keywords\":[\"appara\u00eet\",\"dans\",\"d\u00e9mon\",\"Derahlt\",\"fran\u00e7ais\",\"Freddy\",\"L\u00c9DITEUR\",\"Lunch\",\"roman\"],\"articleSection\":[\"Belgique\"],\"inLanguage\":\"fr-BE\"},{\"@type\":\"WebPage\",\"@id\":\"https:\/\/vieassociative.be\/actualites\/le-roman-de-freddy-derahlt-the-lunch-demon-apparait-dans-lediteur-francais\/\",\"url\":\"https:\/\/vieassociative.be\/actualites\/le-roman-de-freddy-derahlt-the-lunch-demon-apparait-dans-lediteur-francais\/\",\"name\":\"Le roman de Freddy Derahlt \\\"The Lunch Demon\\\" appara\u00eet dans l'\u00e9diteur fran\u00e7ais | Vie Associative\",\"isPartOf\":{\"@id\":\"https:\/\/vieassociative.be\/actualites\/#website\"},\"primaryImageOfPage\":{\"@id\":\"https:\/\/vieassociative.be\/actualites\/le-roman-de-freddy-derahlt-the-lunch-demon-apparait-dans-lediteur-francais\/#primaryimage\"},\"image\":{\"@id\":\"https:\/\/vieassociative.be\/actualites\/le-roman-de-freddy-derahlt-the-lunch-demon-apparait-dans-lediteur-francais\/#primaryimage\"},\"thumbnailUrl\":\"https:\/\/vieassociative.be\/actualites\/wp-content\/uploads\/2025\/09\/Le-roman-de-Freddy-Derahlt-The-Lunch-Demon-apparait-dans.jpg\",\"datePublished\":\"2025-09-23T08:17:32+00:00\",\"dateModified\":\"2025-09-23T08:17:32+00:00\",\"breadcrumb\":{\"@id\":\"https:\/\/vieassociative.be\/actualites\/le-roman-de-freddy-derahlt-the-lunch-demon-apparait-dans-lediteur-francais\/#breadcrumb\"},\"inLanguage\":\"fr-BE\",\"potentialAction\":[{\"@type\":\"ReadAction\",\"target\":[\"https:\/\/vieassociative.be\/actualites\/le-roman-de-freddy-derahlt-the-lunch-demon-apparait-dans-lediteur-francais\/\"]}]},{\"@type\":\"ImageObject\",\"inLanguage\":\"fr-BE\",\"@id\":\"https:\/\/vieassociative.be\/actualites\/le-roman-de-freddy-derahlt-the-lunch-demon-apparait-dans-lediteur-francais\/#primaryimage\",\"url\":\"https:\/\/vieassociative.be\/actualites\/wp-content\/uploads\/2025\/09\/Le-roman-de-Freddy-Derahlt-The-Lunch-Demon-apparait-dans.jpg\",\"contentUrl\":\"https:\/\/vieassociative.be\/actualites\/wp-content\/uploads\/2025\/09\/Le-roman-de-Freddy-Derahlt-The-Lunch-Demon-apparait-dans.jpg\",\"width\":800,\"height\":1200,\"caption\":\"Le roman de Freddy Derahlt \\\"The Lunch Demon\\\" appara\u00eet dans l'\u00e9diteur fran\u00e7ais\"},{\"@type\":\"BreadcrumbList\",\"@id\":\"https:\/\/vieassociative.be\/actualites\/le-roman-de-freddy-derahlt-the-lunch-demon-apparait-dans-lediteur-francais\/#breadcrumb\",\"itemListElement\":[{\"@type\":\"ListItem\",\"position\":1,\"name\":\"Accueil\",\"item\":\"https:\/\/vieassociative.be\/actualites\/\"},{\"@type\":\"ListItem\",\"position\":2,\"name\":\"Le roman de Freddy Derahlt \u00ab\u00a0The Lunch Demon\u00a0\u00bb appara\u00eet dans l&rsquo;\u00e9diteur fran\u00e7ais\"}]},{\"@type\":\"WebSite\",\"@id\":\"https:\/\/vieassociative.be\/actualites\/#website\",\"url\":\"https:\/\/vieassociative.be\/actualites\/\",\"name\":\"Vie Associative\",\"description\":\"\",\"publisher\":{\"@id\":\"https:\/\/vieassociative.be\/actualites\/#organization\"},\"potentialAction\":[{\"@type\":\"SearchAction\",\"target\":{\"@type\":\"EntryPoint\",\"urlTemplate\":\"https:\/\/vieassociative.be\/actualites\/?s={search_term_string}\"},\"query-input\":{\"@type\":\"PropertyValueSpecification\",\"valueRequired\":true,\"valueName\":\"search_term_string\"}}],\"inLanguage\":\"fr-BE\"},{\"@type\":\"Organization\",\"@id\":\"https:\/\/vieassociative.be\/actualites\/#organization\",\"name\":\"Vie Associative\",\"url\":\"https:\/\/vieassociative.be\/actualites\/\",\"logo\":{\"@type\":\"ImageObject\",\"inLanguage\":\"fr-BE\",\"@id\":\"https:\/\/vieassociative.be\/actualites\/#\/schema\/logo\/image\/\",\"url\":\"https:\/\/vieassociative.be\/actualites\/wp-content\/uploads\/2024\/09\/cropped-vieassociative_favicon.ico.png\",\"contentUrl\":\"https:\/\/vieassociative.be\/actualites\/wp-content\/uploads\/2024\/09\/cropped-vieassociative_favicon.ico.png\",\"width\":512,\"height\":512,\"caption\":\"Vie Associative\"},\"image\":{\"@id\":\"https:\/\/vieassociative.be\/actualites\/#\/schema\/logo\/image\/\"}},{\"@type\":\"Person\",\"@id\":\"https:\/\/vieassociative.be\/actualites\/#\/schema\/person\/b87ac4f82f9d4e7b7cec7395b679edc4\",\"name\":\"Julien\",\"image\":{\"@type\":\"ImageObject\",\"inLanguage\":\"fr-BE\",\"@id\":\"https:\/\/vieassociative.be\/actualites\/#\/schema\/person\/image\/\",\"url\":\"https:\/\/vieassociative.be\/actualites\/wp-content\/uploads\/2024\/09\/vie-associative-1-150x150.jpg\",\"contentUrl\":\"https:\/\/vieassociative.be\/actualites\/wp-content\/uploads\/2024\/09\/vie-associative-1-150x150.jpg\",\"caption\":\"Julien\"},\"description\":\"Je suis Julien, r\u00e9dacteur pour Vie Associative. Passionn\u00e9 par le monde associatif depuis plus de 10 ans, j'ai \u00e0 c\u0153ur de partager des histoires inspirantes et de mettre en lumi\u00e8re les initiatives locales. Mon objectif est de sensibiliser et d'encourager l'engagement communautaire \u00e0 travers mes articles.\",\"sameAs\":[\"https:\/\/vieassociative.be\/\"]}]}<\/script>\n<!-- \/ Yoast SEO plugin. -->","yoast_head_json":{"title":"Le roman de Freddy Derahlt \"The Lunch Demon\" appara\u00eet dans l'\u00e9diteur fran\u00e7ais | Vie Associative","robots":{"index":"index","follow":"follow","max-snippet":"max-snippet:-1","max-image-preview":"max-image-preview:large","max-video-preview":"max-video-preview:-1"},"canonical":"https:\/\/vieassociative.be\/actualites\/le-roman-de-freddy-derahlt-the-lunch-demon-apparait-dans-lediteur-francais\/","og_locale":"fr_FR","og_type":"article","og_title":"Le roman de Freddy Derahlt \"The Lunch Demon\" appara\u00eet dans l'\u00e9diteur fran\u00e7ais | Vie Associative","og_description":"L&rsquo;\u00e9diteur fran\u00e7ais Saint-L\u00e9ger Editions de Le Coudray (D\u00e9partement Maine-Et-Loire) a publi\u00e9 le premier roman \u00ab\u00a0The Lunch Demon\u00a0\u00bb de l&rsquo;\u00e9crivain oriental Belgien Freddy des \u00e9lections dans","og_url":"https:\/\/vieassociative.be\/actualites\/le-roman-de-freddy-derahlt-the-lunch-demon-apparait-dans-lediteur-francais\/","og_site_name":"Vie Associative","article_published_time":"2025-09-23T08:17:32+00:00","og_image":[{"width":279,"height":92,"url":"https:\/\/vieassociative.be\/actualites\/wp-content\/uploads\/2024\/09\/header_backgroundk-01-e1726694325946.png","type":"image\/png"}],"author":"Julien","twitter_card":"summary_large_image","twitter_misc":{"\u00c9crit par":"Julien","Dur\u00e9e de lecture est.":"2 minutes"},"schema":{"@context":"https:\/\/schema.org","@graph":[{"@type":"Article","@id":"https:\/\/vieassociative.be\/actualites\/le-roman-de-freddy-derahlt-the-lunch-demon-apparait-dans-lediteur-francais\/#article","isPartOf":{"@id":"https:\/\/vieassociative.be\/actualites\/le-roman-de-freddy-derahlt-the-lunch-demon-apparait-dans-lediteur-francais\/"},"author":{"name":"Julien","@id":"https:\/\/vieassociative.be\/actualites\/#\/schema\/person\/b87ac4f82f9d4e7b7cec7395b679edc4"},"headline":"Le roman de Freddy Derahlt \u00ab\u00a0The Lunch Demon\u00a0\u00bb appara\u00eet dans l&rsquo;\u00e9diteur fran\u00e7ais","datePublished":"2025-09-23T08:17:32+00:00","dateModified":"2025-09-23T08:17:32+00:00","mainEntityOfPage":{"@id":"https:\/\/vieassociative.be\/actualites\/le-roman-de-freddy-derahlt-the-lunch-demon-apparait-dans-lediteur-francais\/"},"wordCount":387,"publisher":{"@id":"https:\/\/vieassociative.be\/actualites\/#organization"},"image":{"@id":"https:\/\/vieassociative.be\/actualites\/le-roman-de-freddy-derahlt-the-lunch-demon-apparait-dans-lediteur-francais\/#primaryimage"},"thumbnailUrl":"https:\/\/vieassociative.be\/actualites\/wp-content\/uploads\/2025\/09\/Le-roman-de-Freddy-Derahlt-The-Lunch-Demon-apparait-dans.jpg","keywords":["appara\u00eet","dans","d\u00e9mon","Derahlt","fran\u00e7ais","Freddy","L\u00c9DITEUR","Lunch","roman"],"articleSection":["Belgique"],"inLanguage":"fr-BE"},{"@type":"WebPage","@id":"https:\/\/vieassociative.be\/actualites\/le-roman-de-freddy-derahlt-the-lunch-demon-apparait-dans-lediteur-francais\/","url":"https:\/\/vieassociative.be\/actualites\/le-roman-de-freddy-derahlt-the-lunch-demon-apparait-dans-lediteur-francais\/","name":"Le roman de Freddy Derahlt \"The Lunch Demon\" appara\u00eet dans l'\u00e9diteur fran\u00e7ais | Vie Associative","isPartOf":{"@id":"https:\/\/vieassociative.be\/actualites\/#website"},"primaryImageOfPage":{"@id":"https:\/\/vieassociative.be\/actualites\/le-roman-de-freddy-derahlt-the-lunch-demon-apparait-dans-lediteur-francais\/#primaryimage"},"image":{"@id":"https:\/\/vieassociative.be\/actualites\/le-roman-de-freddy-derahlt-the-lunch-demon-apparait-dans-lediteur-francais\/#primaryimage"},"thumbnailUrl":"https:\/\/vieassociative.be\/actualites\/wp-content\/uploads\/2025\/09\/Le-roman-de-Freddy-Derahlt-The-Lunch-Demon-apparait-dans.jpg","datePublished":"2025-09-23T08:17:32+00:00","dateModified":"2025-09-23T08:17:32+00:00","breadcrumb":{"@id":"https:\/\/vieassociative.be\/actualites\/le-roman-de-freddy-derahlt-the-lunch-demon-apparait-dans-lediteur-francais\/#breadcrumb"},"inLanguage":"fr-BE","potentialAction":[{"@type":"ReadAction","target":["https:\/\/vieassociative.be\/actualites\/le-roman-de-freddy-derahlt-the-lunch-demon-apparait-dans-lediteur-francais\/"]}]},{"@type":"ImageObject","inLanguage":"fr-BE","@id":"https:\/\/vieassociative.be\/actualites\/le-roman-de-freddy-derahlt-the-lunch-demon-apparait-dans-lediteur-francais\/#primaryimage","url":"https:\/\/vieassociative.be\/actualites\/wp-content\/uploads\/2025\/09\/Le-roman-de-Freddy-Derahlt-The-Lunch-Demon-apparait-dans.jpg","contentUrl":"https:\/\/vieassociative.be\/actualites\/wp-content\/uploads\/2025\/09\/Le-roman-de-Freddy-Derahlt-The-Lunch-Demon-apparait-dans.jpg","width":800,"height":1200,"caption":"Le roman de Freddy Derahlt \"The Lunch Demon\" appara\u00eet dans l'\u00e9diteur fran\u00e7ais"},{"@type":"BreadcrumbList","@id":"https:\/\/vieassociative.be\/actualites\/le-roman-de-freddy-derahlt-the-lunch-demon-apparait-dans-lediteur-francais\/#breadcrumb","itemListElement":[{"@type":"ListItem","position":1,"name":"Accueil","item":"https:\/\/vieassociative.be\/actualites\/"},{"@type":"ListItem","position":2,"name":"Le roman de Freddy Derahlt \u00ab\u00a0The Lunch Demon\u00a0\u00bb appara\u00eet dans l&rsquo;\u00e9diteur fran\u00e7ais"}]},{"@type":"WebSite","@id":"https:\/\/vieassociative.be\/actualites\/#website","url":"https:\/\/vieassociative.be\/actualites\/","name":"Vie Associative","description":"","publisher":{"@id":"https:\/\/vieassociative.be\/actualites\/#organization"},"potentialAction":[{"@type":"SearchAction","target":{"@type":"EntryPoint","urlTemplate":"https:\/\/vieassociative.be\/actualites\/?s={search_term_string}"},"query-input":{"@type":"PropertyValueSpecification","valueRequired":true,"valueName":"search_term_string"}}],"inLanguage":"fr-BE"},{"@type":"Organization","@id":"https:\/\/vieassociative.be\/actualites\/#organization","name":"Vie Associative","url":"https:\/\/vieassociative.be\/actualites\/","logo":{"@type":"ImageObject","inLanguage":"fr-BE","@id":"https:\/\/vieassociative.be\/actualites\/#\/schema\/logo\/image\/","url":"https:\/\/vieassociative.be\/actualites\/wp-content\/uploads\/2024\/09\/cropped-vieassociative_favicon.ico.png","contentUrl":"https:\/\/vieassociative.be\/actualites\/wp-content\/uploads\/2024\/09\/cropped-vieassociative_favicon.ico.png","width":512,"height":512,"caption":"Vie Associative"},"image":{"@id":"https:\/\/vieassociative.be\/actualites\/#\/schema\/logo\/image\/"}},{"@type":"Person","@id":"https:\/\/vieassociative.be\/actualites\/#\/schema\/person\/b87ac4f82f9d4e7b7cec7395b679edc4","name":"Julien","image":{"@type":"ImageObject","inLanguage":"fr-BE","@id":"https:\/\/vieassociative.be\/actualites\/#\/schema\/person\/image\/","url":"https:\/\/vieassociative.be\/actualites\/wp-content\/uploads\/2024\/09\/vie-associative-1-150x150.jpg","contentUrl":"https:\/\/vieassociative.be\/actualites\/wp-content\/uploads\/2024\/09\/vie-associative-1-150x150.jpg","caption":"Julien"},"description":"Je suis Julien, r\u00e9dacteur pour Vie Associative. Passionn\u00e9 par le monde associatif depuis plus de 10 ans, j'ai \u00e0 c\u0153ur de partager des histoires inspirantes et de mettre en lumi\u00e8re les initiatives locales. Mon objectif est de sensibiliser et d'encourager l'engagement communautaire \u00e0 travers mes articles.","sameAs":["https:\/\/vieassociative.be\/"]}]}},"_links":{"self":[{"href":"https:\/\/vieassociative.be\/actualites\/wp-json\/wp\/v2\/posts\/10198"}],"collection":[{"href":"https:\/\/vieassociative.be\/actualites\/wp-json\/wp\/v2\/posts"}],"about":[{"href":"https:\/\/vieassociative.be\/actualites\/wp-json\/wp\/v2\/types\/post"}],"author":[{"embeddable":true,"href":"https:\/\/vieassociative.be\/actualites\/wp-json\/wp\/v2\/users\/1"}],"replies":[{"embeddable":true,"href":"https:\/\/vieassociative.be\/actualites\/wp-json\/wp\/v2\/comments?post=10198"}],"version-history":[{"count":0,"href":"https:\/\/vieassociative.be\/actualites\/wp-json\/wp\/v2\/posts\/10198\/revisions"}],"wp:featuredmedia":[{"embeddable":true,"href":"https:\/\/vieassociative.be\/actualites\/wp-json\/wp\/v2\/media\/10199"}],"wp:attachment":[{"href":"https:\/\/vieassociative.be\/actualites\/wp-json\/wp\/v2\/media?parent=10198"}],"wp:term":[{"taxonomy":"category","embeddable":true,"href":"https:\/\/vieassociative.be\/actualites\/wp-json\/wp\/v2\/categories?post=10198"},{"taxonomy":"post_tag","embeddable":true,"href":"https:\/\/vieassociative.be\/actualites\/wp-json\/wp\/v2\/tags?post=10198"}],"curies":[{"name":"wp","href":"https:\/\/api.w.org\/{rel}","templated":true}]}}