{"id":10192,"date":"2025-09-23T04:18:01","date_gmt":"2025-09-23T02:18:01","guid":{"rendered":"https:\/\/vieassociative.be\/actualites\/rafences-apres-le-match-de-championnat-as-eupen-contre-eisden-quatre-policiers-blesses\/"},"modified":"2025-09-23T04:18:01","modified_gmt":"2025-09-23T02:18:01","slug":"rafences-apres-le-match-de-championnat-as-eupen-contre-eisden-quatre-policiers-blesses","status":"publish","type":"post","link":"https:\/\/vieassociative.be\/actualites\/rafences-apres-le-match-de-championnat-as-eupen-contre-eisden-quatre-policiers-blesses\/","title":{"rendered":"Rafences apr\u00e8s le match de championnat AS Eupen contre Eisden &#8211; quatre policiers bless\u00e9s"},"content":{"rendered":"<p><strong>Samedi, apr\u00e8s le match de championnat AS Eupen contre Patro Eisden, il y a eu des \u00e9meutes importantes dans le parking invit\u00e9 du stade Kehrweg.<\/strong><\/p>\n<p><span id=\"more-425157\"><\/span>Comme le rapporte la zone de police de Weser-G\u00f6hl lundi, plusieurs groupes de p\u00eache du Patro Eisden Guest Club ont eu une discussion physique. Dans le cours plus approfondi, les objets pyrotechniques ont \u00e9t\u00e9 enflamm\u00e9s. Il y a eu des attaques cibl\u00e9es sur les forces de police utilis\u00e9es.<\/p>\n<p>Dans le m\u00eame temps, plusieurs fans de l&rsquo;AS Eupen, soutenu par une vingtaine de partisans d&rsquo;Alemannia Aachen, ont tent\u00e9 de p\u00e9n\u00e9trer les invit\u00e9s. Ce faisant, ils ont r\u00e9sist\u00e9 aux forces de police qui voulaient emp\u00eacher une nouvelle escalade.<\/p>\n<p>La police a pu contr\u00f4ler la situation apr\u00e8s un certain temps. Quatre policiers ont \u00e9t\u00e9 l\u00e9g\u00e8rement bless\u00e9s.<\/p>\n<p>Selon la police, l&rsquo;\u00e9valuation des enregistrements vid\u00e9o des cam\u00e9ras de s\u00e9curit\u00e9 est toujours en cours. L&rsquo;identification et l&rsquo;exploitation foresti\u00e8re des personnes impliqu\u00e9es auront lieu rapidement. (Cre)<\/p>\n","protected":false},"excerpt":{"rendered":"<p>Samedi, apr\u00e8s le match de championnat AS Eupen contre Patro Eisden, il y a eu des \u00e9meutes importantes dans le parking invit\u00e9 du stade Kehrweg.<\/p>\n","protected":false},"author":1,"featured_media":1939,"comment_status":"","ping_status":"","sticky":false,"template":"","format":"standard","meta":{"footnotes":""},"categories":[298],"tags":[472,2915,4054,796,3043,2329,2685,8638,1435,8637],"class_list":["post-10192","post","type-post","status-publish","format-standard","has-post-thumbnail","hentry","category-belgique","tag-apres","tag-blesses","tag-championnat","tag-contre","tag-eisden","tag-eupen","tag-match","tag-policiers","tag-quatre","tag-rafences","generate-columns","tablet-grid-50","mobile-grid-100","grid-parent","grid-33"],"yoast_head":"<!-- This site is optimized with the Yoast SEO plugin v24.0 - https:\/\/yoast.com\/wordpress\/plugins\/seo\/ -->\n<title>Rafences apr\u00e8s le match de championnat AS Eupen contre Eisden - quatre policiers bless\u00e9s | Vie Associative<\/title>\n<meta name=\"robots\" content=\"index, follow, max-snippet:-1, max-image-preview:large, max-video-preview:-1\" \/>\n<link rel=\"canonical\" href=\"https:\/\/vieassociative.be\/actualites\/rafences-apres-le-match-de-championnat-as-eupen-contre-eisden-quatre-policiers-blesses\/\" \/>\n<meta property=\"og:locale\" content=\"fr_FR\" \/>\n<meta property=\"og:type\" content=\"article\" \/>\n<meta property=\"og:title\" content=\"Rafences apr\u00e8s le match de championnat AS Eupen contre Eisden - quatre policiers bless\u00e9s | Vie Associative\" \/>\n<meta property=\"og:description\" content=\"Samedi, apr\u00e8s le match de championnat AS Eupen contre Patro Eisden, il y a eu des \u00e9meutes importantes dans le parking invit\u00e9 du stade Kehrweg.\" \/>\n<meta property=\"og:url\" content=\"https:\/\/vieassociative.be\/actualites\/rafences-apres-le-match-de-championnat-as-eupen-contre-eisden-quatre-policiers-blesses\/\" \/>\n<meta property=\"og:site_name\" content=\"Vie Associative\" \/>\n<meta property=\"article:published_time\" content=\"2025-09-23T02:18:01+00:00\" \/>\n<meta property=\"og:image\" content=\"https:\/\/vieassociative.be\/actualites\/wp-content\/uploads\/2024\/09\/header_backgroundk-01-e1726694325946.png\" \/>\n\t<meta property=\"og:image:width\" content=\"279\" \/>\n\t<meta property=\"og:image:height\" content=\"92\" \/>\n\t<meta property=\"og:image:type\" content=\"image\/png\" \/>\n<meta name=\"author\" content=\"Julien\" \/>\n<meta name=\"twitter:card\" content=\"summary_large_image\" \/>\n<meta name=\"twitter:label1\" content=\"\u00c9crit par\" \/>\n\t<meta name=\"twitter:data1\" content=\"Julien\" \/>\n\t<meta name=\"twitter:label2\" content=\"Dur\u00e9e de lecture est.\" \/>\n\t<meta name=\"twitter:data2\" content=\"1 minute\" \/>\n<script type=\"application\/ld+json\" class=\"yoast-schema-graph\">{\"@context\":\"https:\/\/schema.org\",\"@graph\":[{\"@type\":\"Article\",\"@id\":\"https:\/\/vieassociative.be\/actualites\/rafences-apres-le-match-de-championnat-as-eupen-contre-eisden-quatre-policiers-blesses\/#article\",\"isPartOf\":{\"@id\":\"https:\/\/vieassociative.be\/actualites\/rafences-apres-le-match-de-championnat-as-eupen-contre-eisden-quatre-policiers-blesses\/\"},\"author\":{\"name\":\"Julien\",\"@id\":\"https:\/\/vieassociative.be\/actualites\/#\/schema\/person\/b87ac4f82f9d4e7b7cec7395b679edc4\"},\"headline\":\"Rafences apr\u00e8s le match de championnat AS Eupen contre Eisden &#8211; quatre policiers bless\u00e9s\",\"datePublished\":\"2025-09-23T02:18:01+00:00\",\"dateModified\":\"2025-09-23T02:18:01+00:00\",\"mainEntityOfPage\":{\"@id\":\"https:\/\/vieassociative.be\/actualites\/rafences-apres-le-match-de-championnat-as-eupen-contre-eisden-quatre-policiers-blesses\/\"},\"wordCount\":197,\"publisher\":{\"@id\":\"https:\/\/vieassociative.be\/actualites\/#organization\"},\"image\":{\"@id\":\"https:\/\/vieassociative.be\/actualites\/rafences-apres-le-match-de-championnat-as-eupen-contre-eisden-quatre-policiers-blesses\/#primaryimage\"},\"thumbnailUrl\":\"https:\/\/vieassociative.be\/actualites\/wp-content\/uploads\/2024\/11\/Raeren-Le-conducteur-tombe-dans-un-micro-sommeil-a-midi.jpeg\",\"keywords\":[\"Apr\u00e8s\",\"bless\u00e9s\",\"Championnat\",\"contre\",\"Eisden\",\"Eupen\",\"match\",\"policiers\",\"Quatre\",\"Rafences\"],\"articleSection\":[\"Belgique\"],\"inLanguage\":\"fr-BE\"},{\"@type\":\"WebPage\",\"@id\":\"https:\/\/vieassociative.be\/actualites\/rafences-apres-le-match-de-championnat-as-eupen-contre-eisden-quatre-policiers-blesses\/\",\"url\":\"https:\/\/vieassociative.be\/actualites\/rafences-apres-le-match-de-championnat-as-eupen-contre-eisden-quatre-policiers-blesses\/\",\"name\":\"Rafences apr\u00e8s le match de championnat AS Eupen contre Eisden - quatre policiers bless\u00e9s | Vie Associative\",\"isPartOf\":{\"@id\":\"https:\/\/vieassociative.be\/actualites\/#website\"},\"primaryImageOfPage\":{\"@id\":\"https:\/\/vieassociative.be\/actualites\/rafences-apres-le-match-de-championnat-as-eupen-contre-eisden-quatre-policiers-blesses\/#primaryimage\"},\"image\":{\"@id\":\"https:\/\/vieassociative.be\/actualites\/rafences-apres-le-match-de-championnat-as-eupen-contre-eisden-quatre-policiers-blesses\/#primaryimage\"},\"thumbnailUrl\":\"https:\/\/vieassociative.be\/actualites\/wp-content\/uploads\/2024\/11\/Raeren-Le-conducteur-tombe-dans-un-micro-sommeil-a-midi.jpeg\",\"datePublished\":\"2025-09-23T02:18:01+00:00\",\"dateModified\":\"2025-09-23T02:18:01+00:00\",\"breadcrumb\":{\"@id\":\"https:\/\/vieassociative.be\/actualites\/rafences-apres-le-match-de-championnat-as-eupen-contre-eisden-quatre-policiers-blesses\/#breadcrumb\"},\"inLanguage\":\"fr-BE\",\"potentialAction\":[{\"@type\":\"ReadAction\",\"target\":[\"https:\/\/vieassociative.be\/actualites\/rafences-apres-le-match-de-championnat-as-eupen-contre-eisden-quatre-policiers-blesses\/\"]}]},{\"@type\":\"ImageObject\",\"inLanguage\":\"fr-BE\",\"@id\":\"https:\/\/vieassociative.be\/actualites\/rafences-apres-le-match-de-championnat-as-eupen-contre-eisden-quatre-policiers-blesses\/#primaryimage\",\"url\":\"https:\/\/vieassociative.be\/actualites\/wp-content\/uploads\/2024\/11\/Raeren-Le-conducteur-tombe-dans-un-micro-sommeil-a-midi.jpeg\",\"contentUrl\":\"https:\/\/vieassociative.be\/actualites\/wp-content\/uploads\/2024\/11\/Raeren-Le-conducteur-tombe-dans-un-micro-sommeil-a-midi.jpeg\",\"width\":1200,\"height\":800,\"caption\":\"Raeren : Le conducteur tombe dans un micro-sommeil \u00e0 midi\"},{\"@type\":\"BreadcrumbList\",\"@id\":\"https:\/\/vieassociative.be\/actualites\/rafences-apres-le-match-de-championnat-as-eupen-contre-eisden-quatre-policiers-blesses\/#breadcrumb\",\"itemListElement\":[{\"@type\":\"ListItem\",\"position\":1,\"name\":\"Accueil\",\"item\":\"https:\/\/vieassociative.be\/actualites\/\"},{\"@type\":\"ListItem\",\"position\":2,\"name\":\"Rafences apr\u00e8s le match de championnat AS Eupen contre Eisden &#8211; quatre policiers bless\u00e9s\"}]},{\"@type\":\"WebSite\",\"@id\":\"https:\/\/vieassociative.be\/actualites\/#website\",\"url\":\"https:\/\/vieassociative.be\/actualites\/\",\"name\":\"Vie Associative\",\"description\":\"\",\"publisher\":{\"@id\":\"https:\/\/vieassociative.be\/actualites\/#organization\"},\"potentialAction\":[{\"@type\":\"SearchAction\",\"target\":{\"@type\":\"EntryPoint\",\"urlTemplate\":\"https:\/\/vieassociative.be\/actualites\/?s={search_term_string}\"},\"query-input\":{\"@type\":\"PropertyValueSpecification\",\"valueRequired\":true,\"valueName\":\"search_term_string\"}}],\"inLanguage\":\"fr-BE\"},{\"@type\":\"Organization\",\"@id\":\"https:\/\/vieassociative.be\/actualites\/#organization\",\"name\":\"Vie Associative\",\"url\":\"https:\/\/vieassociative.be\/actualites\/\",\"logo\":{\"@type\":\"ImageObject\",\"inLanguage\":\"fr-BE\",\"@id\":\"https:\/\/vieassociative.be\/actualites\/#\/schema\/logo\/image\/\",\"url\":\"https:\/\/vieassociative.be\/actualites\/wp-content\/uploads\/2024\/09\/cropped-vieassociative_favicon.ico.png\",\"contentUrl\":\"https:\/\/vieassociative.be\/actualites\/wp-content\/uploads\/2024\/09\/cropped-vieassociative_favicon.ico.png\",\"width\":512,\"height\":512,\"caption\":\"Vie Associative\"},\"image\":{\"@id\":\"https:\/\/vieassociative.be\/actualites\/#\/schema\/logo\/image\/\"}},{\"@type\":\"Person\",\"@id\":\"https:\/\/vieassociative.be\/actualites\/#\/schema\/person\/b87ac4f82f9d4e7b7cec7395b679edc4\",\"name\":\"Julien\",\"image\":{\"@type\":\"ImageObject\",\"inLanguage\":\"fr-BE\",\"@id\":\"https:\/\/vieassociative.be\/actualites\/#\/schema\/person\/image\/\",\"url\":\"https:\/\/vieassociative.be\/actualites\/wp-content\/uploads\/2024\/09\/vie-associative-1-150x150.jpg\",\"contentUrl\":\"https:\/\/vieassociative.be\/actualites\/wp-content\/uploads\/2024\/09\/vie-associative-1-150x150.jpg\",\"caption\":\"Julien\"},\"description\":\"Je suis Julien, r\u00e9dacteur pour Vie Associative. Passionn\u00e9 par le monde associatif depuis plus de 10 ans, j'ai \u00e0 c\u0153ur de partager des histoires inspirantes et de mettre en lumi\u00e8re les initiatives locales. Mon objectif est de sensibiliser et d'encourager l'engagement communautaire \u00e0 travers mes articles.\",\"sameAs\":[\"https:\/\/vieassociative.be\/\"]}]}<\/script>\n<!-- \/ Yoast SEO plugin. -->","yoast_head_json":{"title":"Rafences apr\u00e8s le match de championnat AS Eupen contre Eisden - quatre policiers bless\u00e9s | Vie Associative","robots":{"index":"index","follow":"follow","max-snippet":"max-snippet:-1","max-image-preview":"max-image-preview:large","max-video-preview":"max-video-preview:-1"},"canonical":"https:\/\/vieassociative.be\/actualites\/rafences-apres-le-match-de-championnat-as-eupen-contre-eisden-quatre-policiers-blesses\/","og_locale":"fr_FR","og_type":"article","og_title":"Rafences apr\u00e8s le match de championnat AS Eupen contre Eisden - quatre policiers bless\u00e9s | Vie Associative","og_description":"Samedi, apr\u00e8s le match de championnat AS Eupen contre Patro Eisden, il y a eu des \u00e9meutes importantes dans le parking invit\u00e9 du stade Kehrweg.","og_url":"https:\/\/vieassociative.be\/actualites\/rafences-apres-le-match-de-championnat-as-eupen-contre-eisden-quatre-policiers-blesses\/","og_site_name":"Vie Associative","article_published_time":"2025-09-23T02:18:01+00:00","og_image":[{"width":279,"height":92,"url":"https:\/\/vieassociative.be\/actualites\/wp-content\/uploads\/2024\/09\/header_backgroundk-01-e1726694325946.png","type":"image\/png"}],"author":"Julien","twitter_card":"summary_large_image","twitter_misc":{"\u00c9crit par":"Julien","Dur\u00e9e de lecture est.":"1 minute"},"schema":{"@context":"https:\/\/schema.org","@graph":[{"@type":"Article","@id":"https:\/\/vieassociative.be\/actualites\/rafences-apres-le-match-de-championnat-as-eupen-contre-eisden-quatre-policiers-blesses\/#article","isPartOf":{"@id":"https:\/\/vieassociative.be\/actualites\/rafences-apres-le-match-de-championnat-as-eupen-contre-eisden-quatre-policiers-blesses\/"},"author":{"name":"Julien","@id":"https:\/\/vieassociative.be\/actualites\/#\/schema\/person\/b87ac4f82f9d4e7b7cec7395b679edc4"},"headline":"Rafences apr\u00e8s le match de championnat AS Eupen contre Eisden &#8211; quatre policiers bless\u00e9s","datePublished":"2025-09-23T02:18:01+00:00","dateModified":"2025-09-23T02:18:01+00:00","mainEntityOfPage":{"@id":"https:\/\/vieassociative.be\/actualites\/rafences-apres-le-match-de-championnat-as-eupen-contre-eisden-quatre-policiers-blesses\/"},"wordCount":197,"publisher":{"@id":"https:\/\/vieassociative.be\/actualites\/#organization"},"image":{"@id":"https:\/\/vieassociative.be\/actualites\/rafences-apres-le-match-de-championnat-as-eupen-contre-eisden-quatre-policiers-blesses\/#primaryimage"},"thumbnailUrl":"https:\/\/vieassociative.be\/actualites\/wp-content\/uploads\/2024\/11\/Raeren-Le-conducteur-tombe-dans-un-micro-sommeil-a-midi.jpeg","keywords":["Apr\u00e8s","bless\u00e9s","Championnat","contre","Eisden","Eupen","match","policiers","Quatre","Rafences"],"articleSection":["Belgique"],"inLanguage":"fr-BE"},{"@type":"WebPage","@id":"https:\/\/vieassociative.be\/actualites\/rafences-apres-le-match-de-championnat-as-eupen-contre-eisden-quatre-policiers-blesses\/","url":"https:\/\/vieassociative.be\/actualites\/rafences-apres-le-match-de-championnat-as-eupen-contre-eisden-quatre-policiers-blesses\/","name":"Rafences apr\u00e8s le match de championnat AS Eupen contre Eisden - quatre policiers bless\u00e9s | Vie Associative","isPartOf":{"@id":"https:\/\/vieassociative.be\/actualites\/#website"},"primaryImageOfPage":{"@id":"https:\/\/vieassociative.be\/actualites\/rafences-apres-le-match-de-championnat-as-eupen-contre-eisden-quatre-policiers-blesses\/#primaryimage"},"image":{"@id":"https:\/\/vieassociative.be\/actualites\/rafences-apres-le-match-de-championnat-as-eupen-contre-eisden-quatre-policiers-blesses\/#primaryimage"},"thumbnailUrl":"https:\/\/vieassociative.be\/actualites\/wp-content\/uploads\/2024\/11\/Raeren-Le-conducteur-tombe-dans-un-micro-sommeil-a-midi.jpeg","datePublished":"2025-09-23T02:18:01+00:00","dateModified":"2025-09-23T02:18:01+00:00","breadcrumb":{"@id":"https:\/\/vieassociative.be\/actualites\/rafences-apres-le-match-de-championnat-as-eupen-contre-eisden-quatre-policiers-blesses\/#breadcrumb"},"inLanguage":"fr-BE","potentialAction":[{"@type":"ReadAction","target":["https:\/\/vieassociative.be\/actualites\/rafences-apres-le-match-de-championnat-as-eupen-contre-eisden-quatre-policiers-blesses\/"]}]},{"@type":"ImageObject","inLanguage":"fr-BE","@id":"https:\/\/vieassociative.be\/actualites\/rafences-apres-le-match-de-championnat-as-eupen-contre-eisden-quatre-policiers-blesses\/#primaryimage","url":"https:\/\/vieassociative.be\/actualites\/wp-content\/uploads\/2024\/11\/Raeren-Le-conducteur-tombe-dans-un-micro-sommeil-a-midi.jpeg","contentUrl":"https:\/\/vieassociative.be\/actualites\/wp-content\/uploads\/2024\/11\/Raeren-Le-conducteur-tombe-dans-un-micro-sommeil-a-midi.jpeg","width":1200,"height":800,"caption":"Raeren : Le conducteur tombe dans un micro-sommeil \u00e0 midi"},{"@type":"BreadcrumbList","@id":"https:\/\/vieassociative.be\/actualites\/rafences-apres-le-match-de-championnat-as-eupen-contre-eisden-quatre-policiers-blesses\/#breadcrumb","itemListElement":[{"@type":"ListItem","position":1,"name":"Accueil","item":"https:\/\/vieassociative.be\/actualites\/"},{"@type":"ListItem","position":2,"name":"Rafences apr\u00e8s le match de championnat AS Eupen contre Eisden &#8211; quatre policiers bless\u00e9s"}]},{"@type":"WebSite","@id":"https:\/\/vieassociative.be\/actualites\/#website","url":"https:\/\/vieassociative.be\/actualites\/","name":"Vie Associative","description":"","publisher":{"@id":"https:\/\/vieassociative.be\/actualites\/#organization"},"potentialAction":[{"@type":"SearchAction","target":{"@type":"EntryPoint","urlTemplate":"https:\/\/vieassociative.be\/actualites\/?s={search_term_string}"},"query-input":{"@type":"PropertyValueSpecification","valueRequired":true,"valueName":"search_term_string"}}],"inLanguage":"fr-BE"},{"@type":"Organization","@id":"https:\/\/vieassociative.be\/actualites\/#organization","name":"Vie Associative","url":"https:\/\/vieassociative.be\/actualites\/","logo":{"@type":"ImageObject","inLanguage":"fr-BE","@id":"https:\/\/vieassociative.be\/actualites\/#\/schema\/logo\/image\/","url":"https:\/\/vieassociative.be\/actualites\/wp-content\/uploads\/2024\/09\/cropped-vieassociative_favicon.ico.png","contentUrl":"https:\/\/vieassociative.be\/actualites\/wp-content\/uploads\/2024\/09\/cropped-vieassociative_favicon.ico.png","width":512,"height":512,"caption":"Vie Associative"},"image":{"@id":"https:\/\/vieassociative.be\/actualites\/#\/schema\/logo\/image\/"}},{"@type":"Person","@id":"https:\/\/vieassociative.be\/actualites\/#\/schema\/person\/b87ac4f82f9d4e7b7cec7395b679edc4","name":"Julien","image":{"@type":"ImageObject","inLanguage":"fr-BE","@id":"https:\/\/vieassociative.be\/actualites\/#\/schema\/person\/image\/","url":"https:\/\/vieassociative.be\/actualites\/wp-content\/uploads\/2024\/09\/vie-associative-1-150x150.jpg","contentUrl":"https:\/\/vieassociative.be\/actualites\/wp-content\/uploads\/2024\/09\/vie-associative-1-150x150.jpg","caption":"Julien"},"description":"Je suis Julien, r\u00e9dacteur pour Vie Associative. Passionn\u00e9 par le monde associatif depuis plus de 10 ans, j'ai \u00e0 c\u0153ur de partager des histoires inspirantes et de mettre en lumi\u00e8re les initiatives locales. Mon objectif est de sensibiliser et d'encourager l'engagement communautaire \u00e0 travers mes articles.","sameAs":["https:\/\/vieassociative.be\/"]}]}},"_links":{"self":[{"href":"https:\/\/vieassociative.be\/actualites\/wp-json\/wp\/v2\/posts\/10192"}],"collection":[{"href":"https:\/\/vieassociative.be\/actualites\/wp-json\/wp\/v2\/posts"}],"about":[{"href":"https:\/\/vieassociative.be\/actualites\/wp-json\/wp\/v2\/types\/post"}],"author":[{"embeddable":true,"href":"https:\/\/vieassociative.be\/actualites\/wp-json\/wp\/v2\/users\/1"}],"replies":[{"embeddable":true,"href":"https:\/\/vieassociative.be\/actualites\/wp-json\/wp\/v2\/comments?post=10192"}],"version-history":[{"count":0,"href":"https:\/\/vieassociative.be\/actualites\/wp-json\/wp\/v2\/posts\/10192\/revisions"}],"wp:featuredmedia":[{"embeddable":true,"href":"https:\/\/vieassociative.be\/actualites\/wp-json\/wp\/v2\/media\/1939"}],"wp:attachment":[{"href":"https:\/\/vieassociative.be\/actualites\/wp-json\/wp\/v2\/media?parent=10192"}],"wp:term":[{"taxonomy":"category","embeddable":true,"href":"https:\/\/vieassociative.be\/actualites\/wp-json\/wp\/v2\/categories?post=10192"},{"taxonomy":"post_tag","embeddable":true,"href":"https:\/\/vieassociative.be\/actualites\/wp-json\/wp\/v2\/tags?post=10192"}],"curies":[{"name":"wp","href":"https:\/\/api.w.org\/{rel}","templated":true}]}}