{"id":10190,"date":"2025-09-23T03:20:11","date_gmt":"2025-09-23T01:20:11","guid":{"rendered":"https:\/\/vieassociative.be\/actualites\/ce-onn-10-1-android-14-tablet-est-en-vente-pour-seulement-80-en-ce-moment\/"},"modified":"2025-09-23T03:20:11","modified_gmt":"2025-09-23T01:20:11","slug":"ce-onn-10-1-android-14-tablet-est-en-vente-pour-seulement-80-en-ce-moment","status":"publish","type":"post","link":"https:\/\/vieassociative.be\/actualites\/ce-onn-10-1-android-14-tablet-est-en-vente-pour-seulement-80-en-ce-moment\/","title":{"rendered":"Ce onn 10.1&quot; Android 14 Tablet est en vente pour seulement 80 $ en ce moment"},"content":{"rendered":"<div class=\"mt-4 leading-6 md:mb-8\">Si vous cherchez quelque chose de durable, moderne et peu co\u00fbteux, l&rsquo;ONN. 10.1 \u00ab\u00a0La tablette Android 14 v\u00e9rifie ces cases.<\/div>\n<p><\/p>\n<p>L&rsquo;Onn. 10.1 \u00ab\u00a0La tablette Android 14 est en vente pour 79,99 $ sur StackSocial en ce moment dans le cadre d&rsquo;une offre ouverte. Dans ce cas, la\u00a0\u00bb bo\u00eete ouverte \u00ab\u00a0signifie g\u00e9n\u00e9ralement que c&rsquo;est un actions restantes ou un retour en magasin, donc bien que l&#8217;emballage ne soit pas parfait, l&rsquo;appareil lui-m\u00eame est test\u00e9, dans un \u00e9tat nouvel, et est livr\u00e9 avec une garantie d&rsquo;un an. Besoin de souscriptions ou de modules compl\u00e9mentaires cach\u00e9s.<\/p>\n<p>La tablette ex\u00e9cute Android 14 d\u00e8s la sortie de la bo\u00eete, ce qui signifie que vous obtenez la derni\u00e8re interface et les fonctionnalit\u00e9s sans attendre que les mises \u00e0 jour se d\u00e9roulent. L&rsquo;\u00e9cran est suffisamment brillant pour regarder des \u00e9missions, des jeux d\u00e9contract\u00e9s ou un d\u00e9filement, et le processeur octa-core \u00e0 2 GHz avec 3 Go de RAM g\u00e8re le multit\u00e2che quotidiennement bien. Le stockage est limit\u00e9 \u00e0 32 Go, mais un emplacement microSD signifie que vous pouvez ajouter plus d&rsquo;espace si n\u00e9cessaire. Vous ne confonderez pas les cam\u00e9ras (un avant 2MP et l&rsquo;arri\u00e8re 5MP) pour ceux sur un t\u00e9l\u00e9phone, mais ils sont utilisables pour des appels vid\u00e9o ou un instantan\u00e9 occasionnel. O\u00f9 l&rsquo;appareil prend de l&rsquo;avant sur les autres tablettes \u00e0 faible co\u00fbt est sa dur\u00e9e de vie de la batterie: jusqu&rsquo;\u00e0 17 heures (selon le fabricant), ce qui est suffisant pour passer une journ\u00e9e compl\u00e8te sans serrer un chargeur.<\/p>\n<p>Il se penche \u00e9galement fortement pour \u00eatre adapt\u00e9 aux familles. Google Kids Space et YouTube Kids sont int\u00e9gr\u00e9s, donnant aux parents une certaine tranquillit\u00e9 d&rsquo;esprit avec du contenu organis\u00e9, et Play Protect ajoute une autre couche de s\u00e9curit\u00e9 en parcourant des logiciels malveillants dans les applications. Des fonctionnalit\u00e9s comme GPS et Google Assistant en font \u00e9galement un compagnon de voyage pratique, m\u00eame s&rsquo;il ne remplace pas une tablette haut de gamme. Le plus grand compromis est la performance &#8211; ce n&rsquo;est pas une centrale \u00e9lectrique, et les applications plus lourdes testeront ses limites, mais en tant qu&rsquo;appareil l\u00e9ger et abordable pour le streaming, la navigation et le divertissement des enfants, il fait bien son travail.<\/p>\n","protected":false},"excerpt":{"rendered":"<p>Si vous cherchez quelque chose de durable, moderne et peu co\u00fbteux, l&rsquo;ONN. 10.1 \u00ab\u00a0La tablette Android 14 v\u00e9rifie ces cases. L&rsquo;Onn. 10.1 \u00ab\u00a0La tablette Android<\/p>\n","protected":false},"author":1,"featured_media":10191,"comment_status":"","ping_status":"","sticky":false,"template":"","format":"standard","meta":{"footnotes":""},"categories":[13],"tags":[8635,946,76,1429,8634,81,2583,8636,223],"class_list":["post-10190","post","type-post","status-publish","format-standard","has-post-thumbnail","hentry","category-technologie","tag-10-1quot","tag-android","tag-est","tag-moment","tag-onn","tag-pour","tag-seulement","tag-tablet","tag-vente","generate-columns","tablet-grid-50","mobile-grid-100","grid-parent","grid-33"],"yoast_head":"<!-- This site is optimized with the Yoast SEO plugin v24.0 - https:\/\/yoast.com\/wordpress\/plugins\/seo\/ -->\n<title>Ce onn 10.1&quot; Android 14 Tablet est en vente pour seulement 80 $ en ce moment | Vie Associative<\/title>\n<meta name=\"robots\" content=\"index, follow, max-snippet:-1, max-image-preview:large, max-video-preview:-1\" \/>\n<link rel=\"canonical\" href=\"https:\/\/vieassociative.be\/actualites\/ce-onn-10-1-android-14-tablet-est-en-vente-pour-seulement-80-en-ce-moment\/\" \/>\n<meta property=\"og:locale\" content=\"fr_FR\" \/>\n<meta property=\"og:type\" content=\"article\" \/>\n<meta property=\"og:title\" content=\"Ce onn 10.1&quot; Android 14 Tablet est en vente pour seulement 80 $ en ce moment | Vie Associative\" \/>\n<meta property=\"og:description\" content=\"Si vous cherchez quelque chose de durable, moderne et peu co\u00fbteux, l&rsquo;ONN. 10.1 \u00ab\u00a0La tablette Android 14 v\u00e9rifie ces cases. L&rsquo;Onn. 10.1 \u00ab\u00a0La tablette Android\" \/>\n<meta property=\"og:url\" content=\"https:\/\/vieassociative.be\/actualites\/ce-onn-10-1-android-14-tablet-est-en-vente-pour-seulement-80-en-ce-moment\/\" \/>\n<meta property=\"og:site_name\" content=\"Vie Associative\" \/>\n<meta property=\"article:published_time\" content=\"2025-09-23T01:20:11+00:00\" \/>\n<meta property=\"og:image\" content=\"https:\/\/vieassociative.be\/actualites\/wp-content\/uploads\/2024\/09\/header_backgroundk-01-e1726694325946.png\" \/>\n\t<meta property=\"og:image:width\" content=\"279\" \/>\n\t<meta property=\"og:image:height\" content=\"92\" \/>\n\t<meta property=\"og:image:type\" content=\"image\/png\" \/>\n<meta name=\"author\" content=\"Julien\" \/>\n<meta name=\"twitter:card\" content=\"summary_large_image\" \/>\n<meta name=\"twitter:label1\" content=\"\u00c9crit par\" \/>\n\t<meta name=\"twitter:data1\" content=\"Julien\" \/>\n\t<meta name=\"twitter:label2\" content=\"Dur\u00e9e de lecture est.\" \/>\n\t<meta name=\"twitter:data2\" content=\"2 minutes\" \/>\n<script type=\"application\/ld+json\" class=\"yoast-schema-graph\">{\"@context\":\"https:\/\/schema.org\",\"@graph\":[{\"@type\":\"Article\",\"@id\":\"https:\/\/vieassociative.be\/actualites\/ce-onn-10-1-android-14-tablet-est-en-vente-pour-seulement-80-en-ce-moment\/#article\",\"isPartOf\":{\"@id\":\"https:\/\/vieassociative.be\/actualites\/ce-onn-10-1-android-14-tablet-est-en-vente-pour-seulement-80-en-ce-moment\/\"},\"author\":{\"name\":\"Julien\",\"@id\":\"https:\/\/vieassociative.be\/actualites\/#\/schema\/person\/b87ac4f82f9d4e7b7cec7395b679edc4\"},\"headline\":\"Ce onn 10.1&quot; Android 14 Tablet est en vente pour seulement 80 $ en ce moment\",\"datePublished\":\"2025-09-23T01:20:11+00:00\",\"dateModified\":\"2025-09-23T01:20:11+00:00\",\"mainEntityOfPage\":{\"@id\":\"https:\/\/vieassociative.be\/actualites\/ce-onn-10-1-android-14-tablet-est-en-vente-pour-seulement-80-en-ce-moment\/\"},\"wordCount\":408,\"publisher\":{\"@id\":\"https:\/\/vieassociative.be\/actualites\/#organization\"},\"image\":{\"@id\":\"https:\/\/vieassociative.be\/actualites\/ce-onn-10-1-android-14-tablet-est-en-vente-pour-seulement-80-en-ce-moment\/#primaryimage\"},\"thumbnailUrl\":\"https:\/\/vieassociative.be\/actualites\/wp-content\/uploads\/2025\/09\/Ce-onn-101quot-Android-14-Tablet-est-en-vente-pour.png\",\"keywords\":[\"10.1quot\",\"Android\",\"est\",\"moment\",\"onn\",\"pour\",\"seulement\",\"Tablet\",\"vente\"],\"articleSection\":[\"Technologie\"],\"inLanguage\":\"fr-BE\"},{\"@type\":\"WebPage\",\"@id\":\"https:\/\/vieassociative.be\/actualites\/ce-onn-10-1-android-14-tablet-est-en-vente-pour-seulement-80-en-ce-moment\/\",\"url\":\"https:\/\/vieassociative.be\/actualites\/ce-onn-10-1-android-14-tablet-est-en-vente-pour-seulement-80-en-ce-moment\/\",\"name\":\"Ce onn 10.1&quot; Android 14 Tablet est en vente pour seulement 80 $ en ce moment | Vie Associative\",\"isPartOf\":{\"@id\":\"https:\/\/vieassociative.be\/actualites\/#website\"},\"primaryImageOfPage\":{\"@id\":\"https:\/\/vieassociative.be\/actualites\/ce-onn-10-1-android-14-tablet-est-en-vente-pour-seulement-80-en-ce-moment\/#primaryimage\"},\"image\":{\"@id\":\"https:\/\/vieassociative.be\/actualites\/ce-onn-10-1-android-14-tablet-est-en-vente-pour-seulement-80-en-ce-moment\/#primaryimage\"},\"thumbnailUrl\":\"https:\/\/vieassociative.be\/actualites\/wp-content\/uploads\/2025\/09\/Ce-onn-101quot-Android-14-Tablet-est-en-vente-pour.png\",\"datePublished\":\"2025-09-23T01:20:11+00:00\",\"dateModified\":\"2025-09-23T01:20:11+00:00\",\"breadcrumb\":{\"@id\":\"https:\/\/vieassociative.be\/actualites\/ce-onn-10-1-android-14-tablet-est-en-vente-pour-seulement-80-en-ce-moment\/#breadcrumb\"},\"inLanguage\":\"fr-BE\",\"potentialAction\":[{\"@type\":\"ReadAction\",\"target\":[\"https:\/\/vieassociative.be\/actualites\/ce-onn-10-1-android-14-tablet-est-en-vente-pour-seulement-80-en-ce-moment\/\"]}]},{\"@type\":\"ImageObject\",\"inLanguage\":\"fr-BE\",\"@id\":\"https:\/\/vieassociative.be\/actualites\/ce-onn-10-1-android-14-tablet-est-en-vente-pour-seulement-80-en-ce-moment\/#primaryimage\",\"url\":\"https:\/\/vieassociative.be\/actualites\/wp-content\/uploads\/2025\/09\/Ce-onn-101quot-Android-14-Tablet-est-en-vente-pour.png\",\"contentUrl\":\"https:\/\/vieassociative.be\/actualites\/wp-content\/uploads\/2025\/09\/Ce-onn-101quot-Android-14-Tablet-est-en-vente-pour.png\",\"width\":1200,\"height\":675,\"caption\":\"Ce onn 10.1&quot; Android 14 Tablet est en vente pour seulement 80 $ en ce moment\"},{\"@type\":\"BreadcrumbList\",\"@id\":\"https:\/\/vieassociative.be\/actualites\/ce-onn-10-1-android-14-tablet-est-en-vente-pour-seulement-80-en-ce-moment\/#breadcrumb\",\"itemListElement\":[{\"@type\":\"ListItem\",\"position\":1,\"name\":\"Accueil\",\"item\":\"https:\/\/vieassociative.be\/actualites\/\"},{\"@type\":\"ListItem\",\"position\":2,\"name\":\"Ce onn 10.1&quot; Android 14 Tablet est en vente pour seulement 80 $ en ce moment\"}]},{\"@type\":\"WebSite\",\"@id\":\"https:\/\/vieassociative.be\/actualites\/#website\",\"url\":\"https:\/\/vieassociative.be\/actualites\/\",\"name\":\"Vie Associative\",\"description\":\"\",\"publisher\":{\"@id\":\"https:\/\/vieassociative.be\/actualites\/#organization\"},\"potentialAction\":[{\"@type\":\"SearchAction\",\"target\":{\"@type\":\"EntryPoint\",\"urlTemplate\":\"https:\/\/vieassociative.be\/actualites\/?s={search_term_string}\"},\"query-input\":{\"@type\":\"PropertyValueSpecification\",\"valueRequired\":true,\"valueName\":\"search_term_string\"}}],\"inLanguage\":\"fr-BE\"},{\"@type\":\"Organization\",\"@id\":\"https:\/\/vieassociative.be\/actualites\/#organization\",\"name\":\"Vie Associative\",\"url\":\"https:\/\/vieassociative.be\/actualites\/\",\"logo\":{\"@type\":\"ImageObject\",\"inLanguage\":\"fr-BE\",\"@id\":\"https:\/\/vieassociative.be\/actualites\/#\/schema\/logo\/image\/\",\"url\":\"https:\/\/vieassociative.be\/actualites\/wp-content\/uploads\/2024\/09\/cropped-vieassociative_favicon.ico.png\",\"contentUrl\":\"https:\/\/vieassociative.be\/actualites\/wp-content\/uploads\/2024\/09\/cropped-vieassociative_favicon.ico.png\",\"width\":512,\"height\":512,\"caption\":\"Vie Associative\"},\"image\":{\"@id\":\"https:\/\/vieassociative.be\/actualites\/#\/schema\/logo\/image\/\"}},{\"@type\":\"Person\",\"@id\":\"https:\/\/vieassociative.be\/actualites\/#\/schema\/person\/b87ac4f82f9d4e7b7cec7395b679edc4\",\"name\":\"Julien\",\"image\":{\"@type\":\"ImageObject\",\"inLanguage\":\"fr-BE\",\"@id\":\"https:\/\/vieassociative.be\/actualites\/#\/schema\/person\/image\/\",\"url\":\"https:\/\/vieassociative.be\/actualites\/wp-content\/uploads\/2024\/09\/vie-associative-1-150x150.jpg\",\"contentUrl\":\"https:\/\/vieassociative.be\/actualites\/wp-content\/uploads\/2024\/09\/vie-associative-1-150x150.jpg\",\"caption\":\"Julien\"},\"description\":\"Je suis Julien, r\u00e9dacteur pour Vie Associative. Passionn\u00e9 par le monde associatif depuis plus de 10 ans, j'ai \u00e0 c\u0153ur de partager des histoires inspirantes et de mettre en lumi\u00e8re les initiatives locales. Mon objectif est de sensibiliser et d'encourager l'engagement communautaire \u00e0 travers mes articles.\",\"sameAs\":[\"https:\/\/vieassociative.be\/\"]}]}<\/script>\n<!-- \/ Yoast SEO plugin. -->","yoast_head_json":{"title":"Ce onn 10.1&quot; Android 14 Tablet est en vente pour seulement 80 $ en ce moment | Vie Associative","robots":{"index":"index","follow":"follow","max-snippet":"max-snippet:-1","max-image-preview":"max-image-preview:large","max-video-preview":"max-video-preview:-1"},"canonical":"https:\/\/vieassociative.be\/actualites\/ce-onn-10-1-android-14-tablet-est-en-vente-pour-seulement-80-en-ce-moment\/","og_locale":"fr_FR","og_type":"article","og_title":"Ce onn 10.1&quot; Android 14 Tablet est en vente pour seulement 80 $ en ce moment | Vie Associative","og_description":"Si vous cherchez quelque chose de durable, moderne et peu co\u00fbteux, l&rsquo;ONN. 10.1 \u00ab\u00a0La tablette Android 14 v\u00e9rifie ces cases. L&rsquo;Onn. 10.1 \u00ab\u00a0La tablette Android","og_url":"https:\/\/vieassociative.be\/actualites\/ce-onn-10-1-android-14-tablet-est-en-vente-pour-seulement-80-en-ce-moment\/","og_site_name":"Vie Associative","article_published_time":"2025-09-23T01:20:11+00:00","og_image":[{"width":279,"height":92,"url":"https:\/\/vieassociative.be\/actualites\/wp-content\/uploads\/2024\/09\/header_backgroundk-01-e1726694325946.png","type":"image\/png"}],"author":"Julien","twitter_card":"summary_large_image","twitter_misc":{"\u00c9crit par":"Julien","Dur\u00e9e de lecture est.":"2 minutes"},"schema":{"@context":"https:\/\/schema.org","@graph":[{"@type":"Article","@id":"https:\/\/vieassociative.be\/actualites\/ce-onn-10-1-android-14-tablet-est-en-vente-pour-seulement-80-en-ce-moment\/#article","isPartOf":{"@id":"https:\/\/vieassociative.be\/actualites\/ce-onn-10-1-android-14-tablet-est-en-vente-pour-seulement-80-en-ce-moment\/"},"author":{"name":"Julien","@id":"https:\/\/vieassociative.be\/actualites\/#\/schema\/person\/b87ac4f82f9d4e7b7cec7395b679edc4"},"headline":"Ce onn 10.1&quot; Android 14 Tablet est en vente pour seulement 80 $ en ce moment","datePublished":"2025-09-23T01:20:11+00:00","dateModified":"2025-09-23T01:20:11+00:00","mainEntityOfPage":{"@id":"https:\/\/vieassociative.be\/actualites\/ce-onn-10-1-android-14-tablet-est-en-vente-pour-seulement-80-en-ce-moment\/"},"wordCount":408,"publisher":{"@id":"https:\/\/vieassociative.be\/actualites\/#organization"},"image":{"@id":"https:\/\/vieassociative.be\/actualites\/ce-onn-10-1-android-14-tablet-est-en-vente-pour-seulement-80-en-ce-moment\/#primaryimage"},"thumbnailUrl":"https:\/\/vieassociative.be\/actualites\/wp-content\/uploads\/2025\/09\/Ce-onn-101quot-Android-14-Tablet-est-en-vente-pour.png","keywords":["10.1quot","Android","est","moment","onn","pour","seulement","Tablet","vente"],"articleSection":["Technologie"],"inLanguage":"fr-BE"},{"@type":"WebPage","@id":"https:\/\/vieassociative.be\/actualites\/ce-onn-10-1-android-14-tablet-est-en-vente-pour-seulement-80-en-ce-moment\/","url":"https:\/\/vieassociative.be\/actualites\/ce-onn-10-1-android-14-tablet-est-en-vente-pour-seulement-80-en-ce-moment\/","name":"Ce onn 10.1&quot; Android 14 Tablet est en vente pour seulement 80 $ en ce moment | Vie Associative","isPartOf":{"@id":"https:\/\/vieassociative.be\/actualites\/#website"},"primaryImageOfPage":{"@id":"https:\/\/vieassociative.be\/actualites\/ce-onn-10-1-android-14-tablet-est-en-vente-pour-seulement-80-en-ce-moment\/#primaryimage"},"image":{"@id":"https:\/\/vieassociative.be\/actualites\/ce-onn-10-1-android-14-tablet-est-en-vente-pour-seulement-80-en-ce-moment\/#primaryimage"},"thumbnailUrl":"https:\/\/vieassociative.be\/actualites\/wp-content\/uploads\/2025\/09\/Ce-onn-101quot-Android-14-Tablet-est-en-vente-pour.png","datePublished":"2025-09-23T01:20:11+00:00","dateModified":"2025-09-23T01:20:11+00:00","breadcrumb":{"@id":"https:\/\/vieassociative.be\/actualites\/ce-onn-10-1-android-14-tablet-est-en-vente-pour-seulement-80-en-ce-moment\/#breadcrumb"},"inLanguage":"fr-BE","potentialAction":[{"@type":"ReadAction","target":["https:\/\/vieassociative.be\/actualites\/ce-onn-10-1-android-14-tablet-est-en-vente-pour-seulement-80-en-ce-moment\/"]}]},{"@type":"ImageObject","inLanguage":"fr-BE","@id":"https:\/\/vieassociative.be\/actualites\/ce-onn-10-1-android-14-tablet-est-en-vente-pour-seulement-80-en-ce-moment\/#primaryimage","url":"https:\/\/vieassociative.be\/actualites\/wp-content\/uploads\/2025\/09\/Ce-onn-101quot-Android-14-Tablet-est-en-vente-pour.png","contentUrl":"https:\/\/vieassociative.be\/actualites\/wp-content\/uploads\/2025\/09\/Ce-onn-101quot-Android-14-Tablet-est-en-vente-pour.png","width":1200,"height":675,"caption":"Ce onn 10.1&quot; Android 14 Tablet est en vente pour seulement 80 $ en ce moment"},{"@type":"BreadcrumbList","@id":"https:\/\/vieassociative.be\/actualites\/ce-onn-10-1-android-14-tablet-est-en-vente-pour-seulement-80-en-ce-moment\/#breadcrumb","itemListElement":[{"@type":"ListItem","position":1,"name":"Accueil","item":"https:\/\/vieassociative.be\/actualites\/"},{"@type":"ListItem","position":2,"name":"Ce onn 10.1&quot; Android 14 Tablet est en vente pour seulement 80 $ en ce moment"}]},{"@type":"WebSite","@id":"https:\/\/vieassociative.be\/actualites\/#website","url":"https:\/\/vieassociative.be\/actualites\/","name":"Vie Associative","description":"","publisher":{"@id":"https:\/\/vieassociative.be\/actualites\/#organization"},"potentialAction":[{"@type":"SearchAction","target":{"@type":"EntryPoint","urlTemplate":"https:\/\/vieassociative.be\/actualites\/?s={search_term_string}"},"query-input":{"@type":"PropertyValueSpecification","valueRequired":true,"valueName":"search_term_string"}}],"inLanguage":"fr-BE"},{"@type":"Organization","@id":"https:\/\/vieassociative.be\/actualites\/#organization","name":"Vie Associative","url":"https:\/\/vieassociative.be\/actualites\/","logo":{"@type":"ImageObject","inLanguage":"fr-BE","@id":"https:\/\/vieassociative.be\/actualites\/#\/schema\/logo\/image\/","url":"https:\/\/vieassociative.be\/actualites\/wp-content\/uploads\/2024\/09\/cropped-vieassociative_favicon.ico.png","contentUrl":"https:\/\/vieassociative.be\/actualites\/wp-content\/uploads\/2024\/09\/cropped-vieassociative_favicon.ico.png","width":512,"height":512,"caption":"Vie Associative"},"image":{"@id":"https:\/\/vieassociative.be\/actualites\/#\/schema\/logo\/image\/"}},{"@type":"Person","@id":"https:\/\/vieassociative.be\/actualites\/#\/schema\/person\/b87ac4f82f9d4e7b7cec7395b679edc4","name":"Julien","image":{"@type":"ImageObject","inLanguage":"fr-BE","@id":"https:\/\/vieassociative.be\/actualites\/#\/schema\/person\/image\/","url":"https:\/\/vieassociative.be\/actualites\/wp-content\/uploads\/2024\/09\/vie-associative-1-150x150.jpg","contentUrl":"https:\/\/vieassociative.be\/actualites\/wp-content\/uploads\/2024\/09\/vie-associative-1-150x150.jpg","caption":"Julien"},"description":"Je suis Julien, r\u00e9dacteur pour Vie Associative. Passionn\u00e9 par le monde associatif depuis plus de 10 ans, j'ai \u00e0 c\u0153ur de partager des histoires inspirantes et de mettre en lumi\u00e8re les initiatives locales. Mon objectif est de sensibiliser et d'encourager l'engagement communautaire \u00e0 travers mes articles.","sameAs":["https:\/\/vieassociative.be\/"]}]}},"_links":{"self":[{"href":"https:\/\/vieassociative.be\/actualites\/wp-json\/wp\/v2\/posts\/10190"}],"collection":[{"href":"https:\/\/vieassociative.be\/actualites\/wp-json\/wp\/v2\/posts"}],"about":[{"href":"https:\/\/vieassociative.be\/actualites\/wp-json\/wp\/v2\/types\/post"}],"author":[{"embeddable":true,"href":"https:\/\/vieassociative.be\/actualites\/wp-json\/wp\/v2\/users\/1"}],"replies":[{"embeddable":true,"href":"https:\/\/vieassociative.be\/actualites\/wp-json\/wp\/v2\/comments?post=10190"}],"version-history":[{"count":0,"href":"https:\/\/vieassociative.be\/actualites\/wp-json\/wp\/v2\/posts\/10190\/revisions"}],"wp:featuredmedia":[{"embeddable":true,"href":"https:\/\/vieassociative.be\/actualites\/wp-json\/wp\/v2\/media\/10191"}],"wp:attachment":[{"href":"https:\/\/vieassociative.be\/actualites\/wp-json\/wp\/v2\/media?parent=10190"}],"wp:term":[{"taxonomy":"category","embeddable":true,"href":"https:\/\/vieassociative.be\/actualites\/wp-json\/wp\/v2\/categories?post=10190"},{"taxonomy":"post_tag","embeddable":true,"href":"https:\/\/vieassociative.be\/actualites\/wp-json\/wp\/v2\/tags?post=10190"}],"curies":[{"name":"wp","href":"https:\/\/api.w.org\/{rel}","templated":true}]}}