{"id":10188,"date":"2025-09-22T22:16:58","date_gmt":"2025-09-22T20:16:58","guid":{"rendered":"https:\/\/vieassociative.be\/actualites\/des-bordures-trop-elevees-dans-lupen-unterstadt-sont-un-danger-pour-les-conducteurs-les-cyclistes-et-les-pietons\/"},"modified":"2025-09-22T22:16:58","modified_gmt":"2025-09-22T20:16:58","slug":"des-bordures-trop-elevees-dans-lupen-unterstadt-sont-un-danger-pour-les-conducteurs-les-cyclistes-et-les-pietons","status":"publish","type":"post","link":"https:\/\/vieassociative.be\/actualites\/des-bordures-trop-elevees-dans-lupen-unterstadt-sont-un-danger-pour-les-conducteurs-les-cyclistes-et-les-pietons\/","title":{"rendered":"Des bordures trop \u00e9lev\u00e9es dans l&rsquo;UPEN UnterStadt sont un danger pour les conducteurs, les cyclistes et les pi\u00e9tons"},"content":{"rendered":"<p><strong>\u00abOrient Belgique directement\u00bb a obtenu des plaintes concernant des bordures excessives dans l&rsquo;Eupen Schilsweg d\u00e9but septembre. Nous nous sommes ensuite tourn\u00e9s vers les b\u00e2timents d&rsquo;Eupen Lucas Reuul, ce qui \u00e0 son tour vers le service public de la Wallonie (\u00d6dw). Jusqu&rsquo;\u00e0 pr\u00e9sent sans succ\u00e8s.<\/strong><\/p>\n<p><span id=\"more-425196\"><\/span>Les probl\u00e8mes des bordures excessives ne sont effectivement pas insignifiantes si, par exemple, les v\u00e9hicules doivent \u00e9viter, soit pour \u00e9viter un accident, soit s&rsquo;ils doivent faire de la place pour la clinique ambulatoire ou les pompiers. Vous pouvez facilement subir des dommages sur votre propre v\u00e9hicule ou m\u00eame casser l&rsquo;axe. Dans le Schilsweg, vous pouvez d\u00e9j\u00e0 voir les premiers d\u00e9g\u00e2ts des camions.<\/p>\n<div id=\"attachment_425205\" class=\"wp-caption alignleft\" style=\"max-width: 300px\"><img fetchpriority=\"high\" decoding=\"async\" class=\"wp-image-425205 size-medium\" src=\"https:\/\/vieassociative.be\/actualites\/wp-content\/uploads\/2025\/09\/Des-bordures-trop-elevees-dans-lUPEN-UnterStadt-sont-un-danger.jpg\" alt=\"\" width=\"300\" height=\"200\"  ><\/div>\n<p>Des bordures \u00e9lev\u00e9es peuvent \u00eatre un obstacle, en particulier pour les personnes \u00e2g\u00e9es, les enfants ou les personnes \u00e0 mobilit\u00e9 r\u00e9duite. Les personnes avec un rollator ou avec des poussettes ont des difficult\u00e9s ou ne peuvent pas surmonter le trottoir. Bien s\u00fbr, cela s&rsquo;applique \u00e9galement aux cyclistes.<\/p>\n<p>\u00c0 la demande de l&rsquo;OD, Sch\u00f6ffe Lucas Reuul a d\u00e9clar\u00e9 le 4 septembre: \u00ab\u00a0\u00c9tant donn\u00e9 que le \u00d6DW est un auteur de projet et non nous, je me suis permis de transmettre les questions. D\u00e8s que nous aurons la d\u00e9claration, je ferai rapport.\u00a0\u00bb<\/p>\n<p>Pr\u00e8s d&rsquo;une semaine plus tard, ou encore. \u00ab\u00a0Le \u00d6DW et le bureau de planification nous ont promis une r\u00e9ponse pour la semaine prochaine\u00a0\u00bb, nous avons \u00e9t\u00e9 inform\u00e9s le 10 septembre.<\/p>\n<p>En attendant, 12 jours suppl\u00e9mentaires se sont \u00e9coul\u00e9s &#8211; rien ne peut encore \u00eatre entendu de l&rsquo;\u00d6DW. (Cre)<\/p>\n","protected":false},"excerpt":{"rendered":"<p>\u00abOrient Belgique directement\u00bb a obtenu des plaintes concernant des bordures excessives dans l&rsquo;Eupen Schilsweg d\u00e9but septembre. Nous nous sommes ensuite tourn\u00e9s vers les b\u00e2timents d&rsquo;Eupen<\/p>\n","protected":false},"author":1,"featured_media":10189,"comment_status":"","ping_status":"","sticky":false,"template":"","format":"standard","meta":{"footnotes":""},"categories":[298],"tags":[8633,4360,7436,587,166,29,1841,14,6875,6049,81,18,656,6876],"class_list":["post-10188","post","type-post","status-publish","format-standard","has-post-thumbnail","hentry","category-belgique","tag-bordures","tag-conducteurs","tag-cyclistes","tag-danger","tag-dans","tag-des","tag-elevees","tag-les","tag-lupen","tag-pietons","tag-pour","tag-sont","tag-trop","tag-unterstadt","generate-columns","tablet-grid-50","mobile-grid-100","grid-parent","grid-33"],"yoast_head":"<!-- This site is optimized with the Yoast SEO plugin v24.0 - https:\/\/yoast.com\/wordpress\/plugins\/seo\/ -->\n<title>Des bordures trop \u00e9lev\u00e9es dans l&#039;UPEN UnterStadt sont un danger pour les conducteurs, les cyclistes et les pi\u00e9tons | Vie Associative<\/title>\n<meta name=\"robots\" content=\"index, follow, max-snippet:-1, max-image-preview:large, max-video-preview:-1\" \/>\n<link rel=\"canonical\" href=\"https:\/\/vieassociative.be\/actualites\/des-bordures-trop-elevees-dans-lupen-unterstadt-sont-un-danger-pour-les-conducteurs-les-cyclistes-et-les-pietons\/\" \/>\n<meta property=\"og:locale\" content=\"fr_FR\" \/>\n<meta property=\"og:type\" content=\"article\" \/>\n<meta property=\"og:title\" content=\"Des bordures trop \u00e9lev\u00e9es dans l&#039;UPEN UnterStadt sont un danger pour les conducteurs, les cyclistes et les pi\u00e9tons | Vie Associative\" \/>\n<meta property=\"og:description\" content=\"\u00abOrient Belgique directement\u00bb a obtenu des plaintes concernant des bordures excessives dans l&rsquo;Eupen Schilsweg d\u00e9but septembre. Nous nous sommes ensuite tourn\u00e9s vers les b\u00e2timents d&rsquo;Eupen\" \/>\n<meta property=\"og:url\" content=\"https:\/\/vieassociative.be\/actualites\/des-bordures-trop-elevees-dans-lupen-unterstadt-sont-un-danger-pour-les-conducteurs-les-cyclistes-et-les-pietons\/\" \/>\n<meta property=\"og:site_name\" content=\"Vie Associative\" \/>\n<meta property=\"article:published_time\" content=\"2025-09-22T20:16:58+00:00\" \/>\n<meta property=\"og:image\" content=\"https:\/\/vieassociative.be\/actualites\/wp-content\/uploads\/2024\/09\/header_backgroundk-01-e1726694325946.png\" \/>\n\t<meta property=\"og:image:width\" content=\"279\" \/>\n\t<meta property=\"og:image:height\" content=\"92\" \/>\n\t<meta property=\"og:image:type\" content=\"image\/png\" \/>\n<meta name=\"author\" content=\"Julien\" \/>\n<meta name=\"twitter:card\" content=\"summary_large_image\" \/>\n<meta name=\"twitter:label1\" content=\"\u00c9crit par\" \/>\n\t<meta name=\"twitter:data1\" content=\"Julien\" \/>\n\t<meta name=\"twitter:label2\" content=\"Dur\u00e9e de lecture est.\" \/>\n\t<meta name=\"twitter:data2\" content=\"1 minute\" \/>\n<script type=\"application\/ld+json\" class=\"yoast-schema-graph\">{\"@context\":\"https:\/\/schema.org\",\"@graph\":[{\"@type\":\"Article\",\"@id\":\"https:\/\/vieassociative.be\/actualites\/des-bordures-trop-elevees-dans-lupen-unterstadt-sont-un-danger-pour-les-conducteurs-les-cyclistes-et-les-pietons\/#article\",\"isPartOf\":{\"@id\":\"https:\/\/vieassociative.be\/actualites\/des-bordures-trop-elevees-dans-lupen-unterstadt-sont-un-danger-pour-les-conducteurs-les-cyclistes-et-les-pietons\/\"},\"author\":{\"name\":\"Julien\",\"@id\":\"https:\/\/vieassociative.be\/actualites\/#\/schema\/person\/b87ac4f82f9d4e7b7cec7395b679edc4\"},\"headline\":\"Des bordures trop \u00e9lev\u00e9es dans l&rsquo;UPEN UnterStadt sont un danger pour les conducteurs, les cyclistes et les pi\u00e9tons\",\"datePublished\":\"2025-09-22T20:16:58+00:00\",\"dateModified\":\"2025-09-22T20:16:58+00:00\",\"mainEntityOfPage\":{\"@id\":\"https:\/\/vieassociative.be\/actualites\/des-bordures-trop-elevees-dans-lupen-unterstadt-sont-un-danger-pour-les-conducteurs-les-cyclistes-et-les-pietons\/\"},\"wordCount\":293,\"publisher\":{\"@id\":\"https:\/\/vieassociative.be\/actualites\/#organization\"},\"image\":{\"@id\":\"https:\/\/vieassociative.be\/actualites\/des-bordures-trop-elevees-dans-lupen-unterstadt-sont-un-danger-pour-les-conducteurs-les-cyclistes-et-les-pietons\/#primaryimage\"},\"thumbnailUrl\":\"https:\/\/vieassociative.be\/actualites\/wp-content\/uploads\/2025\/09\/1758572219_Des-bordures-trop-elevees-dans-lUPEN-UnterStadt-sont-un-danger.jpg\",\"keywords\":[\"bordures\",\"conducteurs\",\"cyclistes\",\"danger\",\"dans\",\"Des\",\"\u00e9lev\u00e9es\",\"Les\",\"lUPEN\",\"pi\u00e9tons\",\"pour\",\"sont\",\"trop\",\"UnterStadt\"],\"articleSection\":[\"Belgique\"],\"inLanguage\":\"fr-BE\"},{\"@type\":\"WebPage\",\"@id\":\"https:\/\/vieassociative.be\/actualites\/des-bordures-trop-elevees-dans-lupen-unterstadt-sont-un-danger-pour-les-conducteurs-les-cyclistes-et-les-pietons\/\",\"url\":\"https:\/\/vieassociative.be\/actualites\/des-bordures-trop-elevees-dans-lupen-unterstadt-sont-un-danger-pour-les-conducteurs-les-cyclistes-et-les-pietons\/\",\"name\":\"Des bordures trop \u00e9lev\u00e9es dans l'UPEN UnterStadt sont un danger pour les conducteurs, les cyclistes et les pi\u00e9tons | Vie Associative\",\"isPartOf\":{\"@id\":\"https:\/\/vieassociative.be\/actualites\/#website\"},\"primaryImageOfPage\":{\"@id\":\"https:\/\/vieassociative.be\/actualites\/des-bordures-trop-elevees-dans-lupen-unterstadt-sont-un-danger-pour-les-conducteurs-les-cyclistes-et-les-pietons\/#primaryimage\"},\"image\":{\"@id\":\"https:\/\/vieassociative.be\/actualites\/des-bordures-trop-elevees-dans-lupen-unterstadt-sont-un-danger-pour-les-conducteurs-les-cyclistes-et-les-pietons\/#primaryimage\"},\"thumbnailUrl\":\"https:\/\/vieassociative.be\/actualites\/wp-content\/uploads\/2025\/09\/1758572219_Des-bordures-trop-elevees-dans-lUPEN-UnterStadt-sont-un-danger.jpg\",\"datePublished\":\"2025-09-22T20:16:58+00:00\",\"dateModified\":\"2025-09-22T20:16:58+00:00\",\"breadcrumb\":{\"@id\":\"https:\/\/vieassociative.be\/actualites\/des-bordures-trop-elevees-dans-lupen-unterstadt-sont-un-danger-pour-les-conducteurs-les-cyclistes-et-les-pietons\/#breadcrumb\"},\"inLanguage\":\"fr-BE\",\"potentialAction\":[{\"@type\":\"ReadAction\",\"target\":[\"https:\/\/vieassociative.be\/actualites\/des-bordures-trop-elevees-dans-lupen-unterstadt-sont-un-danger-pour-les-conducteurs-les-cyclistes-et-les-pietons\/\"]}]},{\"@type\":\"ImageObject\",\"inLanguage\":\"fr-BE\",\"@id\":\"https:\/\/vieassociative.be\/actualites\/des-bordures-trop-elevees-dans-lupen-unterstadt-sont-un-danger-pour-les-conducteurs-les-cyclistes-et-les-pietons\/#primaryimage\",\"url\":\"https:\/\/vieassociative.be\/actualites\/wp-content\/uploads\/2025\/09\/1758572219_Des-bordures-trop-elevees-dans-lUPEN-UnterStadt-sont-un-danger.jpg\",\"contentUrl\":\"https:\/\/vieassociative.be\/actualites\/wp-content\/uploads\/2025\/09\/1758572219_Des-bordures-trop-elevees-dans-lUPEN-UnterStadt-sont-un-danger.jpg\",\"width\":2560,\"height\":852,\"caption\":\"Des bordures trop \u00e9lev\u00e9es dans l'UPEN UnterStadt sont un danger pour les conducteurs, les cyclistes et les pi\u00e9tons\"},{\"@type\":\"BreadcrumbList\",\"@id\":\"https:\/\/vieassociative.be\/actualites\/des-bordures-trop-elevees-dans-lupen-unterstadt-sont-un-danger-pour-les-conducteurs-les-cyclistes-et-les-pietons\/#breadcrumb\",\"itemListElement\":[{\"@type\":\"ListItem\",\"position\":1,\"name\":\"Accueil\",\"item\":\"https:\/\/vieassociative.be\/actualites\/\"},{\"@type\":\"ListItem\",\"position\":2,\"name\":\"Des bordures trop \u00e9lev\u00e9es dans l&rsquo;UPEN UnterStadt sont un danger pour les conducteurs, les cyclistes et les pi\u00e9tons\"}]},{\"@type\":\"WebSite\",\"@id\":\"https:\/\/vieassociative.be\/actualites\/#website\",\"url\":\"https:\/\/vieassociative.be\/actualites\/\",\"name\":\"Vie Associative\",\"description\":\"\",\"publisher\":{\"@id\":\"https:\/\/vieassociative.be\/actualites\/#organization\"},\"potentialAction\":[{\"@type\":\"SearchAction\",\"target\":{\"@type\":\"EntryPoint\",\"urlTemplate\":\"https:\/\/vieassociative.be\/actualites\/?s={search_term_string}\"},\"query-input\":{\"@type\":\"PropertyValueSpecification\",\"valueRequired\":true,\"valueName\":\"search_term_string\"}}],\"inLanguage\":\"fr-BE\"},{\"@type\":\"Organization\",\"@id\":\"https:\/\/vieassociative.be\/actualites\/#organization\",\"name\":\"Vie Associative\",\"url\":\"https:\/\/vieassociative.be\/actualites\/\",\"logo\":{\"@type\":\"ImageObject\",\"inLanguage\":\"fr-BE\",\"@id\":\"https:\/\/vieassociative.be\/actualites\/#\/schema\/logo\/image\/\",\"url\":\"https:\/\/vieassociative.be\/actualites\/wp-content\/uploads\/2024\/09\/cropped-vieassociative_favicon.ico.png\",\"contentUrl\":\"https:\/\/vieassociative.be\/actualites\/wp-content\/uploads\/2024\/09\/cropped-vieassociative_favicon.ico.png\",\"width\":512,\"height\":512,\"caption\":\"Vie Associative\"},\"image\":{\"@id\":\"https:\/\/vieassociative.be\/actualites\/#\/schema\/logo\/image\/\"}},{\"@type\":\"Person\",\"@id\":\"https:\/\/vieassociative.be\/actualites\/#\/schema\/person\/b87ac4f82f9d4e7b7cec7395b679edc4\",\"name\":\"Julien\",\"image\":{\"@type\":\"ImageObject\",\"inLanguage\":\"fr-BE\",\"@id\":\"https:\/\/vieassociative.be\/actualites\/#\/schema\/person\/image\/\",\"url\":\"https:\/\/vieassociative.be\/actualites\/wp-content\/uploads\/2024\/09\/vie-associative-1-150x150.jpg\",\"contentUrl\":\"https:\/\/vieassociative.be\/actualites\/wp-content\/uploads\/2024\/09\/vie-associative-1-150x150.jpg\",\"caption\":\"Julien\"},\"description\":\"Je suis Julien, r\u00e9dacteur pour Vie Associative. Passionn\u00e9 par le monde associatif depuis plus de 10 ans, j'ai \u00e0 c\u0153ur de partager des histoires inspirantes et de mettre en lumi\u00e8re les initiatives locales. Mon objectif est de sensibiliser et d'encourager l'engagement communautaire \u00e0 travers mes articles.\",\"sameAs\":[\"https:\/\/vieassociative.be\/\"]}]}<\/script>\n<!-- \/ Yoast SEO plugin. -->","yoast_head_json":{"title":"Des bordures trop \u00e9lev\u00e9es dans l'UPEN UnterStadt sont un danger pour les conducteurs, les cyclistes et les pi\u00e9tons | Vie Associative","robots":{"index":"index","follow":"follow","max-snippet":"max-snippet:-1","max-image-preview":"max-image-preview:large","max-video-preview":"max-video-preview:-1"},"canonical":"https:\/\/vieassociative.be\/actualites\/des-bordures-trop-elevees-dans-lupen-unterstadt-sont-un-danger-pour-les-conducteurs-les-cyclistes-et-les-pietons\/","og_locale":"fr_FR","og_type":"article","og_title":"Des bordures trop \u00e9lev\u00e9es dans l'UPEN UnterStadt sont un danger pour les conducteurs, les cyclistes et les pi\u00e9tons | Vie Associative","og_description":"\u00abOrient Belgique directement\u00bb a obtenu des plaintes concernant des bordures excessives dans l&rsquo;Eupen Schilsweg d\u00e9but septembre. Nous nous sommes ensuite tourn\u00e9s vers les b\u00e2timents d&rsquo;Eupen","og_url":"https:\/\/vieassociative.be\/actualites\/des-bordures-trop-elevees-dans-lupen-unterstadt-sont-un-danger-pour-les-conducteurs-les-cyclistes-et-les-pietons\/","og_site_name":"Vie Associative","article_published_time":"2025-09-22T20:16:58+00:00","og_image":[{"width":279,"height":92,"url":"https:\/\/vieassociative.be\/actualites\/wp-content\/uploads\/2024\/09\/header_backgroundk-01-e1726694325946.png","type":"image\/png"}],"author":"Julien","twitter_card":"summary_large_image","twitter_misc":{"\u00c9crit par":"Julien","Dur\u00e9e de lecture est.":"1 minute"},"schema":{"@context":"https:\/\/schema.org","@graph":[{"@type":"Article","@id":"https:\/\/vieassociative.be\/actualites\/des-bordures-trop-elevees-dans-lupen-unterstadt-sont-un-danger-pour-les-conducteurs-les-cyclistes-et-les-pietons\/#article","isPartOf":{"@id":"https:\/\/vieassociative.be\/actualites\/des-bordures-trop-elevees-dans-lupen-unterstadt-sont-un-danger-pour-les-conducteurs-les-cyclistes-et-les-pietons\/"},"author":{"name":"Julien","@id":"https:\/\/vieassociative.be\/actualites\/#\/schema\/person\/b87ac4f82f9d4e7b7cec7395b679edc4"},"headline":"Des bordures trop \u00e9lev\u00e9es dans l&rsquo;UPEN UnterStadt sont un danger pour les conducteurs, les cyclistes et les pi\u00e9tons","datePublished":"2025-09-22T20:16:58+00:00","dateModified":"2025-09-22T20:16:58+00:00","mainEntityOfPage":{"@id":"https:\/\/vieassociative.be\/actualites\/des-bordures-trop-elevees-dans-lupen-unterstadt-sont-un-danger-pour-les-conducteurs-les-cyclistes-et-les-pietons\/"},"wordCount":293,"publisher":{"@id":"https:\/\/vieassociative.be\/actualites\/#organization"},"image":{"@id":"https:\/\/vieassociative.be\/actualites\/des-bordures-trop-elevees-dans-lupen-unterstadt-sont-un-danger-pour-les-conducteurs-les-cyclistes-et-les-pietons\/#primaryimage"},"thumbnailUrl":"https:\/\/vieassociative.be\/actualites\/wp-content\/uploads\/2025\/09\/1758572219_Des-bordures-trop-elevees-dans-lUPEN-UnterStadt-sont-un-danger.jpg","keywords":["bordures","conducteurs","cyclistes","danger","dans","Des","\u00e9lev\u00e9es","Les","lUPEN","pi\u00e9tons","pour","sont","trop","UnterStadt"],"articleSection":["Belgique"],"inLanguage":"fr-BE"},{"@type":"WebPage","@id":"https:\/\/vieassociative.be\/actualites\/des-bordures-trop-elevees-dans-lupen-unterstadt-sont-un-danger-pour-les-conducteurs-les-cyclistes-et-les-pietons\/","url":"https:\/\/vieassociative.be\/actualites\/des-bordures-trop-elevees-dans-lupen-unterstadt-sont-un-danger-pour-les-conducteurs-les-cyclistes-et-les-pietons\/","name":"Des bordures trop \u00e9lev\u00e9es dans l'UPEN UnterStadt sont un danger pour les conducteurs, les cyclistes et les pi\u00e9tons | Vie Associative","isPartOf":{"@id":"https:\/\/vieassociative.be\/actualites\/#website"},"primaryImageOfPage":{"@id":"https:\/\/vieassociative.be\/actualites\/des-bordures-trop-elevees-dans-lupen-unterstadt-sont-un-danger-pour-les-conducteurs-les-cyclistes-et-les-pietons\/#primaryimage"},"image":{"@id":"https:\/\/vieassociative.be\/actualites\/des-bordures-trop-elevees-dans-lupen-unterstadt-sont-un-danger-pour-les-conducteurs-les-cyclistes-et-les-pietons\/#primaryimage"},"thumbnailUrl":"https:\/\/vieassociative.be\/actualites\/wp-content\/uploads\/2025\/09\/1758572219_Des-bordures-trop-elevees-dans-lUPEN-UnterStadt-sont-un-danger.jpg","datePublished":"2025-09-22T20:16:58+00:00","dateModified":"2025-09-22T20:16:58+00:00","breadcrumb":{"@id":"https:\/\/vieassociative.be\/actualites\/des-bordures-trop-elevees-dans-lupen-unterstadt-sont-un-danger-pour-les-conducteurs-les-cyclistes-et-les-pietons\/#breadcrumb"},"inLanguage":"fr-BE","potentialAction":[{"@type":"ReadAction","target":["https:\/\/vieassociative.be\/actualites\/des-bordures-trop-elevees-dans-lupen-unterstadt-sont-un-danger-pour-les-conducteurs-les-cyclistes-et-les-pietons\/"]}]},{"@type":"ImageObject","inLanguage":"fr-BE","@id":"https:\/\/vieassociative.be\/actualites\/des-bordures-trop-elevees-dans-lupen-unterstadt-sont-un-danger-pour-les-conducteurs-les-cyclistes-et-les-pietons\/#primaryimage","url":"https:\/\/vieassociative.be\/actualites\/wp-content\/uploads\/2025\/09\/1758572219_Des-bordures-trop-elevees-dans-lUPEN-UnterStadt-sont-un-danger.jpg","contentUrl":"https:\/\/vieassociative.be\/actualites\/wp-content\/uploads\/2025\/09\/1758572219_Des-bordures-trop-elevees-dans-lUPEN-UnterStadt-sont-un-danger.jpg","width":2560,"height":852,"caption":"Des bordures trop \u00e9lev\u00e9es dans l'UPEN UnterStadt sont un danger pour les conducteurs, les cyclistes et les pi\u00e9tons"},{"@type":"BreadcrumbList","@id":"https:\/\/vieassociative.be\/actualites\/des-bordures-trop-elevees-dans-lupen-unterstadt-sont-un-danger-pour-les-conducteurs-les-cyclistes-et-les-pietons\/#breadcrumb","itemListElement":[{"@type":"ListItem","position":1,"name":"Accueil","item":"https:\/\/vieassociative.be\/actualites\/"},{"@type":"ListItem","position":2,"name":"Des bordures trop \u00e9lev\u00e9es dans l&rsquo;UPEN UnterStadt sont un danger pour les conducteurs, les cyclistes et les pi\u00e9tons"}]},{"@type":"WebSite","@id":"https:\/\/vieassociative.be\/actualites\/#website","url":"https:\/\/vieassociative.be\/actualites\/","name":"Vie Associative","description":"","publisher":{"@id":"https:\/\/vieassociative.be\/actualites\/#organization"},"potentialAction":[{"@type":"SearchAction","target":{"@type":"EntryPoint","urlTemplate":"https:\/\/vieassociative.be\/actualites\/?s={search_term_string}"},"query-input":{"@type":"PropertyValueSpecification","valueRequired":true,"valueName":"search_term_string"}}],"inLanguage":"fr-BE"},{"@type":"Organization","@id":"https:\/\/vieassociative.be\/actualites\/#organization","name":"Vie Associative","url":"https:\/\/vieassociative.be\/actualites\/","logo":{"@type":"ImageObject","inLanguage":"fr-BE","@id":"https:\/\/vieassociative.be\/actualites\/#\/schema\/logo\/image\/","url":"https:\/\/vieassociative.be\/actualites\/wp-content\/uploads\/2024\/09\/cropped-vieassociative_favicon.ico.png","contentUrl":"https:\/\/vieassociative.be\/actualites\/wp-content\/uploads\/2024\/09\/cropped-vieassociative_favicon.ico.png","width":512,"height":512,"caption":"Vie Associative"},"image":{"@id":"https:\/\/vieassociative.be\/actualites\/#\/schema\/logo\/image\/"}},{"@type":"Person","@id":"https:\/\/vieassociative.be\/actualites\/#\/schema\/person\/b87ac4f82f9d4e7b7cec7395b679edc4","name":"Julien","image":{"@type":"ImageObject","inLanguage":"fr-BE","@id":"https:\/\/vieassociative.be\/actualites\/#\/schema\/person\/image\/","url":"https:\/\/vieassociative.be\/actualites\/wp-content\/uploads\/2024\/09\/vie-associative-1-150x150.jpg","contentUrl":"https:\/\/vieassociative.be\/actualites\/wp-content\/uploads\/2024\/09\/vie-associative-1-150x150.jpg","caption":"Julien"},"description":"Je suis Julien, r\u00e9dacteur pour Vie Associative. Passionn\u00e9 par le monde associatif depuis plus de 10 ans, j'ai \u00e0 c\u0153ur de partager des histoires inspirantes et de mettre en lumi\u00e8re les initiatives locales. Mon objectif est de sensibiliser et d'encourager l'engagement communautaire \u00e0 travers mes articles.","sameAs":["https:\/\/vieassociative.be\/"]}]}},"_links":{"self":[{"href":"https:\/\/vieassociative.be\/actualites\/wp-json\/wp\/v2\/posts\/10188"}],"collection":[{"href":"https:\/\/vieassociative.be\/actualites\/wp-json\/wp\/v2\/posts"}],"about":[{"href":"https:\/\/vieassociative.be\/actualites\/wp-json\/wp\/v2\/types\/post"}],"author":[{"embeddable":true,"href":"https:\/\/vieassociative.be\/actualites\/wp-json\/wp\/v2\/users\/1"}],"replies":[{"embeddable":true,"href":"https:\/\/vieassociative.be\/actualites\/wp-json\/wp\/v2\/comments?post=10188"}],"version-history":[{"count":0,"href":"https:\/\/vieassociative.be\/actualites\/wp-json\/wp\/v2\/posts\/10188\/revisions"}],"wp:featuredmedia":[{"embeddable":true,"href":"https:\/\/vieassociative.be\/actualites\/wp-json\/wp\/v2\/media\/10189"}],"wp:attachment":[{"href":"https:\/\/vieassociative.be\/actualites\/wp-json\/wp\/v2\/media?parent=10188"}],"wp:term":[{"taxonomy":"category","embeddable":true,"href":"https:\/\/vieassociative.be\/actualites\/wp-json\/wp\/v2\/categories?post=10188"},{"taxonomy":"post_tag","embeddable":true,"href":"https:\/\/vieassociative.be\/actualites\/wp-json\/wp\/v2\/tags?post=10188"}],"curies":[{"name":"wp","href":"https:\/\/api.w.org\/{rel}","templated":true}]}}