{"id":10186,"date":"2025-09-22T21:17:27","date_gmt":"2025-09-22T19:17:27","guid":{"rendered":"https:\/\/vieassociative.be\/actualites\/un-macbook-a-ecran-tactile-pourrait-etre-au-coin-de-la-rue\/"},"modified":"2025-09-22T21:17:27","modified_gmt":"2025-09-22T19:17:27","slug":"un-macbook-a-ecran-tactile-pourrait-etre-au-coin-de-la-rue","status":"publish","type":"post","link":"https:\/\/vieassociative.be\/actualites\/un-macbook-a-ecran-tactile-pourrait-etre-au-coin-de-la-rue\/","title":{"rendered":"Un macbook \u00e0 \u00e9cran tactile pourrait \u00eatre au coin de la rue"},"content":{"rendered":"<div class=\"mt-4 leading-6 md:mb-8\">Combien de temps \u00eates-vous pr\u00eat \u00e0 attendre pour mettre \u00e0 niveau votre MacBook Pro?<\/div>\n<p><\/p>\n<p><em>Saviez-vous que vous pouvez personnaliser Google pour filtrer les ordures? Prendre ces \u00e9tapes<\/em><em>  Pour de meilleurs r\u00e9sultats de recherche, notamment l&rsquo;ajout de Vie Associative comme source pr\u00e9f\u00e9r\u00e9e pour les nouvelles technologiques<\/em><em>.<\/em><\/p>\n<hr>\n<p>S&rsquo;il y a un domaine o\u00f9 les MacBooks sont \u00e0 la tra\u00eene des ordinateurs portables Windows, c&rsquo;est le jeu. Mais s&rsquo;il y a un autre domaine, c&rsquo;est la technologie d&rsquo;affichage. Oui, alors qu&rsquo;Apple se tient toujours derri\u00e8re ses \u00e9crans \u00ab\u00a0Retina\u00a0\u00bb de marque \u00ab\u00a0Retina\u00a0\u00bb, les machines Windows adoptent des ann\u00e9es OLED et tactiles depuis des ann\u00e9es. Heureusement, selon les experts de l&rsquo;industrie, les propri\u00e9taires de MacBook pourront bient\u00f4t planifier d&rsquo;avoir de meilleurs \u00e9crans \u00e9galement.<\/p>\n<p>Les derni\u00e8res rumeurs sont gracieuset\u00e9 de l&rsquo;analyste de TF International Securities, Ming-Chi Kuo, ainsi que Mark Gurman de Bloomberg, qui ont tous deux des dossiers de pistes fiables sur les produits Apple. Bien que ce ne soit pas la premi\u00e8re fois qu&rsquo;Apple mettrait \u00e0 jour ses \u00e9crans d&rsquo;ordinateur portable, nous avons maintenant une mise \u00e0 jour de la chronologie. <\/p>\n<div class=\"mx-auto mb-12 mt-5 w-full max-w-3xl rounded-md border-2 border-gray-100 p-3 shadow-md md:px-7 md:pb-7 md:pt-5\" id=\"related-video\">\n<div class=\"mb-3 flex items-center md:mb-5\">\n        <img decoding=\"async\" class=\"mr-4 mt-0 h-10 w-10 md:mr-5 md:h-12 md:w-12\" src=\"https:\/\/vieassociative.be\/actualites\/wp-content\/uploads\/2025\/09\/1757726237_608_Meta-pourrait-devoiler-une-montre-intelligente-pour-controler-ses-lunettes.jpg\" alt=\"Logo Lifehacker\"><\/p><\/div>\n<div class=\"aspect-video w-full overflow-hidden rounded-md\">\n<div id=\"video-container-01K5SBXZY5EKNAH74AZY4HZE96\"><\/div>\n<\/p><\/div>\n<\/div>\n<p>Selon un article que Kuo a fait \u00e0 X le 17 septembre, le MacBook Pro sera le premier MacBook \u00e0 recevoir une mise \u00e0 jour OLED, et en prime, le nouvel \u00e9cran prendra \u00e9galement en charge le toucher. Le mod\u00e8le am\u00e9lior\u00e9 \u00abdevrait entrer dans la production de masse \u00e0 la fin de 2026\u00bb, bien que comme c&rsquo;est le cas pour le cours avec ces fuites, le poste n&rsquo;a pas indiqu\u00e9 de sources particuli\u00e8res pour soutenir cela. Cependant, si vous lisez entre les lignes et regardez les sp\u00e9culations compl\u00e9mentaires pass\u00e9es de Kuo, c&rsquo;est probablement une source anonyme d&rsquo;Apple.<\/p>\n<p>Pour un peu d&rsquo;assurance, Gurman, qui s&rsquo;appuie \u00e9galement fr\u00e9quemment sur de telles sources, a rapidement \u00e9t\u00e9 d&rsquo;accord avec les affirmations de Kuo dans sa puissance hebdomadaire sur la newsletter ce week-end, pointant son reportage original sur le sujet de 2023. Cependant, le journaliste a \u00e9galement ajout\u00e9 que la date de publication r\u00e9elle pourrait \u00eatre plus proche du d\u00e9but de 2027, selon la fa\u00e7on dont Apple peut faire l&rsquo;offre de l&rsquo;approvisionnement. Il a \u00e9galement pr\u00e9cis\u00e9 que, techniquement, la refonte a \u00e9t\u00e9 pr\u00e9vue pour cette ann\u00e9e, mais a \u00e9t\u00e9 renvoy\u00e9 \u00aben raison de probl\u00e8mes d&rsquo;approvisionnement en OLED\u00bb.<\/p>\n<p>Quant au reste de la gamme MacBook d&rsquo;Apple, aucun expert n&rsquo;a de mises \u00e0 jour \u00e0 cette fin, bien que Gurman sp\u00e9cule que \u00absi Touch r\u00e9sonne sur le MacBook Pro, je m&rsquo;attends \u00e0 ce qu&rsquo;il finisse par arriver \u00e0 d&rsquo;autres Mac \u00e9galement\u00bb.<\/p>\n<p>Bien que les avantages d&rsquo;un ordinateur portable \u00e0 \u00e9cran tactile soient assez explicites, OLED est plus \u00e9lev\u00e9 sur ma liste de souhaits personnelle. Les pixels auto-illuminants de la technologie aideront le contraste, oui, mais comme sur l&rsquo;iPhone, ils devraient \u00e9galement aider \u00e0 la dur\u00e9e de vie de la batterie. En effet, si les MacBook actuels reposent sur un r\u00e9tro-\u00e9clairage qui s&rsquo;\u00e9tend sur l&rsquo;ensemble de l&rsquo;\u00e9cran, les parties d&rsquo;un \u00e9cran OLED peuvent rester \u00e9teintes lorsqu&rsquo;ils ne sont pas utilis\u00e9s.<\/p>\n<p>Il est \u00e0 noter que le calendrier propos\u00e9 de Kuo et Gurman correspond \u00e9galement \u00e0 la sortie de l&rsquo;iPad Pro l&rsquo;ann\u00e9e derni\u00e8re, qui est pass\u00e9 \u00e0 un \u00e9cran OLED pour la premi\u00e8re fois. \u00c9tant donn\u00e9 que les iPados 26 ont \u00e9galement r\u00e9organis\u00e9 l&rsquo;exp\u00e9rience utilisateur de l&rsquo;iPad pour ressembler beaucoup plus \u00e0 l&rsquo;utilisation d&rsquo;un MacBook, il est probable qu&rsquo;Apple pr\u00e9voit actuellement plus de parit\u00e9 entre ses cat\u00e9gories de produits.<\/p>\n<p>Sur cette note, le post de Kuo a \u00e9galement rappel\u00e9 aux lecteurs qu&rsquo;un potentiel MacBook \u00e0 moindre co\u00fbt qui utilise un processeur d&rsquo;iPhone pourrait \u00eatre en pr\u00e9paration pour plus tard cette ann\u00e9e, bien que les d\u00e9tails soient encore largement dans l&rsquo;obscurit\u00e9 \u00e0 ce stade. L&rsquo;analyste a cependant d\u00e9clar\u00e9 que ce mod\u00e8le n&rsquo;inclurait probablement pas le support tactile, bien que cela puisse changer \u00e0 l&rsquo;avenir.<\/p>\n<p>En ce qui concerne les autres produits Apple, \u00e9galement en grande partie dans l&rsquo;obscurit\u00e9, un iPhone pliable potentiel, qui, selon Gurman, \u00ab\u00a0sera la star de la gamme de produits d&rsquo;Apple 2026\u00a0\u00bb. Comme pr\u00e9vu par mon coll\u00e8gue David Nield, les sources du journaliste lui disent de plus en plus que \u00ables utilisateurs devraient imaginer que deux iPhone de titane sont \u00e9galement partisans\u00bb, mais les tarifs et les d\u00e9tails de la date de sortie sont toujours \u00e0 la hauteur de l&rsquo;imagination pour l&rsquo;instant.<\/p>\n","protected":false},"excerpt":{"rendered":"<p>Combien de temps \u00eates-vous pr\u00eat \u00e0 attendre pour mettre \u00e0 niveau votre MacBook Pro? Saviez-vous que vous pouvez personnaliser Google pour filtrer les ordures? Prendre<\/p>\n","protected":false},"author":1,"featured_media":10187,"comment_status":"","ping_status":"","sticky":false,"template":"","format":"standard","meta":{"footnotes":""},"categories":[13],"tags":[1479,2382,23,686,1041,599,8632],"class_list":["post-10186","post","type-post","status-publish","format-standard","has-post-thumbnail","hentry","category-technologie","tag-coin","tag-ecran","tag-etre","tag-macbook","tag-pourrait","tag-rue","tag-tactile","generate-columns","tablet-grid-50","mobile-grid-100","grid-parent","grid-33"],"yoast_head":"<!-- This site is optimized with the Yoast SEO plugin v24.0 - https:\/\/yoast.com\/wordpress\/plugins\/seo\/ -->\n<title>Un macbook \u00e0 \u00e9cran tactile pourrait \u00eatre au coin de la rue | Vie Associative<\/title>\n<meta name=\"robots\" content=\"index, follow, max-snippet:-1, max-image-preview:large, max-video-preview:-1\" \/>\n<link rel=\"canonical\" href=\"https:\/\/vieassociative.be\/actualites\/un-macbook-a-ecran-tactile-pourrait-etre-au-coin-de-la-rue\/\" \/>\n<meta property=\"og:locale\" content=\"fr_FR\" \/>\n<meta property=\"og:type\" content=\"article\" \/>\n<meta property=\"og:title\" content=\"Un macbook \u00e0 \u00e9cran tactile pourrait \u00eatre au coin de la rue | Vie Associative\" \/>\n<meta property=\"og:description\" content=\"Combien de temps \u00eates-vous pr\u00eat \u00e0 attendre pour mettre \u00e0 niveau votre MacBook Pro? Saviez-vous que vous pouvez personnaliser Google pour filtrer les ordures? Prendre\" \/>\n<meta property=\"og:url\" content=\"https:\/\/vieassociative.be\/actualites\/un-macbook-a-ecran-tactile-pourrait-etre-au-coin-de-la-rue\/\" \/>\n<meta property=\"og:site_name\" content=\"Vie Associative\" \/>\n<meta property=\"article:published_time\" content=\"2025-09-22T19:17:27+00:00\" \/>\n<meta property=\"og:image\" content=\"https:\/\/vieassociative.be\/actualites\/wp-content\/uploads\/2025\/09\/1757726237_608_Meta-pourrait-devoiler-une-montre-intelligente-pour-controler-ses-lunettes.jpg\" \/>\n<meta name=\"author\" content=\"Julien\" \/>\n<meta name=\"twitter:card\" content=\"summary_large_image\" \/>\n<meta name=\"twitter:label1\" content=\"\u00c9crit par\" \/>\n\t<meta name=\"twitter:data1\" content=\"Julien\" \/>\n\t<meta name=\"twitter:label2\" content=\"Dur\u00e9e de lecture est.\" \/>\n\t<meta name=\"twitter:data2\" content=\"4 minutes\" \/>\n<script type=\"application\/ld+json\" class=\"yoast-schema-graph\">{\"@context\":\"https:\/\/schema.org\",\"@graph\":[{\"@type\":\"Article\",\"@id\":\"https:\/\/vieassociative.be\/actualites\/un-macbook-a-ecran-tactile-pourrait-etre-au-coin-de-la-rue\/#article\",\"isPartOf\":{\"@id\":\"https:\/\/vieassociative.be\/actualites\/un-macbook-a-ecran-tactile-pourrait-etre-au-coin-de-la-rue\/\"},\"author\":{\"name\":\"Julien\",\"@id\":\"https:\/\/vieassociative.be\/actualites\/#\/schema\/person\/b87ac4f82f9d4e7b7cec7395b679edc4\"},\"headline\":\"Un macbook \u00e0 \u00e9cran tactile pourrait \u00eatre au coin de la rue\",\"datePublished\":\"2025-09-22T19:17:27+00:00\",\"dateModified\":\"2025-09-22T19:17:27+00:00\",\"mainEntityOfPage\":{\"@id\":\"https:\/\/vieassociative.be\/actualites\/un-macbook-a-ecran-tactile-pourrait-etre-au-coin-de-la-rue\/\"},\"wordCount\":784,\"publisher\":{\"@id\":\"https:\/\/vieassociative.be\/actualites\/#organization\"},\"image\":{\"@id\":\"https:\/\/vieassociative.be\/actualites\/un-macbook-a-ecran-tactile-pourrait-etre-au-coin-de-la-rue\/#primaryimage\"},\"thumbnailUrl\":\"https:\/\/vieassociative.be\/actualites\/wp-content\/uploads\/2025\/09\/Un-macbook-a-ecran-tactile-pourrait-etre-au-coin-de.png\",\"keywords\":[\"coin\",\"\u00e9cran\",\"\u00eatre\",\"MacBook\",\"pourrait\",\"rue\",\"tactile\"],\"articleSection\":[\"Technologie\"],\"inLanguage\":\"fr-BE\"},{\"@type\":\"WebPage\",\"@id\":\"https:\/\/vieassociative.be\/actualites\/un-macbook-a-ecran-tactile-pourrait-etre-au-coin-de-la-rue\/\",\"url\":\"https:\/\/vieassociative.be\/actualites\/un-macbook-a-ecran-tactile-pourrait-etre-au-coin-de-la-rue\/\",\"name\":\"Un macbook \u00e0 \u00e9cran tactile pourrait \u00eatre au coin de la rue | Vie Associative\",\"isPartOf\":{\"@id\":\"https:\/\/vieassociative.be\/actualites\/#website\"},\"primaryImageOfPage\":{\"@id\":\"https:\/\/vieassociative.be\/actualites\/un-macbook-a-ecran-tactile-pourrait-etre-au-coin-de-la-rue\/#primaryimage\"},\"image\":{\"@id\":\"https:\/\/vieassociative.be\/actualites\/un-macbook-a-ecran-tactile-pourrait-etre-au-coin-de-la-rue\/#primaryimage\"},\"thumbnailUrl\":\"https:\/\/vieassociative.be\/actualites\/wp-content\/uploads\/2025\/09\/Un-macbook-a-ecran-tactile-pourrait-etre-au-coin-de.png\",\"datePublished\":\"2025-09-22T19:17:27+00:00\",\"dateModified\":\"2025-09-22T19:17:27+00:00\",\"breadcrumb\":{\"@id\":\"https:\/\/vieassociative.be\/actualites\/un-macbook-a-ecran-tactile-pourrait-etre-au-coin-de-la-rue\/#breadcrumb\"},\"inLanguage\":\"fr-BE\",\"potentialAction\":[{\"@type\":\"ReadAction\",\"target\":[\"https:\/\/vieassociative.be\/actualites\/un-macbook-a-ecran-tactile-pourrait-etre-au-coin-de-la-rue\/\"]}]},{\"@type\":\"ImageObject\",\"inLanguage\":\"fr-BE\",\"@id\":\"https:\/\/vieassociative.be\/actualites\/un-macbook-a-ecran-tactile-pourrait-etre-au-coin-de-la-rue\/#primaryimage\",\"url\":\"https:\/\/vieassociative.be\/actualites\/wp-content\/uploads\/2025\/09\/Un-macbook-a-ecran-tactile-pourrait-etre-au-coin-de.png\",\"contentUrl\":\"https:\/\/vieassociative.be\/actualites\/wp-content\/uploads\/2025\/09\/Un-macbook-a-ecran-tactile-pourrait-etre-au-coin-de.png\",\"width\":1200,\"height\":675,\"caption\":\"Un macbook \u00e0 \u00e9cran tactile pourrait \u00eatre au coin de la rue\"},{\"@type\":\"BreadcrumbList\",\"@id\":\"https:\/\/vieassociative.be\/actualites\/un-macbook-a-ecran-tactile-pourrait-etre-au-coin-de-la-rue\/#breadcrumb\",\"itemListElement\":[{\"@type\":\"ListItem\",\"position\":1,\"name\":\"Accueil\",\"item\":\"https:\/\/vieassociative.be\/actualites\/\"},{\"@type\":\"ListItem\",\"position\":2,\"name\":\"Un macbook \u00e0 \u00e9cran tactile pourrait \u00eatre au coin de la rue\"}]},{\"@type\":\"WebSite\",\"@id\":\"https:\/\/vieassociative.be\/actualites\/#website\",\"url\":\"https:\/\/vieassociative.be\/actualites\/\",\"name\":\"Vie Associative\",\"description\":\"\",\"publisher\":{\"@id\":\"https:\/\/vieassociative.be\/actualites\/#organization\"},\"potentialAction\":[{\"@type\":\"SearchAction\",\"target\":{\"@type\":\"EntryPoint\",\"urlTemplate\":\"https:\/\/vieassociative.be\/actualites\/?s={search_term_string}\"},\"query-input\":{\"@type\":\"PropertyValueSpecification\",\"valueRequired\":true,\"valueName\":\"search_term_string\"}}],\"inLanguage\":\"fr-BE\"},{\"@type\":\"Organization\",\"@id\":\"https:\/\/vieassociative.be\/actualites\/#organization\",\"name\":\"Vie Associative\",\"url\":\"https:\/\/vieassociative.be\/actualites\/\",\"logo\":{\"@type\":\"ImageObject\",\"inLanguage\":\"fr-BE\",\"@id\":\"https:\/\/vieassociative.be\/actualites\/#\/schema\/logo\/image\/\",\"url\":\"https:\/\/vieassociative.be\/actualites\/wp-content\/uploads\/2024\/09\/cropped-vieassociative_favicon.ico.png\",\"contentUrl\":\"https:\/\/vieassociative.be\/actualites\/wp-content\/uploads\/2024\/09\/cropped-vieassociative_favicon.ico.png\",\"width\":512,\"height\":512,\"caption\":\"Vie Associative\"},\"image\":{\"@id\":\"https:\/\/vieassociative.be\/actualites\/#\/schema\/logo\/image\/\"}},{\"@type\":\"Person\",\"@id\":\"https:\/\/vieassociative.be\/actualites\/#\/schema\/person\/b87ac4f82f9d4e7b7cec7395b679edc4\",\"name\":\"Julien\",\"image\":{\"@type\":\"ImageObject\",\"inLanguage\":\"fr-BE\",\"@id\":\"https:\/\/vieassociative.be\/actualites\/#\/schema\/person\/image\/\",\"url\":\"https:\/\/vieassociative.be\/actualites\/wp-content\/uploads\/2024\/09\/vie-associative-1-150x150.jpg\",\"contentUrl\":\"https:\/\/vieassociative.be\/actualites\/wp-content\/uploads\/2024\/09\/vie-associative-1-150x150.jpg\",\"caption\":\"Julien\"},\"description\":\"Je suis Julien, r\u00e9dacteur pour Vie Associative. Passionn\u00e9 par le monde associatif depuis plus de 10 ans, j'ai \u00e0 c\u0153ur de partager des histoires inspirantes et de mettre en lumi\u00e8re les initiatives locales. Mon objectif est de sensibiliser et d'encourager l'engagement communautaire \u00e0 travers mes articles.\",\"sameAs\":[\"https:\/\/vieassociative.be\/\"]}]}<\/script>\n<!-- \/ Yoast SEO plugin. -->","yoast_head_json":{"title":"Un macbook \u00e0 \u00e9cran tactile pourrait \u00eatre au coin de la rue | Vie Associative","robots":{"index":"index","follow":"follow","max-snippet":"max-snippet:-1","max-image-preview":"max-image-preview:large","max-video-preview":"max-video-preview:-1"},"canonical":"https:\/\/vieassociative.be\/actualites\/un-macbook-a-ecran-tactile-pourrait-etre-au-coin-de-la-rue\/","og_locale":"fr_FR","og_type":"article","og_title":"Un macbook \u00e0 \u00e9cran tactile pourrait \u00eatre au coin de la rue | Vie Associative","og_description":"Combien de temps \u00eates-vous pr\u00eat \u00e0 attendre pour mettre \u00e0 niveau votre MacBook Pro? Saviez-vous que vous pouvez personnaliser Google pour filtrer les ordures? Prendre","og_url":"https:\/\/vieassociative.be\/actualites\/un-macbook-a-ecran-tactile-pourrait-etre-au-coin-de-la-rue\/","og_site_name":"Vie Associative","article_published_time":"2025-09-22T19:17:27+00:00","og_image":[{"url":"https:\/\/vieassociative.be\/actualites\/wp-content\/uploads\/2025\/09\/1757726237_608_Meta-pourrait-devoiler-une-montre-intelligente-pour-controler-ses-lunettes.jpg","type":"","width":"","height":""}],"author":"Julien","twitter_card":"summary_large_image","twitter_misc":{"\u00c9crit par":"Julien","Dur\u00e9e de lecture est.":"4 minutes"},"schema":{"@context":"https:\/\/schema.org","@graph":[{"@type":"Article","@id":"https:\/\/vieassociative.be\/actualites\/un-macbook-a-ecran-tactile-pourrait-etre-au-coin-de-la-rue\/#article","isPartOf":{"@id":"https:\/\/vieassociative.be\/actualites\/un-macbook-a-ecran-tactile-pourrait-etre-au-coin-de-la-rue\/"},"author":{"name":"Julien","@id":"https:\/\/vieassociative.be\/actualites\/#\/schema\/person\/b87ac4f82f9d4e7b7cec7395b679edc4"},"headline":"Un macbook \u00e0 \u00e9cran tactile pourrait \u00eatre au coin de la rue","datePublished":"2025-09-22T19:17:27+00:00","dateModified":"2025-09-22T19:17:27+00:00","mainEntityOfPage":{"@id":"https:\/\/vieassociative.be\/actualites\/un-macbook-a-ecran-tactile-pourrait-etre-au-coin-de-la-rue\/"},"wordCount":784,"publisher":{"@id":"https:\/\/vieassociative.be\/actualites\/#organization"},"image":{"@id":"https:\/\/vieassociative.be\/actualites\/un-macbook-a-ecran-tactile-pourrait-etre-au-coin-de-la-rue\/#primaryimage"},"thumbnailUrl":"https:\/\/vieassociative.be\/actualites\/wp-content\/uploads\/2025\/09\/Un-macbook-a-ecran-tactile-pourrait-etre-au-coin-de.png","keywords":["coin","\u00e9cran","\u00eatre","MacBook","pourrait","rue","tactile"],"articleSection":["Technologie"],"inLanguage":"fr-BE"},{"@type":"WebPage","@id":"https:\/\/vieassociative.be\/actualites\/un-macbook-a-ecran-tactile-pourrait-etre-au-coin-de-la-rue\/","url":"https:\/\/vieassociative.be\/actualites\/un-macbook-a-ecran-tactile-pourrait-etre-au-coin-de-la-rue\/","name":"Un macbook \u00e0 \u00e9cran tactile pourrait \u00eatre au coin de la rue | Vie Associative","isPartOf":{"@id":"https:\/\/vieassociative.be\/actualites\/#website"},"primaryImageOfPage":{"@id":"https:\/\/vieassociative.be\/actualites\/un-macbook-a-ecran-tactile-pourrait-etre-au-coin-de-la-rue\/#primaryimage"},"image":{"@id":"https:\/\/vieassociative.be\/actualites\/un-macbook-a-ecran-tactile-pourrait-etre-au-coin-de-la-rue\/#primaryimage"},"thumbnailUrl":"https:\/\/vieassociative.be\/actualites\/wp-content\/uploads\/2025\/09\/Un-macbook-a-ecran-tactile-pourrait-etre-au-coin-de.png","datePublished":"2025-09-22T19:17:27+00:00","dateModified":"2025-09-22T19:17:27+00:00","breadcrumb":{"@id":"https:\/\/vieassociative.be\/actualites\/un-macbook-a-ecran-tactile-pourrait-etre-au-coin-de-la-rue\/#breadcrumb"},"inLanguage":"fr-BE","potentialAction":[{"@type":"ReadAction","target":["https:\/\/vieassociative.be\/actualites\/un-macbook-a-ecran-tactile-pourrait-etre-au-coin-de-la-rue\/"]}]},{"@type":"ImageObject","inLanguage":"fr-BE","@id":"https:\/\/vieassociative.be\/actualites\/un-macbook-a-ecran-tactile-pourrait-etre-au-coin-de-la-rue\/#primaryimage","url":"https:\/\/vieassociative.be\/actualites\/wp-content\/uploads\/2025\/09\/Un-macbook-a-ecran-tactile-pourrait-etre-au-coin-de.png","contentUrl":"https:\/\/vieassociative.be\/actualites\/wp-content\/uploads\/2025\/09\/Un-macbook-a-ecran-tactile-pourrait-etre-au-coin-de.png","width":1200,"height":675,"caption":"Un macbook \u00e0 \u00e9cran tactile pourrait \u00eatre au coin de la rue"},{"@type":"BreadcrumbList","@id":"https:\/\/vieassociative.be\/actualites\/un-macbook-a-ecran-tactile-pourrait-etre-au-coin-de-la-rue\/#breadcrumb","itemListElement":[{"@type":"ListItem","position":1,"name":"Accueil","item":"https:\/\/vieassociative.be\/actualites\/"},{"@type":"ListItem","position":2,"name":"Un macbook \u00e0 \u00e9cran tactile pourrait \u00eatre au coin de la rue"}]},{"@type":"WebSite","@id":"https:\/\/vieassociative.be\/actualites\/#website","url":"https:\/\/vieassociative.be\/actualites\/","name":"Vie Associative","description":"","publisher":{"@id":"https:\/\/vieassociative.be\/actualites\/#organization"},"potentialAction":[{"@type":"SearchAction","target":{"@type":"EntryPoint","urlTemplate":"https:\/\/vieassociative.be\/actualites\/?s={search_term_string}"},"query-input":{"@type":"PropertyValueSpecification","valueRequired":true,"valueName":"search_term_string"}}],"inLanguage":"fr-BE"},{"@type":"Organization","@id":"https:\/\/vieassociative.be\/actualites\/#organization","name":"Vie Associative","url":"https:\/\/vieassociative.be\/actualites\/","logo":{"@type":"ImageObject","inLanguage":"fr-BE","@id":"https:\/\/vieassociative.be\/actualites\/#\/schema\/logo\/image\/","url":"https:\/\/vieassociative.be\/actualites\/wp-content\/uploads\/2024\/09\/cropped-vieassociative_favicon.ico.png","contentUrl":"https:\/\/vieassociative.be\/actualites\/wp-content\/uploads\/2024\/09\/cropped-vieassociative_favicon.ico.png","width":512,"height":512,"caption":"Vie Associative"},"image":{"@id":"https:\/\/vieassociative.be\/actualites\/#\/schema\/logo\/image\/"}},{"@type":"Person","@id":"https:\/\/vieassociative.be\/actualites\/#\/schema\/person\/b87ac4f82f9d4e7b7cec7395b679edc4","name":"Julien","image":{"@type":"ImageObject","inLanguage":"fr-BE","@id":"https:\/\/vieassociative.be\/actualites\/#\/schema\/person\/image\/","url":"https:\/\/vieassociative.be\/actualites\/wp-content\/uploads\/2024\/09\/vie-associative-1-150x150.jpg","contentUrl":"https:\/\/vieassociative.be\/actualites\/wp-content\/uploads\/2024\/09\/vie-associative-1-150x150.jpg","caption":"Julien"},"description":"Je suis Julien, r\u00e9dacteur pour Vie Associative. Passionn\u00e9 par le monde associatif depuis plus de 10 ans, j'ai \u00e0 c\u0153ur de partager des histoires inspirantes et de mettre en lumi\u00e8re les initiatives locales. Mon objectif est de sensibiliser et d'encourager l'engagement communautaire \u00e0 travers mes articles.","sameAs":["https:\/\/vieassociative.be\/"]}]}},"_links":{"self":[{"href":"https:\/\/vieassociative.be\/actualites\/wp-json\/wp\/v2\/posts\/10186"}],"collection":[{"href":"https:\/\/vieassociative.be\/actualites\/wp-json\/wp\/v2\/posts"}],"about":[{"href":"https:\/\/vieassociative.be\/actualites\/wp-json\/wp\/v2\/types\/post"}],"author":[{"embeddable":true,"href":"https:\/\/vieassociative.be\/actualites\/wp-json\/wp\/v2\/users\/1"}],"replies":[{"embeddable":true,"href":"https:\/\/vieassociative.be\/actualites\/wp-json\/wp\/v2\/comments?post=10186"}],"version-history":[{"count":0,"href":"https:\/\/vieassociative.be\/actualites\/wp-json\/wp\/v2\/posts\/10186\/revisions"}],"wp:featuredmedia":[{"embeddable":true,"href":"https:\/\/vieassociative.be\/actualites\/wp-json\/wp\/v2\/media\/10187"}],"wp:attachment":[{"href":"https:\/\/vieassociative.be\/actualites\/wp-json\/wp\/v2\/media?parent=10186"}],"wp:term":[{"taxonomy":"category","embeddable":true,"href":"https:\/\/vieassociative.be\/actualites\/wp-json\/wp\/v2\/categories?post=10186"},{"taxonomy":"post_tag","embeddable":true,"href":"https:\/\/vieassociative.be\/actualites\/wp-json\/wp\/v2\/tags?post=10186"}],"curies":[{"name":"wp","href":"https:\/\/api.w.org\/{rel}","templated":true}]}}