{"id":10182,"date":"2025-09-22T16:16:57","date_gmt":"2025-09-22T14:16:57","guid":{"rendered":"https:\/\/vieassociative.be\/actualites\/spirletomobiles-participe-a-ford-food-drive-donations-alimentaires-pour-les-personnes-dans-le-besoin\/"},"modified":"2025-09-22T16:16:57","modified_gmt":"2025-09-22T14:16:57","slug":"spirletomobiles-participe-a-ford-food-drive-donations-alimentaires-pour-les-personnes-dans-le-besoin","status":"publish","type":"post","link":"https:\/\/vieassociative.be\/actualites\/spirletomobiles-participe-a-ford-food-drive-donations-alimentaires-pour-les-personnes-dans-le-besoin\/","title":{"rendered":"Spirl\u00e9tomobiles participe \u00e0 \u00ab\u00a0Ford Food Drive\u00a0\u00bb &#8211; \u200b\u200bDonations alimentaires pour les personnes dans le besoin"},"content":{"rendered":"<p><strong>La \u00ab\u00a0Ford Food Drive\u00a0\u00bb est une initiative de Ford (Ford Motor Company) avec les concessionnaires Ford. Des dons non alimentaires (aliments conserv\u00e9s ou durables) sont collect\u00e9s pour soutenir les organisations d&rsquo;aide dans le besoin et locales.<\/strong><\/p>\n<p><span id=\"more-425174\"><\/span>Les concessionnaires Ford agissent comme des points de collecte dans lesquels les aliments peuvent \u00eatre remis. Spirletomobiles participe \u00e9galement \u00e0 la campagne. Les \u00e9piceries collect\u00e9es sont transmises aux organisations et plaques locales que vous distribuez aux n\u00e9cessiteux.<\/p>\n<p>Les articles qui sont donn\u00e9s ne sont g\u00e9n\u00e9ralement pas p\u00e9rissables (\u00abaliments non p\u00e9rissables\u00bb): canettes, nourriture s\u00e8che, riz, p\u00e2tes, etc.<\/p>\n<p><img fetchpriority=\"high\" decoding=\"async\" class=\"alignleft wp-image-425184 size-medium\" src=\"https:\/\/vieassociative.be\/actualites\/wp-content\/uploads\/2025\/09\/Spirletomobiles-participe-a-Ford-Food-Drive-\u200b\u200bDonations-alimentaires-pour.jpg\" alt=\"\" width=\"300\" height=\"300\"  >Ford s&rsquo;est fix\u00e9 des objectifs ambitieux et souhaite collecter plus d&rsquo;un million de livres de nourriture (environ 450 000 kg) dans le monde sur une certaine p\u00e9riode de temps. L&rsquo;objectif est d&rsquo;attirer l&rsquo;attention sur la faim et l&rsquo;incertitude nutritionnelle et d&rsquo;aider directement.<\/p>\n<p>Le 25 septembre, Spirlet Carobiles participera \u00e0 la campagne \u00ab\u00a0Ford Food Drive\u00a0\u00bb. Dans nos concessionnaires automobiles \u00e0 Trois-Ponts, Li\u00e8ge et Quads, nous avons ouvert le coffre de certains v\u00e9hicules sp\u00e9cialement s\u00e9lectionn\u00e9s pour accepter leurs dons.<\/p>\n<p>Nous attendons simplement que vous remplissiez le coffre. Vous pouvez remettre les aliments suivants: aliments en conserve (l\u00e9gumes, viande, poisson, soupe &#8230;), riz, p\u00e2tes, caf\u00e9, H-lait, hygi\u00e8ne (savon, dentifrice, gel de douche &#8230;), articles pour b\u00e9b\u00e9 (couches, lait en poudre, verres).<\/p>\n<p>Chaque geste compte! Ensemble, nous pouvons remplir le coffre et aider ceux qui en ont besoin le plus d&rsquo;urgence.<\/p>\n<p>Nous vous remercions d&rsquo;avance pour votre solidarit\u00e9 et votre participation \u00e0 cette belle initiative.<\/p>\n<p><em><strong>Gueule de spirlet<\/strong><\/em><\/p>\n<ul>\n<li>Rue Haroun Tazieff 10, 4032 Li\u00e8ge (Ch\u00eanee) &#8211; T\u00e9l. 04\/344 01 01<\/li>\n<li>Rue de Limbourg 93-95, 4800 Verviers-Tel. 087\/34 06 06<\/li>\n<li>Route de COO 72, 4980 Trois-Pont-Tel. 080\/68 45 81<\/li>\n<li>E-mail: <u>info@spiretautomobiles.be<\/u><\/li>\n<li>Internet: <u>http:\/\/www.spirletautomobiles.be\/<\/u><\/li>\n<\/ul>\n","protected":false},"excerpt":{"rendered":"<p>La \u00ab\u00a0Ford Food Drive\u00a0\u00bb est une initiative de Ford (Ford Motor Company) avec les concessionnaires Ford. Des dons non alimentaires (aliments conserv\u00e9s ou durables) sont<\/p>\n","protected":false},"author":1,"featured_media":10183,"comment_status":"","ping_status":"","sticky":false,"template":"","format":"standard","meta":{"footnotes":""},"categories":[298],"tags":[2033,259,166,8628,8627,8626,6935,14,3263,714,81,8625],"class_list":["post-10182","post","type-post","status-publish","format-standard","has-post-thumbnail","hentry","category-belgique","tag-alimentaires","tag-besoin","tag-dans","tag-donations","tag-drive","tag-food","tag-ford","tag-les","tag-participe","tag-personnes","tag-pour","tag-spirletomobiles","generate-columns","tablet-grid-50","mobile-grid-100","grid-parent","grid-33"],"yoast_head":"<!-- This site is optimized with the Yoast SEO plugin v24.0 - https:\/\/yoast.com\/wordpress\/plugins\/seo\/ -->\n<title>Spirl\u00e9tomobiles participe \u00e0 &quot;Ford Food Drive&quot; - \u200b\u200bDonations alimentaires pour les personnes dans le besoin | Vie Associative<\/title>\n<meta name=\"robots\" content=\"index, follow, max-snippet:-1, max-image-preview:large, max-video-preview:-1\" \/>\n<link rel=\"canonical\" href=\"https:\/\/vieassociative.be\/actualites\/spirletomobiles-participe-a-ford-food-drive-donations-alimentaires-pour-les-personnes-dans-le-besoin\/\" \/>\n<meta property=\"og:locale\" content=\"fr_FR\" \/>\n<meta property=\"og:type\" content=\"article\" \/>\n<meta property=\"og:title\" content=\"Spirl\u00e9tomobiles participe \u00e0 &quot;Ford Food Drive&quot; - \u200b\u200bDonations alimentaires pour les personnes dans le besoin | Vie Associative\" \/>\n<meta property=\"og:description\" content=\"La \u00ab\u00a0Ford Food Drive\u00a0\u00bb est une initiative de Ford (Ford Motor Company) avec les concessionnaires Ford. Des dons non alimentaires (aliments conserv\u00e9s ou durables) sont\" \/>\n<meta property=\"og:url\" content=\"https:\/\/vieassociative.be\/actualites\/spirletomobiles-participe-a-ford-food-drive-donations-alimentaires-pour-les-personnes-dans-le-besoin\/\" \/>\n<meta property=\"og:site_name\" content=\"Vie Associative\" \/>\n<meta property=\"article:published_time\" content=\"2025-09-22T14:16:57+00:00\" \/>\n<meta property=\"og:image\" content=\"https:\/\/vieassociative.be\/actualites\/wp-content\/uploads\/2024\/09\/header_backgroundk-01-e1726694325946.png\" \/>\n\t<meta property=\"og:image:width\" content=\"279\" \/>\n\t<meta property=\"og:image:height\" content=\"92\" \/>\n\t<meta property=\"og:image:type\" content=\"image\/png\" \/>\n<meta name=\"author\" content=\"Julien\" \/>\n<meta name=\"twitter:card\" content=\"summary_large_image\" \/>\n<meta name=\"twitter:label1\" content=\"\u00c9crit par\" \/>\n\t<meta name=\"twitter:data1\" content=\"Julien\" \/>\n\t<meta name=\"twitter:label2\" content=\"Dur\u00e9e de lecture est.\" \/>\n\t<meta name=\"twitter:data2\" content=\"1 minute\" \/>\n<script type=\"application\/ld+json\" class=\"yoast-schema-graph\">{\"@context\":\"https:\/\/schema.org\",\"@graph\":[{\"@type\":\"Article\",\"@id\":\"https:\/\/vieassociative.be\/actualites\/spirletomobiles-participe-a-ford-food-drive-donations-alimentaires-pour-les-personnes-dans-le-besoin\/#article\",\"isPartOf\":{\"@id\":\"https:\/\/vieassociative.be\/actualites\/spirletomobiles-participe-a-ford-food-drive-donations-alimentaires-pour-les-personnes-dans-le-besoin\/\"},\"author\":{\"name\":\"Julien\",\"@id\":\"https:\/\/vieassociative.be\/actualites\/#\/schema\/person\/b87ac4f82f9d4e7b7cec7395b679edc4\"},\"headline\":\"Spirl\u00e9tomobiles participe \u00e0 \u00ab\u00a0Ford Food Drive\u00a0\u00bb &#8211; \u200b\u200bDonations alimentaires pour les personnes dans le besoin\",\"datePublished\":\"2025-09-22T14:16:57+00:00\",\"dateModified\":\"2025-09-22T14:16:57+00:00\",\"mainEntityOfPage\":{\"@id\":\"https:\/\/vieassociative.be\/actualites\/spirletomobiles-participe-a-ford-food-drive-donations-alimentaires-pour-les-personnes-dans-le-besoin\/\"},\"wordCount\":311,\"publisher\":{\"@id\":\"https:\/\/vieassociative.be\/actualites\/#organization\"},\"image\":{\"@id\":\"https:\/\/vieassociative.be\/actualites\/spirletomobiles-participe-a-ford-food-drive-donations-alimentaires-pour-les-personnes-dans-le-besoin\/#primaryimage\"},\"thumbnailUrl\":\"https:\/\/vieassociative.be\/actualites\/wp-content\/uploads\/2025\/09\/1758550617_Spirletomobiles-participe-a-Ford-Food-Drive-\u200b\u200bDonations-alimentaires-pour.jpg\",\"keywords\":[\"alimentaires\",\"besoin\",\"dans\",\"Donations\",\"Drive\",\"Food\",\"Ford\",\"Les\",\"participe\",\"personnes\",\"pour\",\"Spirl\u00e9tomobiles\"],\"articleSection\":[\"Belgique\"],\"inLanguage\":\"fr-BE\"},{\"@type\":\"WebPage\",\"@id\":\"https:\/\/vieassociative.be\/actualites\/spirletomobiles-participe-a-ford-food-drive-donations-alimentaires-pour-les-personnes-dans-le-besoin\/\",\"url\":\"https:\/\/vieassociative.be\/actualites\/spirletomobiles-participe-a-ford-food-drive-donations-alimentaires-pour-les-personnes-dans-le-besoin\/\",\"name\":\"Spirl\u00e9tomobiles participe \u00e0 \\\"Ford Food Drive\\\" - \u200b\u200bDonations alimentaires pour les personnes dans le besoin | Vie Associative\",\"isPartOf\":{\"@id\":\"https:\/\/vieassociative.be\/actualites\/#website\"},\"primaryImageOfPage\":{\"@id\":\"https:\/\/vieassociative.be\/actualites\/spirletomobiles-participe-a-ford-food-drive-donations-alimentaires-pour-les-personnes-dans-le-besoin\/#primaryimage\"},\"image\":{\"@id\":\"https:\/\/vieassociative.be\/actualites\/spirletomobiles-participe-a-ford-food-drive-donations-alimentaires-pour-les-personnes-dans-le-besoin\/#primaryimage\"},\"thumbnailUrl\":\"https:\/\/vieassociative.be\/actualites\/wp-content\/uploads\/2025\/09\/1758550617_Spirletomobiles-participe-a-Ford-Food-Drive-\u200b\u200bDonations-alimentaires-pour.jpg\",\"datePublished\":\"2025-09-22T14:16:57+00:00\",\"dateModified\":\"2025-09-22T14:16:57+00:00\",\"breadcrumb\":{\"@id\":\"https:\/\/vieassociative.be\/actualites\/spirletomobiles-participe-a-ford-food-drive-donations-alimentaires-pour-les-personnes-dans-le-besoin\/#breadcrumb\"},\"inLanguage\":\"fr-BE\",\"potentialAction\":[{\"@type\":\"ReadAction\",\"target\":[\"https:\/\/vieassociative.be\/actualites\/spirletomobiles-participe-a-ford-food-drive-donations-alimentaires-pour-les-personnes-dans-le-besoin\/\"]}]},{\"@type\":\"ImageObject\",\"inLanguage\":\"fr-BE\",\"@id\":\"https:\/\/vieassociative.be\/actualites\/spirletomobiles-participe-a-ford-food-drive-donations-alimentaires-pour-les-personnes-dans-le-besoin\/#primaryimage\",\"url\":\"https:\/\/vieassociative.be\/actualites\/wp-content\/uploads\/2025\/09\/1758550617_Spirletomobiles-participe-a-Ford-Food-Drive-\u200b\u200bDonations-alimentaires-pour.jpg\",\"contentUrl\":\"https:\/\/vieassociative.be\/actualites\/wp-content\/uploads\/2025\/09\/1758550617_Spirletomobiles-participe-a-Ford-Food-Drive-\u200b\u200bDonations-alimentaires-pour.jpg\",\"width\":1200,\"height\":800,\"caption\":\"Spirl\u00e9tomobiles participe \u00e0 \\\"Ford Food Drive\\\" - \u200b\u200bDonations alimentaires pour les personnes dans le besoin\"},{\"@type\":\"BreadcrumbList\",\"@id\":\"https:\/\/vieassociative.be\/actualites\/spirletomobiles-participe-a-ford-food-drive-donations-alimentaires-pour-les-personnes-dans-le-besoin\/#breadcrumb\",\"itemListElement\":[{\"@type\":\"ListItem\",\"position\":1,\"name\":\"Accueil\",\"item\":\"https:\/\/vieassociative.be\/actualites\/\"},{\"@type\":\"ListItem\",\"position\":2,\"name\":\"Spirl\u00e9tomobiles participe \u00e0 \u00ab\u00a0Ford Food Drive\u00a0\u00bb &#8211; \u200b\u200bDonations alimentaires pour les personnes dans le besoin\"}]},{\"@type\":\"WebSite\",\"@id\":\"https:\/\/vieassociative.be\/actualites\/#website\",\"url\":\"https:\/\/vieassociative.be\/actualites\/\",\"name\":\"Vie Associative\",\"description\":\"\",\"publisher\":{\"@id\":\"https:\/\/vieassociative.be\/actualites\/#organization\"},\"potentialAction\":[{\"@type\":\"SearchAction\",\"target\":{\"@type\":\"EntryPoint\",\"urlTemplate\":\"https:\/\/vieassociative.be\/actualites\/?s={search_term_string}\"},\"query-input\":{\"@type\":\"PropertyValueSpecification\",\"valueRequired\":true,\"valueName\":\"search_term_string\"}}],\"inLanguage\":\"fr-BE\"},{\"@type\":\"Organization\",\"@id\":\"https:\/\/vieassociative.be\/actualites\/#organization\",\"name\":\"Vie Associative\",\"url\":\"https:\/\/vieassociative.be\/actualites\/\",\"logo\":{\"@type\":\"ImageObject\",\"inLanguage\":\"fr-BE\",\"@id\":\"https:\/\/vieassociative.be\/actualites\/#\/schema\/logo\/image\/\",\"url\":\"https:\/\/vieassociative.be\/actualites\/wp-content\/uploads\/2024\/09\/cropped-vieassociative_favicon.ico.png\",\"contentUrl\":\"https:\/\/vieassociative.be\/actualites\/wp-content\/uploads\/2024\/09\/cropped-vieassociative_favicon.ico.png\",\"width\":512,\"height\":512,\"caption\":\"Vie Associative\"},\"image\":{\"@id\":\"https:\/\/vieassociative.be\/actualites\/#\/schema\/logo\/image\/\"}},{\"@type\":\"Person\",\"@id\":\"https:\/\/vieassociative.be\/actualites\/#\/schema\/person\/b87ac4f82f9d4e7b7cec7395b679edc4\",\"name\":\"Julien\",\"image\":{\"@type\":\"ImageObject\",\"inLanguage\":\"fr-BE\",\"@id\":\"https:\/\/vieassociative.be\/actualites\/#\/schema\/person\/image\/\",\"url\":\"https:\/\/vieassociative.be\/actualites\/wp-content\/uploads\/2024\/09\/vie-associative-1-150x150.jpg\",\"contentUrl\":\"https:\/\/vieassociative.be\/actualites\/wp-content\/uploads\/2024\/09\/vie-associative-1-150x150.jpg\",\"caption\":\"Julien\"},\"description\":\"Je suis Julien, r\u00e9dacteur pour Vie Associative. Passionn\u00e9 par le monde associatif depuis plus de 10 ans, j'ai \u00e0 c\u0153ur de partager des histoires inspirantes et de mettre en lumi\u00e8re les initiatives locales. Mon objectif est de sensibiliser et d'encourager l'engagement communautaire \u00e0 travers mes articles.\",\"sameAs\":[\"https:\/\/vieassociative.be\/\"]}]}<\/script>\n<!-- \/ Yoast SEO plugin. -->","yoast_head_json":{"title":"Spirl\u00e9tomobiles participe \u00e0 \"Ford Food Drive\" - \u200b\u200bDonations alimentaires pour les personnes dans le besoin | Vie Associative","robots":{"index":"index","follow":"follow","max-snippet":"max-snippet:-1","max-image-preview":"max-image-preview:large","max-video-preview":"max-video-preview:-1"},"canonical":"https:\/\/vieassociative.be\/actualites\/spirletomobiles-participe-a-ford-food-drive-donations-alimentaires-pour-les-personnes-dans-le-besoin\/","og_locale":"fr_FR","og_type":"article","og_title":"Spirl\u00e9tomobiles participe \u00e0 \"Ford Food Drive\" - \u200b\u200bDonations alimentaires pour les personnes dans le besoin | Vie Associative","og_description":"La \u00ab\u00a0Ford Food Drive\u00a0\u00bb est une initiative de Ford (Ford Motor Company) avec les concessionnaires Ford. Des dons non alimentaires (aliments conserv\u00e9s ou durables) sont","og_url":"https:\/\/vieassociative.be\/actualites\/spirletomobiles-participe-a-ford-food-drive-donations-alimentaires-pour-les-personnes-dans-le-besoin\/","og_site_name":"Vie Associative","article_published_time":"2025-09-22T14:16:57+00:00","og_image":[{"width":279,"height":92,"url":"https:\/\/vieassociative.be\/actualites\/wp-content\/uploads\/2024\/09\/header_backgroundk-01-e1726694325946.png","type":"image\/png"}],"author":"Julien","twitter_card":"summary_large_image","twitter_misc":{"\u00c9crit par":"Julien","Dur\u00e9e de lecture est.":"1 minute"},"schema":{"@context":"https:\/\/schema.org","@graph":[{"@type":"Article","@id":"https:\/\/vieassociative.be\/actualites\/spirletomobiles-participe-a-ford-food-drive-donations-alimentaires-pour-les-personnes-dans-le-besoin\/#article","isPartOf":{"@id":"https:\/\/vieassociative.be\/actualites\/spirletomobiles-participe-a-ford-food-drive-donations-alimentaires-pour-les-personnes-dans-le-besoin\/"},"author":{"name":"Julien","@id":"https:\/\/vieassociative.be\/actualites\/#\/schema\/person\/b87ac4f82f9d4e7b7cec7395b679edc4"},"headline":"Spirl\u00e9tomobiles participe \u00e0 \u00ab\u00a0Ford Food Drive\u00a0\u00bb &#8211; \u200b\u200bDonations alimentaires pour les personnes dans le besoin","datePublished":"2025-09-22T14:16:57+00:00","dateModified":"2025-09-22T14:16:57+00:00","mainEntityOfPage":{"@id":"https:\/\/vieassociative.be\/actualites\/spirletomobiles-participe-a-ford-food-drive-donations-alimentaires-pour-les-personnes-dans-le-besoin\/"},"wordCount":311,"publisher":{"@id":"https:\/\/vieassociative.be\/actualites\/#organization"},"image":{"@id":"https:\/\/vieassociative.be\/actualites\/spirletomobiles-participe-a-ford-food-drive-donations-alimentaires-pour-les-personnes-dans-le-besoin\/#primaryimage"},"thumbnailUrl":"https:\/\/vieassociative.be\/actualites\/wp-content\/uploads\/2025\/09\/1758550617_Spirletomobiles-participe-a-Ford-Food-Drive-\u200b\u200bDonations-alimentaires-pour.jpg","keywords":["alimentaires","besoin","dans","Donations","Drive","Food","Ford","Les","participe","personnes","pour","Spirl\u00e9tomobiles"],"articleSection":["Belgique"],"inLanguage":"fr-BE"},{"@type":"WebPage","@id":"https:\/\/vieassociative.be\/actualites\/spirletomobiles-participe-a-ford-food-drive-donations-alimentaires-pour-les-personnes-dans-le-besoin\/","url":"https:\/\/vieassociative.be\/actualites\/spirletomobiles-participe-a-ford-food-drive-donations-alimentaires-pour-les-personnes-dans-le-besoin\/","name":"Spirl\u00e9tomobiles participe \u00e0 \"Ford Food Drive\" - \u200b\u200bDonations alimentaires pour les personnes dans le besoin | Vie Associative","isPartOf":{"@id":"https:\/\/vieassociative.be\/actualites\/#website"},"primaryImageOfPage":{"@id":"https:\/\/vieassociative.be\/actualites\/spirletomobiles-participe-a-ford-food-drive-donations-alimentaires-pour-les-personnes-dans-le-besoin\/#primaryimage"},"image":{"@id":"https:\/\/vieassociative.be\/actualites\/spirletomobiles-participe-a-ford-food-drive-donations-alimentaires-pour-les-personnes-dans-le-besoin\/#primaryimage"},"thumbnailUrl":"https:\/\/vieassociative.be\/actualites\/wp-content\/uploads\/2025\/09\/1758550617_Spirletomobiles-participe-a-Ford-Food-Drive-\u200b\u200bDonations-alimentaires-pour.jpg","datePublished":"2025-09-22T14:16:57+00:00","dateModified":"2025-09-22T14:16:57+00:00","breadcrumb":{"@id":"https:\/\/vieassociative.be\/actualites\/spirletomobiles-participe-a-ford-food-drive-donations-alimentaires-pour-les-personnes-dans-le-besoin\/#breadcrumb"},"inLanguage":"fr-BE","potentialAction":[{"@type":"ReadAction","target":["https:\/\/vieassociative.be\/actualites\/spirletomobiles-participe-a-ford-food-drive-donations-alimentaires-pour-les-personnes-dans-le-besoin\/"]}]},{"@type":"ImageObject","inLanguage":"fr-BE","@id":"https:\/\/vieassociative.be\/actualites\/spirletomobiles-participe-a-ford-food-drive-donations-alimentaires-pour-les-personnes-dans-le-besoin\/#primaryimage","url":"https:\/\/vieassociative.be\/actualites\/wp-content\/uploads\/2025\/09\/1758550617_Spirletomobiles-participe-a-Ford-Food-Drive-\u200b\u200bDonations-alimentaires-pour.jpg","contentUrl":"https:\/\/vieassociative.be\/actualites\/wp-content\/uploads\/2025\/09\/1758550617_Spirletomobiles-participe-a-Ford-Food-Drive-\u200b\u200bDonations-alimentaires-pour.jpg","width":1200,"height":800,"caption":"Spirl\u00e9tomobiles participe \u00e0 \"Ford Food Drive\" - \u200b\u200bDonations alimentaires pour les personnes dans le besoin"},{"@type":"BreadcrumbList","@id":"https:\/\/vieassociative.be\/actualites\/spirletomobiles-participe-a-ford-food-drive-donations-alimentaires-pour-les-personnes-dans-le-besoin\/#breadcrumb","itemListElement":[{"@type":"ListItem","position":1,"name":"Accueil","item":"https:\/\/vieassociative.be\/actualites\/"},{"@type":"ListItem","position":2,"name":"Spirl\u00e9tomobiles participe \u00e0 \u00ab\u00a0Ford Food Drive\u00a0\u00bb &#8211; \u200b\u200bDonations alimentaires pour les personnes dans le besoin"}]},{"@type":"WebSite","@id":"https:\/\/vieassociative.be\/actualites\/#website","url":"https:\/\/vieassociative.be\/actualites\/","name":"Vie Associative","description":"","publisher":{"@id":"https:\/\/vieassociative.be\/actualites\/#organization"},"potentialAction":[{"@type":"SearchAction","target":{"@type":"EntryPoint","urlTemplate":"https:\/\/vieassociative.be\/actualites\/?s={search_term_string}"},"query-input":{"@type":"PropertyValueSpecification","valueRequired":true,"valueName":"search_term_string"}}],"inLanguage":"fr-BE"},{"@type":"Organization","@id":"https:\/\/vieassociative.be\/actualites\/#organization","name":"Vie Associative","url":"https:\/\/vieassociative.be\/actualites\/","logo":{"@type":"ImageObject","inLanguage":"fr-BE","@id":"https:\/\/vieassociative.be\/actualites\/#\/schema\/logo\/image\/","url":"https:\/\/vieassociative.be\/actualites\/wp-content\/uploads\/2024\/09\/cropped-vieassociative_favicon.ico.png","contentUrl":"https:\/\/vieassociative.be\/actualites\/wp-content\/uploads\/2024\/09\/cropped-vieassociative_favicon.ico.png","width":512,"height":512,"caption":"Vie Associative"},"image":{"@id":"https:\/\/vieassociative.be\/actualites\/#\/schema\/logo\/image\/"}},{"@type":"Person","@id":"https:\/\/vieassociative.be\/actualites\/#\/schema\/person\/b87ac4f82f9d4e7b7cec7395b679edc4","name":"Julien","image":{"@type":"ImageObject","inLanguage":"fr-BE","@id":"https:\/\/vieassociative.be\/actualites\/#\/schema\/person\/image\/","url":"https:\/\/vieassociative.be\/actualites\/wp-content\/uploads\/2024\/09\/vie-associative-1-150x150.jpg","contentUrl":"https:\/\/vieassociative.be\/actualites\/wp-content\/uploads\/2024\/09\/vie-associative-1-150x150.jpg","caption":"Julien"},"description":"Je suis Julien, r\u00e9dacteur pour Vie Associative. Passionn\u00e9 par le monde associatif depuis plus de 10 ans, j'ai \u00e0 c\u0153ur de partager des histoires inspirantes et de mettre en lumi\u00e8re les initiatives locales. Mon objectif est de sensibiliser et d'encourager l'engagement communautaire \u00e0 travers mes articles.","sameAs":["https:\/\/vieassociative.be\/"]}]}},"_links":{"self":[{"href":"https:\/\/vieassociative.be\/actualites\/wp-json\/wp\/v2\/posts\/10182"}],"collection":[{"href":"https:\/\/vieassociative.be\/actualites\/wp-json\/wp\/v2\/posts"}],"about":[{"href":"https:\/\/vieassociative.be\/actualites\/wp-json\/wp\/v2\/types\/post"}],"author":[{"embeddable":true,"href":"https:\/\/vieassociative.be\/actualites\/wp-json\/wp\/v2\/users\/1"}],"replies":[{"embeddable":true,"href":"https:\/\/vieassociative.be\/actualites\/wp-json\/wp\/v2\/comments?post=10182"}],"version-history":[{"count":0,"href":"https:\/\/vieassociative.be\/actualites\/wp-json\/wp\/v2\/posts\/10182\/revisions"}],"wp:featuredmedia":[{"embeddable":true,"href":"https:\/\/vieassociative.be\/actualites\/wp-json\/wp\/v2\/media\/10183"}],"wp:attachment":[{"href":"https:\/\/vieassociative.be\/actualites\/wp-json\/wp\/v2\/media?parent=10182"}],"wp:term":[{"taxonomy":"category","embeddable":true,"href":"https:\/\/vieassociative.be\/actualites\/wp-json\/wp\/v2\/categories?post=10182"},{"taxonomy":"post_tag","embeddable":true,"href":"https:\/\/vieassociative.be\/actualites\/wp-json\/wp\/v2\/tags?post=10182"}],"curies":[{"name":"wp","href":"https:\/\/api.w.org\/{rel}","templated":true}]}}