{"id":10180,"date":"2025-09-22T15:17:11","date_gmt":"2025-09-22T13:17:11","guid":{"rendered":"https:\/\/vieassociative.be\/actualites\/ce-samsung-4k-oled-tv-est-a-son-prix-le-plus-bas-en-ce-moment\/"},"modified":"2025-09-22T15:17:11","modified_gmt":"2025-09-22T13:17:11","slug":"ce-samsung-4k-oled-tv-est-a-son-prix-le-plus-bas-en-ce-moment","status":"publish","type":"post","link":"https:\/\/vieassociative.be\/actualites\/ce-samsung-4k-oled-tv-est-a-son-prix-le-plus-bas-en-ce-moment\/","title":{"rendered":"Ce Samsung 4K OLED TV est \u00e0 son prix le plus bas en ce moment"},"content":{"rendered":"<div class=\"mt-4 leading-6 md:mb-8\">Un OLED pr\u00eat pour le futur avec un taux de rafra\u00eechissement natif de 144 Hz, des angles de vision larges et une exp\u00e9rience de jeu poli.<\/div>\n<p><\/p>\n<p><em>Saviez-vous que vous pouvez personnaliser Google pour filtrer les ordures? Prendre ces \u00e9tapes<\/em><em>  Pour de meilleurs r\u00e9sultats de recherche, notamment l&rsquo;ajout de Vie Associative comme source pr\u00e9f\u00e9r\u00e9e pour les nouvelles technologiques<\/em><em>.<\/em><\/p>\n<hr>\n<p>Le Samsung S90D 4K OLED TV co\u00fbte actuellement 1 697,99 $ sur Woot jusqu&rsquo;au 30 septembre ou pendant la derni\u00e8re fois. C&rsquo;est plus de 180 $ moins cher que la liste actuelle d&rsquo;Amazon (1 878,99 $), et le prix le plus bas qu&rsquo;il a atteint jusqu&rsquo;\u00e0 pr\u00e9sent, selon les d\u00e9put\u00e9s de prix. Juste une t\u00eate vers le haut: la livraison est g\u00e9r\u00e9e par un transporteur de marchandises, vous devrez donc fournir un num\u00e9ro de t\u00e9l\u00e9phone et une adresse valide pendant la caisse pour le planifier. Les membres Prime obtiennent la livraison gratuite tandis que tout le monde paie des frais de 6 $. Il est livr\u00e9 avec une garantie Samsung standard d&rsquo;un an et tous les \u00e9l\u00e9ments essentiels de la bo\u00eete, y compris le stand et une t\u00e9l\u00e9commande solarcell qui facture via USB-C ou Sunlight.<\/p>\n<div class=\"pogoClear mb-12 mt-10 rounded-md border-2 border-gray-100 py-7 shadow-xl md:py-6\">\n<div class=\"flex flex-wrap justify-between px-7 text-black no-underline md:flex-nowrap md:px-8\">\n<div class=\"order-1 mx-auto flex flex-col justify-center md:order-2 md:ml-4 md:w-full md:grow\">\n<div class=\"block cursor-pointer text-center font-akshar text-2xl font-medium leading-7 text-brand-green duration-200 ease-in-out hover:text-brand-green-700 md:text-left md:text-xl md:leading-6\">Samsung S90D 4K OLED TV\n                <\/div>\n<div class=\"mt-4 hidden md:flex md:justify-between\">\n<div class=\"self-end\">\n<div class=\"mb-0 h-11 md:flex md:flex-col md:justify-center\">\n<div class=\" font-sans leading-4 text-black\">\n<div class=\"flex flex-wrap items-center justify-center gap-1 md:justify-start\">\n        <span class=\"font-bold\"><\/p>\n<p>            1 697,99 $<br \/>\n                            <span class=\"font-medium\">\u00e0 Woot<\/span><br \/>\n                    <\/span>\n            <\/div>\n<div class=\"flex items-center justify-center gap-x-1 font-bold md:justify-start\">\n            <span class=\"text-sm line-through\">3 297,89 $<\/span><br \/>\n            <span class=\"text-sm text-brand-green\">\u00c9conomisez 1 599,90 $<\/span>\n        <\/div>\n<\/p><\/div>\n<\/p><\/div>\n<\/p><\/div>\n<div class=\"w-44 self-end\">\n                            <button class=\"flex justify-center items-center w-full bg-brand-green text-white text-base font-sans font-medium rounded-md hover:bg-brand-green-700 hover:cursor-pointer md:text-sm h-11\"><\/p>\n<p>    Conclure un accord<br \/>\n<\/button>\n                        <\/div>\n<\/p><\/div>\n<\/p><\/div>\n<div class=\"order-2 mt-5 h-auto w-full md:order-1 md:mt-0 md:hidden\">\n<div class=\"flex aspect-video items-center justify-center\">\n                                            <img decoding=\"async\" class=\"m-0 max-h-full max-w-full rounded-md\" src=\"https:\/\/vieassociative.be\/actualites\/wp-content\/uploads\/2025\/09\/Ce-Samsung-4K-OLED-TV-est-a-son-prix-le.png\" alt=\"Samsung S90D 4K OLED TV\" width=\"auto\" height=\"auto\" loading=\"lazy\">\n                                    <\/div>\n<\/p><\/div>\n<div class=\"order-2 ml-2 hidden w-32 shrink-0 items-center md:order-1 md:ml-0 md:flex\">\n<div class=\"flex aspect-video items-center justify-center\">\n                                            <img decoding=\"async\" class=\"m-0 max-h-full max-w-full rounded-md\" src=\"https:\/\/vieassociative.be\/actualites\/wp-content\/uploads\/2025\/09\/Ce-Samsung-4K-OLED-TV-est-a-son-prix-le.png\" alt=\"Samsung S90D 4K OLED TV\" width=\"auto\" height=\"auto\" loading=\"lazy\">\n                                    <\/div>\n<\/p><\/div>\n<div class=\"order-3 flex grow flex-wrap md:hidden md:grow-0\">\n<div class=\"mt-4 w-full\">\n                        <button class=\"flex justify-center items-center w-full bg-brand-green text-white text-base font-sans font-medium rounded-md hover:bg-brand-green-700 hover:cursor-pointer md:text-sm h-11\"><\/p>\n<p>    Conclure un accord<br \/>\n<\/button>\n                    <\/div>\n<div class=\"mx-2 mt-4 w-full\">\n<div class=\" font-sans leading-4 text-black\">\n<div class=\"flex flex-wrap items-center justify-center gap-1 md:justify-start\">\n        <span class=\"font-bold\"><\/p>\n<p>            1 697,99 $<br \/>\n                            <span class=\"font-medium\">\u00e0 Woot<\/span><br \/>\n                    <\/span>\n            <\/div>\n<div class=\"flex items-center justify-center gap-x-1 font-bold md:justify-start\">\n            <span class=\"text-sm line-through\">3 297,89 $<\/span><br \/>\n            <span class=\"text-sm text-brand-green\">\u00c9conomisez 1 599,90 $<\/span>\n        <\/div>\n<\/p><\/div>\n<\/p><\/div>\n<\/p><\/div>\n<\/p><\/div>\n<\/div>\n<p>Il s&rsquo;agit d&rsquo;un QD de 77 pouces de la gamme 2024 de Samsung, juste derri\u00e8re leur produit phare S95D. Il est aliment\u00e9 par leur nouvelle puce NEO Quantum 4K AI Gen 2, qui aide \u00e0 la mise \u00e0 l&rsquo;\u00e9chelle et aux ajustements automatiques en fonction de ce que vous regardez ou jouez. Sachez que, bien que HDR10 + soit pris en charge, Dolby Vision est toujours manquante. C&rsquo;est un bon choix pour le jeu avec 4K jusqu&rsquo;\u00e0 144 Hz, le support VRR \u00e0 tous les niveaux (HDMI VRR, Freesync, G-Sync) et un retard d&rsquo;entr\u00e9e tr\u00e8s faible en mode jeu. Si vous avez \u00e0 la fois une console et un PC de jeu, vous appr\u00e9cierez la bande passante compl\u00e8te HDMI 2.1 sur tous les ports. Il est \u00e9galement enti\u00e8rement compatible avec PlayStation 5 et Xbox Series X et S. Quant \u00e0 l&rsquo;\u00e9cran lui-m\u00eame, c&rsquo;est ce que vous attendez d&rsquo;un OLED de qualit\u00e9: des noirs profonds, un contraste riche et pas de floraison autour d&rsquo;objets brillants. Il tient bien dans des pi\u00e8ces plus sombres et offre des angles de vision larges, ce qui est bien si vous regardez avec un groupe.<\/p>\n<p>Dans des r\u00e9glages plus brillants, cependant, il ne devient pas aussi percutant. La luminosit\u00e9 du DSB est moyenne et les sc\u00e8nes sombres peuvent sembler un peu lav\u00e9es en plein jour. Cela dit, la manipulation de la r\u00e9flexion est solide pour la visualisation de la journ\u00e9e. Et bien qu&rsquo;il prenne en charge Dolby Atmos sur EARC, il n&rsquo;y a pas de support pour les formats audio DTS, donc c&rsquo;est quelque chose \u00e0 noter pour les fans de Blu-ray. Samsung a \u00e9galement abandonn\u00e9 la prise en charge de l&rsquo;ATSC 3.0 pour les mod\u00e8les 2024, donc aucune \u00e9mission 4K en direct. Et comme la plupart des t\u00e9l\u00e9viseurs intelligents de nos jours, l&rsquo;interface Tizen int\u00e9gr\u00e9e a des publicit\u00e9s; Bien que vous puissiez les r\u00e9duire, il n&rsquo;y a aucun moyen de les d\u00e9sactiver compl\u00e8tement. Mais pour tout ce que le S90D va bien, y compris les performances de jeu, les angles de visualisation et un panneau propre sans fleurs, il tient bien comme une option \u00e0 mi-haut pour la plupart des configurations.<\/p>\n<hr>\n","protected":false},"excerpt":{"rendered":"<p>Un OLED pr\u00eat pour le futur avec un taux de rafra\u00eechissement natif de 144 Hz, des angles de vision larges et une exp\u00e9rience de jeu<\/p>\n","protected":false},"author":1,"featured_media":10181,"comment_status":"","ping_status":"","sticky":false,"template":"","format":"standard","meta":{"footnotes":""},"categories":[13],"tags":[700,76,1429,2558,1399,1878,800],"class_list":["post-10180","post","type-post","status-publish","format-standard","has-post-thumbnail","hentry","category-technologie","tag-bas","tag-est","tag-moment","tag-oled","tag-prix","tag-samsung","tag-son","generate-columns","tablet-grid-50","mobile-grid-100","grid-parent","grid-33"],"yoast_head":"<!-- This site is optimized with the Yoast SEO plugin v24.0 - https:\/\/yoast.com\/wordpress\/plugins\/seo\/ -->\n<title>Ce Samsung 4K OLED TV est \u00e0 son prix le plus bas en ce moment | Vie Associative<\/title>\n<meta name=\"robots\" content=\"index, follow, max-snippet:-1, max-image-preview:large, max-video-preview:-1\" \/>\n<link rel=\"canonical\" href=\"https:\/\/vieassociative.be\/actualites\/ce-samsung-4k-oled-tv-est-a-son-prix-le-plus-bas-en-ce-moment\/\" \/>\n<meta property=\"og:locale\" content=\"fr_FR\" \/>\n<meta property=\"og:type\" content=\"article\" \/>\n<meta property=\"og:title\" content=\"Ce Samsung 4K OLED TV est \u00e0 son prix le plus bas en ce moment | Vie Associative\" \/>\n<meta property=\"og:description\" content=\"Un OLED pr\u00eat pour le futur avec un taux de rafra\u00eechissement natif de 144 Hz, des angles de vision larges et une exp\u00e9rience de jeu\" \/>\n<meta property=\"og:url\" content=\"https:\/\/vieassociative.be\/actualites\/ce-samsung-4k-oled-tv-est-a-son-prix-le-plus-bas-en-ce-moment\/\" \/>\n<meta property=\"og:site_name\" content=\"Vie Associative\" \/>\n<meta property=\"article:published_time\" content=\"2025-09-22T13:17:11+00:00\" \/>\n<meta property=\"og:image\" content=\"https:\/\/vieassociative.be\/actualites\/wp-content\/uploads\/2025\/09\/Ce-Samsung-4K-OLED-TV-est-a-son-prix-le.png\" \/>\n<meta name=\"author\" content=\"Julien\" \/>\n<meta name=\"twitter:card\" content=\"summary_large_image\" \/>\n<meta name=\"twitter:label1\" content=\"\u00c9crit par\" \/>\n\t<meta name=\"twitter:data1\" content=\"Julien\" \/>\n\t<meta name=\"twitter:label2\" content=\"Dur\u00e9e de lecture est.\" \/>\n\t<meta name=\"twitter:data2\" content=\"3 minutes\" \/>\n<script type=\"application\/ld+json\" class=\"yoast-schema-graph\">{\"@context\":\"https:\/\/schema.org\",\"@graph\":[{\"@type\":\"Article\",\"@id\":\"https:\/\/vieassociative.be\/actualites\/ce-samsung-4k-oled-tv-est-a-son-prix-le-plus-bas-en-ce-moment\/#article\",\"isPartOf\":{\"@id\":\"https:\/\/vieassociative.be\/actualites\/ce-samsung-4k-oled-tv-est-a-son-prix-le-plus-bas-en-ce-moment\/\"},\"author\":{\"name\":\"Julien\",\"@id\":\"https:\/\/vieassociative.be\/actualites\/#\/schema\/person\/b87ac4f82f9d4e7b7cec7395b679edc4\"},\"headline\":\"Ce Samsung 4K OLED TV est \u00e0 son prix le plus bas en ce moment\",\"datePublished\":\"2025-09-22T13:17:11+00:00\",\"dateModified\":\"2025-09-22T13:17:11+00:00\",\"mainEntityOfPage\":{\"@id\":\"https:\/\/vieassociative.be\/actualites\/ce-samsung-4k-oled-tv-est-a-son-prix-le-plus-bas-en-ce-moment\/\"},\"wordCount\":618,\"publisher\":{\"@id\":\"https:\/\/vieassociative.be\/actualites\/#organization\"},\"image\":{\"@id\":\"https:\/\/vieassociative.be\/actualites\/ce-samsung-4k-oled-tv-est-a-son-prix-le-plus-bas-en-ce-moment\/#primaryimage\"},\"thumbnailUrl\":\"https:\/\/vieassociative.be\/actualites\/wp-content\/uploads\/2025\/09\/1758547032_Ce-Samsung-4K-OLED-TV-est-a-son-prix-le.png\",\"keywords\":[\"bas\",\"est\",\"moment\",\"OLED\",\"prix\",\"Samsung\",\"son\"],\"articleSection\":[\"Technologie\"],\"inLanguage\":\"fr-BE\"},{\"@type\":\"WebPage\",\"@id\":\"https:\/\/vieassociative.be\/actualites\/ce-samsung-4k-oled-tv-est-a-son-prix-le-plus-bas-en-ce-moment\/\",\"url\":\"https:\/\/vieassociative.be\/actualites\/ce-samsung-4k-oled-tv-est-a-son-prix-le-plus-bas-en-ce-moment\/\",\"name\":\"Ce Samsung 4K OLED TV est \u00e0 son prix le plus bas en ce moment | Vie Associative\",\"isPartOf\":{\"@id\":\"https:\/\/vieassociative.be\/actualites\/#website\"},\"primaryImageOfPage\":{\"@id\":\"https:\/\/vieassociative.be\/actualites\/ce-samsung-4k-oled-tv-est-a-son-prix-le-plus-bas-en-ce-moment\/#primaryimage\"},\"image\":{\"@id\":\"https:\/\/vieassociative.be\/actualites\/ce-samsung-4k-oled-tv-est-a-son-prix-le-plus-bas-en-ce-moment\/#primaryimage\"},\"thumbnailUrl\":\"https:\/\/vieassociative.be\/actualites\/wp-content\/uploads\/2025\/09\/1758547032_Ce-Samsung-4K-OLED-TV-est-a-son-prix-le.png\",\"datePublished\":\"2025-09-22T13:17:11+00:00\",\"dateModified\":\"2025-09-22T13:17:11+00:00\",\"breadcrumb\":{\"@id\":\"https:\/\/vieassociative.be\/actualites\/ce-samsung-4k-oled-tv-est-a-son-prix-le-plus-bas-en-ce-moment\/#breadcrumb\"},\"inLanguage\":\"fr-BE\",\"potentialAction\":[{\"@type\":\"ReadAction\",\"target\":[\"https:\/\/vieassociative.be\/actualites\/ce-samsung-4k-oled-tv-est-a-son-prix-le-plus-bas-en-ce-moment\/\"]}]},{\"@type\":\"ImageObject\",\"inLanguage\":\"fr-BE\",\"@id\":\"https:\/\/vieassociative.be\/actualites\/ce-samsung-4k-oled-tv-est-a-son-prix-le-plus-bas-en-ce-moment\/#primaryimage\",\"url\":\"https:\/\/vieassociative.be\/actualites\/wp-content\/uploads\/2025\/09\/1758547032_Ce-Samsung-4K-OLED-TV-est-a-son-prix-le.png\",\"contentUrl\":\"https:\/\/vieassociative.be\/actualites\/wp-content\/uploads\/2025\/09\/1758547032_Ce-Samsung-4K-OLED-TV-est-a-son-prix-le.png\",\"width\":1200,\"height\":675,\"caption\":\"Ce Samsung 4K OLED TV est \u00e0 son prix le plus bas en ce moment\"},{\"@type\":\"BreadcrumbList\",\"@id\":\"https:\/\/vieassociative.be\/actualites\/ce-samsung-4k-oled-tv-est-a-son-prix-le-plus-bas-en-ce-moment\/#breadcrumb\",\"itemListElement\":[{\"@type\":\"ListItem\",\"position\":1,\"name\":\"Accueil\",\"item\":\"https:\/\/vieassociative.be\/actualites\/\"},{\"@type\":\"ListItem\",\"position\":2,\"name\":\"Ce Samsung 4K OLED TV est \u00e0 son prix le plus bas en ce moment\"}]},{\"@type\":\"WebSite\",\"@id\":\"https:\/\/vieassociative.be\/actualites\/#website\",\"url\":\"https:\/\/vieassociative.be\/actualites\/\",\"name\":\"Vie Associative\",\"description\":\"\",\"publisher\":{\"@id\":\"https:\/\/vieassociative.be\/actualites\/#organization\"},\"potentialAction\":[{\"@type\":\"SearchAction\",\"target\":{\"@type\":\"EntryPoint\",\"urlTemplate\":\"https:\/\/vieassociative.be\/actualites\/?s={search_term_string}\"},\"query-input\":{\"@type\":\"PropertyValueSpecification\",\"valueRequired\":true,\"valueName\":\"search_term_string\"}}],\"inLanguage\":\"fr-BE\"},{\"@type\":\"Organization\",\"@id\":\"https:\/\/vieassociative.be\/actualites\/#organization\",\"name\":\"Vie Associative\",\"url\":\"https:\/\/vieassociative.be\/actualites\/\",\"logo\":{\"@type\":\"ImageObject\",\"inLanguage\":\"fr-BE\",\"@id\":\"https:\/\/vieassociative.be\/actualites\/#\/schema\/logo\/image\/\",\"url\":\"https:\/\/vieassociative.be\/actualites\/wp-content\/uploads\/2024\/09\/cropped-vieassociative_favicon.ico.png\",\"contentUrl\":\"https:\/\/vieassociative.be\/actualites\/wp-content\/uploads\/2024\/09\/cropped-vieassociative_favicon.ico.png\",\"width\":512,\"height\":512,\"caption\":\"Vie Associative\"},\"image\":{\"@id\":\"https:\/\/vieassociative.be\/actualites\/#\/schema\/logo\/image\/\"}},{\"@type\":\"Person\",\"@id\":\"https:\/\/vieassociative.be\/actualites\/#\/schema\/person\/b87ac4f82f9d4e7b7cec7395b679edc4\",\"name\":\"Julien\",\"image\":{\"@type\":\"ImageObject\",\"inLanguage\":\"fr-BE\",\"@id\":\"https:\/\/vieassociative.be\/actualites\/#\/schema\/person\/image\/\",\"url\":\"https:\/\/vieassociative.be\/actualites\/wp-content\/uploads\/2024\/09\/vie-associative-1-150x150.jpg\",\"contentUrl\":\"https:\/\/vieassociative.be\/actualites\/wp-content\/uploads\/2024\/09\/vie-associative-1-150x150.jpg\",\"caption\":\"Julien\"},\"description\":\"Je suis Julien, r\u00e9dacteur pour Vie Associative. Passionn\u00e9 par le monde associatif depuis plus de 10 ans, j'ai \u00e0 c\u0153ur de partager des histoires inspirantes et de mettre en lumi\u00e8re les initiatives locales. Mon objectif est de sensibiliser et d'encourager l'engagement communautaire \u00e0 travers mes articles.\",\"sameAs\":[\"https:\/\/vieassociative.be\/\"]}]}<\/script>\n<!-- \/ Yoast SEO plugin. -->","yoast_head_json":{"title":"Ce Samsung 4K OLED TV est \u00e0 son prix le plus bas en ce moment | Vie Associative","robots":{"index":"index","follow":"follow","max-snippet":"max-snippet:-1","max-image-preview":"max-image-preview:large","max-video-preview":"max-video-preview:-1"},"canonical":"https:\/\/vieassociative.be\/actualites\/ce-samsung-4k-oled-tv-est-a-son-prix-le-plus-bas-en-ce-moment\/","og_locale":"fr_FR","og_type":"article","og_title":"Ce Samsung 4K OLED TV est \u00e0 son prix le plus bas en ce moment | Vie Associative","og_description":"Un OLED pr\u00eat pour le futur avec un taux de rafra\u00eechissement natif de 144 Hz, des angles de vision larges et une exp\u00e9rience de jeu","og_url":"https:\/\/vieassociative.be\/actualites\/ce-samsung-4k-oled-tv-est-a-son-prix-le-plus-bas-en-ce-moment\/","og_site_name":"Vie Associative","article_published_time":"2025-09-22T13:17:11+00:00","og_image":[{"url":"https:\/\/vieassociative.be\/actualites\/wp-content\/uploads\/2025\/09\/Ce-Samsung-4K-OLED-TV-est-a-son-prix-le.png","type":"","width":"","height":""}],"author":"Julien","twitter_card":"summary_large_image","twitter_misc":{"\u00c9crit par":"Julien","Dur\u00e9e de lecture est.":"3 minutes"},"schema":{"@context":"https:\/\/schema.org","@graph":[{"@type":"Article","@id":"https:\/\/vieassociative.be\/actualites\/ce-samsung-4k-oled-tv-est-a-son-prix-le-plus-bas-en-ce-moment\/#article","isPartOf":{"@id":"https:\/\/vieassociative.be\/actualites\/ce-samsung-4k-oled-tv-est-a-son-prix-le-plus-bas-en-ce-moment\/"},"author":{"name":"Julien","@id":"https:\/\/vieassociative.be\/actualites\/#\/schema\/person\/b87ac4f82f9d4e7b7cec7395b679edc4"},"headline":"Ce Samsung 4K OLED TV est \u00e0 son prix le plus bas en ce moment","datePublished":"2025-09-22T13:17:11+00:00","dateModified":"2025-09-22T13:17:11+00:00","mainEntityOfPage":{"@id":"https:\/\/vieassociative.be\/actualites\/ce-samsung-4k-oled-tv-est-a-son-prix-le-plus-bas-en-ce-moment\/"},"wordCount":618,"publisher":{"@id":"https:\/\/vieassociative.be\/actualites\/#organization"},"image":{"@id":"https:\/\/vieassociative.be\/actualites\/ce-samsung-4k-oled-tv-est-a-son-prix-le-plus-bas-en-ce-moment\/#primaryimage"},"thumbnailUrl":"https:\/\/vieassociative.be\/actualites\/wp-content\/uploads\/2025\/09\/1758547032_Ce-Samsung-4K-OLED-TV-est-a-son-prix-le.png","keywords":["bas","est","moment","OLED","prix","Samsung","son"],"articleSection":["Technologie"],"inLanguage":"fr-BE"},{"@type":"WebPage","@id":"https:\/\/vieassociative.be\/actualites\/ce-samsung-4k-oled-tv-est-a-son-prix-le-plus-bas-en-ce-moment\/","url":"https:\/\/vieassociative.be\/actualites\/ce-samsung-4k-oled-tv-est-a-son-prix-le-plus-bas-en-ce-moment\/","name":"Ce Samsung 4K OLED TV est \u00e0 son prix le plus bas en ce moment | Vie Associative","isPartOf":{"@id":"https:\/\/vieassociative.be\/actualites\/#website"},"primaryImageOfPage":{"@id":"https:\/\/vieassociative.be\/actualites\/ce-samsung-4k-oled-tv-est-a-son-prix-le-plus-bas-en-ce-moment\/#primaryimage"},"image":{"@id":"https:\/\/vieassociative.be\/actualites\/ce-samsung-4k-oled-tv-est-a-son-prix-le-plus-bas-en-ce-moment\/#primaryimage"},"thumbnailUrl":"https:\/\/vieassociative.be\/actualites\/wp-content\/uploads\/2025\/09\/1758547032_Ce-Samsung-4K-OLED-TV-est-a-son-prix-le.png","datePublished":"2025-09-22T13:17:11+00:00","dateModified":"2025-09-22T13:17:11+00:00","breadcrumb":{"@id":"https:\/\/vieassociative.be\/actualites\/ce-samsung-4k-oled-tv-est-a-son-prix-le-plus-bas-en-ce-moment\/#breadcrumb"},"inLanguage":"fr-BE","potentialAction":[{"@type":"ReadAction","target":["https:\/\/vieassociative.be\/actualites\/ce-samsung-4k-oled-tv-est-a-son-prix-le-plus-bas-en-ce-moment\/"]}]},{"@type":"ImageObject","inLanguage":"fr-BE","@id":"https:\/\/vieassociative.be\/actualites\/ce-samsung-4k-oled-tv-est-a-son-prix-le-plus-bas-en-ce-moment\/#primaryimage","url":"https:\/\/vieassociative.be\/actualites\/wp-content\/uploads\/2025\/09\/1758547032_Ce-Samsung-4K-OLED-TV-est-a-son-prix-le.png","contentUrl":"https:\/\/vieassociative.be\/actualites\/wp-content\/uploads\/2025\/09\/1758547032_Ce-Samsung-4K-OLED-TV-est-a-son-prix-le.png","width":1200,"height":675,"caption":"Ce Samsung 4K OLED TV est \u00e0 son prix le plus bas en ce moment"},{"@type":"BreadcrumbList","@id":"https:\/\/vieassociative.be\/actualites\/ce-samsung-4k-oled-tv-est-a-son-prix-le-plus-bas-en-ce-moment\/#breadcrumb","itemListElement":[{"@type":"ListItem","position":1,"name":"Accueil","item":"https:\/\/vieassociative.be\/actualites\/"},{"@type":"ListItem","position":2,"name":"Ce Samsung 4K OLED TV est \u00e0 son prix le plus bas en ce moment"}]},{"@type":"WebSite","@id":"https:\/\/vieassociative.be\/actualites\/#website","url":"https:\/\/vieassociative.be\/actualites\/","name":"Vie Associative","description":"","publisher":{"@id":"https:\/\/vieassociative.be\/actualites\/#organization"},"potentialAction":[{"@type":"SearchAction","target":{"@type":"EntryPoint","urlTemplate":"https:\/\/vieassociative.be\/actualites\/?s={search_term_string}"},"query-input":{"@type":"PropertyValueSpecification","valueRequired":true,"valueName":"search_term_string"}}],"inLanguage":"fr-BE"},{"@type":"Organization","@id":"https:\/\/vieassociative.be\/actualites\/#organization","name":"Vie Associative","url":"https:\/\/vieassociative.be\/actualites\/","logo":{"@type":"ImageObject","inLanguage":"fr-BE","@id":"https:\/\/vieassociative.be\/actualites\/#\/schema\/logo\/image\/","url":"https:\/\/vieassociative.be\/actualites\/wp-content\/uploads\/2024\/09\/cropped-vieassociative_favicon.ico.png","contentUrl":"https:\/\/vieassociative.be\/actualites\/wp-content\/uploads\/2024\/09\/cropped-vieassociative_favicon.ico.png","width":512,"height":512,"caption":"Vie Associative"},"image":{"@id":"https:\/\/vieassociative.be\/actualites\/#\/schema\/logo\/image\/"}},{"@type":"Person","@id":"https:\/\/vieassociative.be\/actualites\/#\/schema\/person\/b87ac4f82f9d4e7b7cec7395b679edc4","name":"Julien","image":{"@type":"ImageObject","inLanguage":"fr-BE","@id":"https:\/\/vieassociative.be\/actualites\/#\/schema\/person\/image\/","url":"https:\/\/vieassociative.be\/actualites\/wp-content\/uploads\/2024\/09\/vie-associative-1-150x150.jpg","contentUrl":"https:\/\/vieassociative.be\/actualites\/wp-content\/uploads\/2024\/09\/vie-associative-1-150x150.jpg","caption":"Julien"},"description":"Je suis Julien, r\u00e9dacteur pour Vie Associative. Passionn\u00e9 par le monde associatif depuis plus de 10 ans, j'ai \u00e0 c\u0153ur de partager des histoires inspirantes et de mettre en lumi\u00e8re les initiatives locales. Mon objectif est de sensibiliser et d'encourager l'engagement communautaire \u00e0 travers mes articles.","sameAs":["https:\/\/vieassociative.be\/"]}]}},"_links":{"self":[{"href":"https:\/\/vieassociative.be\/actualites\/wp-json\/wp\/v2\/posts\/10180"}],"collection":[{"href":"https:\/\/vieassociative.be\/actualites\/wp-json\/wp\/v2\/posts"}],"about":[{"href":"https:\/\/vieassociative.be\/actualites\/wp-json\/wp\/v2\/types\/post"}],"author":[{"embeddable":true,"href":"https:\/\/vieassociative.be\/actualites\/wp-json\/wp\/v2\/users\/1"}],"replies":[{"embeddable":true,"href":"https:\/\/vieassociative.be\/actualites\/wp-json\/wp\/v2\/comments?post=10180"}],"version-history":[{"count":0,"href":"https:\/\/vieassociative.be\/actualites\/wp-json\/wp\/v2\/posts\/10180\/revisions"}],"wp:featuredmedia":[{"embeddable":true,"href":"https:\/\/vieassociative.be\/actualites\/wp-json\/wp\/v2\/media\/10181"}],"wp:attachment":[{"href":"https:\/\/vieassociative.be\/actualites\/wp-json\/wp\/v2\/media?parent=10180"}],"wp:term":[{"taxonomy":"category","embeddable":true,"href":"https:\/\/vieassociative.be\/actualites\/wp-json\/wp\/v2\/categories?post=10180"},{"taxonomy":"post_tag","embeddable":true,"href":"https:\/\/vieassociative.be\/actualites\/wp-json\/wp\/v2\/tags?post=10180"}],"curies":[{"name":"wp","href":"https:\/\/api.w.org\/{rel}","templated":true}]}}