{"id":10176,"date":"2025-09-22T10:17:55","date_gmt":"2025-09-22T08:17:55","guid":{"rendered":"https:\/\/vieassociative.be\/actualites\/marche-litteraire-a-travers-eupen-le-dimanche-5-octobre\/"},"modified":"2025-09-22T10:17:55","modified_gmt":"2025-09-22T08:17:55","slug":"marche-litteraire-a-travers-eupen-le-dimanche-5-octobre","status":"publish","type":"post","link":"https:\/\/vieassociative.be\/actualites\/marche-litteraire-a-travers-eupen-le-dimanche-5-octobre\/","title":{"rendered":"Marche litt\u00e9raire \u00e0 travers Eupen le dimanche 5 octobre"},"content":{"rendered":"<p><strong>\u00cates-vous un fan d&rsquo;Elke Heidenreich? Appr\u00e9ciez-vous votre humour sp\u00e9cial et votre capacit\u00e9 \u00e0 \u00ab\u00a0nommer les choses par nom\u00a0\u00bb? Ensuite, attendez avec impatience cette promenade litt\u00e9raire sp\u00e9ciale \u00e0 travers une petite partie de l&rsquo;Eupen Oberstadt!<\/strong><\/p>\n<p><span id=\"more-425124\"><\/span>Dans des endroits s\u00e9lectionn\u00e9s, conform\u00e9ment \u00e0 l&#8217;emplacement respectif, Renate pr\u00e9sentera des nouvelles joyeuses &#8211; toujours avec une pinc\u00e9e d&rsquo;humour typique d&rsquo;Elke Heidenreich.<\/p>\n<p>Vous souriez \u00e0 des histoires avec nous que tous ont tous v\u00e9cu: pourquoi achetons-nous des choses qui ne correspondent ni ne se tiennent? Pourquoi tombez-vous sur les gars bien habill\u00e9s? Et pourquoi le plus grand amour \u00e9choue-t-il sur la \u00ab\u00a0chemise color\u00e9e\u00a0\u00bb?<\/p>\n<p>Venez dans un voyage humoristique de d\u00e9couverte \u00e0 travers la \u00ab\u00a0vie quotidienne normale\u00a0\u00bb &#8211; dans le style d&rsquo;Elke Heidenreich!<\/p>\n<p><strong>Quand: <\/strong>Dimanche 05.10.2025, \u00e0 14 h 00<br \/>\n<strong>Point de rencontre:<\/strong> Mus\u00e9e de la ville, GosperTstr. 52, Eupen<br \/>\n<strong>Dur\u00e9e:<\/strong> Env. 1,5 heures<br \/>\n<strong>Fin:<\/strong> Marketplace Eupen<br \/>\n<strong>Inscription :<\/strong> Info touristique Eupen \/ Conseil pour Stadtmarketing, Rathausplatz14, t\u00e9l. 087\/55 34 50 ou par e-mail \u00e0 info@rsm-eupen.be.<br \/>\n<strong>Prix:<\/strong> 7,00 euros par personne<br \/>\n<strong>Payer:<\/strong> Bar, par carte bancaire dans le bureau ou par transfert bancaire sur le compte est 25 7312 0050 0082.<\/p>\n<p>\u00c9tant donn\u00e9 que la taille du groupe est limit\u00e9e, seules les personnes enregistr\u00e9es peuvent \u00eatre prises en compte.<\/p>\n","protected":false},"excerpt":{"rendered":"<p>\u00cates-vous un fan d&rsquo;Elke Heidenreich? Appr\u00e9ciez-vous votre humour sp\u00e9cial et votre capacit\u00e9 \u00e0 \u00ab\u00a0nommer les choses par nom\u00a0\u00bb? Ensuite, attendez avec impatience cette promenade litt\u00e9raire<\/p>\n","protected":false},"author":1,"featured_media":10177,"comment_status":"","ping_status":"","sticky":false,"template":"","format":"standard","meta":{"footnotes":""},"categories":[298],"tags":[471,2329,8624,1523,1147,838],"class_list":["post-10176","post","type-post","status-publish","format-standard","has-post-thumbnail","hentry","category-belgique","tag-dimanche","tag-eupen","tag-litteraire","tag-marche","tag-octobre","tag-travers","generate-columns","tablet-grid-50","mobile-grid-100","grid-parent","grid-33"],"yoast_head":"<!-- This site is optimized with the Yoast SEO plugin v24.0 - https:\/\/yoast.com\/wordpress\/plugins\/seo\/ -->\n<title>Marche litt\u00e9raire \u00e0 travers Eupen le dimanche 5 octobre | Vie Associative<\/title>\n<meta name=\"robots\" content=\"index, follow, max-snippet:-1, max-image-preview:large, max-video-preview:-1\" \/>\n<link rel=\"canonical\" href=\"https:\/\/vieassociative.be\/actualites\/marche-litteraire-a-travers-eupen-le-dimanche-5-octobre\/\" \/>\n<meta property=\"og:locale\" content=\"fr_FR\" \/>\n<meta property=\"og:type\" content=\"article\" \/>\n<meta property=\"og:title\" content=\"Marche litt\u00e9raire \u00e0 travers Eupen le dimanche 5 octobre | Vie Associative\" \/>\n<meta property=\"og:description\" content=\"\u00cates-vous un fan d&rsquo;Elke Heidenreich? Appr\u00e9ciez-vous votre humour sp\u00e9cial et votre capacit\u00e9 \u00e0 \u00ab\u00a0nommer les choses par nom\u00a0\u00bb? Ensuite, attendez avec impatience cette promenade litt\u00e9raire\" \/>\n<meta property=\"og:url\" content=\"https:\/\/vieassociative.be\/actualites\/marche-litteraire-a-travers-eupen-le-dimanche-5-octobre\/\" \/>\n<meta property=\"og:site_name\" content=\"Vie Associative\" \/>\n<meta property=\"article:published_time\" content=\"2025-09-22T08:17:55+00:00\" \/>\n<meta property=\"og:image\" content=\"https:\/\/vieassociative.be\/actualites\/wp-content\/uploads\/2024\/09\/header_backgroundk-01-e1726694325946.png\" \/>\n\t<meta property=\"og:image:width\" content=\"279\" \/>\n\t<meta property=\"og:image:height\" content=\"92\" \/>\n\t<meta property=\"og:image:type\" content=\"image\/png\" \/>\n<meta name=\"author\" content=\"Julien\" \/>\n<meta name=\"twitter:card\" content=\"summary_large_image\" \/>\n<meta name=\"twitter:label1\" content=\"\u00c9crit par\" \/>\n\t<meta name=\"twitter:data1\" content=\"Julien\" \/>\n\t<meta name=\"twitter:label2\" content=\"Dur\u00e9e de lecture est.\" \/>\n\t<meta name=\"twitter:data2\" content=\"1 minute\" \/>\n<script type=\"application\/ld+json\" class=\"yoast-schema-graph\">{\"@context\":\"https:\/\/schema.org\",\"@graph\":[{\"@type\":\"Article\",\"@id\":\"https:\/\/vieassociative.be\/actualites\/marche-litteraire-a-travers-eupen-le-dimanche-5-octobre\/#article\",\"isPartOf\":{\"@id\":\"https:\/\/vieassociative.be\/actualites\/marche-litteraire-a-travers-eupen-le-dimanche-5-octobre\/\"},\"author\":{\"name\":\"Julien\",\"@id\":\"https:\/\/vieassociative.be\/actualites\/#\/schema\/person\/b87ac4f82f9d4e7b7cec7395b679edc4\"},\"headline\":\"Marche litt\u00e9raire \u00e0 travers Eupen le dimanche 5 octobre\",\"datePublished\":\"2025-09-22T08:17:55+00:00\",\"dateModified\":\"2025-09-22T08:17:55+00:00\",\"mainEntityOfPage\":{\"@id\":\"https:\/\/vieassociative.be\/actualites\/marche-litteraire-a-travers-eupen-le-dimanche-5-octobre\/\"},\"wordCount\":214,\"publisher\":{\"@id\":\"https:\/\/vieassociative.be\/actualites\/#organization\"},\"image\":{\"@id\":\"https:\/\/vieassociative.be\/actualites\/marche-litteraire-a-travers-eupen-le-dimanche-5-octobre\/#primaryimage\"},\"thumbnailUrl\":\"https:\/\/vieassociative.be\/actualites\/wp-content\/uploads\/2025\/09\/Marche-litteraire-a-travers-Eupen-le-dimanche-5-octobre.jpg\",\"keywords\":[\"dimanche\",\"Eupen\",\"litt\u00e9raire\",\"march\u00e9\",\"octobre\",\"travers\"],\"articleSection\":[\"Belgique\"],\"inLanguage\":\"fr-BE\"},{\"@type\":\"WebPage\",\"@id\":\"https:\/\/vieassociative.be\/actualites\/marche-litteraire-a-travers-eupen-le-dimanche-5-octobre\/\",\"url\":\"https:\/\/vieassociative.be\/actualites\/marche-litteraire-a-travers-eupen-le-dimanche-5-octobre\/\",\"name\":\"Marche litt\u00e9raire \u00e0 travers Eupen le dimanche 5 octobre | Vie Associative\",\"isPartOf\":{\"@id\":\"https:\/\/vieassociative.be\/actualites\/#website\"},\"primaryImageOfPage\":{\"@id\":\"https:\/\/vieassociative.be\/actualites\/marche-litteraire-a-travers-eupen-le-dimanche-5-octobre\/#primaryimage\"},\"image\":{\"@id\":\"https:\/\/vieassociative.be\/actualites\/marche-litteraire-a-travers-eupen-le-dimanche-5-octobre\/#primaryimage\"},\"thumbnailUrl\":\"https:\/\/vieassociative.be\/actualites\/wp-content\/uploads\/2025\/09\/Marche-litteraire-a-travers-Eupen-le-dimanche-5-octobre.jpg\",\"datePublished\":\"2025-09-22T08:17:55+00:00\",\"dateModified\":\"2025-09-22T08:17:55+00:00\",\"breadcrumb\":{\"@id\":\"https:\/\/vieassociative.be\/actualites\/marche-litteraire-a-travers-eupen-le-dimanche-5-octobre\/#breadcrumb\"},\"inLanguage\":\"fr-BE\",\"potentialAction\":[{\"@type\":\"ReadAction\",\"target\":[\"https:\/\/vieassociative.be\/actualites\/marche-litteraire-a-travers-eupen-le-dimanche-5-octobre\/\"]}]},{\"@type\":\"ImageObject\",\"inLanguage\":\"fr-BE\",\"@id\":\"https:\/\/vieassociative.be\/actualites\/marche-litteraire-a-travers-eupen-le-dimanche-5-octobre\/#primaryimage\",\"url\":\"https:\/\/vieassociative.be\/actualites\/wp-content\/uploads\/2025\/09\/Marche-litteraire-a-travers-Eupen-le-dimanche-5-octobre.jpg\",\"contentUrl\":\"https:\/\/vieassociative.be\/actualites\/wp-content\/uploads\/2025\/09\/Marche-litteraire-a-travers-Eupen-le-dimanche-5-octobre.jpg\",\"width\":1200,\"height\":583,\"caption\":\"Marche litt\u00e9raire \u00e0 travers Eupen le dimanche 5 octobre\"},{\"@type\":\"BreadcrumbList\",\"@id\":\"https:\/\/vieassociative.be\/actualites\/marche-litteraire-a-travers-eupen-le-dimanche-5-octobre\/#breadcrumb\",\"itemListElement\":[{\"@type\":\"ListItem\",\"position\":1,\"name\":\"Accueil\",\"item\":\"https:\/\/vieassociative.be\/actualites\/\"},{\"@type\":\"ListItem\",\"position\":2,\"name\":\"Marche litt\u00e9raire \u00e0 travers Eupen le dimanche 5 octobre\"}]},{\"@type\":\"WebSite\",\"@id\":\"https:\/\/vieassociative.be\/actualites\/#website\",\"url\":\"https:\/\/vieassociative.be\/actualites\/\",\"name\":\"Vie Associative\",\"description\":\"\",\"publisher\":{\"@id\":\"https:\/\/vieassociative.be\/actualites\/#organization\"},\"potentialAction\":[{\"@type\":\"SearchAction\",\"target\":{\"@type\":\"EntryPoint\",\"urlTemplate\":\"https:\/\/vieassociative.be\/actualites\/?s={search_term_string}\"},\"query-input\":{\"@type\":\"PropertyValueSpecification\",\"valueRequired\":true,\"valueName\":\"search_term_string\"}}],\"inLanguage\":\"fr-BE\"},{\"@type\":\"Organization\",\"@id\":\"https:\/\/vieassociative.be\/actualites\/#organization\",\"name\":\"Vie Associative\",\"url\":\"https:\/\/vieassociative.be\/actualites\/\",\"logo\":{\"@type\":\"ImageObject\",\"inLanguage\":\"fr-BE\",\"@id\":\"https:\/\/vieassociative.be\/actualites\/#\/schema\/logo\/image\/\",\"url\":\"https:\/\/vieassociative.be\/actualites\/wp-content\/uploads\/2024\/09\/cropped-vieassociative_favicon.ico.png\",\"contentUrl\":\"https:\/\/vieassociative.be\/actualites\/wp-content\/uploads\/2024\/09\/cropped-vieassociative_favicon.ico.png\",\"width\":512,\"height\":512,\"caption\":\"Vie Associative\"},\"image\":{\"@id\":\"https:\/\/vieassociative.be\/actualites\/#\/schema\/logo\/image\/\"}},{\"@type\":\"Person\",\"@id\":\"https:\/\/vieassociative.be\/actualites\/#\/schema\/person\/b87ac4f82f9d4e7b7cec7395b679edc4\",\"name\":\"Julien\",\"image\":{\"@type\":\"ImageObject\",\"inLanguage\":\"fr-BE\",\"@id\":\"https:\/\/vieassociative.be\/actualites\/#\/schema\/person\/image\/\",\"url\":\"https:\/\/vieassociative.be\/actualites\/wp-content\/uploads\/2024\/09\/vie-associative-1-150x150.jpg\",\"contentUrl\":\"https:\/\/vieassociative.be\/actualites\/wp-content\/uploads\/2024\/09\/vie-associative-1-150x150.jpg\",\"caption\":\"Julien\"},\"description\":\"Je suis Julien, r\u00e9dacteur pour Vie Associative. Passionn\u00e9 par le monde associatif depuis plus de 10 ans, j'ai \u00e0 c\u0153ur de partager des histoires inspirantes et de mettre en lumi\u00e8re les initiatives locales. Mon objectif est de sensibiliser et d'encourager l'engagement communautaire \u00e0 travers mes articles.\",\"sameAs\":[\"https:\/\/vieassociative.be\/\"]}]}<\/script>\n<!-- \/ Yoast SEO plugin. -->","yoast_head_json":{"title":"Marche litt\u00e9raire \u00e0 travers Eupen le dimanche 5 octobre | Vie Associative","robots":{"index":"index","follow":"follow","max-snippet":"max-snippet:-1","max-image-preview":"max-image-preview:large","max-video-preview":"max-video-preview:-1"},"canonical":"https:\/\/vieassociative.be\/actualites\/marche-litteraire-a-travers-eupen-le-dimanche-5-octobre\/","og_locale":"fr_FR","og_type":"article","og_title":"Marche litt\u00e9raire \u00e0 travers Eupen le dimanche 5 octobre | Vie Associative","og_description":"\u00cates-vous un fan d&rsquo;Elke Heidenreich? Appr\u00e9ciez-vous votre humour sp\u00e9cial et votre capacit\u00e9 \u00e0 \u00ab\u00a0nommer les choses par nom\u00a0\u00bb? Ensuite, attendez avec impatience cette promenade litt\u00e9raire","og_url":"https:\/\/vieassociative.be\/actualites\/marche-litteraire-a-travers-eupen-le-dimanche-5-octobre\/","og_site_name":"Vie Associative","article_published_time":"2025-09-22T08:17:55+00:00","og_image":[{"width":279,"height":92,"url":"https:\/\/vieassociative.be\/actualites\/wp-content\/uploads\/2024\/09\/header_backgroundk-01-e1726694325946.png","type":"image\/png"}],"author":"Julien","twitter_card":"summary_large_image","twitter_misc":{"\u00c9crit par":"Julien","Dur\u00e9e de lecture est.":"1 minute"},"schema":{"@context":"https:\/\/schema.org","@graph":[{"@type":"Article","@id":"https:\/\/vieassociative.be\/actualites\/marche-litteraire-a-travers-eupen-le-dimanche-5-octobre\/#article","isPartOf":{"@id":"https:\/\/vieassociative.be\/actualites\/marche-litteraire-a-travers-eupen-le-dimanche-5-octobre\/"},"author":{"name":"Julien","@id":"https:\/\/vieassociative.be\/actualites\/#\/schema\/person\/b87ac4f82f9d4e7b7cec7395b679edc4"},"headline":"Marche litt\u00e9raire \u00e0 travers Eupen le dimanche 5 octobre","datePublished":"2025-09-22T08:17:55+00:00","dateModified":"2025-09-22T08:17:55+00:00","mainEntityOfPage":{"@id":"https:\/\/vieassociative.be\/actualites\/marche-litteraire-a-travers-eupen-le-dimanche-5-octobre\/"},"wordCount":214,"publisher":{"@id":"https:\/\/vieassociative.be\/actualites\/#organization"},"image":{"@id":"https:\/\/vieassociative.be\/actualites\/marche-litteraire-a-travers-eupen-le-dimanche-5-octobre\/#primaryimage"},"thumbnailUrl":"https:\/\/vieassociative.be\/actualites\/wp-content\/uploads\/2025\/09\/Marche-litteraire-a-travers-Eupen-le-dimanche-5-octobre.jpg","keywords":["dimanche","Eupen","litt\u00e9raire","march\u00e9","octobre","travers"],"articleSection":["Belgique"],"inLanguage":"fr-BE"},{"@type":"WebPage","@id":"https:\/\/vieassociative.be\/actualites\/marche-litteraire-a-travers-eupen-le-dimanche-5-octobre\/","url":"https:\/\/vieassociative.be\/actualites\/marche-litteraire-a-travers-eupen-le-dimanche-5-octobre\/","name":"Marche litt\u00e9raire \u00e0 travers Eupen le dimanche 5 octobre | Vie Associative","isPartOf":{"@id":"https:\/\/vieassociative.be\/actualites\/#website"},"primaryImageOfPage":{"@id":"https:\/\/vieassociative.be\/actualites\/marche-litteraire-a-travers-eupen-le-dimanche-5-octobre\/#primaryimage"},"image":{"@id":"https:\/\/vieassociative.be\/actualites\/marche-litteraire-a-travers-eupen-le-dimanche-5-octobre\/#primaryimage"},"thumbnailUrl":"https:\/\/vieassociative.be\/actualites\/wp-content\/uploads\/2025\/09\/Marche-litteraire-a-travers-Eupen-le-dimanche-5-octobre.jpg","datePublished":"2025-09-22T08:17:55+00:00","dateModified":"2025-09-22T08:17:55+00:00","breadcrumb":{"@id":"https:\/\/vieassociative.be\/actualites\/marche-litteraire-a-travers-eupen-le-dimanche-5-octobre\/#breadcrumb"},"inLanguage":"fr-BE","potentialAction":[{"@type":"ReadAction","target":["https:\/\/vieassociative.be\/actualites\/marche-litteraire-a-travers-eupen-le-dimanche-5-octobre\/"]}]},{"@type":"ImageObject","inLanguage":"fr-BE","@id":"https:\/\/vieassociative.be\/actualites\/marche-litteraire-a-travers-eupen-le-dimanche-5-octobre\/#primaryimage","url":"https:\/\/vieassociative.be\/actualites\/wp-content\/uploads\/2025\/09\/Marche-litteraire-a-travers-Eupen-le-dimanche-5-octobre.jpg","contentUrl":"https:\/\/vieassociative.be\/actualites\/wp-content\/uploads\/2025\/09\/Marche-litteraire-a-travers-Eupen-le-dimanche-5-octobre.jpg","width":1200,"height":583,"caption":"Marche litt\u00e9raire \u00e0 travers Eupen le dimanche 5 octobre"},{"@type":"BreadcrumbList","@id":"https:\/\/vieassociative.be\/actualites\/marche-litteraire-a-travers-eupen-le-dimanche-5-octobre\/#breadcrumb","itemListElement":[{"@type":"ListItem","position":1,"name":"Accueil","item":"https:\/\/vieassociative.be\/actualites\/"},{"@type":"ListItem","position":2,"name":"Marche litt\u00e9raire \u00e0 travers Eupen le dimanche 5 octobre"}]},{"@type":"WebSite","@id":"https:\/\/vieassociative.be\/actualites\/#website","url":"https:\/\/vieassociative.be\/actualites\/","name":"Vie Associative","description":"","publisher":{"@id":"https:\/\/vieassociative.be\/actualites\/#organization"},"potentialAction":[{"@type":"SearchAction","target":{"@type":"EntryPoint","urlTemplate":"https:\/\/vieassociative.be\/actualites\/?s={search_term_string}"},"query-input":{"@type":"PropertyValueSpecification","valueRequired":true,"valueName":"search_term_string"}}],"inLanguage":"fr-BE"},{"@type":"Organization","@id":"https:\/\/vieassociative.be\/actualites\/#organization","name":"Vie Associative","url":"https:\/\/vieassociative.be\/actualites\/","logo":{"@type":"ImageObject","inLanguage":"fr-BE","@id":"https:\/\/vieassociative.be\/actualites\/#\/schema\/logo\/image\/","url":"https:\/\/vieassociative.be\/actualites\/wp-content\/uploads\/2024\/09\/cropped-vieassociative_favicon.ico.png","contentUrl":"https:\/\/vieassociative.be\/actualites\/wp-content\/uploads\/2024\/09\/cropped-vieassociative_favicon.ico.png","width":512,"height":512,"caption":"Vie Associative"},"image":{"@id":"https:\/\/vieassociative.be\/actualites\/#\/schema\/logo\/image\/"}},{"@type":"Person","@id":"https:\/\/vieassociative.be\/actualites\/#\/schema\/person\/b87ac4f82f9d4e7b7cec7395b679edc4","name":"Julien","image":{"@type":"ImageObject","inLanguage":"fr-BE","@id":"https:\/\/vieassociative.be\/actualites\/#\/schema\/person\/image\/","url":"https:\/\/vieassociative.be\/actualites\/wp-content\/uploads\/2024\/09\/vie-associative-1-150x150.jpg","contentUrl":"https:\/\/vieassociative.be\/actualites\/wp-content\/uploads\/2024\/09\/vie-associative-1-150x150.jpg","caption":"Julien"},"description":"Je suis Julien, r\u00e9dacteur pour Vie Associative. Passionn\u00e9 par le monde associatif depuis plus de 10 ans, j'ai \u00e0 c\u0153ur de partager des histoires inspirantes et de mettre en lumi\u00e8re les initiatives locales. Mon objectif est de sensibiliser et d'encourager l'engagement communautaire \u00e0 travers mes articles.","sameAs":["https:\/\/vieassociative.be\/"]}]}},"_links":{"self":[{"href":"https:\/\/vieassociative.be\/actualites\/wp-json\/wp\/v2\/posts\/10176"}],"collection":[{"href":"https:\/\/vieassociative.be\/actualites\/wp-json\/wp\/v2\/posts"}],"about":[{"href":"https:\/\/vieassociative.be\/actualites\/wp-json\/wp\/v2\/types\/post"}],"author":[{"embeddable":true,"href":"https:\/\/vieassociative.be\/actualites\/wp-json\/wp\/v2\/users\/1"}],"replies":[{"embeddable":true,"href":"https:\/\/vieassociative.be\/actualites\/wp-json\/wp\/v2\/comments?post=10176"}],"version-history":[{"count":0,"href":"https:\/\/vieassociative.be\/actualites\/wp-json\/wp\/v2\/posts\/10176\/revisions"}],"wp:featuredmedia":[{"embeddable":true,"href":"https:\/\/vieassociative.be\/actualites\/wp-json\/wp\/v2\/media\/10177"}],"wp:attachment":[{"href":"https:\/\/vieassociative.be\/actualites\/wp-json\/wp\/v2\/media?parent=10176"}],"wp:term":[{"taxonomy":"category","embeddable":true,"href":"https:\/\/vieassociative.be\/actualites\/wp-json\/wp\/v2\/categories?post=10176"},{"taxonomy":"post_tag","embeddable":true,"href":"https:\/\/vieassociative.be\/actualites\/wp-json\/wp\/v2\/tags?post=10176"}],"curies":[{"name":"wp","href":"https:\/\/api.w.org\/{rel}","templated":true}]}}