{"id":10174,"date":"2025-09-22T09:17:33","date_gmt":"2025-09-22T07:17:33","guid":{"rendered":"https:\/\/vieassociative.be\/actualites\/je-suis-un-coureur-de-marathon-et-ce-sont-les-meilleurs-ecouteurs-et-ecouteurs-pour-courir\/"},"modified":"2025-09-22T09:17:33","modified_gmt":"2025-09-22T07:17:33","slug":"je-suis-un-coureur-de-marathon-et-ce-sont-les-meilleurs-ecouteurs-et-ecouteurs-pour-courir","status":"publish","type":"post","link":"https:\/\/vieassociative.be\/actualites\/je-suis-un-coureur-de-marathon-et-ce-sont-les-meilleurs-ecouteurs-et-ecouteurs-pour-courir\/","title":{"rendered":"Je suis un coureur de marathon, et ce sont les meilleurs \u00e9couteurs et \u00e9couteurs pour courir"},"content":{"rendered":"<div class=\"mt-4 leading-6 md:mb-8\">Parce que j&rsquo;ai besoin de mes airs &#8230; et d&rsquo;entendre le son de cette voiture qui me venait.<\/div>\n<p><\/p>\n<p><em>Saviez-vous que vous pouvez personnaliser Google pour filtrer les ordures? Prendre ces \u00e9tapes<\/em><em>  Pour de meilleurs r\u00e9sultats de recherche, notamment en ajoutant mon travail chez Vie Associative comme source pr\u00e9f\u00e9r\u00e9e<\/em><em>.<\/em><\/p>\n<hr>\n<p>Les \u00e9couteurs ou \u00e9couteurs droits peuvent faire ou casser une course. Que vous grincez du mile 20 d&rsquo;un marathon ou que vous essayiez simplement de passer un mardi matin un miler, vos \u00e9couteurs doivent \u00eatre \u00e0 la hauteur.<\/p>\n<p>Mes \u00e9couteurs de course pr\u00e9f\u00e9r\u00e9s de tous les temps <em>\u00e9taient<\/em> Le plantronics backbeat fit 2100. Confortable, s\u00e9curis\u00e9, r\u00e9sistant \u00e0 la transpiration et avec juste la bonne quantit\u00e9 de conscience du son ambiant. Tragiquement, ils ont \u00e9t\u00e9 interrompus, laissant des coureurs comme moi \u00e0 la recherche de dignes successeurs.<\/p>\n<div class=\"mx-auto mb-12 mt-5 w-full max-w-3xl rounded-md border-2 border-gray-100 p-3 shadow-md md:px-7 md:pb-7 md:pt-5\" id=\"related-video\">\n<div class=\"mb-3 flex items-center md:mb-5\">\n        <img decoding=\"async\" class=\"mr-4 mt-0 h-10 w-10 md:mr-5 md:h-12 md:w-12\" src=\"https:\/\/vieassociative.be\/actualites\/wp-content\/uploads\/2025\/09\/1757726237_608_Meta-pourrait-devoiler-une-montre-intelligente-pour-controler-ses-lunettes.jpg\" alt=\"Logo Lifehacker\"><\/p><\/div>\n<div class=\"aspect-video w-full overflow-hidden rounded-md\">\n<div id=\"video-container-01K5R4H7FP6ZWMC04RPZMZZ7JN\"><\/div>\n<\/p><\/div>\n<\/div>\n<p>Bien s\u00fbr, les meilleurs \u00e9couteurs en cours d&rsquo;ex\u00e9cution d\u00e9pendent de vos besoins sp\u00e9cifiques, de votre style de course et de vos pr\u00e9f\u00e9rences. Apr\u00e8s des tests approfondis (et plus de quelques \u00e9checs d&rsquo;\u00e9quipement \u00e0 mi-parcours), voici ma ventilation des principales options dans diff\u00e9rentes cat\u00e9gories.<\/p>\n<h2 id=\"my-absolute-favorite-shokz-openrun-pro-2\">Mon pr\u00e9f\u00e9r\u00e9 absolu: Shokz Openrun Pro 2<\/h2>\n<p>Lorsque je cours autour de Brooklyn, de Manhattan et du Queens, je compte sur la technologie de conduction osseuse pour garder mes oreilles compl\u00e8tement ouvertes \u00e0 la circulation, aux autres coureurs et aux cyclistes d\u00e9rang\u00e9s. Alors que mon coll\u00e8gue Daniel Oropeza revoit en profondeur ici, le Shokz Openrun Pro 2 est le meilleur pour tous ceux qui veulent encore entendre leur environnement sans sacrifier trop sur la qualit\u00e9 de l&rsquo;audio.<\/p>\n<p>J&rsquo;ai \u00e9prouv\u00e9 peu ou pas de fatigue de l&rsquo;oreille, m\u00eame pendant plus de 18 milles. Leur cote IP55 s&rsquo;est r\u00e9v\u00e9l\u00e9e vraie pour moi, apr\u00e8s avoir port\u00e9 ces \u00e9couteurs pendant les courses d&rsquo;\u00e9t\u00e9 humides, sans parler des averses inattendues. Le plus important pour moi, la dur\u00e9e de vie de leur batterie r\u00e9siste, dure m\u00eame mes plus longues courses d&rsquo;entra\u00eenement. De plus, m\u00eame si j&rsquo;oublie de charger la veille d&rsquo;une course, une charge rapide de cinq minutes vous donne environ 1,5 heure d&rsquo;\u00e9coute. <\/p>\n<p>Bien qu&rsquo;ils ne correspondent jamais \u00e0 la r\u00e9ponse basse des moniteurs intra-auriculaires traditionnels, ils fournissent un son clair et d\u00e9taill\u00e9 parfait pour les podcasts, les livres audio et la musique pendant mes courses d&rsquo;entra\u00eenement.<\/p>\n<div class=\"pogoClear mb-12 mt-10 rounded-md border-2 border-gray-100 py-7 shadow-xl md:py-6\">\n<div class=\"flex flex-wrap justify-between px-7 text-black no-underline md:flex-nowrap md:px-8\">\n<div class=\"order-1 mx-auto flex flex-col justify-center md:order-2 md:ml-4 md:w-full md:grow\">\n<div class=\"block cursor-pointer text-center font-akshar text-2xl font-medium leading-7 text-brand-green duration-200 ease-in-out hover:text-brand-green-700 md:text-left md:text-xl md:leading-6\">Shokz OpenRun Pro 2\n                <\/div>\n<div class=\"mt-4 hidden md:flex md:justify-between\">\n<div class=\"self-end\">\n<div class=\"mb-0 h-11 md:flex md:flex-col md:justify-center\">\n<div class=\" font-sans leading-4 text-black\">\n<div class=\"flex flex-wrap items-center justify-center gap-1 md:justify-start\">\n        <span class=\"font-bold\"><\/p>\n<p>            179,95 $<br \/>\n                            <span class=\"font-medium\">\u00e0 Amazon<\/span><br \/>\n                    <\/span>\n            <\/div>\n<\/p><\/div>\n<\/p><\/div>\n<\/p><\/div>\n<div class=\"w-44 self-end\">\n                            <button class=\"flex justify-center items-center w-full bg-brand-green text-white text-base font-sans font-medium rounded-md hover:bg-brand-green-700 hover:cursor-pointer md:text-sm h-11\"><\/p>\n<p>    Faire un magasin maintenant<br \/>\n<\/button>\n                        <\/div>\n<\/p><\/div>\n<\/p><\/div>\n<div class=\"order-2 mt-5 h-auto w-full md:order-1 md:mt-0 md:hidden\">\n<div class=\"flex aspect-video items-center justify-center\">\n                                            <img decoding=\"async\" class=\"m-0 max-h-full max-w-full rounded-md\" src=\"https:\/\/vieassociative.be\/actualites\/wp-content\/uploads\/2025\/09\/Je-suis-un-coureur-de-marathon-et-ce-sont-les.jpg\" alt=\"Shokz New OpenRun Pro 2 - \u00c9couteur sport \u00e0 oreilles, conduction en os - \u00c9couteur d'entra\u00eenement r\u00e9sistant \u00e0 la sueur avec Bluetooth de 30 pieds - Secure, sans fil, ajustement confortable - Basse profonde et application Smart Mic\" width=\"auto\" height=\"auto\" loading=\"lazy\">\n                                    <\/div>\n<\/p><\/div>\n<div class=\"order-2 ml-2 hidden w-32 shrink-0 items-center md:order-1 md:ml-0 md:flex\">\n<div class=\"flex aspect-video items-center justify-center\">\n                                            <img decoding=\"async\" class=\"m-0 max-h-full max-w-full rounded-md\" src=\"https:\/\/vieassociative.be\/actualites\/wp-content\/uploads\/2025\/09\/Je-suis-un-coureur-de-marathon-et-ce-sont-les.jpg\" alt=\"Shokz New OpenRun Pro 2 - \u00c9couteur sport \u00e0 oreilles, conduction en os - \u00c9couteur d'entra\u00eenement r\u00e9sistant \u00e0 la sueur avec Bluetooth de 30 pieds - Secure, sans fil, ajustement confortable - Basse profonde et application Smart Mic\" width=\"auto\" height=\"auto\" loading=\"lazy\">\n                                    <\/div>\n<\/p><\/div>\n<div class=\"order-3 flex grow flex-wrap md:hidden md:grow-0\">\n<div class=\"mt-4 w-full\">\n                        <button class=\"flex justify-center items-center w-full bg-brand-green text-white text-base font-sans font-medium rounded-md hover:bg-brand-green-700 hover:cursor-pointer md:text-sm h-11\"><\/p>\n<p>    Faire un magasin maintenant<br \/>\n<\/button>\n                    <\/div>\n<div class=\"mx-2 mt-4 w-full\">\n<div class=\" font-sans leading-4 text-black\">\n<div class=\"flex flex-wrap items-center justify-center gap-1 md:justify-start\">\n        <span class=\"font-bold\"><\/p>\n<p>            179,95 $<br \/>\n                            <span class=\"font-medium\">\u00e0 Amazon<\/span><br \/>\n                    <\/span>\n            <\/div>\n<\/p><\/div>\n<\/p><\/div>\n<\/p><\/div>\n<\/p><\/div>\n<\/div>\n<p>Pour une alternative budg\u00e9taire, envisagez Shokz OpenMove pour seulement 79,95 $. Ils sont parfaits pour les coureurs nouveaux \u00e0 la conduction osseuse qui veulent tester les eaux. Et en parlant d&rsquo;eaux &#8211; je recommande cette paire d&rsquo;\u00e9couteurs de conduction osseuse qui fonctionnent r\u00e9ellement sous l&rsquo;eau? <\/p>\n<h2 id=\"my-favorite-wireless-earbuds\">Mes \u00e9couteurs sans fil pr\u00e9f\u00e9r\u00e9s<\/h2>\n<p>Je pr\u00e9f\u00e8re g\u00e9n\u00e9ralement l&rsquo;ajustement s\u00e9curis\u00e9 des \u00e9couteurs aux \u00e9couteurs d\u00e9connect\u00e9s. De m\u00eame, la r\u00e9dactrice en sant\u00e9 senior de Vie Associative, Beth Skwarecki, pr\u00e9f\u00e8re les crochets d&rsquo;oreille (m\u00eame si elle sait qu&rsquo;un \u00e9couteur est en s\u00e9curit\u00e9, elle s&rsquo;inqui\u00e8tera), et Shokz est \u00e9galement son choix. Elle recommande d&rsquo;utiliser ce guide de mesure de Shokz pour trouver la coupe parfaite pour vous.<\/p>\n<p>Si vous pr\u00e9f\u00e9rez les \u00e9couteurs ou que vous \u00eates dans un pincement, vous ne pouvez pas vous tromper avec Apple Airpods Pro 2. Les AirPod sont omnipr\u00e9sents pour une raison, et si vous aimez la paire que vous avez, il n&rsquo;y a aucune raison pour acheter un nouvel ensemble d&rsquo;\u00e9couteurs uniquement pour courir. Ils ont une excellente annulation de bruit actif, avec un mode de transparence pour la s\u00e9curit\u00e9. <\/p>\n<div class=\"pogoClear mb-12 mt-10 rounded-md border-2 border-gray-100 py-7 shadow-xl md:py-6\">\n<div class=\"flex flex-wrap justify-between px-7 text-black no-underline md:flex-nowrap md:px-8\">\n<div class=\"order-1 mx-auto flex flex-col justify-center md:order-2 md:ml-4 md:w-full md:grow\">\n<div class=\"block cursor-pointer text-center font-akshar text-2xl font-medium leading-7 text-brand-green duration-200 ease-in-out hover:text-brand-green-700 md:text-left md:text-xl md:leading-6\">Apple Airpods Pro (2e g\u00e9n\u00e9ration) avec cas de charge Magsafe (USB-C)\n                <\/div>\n<div class=\"mt-4 hidden md:flex md:justify-between\">\n<div class=\"self-end\">\n<div class=\"mb-0 h-11 md:flex md:flex-col md:justify-center\">\n<div class=\" font-sans leading-4 text-black\">\n<div class=\"flex flex-wrap items-center justify-center gap-1 md:justify-start\">\n        <span class=\"font-bold\"><\/p>\n<p>            199,00 $<br \/>\n                            <span class=\"font-medium\">\u00e0 Amazon<\/span><br \/>\n                    <\/span>\n            <\/div>\n<div class=\"flex items-center justify-center gap-x-1 font-bold md:justify-start\">\n            <span class=\"text-sm line-through\">249,00 $<\/span><br \/>\n            <span class=\"text-sm text-brand-green\">\u00c9conomisez 50,00 $<\/span>\n        <\/div>\n<\/p><\/div>\n<\/p><\/div>\n<\/p><\/div>\n<div class=\"w-44 self-end\">\n                            <button class=\"flex justify-center items-center w-full bg-brand-green text-white text-base font-sans font-medium rounded-md hover:bg-brand-green-700 hover:cursor-pointer md:text-sm h-11\"><\/p>\n<p>    Faire un magasin maintenant<br \/>\n<\/button>\n                        <\/div>\n<\/p><\/div>\n<\/p><\/div>\n<div class=\"order-2 mt-5 h-auto w-full md:order-1 md:mt-0 md:hidden\">\n<div class=\"flex aspect-video items-center justify-center\">\n                                            <img decoding=\"async\" class=\"m-0 max-h-full max-w-full rounded-md\" src=\"https:\/\/vieassociative.be\/actualites\/wp-content\/uploads\/2025\/07\/1752347867_140_Prime-Day-Is-Over-but-These-17-Deals-Are-Still.jpg\" alt=\"Apple Airpods Pro (2e g\u00e9n\u00e9ration) avec cas de charge Magsafe (USB-C)\" width=\"auto\" height=\"auto\" loading=\"lazy\">\n                                    <\/div>\n<\/p><\/div>\n<div class=\"order-2 ml-2 hidden w-32 shrink-0 items-center md:order-1 md:ml-0 md:flex\">\n<div class=\"flex aspect-video items-center justify-center\">\n                                            <img decoding=\"async\" class=\"m-0 max-h-full max-w-full rounded-md\" src=\"https:\/\/vieassociative.be\/actualites\/wp-content\/uploads\/2025\/07\/1752347867_140_Prime-Day-Is-Over-but-These-17-Deals-Are-Still.jpg\" alt=\"Apple Airpods Pro (2e g\u00e9n\u00e9ration) avec cas de charge Magsafe (USB-C)\" width=\"auto\" height=\"auto\" loading=\"lazy\">\n                                    <\/div>\n<\/p><\/div>\n<div class=\"order-3 flex grow flex-wrap md:hidden md:grow-0\">\n<div class=\"mt-4 w-full\">\n                        <button class=\"flex justify-center items-center w-full bg-brand-green text-white text-base font-sans font-medium rounded-md hover:bg-brand-green-700 hover:cursor-pointer md:text-sm h-11\"><\/p>\n<p>    Faire un magasin maintenant<br \/>\n<\/button>\n                    <\/div>\n<div class=\"mx-2 mt-4 w-full\">\n<div class=\" font-sans leading-4 text-black\">\n<div class=\"flex flex-wrap items-center justify-center gap-1 md:justify-start\">\n        <span class=\"font-bold\"><\/p>\n<p>            199,00 $<br \/>\n                            <span class=\"font-medium\">\u00e0 Amazon<\/span><br \/>\n                    <\/span>\n            <\/div>\n<div class=\"flex items-center justify-center gap-x-1 font-bold md:justify-start\">\n            <span class=\"text-sm line-through\">249,00 $<\/span><br \/>\n            <span class=\"text-sm text-brand-green\">\u00c9conomisez 50,00 $<\/span>\n        <\/div>\n<\/p><\/div>\n<\/p><\/div>\n<\/p><\/div>\n<\/p><\/div>\n<\/div>\n<p>Pour les meilleurs ajustements, les Powerbeats Pro 2 sont assez imbattables. Je parle d&rsquo;annulation active de bruit, de coiffes d&rsquo;oreille avec une adh\u00e9rence flexible et m\u00eame de surveillance de la fr\u00e9quence cardiaque. <\/p>\n<p>Un autre ensemble d&rsquo;\u00e9couteurs sans fil que j&rsquo;aimais: le Bose QuietComfort. La seule raison pour laquelle je disais \u00ab\u00a0utilis\u00e9\u00a0\u00bb est parce que j&rsquo;ai tragiquement laiss\u00e9 ma paire dans un avion il y a des ann\u00e9es. Ils sont petits mais puissants, ne mentionnant pas \u00e9tonnamment en s\u00e9curit\u00e9 \u00e9tant donn\u00e9 \u00e0 quel point ils sont peu. J&rsquo;appr\u00e9cie particuli\u00e8rement une paire d&rsquo;\u00e9couteurs avec des boutons de contr\u00f4le de robinet personnalisables, vous pouvez donc facilement ignorer une chanson qui ne correspond pas \u00e0 l&rsquo;ambiance de votre course. <\/p>\n<h2 id=\"over-ear-and-on-ear-options\">Options de sur-auriculture et d&rsquo;oreille<\/h2>\n<p>Les audiophiles peuvent monter pour des options plus sophistiqu\u00e9es, mais ma philosophie ici est que si vous savez que vous allez transpirer dans une paire d&rsquo;\u00e9couteurs insonoris\u00e9s, vous devriez utiliser une paire budg\u00e9taire pour la t\u00e2che.<\/p>\n<p>Ma recommandation budg\u00e9taire sous le radar pour vous est le casque Blueant Pump x. Ils livrent les deux choses dont j&rsquo;ai besoin lors d&rsquo;un entra\u00eenement intense: la r\u00e9sistance \u00e0 la transpiration et la qualit\u00e9 sonore impressionnante. Si je suis sur un tapis roulant, j&rsquo;ai besoin de vrais basses sur-oreilles qui pompent dans mon cr\u00e2ne. Les \u00e9couteurs Pump X ont un boost de basse \u00ab\u00a0en mode X qui semble avoir \u00e9t\u00e9 con\u00e7u sp\u00e9cifiquement pour le moment o\u00f9 vous vous d\u00e9battez dans ce dernier mile.<\/p>\n<div class=\"pogoClear mb-12 mt-10 rounded-md border-2 border-gray-100 py-7 shadow-xl md:py-6\">\n<div class=\"flex flex-wrap justify-between px-7 text-black no-underline md:flex-nowrap md:px-8\">\n<div class=\"order-1 mx-auto flex flex-col justify-center md:order-2 md:ml-4 md:w-full md:grow\">\n<div class=\"block cursor-pointer text-center font-akshar text-2xl font-medium leading-7 text-brand-green duration-200 ease-in-out hover:text-brand-green-700 md:text-left md:text-xl md:leading-6\">Blueant Pump x casque\n                <\/div>\n<div class=\"mt-4 hidden md:flex md:justify-between\">\n<div class=\"self-end\">\n<div class=\"mb-0 h-11 md:flex md:flex-col md:justify-center\">\n<div class=\" font-sans leading-4 text-black\">\n<div class=\"flex flex-wrap items-center justify-center gap-1 md:justify-start\">\n        <span class=\"font-bold\"><\/p>\n<p>            129,99 $<br \/>\n                            <span class=\"font-medium\">\u00e0 Amazon<\/span><br \/>\n                    <\/span>\n            <\/div>\n<\/p><\/div>\n<\/p><\/div>\n<\/p><\/div>\n<div class=\"w-44 self-end\">\n                            <button class=\"flex justify-center items-center w-full bg-brand-green text-white text-base font-sans font-medium rounded-md hover:bg-brand-green-700 hover:cursor-pointer md:text-sm h-11\"><\/p>\n<p>    Faire un magasin maintenant<br \/>\n<\/button>\n                        <\/div>\n<\/p><\/div>\n<\/p><\/div>\n<div class=\"order-2 mt-5 h-auto w-full md:order-1 md:mt-0 md:hidden\">\n<div class=\"flex aspect-video items-center justify-center\">\n                                            <img decoding=\"async\" class=\"m-0 max-h-full max-w-full rounded-md\" src=\"https:\/\/vieassociative.be\/actualites\/wp-content\/uploads\/2025\/09\/1758525453_795_Je-suis-un-coureur-de-marathon-et-ce-sont-les.jpg\" alt=\"Blueant Pump X - Les \u00e9couteurs de gym | Blanc \/ or | \u00c9couteurs sportifs | Tampons d'oreille rembourr\u00e9s et refroidisseurs | (ANC) Am\u00e9lioration du bruit actif \/ Transparence avanc\u00e9e | Sans fil | Jusqu'\u00e0 58 heures de jeu\" width=\"auto\" height=\"auto\" loading=\"lazy\">\n                                    <\/div>\n<\/p><\/div>\n<div class=\"order-2 ml-2 hidden w-32 shrink-0 items-center md:order-1 md:ml-0 md:flex\">\n<div class=\"flex aspect-video items-center justify-center\">\n                                            <img decoding=\"async\" class=\"m-0 max-h-full max-w-full rounded-md\" src=\"https:\/\/vieassociative.be\/actualites\/wp-content\/uploads\/2025\/09\/1758525453_795_Je-suis-un-coureur-de-marathon-et-ce-sont-les.jpg\" alt=\"Blueant Pump X - Les \u00e9couteurs de gym | Blanc \/ or | \u00c9couteurs sportifs | Tampons d'oreille rembourr\u00e9s et refroidisseurs | (ANC) Am\u00e9lioration du bruit actif \/ Transparence avanc\u00e9e | Sans fil | Jusqu'\u00e0 58 heures de jeu\" width=\"auto\" height=\"auto\" loading=\"lazy\">\n                                    <\/div>\n<\/p><\/div>\n<div class=\"order-3 flex grow flex-wrap md:hidden md:grow-0\">\n<div class=\"mt-4 w-full\">\n                        <button class=\"flex justify-center items-center w-full bg-brand-green text-white text-base font-sans font-medium rounded-md hover:bg-brand-green-700 hover:cursor-pointer md:text-sm h-11\"><\/p>\n<p>    Faire un magasin maintenant<br \/>\n<\/button>\n                    <\/div>\n<div class=\"mx-2 mt-4 w-full\">\n<div class=\" font-sans leading-4 text-black\">\n<div class=\"flex flex-wrap items-center justify-center gap-1 md:justify-start\">\n        <span class=\"font-bold\"><\/p>\n<p>            129,99 $<br \/>\n                            <span class=\"font-medium\">\u00e0 Amazon<\/span><br \/>\n                    <\/span>\n            <\/div>\n<\/p><\/div>\n<\/p><\/div>\n<\/p><\/div>\n<\/p><\/div>\n<\/div>\n<p>Ma mention honorable dans cette cat\u00e9gorie est le Soundcore Life Q30 par Anker. Ils sont \u00e0 l&rsquo;aise, ont une autonomie solide, et comme ils co\u00fbtent moins de 100 $, je ne me sens jamais coupable de transpiration abondamment en eux. Leur annulation de bruit et leur qualit\u00e9 sonore ne m&rsquo;ont jamais d\u00e9\u00e7u dans le gymnase. <\/p>\n<h2 id=\"consider-a-wired-option\">Consid\u00e9rez une option c\u00e2bl\u00e9e<\/h2>\n<p>Bien que je ne sois pas \u00e9norme sur les \u00e9couteurs filaires moi-m\u00eame, ils valent la peine d&rsquo;\u00eatre consid\u00e9r\u00e9s. Pensez-y: pas d&rsquo;anxi\u00e9t\u00e9 de batterie. Pas de probl\u00e8mes Bluetooth. Parfait pour les courses o\u00f9 vous voulez aucun \u00e9chec technologique. Si vous cherchez une paire de sauvegarde que vous savez que vous ne perdrez pas, le JBL Endurance Run 2 ne co\u00fbte que 19,95 $.<\/p>\n<h2 id=\"what-to-look-for-in-running-earbuds\">Que rechercher dans les \u00e9couteurs en cours d&rsquo;ex\u00e9cution<\/h2>\n<p>Pendant des ann\u00e9es d&rsquo;essais et d&rsquo;erreurs, j&rsquo;ai identifi\u00e9 ces non-n\u00e9gociables dans les \u00e9couteurs et les \u00e9couteurs.<\/p>\n<p><strong>La s\u00e9curit\u00e9 est tout<\/strong>: S&rsquo;ils tombent pendant le mile 15, ils sont inutiles. Recherchez plusieurs tailles de pointe d&rsquo;oreille, crochets d&rsquo;oreille ou conceptions de conduction osseuse.<\/p>\n<p><strong>La r\u00e9sistance \u00e0 la transpiration est importante<\/strong>: IPX4 Minimum, mais les cotes IPX7 ou IP55 + offrent la tranquillit\u00e9 d&rsquo;esprit pendant une formation intense.<\/p>\n<p><strong>La dur\u00e9e de vie de la batterie devrait d\u00e9passer votre plus longue course<\/strong>: Rien ne tue la motivation comme des \u00e9couteurs morts \u00e0 mi-chemin \u00e0 long terme.<\/p>\n<p><strong>La sensibilisation du son est \u00e9gale \u00e0 la s\u00e9curit\u00e9<\/strong>: Que ce soit par la conduction osseuse, les modes de transparence ou le port unique, vous devez entendre votre environnement.<\/p>\n<p><strong>Confort pendant des heures<\/strong>: Ce qui semble bien pendant 30 minutes pourrait devenir une torture apr\u00e8s deux heures.<\/p>\n<h2 id=\"the-bottom-line\">La ligne de fond<\/h2>\n<p>Alors que je pleure la perte de ma bien-aim\u00e9e Plantronics Backbeat Fit 2100, les Shokz Openrun Pro 2 me traitent bien. Leur combinaison de s\u00e9curit\u00e9, de confort et de performance les rend id\u00e9ales pour les coureurs s\u00e9rieux, en particulier ceux qui souhaitent rester en s\u00e9curit\u00e9 dans les rues de la ville, comme moi.<\/p>\n<p>Cela dit, les meilleurs \u00e9couteurs sont ceux qui correspondent \u00e0 vos besoins sp\u00e9cifiques. Les coureurs des sentiers pourraient hi\u00e9rarchiser diff\u00e9rentes fonctionnalit\u00e9s des athl\u00e8tes de piste. Les entra\u00eeneurs de marathon ont des exigences diff\u00e9rentes de celles des joggeurs occasionnels (toux contre la batterie). La cl\u00e9 est de trouver la paire qui <em>dispara\u00eet<\/em> Pendant votre course &#8211; des coups de pied qui vous permettent de vous concentrer sur votre rythme, votre respiration et le rythme de vos pieds sur le trottoir. <\/p>\n","protected":false},"excerpt":{"rendered":"<p>Parce que j&rsquo;ai besoin de mes airs &#8230; et d&rsquo;entendre le son de cette voiture qui me venait. Saviez-vous que vous pouvez personnaliser Google pour<\/p>\n","protected":false},"author":1,"featured_media":10175,"comment_status":"","ping_status":"","sticky":false,"template":"","format":"standard","meta":{"footnotes":""},"categories":[38],"tags":[6769,3810,1537,14,889,187,81,18,2985],"class_list":["post-10174","post","type-post","status-publish","format-standard","has-post-thumbnail","hentry","category-sante","tag-coureur","tag-courir","tag-ecouteurs","tag-les","tag-marathon","tag-meilleurs","tag-pour","tag-sont","tag-suis","generate-columns","tablet-grid-50","mobile-grid-100","grid-parent","grid-33"],"yoast_head":"<!-- This site is optimized with the Yoast SEO plugin v24.0 - https:\/\/yoast.com\/wordpress\/plugins\/seo\/ -->\n<title>Je suis un coureur de marathon, et ce sont les meilleurs \u00e9couteurs et \u00e9couteurs pour courir | Vie Associative<\/title>\n<meta name=\"robots\" content=\"index, follow, max-snippet:-1, max-image-preview:large, max-video-preview:-1\" \/>\n<link rel=\"canonical\" href=\"https:\/\/vieassociative.be\/actualites\/je-suis-un-coureur-de-marathon-et-ce-sont-les-meilleurs-ecouteurs-et-ecouteurs-pour-courir\/\" \/>\n<meta property=\"og:locale\" content=\"fr_FR\" \/>\n<meta property=\"og:type\" content=\"article\" \/>\n<meta property=\"og:title\" content=\"Je suis un coureur de marathon, et ce sont les meilleurs \u00e9couteurs et \u00e9couteurs pour courir | Vie Associative\" \/>\n<meta property=\"og:description\" content=\"Parce que j&rsquo;ai besoin de mes airs &#8230; et d&rsquo;entendre le son de cette voiture qui me venait. Saviez-vous que vous pouvez personnaliser Google pour\" \/>\n<meta property=\"og:url\" content=\"https:\/\/vieassociative.be\/actualites\/je-suis-un-coureur-de-marathon-et-ce-sont-les-meilleurs-ecouteurs-et-ecouteurs-pour-courir\/\" \/>\n<meta property=\"og:site_name\" content=\"Vie Associative\" \/>\n<meta property=\"article:published_time\" content=\"2025-09-22T07:17:33+00:00\" \/>\n<meta property=\"og:image\" content=\"https:\/\/vieassociative.be\/actualites\/wp-content\/uploads\/2025\/09\/1757726237_608_Meta-pourrait-devoiler-une-montre-intelligente-pour-controler-ses-lunettes.jpg\" \/>\n<meta name=\"author\" content=\"Julien\" \/>\n<meta name=\"twitter:card\" content=\"summary_large_image\" \/>\n<meta name=\"twitter:label1\" content=\"\u00c9crit par\" \/>\n\t<meta name=\"twitter:data1\" content=\"Julien\" \/>\n\t<meta name=\"twitter:label2\" content=\"Dur\u00e9e de lecture est.\" \/>\n\t<meta name=\"twitter:data2\" content=\"7 minutes\" \/>\n<script type=\"application\/ld+json\" class=\"yoast-schema-graph\">{\"@context\":\"https:\/\/schema.org\",\"@graph\":[{\"@type\":\"Article\",\"@id\":\"https:\/\/vieassociative.be\/actualites\/je-suis-un-coureur-de-marathon-et-ce-sont-les-meilleurs-ecouteurs-et-ecouteurs-pour-courir\/#article\",\"isPartOf\":{\"@id\":\"https:\/\/vieassociative.be\/actualites\/je-suis-un-coureur-de-marathon-et-ce-sont-les-meilleurs-ecouteurs-et-ecouteurs-pour-courir\/\"},\"author\":{\"name\":\"Julien\",\"@id\":\"https:\/\/vieassociative.be\/actualites\/#\/schema\/person\/b87ac4f82f9d4e7b7cec7395b679edc4\"},\"headline\":\"Je suis un coureur de marathon, et ce sont les meilleurs \u00e9couteurs et \u00e9couteurs pour courir\",\"datePublished\":\"2025-09-22T07:17:33+00:00\",\"dateModified\":\"2025-09-22T07:17:33+00:00\",\"mainEntityOfPage\":{\"@id\":\"https:\/\/vieassociative.be\/actualites\/je-suis-un-coureur-de-marathon-et-ce-sont-les-meilleurs-ecouteurs-et-ecouteurs-pour-courir\/\"},\"wordCount\":1386,\"publisher\":{\"@id\":\"https:\/\/vieassociative.be\/actualites\/#organization\"},\"image\":{\"@id\":\"https:\/\/vieassociative.be\/actualites\/je-suis-un-coureur-de-marathon-et-ce-sont-les-meilleurs-ecouteurs-et-ecouteurs-pour-courir\/#primaryimage\"},\"thumbnailUrl\":\"https:\/\/vieassociative.be\/actualites\/wp-content\/uploads\/2025\/09\/Je-suis-un-coureur-de-marathon-et-ce-sont-les.png\",\"keywords\":[\"coureur\",\"courir\",\"\u00e9couteurs\",\"Les\",\"marathon\",\"meilleurs\",\"pour\",\"sont\",\"suis\"],\"articleSection\":[\"Sant\u00e9\"],\"inLanguage\":\"fr-BE\"},{\"@type\":\"WebPage\",\"@id\":\"https:\/\/vieassociative.be\/actualites\/je-suis-un-coureur-de-marathon-et-ce-sont-les-meilleurs-ecouteurs-et-ecouteurs-pour-courir\/\",\"url\":\"https:\/\/vieassociative.be\/actualites\/je-suis-un-coureur-de-marathon-et-ce-sont-les-meilleurs-ecouteurs-et-ecouteurs-pour-courir\/\",\"name\":\"Je suis un coureur de marathon, et ce sont les meilleurs \u00e9couteurs et \u00e9couteurs pour courir | Vie Associative\",\"isPartOf\":{\"@id\":\"https:\/\/vieassociative.be\/actualites\/#website\"},\"primaryImageOfPage\":{\"@id\":\"https:\/\/vieassociative.be\/actualites\/je-suis-un-coureur-de-marathon-et-ce-sont-les-meilleurs-ecouteurs-et-ecouteurs-pour-courir\/#primaryimage\"},\"image\":{\"@id\":\"https:\/\/vieassociative.be\/actualites\/je-suis-un-coureur-de-marathon-et-ce-sont-les-meilleurs-ecouteurs-et-ecouteurs-pour-courir\/#primaryimage\"},\"thumbnailUrl\":\"https:\/\/vieassociative.be\/actualites\/wp-content\/uploads\/2025\/09\/Je-suis-un-coureur-de-marathon-et-ce-sont-les.png\",\"datePublished\":\"2025-09-22T07:17:33+00:00\",\"dateModified\":\"2025-09-22T07:17:33+00:00\",\"breadcrumb\":{\"@id\":\"https:\/\/vieassociative.be\/actualites\/je-suis-un-coureur-de-marathon-et-ce-sont-les-meilleurs-ecouteurs-et-ecouteurs-pour-courir\/#breadcrumb\"},\"inLanguage\":\"fr-BE\",\"potentialAction\":[{\"@type\":\"ReadAction\",\"target\":[\"https:\/\/vieassociative.be\/actualites\/je-suis-un-coureur-de-marathon-et-ce-sont-les-meilleurs-ecouteurs-et-ecouteurs-pour-courir\/\"]}]},{\"@type\":\"ImageObject\",\"inLanguage\":\"fr-BE\",\"@id\":\"https:\/\/vieassociative.be\/actualites\/je-suis-un-coureur-de-marathon-et-ce-sont-les-meilleurs-ecouteurs-et-ecouteurs-pour-courir\/#primaryimage\",\"url\":\"https:\/\/vieassociative.be\/actualites\/wp-content\/uploads\/2025\/09\/Je-suis-un-coureur-de-marathon-et-ce-sont-les.png\",\"contentUrl\":\"https:\/\/vieassociative.be\/actualites\/wp-content\/uploads\/2025\/09\/Je-suis-un-coureur-de-marathon-et-ce-sont-les.png\",\"width\":1200,\"height\":675,\"caption\":\"Je suis un coureur de marathon, et ce sont les meilleurs \u00e9couteurs et \u00e9couteurs pour courir\"},{\"@type\":\"BreadcrumbList\",\"@id\":\"https:\/\/vieassociative.be\/actualites\/je-suis-un-coureur-de-marathon-et-ce-sont-les-meilleurs-ecouteurs-et-ecouteurs-pour-courir\/#breadcrumb\",\"itemListElement\":[{\"@type\":\"ListItem\",\"position\":1,\"name\":\"Accueil\",\"item\":\"https:\/\/vieassociative.be\/actualites\/\"},{\"@type\":\"ListItem\",\"position\":2,\"name\":\"Je suis un coureur de marathon, et ce sont les meilleurs \u00e9couteurs et \u00e9couteurs pour courir\"}]},{\"@type\":\"WebSite\",\"@id\":\"https:\/\/vieassociative.be\/actualites\/#website\",\"url\":\"https:\/\/vieassociative.be\/actualites\/\",\"name\":\"Vie Associative\",\"description\":\"\",\"publisher\":{\"@id\":\"https:\/\/vieassociative.be\/actualites\/#organization\"},\"potentialAction\":[{\"@type\":\"SearchAction\",\"target\":{\"@type\":\"EntryPoint\",\"urlTemplate\":\"https:\/\/vieassociative.be\/actualites\/?s={search_term_string}\"},\"query-input\":{\"@type\":\"PropertyValueSpecification\",\"valueRequired\":true,\"valueName\":\"search_term_string\"}}],\"inLanguage\":\"fr-BE\"},{\"@type\":\"Organization\",\"@id\":\"https:\/\/vieassociative.be\/actualites\/#organization\",\"name\":\"Vie Associative\",\"url\":\"https:\/\/vieassociative.be\/actualites\/\",\"logo\":{\"@type\":\"ImageObject\",\"inLanguage\":\"fr-BE\",\"@id\":\"https:\/\/vieassociative.be\/actualites\/#\/schema\/logo\/image\/\",\"url\":\"https:\/\/vieassociative.be\/actualites\/wp-content\/uploads\/2024\/09\/cropped-vieassociative_favicon.ico.png\",\"contentUrl\":\"https:\/\/vieassociative.be\/actualites\/wp-content\/uploads\/2024\/09\/cropped-vieassociative_favicon.ico.png\",\"width\":512,\"height\":512,\"caption\":\"Vie Associative\"},\"image\":{\"@id\":\"https:\/\/vieassociative.be\/actualites\/#\/schema\/logo\/image\/\"}},{\"@type\":\"Person\",\"@id\":\"https:\/\/vieassociative.be\/actualites\/#\/schema\/person\/b87ac4f82f9d4e7b7cec7395b679edc4\",\"name\":\"Julien\",\"image\":{\"@type\":\"ImageObject\",\"inLanguage\":\"fr-BE\",\"@id\":\"https:\/\/vieassociative.be\/actualites\/#\/schema\/person\/image\/\",\"url\":\"https:\/\/vieassociative.be\/actualites\/wp-content\/uploads\/2024\/09\/vie-associative-1-150x150.jpg\",\"contentUrl\":\"https:\/\/vieassociative.be\/actualites\/wp-content\/uploads\/2024\/09\/vie-associative-1-150x150.jpg\",\"caption\":\"Julien\"},\"description\":\"Je suis Julien, r\u00e9dacteur pour Vie Associative. Passionn\u00e9 par le monde associatif depuis plus de 10 ans, j'ai \u00e0 c\u0153ur de partager des histoires inspirantes et de mettre en lumi\u00e8re les initiatives locales. Mon objectif est de sensibiliser et d'encourager l'engagement communautaire \u00e0 travers mes articles.\",\"sameAs\":[\"https:\/\/vieassociative.be\/\"]}]}<\/script>\n<!-- \/ Yoast SEO plugin. -->","yoast_head_json":{"title":"Je suis un coureur de marathon, et ce sont les meilleurs \u00e9couteurs et \u00e9couteurs pour courir | Vie Associative","robots":{"index":"index","follow":"follow","max-snippet":"max-snippet:-1","max-image-preview":"max-image-preview:large","max-video-preview":"max-video-preview:-1"},"canonical":"https:\/\/vieassociative.be\/actualites\/je-suis-un-coureur-de-marathon-et-ce-sont-les-meilleurs-ecouteurs-et-ecouteurs-pour-courir\/","og_locale":"fr_FR","og_type":"article","og_title":"Je suis un coureur de marathon, et ce sont les meilleurs \u00e9couteurs et \u00e9couteurs pour courir | Vie Associative","og_description":"Parce que j&rsquo;ai besoin de mes airs &#8230; et d&rsquo;entendre le son de cette voiture qui me venait. Saviez-vous que vous pouvez personnaliser Google pour","og_url":"https:\/\/vieassociative.be\/actualites\/je-suis-un-coureur-de-marathon-et-ce-sont-les-meilleurs-ecouteurs-et-ecouteurs-pour-courir\/","og_site_name":"Vie Associative","article_published_time":"2025-09-22T07:17:33+00:00","og_image":[{"url":"https:\/\/vieassociative.be\/actualites\/wp-content\/uploads\/2025\/09\/1757726237_608_Meta-pourrait-devoiler-une-montre-intelligente-pour-controler-ses-lunettes.jpg","type":"","width":"","height":""}],"author":"Julien","twitter_card":"summary_large_image","twitter_misc":{"\u00c9crit par":"Julien","Dur\u00e9e de lecture est.":"7 minutes"},"schema":{"@context":"https:\/\/schema.org","@graph":[{"@type":"Article","@id":"https:\/\/vieassociative.be\/actualites\/je-suis-un-coureur-de-marathon-et-ce-sont-les-meilleurs-ecouteurs-et-ecouteurs-pour-courir\/#article","isPartOf":{"@id":"https:\/\/vieassociative.be\/actualites\/je-suis-un-coureur-de-marathon-et-ce-sont-les-meilleurs-ecouteurs-et-ecouteurs-pour-courir\/"},"author":{"name":"Julien","@id":"https:\/\/vieassociative.be\/actualites\/#\/schema\/person\/b87ac4f82f9d4e7b7cec7395b679edc4"},"headline":"Je suis un coureur de marathon, et ce sont les meilleurs \u00e9couteurs et \u00e9couteurs pour courir","datePublished":"2025-09-22T07:17:33+00:00","dateModified":"2025-09-22T07:17:33+00:00","mainEntityOfPage":{"@id":"https:\/\/vieassociative.be\/actualites\/je-suis-un-coureur-de-marathon-et-ce-sont-les-meilleurs-ecouteurs-et-ecouteurs-pour-courir\/"},"wordCount":1386,"publisher":{"@id":"https:\/\/vieassociative.be\/actualites\/#organization"},"image":{"@id":"https:\/\/vieassociative.be\/actualites\/je-suis-un-coureur-de-marathon-et-ce-sont-les-meilleurs-ecouteurs-et-ecouteurs-pour-courir\/#primaryimage"},"thumbnailUrl":"https:\/\/vieassociative.be\/actualites\/wp-content\/uploads\/2025\/09\/Je-suis-un-coureur-de-marathon-et-ce-sont-les.png","keywords":["coureur","courir","\u00e9couteurs","Les","marathon","meilleurs","pour","sont","suis"],"articleSection":["Sant\u00e9"],"inLanguage":"fr-BE"},{"@type":"WebPage","@id":"https:\/\/vieassociative.be\/actualites\/je-suis-un-coureur-de-marathon-et-ce-sont-les-meilleurs-ecouteurs-et-ecouteurs-pour-courir\/","url":"https:\/\/vieassociative.be\/actualites\/je-suis-un-coureur-de-marathon-et-ce-sont-les-meilleurs-ecouteurs-et-ecouteurs-pour-courir\/","name":"Je suis un coureur de marathon, et ce sont les meilleurs \u00e9couteurs et \u00e9couteurs pour courir | Vie Associative","isPartOf":{"@id":"https:\/\/vieassociative.be\/actualites\/#website"},"primaryImageOfPage":{"@id":"https:\/\/vieassociative.be\/actualites\/je-suis-un-coureur-de-marathon-et-ce-sont-les-meilleurs-ecouteurs-et-ecouteurs-pour-courir\/#primaryimage"},"image":{"@id":"https:\/\/vieassociative.be\/actualites\/je-suis-un-coureur-de-marathon-et-ce-sont-les-meilleurs-ecouteurs-et-ecouteurs-pour-courir\/#primaryimage"},"thumbnailUrl":"https:\/\/vieassociative.be\/actualites\/wp-content\/uploads\/2025\/09\/Je-suis-un-coureur-de-marathon-et-ce-sont-les.png","datePublished":"2025-09-22T07:17:33+00:00","dateModified":"2025-09-22T07:17:33+00:00","breadcrumb":{"@id":"https:\/\/vieassociative.be\/actualites\/je-suis-un-coureur-de-marathon-et-ce-sont-les-meilleurs-ecouteurs-et-ecouteurs-pour-courir\/#breadcrumb"},"inLanguage":"fr-BE","potentialAction":[{"@type":"ReadAction","target":["https:\/\/vieassociative.be\/actualites\/je-suis-un-coureur-de-marathon-et-ce-sont-les-meilleurs-ecouteurs-et-ecouteurs-pour-courir\/"]}]},{"@type":"ImageObject","inLanguage":"fr-BE","@id":"https:\/\/vieassociative.be\/actualites\/je-suis-un-coureur-de-marathon-et-ce-sont-les-meilleurs-ecouteurs-et-ecouteurs-pour-courir\/#primaryimage","url":"https:\/\/vieassociative.be\/actualites\/wp-content\/uploads\/2025\/09\/Je-suis-un-coureur-de-marathon-et-ce-sont-les.png","contentUrl":"https:\/\/vieassociative.be\/actualites\/wp-content\/uploads\/2025\/09\/Je-suis-un-coureur-de-marathon-et-ce-sont-les.png","width":1200,"height":675,"caption":"Je suis un coureur de marathon, et ce sont les meilleurs \u00e9couteurs et \u00e9couteurs pour courir"},{"@type":"BreadcrumbList","@id":"https:\/\/vieassociative.be\/actualites\/je-suis-un-coureur-de-marathon-et-ce-sont-les-meilleurs-ecouteurs-et-ecouteurs-pour-courir\/#breadcrumb","itemListElement":[{"@type":"ListItem","position":1,"name":"Accueil","item":"https:\/\/vieassociative.be\/actualites\/"},{"@type":"ListItem","position":2,"name":"Je suis un coureur de marathon, et ce sont les meilleurs \u00e9couteurs et \u00e9couteurs pour courir"}]},{"@type":"WebSite","@id":"https:\/\/vieassociative.be\/actualites\/#website","url":"https:\/\/vieassociative.be\/actualites\/","name":"Vie Associative","description":"","publisher":{"@id":"https:\/\/vieassociative.be\/actualites\/#organization"},"potentialAction":[{"@type":"SearchAction","target":{"@type":"EntryPoint","urlTemplate":"https:\/\/vieassociative.be\/actualites\/?s={search_term_string}"},"query-input":{"@type":"PropertyValueSpecification","valueRequired":true,"valueName":"search_term_string"}}],"inLanguage":"fr-BE"},{"@type":"Organization","@id":"https:\/\/vieassociative.be\/actualites\/#organization","name":"Vie Associative","url":"https:\/\/vieassociative.be\/actualites\/","logo":{"@type":"ImageObject","inLanguage":"fr-BE","@id":"https:\/\/vieassociative.be\/actualites\/#\/schema\/logo\/image\/","url":"https:\/\/vieassociative.be\/actualites\/wp-content\/uploads\/2024\/09\/cropped-vieassociative_favicon.ico.png","contentUrl":"https:\/\/vieassociative.be\/actualites\/wp-content\/uploads\/2024\/09\/cropped-vieassociative_favicon.ico.png","width":512,"height":512,"caption":"Vie Associative"},"image":{"@id":"https:\/\/vieassociative.be\/actualites\/#\/schema\/logo\/image\/"}},{"@type":"Person","@id":"https:\/\/vieassociative.be\/actualites\/#\/schema\/person\/b87ac4f82f9d4e7b7cec7395b679edc4","name":"Julien","image":{"@type":"ImageObject","inLanguage":"fr-BE","@id":"https:\/\/vieassociative.be\/actualites\/#\/schema\/person\/image\/","url":"https:\/\/vieassociative.be\/actualites\/wp-content\/uploads\/2024\/09\/vie-associative-1-150x150.jpg","contentUrl":"https:\/\/vieassociative.be\/actualites\/wp-content\/uploads\/2024\/09\/vie-associative-1-150x150.jpg","caption":"Julien"},"description":"Je suis Julien, r\u00e9dacteur pour Vie Associative. Passionn\u00e9 par le monde associatif depuis plus de 10 ans, j'ai \u00e0 c\u0153ur de partager des histoires inspirantes et de mettre en lumi\u00e8re les initiatives locales. Mon objectif est de sensibiliser et d'encourager l'engagement communautaire \u00e0 travers mes articles.","sameAs":["https:\/\/vieassociative.be\/"]}]}},"_links":{"self":[{"href":"https:\/\/vieassociative.be\/actualites\/wp-json\/wp\/v2\/posts\/10174"}],"collection":[{"href":"https:\/\/vieassociative.be\/actualites\/wp-json\/wp\/v2\/posts"}],"about":[{"href":"https:\/\/vieassociative.be\/actualites\/wp-json\/wp\/v2\/types\/post"}],"author":[{"embeddable":true,"href":"https:\/\/vieassociative.be\/actualites\/wp-json\/wp\/v2\/users\/1"}],"replies":[{"embeddable":true,"href":"https:\/\/vieassociative.be\/actualites\/wp-json\/wp\/v2\/comments?post=10174"}],"version-history":[{"count":0,"href":"https:\/\/vieassociative.be\/actualites\/wp-json\/wp\/v2\/posts\/10174\/revisions"}],"wp:featuredmedia":[{"embeddable":true,"href":"https:\/\/vieassociative.be\/actualites\/wp-json\/wp\/v2\/media\/10175"}],"wp:attachment":[{"href":"https:\/\/vieassociative.be\/actualites\/wp-json\/wp\/v2\/media?parent=10174"}],"wp:term":[{"taxonomy":"category","embeddable":true,"href":"https:\/\/vieassociative.be\/actualites\/wp-json\/wp\/v2\/categories?post=10174"},{"taxonomy":"post_tag","embeddable":true,"href":"https:\/\/vieassociative.be\/actualites\/wp-json\/wp\/v2\/tags?post=10174"}],"curies":[{"name":"wp","href":"https:\/\/api.w.org\/{rel}","templated":true}]}}