{"id":10170,"date":"2025-09-22T04:20:16","date_gmt":"2025-09-22T02:20:16","guid":{"rendered":"https:\/\/vieassociative.be\/actualites\/memepoel-humilie-pogacar-belge-pour-la-troisieme-fois-consecutive-dans-une-bronze-en-ligne-pour-van-wilder\/"},"modified":"2025-09-22T04:20:16","modified_gmt":"2025-09-22T02:20:16","slug":"memepoel-humilie-pogacar-belge-pour-la-troisieme-fois-consecutive-dans-une-bronze-en-ligne-pour-van-wilder","status":"publish","type":"post","link":"https:\/\/vieassociative.be\/actualites\/memepoel-humilie-pogacar-belge-pour-la-troisieme-fois-consecutive-dans-une-bronze-en-ligne-pour-van-wilder\/","title":{"rendered":"M\u00eamepoel humilie Pogacar: Belge pour la troisi\u00e8me fois cons\u00e9cutive dans une bronze en ligne pour Van Wilder"},"content":{"rendered":"<p><strong>Au d\u00e9but des championnats de la Coupe du monde au Rwanda, Remco Ovenepoel a quitt\u00e9 la comp\u00e9tition loin, incluant la star du v\u00e9lo slov\u00e8ne Tadej Pogacar. <\/strong><\/p>\n<p><span id=\"more-425088\"><\/span>Apr\u00e8s Stirling en Grande-Bretagne en 2023 et Zurich en Suisse en 2024, le Belge \u00e0 Kigali est devenu champion du monde de contre-la-montre pour la troisi\u00e8me fois cons\u00e9cutive.<\/p>\n<p>Pogacar avait annonc\u00e9 sa participation au temps de l&rsquo;\u00e9poque de l&rsquo;\u00e9poque. Cependant, il n&rsquo;\u00e9tait pas question de d\u00e9fi compte tenu de la sup\u00e9riorit\u00e9 \u00e9crasante de m\u00eamePoel, qui a m\u00eame donn\u00e9 le luxe de d\u00e9passer les 2 h 30 avant lui: pour la victoire-vivant slov\u00e8ne une humiliation.<\/p>\n<div id=\"attachment_425109\" class=\"wp-caption alignnone\" style=\"max-width: 300px\"><img fetchpriority=\"high\" decoding=\"async\" class=\"size-medium wp-image-425109\" src=\"https:\/\/vieassociative.be\/actualites\/wp-content\/uploads\/2025\/09\/Memepoel-humilie-Pogacar-Belge-pour-la-troisieme-fois-consecutive-dans.jpg\" alt=\"\" width=\"300\" height=\"200\"><\/div>\n<p>En fin de compte, Pogacar n&rsquo;\u00e9tait qu&rsquo;au quatri\u00e8me rang. \u00c9tonnamment, Ilan Van Wilder \u00e9tait surprenant d&rsquo;un point de vue belge. L&rsquo;Australien Jay Vine est devenue la deuxi\u00e8me et m\u00e9daill\u00e9e d&rsquo;argent.<\/p>\n<p>Apr\u00e8s le cours de 40,6 kilom\u00e8tres pendant le contre-la-montre individuel autour de la capitale vallonn\u00e9e, Kigali, m\u00eame avec une avance de 1:14 minutes avant Vine et 2:36 minutes d&rsquo;avance sur Van Wilder. Pogacar a rat\u00e9 le bronze \u00e0 peu pr\u00e8s une seconde.<\/p>\n<p>Avec cette impressionnante victoire, Onepoel, qui a d\u00e9m\u00e9nag\u00e9 dans l&rsquo;\u00e9quipe allemande Red Bull-Bora-Hansgrohe apr\u00e8s cette saison, a \u00e9galement fait une marque d&rsquo;exclamation en ce qui concerne la Coupe du monde dans la rue dimanche prochain. Dans la forme pr\u00e9sent\u00e9e pendant le contre-la-montre, le joueur de 25 ans est sans aucun doute l&rsquo;un des favoris. (Cre)<\/p>\n<p><em><strong>Vous trouverez ci-dessous quelques images de Remco Ovenepoel lors du contre-la-montre individuel \u00e0 Kigali dimanche (photos de <\/strong><strong>J\u00e9r\u00f4me Delay \/ AP \/ DPA<\/strong><strong>):<\/strong><\/em><\/p>\n<div class=\"wp-gallery row\">\n<figure class=\"column small-6 medium-3 end\"><img decoding=\"async\" src=\"https:\/\/vieassociative.be\/actualites\/wp-content\/uploads\/2025\/09\/1758507616_732_Memepoel-humilie-Pogacar-Belge-pour-la-troisieme-fois-consecutive-dans.jpg\" width=\"159\" height=\"159\" alt=\"\"><\/figure>\n<figure class=\"column small-6 medium-3 end\"><img decoding=\"async\" src=\"https:\/\/vieassociative.be\/actualites\/wp-content\/uploads\/2025\/09\/1758507616_544_Memepoel-humilie-Pogacar-Belge-pour-la-troisieme-fois-consecutive-dans.jpg\" width=\"159\" height=\"159\" alt=\"\"><\/figure>\n<figure class=\"column small-6 medium-3 end\"><img loading=\"lazy\" decoding=\"async\" src=\"https:\/\/vieassociative.be\/actualites\/wp-content\/uploads\/2025\/09\/1758507616_481_Memepoel-humilie-Pogacar-Belge-pour-la-troisieme-fois-consecutive-dans.jpg\" width=\"159\" height=\"159\" alt=\"\"><\/figure>\n<figure class=\"column small-6 medium-3 end\"><img loading=\"lazy\" decoding=\"async\" src=\"https:\/\/vieassociative.be\/actualites\/wp-content\/uploads\/2025\/09\/1758507616_339_Memepoel-humilie-Pogacar-Belge-pour-la-troisieme-fois-consecutive-dans.jpg\" width=\"159\" height=\"159\" alt=\"\"><\/figure>\n<\/div>\n","protected":false},"excerpt":{"rendered":"<p>Au d\u00e9but des championnats de la Coupe du monde au Rwanda, Remco Ovenepoel a quitt\u00e9 la comp\u00e9tition loin, incluant la star du v\u00e9lo slov\u00e8ne Tadej<\/p>\n","protected":false},"author":1,"featured_media":10171,"comment_status":"","ping_status":"","sticky":false,"template":"","format":"standard","meta":{"footnotes":""},"categories":[298],"tags":[410,8622,4809,166,774,8621,11,8620,5976,81,3868,110,4100,8623],"class_list":["post-10170","post","type-post","status-publish","format-standard","has-post-thumbnail","hentry","category-belgique","tag-belge","tag-bronze","tag-consecutive","tag-dans","tag-fois","tag-humilie","tag-ligne","tag-memepoel","tag-pogacar","tag-pour","tag-troisieme","tag-une","tag-van","tag-wilder","generate-columns","tablet-grid-50","mobile-grid-100","grid-parent","grid-33"],"yoast_head":"<!-- This site is optimized with the Yoast SEO plugin v24.0 - https:\/\/yoast.com\/wordpress\/plugins\/seo\/ -->\n<title>M\u00eamepoel humilie Pogacar: Belge pour la troisi\u00e8me fois cons\u00e9cutive dans une bronze en ligne pour Van Wilder | Vie Associative<\/title>\n<meta name=\"robots\" content=\"index, follow, max-snippet:-1, max-image-preview:large, max-video-preview:-1\" \/>\n<link rel=\"canonical\" href=\"https:\/\/vieassociative.be\/actualites\/memepoel-humilie-pogacar-belge-pour-la-troisieme-fois-consecutive-dans-une-bronze-en-ligne-pour-van-wilder\/\" \/>\n<meta property=\"og:locale\" content=\"fr_FR\" \/>\n<meta property=\"og:type\" content=\"article\" \/>\n<meta property=\"og:title\" content=\"M\u00eamepoel humilie Pogacar: Belge pour la troisi\u00e8me fois cons\u00e9cutive dans une bronze en ligne pour Van Wilder | Vie Associative\" \/>\n<meta property=\"og:description\" content=\"Au d\u00e9but des championnats de la Coupe du monde au Rwanda, Remco Ovenepoel a quitt\u00e9 la comp\u00e9tition loin, incluant la star du v\u00e9lo slov\u00e8ne Tadej\" \/>\n<meta property=\"og:url\" content=\"https:\/\/vieassociative.be\/actualites\/memepoel-humilie-pogacar-belge-pour-la-troisieme-fois-consecutive-dans-une-bronze-en-ligne-pour-van-wilder\/\" \/>\n<meta property=\"og:site_name\" content=\"Vie Associative\" \/>\n<meta property=\"article:published_time\" content=\"2025-09-22T02:20:16+00:00\" \/>\n<meta property=\"og:image\" content=\"https:\/\/vieassociative.be\/actualites\/wp-content\/uploads\/2024\/09\/header_backgroundk-01-e1726694325946.png\" \/>\n\t<meta property=\"og:image:width\" content=\"279\" \/>\n\t<meta property=\"og:image:height\" content=\"92\" \/>\n\t<meta property=\"og:image:type\" content=\"image\/png\" \/>\n<meta name=\"author\" content=\"Julien\" \/>\n<meta name=\"twitter:card\" content=\"summary_large_image\" \/>\n<meta name=\"twitter:label1\" content=\"\u00c9crit par\" \/>\n\t<meta name=\"twitter:data1\" content=\"Julien\" \/>\n\t<meta name=\"twitter:label2\" content=\"Dur\u00e9e de lecture est.\" \/>\n\t<meta name=\"twitter:data2\" content=\"1 minute\" \/>\n<script type=\"application\/ld+json\" class=\"yoast-schema-graph\">{\"@context\":\"https:\/\/schema.org\",\"@graph\":[{\"@type\":\"Article\",\"@id\":\"https:\/\/vieassociative.be\/actualites\/memepoel-humilie-pogacar-belge-pour-la-troisieme-fois-consecutive-dans-une-bronze-en-ligne-pour-van-wilder\/#article\",\"isPartOf\":{\"@id\":\"https:\/\/vieassociative.be\/actualites\/memepoel-humilie-pogacar-belge-pour-la-troisieme-fois-consecutive-dans-une-bronze-en-ligne-pour-van-wilder\/\"},\"author\":{\"name\":\"Julien\",\"@id\":\"https:\/\/vieassociative.be\/actualites\/#\/schema\/person\/b87ac4f82f9d4e7b7cec7395b679edc4\"},\"headline\":\"M\u00eamepoel humilie Pogacar: Belge pour la troisi\u00e8me fois cons\u00e9cutive dans une bronze en ligne pour Van Wilder\",\"datePublished\":\"2025-09-22T02:20:16+00:00\",\"dateModified\":\"2025-09-22T02:20:16+00:00\",\"mainEntityOfPage\":{\"@id\":\"https:\/\/vieassociative.be\/actualites\/memepoel-humilie-pogacar-belge-pour-la-troisieme-fois-consecutive-dans-une-bronze-en-ligne-pour-van-wilder\/\"},\"wordCount\":298,\"publisher\":{\"@id\":\"https:\/\/vieassociative.be\/actualites\/#organization\"},\"image\":{\"@id\":\"https:\/\/vieassociative.be\/actualites\/memepoel-humilie-pogacar-belge-pour-la-troisieme-fois-consecutive-dans-une-bronze-en-ligne-pour-van-wilder\/#primaryimage\"},\"thumbnailUrl\":\"https:\/\/vieassociative.be\/actualites\/wp-content\/uploads\/2025\/09\/1758507617_Memepoel-humilie-Pogacar-Belge-pour-la-troisieme-fois-consecutive-dans.jpg\",\"keywords\":[\"belge\",\"bronze\",\"cons\u00e9cutive\",\"dans\",\"fois\",\"humilie\",\"ligne\",\"M\u00eamepoel\",\"Pogacar\",\"pour\",\"troisi\u00e8me\",\"une\",\"Van\",\"Wilder\"],\"articleSection\":[\"Belgique\"],\"inLanguage\":\"fr-BE\"},{\"@type\":\"WebPage\",\"@id\":\"https:\/\/vieassociative.be\/actualites\/memepoel-humilie-pogacar-belge-pour-la-troisieme-fois-consecutive-dans-une-bronze-en-ligne-pour-van-wilder\/\",\"url\":\"https:\/\/vieassociative.be\/actualites\/memepoel-humilie-pogacar-belge-pour-la-troisieme-fois-consecutive-dans-une-bronze-en-ligne-pour-van-wilder\/\",\"name\":\"M\u00eamepoel humilie Pogacar: Belge pour la troisi\u00e8me fois cons\u00e9cutive dans une bronze en ligne pour Van Wilder | Vie Associative\",\"isPartOf\":{\"@id\":\"https:\/\/vieassociative.be\/actualites\/#website\"},\"primaryImageOfPage\":{\"@id\":\"https:\/\/vieassociative.be\/actualites\/memepoel-humilie-pogacar-belge-pour-la-troisieme-fois-consecutive-dans-une-bronze-en-ligne-pour-van-wilder\/#primaryimage\"},\"image\":{\"@id\":\"https:\/\/vieassociative.be\/actualites\/memepoel-humilie-pogacar-belge-pour-la-troisieme-fois-consecutive-dans-une-bronze-en-ligne-pour-van-wilder\/#primaryimage\"},\"thumbnailUrl\":\"https:\/\/vieassociative.be\/actualites\/wp-content\/uploads\/2025\/09\/1758507617_Memepoel-humilie-Pogacar-Belge-pour-la-troisieme-fois-consecutive-dans.jpg\",\"datePublished\":\"2025-09-22T02:20:16+00:00\",\"dateModified\":\"2025-09-22T02:20:16+00:00\",\"breadcrumb\":{\"@id\":\"https:\/\/vieassociative.be\/actualites\/memepoel-humilie-pogacar-belge-pour-la-troisieme-fois-consecutive-dans-une-bronze-en-ligne-pour-van-wilder\/#breadcrumb\"},\"inLanguage\":\"fr-BE\",\"potentialAction\":[{\"@type\":\"ReadAction\",\"target\":[\"https:\/\/vieassociative.be\/actualites\/memepoel-humilie-pogacar-belge-pour-la-troisieme-fois-consecutive-dans-une-bronze-en-ligne-pour-van-wilder\/\"]}]},{\"@type\":\"ImageObject\",\"inLanguage\":\"fr-BE\",\"@id\":\"https:\/\/vieassociative.be\/actualites\/memepoel-humilie-pogacar-belge-pour-la-troisieme-fois-consecutive-dans-une-bronze-en-ligne-pour-van-wilder\/#primaryimage\",\"url\":\"https:\/\/vieassociative.be\/actualites\/wp-content\/uploads\/2025\/09\/1758507617_Memepoel-humilie-Pogacar-Belge-pour-la-troisieme-fois-consecutive-dans.jpg\",\"contentUrl\":\"https:\/\/vieassociative.be\/actualites\/wp-content\/uploads\/2025\/09\/1758507617_Memepoel-humilie-Pogacar-Belge-pour-la-troisieme-fois-consecutive-dans.jpg\",\"width\":1200,\"height\":800,\"caption\":\"M\u00eamepoel humilie Pogacar: Belge pour la troisi\u00e8me fois cons\u00e9cutive dans une bronze en ligne pour Van Wilder\"},{\"@type\":\"BreadcrumbList\",\"@id\":\"https:\/\/vieassociative.be\/actualites\/memepoel-humilie-pogacar-belge-pour-la-troisieme-fois-consecutive-dans-une-bronze-en-ligne-pour-van-wilder\/#breadcrumb\",\"itemListElement\":[{\"@type\":\"ListItem\",\"position\":1,\"name\":\"Accueil\",\"item\":\"https:\/\/vieassociative.be\/actualites\/\"},{\"@type\":\"ListItem\",\"position\":2,\"name\":\"M\u00eamepoel humilie Pogacar: Belge pour la troisi\u00e8me fois cons\u00e9cutive dans une bronze en ligne pour Van Wilder\"}]},{\"@type\":\"WebSite\",\"@id\":\"https:\/\/vieassociative.be\/actualites\/#website\",\"url\":\"https:\/\/vieassociative.be\/actualites\/\",\"name\":\"Vie Associative\",\"description\":\"\",\"publisher\":{\"@id\":\"https:\/\/vieassociative.be\/actualites\/#organization\"},\"potentialAction\":[{\"@type\":\"SearchAction\",\"target\":{\"@type\":\"EntryPoint\",\"urlTemplate\":\"https:\/\/vieassociative.be\/actualites\/?s={search_term_string}\"},\"query-input\":{\"@type\":\"PropertyValueSpecification\",\"valueRequired\":true,\"valueName\":\"search_term_string\"}}],\"inLanguage\":\"fr-BE\"},{\"@type\":\"Organization\",\"@id\":\"https:\/\/vieassociative.be\/actualites\/#organization\",\"name\":\"Vie Associative\",\"url\":\"https:\/\/vieassociative.be\/actualites\/\",\"logo\":{\"@type\":\"ImageObject\",\"inLanguage\":\"fr-BE\",\"@id\":\"https:\/\/vieassociative.be\/actualites\/#\/schema\/logo\/image\/\",\"url\":\"https:\/\/vieassociative.be\/actualites\/wp-content\/uploads\/2024\/09\/cropped-vieassociative_favicon.ico.png\",\"contentUrl\":\"https:\/\/vieassociative.be\/actualites\/wp-content\/uploads\/2024\/09\/cropped-vieassociative_favicon.ico.png\",\"width\":512,\"height\":512,\"caption\":\"Vie Associative\"},\"image\":{\"@id\":\"https:\/\/vieassociative.be\/actualites\/#\/schema\/logo\/image\/\"}},{\"@type\":\"Person\",\"@id\":\"https:\/\/vieassociative.be\/actualites\/#\/schema\/person\/b87ac4f82f9d4e7b7cec7395b679edc4\",\"name\":\"Julien\",\"image\":{\"@type\":\"ImageObject\",\"inLanguage\":\"fr-BE\",\"@id\":\"https:\/\/vieassociative.be\/actualites\/#\/schema\/person\/image\/\",\"url\":\"https:\/\/vieassociative.be\/actualites\/wp-content\/uploads\/2024\/09\/vie-associative-1-150x150.jpg\",\"contentUrl\":\"https:\/\/vieassociative.be\/actualites\/wp-content\/uploads\/2024\/09\/vie-associative-1-150x150.jpg\",\"caption\":\"Julien\"},\"description\":\"Je suis Julien, r\u00e9dacteur pour Vie Associative. Passionn\u00e9 par le monde associatif depuis plus de 10 ans, j'ai \u00e0 c\u0153ur de partager des histoires inspirantes et de mettre en lumi\u00e8re les initiatives locales. Mon objectif est de sensibiliser et d'encourager l'engagement communautaire \u00e0 travers mes articles.\",\"sameAs\":[\"https:\/\/vieassociative.be\/\"]}]}<\/script>\n<!-- \/ Yoast SEO plugin. -->","yoast_head_json":{"title":"M\u00eamepoel humilie Pogacar: Belge pour la troisi\u00e8me fois cons\u00e9cutive dans une bronze en ligne pour Van Wilder | Vie Associative","robots":{"index":"index","follow":"follow","max-snippet":"max-snippet:-1","max-image-preview":"max-image-preview:large","max-video-preview":"max-video-preview:-1"},"canonical":"https:\/\/vieassociative.be\/actualites\/memepoel-humilie-pogacar-belge-pour-la-troisieme-fois-consecutive-dans-une-bronze-en-ligne-pour-van-wilder\/","og_locale":"fr_FR","og_type":"article","og_title":"M\u00eamepoel humilie Pogacar: Belge pour la troisi\u00e8me fois cons\u00e9cutive dans une bronze en ligne pour Van Wilder | Vie Associative","og_description":"Au d\u00e9but des championnats de la Coupe du monde au Rwanda, Remco Ovenepoel a quitt\u00e9 la comp\u00e9tition loin, incluant la star du v\u00e9lo slov\u00e8ne Tadej","og_url":"https:\/\/vieassociative.be\/actualites\/memepoel-humilie-pogacar-belge-pour-la-troisieme-fois-consecutive-dans-une-bronze-en-ligne-pour-van-wilder\/","og_site_name":"Vie Associative","article_published_time":"2025-09-22T02:20:16+00:00","og_image":[{"width":279,"height":92,"url":"https:\/\/vieassociative.be\/actualites\/wp-content\/uploads\/2024\/09\/header_backgroundk-01-e1726694325946.png","type":"image\/png"}],"author":"Julien","twitter_card":"summary_large_image","twitter_misc":{"\u00c9crit par":"Julien","Dur\u00e9e de lecture est.":"1 minute"},"schema":{"@context":"https:\/\/schema.org","@graph":[{"@type":"Article","@id":"https:\/\/vieassociative.be\/actualites\/memepoel-humilie-pogacar-belge-pour-la-troisieme-fois-consecutive-dans-une-bronze-en-ligne-pour-van-wilder\/#article","isPartOf":{"@id":"https:\/\/vieassociative.be\/actualites\/memepoel-humilie-pogacar-belge-pour-la-troisieme-fois-consecutive-dans-une-bronze-en-ligne-pour-van-wilder\/"},"author":{"name":"Julien","@id":"https:\/\/vieassociative.be\/actualites\/#\/schema\/person\/b87ac4f82f9d4e7b7cec7395b679edc4"},"headline":"M\u00eamepoel humilie Pogacar: Belge pour la troisi\u00e8me fois cons\u00e9cutive dans une bronze en ligne pour Van Wilder","datePublished":"2025-09-22T02:20:16+00:00","dateModified":"2025-09-22T02:20:16+00:00","mainEntityOfPage":{"@id":"https:\/\/vieassociative.be\/actualites\/memepoel-humilie-pogacar-belge-pour-la-troisieme-fois-consecutive-dans-une-bronze-en-ligne-pour-van-wilder\/"},"wordCount":298,"publisher":{"@id":"https:\/\/vieassociative.be\/actualites\/#organization"},"image":{"@id":"https:\/\/vieassociative.be\/actualites\/memepoel-humilie-pogacar-belge-pour-la-troisieme-fois-consecutive-dans-une-bronze-en-ligne-pour-van-wilder\/#primaryimage"},"thumbnailUrl":"https:\/\/vieassociative.be\/actualites\/wp-content\/uploads\/2025\/09\/1758507617_Memepoel-humilie-Pogacar-Belge-pour-la-troisieme-fois-consecutive-dans.jpg","keywords":["belge","bronze","cons\u00e9cutive","dans","fois","humilie","ligne","M\u00eamepoel","Pogacar","pour","troisi\u00e8me","une","Van","Wilder"],"articleSection":["Belgique"],"inLanguage":"fr-BE"},{"@type":"WebPage","@id":"https:\/\/vieassociative.be\/actualites\/memepoel-humilie-pogacar-belge-pour-la-troisieme-fois-consecutive-dans-une-bronze-en-ligne-pour-van-wilder\/","url":"https:\/\/vieassociative.be\/actualites\/memepoel-humilie-pogacar-belge-pour-la-troisieme-fois-consecutive-dans-une-bronze-en-ligne-pour-van-wilder\/","name":"M\u00eamepoel humilie Pogacar: Belge pour la troisi\u00e8me fois cons\u00e9cutive dans une bronze en ligne pour Van Wilder | Vie Associative","isPartOf":{"@id":"https:\/\/vieassociative.be\/actualites\/#website"},"primaryImageOfPage":{"@id":"https:\/\/vieassociative.be\/actualites\/memepoel-humilie-pogacar-belge-pour-la-troisieme-fois-consecutive-dans-une-bronze-en-ligne-pour-van-wilder\/#primaryimage"},"image":{"@id":"https:\/\/vieassociative.be\/actualites\/memepoel-humilie-pogacar-belge-pour-la-troisieme-fois-consecutive-dans-une-bronze-en-ligne-pour-van-wilder\/#primaryimage"},"thumbnailUrl":"https:\/\/vieassociative.be\/actualites\/wp-content\/uploads\/2025\/09\/1758507617_Memepoel-humilie-Pogacar-Belge-pour-la-troisieme-fois-consecutive-dans.jpg","datePublished":"2025-09-22T02:20:16+00:00","dateModified":"2025-09-22T02:20:16+00:00","breadcrumb":{"@id":"https:\/\/vieassociative.be\/actualites\/memepoel-humilie-pogacar-belge-pour-la-troisieme-fois-consecutive-dans-une-bronze-en-ligne-pour-van-wilder\/#breadcrumb"},"inLanguage":"fr-BE","potentialAction":[{"@type":"ReadAction","target":["https:\/\/vieassociative.be\/actualites\/memepoel-humilie-pogacar-belge-pour-la-troisieme-fois-consecutive-dans-une-bronze-en-ligne-pour-van-wilder\/"]}]},{"@type":"ImageObject","inLanguage":"fr-BE","@id":"https:\/\/vieassociative.be\/actualites\/memepoel-humilie-pogacar-belge-pour-la-troisieme-fois-consecutive-dans-une-bronze-en-ligne-pour-van-wilder\/#primaryimage","url":"https:\/\/vieassociative.be\/actualites\/wp-content\/uploads\/2025\/09\/1758507617_Memepoel-humilie-Pogacar-Belge-pour-la-troisieme-fois-consecutive-dans.jpg","contentUrl":"https:\/\/vieassociative.be\/actualites\/wp-content\/uploads\/2025\/09\/1758507617_Memepoel-humilie-Pogacar-Belge-pour-la-troisieme-fois-consecutive-dans.jpg","width":1200,"height":800,"caption":"M\u00eamepoel humilie Pogacar: Belge pour la troisi\u00e8me fois cons\u00e9cutive dans une bronze en ligne pour Van Wilder"},{"@type":"BreadcrumbList","@id":"https:\/\/vieassociative.be\/actualites\/memepoel-humilie-pogacar-belge-pour-la-troisieme-fois-consecutive-dans-une-bronze-en-ligne-pour-van-wilder\/#breadcrumb","itemListElement":[{"@type":"ListItem","position":1,"name":"Accueil","item":"https:\/\/vieassociative.be\/actualites\/"},{"@type":"ListItem","position":2,"name":"M\u00eamepoel humilie Pogacar: Belge pour la troisi\u00e8me fois cons\u00e9cutive dans une bronze en ligne pour Van Wilder"}]},{"@type":"WebSite","@id":"https:\/\/vieassociative.be\/actualites\/#website","url":"https:\/\/vieassociative.be\/actualites\/","name":"Vie Associative","description":"","publisher":{"@id":"https:\/\/vieassociative.be\/actualites\/#organization"},"potentialAction":[{"@type":"SearchAction","target":{"@type":"EntryPoint","urlTemplate":"https:\/\/vieassociative.be\/actualites\/?s={search_term_string}"},"query-input":{"@type":"PropertyValueSpecification","valueRequired":true,"valueName":"search_term_string"}}],"inLanguage":"fr-BE"},{"@type":"Organization","@id":"https:\/\/vieassociative.be\/actualites\/#organization","name":"Vie Associative","url":"https:\/\/vieassociative.be\/actualites\/","logo":{"@type":"ImageObject","inLanguage":"fr-BE","@id":"https:\/\/vieassociative.be\/actualites\/#\/schema\/logo\/image\/","url":"https:\/\/vieassociative.be\/actualites\/wp-content\/uploads\/2024\/09\/cropped-vieassociative_favicon.ico.png","contentUrl":"https:\/\/vieassociative.be\/actualites\/wp-content\/uploads\/2024\/09\/cropped-vieassociative_favicon.ico.png","width":512,"height":512,"caption":"Vie Associative"},"image":{"@id":"https:\/\/vieassociative.be\/actualites\/#\/schema\/logo\/image\/"}},{"@type":"Person","@id":"https:\/\/vieassociative.be\/actualites\/#\/schema\/person\/b87ac4f82f9d4e7b7cec7395b679edc4","name":"Julien","image":{"@type":"ImageObject","inLanguage":"fr-BE","@id":"https:\/\/vieassociative.be\/actualites\/#\/schema\/person\/image\/","url":"https:\/\/vieassociative.be\/actualites\/wp-content\/uploads\/2024\/09\/vie-associative-1-150x150.jpg","contentUrl":"https:\/\/vieassociative.be\/actualites\/wp-content\/uploads\/2024\/09\/vie-associative-1-150x150.jpg","caption":"Julien"},"description":"Je suis Julien, r\u00e9dacteur pour Vie Associative. Passionn\u00e9 par le monde associatif depuis plus de 10 ans, j'ai \u00e0 c\u0153ur de partager des histoires inspirantes et de mettre en lumi\u00e8re les initiatives locales. Mon objectif est de sensibiliser et d'encourager l'engagement communautaire \u00e0 travers mes articles.","sameAs":["https:\/\/vieassociative.be\/"]}]}},"_links":{"self":[{"href":"https:\/\/vieassociative.be\/actualites\/wp-json\/wp\/v2\/posts\/10170"}],"collection":[{"href":"https:\/\/vieassociative.be\/actualites\/wp-json\/wp\/v2\/posts"}],"about":[{"href":"https:\/\/vieassociative.be\/actualites\/wp-json\/wp\/v2\/types\/post"}],"author":[{"embeddable":true,"href":"https:\/\/vieassociative.be\/actualites\/wp-json\/wp\/v2\/users\/1"}],"replies":[{"embeddable":true,"href":"https:\/\/vieassociative.be\/actualites\/wp-json\/wp\/v2\/comments?post=10170"}],"version-history":[{"count":0,"href":"https:\/\/vieassociative.be\/actualites\/wp-json\/wp\/v2\/posts\/10170\/revisions"}],"wp:featuredmedia":[{"embeddable":true,"href":"https:\/\/vieassociative.be\/actualites\/wp-json\/wp\/v2\/media\/10171"}],"wp:attachment":[{"href":"https:\/\/vieassociative.be\/actualites\/wp-json\/wp\/v2\/media?parent=10170"}],"wp:term":[{"taxonomy":"category","embeddable":true,"href":"https:\/\/vieassociative.be\/actualites\/wp-json\/wp\/v2\/categories?post=10170"},{"taxonomy":"post_tag","embeddable":true,"href":"https:\/\/vieassociative.be\/actualites\/wp-json\/wp\/v2\/tags?post=10170"}],"curies":[{"name":"wp","href":"https:\/\/api.w.org\/{rel}","templated":true}]}}