{"id":10166,"date":"2025-09-21T22:17:24","date_gmt":"2025-09-21T20:17:24","guid":{"rendered":"https:\/\/vieassociative.be\/actualites\/les-premieres-nations-du-g7-reconnaissent-letat-de-palestine\/"},"modified":"2025-09-21T22:17:24","modified_gmt":"2025-09-21T20:17:24","slug":"les-premieres-nations-du-g7-reconnaissent-letat-de-palestine","status":"publish","type":"post","link":"https:\/\/vieassociative.be\/actualites\/les-premieres-nations-du-g7-reconnaissent-letat-de-palestine\/","title":{"rendered":"Les premi\u00e8res nations du G7 reconnaissent l&rsquo;\u00e9tat de Palestine"},"content":{"rendered":"<p><strong>La Grande-Bretagne, le Canada et l&rsquo;Australie reconnaissent officiellement un \u00c9tat palestinien compte tenu de la guerre de Gaza inchang\u00e9e et de l&rsquo;agacement d&rsquo;Isra\u00ebl. Cela a \u00e9t\u00e9 annonc\u00e9 par le Premier ministre des pays de Drei, Keir Strandmer, Mark Carney et Anthony Albanese, peu de temps avant le d\u00e9but du g\u00e9n\u00e9ral de l&rsquo;ONU \u00e0 New York dans la semaine \u00e0 venir.<\/strong><\/p>\n<p><span id=\"more-425136\"><\/span>\u00c0 New York, la reconnaissance d&rsquo;autres \u00c9tats occidentaux tels que la France et la Belgique est susceptible de suivre, avec laquelle les efforts pour fournir une solution \u00e0 deux \u00e9tats \u00e0 un nouveau vent arri\u00e8re. Le Portugal a voulu annoncer une \u00e9tape correspondante dimanche soir.<\/p>\n<p>La Grande-Bretagne et le Canada sont les premiers des pays \u00e9conomiquement forts du G7 occidental qui reconnaissent un \u00c9tat palestinien &#8211; les \u00c9tats-Unis, en tant qu&rsquo;Alli\u00e9s les plus proches d&rsquo;Isra\u00ebl et de l&rsquo;Allemagne, rejettent \u00e9galement une telle \u00e9tape \u00e0 ce stade.<\/p>\n<div id=\"attachment_425132\" class=\"wp-caption alignleft\" style=\"max-width: 300px\"><img fetchpriority=\"high\" decoding=\"async\" class=\"wp-image-425132 size-medium\" src=\"https:\/\/vieassociative.be\/actualites\/wp-content\/uploads\/2025\/09\/Les-premieres-nations-du-G7-reconnaissent-letat-de-Palestine.jpg\" alt=\"\" width=\"300\" height=\"200\"><\/div>\n<p>Pr\u00e8s de 150 des 193 \u00c9tats membres de l&rsquo;ONU ont reconnu un \u00c9tat palestinien dans le monde. D&rsquo;un point de vue palestinien, cependant, la d\u00e9cision de plusieurs pays de premier plan occidental est particuli\u00e8rement importante. Si la France suit \u00e9galement la Grande-Bretagne comme pr\u00e9vu, alors quatre des cinq vetoos des Nations Unies, dont la Russie et la Chine, ont reconnu un \u00c9tat de Palestine uniquement aux \u00c9tats-Unis.<\/p>\n<p><strong>&#8211; Nouveau \u00e9lan pour la solution \u00e0 deux \u00e9tats?<\/strong> \u00ab\u00a0Compte tenu de l&rsquo;horreur croissante au Moyen-Orient, nous agissons pour prot\u00e9ger la possibilit\u00e9 de la paix et une solution \u00e0 deux \u00c9tats\u00a0\u00bb, a d\u00e9clar\u00e9 Strauter lorsque la d\u00e9cision britannique a \u00e9t\u00e9 annonc\u00e9e dans un message vid\u00e9o sur la plate-forme X. La reconnaissance concerne un SAFE Isra\u00ebl \u00e0 c\u00f4t\u00e9 d&rsquo;un \u00c9tat palestinien viable &#8211; pour le moment, ni l&rsquo;un ni l&rsquo;autre ni l&rsquo;autre, a-t-il dit.<\/p>\n<p>Albanese a d\u00e9clar\u00e9 que la reconnaissance faisait partie des efforts internationaux coordonn\u00e9s pour cr\u00e9er un nouvel \u00e9lan pour une solution \u00e0 deux \u00c9tats. Dans le m\u00eame temps, cependant, il a \u00e9galement clairement indiqu\u00e9: \u00ab\u00a0L&rsquo;organisation terroriste Hamas n&rsquo;est pas autoris\u00e9e \u00e0 jouer un r\u00f4le en Palestine.\u00a0\u00bb<\/p>\n<p>Le pr\u00e9sident palestinien Mahmud Abbas a remerci\u00e9 et a parl\u00e9 d&rsquo;une \u00ab\u00a0\u00e9tape importante et n\u00e9cessaire vers une paix juste et permanente\u00a0\u00bb. La reconnaissance britannique pr\u00e9parera la voie \u00e0 la mise en \u0153uvre d&rsquo;une solution \u00e0 deux \u00c9tats, qui sera paisible c\u00f4te \u00e0 c\u00f4te avec Isra\u00ebl.<\/p>\n<div id=\"attachment_425133\" class=\"wp-caption alignleft\" style=\"max-width: 300px\"><img decoding=\"async\" class=\"wp-image-425133 size-medium\" src=\"https:\/\/vieassociative.be\/actualites\/wp-content\/uploads\/2025\/09\/1758485844_822_Les-premieres-nations-du-G7-reconnaissent-letat-de-Palestine.jpg\" alt=\"\" width=\"300\" height=\"200\"><\/div>\n<p><strong>&#8211; Critique d&rsquo;Isra\u00ebl:<\/strong> Le Premier ministre isra\u00e9lien Benjamin Netanyahu a condamn\u00e9 la reconnaissance comme une \u00ab\u00a0\u00e9norme r\u00e9compense\u00a0\u00bb pour le terrorisme apr\u00e8s le massacre en Isra\u00ebl le 7 octobre 2023. Isra\u00ebl ne r\u00e9agira qu&rsquo;\u00e0 la reconnaissance apr\u00e8s son retour d&rsquo;un voyage aux \u00c9tats-Unis, a-t-il d\u00e9clar\u00e9, selon son bureau. \u00ab\u00a0Il n&rsquo;y aura pas d&rsquo;\u00c9tat palestinien \u00e0 l&rsquo;ouest de la rivi\u00e8re Jordanie\u00a0\u00bb, a d\u00e9clar\u00e9 Netanyahu. Isra\u00ebl, la Cisjordanie et la bande de Gaza sont situ\u00e9s \u00e0 l&rsquo;ouest de la rivi\u00e8re Jordanie.<\/p>\n<p>L&rsquo;Allemagne continue donc de se concentrer sur une solution de n\u00e9gociation &#8211; m\u00eame si toutes les tentatives d&rsquo;un accord pacifique ont jusqu&rsquo;\u00e0 pr\u00e9sent \u00e9chou\u00e9. Les derni\u00e8res discussions ont eu lieu en 2014.<\/p>\n<p><strong>&#8211; Le rejet par Isra\u00ebl de la solution \u00e0 deux \u00e9tats:<\/strong> Le chef d&rsquo;Isra\u00ebl du gouvernement Netanyahu a \u00e9galement soutenu l&rsquo;id\u00e9e d&rsquo;un \u00c9tat palestinien d\u00e9militaris\u00e9, mais s&rsquo;est ensuite \u00e9loign\u00e9. Son gouvernement conservateur \u00e0 droite actuel rejette strictement une solution \u00e0 deux \u00e9tats. Il consid\u00e8re un \u00c9tat palestinien comme un danger pour l&rsquo;existence d&rsquo;Isra\u00ebl. (DPA)<\/p>\n","protected":false},"excerpt":{"rendered":"<p>La Grande-Bretagne, le Canada et l&rsquo;Australie reconnaissent officiellement un \u00c9tat palestinien compte tenu de la guerre de Gaza inchang\u00e9e et de l&rsquo;agacement d&rsquo;Isra\u00ebl. Cela a<\/p>\n","protected":false},"author":1,"featured_media":10167,"comment_status":"","ping_status":"","sticky":false,"template":"","format":"standard","meta":{"footnotes":""},"categories":[298],"tags":[14,4878,3187,7907,597,8619],"class_list":["post-10166","post","type-post","status-publish","format-standard","has-post-thumbnail","hentry","category-belgique","tag-les","tag-letat","tag-nations","tag-palestine","tag-premieres","tag-reconnaissent","generate-columns","tablet-grid-50","mobile-grid-100","grid-parent","grid-33"],"yoast_head":"<!-- This site is optimized with the Yoast SEO plugin v24.0 - https:\/\/yoast.com\/wordpress\/plugins\/seo\/ -->\n<title>Les premi\u00e8res nations du G7 reconnaissent l&#039;\u00e9tat de Palestine | Vie Associative<\/title>\n<meta name=\"robots\" content=\"index, follow, max-snippet:-1, max-image-preview:large, max-video-preview:-1\" \/>\n<link rel=\"canonical\" href=\"https:\/\/vieassociative.be\/actualites\/les-premieres-nations-du-g7-reconnaissent-letat-de-palestine\/\" \/>\n<meta property=\"og:locale\" content=\"fr_FR\" \/>\n<meta property=\"og:type\" content=\"article\" \/>\n<meta property=\"og:title\" content=\"Les premi\u00e8res nations du G7 reconnaissent l&#039;\u00e9tat de Palestine | Vie Associative\" \/>\n<meta property=\"og:description\" content=\"La Grande-Bretagne, le Canada et l&rsquo;Australie reconnaissent officiellement un \u00c9tat palestinien compte tenu de la guerre de Gaza inchang\u00e9e et de l&rsquo;agacement d&rsquo;Isra\u00ebl. Cela a\" \/>\n<meta property=\"og:url\" content=\"https:\/\/vieassociative.be\/actualites\/les-premieres-nations-du-g7-reconnaissent-letat-de-palestine\/\" \/>\n<meta property=\"og:site_name\" content=\"Vie Associative\" \/>\n<meta property=\"article:published_time\" content=\"2025-09-21T20:17:24+00:00\" \/>\n<meta property=\"og:image\" content=\"https:\/\/vieassociative.be\/actualites\/wp-content\/uploads\/2024\/09\/header_backgroundk-01-e1726694325946.png\" \/>\n\t<meta property=\"og:image:width\" content=\"279\" \/>\n\t<meta property=\"og:image:height\" content=\"92\" \/>\n\t<meta property=\"og:image:type\" content=\"image\/png\" \/>\n<meta name=\"author\" content=\"Julien\" \/>\n<meta name=\"twitter:card\" content=\"summary_large_image\" \/>\n<meta name=\"twitter:label1\" content=\"\u00c9crit par\" \/>\n\t<meta name=\"twitter:data1\" content=\"Julien\" \/>\n\t<meta name=\"twitter:label2\" content=\"Dur\u00e9e de lecture est.\" \/>\n\t<meta name=\"twitter:data2\" content=\"3 minutes\" \/>\n<script type=\"application\/ld+json\" class=\"yoast-schema-graph\">{\"@context\":\"https:\/\/schema.org\",\"@graph\":[{\"@type\":\"Article\",\"@id\":\"https:\/\/vieassociative.be\/actualites\/les-premieres-nations-du-g7-reconnaissent-letat-de-palestine\/#article\",\"isPartOf\":{\"@id\":\"https:\/\/vieassociative.be\/actualites\/les-premieres-nations-du-g7-reconnaissent-letat-de-palestine\/\"},\"author\":{\"name\":\"Julien\",\"@id\":\"https:\/\/vieassociative.be\/actualites\/#\/schema\/person\/b87ac4f82f9d4e7b7cec7395b679edc4\"},\"headline\":\"Les premi\u00e8res nations du G7 reconnaissent l&rsquo;\u00e9tat de Palestine\",\"datePublished\":\"2025-09-21T20:17:24+00:00\",\"dateModified\":\"2025-09-21T20:17:24+00:00\",\"mainEntityOfPage\":{\"@id\":\"https:\/\/vieassociative.be\/actualites\/les-premieres-nations-du-g7-reconnaissent-letat-de-palestine\/\"},\"wordCount\":615,\"publisher\":{\"@id\":\"https:\/\/vieassociative.be\/actualites\/#organization\"},\"image\":{\"@id\":\"https:\/\/vieassociative.be\/actualites\/les-premieres-nations-du-g7-reconnaissent-letat-de-palestine\/#primaryimage\"},\"thumbnailUrl\":\"https:\/\/vieassociative.be\/actualites\/wp-content\/uploads\/2025\/09\/1758485844_Les-premieres-nations-du-G7-reconnaissent-letat-de-Palestine.jpg\",\"keywords\":[\"Les\",\"L\u00e9tat\",\"Nations\",\"Palestine\",\"premi\u00e8res\",\"reconnaissent\"],\"articleSection\":[\"Belgique\"],\"inLanguage\":\"fr-BE\"},{\"@type\":\"WebPage\",\"@id\":\"https:\/\/vieassociative.be\/actualites\/les-premieres-nations-du-g7-reconnaissent-letat-de-palestine\/\",\"url\":\"https:\/\/vieassociative.be\/actualites\/les-premieres-nations-du-g7-reconnaissent-letat-de-palestine\/\",\"name\":\"Les premi\u00e8res nations du G7 reconnaissent l'\u00e9tat de Palestine | Vie Associative\",\"isPartOf\":{\"@id\":\"https:\/\/vieassociative.be\/actualites\/#website\"},\"primaryImageOfPage\":{\"@id\":\"https:\/\/vieassociative.be\/actualites\/les-premieres-nations-du-g7-reconnaissent-letat-de-palestine\/#primaryimage\"},\"image\":{\"@id\":\"https:\/\/vieassociative.be\/actualites\/les-premieres-nations-du-g7-reconnaissent-letat-de-palestine\/#primaryimage\"},\"thumbnailUrl\":\"https:\/\/vieassociative.be\/actualites\/wp-content\/uploads\/2025\/09\/1758485844_Les-premieres-nations-du-G7-reconnaissent-letat-de-Palestine.jpg\",\"datePublished\":\"2025-09-21T20:17:24+00:00\",\"dateModified\":\"2025-09-21T20:17:24+00:00\",\"breadcrumb\":{\"@id\":\"https:\/\/vieassociative.be\/actualites\/les-premieres-nations-du-g7-reconnaissent-letat-de-palestine\/#breadcrumb\"},\"inLanguage\":\"fr-BE\",\"potentialAction\":[{\"@type\":\"ReadAction\",\"target\":[\"https:\/\/vieassociative.be\/actualites\/les-premieres-nations-du-g7-reconnaissent-letat-de-palestine\/\"]}]},{\"@type\":\"ImageObject\",\"inLanguage\":\"fr-BE\",\"@id\":\"https:\/\/vieassociative.be\/actualites\/les-premieres-nations-du-g7-reconnaissent-letat-de-palestine\/#primaryimage\",\"url\":\"https:\/\/vieassociative.be\/actualites\/wp-content\/uploads\/2025\/09\/1758485844_Les-premieres-nations-du-G7-reconnaissent-letat-de-Palestine.jpg\",\"contentUrl\":\"https:\/\/vieassociative.be\/actualites\/wp-content\/uploads\/2025\/09\/1758485844_Les-premieres-nations-du-G7-reconnaissent-letat-de-Palestine.jpg\",\"width\":1200,\"height\":800,\"caption\":\"Les premi\u00e8res nations du G7 reconnaissent l'\u00e9tat de Palestine\"},{\"@type\":\"BreadcrumbList\",\"@id\":\"https:\/\/vieassociative.be\/actualites\/les-premieres-nations-du-g7-reconnaissent-letat-de-palestine\/#breadcrumb\",\"itemListElement\":[{\"@type\":\"ListItem\",\"position\":1,\"name\":\"Accueil\",\"item\":\"https:\/\/vieassociative.be\/actualites\/\"},{\"@type\":\"ListItem\",\"position\":2,\"name\":\"Les premi\u00e8res nations du G7 reconnaissent l&rsquo;\u00e9tat de Palestine\"}]},{\"@type\":\"WebSite\",\"@id\":\"https:\/\/vieassociative.be\/actualites\/#website\",\"url\":\"https:\/\/vieassociative.be\/actualites\/\",\"name\":\"Vie Associative\",\"description\":\"\",\"publisher\":{\"@id\":\"https:\/\/vieassociative.be\/actualites\/#organization\"},\"potentialAction\":[{\"@type\":\"SearchAction\",\"target\":{\"@type\":\"EntryPoint\",\"urlTemplate\":\"https:\/\/vieassociative.be\/actualites\/?s={search_term_string}\"},\"query-input\":{\"@type\":\"PropertyValueSpecification\",\"valueRequired\":true,\"valueName\":\"search_term_string\"}}],\"inLanguage\":\"fr-BE\"},{\"@type\":\"Organization\",\"@id\":\"https:\/\/vieassociative.be\/actualites\/#organization\",\"name\":\"Vie Associative\",\"url\":\"https:\/\/vieassociative.be\/actualites\/\",\"logo\":{\"@type\":\"ImageObject\",\"inLanguage\":\"fr-BE\",\"@id\":\"https:\/\/vieassociative.be\/actualites\/#\/schema\/logo\/image\/\",\"url\":\"https:\/\/vieassociative.be\/actualites\/wp-content\/uploads\/2024\/09\/cropped-vieassociative_favicon.ico.png\",\"contentUrl\":\"https:\/\/vieassociative.be\/actualites\/wp-content\/uploads\/2024\/09\/cropped-vieassociative_favicon.ico.png\",\"width\":512,\"height\":512,\"caption\":\"Vie Associative\"},\"image\":{\"@id\":\"https:\/\/vieassociative.be\/actualites\/#\/schema\/logo\/image\/\"}},{\"@type\":\"Person\",\"@id\":\"https:\/\/vieassociative.be\/actualites\/#\/schema\/person\/b87ac4f82f9d4e7b7cec7395b679edc4\",\"name\":\"Julien\",\"image\":{\"@type\":\"ImageObject\",\"inLanguage\":\"fr-BE\",\"@id\":\"https:\/\/vieassociative.be\/actualites\/#\/schema\/person\/image\/\",\"url\":\"https:\/\/vieassociative.be\/actualites\/wp-content\/uploads\/2024\/09\/vie-associative-1-150x150.jpg\",\"contentUrl\":\"https:\/\/vieassociative.be\/actualites\/wp-content\/uploads\/2024\/09\/vie-associative-1-150x150.jpg\",\"caption\":\"Julien\"},\"description\":\"Je suis Julien, r\u00e9dacteur pour Vie Associative. Passionn\u00e9 par le monde associatif depuis plus de 10 ans, j'ai \u00e0 c\u0153ur de partager des histoires inspirantes et de mettre en lumi\u00e8re les initiatives locales. Mon objectif est de sensibiliser et d'encourager l'engagement communautaire \u00e0 travers mes articles.\",\"sameAs\":[\"https:\/\/vieassociative.be\/\"]}]}<\/script>\n<!-- \/ Yoast SEO plugin. -->","yoast_head_json":{"title":"Les premi\u00e8res nations du G7 reconnaissent l'\u00e9tat de Palestine | Vie Associative","robots":{"index":"index","follow":"follow","max-snippet":"max-snippet:-1","max-image-preview":"max-image-preview:large","max-video-preview":"max-video-preview:-1"},"canonical":"https:\/\/vieassociative.be\/actualites\/les-premieres-nations-du-g7-reconnaissent-letat-de-palestine\/","og_locale":"fr_FR","og_type":"article","og_title":"Les premi\u00e8res nations du G7 reconnaissent l'\u00e9tat de Palestine | Vie Associative","og_description":"La Grande-Bretagne, le Canada et l&rsquo;Australie reconnaissent officiellement un \u00c9tat palestinien compte tenu de la guerre de Gaza inchang\u00e9e et de l&rsquo;agacement d&rsquo;Isra\u00ebl. Cela a","og_url":"https:\/\/vieassociative.be\/actualites\/les-premieres-nations-du-g7-reconnaissent-letat-de-palestine\/","og_site_name":"Vie Associative","article_published_time":"2025-09-21T20:17:24+00:00","og_image":[{"width":279,"height":92,"url":"https:\/\/vieassociative.be\/actualites\/wp-content\/uploads\/2024\/09\/header_backgroundk-01-e1726694325946.png","type":"image\/png"}],"author":"Julien","twitter_card":"summary_large_image","twitter_misc":{"\u00c9crit par":"Julien","Dur\u00e9e de lecture est.":"3 minutes"},"schema":{"@context":"https:\/\/schema.org","@graph":[{"@type":"Article","@id":"https:\/\/vieassociative.be\/actualites\/les-premieres-nations-du-g7-reconnaissent-letat-de-palestine\/#article","isPartOf":{"@id":"https:\/\/vieassociative.be\/actualites\/les-premieres-nations-du-g7-reconnaissent-letat-de-palestine\/"},"author":{"name":"Julien","@id":"https:\/\/vieassociative.be\/actualites\/#\/schema\/person\/b87ac4f82f9d4e7b7cec7395b679edc4"},"headline":"Les premi\u00e8res nations du G7 reconnaissent l&rsquo;\u00e9tat de Palestine","datePublished":"2025-09-21T20:17:24+00:00","dateModified":"2025-09-21T20:17:24+00:00","mainEntityOfPage":{"@id":"https:\/\/vieassociative.be\/actualites\/les-premieres-nations-du-g7-reconnaissent-letat-de-palestine\/"},"wordCount":615,"publisher":{"@id":"https:\/\/vieassociative.be\/actualites\/#organization"},"image":{"@id":"https:\/\/vieassociative.be\/actualites\/les-premieres-nations-du-g7-reconnaissent-letat-de-palestine\/#primaryimage"},"thumbnailUrl":"https:\/\/vieassociative.be\/actualites\/wp-content\/uploads\/2025\/09\/1758485844_Les-premieres-nations-du-G7-reconnaissent-letat-de-Palestine.jpg","keywords":["Les","L\u00e9tat","Nations","Palestine","premi\u00e8res","reconnaissent"],"articleSection":["Belgique"],"inLanguage":"fr-BE"},{"@type":"WebPage","@id":"https:\/\/vieassociative.be\/actualites\/les-premieres-nations-du-g7-reconnaissent-letat-de-palestine\/","url":"https:\/\/vieassociative.be\/actualites\/les-premieres-nations-du-g7-reconnaissent-letat-de-palestine\/","name":"Les premi\u00e8res nations du G7 reconnaissent l'\u00e9tat de Palestine | Vie Associative","isPartOf":{"@id":"https:\/\/vieassociative.be\/actualites\/#website"},"primaryImageOfPage":{"@id":"https:\/\/vieassociative.be\/actualites\/les-premieres-nations-du-g7-reconnaissent-letat-de-palestine\/#primaryimage"},"image":{"@id":"https:\/\/vieassociative.be\/actualites\/les-premieres-nations-du-g7-reconnaissent-letat-de-palestine\/#primaryimage"},"thumbnailUrl":"https:\/\/vieassociative.be\/actualites\/wp-content\/uploads\/2025\/09\/1758485844_Les-premieres-nations-du-G7-reconnaissent-letat-de-Palestine.jpg","datePublished":"2025-09-21T20:17:24+00:00","dateModified":"2025-09-21T20:17:24+00:00","breadcrumb":{"@id":"https:\/\/vieassociative.be\/actualites\/les-premieres-nations-du-g7-reconnaissent-letat-de-palestine\/#breadcrumb"},"inLanguage":"fr-BE","potentialAction":[{"@type":"ReadAction","target":["https:\/\/vieassociative.be\/actualites\/les-premieres-nations-du-g7-reconnaissent-letat-de-palestine\/"]}]},{"@type":"ImageObject","inLanguage":"fr-BE","@id":"https:\/\/vieassociative.be\/actualites\/les-premieres-nations-du-g7-reconnaissent-letat-de-palestine\/#primaryimage","url":"https:\/\/vieassociative.be\/actualites\/wp-content\/uploads\/2025\/09\/1758485844_Les-premieres-nations-du-G7-reconnaissent-letat-de-Palestine.jpg","contentUrl":"https:\/\/vieassociative.be\/actualites\/wp-content\/uploads\/2025\/09\/1758485844_Les-premieres-nations-du-G7-reconnaissent-letat-de-Palestine.jpg","width":1200,"height":800,"caption":"Les premi\u00e8res nations du G7 reconnaissent l'\u00e9tat de Palestine"},{"@type":"BreadcrumbList","@id":"https:\/\/vieassociative.be\/actualites\/les-premieres-nations-du-g7-reconnaissent-letat-de-palestine\/#breadcrumb","itemListElement":[{"@type":"ListItem","position":1,"name":"Accueil","item":"https:\/\/vieassociative.be\/actualites\/"},{"@type":"ListItem","position":2,"name":"Les premi\u00e8res nations du G7 reconnaissent l&rsquo;\u00e9tat de Palestine"}]},{"@type":"WebSite","@id":"https:\/\/vieassociative.be\/actualites\/#website","url":"https:\/\/vieassociative.be\/actualites\/","name":"Vie Associative","description":"","publisher":{"@id":"https:\/\/vieassociative.be\/actualites\/#organization"},"potentialAction":[{"@type":"SearchAction","target":{"@type":"EntryPoint","urlTemplate":"https:\/\/vieassociative.be\/actualites\/?s={search_term_string}"},"query-input":{"@type":"PropertyValueSpecification","valueRequired":true,"valueName":"search_term_string"}}],"inLanguage":"fr-BE"},{"@type":"Organization","@id":"https:\/\/vieassociative.be\/actualites\/#organization","name":"Vie Associative","url":"https:\/\/vieassociative.be\/actualites\/","logo":{"@type":"ImageObject","inLanguage":"fr-BE","@id":"https:\/\/vieassociative.be\/actualites\/#\/schema\/logo\/image\/","url":"https:\/\/vieassociative.be\/actualites\/wp-content\/uploads\/2024\/09\/cropped-vieassociative_favicon.ico.png","contentUrl":"https:\/\/vieassociative.be\/actualites\/wp-content\/uploads\/2024\/09\/cropped-vieassociative_favicon.ico.png","width":512,"height":512,"caption":"Vie Associative"},"image":{"@id":"https:\/\/vieassociative.be\/actualites\/#\/schema\/logo\/image\/"}},{"@type":"Person","@id":"https:\/\/vieassociative.be\/actualites\/#\/schema\/person\/b87ac4f82f9d4e7b7cec7395b679edc4","name":"Julien","image":{"@type":"ImageObject","inLanguage":"fr-BE","@id":"https:\/\/vieassociative.be\/actualites\/#\/schema\/person\/image\/","url":"https:\/\/vieassociative.be\/actualites\/wp-content\/uploads\/2024\/09\/vie-associative-1-150x150.jpg","contentUrl":"https:\/\/vieassociative.be\/actualites\/wp-content\/uploads\/2024\/09\/vie-associative-1-150x150.jpg","caption":"Julien"},"description":"Je suis Julien, r\u00e9dacteur pour Vie Associative. Passionn\u00e9 par le monde associatif depuis plus de 10 ans, j'ai \u00e0 c\u0153ur de partager des histoires inspirantes et de mettre en lumi\u00e8re les initiatives locales. Mon objectif est de sensibiliser et d'encourager l'engagement communautaire \u00e0 travers mes articles.","sameAs":["https:\/\/vieassociative.be\/"]}]}},"_links":{"self":[{"href":"https:\/\/vieassociative.be\/actualites\/wp-json\/wp\/v2\/posts\/10166"}],"collection":[{"href":"https:\/\/vieassociative.be\/actualites\/wp-json\/wp\/v2\/posts"}],"about":[{"href":"https:\/\/vieassociative.be\/actualites\/wp-json\/wp\/v2\/types\/post"}],"author":[{"embeddable":true,"href":"https:\/\/vieassociative.be\/actualites\/wp-json\/wp\/v2\/users\/1"}],"replies":[{"embeddable":true,"href":"https:\/\/vieassociative.be\/actualites\/wp-json\/wp\/v2\/comments?post=10166"}],"version-history":[{"count":0,"href":"https:\/\/vieassociative.be\/actualites\/wp-json\/wp\/v2\/posts\/10166\/revisions"}],"wp:featuredmedia":[{"embeddable":true,"href":"https:\/\/vieassociative.be\/actualites\/wp-json\/wp\/v2\/media\/10167"}],"wp:attachment":[{"href":"https:\/\/vieassociative.be\/actualites\/wp-json\/wp\/v2\/media?parent=10166"}],"wp:term":[{"taxonomy":"category","embeddable":true,"href":"https:\/\/vieassociative.be\/actualites\/wp-json\/wp\/v2\/categories?post=10166"},{"taxonomy":"post_tag","embeddable":true,"href":"https:\/\/vieassociative.be\/actualites\/wp-json\/wp\/v2\/tags?post=10166"}],"curies":[{"name":"wp","href":"https:\/\/api.w.org\/{rel}","templated":true}]}}