{"id":10161,"date":"2025-09-21T16:17:14","date_gmt":"2025-09-21T14:17:14","guid":{"rendered":"https:\/\/vieassociative.be\/actualites\/oliver-paasch-aucune-communaute-en-belgique-ne-traite-aussi-de-maniere-transparente-de-leurs-depenses-que-la-dg\/"},"modified":"2025-09-21T16:17:14","modified_gmt":"2025-09-21T14:17:14","slug":"oliver-paasch-aucune-communaute-en-belgique-ne-traite-aussi-de-maniere-transparente-de-leurs-depenses-que-la-dg","status":"publish","type":"post","link":"https:\/\/vieassociative.be\/actualites\/oliver-paasch-aucune-communaute-en-belgique-ne-traite-aussi-de-maniere-transparente-de-leurs-depenses-que-la-dg\/","title":{"rendered":"Oliver Paasch: \u00ab\u00a0Aucune communaut\u00e9 en Belgique ne traite aussi de mani\u00e8re transparente de leurs d\u00e9penses que la DG\u00a0\u00bb"},"content":{"rendered":"<p><strong>  Oliver Paasch (ProDG) a r\u00e9agi aux critiques du groupe Vivant des contrats de consultants DG (voir rapport ailleurs), soulignant que le gouvernement serait la plus grande transparence.<\/strong><\/p>\n<p><span id=\"more-425049\"><\/span>L&rsquo;all\u00e9gation de non-transparence, qui est faite par Vivant, est enti\u00e8rement vaine, a d\u00e9clar\u00e9 Paasch, qui a rappel\u00e9 qu&rsquo;aucune communaut\u00e9 en Belgique n&rsquo;est aussi transparente avec ses d\u00e9penses que la DG, qui est la seule communaut\u00e9 \u00e0 publier ses revenus et ses d\u00e9penses ainsi que les dettes et les comptes bancaires sur Internet<u>Voir \u00ab\u00a0Finance Monitor\u00a0\u00bb sur ostBelgienLive.be<\/u>).<\/p>\n<p>Selon PaaSch, le gouvernement DG continuera d&rsquo;informer des co\u00fbts des contrats de consultants avec des entreprises externes en d\u00e9tail. Les seules exceptions aux avocats, certains rapports techniques et les rapports fiscaux personnels sont les seules exceptions.<\/p>\n<div id=\"attachment_417891\" class=\"wp-caption alignleft\" style=\"max-width: 300px\"><img fetchpriority=\"high\" decoding=\"async\" class=\"wp-image-417891 size-medium\" src=\"https:\/\/vieassociative.be\/actualites\/wp-content\/uploads\/2025\/09\/Oliver-Paasch-Aucune-communaute-en-Belgique-ne-traite-aussi-de.jpg\" alt=\"\" width=\"300\" height=\"201\"  ><\/div>\n<p>\u00ab\u00a0M\u00eame dans ces cas, cependant, nous sommes pr\u00eats \u00e0 donner au questionneur ces documents, en tenant compte de la l\u00e9gislation sur la protection des donn\u00e9es. Encore une fois, Michael Balter, contre une meilleure connaissance, r\u00e9partit les inconv\u00e9nients afin d&rsquo;exposer le gouvernement \u00e0 l&rsquo;accusation de non-d\u00e9parence\u00a0\u00bb, a d\u00e9clar\u00e9 le Premier ministre.<\/p>\n<p>Selon Paasch, la meilleure preuve de ceci est la liste d\u00e9taill\u00e9e des \u00e9tudes que le gouvernement a appris sur la voie parlementaire par le gouvernement pour r\u00e9pondre \u00e0 sa question \u00e9crite. \u00ab\u00a0Comme les ann\u00e9es pr\u00e9c\u00e9dentes, le gouvernement a r\u00e9pondu en d\u00e9tail sur cette question et a publi\u00e9 une liste d\u00e9taill\u00e9e des services d&rsquo;\u00e9tude et de conseil.\u00a0\u00bb<\/p>\n<p>Du point de vue du gouvernement, la critique g\u00e9n\u00e9rale de cette expertise ext\u00e9rieure n&rsquo;est pas opportun. Si vous examinez de plus pr\u00e8s la liste, on peut voir qu&rsquo;une partie consid\u00e9rable des \u00e9ditions tombe dans les domaines suivants:<\/p>\n<div id=\"attachment_396436\" class=\"wp-caption alignleft\" style=\"max-width: 300px\"><img decoding=\"async\" class=\"wp-image-396436 size-medium\" src=\"https:\/\/vieassociative.be\/actualites\/wp-content\/uploads\/2025\/09\/1758464234_310_Oliver-Paasch-Aucune-communaute-en-Belgique-ne-traite-aussi-de.jpg\" alt=\"\" width=\"300\" height=\"200\"><\/div>\n<p>1. Services de conseil sp\u00e9cialis\u00e9s pour les h\u00f4pitaux et les maisons de retraite, y compris dans le domaine de l&rsquo;achat de marchandises ou la num\u00e9risation du syst\u00e8me de sant\u00e9 qui sont n\u00e9cessaires aux op\u00e9rations hospitali\u00e8res;<\/p>\n<p>2. L&rsquo;enqu\u00eate sur le travail a r\u00e9alis\u00e9 partout en Europe, que la DG doit \u00e9galement r\u00e9aliser;<\/p>\n<p>3.<\/p>\n<p>4. One-Off Co\u00fbts dans le cadre de la r\u00e9forme de la planification spatiale. Il s&rsquo;agit de transf\u00e9rer les r\u00e9sultats dans le texte juridique en fonction du processus de participation des communaut\u00e9s et des acteurs.<\/p>\n<p>\u00ab\u00a0Toutes ces ordres sont en commun qu&rsquo;ils ne sont en aucun cas en relation avec les suppressions d&#8217;emplois en raison de l&rsquo;arr\u00eat de l&rsquo;arr\u00eat. Il est plut\u00f4t vrai qu&rsquo;une partie des services ne peut ou ne doit pas \u00eatre fournie par leur propre personnel\u00a0\u00bb, a d\u00e9clar\u00e9 le Premier ministre. \u00ab\u00a0Bien s\u00fbr, dans le contexte des \u00e9conomies g\u00e9n\u00e9rales, les services de conseil sont v\u00e9rifi\u00e9s encore plus critique \u00e0 l&rsquo;avance qu&rsquo;auparavant.\u00a0\u00bb (Cre)<\/p>\n<p><em><strong>Sur le sujet, voir \u00e9galement l&rsquo;article suivant sur OD:<\/strong><\/em><\/p>\n<div class=\"responsive-embed widescreen\">\n<blockquote class=\"wp-embedded-content\" data-secret=\"Yy4zKyuMVx\">\n<p>Vivant Group demande \u00e0 nouveau: \u00ab\u00a0Pourquoi la DG a-t-elle besoin de tant de commandes d&rsquo;\u00e9tude et de conseil externes?\u00a0\u00bb<\/p>\n<\/blockquote>\n<p><iframe loading=\"lazy\" class=\"wp-embedded-content\" sandbox=\"allow-scripts\" security=\"restricted\" style=\"position: absolute; visibility: hidden;\" title=\"\u201eVivant-Fraktion fragt erneut: \u201eWarum braucht die DG so viele externe Studien- und Beratungsauftr\u00e4ge?\u201c\u201c \u2014 Ostbelgien Direkt\" src=\"https:\/\/ostbelgiendirekt.be\/about:blank\" data-secret=\"Yy4zKyuMVx\" width=\"500\" height=\"282\" frameborder=\"0\" marginwidth=\"0\" marginheight=\"0\" scrolling=\"no\" data-rocket-lazyload=\"fitvidscompatible\" data-lazy-src=\"https:\/\/ostbelgiendirekt.be\/studien-und-beratungsauftraege-424711\/embed#?secret=Ll8zhjomeq#?secret=Yy4zKyuMVx\"><\/iframe><noscript><iframe class=\"wp-embedded-content\" sandbox=\"allow-scripts\" security=\"restricted\" style=\"position: absolute; visibility: hidden;\" title=\"\u201eVivant-Fraktion fragt erneut: \u201eWarum braucht die DG so viele externe Studien- und Beratungsauftr\u00e4ge?\u201c\u201c \u2014 Ostbelgien Direkt\" src=\"https:\/\/ostbelgiendirekt.be\/studien-und-beratungsauftraege-424711\/embed#?secret=Ll8zhjomeq#?secret=Yy4zKyuMVx\" data-secret=\"Yy4zKyuMVx\" width=\"500\" height=\"282\" frameborder=\"0\" marginwidth=\"0\" marginheight=\"0\" scrolling=\"no\"><\/iframe><\/noscript><\/p>\n<\/div>\n","protected":false},"excerpt":{"rendered":"<p>Oliver Paasch (ProDG) a r\u00e9agi aux critiques du groupe Vivant des contrats de consultants DG (voir rapport ailleurs), soulignant que le gouvernement serait la plus<\/p>\n","protected":false},"author":1,"featured_media":10162,"comment_status":"","ping_status":"","sticky":false,"template":"","format":"standard","meta":{"footnotes":""},"categories":[298],"tags":[4102,1350,383,5889,4803,845,327,3141,2553,7862,7367],"class_list":["post-10161","post","type-post","status-publish","format-standard","has-post-thumbnail","hentry","category-belgique","tag-aucune","tag-aussi","tag-belgique","tag-communaute","tag-depenses","tag-leurs","tag-maniere","tag-oliver","tag-paasch","tag-traite","tag-transparente","generate-columns","tablet-grid-50","mobile-grid-100","grid-parent","grid-33"],"yoast_head":"<!-- This site is optimized with the Yoast SEO plugin v24.0 - https:\/\/yoast.com\/wordpress\/plugins\/seo\/ -->\n<title>Oliver Paasch: &quot;Aucune communaut\u00e9 en Belgique ne traite aussi de mani\u00e8re transparente de leurs d\u00e9penses que la DG&quot; | Vie Associative<\/title>\n<meta name=\"robots\" content=\"index, follow, max-snippet:-1, max-image-preview:large, max-video-preview:-1\" \/>\n<link rel=\"canonical\" href=\"https:\/\/vieassociative.be\/actualites\/oliver-paasch-aucune-communaute-en-belgique-ne-traite-aussi-de-maniere-transparente-de-leurs-depenses-que-la-dg\/\" \/>\n<meta property=\"og:locale\" content=\"fr_FR\" \/>\n<meta property=\"og:type\" content=\"article\" \/>\n<meta property=\"og:title\" content=\"Oliver Paasch: &quot;Aucune communaut\u00e9 en Belgique ne traite aussi de mani\u00e8re transparente de leurs d\u00e9penses que la DG&quot; | Vie Associative\" \/>\n<meta property=\"og:description\" content=\"Oliver Paasch (ProDG) a r\u00e9agi aux critiques du groupe Vivant des contrats de consultants DG (voir rapport ailleurs), soulignant que le gouvernement serait la plus\" \/>\n<meta property=\"og:url\" content=\"https:\/\/vieassociative.be\/actualites\/oliver-paasch-aucune-communaute-en-belgique-ne-traite-aussi-de-maniere-transparente-de-leurs-depenses-que-la-dg\/\" \/>\n<meta property=\"og:site_name\" content=\"Vie Associative\" \/>\n<meta property=\"article:published_time\" content=\"2025-09-21T14:17:14+00:00\" \/>\n<meta property=\"og:image\" content=\"https:\/\/vieassociative.be\/actualites\/wp-content\/uploads\/2024\/09\/header_backgroundk-01-e1726694325946.png\" \/>\n\t<meta property=\"og:image:width\" content=\"279\" \/>\n\t<meta property=\"og:image:height\" content=\"92\" \/>\n\t<meta property=\"og:image:type\" content=\"image\/png\" \/>\n<meta name=\"author\" content=\"Julien\" \/>\n<meta name=\"twitter:card\" content=\"summary_large_image\" \/>\n<meta name=\"twitter:label1\" content=\"\u00c9crit par\" \/>\n\t<meta name=\"twitter:data1\" content=\"Julien\" \/>\n\t<meta name=\"twitter:label2\" content=\"Dur\u00e9e de lecture est.\" \/>\n\t<meta name=\"twitter:data2\" content=\"2 minutes\" \/>\n<script type=\"application\/ld+json\" class=\"yoast-schema-graph\">{\"@context\":\"https:\/\/schema.org\",\"@graph\":[{\"@type\":\"Article\",\"@id\":\"https:\/\/vieassociative.be\/actualites\/oliver-paasch-aucune-communaute-en-belgique-ne-traite-aussi-de-maniere-transparente-de-leurs-depenses-que-la-dg\/#article\",\"isPartOf\":{\"@id\":\"https:\/\/vieassociative.be\/actualites\/oliver-paasch-aucune-communaute-en-belgique-ne-traite-aussi-de-maniere-transparente-de-leurs-depenses-que-la-dg\/\"},\"author\":{\"name\":\"Julien\",\"@id\":\"https:\/\/vieassociative.be\/actualites\/#\/schema\/person\/b87ac4f82f9d4e7b7cec7395b679edc4\"},\"headline\":\"Oliver Paasch: \u00ab\u00a0Aucune communaut\u00e9 en Belgique ne traite aussi de mani\u00e8re transparente de leurs d\u00e9penses que la DG\u00a0\u00bb\",\"datePublished\":\"2025-09-21T14:17:14+00:00\",\"dateModified\":\"2025-09-21T14:17:14+00:00\",\"mainEntityOfPage\":{\"@id\":\"https:\/\/vieassociative.be\/actualites\/oliver-paasch-aucune-communaute-en-belgique-ne-traite-aussi-de-maniere-transparente-de-leurs-depenses-que-la-dg\/\"},\"wordCount\":534,\"publisher\":{\"@id\":\"https:\/\/vieassociative.be\/actualites\/#organization\"},\"image\":{\"@id\":\"https:\/\/vieassociative.be\/actualites\/oliver-paasch-aucune-communaute-en-belgique-ne-traite-aussi-de-maniere-transparente-de-leurs-depenses-que-la-dg\/#primaryimage\"},\"thumbnailUrl\":\"https:\/\/vieassociative.be\/actualites\/wp-content\/uploads\/2025\/09\/1758464234_Oliver-Paasch-Aucune-communaute-en-Belgique-ne-traite-aussi-de.jpg\",\"keywords\":[\"Aucune\",\"aussi\",\"Belgique\",\"communaut\u00e9\",\"d\u00e9penses\",\"leurs\",\"mani\u00e8re\",\"Oliver\",\"Paasch\",\"trait\u00e9\",\"transparente\"],\"articleSection\":[\"Belgique\"],\"inLanguage\":\"fr-BE\"},{\"@type\":\"WebPage\",\"@id\":\"https:\/\/vieassociative.be\/actualites\/oliver-paasch-aucune-communaute-en-belgique-ne-traite-aussi-de-maniere-transparente-de-leurs-depenses-que-la-dg\/\",\"url\":\"https:\/\/vieassociative.be\/actualites\/oliver-paasch-aucune-communaute-en-belgique-ne-traite-aussi-de-maniere-transparente-de-leurs-depenses-que-la-dg\/\",\"name\":\"Oliver Paasch: \\\"Aucune communaut\u00e9 en Belgique ne traite aussi de mani\u00e8re transparente de leurs d\u00e9penses que la DG\\\" | Vie Associative\",\"isPartOf\":{\"@id\":\"https:\/\/vieassociative.be\/actualites\/#website\"},\"primaryImageOfPage\":{\"@id\":\"https:\/\/vieassociative.be\/actualites\/oliver-paasch-aucune-communaute-en-belgique-ne-traite-aussi-de-maniere-transparente-de-leurs-depenses-que-la-dg\/#primaryimage\"},\"image\":{\"@id\":\"https:\/\/vieassociative.be\/actualites\/oliver-paasch-aucune-communaute-en-belgique-ne-traite-aussi-de-maniere-transparente-de-leurs-depenses-que-la-dg\/#primaryimage\"},\"thumbnailUrl\":\"https:\/\/vieassociative.be\/actualites\/wp-content\/uploads\/2025\/09\/1758464234_Oliver-Paasch-Aucune-communaute-en-Belgique-ne-traite-aussi-de.jpg\",\"datePublished\":\"2025-09-21T14:17:14+00:00\",\"dateModified\":\"2025-09-21T14:17:14+00:00\",\"breadcrumb\":{\"@id\":\"https:\/\/vieassociative.be\/actualites\/oliver-paasch-aucune-communaute-en-belgique-ne-traite-aussi-de-maniere-transparente-de-leurs-depenses-que-la-dg\/#breadcrumb\"},\"inLanguage\":\"fr-BE\",\"potentialAction\":[{\"@type\":\"ReadAction\",\"target\":[\"https:\/\/vieassociative.be\/actualites\/oliver-paasch-aucune-communaute-en-belgique-ne-traite-aussi-de-maniere-transparente-de-leurs-depenses-que-la-dg\/\"]}]},{\"@type\":\"ImageObject\",\"inLanguage\":\"fr-BE\",\"@id\":\"https:\/\/vieassociative.be\/actualites\/oliver-paasch-aucune-communaute-en-belgique-ne-traite-aussi-de-maniere-transparente-de-leurs-depenses-que-la-dg\/#primaryimage\",\"url\":\"https:\/\/vieassociative.be\/actualites\/wp-content\/uploads\/2025\/09\/1758464234_Oliver-Paasch-Aucune-communaute-en-Belgique-ne-traite-aussi-de.jpg\",\"contentUrl\":\"https:\/\/vieassociative.be\/actualites\/wp-content\/uploads\/2025\/09\/1758464234_Oliver-Paasch-Aucune-communaute-en-Belgique-ne-traite-aussi-de.jpg\",\"width\":1200,\"height\":800,\"caption\":\"Oliver Paasch: \\\"Aucune communaut\u00e9 en Belgique ne traite aussi de mani\u00e8re transparente de leurs d\u00e9penses que la DG\\\"\"},{\"@type\":\"BreadcrumbList\",\"@id\":\"https:\/\/vieassociative.be\/actualites\/oliver-paasch-aucune-communaute-en-belgique-ne-traite-aussi-de-maniere-transparente-de-leurs-depenses-que-la-dg\/#breadcrumb\",\"itemListElement\":[{\"@type\":\"ListItem\",\"position\":1,\"name\":\"Accueil\",\"item\":\"https:\/\/vieassociative.be\/actualites\/\"},{\"@type\":\"ListItem\",\"position\":2,\"name\":\"Oliver Paasch: \u00ab\u00a0Aucune communaut\u00e9 en Belgique ne traite aussi de mani\u00e8re transparente de leurs d\u00e9penses que la DG\u00a0\u00bb\"}]},{\"@type\":\"WebSite\",\"@id\":\"https:\/\/vieassociative.be\/actualites\/#website\",\"url\":\"https:\/\/vieassociative.be\/actualites\/\",\"name\":\"Vie Associative\",\"description\":\"\",\"publisher\":{\"@id\":\"https:\/\/vieassociative.be\/actualites\/#organization\"},\"potentialAction\":[{\"@type\":\"SearchAction\",\"target\":{\"@type\":\"EntryPoint\",\"urlTemplate\":\"https:\/\/vieassociative.be\/actualites\/?s={search_term_string}\"},\"query-input\":{\"@type\":\"PropertyValueSpecification\",\"valueRequired\":true,\"valueName\":\"search_term_string\"}}],\"inLanguage\":\"fr-BE\"},{\"@type\":\"Organization\",\"@id\":\"https:\/\/vieassociative.be\/actualites\/#organization\",\"name\":\"Vie Associative\",\"url\":\"https:\/\/vieassociative.be\/actualites\/\",\"logo\":{\"@type\":\"ImageObject\",\"inLanguage\":\"fr-BE\",\"@id\":\"https:\/\/vieassociative.be\/actualites\/#\/schema\/logo\/image\/\",\"url\":\"https:\/\/vieassociative.be\/actualites\/wp-content\/uploads\/2024\/09\/cropped-vieassociative_favicon.ico.png\",\"contentUrl\":\"https:\/\/vieassociative.be\/actualites\/wp-content\/uploads\/2024\/09\/cropped-vieassociative_favicon.ico.png\",\"width\":512,\"height\":512,\"caption\":\"Vie Associative\"},\"image\":{\"@id\":\"https:\/\/vieassociative.be\/actualites\/#\/schema\/logo\/image\/\"}},{\"@type\":\"Person\",\"@id\":\"https:\/\/vieassociative.be\/actualites\/#\/schema\/person\/b87ac4f82f9d4e7b7cec7395b679edc4\",\"name\":\"Julien\",\"image\":{\"@type\":\"ImageObject\",\"inLanguage\":\"fr-BE\",\"@id\":\"https:\/\/vieassociative.be\/actualites\/#\/schema\/person\/image\/\",\"url\":\"https:\/\/vieassociative.be\/actualites\/wp-content\/uploads\/2024\/09\/vie-associative-1-150x150.jpg\",\"contentUrl\":\"https:\/\/vieassociative.be\/actualites\/wp-content\/uploads\/2024\/09\/vie-associative-1-150x150.jpg\",\"caption\":\"Julien\"},\"description\":\"Je suis Julien, r\u00e9dacteur pour Vie Associative. Passionn\u00e9 par le monde associatif depuis plus de 10 ans, j'ai \u00e0 c\u0153ur de partager des histoires inspirantes et de mettre en lumi\u00e8re les initiatives locales. Mon objectif est de sensibiliser et d'encourager l'engagement communautaire \u00e0 travers mes articles.\",\"sameAs\":[\"https:\/\/vieassociative.be\/\"]}]}<\/script>\n<!-- \/ Yoast SEO plugin. -->","yoast_head_json":{"title":"Oliver Paasch: \"Aucune communaut\u00e9 en Belgique ne traite aussi de mani\u00e8re transparente de leurs d\u00e9penses que la DG\" | Vie Associative","robots":{"index":"index","follow":"follow","max-snippet":"max-snippet:-1","max-image-preview":"max-image-preview:large","max-video-preview":"max-video-preview:-1"},"canonical":"https:\/\/vieassociative.be\/actualites\/oliver-paasch-aucune-communaute-en-belgique-ne-traite-aussi-de-maniere-transparente-de-leurs-depenses-que-la-dg\/","og_locale":"fr_FR","og_type":"article","og_title":"Oliver Paasch: \"Aucune communaut\u00e9 en Belgique ne traite aussi de mani\u00e8re transparente de leurs d\u00e9penses que la DG\" | Vie Associative","og_description":"Oliver Paasch (ProDG) a r\u00e9agi aux critiques du groupe Vivant des contrats de consultants DG (voir rapport ailleurs), soulignant que le gouvernement serait la plus","og_url":"https:\/\/vieassociative.be\/actualites\/oliver-paasch-aucune-communaute-en-belgique-ne-traite-aussi-de-maniere-transparente-de-leurs-depenses-que-la-dg\/","og_site_name":"Vie Associative","article_published_time":"2025-09-21T14:17:14+00:00","og_image":[{"width":279,"height":92,"url":"https:\/\/vieassociative.be\/actualites\/wp-content\/uploads\/2024\/09\/header_backgroundk-01-e1726694325946.png","type":"image\/png"}],"author":"Julien","twitter_card":"summary_large_image","twitter_misc":{"\u00c9crit par":"Julien","Dur\u00e9e de lecture est.":"2 minutes"},"schema":{"@context":"https:\/\/schema.org","@graph":[{"@type":"Article","@id":"https:\/\/vieassociative.be\/actualites\/oliver-paasch-aucune-communaute-en-belgique-ne-traite-aussi-de-maniere-transparente-de-leurs-depenses-que-la-dg\/#article","isPartOf":{"@id":"https:\/\/vieassociative.be\/actualites\/oliver-paasch-aucune-communaute-en-belgique-ne-traite-aussi-de-maniere-transparente-de-leurs-depenses-que-la-dg\/"},"author":{"name":"Julien","@id":"https:\/\/vieassociative.be\/actualites\/#\/schema\/person\/b87ac4f82f9d4e7b7cec7395b679edc4"},"headline":"Oliver Paasch: \u00ab\u00a0Aucune communaut\u00e9 en Belgique ne traite aussi de mani\u00e8re transparente de leurs d\u00e9penses que la DG\u00a0\u00bb","datePublished":"2025-09-21T14:17:14+00:00","dateModified":"2025-09-21T14:17:14+00:00","mainEntityOfPage":{"@id":"https:\/\/vieassociative.be\/actualites\/oliver-paasch-aucune-communaute-en-belgique-ne-traite-aussi-de-maniere-transparente-de-leurs-depenses-que-la-dg\/"},"wordCount":534,"publisher":{"@id":"https:\/\/vieassociative.be\/actualites\/#organization"},"image":{"@id":"https:\/\/vieassociative.be\/actualites\/oliver-paasch-aucune-communaute-en-belgique-ne-traite-aussi-de-maniere-transparente-de-leurs-depenses-que-la-dg\/#primaryimage"},"thumbnailUrl":"https:\/\/vieassociative.be\/actualites\/wp-content\/uploads\/2025\/09\/1758464234_Oliver-Paasch-Aucune-communaute-en-Belgique-ne-traite-aussi-de.jpg","keywords":["Aucune","aussi","Belgique","communaut\u00e9","d\u00e9penses","leurs","mani\u00e8re","Oliver","Paasch","trait\u00e9","transparente"],"articleSection":["Belgique"],"inLanguage":"fr-BE"},{"@type":"WebPage","@id":"https:\/\/vieassociative.be\/actualites\/oliver-paasch-aucune-communaute-en-belgique-ne-traite-aussi-de-maniere-transparente-de-leurs-depenses-que-la-dg\/","url":"https:\/\/vieassociative.be\/actualites\/oliver-paasch-aucune-communaute-en-belgique-ne-traite-aussi-de-maniere-transparente-de-leurs-depenses-que-la-dg\/","name":"Oliver Paasch: \"Aucune communaut\u00e9 en Belgique ne traite aussi de mani\u00e8re transparente de leurs d\u00e9penses que la DG\" | Vie Associative","isPartOf":{"@id":"https:\/\/vieassociative.be\/actualites\/#website"},"primaryImageOfPage":{"@id":"https:\/\/vieassociative.be\/actualites\/oliver-paasch-aucune-communaute-en-belgique-ne-traite-aussi-de-maniere-transparente-de-leurs-depenses-que-la-dg\/#primaryimage"},"image":{"@id":"https:\/\/vieassociative.be\/actualites\/oliver-paasch-aucune-communaute-en-belgique-ne-traite-aussi-de-maniere-transparente-de-leurs-depenses-que-la-dg\/#primaryimage"},"thumbnailUrl":"https:\/\/vieassociative.be\/actualites\/wp-content\/uploads\/2025\/09\/1758464234_Oliver-Paasch-Aucune-communaute-en-Belgique-ne-traite-aussi-de.jpg","datePublished":"2025-09-21T14:17:14+00:00","dateModified":"2025-09-21T14:17:14+00:00","breadcrumb":{"@id":"https:\/\/vieassociative.be\/actualites\/oliver-paasch-aucune-communaute-en-belgique-ne-traite-aussi-de-maniere-transparente-de-leurs-depenses-que-la-dg\/#breadcrumb"},"inLanguage":"fr-BE","potentialAction":[{"@type":"ReadAction","target":["https:\/\/vieassociative.be\/actualites\/oliver-paasch-aucune-communaute-en-belgique-ne-traite-aussi-de-maniere-transparente-de-leurs-depenses-que-la-dg\/"]}]},{"@type":"ImageObject","inLanguage":"fr-BE","@id":"https:\/\/vieassociative.be\/actualites\/oliver-paasch-aucune-communaute-en-belgique-ne-traite-aussi-de-maniere-transparente-de-leurs-depenses-que-la-dg\/#primaryimage","url":"https:\/\/vieassociative.be\/actualites\/wp-content\/uploads\/2025\/09\/1758464234_Oliver-Paasch-Aucune-communaute-en-Belgique-ne-traite-aussi-de.jpg","contentUrl":"https:\/\/vieassociative.be\/actualites\/wp-content\/uploads\/2025\/09\/1758464234_Oliver-Paasch-Aucune-communaute-en-Belgique-ne-traite-aussi-de.jpg","width":1200,"height":800,"caption":"Oliver Paasch: \"Aucune communaut\u00e9 en Belgique ne traite aussi de mani\u00e8re transparente de leurs d\u00e9penses que la DG\""},{"@type":"BreadcrumbList","@id":"https:\/\/vieassociative.be\/actualites\/oliver-paasch-aucune-communaute-en-belgique-ne-traite-aussi-de-maniere-transparente-de-leurs-depenses-que-la-dg\/#breadcrumb","itemListElement":[{"@type":"ListItem","position":1,"name":"Accueil","item":"https:\/\/vieassociative.be\/actualites\/"},{"@type":"ListItem","position":2,"name":"Oliver Paasch: \u00ab\u00a0Aucune communaut\u00e9 en Belgique ne traite aussi de mani\u00e8re transparente de leurs d\u00e9penses que la DG\u00a0\u00bb"}]},{"@type":"WebSite","@id":"https:\/\/vieassociative.be\/actualites\/#website","url":"https:\/\/vieassociative.be\/actualites\/","name":"Vie Associative","description":"","publisher":{"@id":"https:\/\/vieassociative.be\/actualites\/#organization"},"potentialAction":[{"@type":"SearchAction","target":{"@type":"EntryPoint","urlTemplate":"https:\/\/vieassociative.be\/actualites\/?s={search_term_string}"},"query-input":{"@type":"PropertyValueSpecification","valueRequired":true,"valueName":"search_term_string"}}],"inLanguage":"fr-BE"},{"@type":"Organization","@id":"https:\/\/vieassociative.be\/actualites\/#organization","name":"Vie Associative","url":"https:\/\/vieassociative.be\/actualites\/","logo":{"@type":"ImageObject","inLanguage":"fr-BE","@id":"https:\/\/vieassociative.be\/actualites\/#\/schema\/logo\/image\/","url":"https:\/\/vieassociative.be\/actualites\/wp-content\/uploads\/2024\/09\/cropped-vieassociative_favicon.ico.png","contentUrl":"https:\/\/vieassociative.be\/actualites\/wp-content\/uploads\/2024\/09\/cropped-vieassociative_favicon.ico.png","width":512,"height":512,"caption":"Vie Associative"},"image":{"@id":"https:\/\/vieassociative.be\/actualites\/#\/schema\/logo\/image\/"}},{"@type":"Person","@id":"https:\/\/vieassociative.be\/actualites\/#\/schema\/person\/b87ac4f82f9d4e7b7cec7395b679edc4","name":"Julien","image":{"@type":"ImageObject","inLanguage":"fr-BE","@id":"https:\/\/vieassociative.be\/actualites\/#\/schema\/person\/image\/","url":"https:\/\/vieassociative.be\/actualites\/wp-content\/uploads\/2024\/09\/vie-associative-1-150x150.jpg","contentUrl":"https:\/\/vieassociative.be\/actualites\/wp-content\/uploads\/2024\/09\/vie-associative-1-150x150.jpg","caption":"Julien"},"description":"Je suis Julien, r\u00e9dacteur pour Vie Associative. Passionn\u00e9 par le monde associatif depuis plus de 10 ans, j'ai \u00e0 c\u0153ur de partager des histoires inspirantes et de mettre en lumi\u00e8re les initiatives locales. Mon objectif est de sensibiliser et d'encourager l'engagement communautaire \u00e0 travers mes articles.","sameAs":["https:\/\/vieassociative.be\/"]}]}},"_links":{"self":[{"href":"https:\/\/vieassociative.be\/actualites\/wp-json\/wp\/v2\/posts\/10161"}],"collection":[{"href":"https:\/\/vieassociative.be\/actualites\/wp-json\/wp\/v2\/posts"}],"about":[{"href":"https:\/\/vieassociative.be\/actualites\/wp-json\/wp\/v2\/types\/post"}],"author":[{"embeddable":true,"href":"https:\/\/vieassociative.be\/actualites\/wp-json\/wp\/v2\/users\/1"}],"replies":[{"embeddable":true,"href":"https:\/\/vieassociative.be\/actualites\/wp-json\/wp\/v2\/comments?post=10161"}],"version-history":[{"count":0,"href":"https:\/\/vieassociative.be\/actualites\/wp-json\/wp\/v2\/posts\/10161\/revisions"}],"wp:featuredmedia":[{"embeddable":true,"href":"https:\/\/vieassociative.be\/actualites\/wp-json\/wp\/v2\/media\/10162"}],"wp:attachment":[{"href":"https:\/\/vieassociative.be\/actualites\/wp-json\/wp\/v2\/media?parent=10161"}],"wp:term":[{"taxonomy":"category","embeddable":true,"href":"https:\/\/vieassociative.be\/actualites\/wp-json\/wp\/v2\/categories?post=10161"},{"taxonomy":"post_tag","embeddable":true,"href":"https:\/\/vieassociative.be\/actualites\/wp-json\/wp\/v2\/tags?post=10161"}],"curies":[{"name":"wp","href":"https:\/\/api.w.org\/{rel}","templated":true}]}}