{"id":10154,"date":"2025-09-21T01:17:06","date_gmt":"2025-09-20T23:17:06","guid":{"rendered":"https:\/\/vieassociative.be\/actualites\/jadore-mon-apple-watch-series-11-mais-vous-pourriez-ne-pas-2\/"},"modified":"2025-09-21T01:17:06","modified_gmt":"2025-09-20T23:17:06","slug":"jadore-mon-apple-watch-series-11-mais-vous-pourriez-ne-pas-2","status":"publish","type":"post","link":"https:\/\/vieassociative.be\/actualites\/jadore-mon-apple-watch-series-11-mais-vous-pourriez-ne-pas-2\/","title":{"rendered":"J&rsquo;adore mon Apple Watch Series 11, mais vous pourriez ne pas"},"content":{"rendered":"<div class=\"mt-4 leading-6 md:mb-8\">Dans quelle mesure votre derni\u00e8re mise \u00e0 niveau d&rsquo;Apple Watch a-t-elle \u00e9t\u00e9 r\u00e9cente?<\/div>\n<p><\/p>\n<p><em>Saviez-vous que vous pouvez personnaliser Google pour filtrer les ordures? Prendre ces \u00e9tapes<\/em><em>  Pour de meilleurs r\u00e9sultats de recherche, notamment en ajoutant mon travail chez Vie Associative comme source pr\u00e9f\u00e9r\u00e9e<\/em><em>.<\/em><\/p>\n<hr>\n<p>L&rsquo;Apple Watch Series 11 est d\u00e9sormais disponible, et quelques jours \u00e0 utiliser une unit\u00e9 de r\u00e9vision, je suis satisfait de la mise \u00e0 niveau. Mais si cela en vaudra la peine est une histoire diff\u00e9rente.<\/p>\n<p>Avant la s\u00e9rie 11, j&rsquo;utilisais toujours une Apple Watch SE de premi\u00e8re g\u00e9n\u00e9ration. Comme je n&rsquo;ai pas besoin de beaucoup de ma smartwatch, le SE \u00e9tait suffisant pour moi: la lecture des m\u00e9dias de base avec suivi de la fr\u00e9quence cardiaque et tap-to-pay. Que pourrais-je vouloir de plus? <\/p>\n<div class=\"mx-auto mb-12 mt-5 w-full max-w-3xl rounded-md border-2 border-gray-100 p-3 shadow-md md:px-7 md:pb-7 md:pt-5\" id=\"related-video\">\n<div class=\"mb-3 flex items-center md:mb-5\">\n        <img decoding=\"async\" class=\"mr-4 mt-0 h-10 w-10 md:mr-5 md:h-12 md:w-12\" src=\"https:\/\/vieassociative.be\/actualites\/wp-content\/uploads\/2025\/09\/1757726237_608_Meta-pourrait-devoiler-une-montre-intelligente-pour-controler-ses-lunettes.jpg\" alt=\"Logo Lifehacker\"><\/p><\/div>\n<div class=\"aspect-video w-full overflow-hidden rounded-md\">\n<div id=\"video-container-01K5MNJTV2BF0EZ175D227KRFN\"><\/div>\n<\/p><\/div>\n<\/div>\n<p>Mais la s\u00e9rie 11 m&rsquo;a appris que je pourrais en vouloir beaucoup plus. Son plus grand \u00e9cran avec un \u00e9cran toujours sur est un bon bonus, tout comme le design plus mince et plus l\u00e9ger. Le probl\u00e8me est que l&rsquo;Apple Watch Series 11 n&rsquo;est pas la premi\u00e8re Apple Watch avec ces bonus. Si vous \u00eates comme moi et que vous n&rsquo;avez pas mis \u00e0 niveau depuis un moment, l&rsquo;Apple Watch Series 11 est un excellent choix. Mais ceux qui ont une Apple Watch plus r\u00e9cente voudront peut-\u00eatre retenir et \u00e9conomiser leur argent.<\/p>\n<h2 id=\"what-i-love-most-about-the-apple-watch-series-11\">Ce que j&rsquo;aime le plus dans l&rsquo;Apple Watch Series 11<\/h2>\n<p>Alors que l&rsquo;Apple Watch Series 11 est livr\u00e9e avec une nouvelle puce et des mises \u00e0 niveau \u00e0 la fois \u00e0 la dur\u00e9e de vie de la batterie et \u00e0 la connectivit\u00e9 sans fil, j&rsquo;ai d\u00e9j\u00e0 mentionn\u00e9 ce que j&rsquo;appr\u00e9cie le plus \u00e0 ce sujet. Essentiellement, j&rsquo;aime juste que cette chose soit super confortable \u00e0 porter. \u00c0 sa sortie, la s\u00e9rie 10 \u00e9tait la smartwatch la plus mince et la plus l\u00e9g\u00e8re d&rsquo;Apple, mais comme la s\u00e9rie 11 a h\u00e9rit\u00e9 de sa conception, elle est maintenant \u00e0 \u00e9galit\u00e9 avec son successeur.<\/p>\n<div class=\"eloquent-imagery-image\">\n<div class=\"flex justify-center\">\n                    <img decoding=\"async\" class=\"border border-gray-100\" src=\"https:\/\/vieassociative.be\/actualites\/wp-content\/uploads\/2025\/09\/Jadore-mon-Apple-Watch-Series-11-mais-vous-pourriez-ne.jpg\" alt=\"Apple Watch Series 10 dans le profil (\u00e0 gauche) contre Apple Watch Series 11 dans le profil (\u00e0 droite)\" width=\"2000\" height=\"1125\" loading=\"lazy\"  >\n            <\/div>\n<\/p><\/div>\n<p>Les deux ont \u00e0 peine l&rsquo;impression de porter quoi que ce soit (bien que je n&rsquo;utilise pas la s\u00e9rie 10 au quotidien, mon mari en a un qu&rsquo;il me laisse emprunter pour \u00e9crire ceci). Alors que la bosse du capteur circulaire de mon SE donne souvent l&rsquo;impression qu&rsquo;elle s&rsquo;avance dans mon poignet, les s\u00e9rie 10 et 11 se sentent \u00e0 plat sur mon poignet, gr\u00e2ce \u00e0 leurs corps plus minces. C&rsquo;est un \u00e9norme soulagement au cours d&rsquo;une p\u00e9riode prolong\u00e9e, et cela ne fait que s&rsquo;am\u00e9liorer avec les quelques grammes que Apple a assomm\u00e9s du poids.<\/p>\n<p>L&rsquo;affichage contribue \u00e9galement au confort. La s\u00e9rie 10 et la s\u00e9rie 11 ont un \u00e9cran toujours sur, et bien qu&rsquo;un \u00e9cran toujours sur a \u00e9t\u00e9 disponible d\u00e8s la s\u00e9rie 5, c&rsquo;est la premi\u00e8re fois que je l&rsquo;utilise sur une montre. L&rsquo;affichage Apple Watch a \u00e9galement obtenu 9% plus grand \u00e0 partir de la s\u00e9rie 10, donc l&rsquo;\u00e9cran de la s\u00e9rie 11 est un peu plus luxueux que quiconque dans une s\u00e9rie 9 ou avant sera habitu\u00e9.<\/p>\n<p>L&rsquo;\u00e9cran plus grand et toujours sur le confort car il est beaucoup plus grecable. Avec mon SE, j&rsquo;ai d\u00fb \u00e9lever mon poignet pour voir mon \u00e9cran de montre, et les 10 et 11 n&rsquo;en ont pas besoin. \u00c0 2000 nits de luminosit\u00e9, ils sont faciles \u00e0 voir m\u00eame si votre poignet est \u00e0 vos c\u00f4t\u00e9s et l\u00e9g\u00e8rement tourn\u00e9, et avec un taux de rafra\u00eechissement OLED et 1Hz, l&rsquo;\u00e9cran toujours \u00e0 main est capable de mettre \u00e0 jour chaque seconde sans gaspiller la dur\u00e9e de vie de la batterie inutile. Avoir mon \u00e9cran \u00e9tait probablement le plus grand d\u00e9sagr\u00e9ment d&rsquo;utiliser une smartwatch sur une montre traditionnelle pour moi, et maintenant c&rsquo;est quelque chose dont je n&rsquo;ai pas \u00e0 m&rsquo;inqui\u00e9ter du tout.<\/p>\n<div class=\"eloquent-imagery-image\">\n<div class=\"flex justify-center\">\n                    <img decoding=\"async\" class=\"border border-gray-100\" src=\"https:\/\/vieassociative.be\/actualites\/wp-content\/uploads\/2025\/09\/1758352733_531_Jadore-mon-Apple-Watch-Series-11-mais-vous-pourriez-ne.jpg\" alt=\"Affichage d'Apple Watch SE (\u00e0 gauche) contre Affichage Apple Watch Series 11 (\u00e0 droite)\" width=\"2000\" height=\"1125\" loading=\"lazy\"  >\n            <\/div>\n<\/p><\/div>\n<p>Je suis assez satisfait de l&rsquo;am\u00e9lioration du confort pour d\u00e9bourser de l&rsquo;argent pour une s\u00e9rie 11 apr\u00e8s le retour de cette unit\u00e9 d&rsquo;examen. Je craignais que, car la s\u00e9rie 11 commence \u00e0 42 mm tandis que mon SE de premi\u00e8re g\u00e9n\u00e9ration est de 40 mm, cela pourrait \u00eatre un peu trop grand. En r\u00e9alit\u00e9, bien que je pr\u00e9f\u00e8re toujours une petite montre, cela s&rsquo;est av\u00e9r\u00e9 \u00eatre la meilleure taille pour moi.<\/p>\n<h2 id=\"what-else-can-the-apple-watch-series-11-do\">Que peut faire l&rsquo;Apple Watch Series 11?<\/h2>\n<p>Si vous mettez \u00e0 niveau \u00e0 partir d&rsquo;une ancienne montre, la s\u00e9rie 11 vous donne \u00e9galement acc\u00e8s \u00e0 beaucoup plus de capteurs. Mais pour \u00eatre honn\u00eate, la plupart sont exag\u00e9r\u00e9s. Par exemple, vous pouvez l&rsquo;utiliser comme ordinateur de plong\u00e9e jusqu&rsquo;\u00e0 6 m\u00e8tres (ou environ 20 pieds), ce qui n&rsquo;est pas particuli\u00e8rement pratique pour la plupart des gens. Mais il y a des fonctionnalit\u00e9s avanc\u00e9es qui m\u00e9ritent d&rsquo;\u00eatre pris en compte.<\/p>\n<p>Tout d&rsquo;abord, il est plus facile de contr\u00f4ler cette montre intelligente que les monnaies intelligentes Apple. Avec Watchos 26, les s\u00e9ries 9, 10 et 11 ont obtenu le support \u00e0 la fois pour le film de poignet et les gestes de double robinet, et ils sont tous les deux assez pratiques. Consid\u00e9rez-les comme \u00abrejeter\u00bb et \u00abconfirmer\u00bb respectivement. Vous pouvez utiliser le film de poignet pour refuser les notifications, et bien que vous puissiez personnaliser un peu plus, l&rsquo;id\u00e9e est que vous l&rsquo;utiliserez pour d\u00e9marrer une chanson ou naviguer dans votre pile intelligente sans utiliser vos mains.<\/p>\n<p>Essentiellement, l&rsquo;objectif est que ces fonctionnalit\u00e9s vous emp\u00eachent de t\u00e2tonner avec votre \u00e9cran de montre si vous \u00eates autrement occup\u00e9. Par exemple, j&rsquo;ai re\u00e7u un appel t\u00e9l\u00e9phonique tout en travaillant avec la s\u00e9rie 11 ce matin (o\u00f9 il \u00e9tait beaucoup plus confortable sur mon poignet que mon SE), et je tourne rapidement mon poignet loin de mon corps \u00e9tait tout ce que je devais faire pour refuser l&rsquo;appel. Normalement, j&rsquo;aurais juste laiss\u00e9 sonner jusqu&rsquo;\u00e0 ce qu&rsquo;il se mette \u00e0 la messagerie vocale, donc c&rsquo;\u00e9tait une belle fa\u00e7on de me sauver la distraction.<\/p>\n<p>Mis \u00e0 part les nouveaux gestes, la s\u00e9rie 11 dispose \u00e9galement de quelques nouvelles fonctionnalit\u00e9s de sant\u00e9. Comme avec le compteur de profondeur, que vous les utiliserez d\u00e9pend de qui vous \u00eates, mais il y en a quelques-uns en particulier que je suis heureux d&rsquo;avoir. Par exemple, comme mon coll\u00e8gue Beth Skwarecki, je ne suis pas trop enthousiasm\u00e9 par le score de sommeil, qui essaie de d\u00e9composer votre qualit\u00e9 de sommeil en un seul num\u00e9ro, mais cela semble trop g\u00e9n\u00e9ralis\u00e9 pour que je puisse \u00eatre utilis\u00e9. Les notifications d&rsquo;hypertension, en revanche, sont un gros probl\u00e8me pour moi. Les notifications d&rsquo;hypertension n&rsquo;\u00e9taient pas disponibles sur mon SE (et ne sont toujours pas sur SE, d&rsquo;ailleurs). Au lieu de cela, vous avez besoin d&rsquo;une s\u00e9rie d&rsquo;Apple Watch 9 ou plus. Ce que font ces notifications, c&rsquo;est suivre passivement la fa\u00e7on dont vos vaisseaux sanguins r\u00e9agissent \u00e0 votre fr\u00e9quence cardiaque en utilisant un PPG, puis vous envoyez une notification si votre montre remarque des irr\u00e9gularit\u00e9s importantes sur une p\u00e9riode de 30 jours.<\/p>\n<p>L&rsquo;une des raisons pour lesquelles mon mari a ramass\u00e9 une Apple Watch Series 10 a \u00e9t\u00e9 afin qu&rsquo;il puisse utiliser l&rsquo;ECG pour suivre son rythme cardiaque au fil du temps, plut\u00f4t que juste au moment o\u00f9 il s&rsquo;entra\u00eenait. Cela l&rsquo;a aid\u00e9 \u00e0 comprendre que sa fr\u00e9quence cardiaque serait parfois trop \u00e9lev\u00e9e apr\u00e8s avoir bu de la caf\u00e9ine ou en se couchant, ce que son m\u00e9decin a finalement diagnostiqu\u00e9 AFIB. Il a peut-\u00eatre manqu\u00e9 cela s&rsquo;il n&rsquo;avait pas les donn\u00e9es pour le sauvegarder, mais il l&rsquo;a maintenant trait\u00e9, et dit qu&rsquo;il se sent beaucoup plus stable tout au long de la journ\u00e9e, sans pointes al\u00e9atoires (en plus, AFIB a le potentiel de devenir assez grave s&rsquo;il n&rsquo;est pas trait\u00e9, donc son m\u00e9decin est heureux qu&rsquo;il ait pu l&rsquo;attraper t\u00f4t).<\/p>\n<p>Si ces notifications d&rsquo;hypertension, qui font une chose similaire mais pour l&rsquo;hypertension art\u00e9rielle, peuvent aider mon mari \u00e0 garder son c\u0153ur en bonne sant\u00e9, alors je suis tout pour eux. Il doit v\u00e9rifier r\u00e9guli\u00e8rement sa tension art\u00e9rielle dans le cadre de son traitement en cours, et bien que l&rsquo;Apple Watch ne puisse pas lui donner des chiffres sp\u00e9cifiques, cela devrait l&rsquo;aider passivement \u00e0 d\u00e9terminer ce que ses chiffres signifient et s&rsquo;il doit \u00eatre inquiet. De plus, je suis \u00e9galement int\u00e9ress\u00e9 \u00e0 les essayer. Le CDC dit que \u00absur les 75 millions d&rsquo;Am\u00e9ricains qui souffrent d&rsquo;hypertension\u2026 environ 11 millions d&rsquo;entre eux ne savent pas que leur tension art\u00e9rielle est trop \u00e9lev\u00e9e et ne re\u00e7oit pas de traitement pour le contr\u00f4ler.\u00bb Compte tenu de la fa\u00e7on dont Apple Watch de mon mari l&rsquo;a aid\u00e9 \u00e0 diagnostiquer son AFIB, cela apporte un peu plus la tranquillit\u00e9 d&rsquo;esprit pour qu&rsquo;il v\u00e9rifie \u00e9galement l&rsquo;hypertension art\u00e9rielle.<\/p>\n<h2 id=\"whats-new-on-the-apple-watch-series-11\">Quoi de neuf sur l&rsquo;Apple Watch Series 11?<\/h2>\n<p>La prise est que l&rsquo;Apple Watch Series 11 n&rsquo;est pas le seul moyen d&rsquo;obtenir ces nouvelles fonctionnalit\u00e9s. L&rsquo;\u00e9cran mince et l\u00e9ger est sur la s\u00e9rie 10, le \u00abFlick du poignet\u00bb et le \u00abdouble robinet\u00bb sont sur la s\u00e9rie 9 et plus, tout comme les notifications d&rsquo;hypertension. La s\u00e9rie 11 est une excellente mise \u00e0 niveau sur mon SE, mais si vous avez \u00e9t\u00e9 plus \u00e0 jour avec votre Apple Watch, vous ne voudrez peut-\u00eatre pas du tout obtenir le nouveau mod\u00e8le. Vous achetez probablement la s\u00e9rie 11 pour seulement trois choses. <\/p>\n<p>Tout d&rsquo;abord, l&rsquo;Apple Watch Series 11 a un modem 5G. Actuellement, l&rsquo;Apple Watch Series 11, SE 3 et Ultra 3 sont les seules montres Apple avec une connectivit\u00e9 5G, tandis que les anciens mod\u00e8les utilisent le LTE, qui est un type de 4G. Cela signifie que ces montres sont plus rapides, mais parce que la 5G est \u00e9galement plus efficace que la 4G, vous permettra \u00e9galement d&rsquo;\u00e9conomiser une certaine dur\u00e9e de vie de la batterie lors de l&rsquo;utilisation des fonctionnalit\u00e9s en ligne. <\/p>\n<p>Deuxi\u00e8mement, la s\u00e9rie 11 a un affichage en verre Ion-X am\u00e9lior\u00e9. Cela utilise la technologie propri\u00e9taire, et Apple dit qu&rsquo;il est deux fois plus r\u00e9sistant aux rayures que la s\u00e9rie 10. Il n&rsquo;est disponible que sur des mod\u00e8les en aluminium, car les mod\u00e8les de titane utilisent \u00e0 la place un affichage de cristal saphir l\u00e9g\u00e8rement moins durable, mais il est \u00e9galement sur le SE 3 (l&rsquo;ultra 3 opte plut\u00f4t pour le cristal Sapphire).<\/p>\n<p>Et troisi\u00e8mement, la s\u00e9rie 11 a une dur\u00e9e de vie de la batterie plus longue. Bien que je n&rsquo;aie pas eu la s\u00e9rie 11 assez longtemps pour tester sa long\u00e9vit\u00e9, Apple r\u00e9clame 24 heures d&rsquo;autonomie sur la s\u00e9rie 11 (ou 38 en mode basse puissance) contre 18 heures sur la s\u00e9rie 10 (ou 36 en mode faible puissance). J&rsquo;ai un voyage \u00e0 venir, et je suis curieux de voir comment ces affirmations tiennent pendant que je m&rsquo;aventure d&rsquo;une prise pendant une longue p\u00e9riode.<\/p>\n<p>Pourtant, bien que tous ces \u00e9l\u00e9ments soient agr\u00e9ables, aucun d&rsquo;entre eux n&rsquo;est aussi flashy que, disons, le nouveau corps mince qui est venu avec la s\u00e9rie 10. De plus, si vous avez une s\u00e9rie 10 et que vous faites d\u00e9j\u00e0 attention \u00e0 gratter votre montre ou que vous n&rsquo;avez pas de plan cellulaire pour cela, alors vous n&rsquo;allez pas utiliser quoi que ce soit, mais la dur\u00e9e de vie de la batterie am\u00e9lior\u00e9e.<\/p>\n<h2 id=\"i-both-do-and-dont-recommend-the-apple-watch-series-11\">Je ne recommande pas et je ne recommande pas l&rsquo;Apple Watch Series 11<\/h2>\n<div class=\"eloquent-imagery-image\">\n<div class=\"flex justify-center\">\n                    <img decoding=\"async\" class=\"border border-gray-100\" src=\"https:\/\/vieassociative.be\/actualites\/wp-content\/uploads\/2025\/09\/1758352733_299_Jadore-mon-Apple-Watch-Series-11-mais-vous-pourriez-ne.jpg\" alt=\"Apple Watch Series 10 (\u00e0 gauche) contre Apple Watch Series 11 (\u00e0 droite)\" width=\"2000\" height=\"1125\" loading=\"lazy\"  >\n            <\/div>\n<\/p><\/div>\n<p>Ce qui m&rsquo;am\u00e8ne \u00e0 mon dernier point. L&rsquo;Apple Watch Series 11 est une bonne montre si vous avez quelques ann\u00e9es en retard sur les mises \u00e0 niveau, mais cela vaut probablement la peine de sauter si vous avez une s\u00e9rie 10. Cela a \u00e9t\u00e9 une am\u00e9lioration majeure de la qualit\u00e9 de vie pour ma premi\u00e8re g\u00e9n\u00e9ration de SE, qui est sorti en 2020, mais si ce n&rsquo;\u00e9tait pas une couleur diff\u00e9rente de la s\u00e9rie 10, mon mari n&rsquo;aurait peut-\u00eatre pas pu le dire de ce qu&rsquo;il avait d\u00e9j\u00e0.<\/p>\n<p>C&rsquo;est pourquoi, une fois que je dois retourner cette unit\u00e9 d&rsquo;examen, je d\u00e9penserai probablement les 400 $ pour en obtenir un. C&rsquo;est le m\u00eame prix que la s\u00e9rie 10 a \u00e9t\u00e9 jusqu&rsquo;\u00e0 pr\u00e9sent, et bien que vous puissiez actuellement trouver la s\u00e9rie 10 \u00e0 une r\u00e9duction l\u00e9g\u00e8re chez des d\u00e9taillants tiers, la nouvelle dur\u00e9e de vie de la batterie vaut probablement les 40 \u00e0 50 $ suppl\u00e9mentaires pour moi. Mais mon mari, en revanche, continuera de donner des coups de pied avec ce qui est d\u00e9j\u00e0 sur son poignet.<\/p>\n<p>Je suppose que c&rsquo;est ce que beaucoup d&rsquo;autres personnes feront: mettre \u00e0 niveau si vous avez quelques ann\u00e9es, mais attendez. Mais il y a une autre option. (Eh bien, OK, deux options si vous souhaitez devenir premium et obtenir l&rsquo;Apple Watch Ultra 3 de 800 $). Vous pouvez simplement obtenir une Apple Watch SE 3 \u00e0 la place. Sortie aux c\u00f4t\u00e9s de la s\u00e9rie 11, il s&rsquo;agit d&rsquo;une mise \u00e0 niveau majeure par rapport au SE 2, \u00e0 partir de 250 $ et \u00e0 la mise \u00e0 niveau de ce mod\u00e8le pour inclure un affichage toujours activ\u00e9, des notifications d&rsquo;apn\u00e9e du sommeil, une d\u00e9tection de temp\u00e9rature, une 5G, un charge rapide et \u00e0 la fois le film de poignet et les notifications de Double Tap. Mais ce n&rsquo;est pas aussi mince que l&rsquo;Apple Watch Series 11, l&rsquo;\u00e9cran n&rsquo;est pas aussi grand, et il ne peut pas faire de notifications de suivi ou d&rsquo;hypertension ECG. J&rsquo;ai \u00e9t\u00e9 tellement g\u00e2t\u00e9 par la s\u00e9rie 11 que je ne suis pas s\u00fbr de pouvoir me contenter de cela, mais pour d&rsquo;autres, ce pourrait \u00eatre juste le point id\u00e9al.<\/p>\n","protected":false},"excerpt":{"rendered":"<p>Dans quelle mesure votre derni\u00e8re mise \u00e0 niveau d&rsquo;Apple Watch a-t-elle \u00e9t\u00e9 r\u00e9cente? Saviez-vous que vous pouvez personnaliser Google pour filtrer les ordures? Prendre ces<\/p>\n","protected":false},"author":1,"featured_media":10146,"comment_status":"","ping_status":"","sticky":false,"template":"","format":"standard","meta":{"footnotes":""},"categories":[13],"tags":[54,1687,156,49,126,1804,1397,4,55],"class_list":["post-10154","post","type-post","status-publish","format-standard","has-post-thumbnail","hentry","category-technologie","tag-apple","tag-jadore","tag-mais","tag-mon","tag-pas","tag-pourriez","tag-series","tag-vous","tag-watch","generate-columns","tablet-grid-50","mobile-grid-100","grid-parent","grid-33"],"yoast_head":"<!-- This site is optimized with the Yoast SEO plugin v24.0 - https:\/\/yoast.com\/wordpress\/plugins\/seo\/ -->\n<title>J&#039;adore mon Apple Watch Series 11, mais vous pourriez ne pas | Vie Associative<\/title>\n<meta name=\"robots\" content=\"index, follow, max-snippet:-1, max-image-preview:large, max-video-preview:-1\" \/>\n<link rel=\"canonical\" href=\"https:\/\/vieassociative.be\/actualites\/jadore-mon-apple-watch-series-11-mais-vous-pourriez-ne-pas-2\/\" \/>\n<meta property=\"og:locale\" content=\"fr_FR\" \/>\n<meta property=\"og:type\" content=\"article\" \/>\n<meta property=\"og:title\" content=\"J&#039;adore mon Apple Watch Series 11, mais vous pourriez ne pas | Vie Associative\" \/>\n<meta property=\"og:description\" content=\"Dans quelle mesure votre derni\u00e8re mise \u00e0 niveau d&rsquo;Apple Watch a-t-elle \u00e9t\u00e9 r\u00e9cente? Saviez-vous que vous pouvez personnaliser Google pour filtrer les ordures? Prendre ces\" \/>\n<meta property=\"og:url\" content=\"https:\/\/vieassociative.be\/actualites\/jadore-mon-apple-watch-series-11-mais-vous-pourriez-ne-pas-2\/\" \/>\n<meta property=\"og:site_name\" content=\"Vie Associative\" \/>\n<meta property=\"article:published_time\" content=\"2025-09-20T23:17:06+00:00\" \/>\n<meta property=\"og:image\" content=\"https:\/\/vieassociative.be\/actualites\/wp-content\/uploads\/2025\/09\/1757726237_608_Meta-pourrait-devoiler-une-montre-intelligente-pour-controler-ses-lunettes.jpg\" \/>\n<meta name=\"author\" content=\"Julien\" \/>\n<meta name=\"twitter:card\" content=\"summary_large_image\" \/>\n<meta name=\"twitter:label1\" content=\"\u00c9crit par\" \/>\n\t<meta name=\"twitter:data1\" content=\"Julien\" \/>\n\t<meta name=\"twitter:label2\" content=\"Dur\u00e9e de lecture est.\" \/>\n\t<meta name=\"twitter:data2\" content=\"11 minutes\" \/>\n<script type=\"application\/ld+json\" class=\"yoast-schema-graph\">{\"@context\":\"https:\/\/schema.org\",\"@graph\":[{\"@type\":\"Article\",\"@id\":\"https:\/\/vieassociative.be\/actualites\/jadore-mon-apple-watch-series-11-mais-vous-pourriez-ne-pas-2\/#article\",\"isPartOf\":{\"@id\":\"https:\/\/vieassociative.be\/actualites\/jadore-mon-apple-watch-series-11-mais-vous-pourriez-ne-pas-2\/\"},\"author\":{\"name\":\"Julien\",\"@id\":\"https:\/\/vieassociative.be\/actualites\/#\/schema\/person\/b87ac4f82f9d4e7b7cec7395b679edc4\"},\"headline\":\"J&rsquo;adore mon Apple Watch Series 11, mais vous pourriez ne pas\",\"datePublished\":\"2025-09-20T23:17:06+00:00\",\"dateModified\":\"2025-09-20T23:17:06+00:00\",\"mainEntityOfPage\":{\"@id\":\"https:\/\/vieassociative.be\/actualites\/jadore-mon-apple-watch-series-11-mais-vous-pourriez-ne-pas-2\/\"},\"wordCount\":2396,\"publisher\":{\"@id\":\"https:\/\/vieassociative.be\/actualites\/#organization\"},\"image\":{\"@id\":\"https:\/\/vieassociative.be\/actualites\/jadore-mon-apple-watch-series-11-mais-vous-pourriez-ne-pas-2\/#primaryimage\"},\"thumbnailUrl\":\"https:\/\/vieassociative.be\/actualites\/wp-content\/uploads\/2025\/09\/1758352734_Jadore-mon-Apple-Watch-Series-11-mais-vous-pourriez-ne.jpg\",\"keywords\":[\"Apple\",\"Jadore\",\"mais\",\"Mon\",\"pas\",\"pourriez\",\"s\u00e9ries\",\"Vous\",\"Watch\"],\"articleSection\":[\"Technologie\"],\"inLanguage\":\"fr-BE\"},{\"@type\":\"WebPage\",\"@id\":\"https:\/\/vieassociative.be\/actualites\/jadore-mon-apple-watch-series-11-mais-vous-pourriez-ne-pas-2\/\",\"url\":\"https:\/\/vieassociative.be\/actualites\/jadore-mon-apple-watch-series-11-mais-vous-pourriez-ne-pas-2\/\",\"name\":\"J'adore mon Apple Watch Series 11, mais vous pourriez ne pas | Vie Associative\",\"isPartOf\":{\"@id\":\"https:\/\/vieassociative.be\/actualites\/#website\"},\"primaryImageOfPage\":{\"@id\":\"https:\/\/vieassociative.be\/actualites\/jadore-mon-apple-watch-series-11-mais-vous-pourriez-ne-pas-2\/#primaryimage\"},\"image\":{\"@id\":\"https:\/\/vieassociative.be\/actualites\/jadore-mon-apple-watch-series-11-mais-vous-pourriez-ne-pas-2\/#primaryimage\"},\"thumbnailUrl\":\"https:\/\/vieassociative.be\/actualites\/wp-content\/uploads\/2025\/09\/1758352734_Jadore-mon-Apple-Watch-Series-11-mais-vous-pourriez-ne.jpg\",\"datePublished\":\"2025-09-20T23:17:06+00:00\",\"dateModified\":\"2025-09-20T23:17:06+00:00\",\"breadcrumb\":{\"@id\":\"https:\/\/vieassociative.be\/actualites\/jadore-mon-apple-watch-series-11-mais-vous-pourriez-ne-pas-2\/#breadcrumb\"},\"inLanguage\":\"fr-BE\",\"potentialAction\":[{\"@type\":\"ReadAction\",\"target\":[\"https:\/\/vieassociative.be\/actualites\/jadore-mon-apple-watch-series-11-mais-vous-pourriez-ne-pas-2\/\"]}]},{\"@type\":\"ImageObject\",\"inLanguage\":\"fr-BE\",\"@id\":\"https:\/\/vieassociative.be\/actualites\/jadore-mon-apple-watch-series-11-mais-vous-pourriez-ne-pas-2\/#primaryimage\",\"url\":\"https:\/\/vieassociative.be\/actualites\/wp-content\/uploads\/2025\/09\/1758352734_Jadore-mon-Apple-Watch-Series-11-mais-vous-pourriez-ne.jpg\",\"contentUrl\":\"https:\/\/vieassociative.be\/actualites\/wp-content\/uploads\/2025\/09\/1758352734_Jadore-mon-Apple-Watch-Series-11-mais-vous-pourriez-ne.jpg\",\"width\":1200,\"height\":675,\"caption\":\"J'adore mon Apple Watch Series 11, mais vous pourriez ne pas\"},{\"@type\":\"BreadcrumbList\",\"@id\":\"https:\/\/vieassociative.be\/actualites\/jadore-mon-apple-watch-series-11-mais-vous-pourriez-ne-pas-2\/#breadcrumb\",\"itemListElement\":[{\"@type\":\"ListItem\",\"position\":1,\"name\":\"Accueil\",\"item\":\"https:\/\/vieassociative.be\/actualites\/\"},{\"@type\":\"ListItem\",\"position\":2,\"name\":\"J&rsquo;adore mon Apple Watch Series 11, mais vous pourriez ne pas\"}]},{\"@type\":\"WebSite\",\"@id\":\"https:\/\/vieassociative.be\/actualites\/#website\",\"url\":\"https:\/\/vieassociative.be\/actualites\/\",\"name\":\"Vie Associative\",\"description\":\"\",\"publisher\":{\"@id\":\"https:\/\/vieassociative.be\/actualites\/#organization\"},\"potentialAction\":[{\"@type\":\"SearchAction\",\"target\":{\"@type\":\"EntryPoint\",\"urlTemplate\":\"https:\/\/vieassociative.be\/actualites\/?s={search_term_string}\"},\"query-input\":{\"@type\":\"PropertyValueSpecification\",\"valueRequired\":true,\"valueName\":\"search_term_string\"}}],\"inLanguage\":\"fr-BE\"},{\"@type\":\"Organization\",\"@id\":\"https:\/\/vieassociative.be\/actualites\/#organization\",\"name\":\"Vie Associative\",\"url\":\"https:\/\/vieassociative.be\/actualites\/\",\"logo\":{\"@type\":\"ImageObject\",\"inLanguage\":\"fr-BE\",\"@id\":\"https:\/\/vieassociative.be\/actualites\/#\/schema\/logo\/image\/\",\"url\":\"https:\/\/vieassociative.be\/actualites\/wp-content\/uploads\/2024\/09\/cropped-vieassociative_favicon.ico.png\",\"contentUrl\":\"https:\/\/vieassociative.be\/actualites\/wp-content\/uploads\/2024\/09\/cropped-vieassociative_favicon.ico.png\",\"width\":512,\"height\":512,\"caption\":\"Vie Associative\"},\"image\":{\"@id\":\"https:\/\/vieassociative.be\/actualites\/#\/schema\/logo\/image\/\"}},{\"@type\":\"Person\",\"@id\":\"https:\/\/vieassociative.be\/actualites\/#\/schema\/person\/b87ac4f82f9d4e7b7cec7395b679edc4\",\"name\":\"Julien\",\"image\":{\"@type\":\"ImageObject\",\"inLanguage\":\"fr-BE\",\"@id\":\"https:\/\/vieassociative.be\/actualites\/#\/schema\/person\/image\/\",\"url\":\"https:\/\/vieassociative.be\/actualites\/wp-content\/uploads\/2024\/09\/vie-associative-1-150x150.jpg\",\"contentUrl\":\"https:\/\/vieassociative.be\/actualites\/wp-content\/uploads\/2024\/09\/vie-associative-1-150x150.jpg\",\"caption\":\"Julien\"},\"description\":\"Je suis Julien, r\u00e9dacteur pour Vie Associative. Passionn\u00e9 par le monde associatif depuis plus de 10 ans, j'ai \u00e0 c\u0153ur de partager des histoires inspirantes et de mettre en lumi\u00e8re les initiatives locales. Mon objectif est de sensibiliser et d'encourager l'engagement communautaire \u00e0 travers mes articles.\",\"sameAs\":[\"https:\/\/vieassociative.be\/\"]}]}<\/script>\n<!-- \/ Yoast SEO plugin. -->","yoast_head_json":{"title":"J'adore mon Apple Watch Series 11, mais vous pourriez ne pas | Vie Associative","robots":{"index":"index","follow":"follow","max-snippet":"max-snippet:-1","max-image-preview":"max-image-preview:large","max-video-preview":"max-video-preview:-1"},"canonical":"https:\/\/vieassociative.be\/actualites\/jadore-mon-apple-watch-series-11-mais-vous-pourriez-ne-pas-2\/","og_locale":"fr_FR","og_type":"article","og_title":"J'adore mon Apple Watch Series 11, mais vous pourriez ne pas | Vie Associative","og_description":"Dans quelle mesure votre derni\u00e8re mise \u00e0 niveau d&rsquo;Apple Watch a-t-elle \u00e9t\u00e9 r\u00e9cente? Saviez-vous que vous pouvez personnaliser Google pour filtrer les ordures? Prendre ces","og_url":"https:\/\/vieassociative.be\/actualites\/jadore-mon-apple-watch-series-11-mais-vous-pourriez-ne-pas-2\/","og_site_name":"Vie Associative","article_published_time":"2025-09-20T23:17:06+00:00","og_image":[{"url":"https:\/\/vieassociative.be\/actualites\/wp-content\/uploads\/2025\/09\/1757726237_608_Meta-pourrait-devoiler-une-montre-intelligente-pour-controler-ses-lunettes.jpg","type":"","width":"","height":""}],"author":"Julien","twitter_card":"summary_large_image","twitter_misc":{"\u00c9crit par":"Julien","Dur\u00e9e de lecture est.":"11 minutes"},"schema":{"@context":"https:\/\/schema.org","@graph":[{"@type":"Article","@id":"https:\/\/vieassociative.be\/actualites\/jadore-mon-apple-watch-series-11-mais-vous-pourriez-ne-pas-2\/#article","isPartOf":{"@id":"https:\/\/vieassociative.be\/actualites\/jadore-mon-apple-watch-series-11-mais-vous-pourriez-ne-pas-2\/"},"author":{"name":"Julien","@id":"https:\/\/vieassociative.be\/actualites\/#\/schema\/person\/b87ac4f82f9d4e7b7cec7395b679edc4"},"headline":"J&rsquo;adore mon Apple Watch Series 11, mais vous pourriez ne pas","datePublished":"2025-09-20T23:17:06+00:00","dateModified":"2025-09-20T23:17:06+00:00","mainEntityOfPage":{"@id":"https:\/\/vieassociative.be\/actualites\/jadore-mon-apple-watch-series-11-mais-vous-pourriez-ne-pas-2\/"},"wordCount":2396,"publisher":{"@id":"https:\/\/vieassociative.be\/actualites\/#organization"},"image":{"@id":"https:\/\/vieassociative.be\/actualites\/jadore-mon-apple-watch-series-11-mais-vous-pourriez-ne-pas-2\/#primaryimage"},"thumbnailUrl":"https:\/\/vieassociative.be\/actualites\/wp-content\/uploads\/2025\/09\/1758352734_Jadore-mon-Apple-Watch-Series-11-mais-vous-pourriez-ne.jpg","keywords":["Apple","Jadore","mais","Mon","pas","pourriez","s\u00e9ries","Vous","Watch"],"articleSection":["Technologie"],"inLanguage":"fr-BE"},{"@type":"WebPage","@id":"https:\/\/vieassociative.be\/actualites\/jadore-mon-apple-watch-series-11-mais-vous-pourriez-ne-pas-2\/","url":"https:\/\/vieassociative.be\/actualites\/jadore-mon-apple-watch-series-11-mais-vous-pourriez-ne-pas-2\/","name":"J'adore mon Apple Watch Series 11, mais vous pourriez ne pas | Vie Associative","isPartOf":{"@id":"https:\/\/vieassociative.be\/actualites\/#website"},"primaryImageOfPage":{"@id":"https:\/\/vieassociative.be\/actualites\/jadore-mon-apple-watch-series-11-mais-vous-pourriez-ne-pas-2\/#primaryimage"},"image":{"@id":"https:\/\/vieassociative.be\/actualites\/jadore-mon-apple-watch-series-11-mais-vous-pourriez-ne-pas-2\/#primaryimage"},"thumbnailUrl":"https:\/\/vieassociative.be\/actualites\/wp-content\/uploads\/2025\/09\/1758352734_Jadore-mon-Apple-Watch-Series-11-mais-vous-pourriez-ne.jpg","datePublished":"2025-09-20T23:17:06+00:00","dateModified":"2025-09-20T23:17:06+00:00","breadcrumb":{"@id":"https:\/\/vieassociative.be\/actualites\/jadore-mon-apple-watch-series-11-mais-vous-pourriez-ne-pas-2\/#breadcrumb"},"inLanguage":"fr-BE","potentialAction":[{"@type":"ReadAction","target":["https:\/\/vieassociative.be\/actualites\/jadore-mon-apple-watch-series-11-mais-vous-pourriez-ne-pas-2\/"]}]},{"@type":"ImageObject","inLanguage":"fr-BE","@id":"https:\/\/vieassociative.be\/actualites\/jadore-mon-apple-watch-series-11-mais-vous-pourriez-ne-pas-2\/#primaryimage","url":"https:\/\/vieassociative.be\/actualites\/wp-content\/uploads\/2025\/09\/1758352734_Jadore-mon-Apple-Watch-Series-11-mais-vous-pourriez-ne.jpg","contentUrl":"https:\/\/vieassociative.be\/actualites\/wp-content\/uploads\/2025\/09\/1758352734_Jadore-mon-Apple-Watch-Series-11-mais-vous-pourriez-ne.jpg","width":1200,"height":675,"caption":"J'adore mon Apple Watch Series 11, mais vous pourriez ne pas"},{"@type":"BreadcrumbList","@id":"https:\/\/vieassociative.be\/actualites\/jadore-mon-apple-watch-series-11-mais-vous-pourriez-ne-pas-2\/#breadcrumb","itemListElement":[{"@type":"ListItem","position":1,"name":"Accueil","item":"https:\/\/vieassociative.be\/actualites\/"},{"@type":"ListItem","position":2,"name":"J&rsquo;adore mon Apple Watch Series 11, mais vous pourriez ne pas"}]},{"@type":"WebSite","@id":"https:\/\/vieassociative.be\/actualites\/#website","url":"https:\/\/vieassociative.be\/actualites\/","name":"Vie Associative","description":"","publisher":{"@id":"https:\/\/vieassociative.be\/actualites\/#organization"},"potentialAction":[{"@type":"SearchAction","target":{"@type":"EntryPoint","urlTemplate":"https:\/\/vieassociative.be\/actualites\/?s={search_term_string}"},"query-input":{"@type":"PropertyValueSpecification","valueRequired":true,"valueName":"search_term_string"}}],"inLanguage":"fr-BE"},{"@type":"Organization","@id":"https:\/\/vieassociative.be\/actualites\/#organization","name":"Vie Associative","url":"https:\/\/vieassociative.be\/actualites\/","logo":{"@type":"ImageObject","inLanguage":"fr-BE","@id":"https:\/\/vieassociative.be\/actualites\/#\/schema\/logo\/image\/","url":"https:\/\/vieassociative.be\/actualites\/wp-content\/uploads\/2024\/09\/cropped-vieassociative_favicon.ico.png","contentUrl":"https:\/\/vieassociative.be\/actualites\/wp-content\/uploads\/2024\/09\/cropped-vieassociative_favicon.ico.png","width":512,"height":512,"caption":"Vie Associative"},"image":{"@id":"https:\/\/vieassociative.be\/actualites\/#\/schema\/logo\/image\/"}},{"@type":"Person","@id":"https:\/\/vieassociative.be\/actualites\/#\/schema\/person\/b87ac4f82f9d4e7b7cec7395b679edc4","name":"Julien","image":{"@type":"ImageObject","inLanguage":"fr-BE","@id":"https:\/\/vieassociative.be\/actualites\/#\/schema\/person\/image\/","url":"https:\/\/vieassociative.be\/actualites\/wp-content\/uploads\/2024\/09\/vie-associative-1-150x150.jpg","contentUrl":"https:\/\/vieassociative.be\/actualites\/wp-content\/uploads\/2024\/09\/vie-associative-1-150x150.jpg","caption":"Julien"},"description":"Je suis Julien, r\u00e9dacteur pour Vie Associative. Passionn\u00e9 par le monde associatif depuis plus de 10 ans, j'ai \u00e0 c\u0153ur de partager des histoires inspirantes et de mettre en lumi\u00e8re les initiatives locales. Mon objectif est de sensibiliser et d'encourager l'engagement communautaire \u00e0 travers mes articles.","sameAs":["https:\/\/vieassociative.be\/"]}]}},"_links":{"self":[{"href":"https:\/\/vieassociative.be\/actualites\/wp-json\/wp\/v2\/posts\/10154"}],"collection":[{"href":"https:\/\/vieassociative.be\/actualites\/wp-json\/wp\/v2\/posts"}],"about":[{"href":"https:\/\/vieassociative.be\/actualites\/wp-json\/wp\/v2\/types\/post"}],"author":[{"embeddable":true,"href":"https:\/\/vieassociative.be\/actualites\/wp-json\/wp\/v2\/users\/1"}],"replies":[{"embeddable":true,"href":"https:\/\/vieassociative.be\/actualites\/wp-json\/wp\/v2\/comments?post=10154"}],"version-history":[{"count":0,"href":"https:\/\/vieassociative.be\/actualites\/wp-json\/wp\/v2\/posts\/10154\/revisions"}],"wp:featuredmedia":[{"embeddable":true,"href":"https:\/\/vieassociative.be\/actualites\/wp-json\/wp\/v2\/media\/10146"}],"wp:attachment":[{"href":"https:\/\/vieassociative.be\/actualites\/wp-json\/wp\/v2\/media?parent=10154"}],"wp:term":[{"taxonomy":"category","embeddable":true,"href":"https:\/\/vieassociative.be\/actualites\/wp-json\/wp\/v2\/categories?post=10154"},{"taxonomy":"post_tag","embeddable":true,"href":"https:\/\/vieassociative.be\/actualites\/wp-json\/wp\/v2\/tags?post=10154"}],"curies":[{"name":"wp","href":"https:\/\/api.w.org\/{rel}","templated":true}]}}