{"id":10152,"date":"2025-09-20T22:17:06","date_gmt":"2025-09-20T20:17:06","guid":{"rendered":"https:\/\/vieassociative.be\/actualites\/amortisseurs-pour-as-eupen-seulement-0-0-contre-patro-eisden\/"},"modified":"2025-09-20T22:17:06","modified_gmt":"2025-09-20T20:17:06","slug":"amortisseurs-pour-as-eupen-seulement-0-0-contre-patro-eisden","status":"publish","type":"post","link":"https:\/\/vieassociative.be\/actualites\/amortisseurs-pour-as-eupen-seulement-0-0-contre-patro-eisden\/","title":{"rendered":"Amortisseurs pour As Eupen &#8211; Seulement 0-0 contre Patro Eisden"},"content":{"rendered":"<p><strong>Apr\u00e8s deux victoires cons\u00e9cutives dans le championnat, l&rsquo;\u00e9quipe de football de la deuxi\u00e8me division en tant qu&rsquo;Eupen a d\u00fb accepter un amortisseur: samedi, le noir et blanc contre Patro Eisden a d\u00fb \u00eatre satisfait d&rsquo;un 0-0, ce qui ne les aide pas vraiment. Le plus d\u00fb beaucoup, surtout en premi\u00e8re mi-temps.<\/strong><\/p>\n<p><span id=\"more-424997\"><\/span>Une victoire du noir et blanc \u00e9tait en fait obligatoire si Eupen ne voulait pas perdre les deux t\u00e9nors KV Kortrijk et Sk Beveren.<\/p>\n<p>Alors que l&rsquo;entra\u00eeneur Bruno Pinheiro a fait un changement par rapport \u00e0 la rencontre des Francs Borains. Pour Ateri, Prunier se tenait dans les onze de d\u00e9part d\u00e8s le d\u00e9but, qui se pr\u00e9sentait comme suit: Hiller-Kennedy, Paeshuyse, Plastun, Van Genecht-Bar\u00e8s, M\u00fcller, M\u00f6hwald, Delaurier-Chaubet-nuhu, Prucier.<\/p>\n<div id=\"attachment_424493\" class=\"wp-caption alignleft\" style=\"max-width: 200px\"><img fetchpriority=\"high\" decoding=\"async\" class=\"wp-image-424493 size-medium\" src=\"https:\/\/vieassociative.be\/actualites\/wp-content\/uploads\/2025\/09\/30.jpg\" alt=\"\" width=\"200\" height=\"300\"  ><\/div>\n<p>Comme pr\u00e9vu, les ex-Eeupen Peeters se tenaient dans la formation pr\u00e9coce de l&rsquo;entra\u00eeneur Stijn Stijnen, qui n&rsquo;\u00e9tait pas autoris\u00e9 \u00e0 \u00eatre lui-m\u00eame en marge \u00e0 cause d&rsquo;un verrou de plusieurs matchs, mais a d\u00fb suivre le jeu des tribunes.<\/p>\n<p>Les premi\u00e8res sc\u00e8nes dangereuses avaient des glaces. \u00c0 un tir long, le ballon vient de passer le but de Hiller, qui a \u00e9galement d\u00fb parir deux balles suppl\u00e9mentaires. Alors Eupen a \u00e9t\u00e9 averti.<\/p>\n<p>\u00c0 la 14e minute, Prunier a agi un premier carton jaune. \u00c0 la 16e minute, un coup franc de Peeters vient de passer le but. \u00c0 la 18e minute, il y avait du jaune pour Eupen pour la deuxi\u00e8me fois, cette fois pour Kennedy. <\/p>\n<p>Eisden \u00e9tait la meilleure \u00e9quipe de cette phase initiale, bien que le Limburger ait g\u00e9n\u00e9ralement tendance \u00e0 quitter l&rsquo;initiative \u00e0 l&rsquo;adversaire. Au d\u00e9but, il n&rsquo;y avait aucun danger d&rsquo;Eupen. L&rsquo;AS pourrait \u00eatre heureux qu&rsquo;Eisden ait montr\u00e9 des faiblesses \u00e0 la fin. C&rsquo;est seulement pourquoi il \u00e9tait encore 0: 0 apr\u00e8s une demi-heure.<\/p>\n<p>Ce n&rsquo;est qu&rsquo;apr\u00e8s 38 minutes qui ont fait ses premi\u00e8res chances, les deux fois \u00e0 travers Nuhu, qui n&rsquo;a d&rsquo;abord que frapp\u00e9 le poteau et a ensuite rat\u00e9 de justesse l&rsquo;objectif. Il est rest\u00e9 \u00e0 0-0 jusqu&rsquo;\u00e0 la pause. Eisden a eu le plus de contacts de balle, mais Eupen les deux chances les plus \u00e9paisses.<\/p>\n<p>On s&rsquo;attendait \u00e0 ce que l&rsquo;entra\u00eeneur d&rsquo;Eupen Pinheiro de la faible premi\u00e8re moiti\u00e9 de son \u00e9quipe prenne des cons\u00e9quences. Peut-\u00eatre qu&rsquo;il remplacerait les deux joueurs, qui est accabl\u00e9 par le jaune, la prunier et le Kennedy.<\/p>\n<\/p>\n<div id=\"attachment_422095\" class=\"wp-caption alignleft\" style=\"max-width: 300px\"><img decoding=\"async\" class=\"wp-image-422095 size-medium\" src=\"https:\/\/vieassociative.be\/actualites\/wp-content\/uploads\/2025\/08\/2-0-Debut-de-la-victoire-pour-As-Eupen-contre-FC.jpg\" alt=\"\" width=\"300\" height=\"200\"><\/div>\n<p>Contrairement aux attentes, il n&rsquo;y a eu initialement aucun changement dans Eupen ou Eisden. \u00c0 la 54e minute, il y a eu le changement qui avait d\u00e9j\u00e0 \u00e9t\u00e9 attendu au d\u00e9but de la seconde moiti\u00e9: Ateri est venu pour Prunier et Gavory pour Kennedy.<\/p>\n<p>Au deuxi\u00e8me tour, les invit\u00e9s se sont retir\u00e9s et ont laiss\u00e9 le jeu aux Eupeners. Apr\u00e8s une heure, Eupen a eu de la chance: les invit\u00e9s se sont plaints d&rsquo;une p\u00e9nalit\u00e9, mais il n&rsquo;a pas \u00e9t\u00e9 accord\u00e9. Peu de temps apr\u00e8s, le rempla\u00e7ant Ateri a \u00e9galement \u00e9t\u00e9 montr\u00e9 le carton jaune.<\/p>\n<p>\u00c0 la 75e minute, le rempla\u00e7ant Busquets a rat\u00e9 le but. \u00c0 la 78e minute, Pinheiro Caliskan a apport\u00e9 M\u00fcller.<\/p>\n<p>Dans la phase finale, l&rsquo;AS a pouss\u00e9 le but gagnant, mais pas beaucoup, tandis que les invit\u00e9s se cachaient \u00e0 la contre-attaque. Cependant, la cr\u00e8me glac\u00e9e est rest\u00e9e faible \u00e0 la fin. Il est donc rest\u00e9 0-0.<\/p>\n<p>Une semaine anglaise attend maintenant le comme avec deux matchs \u00e0 l&rsquo;ext\u00e9rieur: mardi \u00e0 Lokerren et samedi \u00e0 KV Kortrijk. (Cre)<\/p>\n","protected":false},"excerpt":{"rendered":"<p>Apr\u00e8s deux victoires cons\u00e9cutives dans le championnat, l&rsquo;\u00e9quipe de football de la deuxi\u00e8me division en tant qu&rsquo;Eupen a d\u00fb accepter un amortisseur: samedi, le noir<\/p>\n","protected":false},"author":1,"featured_media":10153,"comment_status":"","ping_status":"","sticky":false,"template":"","format":"standard","meta":{"footnotes":""},"categories":[298],"tags":[8359,796,3043,2329,3042,81,2583],"class_list":["post-10152","post","type-post","status-publish","format-standard","has-post-thumbnail","hentry","category-belgique","tag-amortisseurs","tag-contre","tag-eisden","tag-eupen","tag-patro","tag-pour","tag-seulement","generate-columns","tablet-grid-50","mobile-grid-100","grid-parent","grid-33"],"yoast_head":"<!-- This site is optimized with the Yoast SEO plugin v24.0 - https:\/\/yoast.com\/wordpress\/plugins\/seo\/ -->\n<title>Amortisseurs pour As Eupen - Seulement 0-0 contre Patro Eisden | Vie Associative<\/title>\n<meta name=\"robots\" content=\"index, follow, max-snippet:-1, max-image-preview:large, max-video-preview:-1\" \/>\n<link rel=\"canonical\" href=\"https:\/\/vieassociative.be\/actualites\/amortisseurs-pour-as-eupen-seulement-0-0-contre-patro-eisden\/\" \/>\n<meta property=\"og:locale\" content=\"fr_FR\" \/>\n<meta property=\"og:type\" content=\"article\" \/>\n<meta property=\"og:title\" content=\"Amortisseurs pour As Eupen - Seulement 0-0 contre Patro Eisden | Vie Associative\" \/>\n<meta property=\"og:description\" content=\"Apr\u00e8s deux victoires cons\u00e9cutives dans le championnat, l&rsquo;\u00e9quipe de football de la deuxi\u00e8me division en tant qu&rsquo;Eupen a d\u00fb accepter un amortisseur: samedi, le noir\" \/>\n<meta property=\"og:url\" content=\"https:\/\/vieassociative.be\/actualites\/amortisseurs-pour-as-eupen-seulement-0-0-contre-patro-eisden\/\" \/>\n<meta property=\"og:site_name\" content=\"Vie Associative\" \/>\n<meta property=\"article:published_time\" content=\"2025-09-20T20:17:06+00:00\" \/>\n<meta property=\"og:image\" content=\"https:\/\/vieassociative.be\/actualites\/wp-content\/uploads\/2024\/09\/header_backgroundk-01-e1726694325946.png\" \/>\n\t<meta property=\"og:image:width\" content=\"279\" \/>\n\t<meta property=\"og:image:height\" content=\"92\" \/>\n\t<meta property=\"og:image:type\" content=\"image\/png\" \/>\n<meta name=\"author\" content=\"Julien\" \/>\n<meta name=\"twitter:card\" content=\"summary_large_image\" \/>\n<meta name=\"twitter:label1\" content=\"\u00c9crit par\" \/>\n\t<meta name=\"twitter:data1\" content=\"Julien\" \/>\n\t<meta name=\"twitter:label2\" content=\"Dur\u00e9e de lecture est.\" \/>\n\t<meta name=\"twitter:data2\" content=\"3 minutes\" \/>\n<script type=\"application\/ld+json\" class=\"yoast-schema-graph\">{\"@context\":\"https:\/\/schema.org\",\"@graph\":[{\"@type\":\"Article\",\"@id\":\"https:\/\/vieassociative.be\/actualites\/amortisseurs-pour-as-eupen-seulement-0-0-contre-patro-eisden\/#article\",\"isPartOf\":{\"@id\":\"https:\/\/vieassociative.be\/actualites\/amortisseurs-pour-as-eupen-seulement-0-0-contre-patro-eisden\/\"},\"author\":{\"name\":\"Julien\",\"@id\":\"https:\/\/vieassociative.be\/actualites\/#\/schema\/person\/b87ac4f82f9d4e7b7cec7395b679edc4\"},\"headline\":\"Amortisseurs pour As Eupen &#8211; Seulement 0-0 contre Patro Eisden\",\"datePublished\":\"2025-09-20T20:17:06+00:00\",\"dateModified\":\"2025-09-20T20:17:06+00:00\",\"mainEntityOfPage\":{\"@id\":\"https:\/\/vieassociative.be\/actualites\/amortisseurs-pour-as-eupen-seulement-0-0-contre-patro-eisden\/\"},\"wordCount\":614,\"publisher\":{\"@id\":\"https:\/\/vieassociative.be\/actualites\/#organization\"},\"image\":{\"@id\":\"https:\/\/vieassociative.be\/actualites\/amortisseurs-pour-as-eupen-seulement-0-0-contre-patro-eisden\/#primaryimage\"},\"thumbnailUrl\":\"https:\/\/vieassociative.be\/actualites\/wp-content\/uploads\/2025\/09\/Amortisseurs-pour-As-Eupen-Seulement-0-0-contre-Patro-Eisden.jpg\",\"keywords\":[\"amortisseurs\",\"contre\",\"Eisden\",\"Eupen\",\"Patro\",\"pour\",\"seulement\"],\"articleSection\":[\"Belgique\"],\"inLanguage\":\"fr-BE\"},{\"@type\":\"WebPage\",\"@id\":\"https:\/\/vieassociative.be\/actualites\/amortisseurs-pour-as-eupen-seulement-0-0-contre-patro-eisden\/\",\"url\":\"https:\/\/vieassociative.be\/actualites\/amortisseurs-pour-as-eupen-seulement-0-0-contre-patro-eisden\/\",\"name\":\"Amortisseurs pour As Eupen - Seulement 0-0 contre Patro Eisden | Vie Associative\",\"isPartOf\":{\"@id\":\"https:\/\/vieassociative.be\/actualites\/#website\"},\"primaryImageOfPage\":{\"@id\":\"https:\/\/vieassociative.be\/actualites\/amortisseurs-pour-as-eupen-seulement-0-0-contre-patro-eisden\/#primaryimage\"},\"image\":{\"@id\":\"https:\/\/vieassociative.be\/actualites\/amortisseurs-pour-as-eupen-seulement-0-0-contre-patro-eisden\/#primaryimage\"},\"thumbnailUrl\":\"https:\/\/vieassociative.be\/actualites\/wp-content\/uploads\/2025\/09\/Amortisseurs-pour-As-Eupen-Seulement-0-0-contre-Patro-Eisden.jpg\",\"datePublished\":\"2025-09-20T20:17:06+00:00\",\"dateModified\":\"2025-09-20T20:17:06+00:00\",\"breadcrumb\":{\"@id\":\"https:\/\/vieassociative.be\/actualites\/amortisseurs-pour-as-eupen-seulement-0-0-contre-patro-eisden\/#breadcrumb\"},\"inLanguage\":\"fr-BE\",\"potentialAction\":[{\"@type\":\"ReadAction\",\"target\":[\"https:\/\/vieassociative.be\/actualites\/amortisseurs-pour-as-eupen-seulement-0-0-contre-patro-eisden\/\"]}]},{\"@type\":\"ImageObject\",\"inLanguage\":\"fr-BE\",\"@id\":\"https:\/\/vieassociative.be\/actualites\/amortisseurs-pour-as-eupen-seulement-0-0-contre-patro-eisden\/#primaryimage\",\"url\":\"https:\/\/vieassociative.be\/actualites\/wp-content\/uploads\/2025\/09\/Amortisseurs-pour-As-Eupen-Seulement-0-0-contre-Patro-Eisden.jpg\",\"contentUrl\":\"https:\/\/vieassociative.be\/actualites\/wp-content\/uploads\/2025\/09\/Amortisseurs-pour-As-Eupen-Seulement-0-0-contre-Patro-Eisden.jpg\",\"width\":1434,\"height\":954,\"caption\":\"Amortisseurs pour As Eupen - Seulement 0-0 contre Patro Eisden\"},{\"@type\":\"BreadcrumbList\",\"@id\":\"https:\/\/vieassociative.be\/actualites\/amortisseurs-pour-as-eupen-seulement-0-0-contre-patro-eisden\/#breadcrumb\",\"itemListElement\":[{\"@type\":\"ListItem\",\"position\":1,\"name\":\"Accueil\",\"item\":\"https:\/\/vieassociative.be\/actualites\/\"},{\"@type\":\"ListItem\",\"position\":2,\"name\":\"Amortisseurs pour As Eupen &#8211; Seulement 0-0 contre Patro Eisden\"}]},{\"@type\":\"WebSite\",\"@id\":\"https:\/\/vieassociative.be\/actualites\/#website\",\"url\":\"https:\/\/vieassociative.be\/actualites\/\",\"name\":\"Vie Associative\",\"description\":\"\",\"publisher\":{\"@id\":\"https:\/\/vieassociative.be\/actualites\/#organization\"},\"potentialAction\":[{\"@type\":\"SearchAction\",\"target\":{\"@type\":\"EntryPoint\",\"urlTemplate\":\"https:\/\/vieassociative.be\/actualites\/?s={search_term_string}\"},\"query-input\":{\"@type\":\"PropertyValueSpecification\",\"valueRequired\":true,\"valueName\":\"search_term_string\"}}],\"inLanguage\":\"fr-BE\"},{\"@type\":\"Organization\",\"@id\":\"https:\/\/vieassociative.be\/actualites\/#organization\",\"name\":\"Vie Associative\",\"url\":\"https:\/\/vieassociative.be\/actualites\/\",\"logo\":{\"@type\":\"ImageObject\",\"inLanguage\":\"fr-BE\",\"@id\":\"https:\/\/vieassociative.be\/actualites\/#\/schema\/logo\/image\/\",\"url\":\"https:\/\/vieassociative.be\/actualites\/wp-content\/uploads\/2024\/09\/cropped-vieassociative_favicon.ico.png\",\"contentUrl\":\"https:\/\/vieassociative.be\/actualites\/wp-content\/uploads\/2024\/09\/cropped-vieassociative_favicon.ico.png\",\"width\":512,\"height\":512,\"caption\":\"Vie Associative\"},\"image\":{\"@id\":\"https:\/\/vieassociative.be\/actualites\/#\/schema\/logo\/image\/\"}},{\"@type\":\"Person\",\"@id\":\"https:\/\/vieassociative.be\/actualites\/#\/schema\/person\/b87ac4f82f9d4e7b7cec7395b679edc4\",\"name\":\"Julien\",\"image\":{\"@type\":\"ImageObject\",\"inLanguage\":\"fr-BE\",\"@id\":\"https:\/\/vieassociative.be\/actualites\/#\/schema\/person\/image\/\",\"url\":\"https:\/\/vieassociative.be\/actualites\/wp-content\/uploads\/2024\/09\/vie-associative-1-150x150.jpg\",\"contentUrl\":\"https:\/\/vieassociative.be\/actualites\/wp-content\/uploads\/2024\/09\/vie-associative-1-150x150.jpg\",\"caption\":\"Julien\"},\"description\":\"Je suis Julien, r\u00e9dacteur pour Vie Associative. Passionn\u00e9 par le monde associatif depuis plus de 10 ans, j'ai \u00e0 c\u0153ur de partager des histoires inspirantes et de mettre en lumi\u00e8re les initiatives locales. Mon objectif est de sensibiliser et d'encourager l'engagement communautaire \u00e0 travers mes articles.\",\"sameAs\":[\"https:\/\/vieassociative.be\/\"]}]}<\/script>\n<!-- \/ Yoast SEO plugin. -->","yoast_head_json":{"title":"Amortisseurs pour As Eupen - Seulement 0-0 contre Patro Eisden | Vie Associative","robots":{"index":"index","follow":"follow","max-snippet":"max-snippet:-1","max-image-preview":"max-image-preview:large","max-video-preview":"max-video-preview:-1"},"canonical":"https:\/\/vieassociative.be\/actualites\/amortisseurs-pour-as-eupen-seulement-0-0-contre-patro-eisden\/","og_locale":"fr_FR","og_type":"article","og_title":"Amortisseurs pour As Eupen - Seulement 0-0 contre Patro Eisden | Vie Associative","og_description":"Apr\u00e8s deux victoires cons\u00e9cutives dans le championnat, l&rsquo;\u00e9quipe de football de la deuxi\u00e8me division en tant qu&rsquo;Eupen a d\u00fb accepter un amortisseur: samedi, le noir","og_url":"https:\/\/vieassociative.be\/actualites\/amortisseurs-pour-as-eupen-seulement-0-0-contre-patro-eisden\/","og_site_name":"Vie Associative","article_published_time":"2025-09-20T20:17:06+00:00","og_image":[{"width":279,"height":92,"url":"https:\/\/vieassociative.be\/actualites\/wp-content\/uploads\/2024\/09\/header_backgroundk-01-e1726694325946.png","type":"image\/png"}],"author":"Julien","twitter_card":"summary_large_image","twitter_misc":{"\u00c9crit par":"Julien","Dur\u00e9e de lecture est.":"3 minutes"},"schema":{"@context":"https:\/\/schema.org","@graph":[{"@type":"Article","@id":"https:\/\/vieassociative.be\/actualites\/amortisseurs-pour-as-eupen-seulement-0-0-contre-patro-eisden\/#article","isPartOf":{"@id":"https:\/\/vieassociative.be\/actualites\/amortisseurs-pour-as-eupen-seulement-0-0-contre-patro-eisden\/"},"author":{"name":"Julien","@id":"https:\/\/vieassociative.be\/actualites\/#\/schema\/person\/b87ac4f82f9d4e7b7cec7395b679edc4"},"headline":"Amortisseurs pour As Eupen &#8211; Seulement 0-0 contre Patro Eisden","datePublished":"2025-09-20T20:17:06+00:00","dateModified":"2025-09-20T20:17:06+00:00","mainEntityOfPage":{"@id":"https:\/\/vieassociative.be\/actualites\/amortisseurs-pour-as-eupen-seulement-0-0-contre-patro-eisden\/"},"wordCount":614,"publisher":{"@id":"https:\/\/vieassociative.be\/actualites\/#organization"},"image":{"@id":"https:\/\/vieassociative.be\/actualites\/amortisseurs-pour-as-eupen-seulement-0-0-contre-patro-eisden\/#primaryimage"},"thumbnailUrl":"https:\/\/vieassociative.be\/actualites\/wp-content\/uploads\/2025\/09\/Amortisseurs-pour-As-Eupen-Seulement-0-0-contre-Patro-Eisden.jpg","keywords":["amortisseurs","contre","Eisden","Eupen","Patro","pour","seulement"],"articleSection":["Belgique"],"inLanguage":"fr-BE"},{"@type":"WebPage","@id":"https:\/\/vieassociative.be\/actualites\/amortisseurs-pour-as-eupen-seulement-0-0-contre-patro-eisden\/","url":"https:\/\/vieassociative.be\/actualites\/amortisseurs-pour-as-eupen-seulement-0-0-contre-patro-eisden\/","name":"Amortisseurs pour As Eupen - Seulement 0-0 contre Patro Eisden | Vie Associative","isPartOf":{"@id":"https:\/\/vieassociative.be\/actualites\/#website"},"primaryImageOfPage":{"@id":"https:\/\/vieassociative.be\/actualites\/amortisseurs-pour-as-eupen-seulement-0-0-contre-patro-eisden\/#primaryimage"},"image":{"@id":"https:\/\/vieassociative.be\/actualites\/amortisseurs-pour-as-eupen-seulement-0-0-contre-patro-eisden\/#primaryimage"},"thumbnailUrl":"https:\/\/vieassociative.be\/actualites\/wp-content\/uploads\/2025\/09\/Amortisseurs-pour-As-Eupen-Seulement-0-0-contre-Patro-Eisden.jpg","datePublished":"2025-09-20T20:17:06+00:00","dateModified":"2025-09-20T20:17:06+00:00","breadcrumb":{"@id":"https:\/\/vieassociative.be\/actualites\/amortisseurs-pour-as-eupen-seulement-0-0-contre-patro-eisden\/#breadcrumb"},"inLanguage":"fr-BE","potentialAction":[{"@type":"ReadAction","target":["https:\/\/vieassociative.be\/actualites\/amortisseurs-pour-as-eupen-seulement-0-0-contre-patro-eisden\/"]}]},{"@type":"ImageObject","inLanguage":"fr-BE","@id":"https:\/\/vieassociative.be\/actualites\/amortisseurs-pour-as-eupen-seulement-0-0-contre-patro-eisden\/#primaryimage","url":"https:\/\/vieassociative.be\/actualites\/wp-content\/uploads\/2025\/09\/Amortisseurs-pour-As-Eupen-Seulement-0-0-contre-Patro-Eisden.jpg","contentUrl":"https:\/\/vieassociative.be\/actualites\/wp-content\/uploads\/2025\/09\/Amortisseurs-pour-As-Eupen-Seulement-0-0-contre-Patro-Eisden.jpg","width":1434,"height":954,"caption":"Amortisseurs pour As Eupen - Seulement 0-0 contre Patro Eisden"},{"@type":"BreadcrumbList","@id":"https:\/\/vieassociative.be\/actualites\/amortisseurs-pour-as-eupen-seulement-0-0-contre-patro-eisden\/#breadcrumb","itemListElement":[{"@type":"ListItem","position":1,"name":"Accueil","item":"https:\/\/vieassociative.be\/actualites\/"},{"@type":"ListItem","position":2,"name":"Amortisseurs pour As Eupen &#8211; Seulement 0-0 contre Patro Eisden"}]},{"@type":"WebSite","@id":"https:\/\/vieassociative.be\/actualites\/#website","url":"https:\/\/vieassociative.be\/actualites\/","name":"Vie Associative","description":"","publisher":{"@id":"https:\/\/vieassociative.be\/actualites\/#organization"},"potentialAction":[{"@type":"SearchAction","target":{"@type":"EntryPoint","urlTemplate":"https:\/\/vieassociative.be\/actualites\/?s={search_term_string}"},"query-input":{"@type":"PropertyValueSpecification","valueRequired":true,"valueName":"search_term_string"}}],"inLanguage":"fr-BE"},{"@type":"Organization","@id":"https:\/\/vieassociative.be\/actualites\/#organization","name":"Vie Associative","url":"https:\/\/vieassociative.be\/actualites\/","logo":{"@type":"ImageObject","inLanguage":"fr-BE","@id":"https:\/\/vieassociative.be\/actualites\/#\/schema\/logo\/image\/","url":"https:\/\/vieassociative.be\/actualites\/wp-content\/uploads\/2024\/09\/cropped-vieassociative_favicon.ico.png","contentUrl":"https:\/\/vieassociative.be\/actualites\/wp-content\/uploads\/2024\/09\/cropped-vieassociative_favicon.ico.png","width":512,"height":512,"caption":"Vie Associative"},"image":{"@id":"https:\/\/vieassociative.be\/actualites\/#\/schema\/logo\/image\/"}},{"@type":"Person","@id":"https:\/\/vieassociative.be\/actualites\/#\/schema\/person\/b87ac4f82f9d4e7b7cec7395b679edc4","name":"Julien","image":{"@type":"ImageObject","inLanguage":"fr-BE","@id":"https:\/\/vieassociative.be\/actualites\/#\/schema\/person\/image\/","url":"https:\/\/vieassociative.be\/actualites\/wp-content\/uploads\/2024\/09\/vie-associative-1-150x150.jpg","contentUrl":"https:\/\/vieassociative.be\/actualites\/wp-content\/uploads\/2024\/09\/vie-associative-1-150x150.jpg","caption":"Julien"},"description":"Je suis Julien, r\u00e9dacteur pour Vie Associative. Passionn\u00e9 par le monde associatif depuis plus de 10 ans, j'ai \u00e0 c\u0153ur de partager des histoires inspirantes et de mettre en lumi\u00e8re les initiatives locales. Mon objectif est de sensibiliser et d'encourager l'engagement communautaire \u00e0 travers mes articles.","sameAs":["https:\/\/vieassociative.be\/"]}]}},"_links":{"self":[{"href":"https:\/\/vieassociative.be\/actualites\/wp-json\/wp\/v2\/posts\/10152"}],"collection":[{"href":"https:\/\/vieassociative.be\/actualites\/wp-json\/wp\/v2\/posts"}],"about":[{"href":"https:\/\/vieassociative.be\/actualites\/wp-json\/wp\/v2\/types\/post"}],"author":[{"embeddable":true,"href":"https:\/\/vieassociative.be\/actualites\/wp-json\/wp\/v2\/users\/1"}],"replies":[{"embeddable":true,"href":"https:\/\/vieassociative.be\/actualites\/wp-json\/wp\/v2\/comments?post=10152"}],"version-history":[{"count":0,"href":"https:\/\/vieassociative.be\/actualites\/wp-json\/wp\/v2\/posts\/10152\/revisions"}],"wp:featuredmedia":[{"embeddable":true,"href":"https:\/\/vieassociative.be\/actualites\/wp-json\/wp\/v2\/media\/10153"}],"wp:attachment":[{"href":"https:\/\/vieassociative.be\/actualites\/wp-json\/wp\/v2\/media?parent=10152"}],"wp:term":[{"taxonomy":"category","embeddable":true,"href":"https:\/\/vieassociative.be\/actualites\/wp-json\/wp\/v2\/categories?post=10152"},{"taxonomy":"post_tag","embeddable":true,"href":"https:\/\/vieassociative.be\/actualites\/wp-json\/wp\/v2\/tags?post=10152"}],"curies":[{"name":"wp","href":"https:\/\/api.w.org\/{rel}","templated":true}]}}