{"id":10150,"date":"2025-09-20T21:17:46","date_gmt":"2025-09-20T19:17:46","guid":{"rendered":"https:\/\/vieassociative.be\/actualites\/il-y-a-quelque-chose-de-nouveau-dans-le-nouveau-score-de-sommeil-dapple\/"},"modified":"2025-09-20T21:17:46","modified_gmt":"2025-09-20T19:17:46","slug":"il-y-a-quelque-chose-de-nouveau-dans-le-nouveau-score-de-sommeil-dapple","status":"publish","type":"post","link":"https:\/\/vieassociative.be\/actualites\/il-y-a-quelque-chose-de-nouveau-dans-le-nouveau-score-de-sommeil-dapple\/","title":{"rendered":"Il y a quelque chose de nouveau dans le nouveau score de sommeil d&rsquo;Apple"},"content":{"rendered":"<div class=\"mt-4 leading-6 md:mb-8\">C&rsquo;est une niveleuse beaucoup trop g\u00e9n\u00e9reuse.<\/div>\n<p><\/p>\n<p><em>Saviez-vous que vous pouvez personnaliser Google pour filtrer les ordures? Prendre ces \u00e9tapes<\/em><em>  Pour de meilleurs r\u00e9sultats de recherche, notamment en ajoutant mon travail chez Vie Associative comme source pr\u00e9f\u00e9r\u00e9e<\/em><em>.<\/em><\/p>\n<p>Le nouveau score de sommeil d&rsquo;Apple, d\u00e9sormais disponible sur l&rsquo;Apple Watch et dans l&rsquo;application Apple Health, note \u00e0 quel point vous avez bien dormi sur une \u00e9chelle de 0 \u00e0 100. Comme il vous note r\u00e9troactivement, je peux regarder en arri\u00e8re sur mon dernier mois (ou m\u00eame des ann\u00e9es) de scores de sommeil pour voir comment les nouveaux chiffres se comparent aux scores que j&rsquo;ai obtenus par Oura et d&rsquo;autres articles portables. J&rsquo;ai essay\u00e9 cela, et une chose s&rsquo;est d\u00e9marqu\u00e9e: Apple est bien trop facile pour moi. <\/p>\n<p>Je plaisante, en quelque sorte. Oui, les scores d&rsquo;Apple sont toujours plus \u00e9lev\u00e9s que ceux que je re\u00e7ois des autres portables, mais ce n&rsquo;est pas comme si je pouvais d\u00e9finitivement dire qu&rsquo;Apple a tort ou que Oura a raison. Je pense \u00e0 un score de sommeil comme une note sur un essai: un mauvais essai obtiendra probablement une mauvaise note, et un bon essai obtiendra probablement une bonne note, mais ce n&rsquo;est pas comme si chaque enseignant du monde conviendrait que votre point de vue <em>Moby Dick<\/em>Le symbolisme du Symbolique m\u00e9rite exactement 92%. Vous pouvez avoir l&rsquo;impression de vous en tirer avec quelque chose si votre essai au milieu revient avec un A +, mais tant que le professeur est coh\u00e9rent avec son sch\u00e9ma de notation, vous ne pouvez pas dire que votre note \u00e9tait <em>faux<\/em>. <\/p>\n<div class=\"mx-auto mb-12 mt-5 w-full max-w-3xl rounded-md border-2 border-gray-100 p-3 shadow-md md:px-7 md:pb-7 md:pt-5\" id=\"related-video\">\n<div class=\"mb-3 flex items-center md:mb-5\">\n        <img decoding=\"async\" class=\"mr-4 mt-0 h-10 w-10 md:mr-5 md:h-12 md:w-12\" src=\"https:\/\/vieassociative.be\/actualites\/wp-content\/uploads\/2025\/09\/1757726237_608_Meta-pourrait-devoiler-une-montre-intelligente-pour-controler-ses-lunettes.jpg\" alt=\"Logo Lifehacker\"><\/p><\/div>\n<div class=\"aspect-video w-full overflow-hidden rounded-md\">\n<div id=\"video-container-01K5M80Q1JDERS8S7B2Z6NB2XH\"><\/div>\n<\/p><\/div>\n<\/div>\n<p>C&rsquo;est pourquoi la pr\u00e9cision des scores du sommeil n&rsquo;a pas d&rsquo;importance, \u00e0 mon avis. La World Sleep Society est plus ou moins d&rsquo;accord, disant de ne pas trop lire les scores individuels, mais gardez plut\u00f4t un \u0153il sur les tendances, comme si votre sommeil semble s&rsquo;am\u00e9liorer ou pire avec le temps. <\/p>\n<h2 id=\"how-apples-sleep-scores-measure-up-to-oura-garmin-and-whoop\">Comment les scores du sommeil d&rsquo;Apple se mesurent \u00e0 Oura, Garmin et Whoop<\/h2>\n<p>Avec tout cela \u00e0 l&rsquo;esprit, j&rsquo;ai pens\u00e9 qu&rsquo;il serait int\u00e9ressant de comparer mon dernier mois des scores de sommeil Apple \u00e0 ceux que j&rsquo;obtiens de l&rsquo;Oura Ring, ainsi que quelques points de donn\u00e9es de mes appareils Garmin et Whoop. <\/p>\n<p>Apple calcule votre score de sommeil en fonction de la dur\u00e9e de votre sommeil, de la coh\u00e9rence du coucher et des interruptions. Les appareils concurrents ont chacun leur propre algorithme. Apple peut calculer son score en fonction des donn\u00e9es de n&rsquo;importe quel appareil, et pas seulement d&rsquo;une Apple Watch, donc dans certains cas, les scores Oura et Apple utilisent r\u00e9ellement les m\u00eames donn\u00e9es sous-jacentes. <\/p>\n<p>Voici les r\u00e9sultats: <\/p>\n<div class=\"eloquent-imagery-image\">\n<div class=\"flex justify-center\">\n                    <img decoding=\"async\" class=\"border border-gray-100\" src=\"https:\/\/vieassociative.be\/actualites\/wp-content\/uploads\/2025\/09\/Il-y-a-quelque-chose-de-nouveau-dans-le-nouveau.png\" alt=\"Graphique des scores de sommeil Apple, Oura, Garmin et Whoop\" width=\"2000\" height=\"1125\" loading=\"lazy\"  >\n            <\/div>\n<\/p><\/div>\n<p>Apple dit qu&rsquo;au cours du dernier mois, mon niveau de score de sommeil le plus fr\u00e9quent est \u00abexcellent\u00bb, gagn\u00e9 sur 17 nuits. J&rsquo;ai \u00e9galement eu un score de sommeil \u00ab\u00e9lev\u00e9\u00bb sur 10 nuits, avec juste une nuit de sommeil \u00abOK\u00bb, un de sommeil \u00abbas\u00bb, et pas de nuits \u00abtr\u00e8s bas\u00bb.<\/p>\n<p>Mon principal point \u00e0 retenir est que les scores d&rsquo;Apple sont presque toujours plus \u00e9lev\u00e9s que ceux que je re\u00e7ois d&rsquo;autres appareils. Cela dit, ils ont tendance \u00e0 monter lorsque les autres montent et descendent lorsque les autres descendent, ce qui signifie que tous ces scores sont probablement utiles lorsqu&rsquo;ils sont examin\u00e9s d&rsquo;un point de vue de grande \u00e9chelle. <\/p>\n<p>Subjectivement, je ne pense pas que mon sommeil ait \u00e9t\u00e9 si bon ces derniers temps. Je suis rest\u00e9 debout plus tard plus souvent que je ne le souhaitais et que je me suis fatigu\u00e9 le plus souvent. Je le jugerais la plupart du temps, parfois pauvre et parfois bon. Mais c&rsquo;est juste, comme, mon opinion, mec. <\/p>\n<p>Il est vrai qu&rsquo;il n&rsquo;y a probablement rien de mal avec moi, et je ne pense pas que mon sommeil soit radicalement pauvre &#8211; donc peut-\u00eatre que les perspectives roses d&rsquo;Apple sont juste une meilleure fa\u00e7on de penser \u00e0 mon sommeil. C&rsquo;est bien d&rsquo;\u00eatre un \u00e9tudiant droit &#8211; un \u00e9tudiant. <\/p>\n","protected":false},"excerpt":{"rendered":"<p>C&rsquo;est une niveleuse beaucoup trop g\u00e9n\u00e9reuse. Saviez-vous que vous pouvez personnaliser Google pour filtrer les ordures? Prendre ces \u00e9tapes Pour de meilleurs r\u00e9sultats de recherche,<\/p>\n","protected":false},"author":1,"featured_media":10151,"comment_status":"","ping_status":"","sticky":false,"template":"","format":"standard","meta":{"footnotes":""},"categories":[38],"tags":[1651,166,590,553,1061,5605,4050],"class_list":["post-10150","post","type-post","status-publish","format-standard","has-post-thumbnail","hentry","category-sante","tag-chose","tag-dans","tag-dapple","tag-nouveau","tag-quelque","tag-score","tag-sommeil","generate-columns","tablet-grid-50","mobile-grid-100","grid-parent","grid-33"],"yoast_head":"<!-- This site is optimized with the Yoast SEO plugin v24.0 - https:\/\/yoast.com\/wordpress\/plugins\/seo\/ -->\n<title>Il y a quelque chose de nouveau dans le nouveau score de sommeil d&#039;Apple | Vie Associative<\/title>\n<meta name=\"robots\" content=\"index, follow, max-snippet:-1, max-image-preview:large, max-video-preview:-1\" \/>\n<link rel=\"canonical\" href=\"https:\/\/vieassociative.be\/actualites\/il-y-a-quelque-chose-de-nouveau-dans-le-nouveau-score-de-sommeil-dapple\/\" \/>\n<meta property=\"og:locale\" content=\"fr_FR\" \/>\n<meta property=\"og:type\" content=\"article\" \/>\n<meta property=\"og:title\" content=\"Il y a quelque chose de nouveau dans le nouveau score de sommeil d&#039;Apple | Vie Associative\" \/>\n<meta property=\"og:description\" content=\"C&rsquo;est une niveleuse beaucoup trop g\u00e9n\u00e9reuse. Saviez-vous que vous pouvez personnaliser Google pour filtrer les ordures? Prendre ces \u00e9tapes Pour de meilleurs r\u00e9sultats de recherche,\" \/>\n<meta property=\"og:url\" content=\"https:\/\/vieassociative.be\/actualites\/il-y-a-quelque-chose-de-nouveau-dans-le-nouveau-score-de-sommeil-dapple\/\" \/>\n<meta property=\"og:site_name\" content=\"Vie Associative\" \/>\n<meta property=\"article:published_time\" content=\"2025-09-20T19:17:46+00:00\" \/>\n<meta property=\"og:image\" content=\"https:\/\/vieassociative.be\/actualites\/wp-content\/uploads\/2025\/09\/1757726237_608_Meta-pourrait-devoiler-une-montre-intelligente-pour-controler-ses-lunettes.jpg\" \/>\n<meta name=\"author\" content=\"Julien\" \/>\n<meta name=\"twitter:card\" content=\"summary_large_image\" \/>\n<meta name=\"twitter:label1\" content=\"\u00c9crit par\" \/>\n\t<meta name=\"twitter:data1\" content=\"Julien\" \/>\n\t<meta name=\"twitter:label2\" content=\"Dur\u00e9e de lecture est.\" \/>\n\t<meta name=\"twitter:data2\" content=\"3 minutes\" \/>\n<script type=\"application\/ld+json\" class=\"yoast-schema-graph\">{\"@context\":\"https:\/\/schema.org\",\"@graph\":[{\"@type\":\"Article\",\"@id\":\"https:\/\/vieassociative.be\/actualites\/il-y-a-quelque-chose-de-nouveau-dans-le-nouveau-score-de-sommeil-dapple\/#article\",\"isPartOf\":{\"@id\":\"https:\/\/vieassociative.be\/actualites\/il-y-a-quelque-chose-de-nouveau-dans-le-nouveau-score-de-sommeil-dapple\/\"},\"author\":{\"name\":\"Julien\",\"@id\":\"https:\/\/vieassociative.be\/actualites\/#\/schema\/person\/b87ac4f82f9d4e7b7cec7395b679edc4\"},\"headline\":\"Il y a quelque chose de nouveau dans le nouveau score de sommeil d&rsquo;Apple\",\"datePublished\":\"2025-09-20T19:17:46+00:00\",\"dateModified\":\"2025-09-20T19:17:46+00:00\",\"mainEntityOfPage\":{\"@id\":\"https:\/\/vieassociative.be\/actualites\/il-y-a-quelque-chose-de-nouveau-dans-le-nouveau-score-de-sommeil-dapple\/\"},\"wordCount\":719,\"publisher\":{\"@id\":\"https:\/\/vieassociative.be\/actualites\/#organization\"},\"image\":{\"@id\":\"https:\/\/vieassociative.be\/actualites\/il-y-a-quelque-chose-de-nouveau-dans-le-nouveau-score-de-sommeil-dapple\/#primaryimage\"},\"thumbnailUrl\":\"https:\/\/vieassociative.be\/actualites\/wp-content\/uploads\/2025\/09\/Il-y-a-quelque-chose-de-nouveau-dans-le-nouveau.jpg\",\"keywords\":[\"chose\",\"dans\",\"dApple\",\"nouveau\",\"quelque\",\"score\",\"sommeil\"],\"articleSection\":[\"Sant\u00e9\"],\"inLanguage\":\"fr-BE\"},{\"@type\":\"WebPage\",\"@id\":\"https:\/\/vieassociative.be\/actualites\/il-y-a-quelque-chose-de-nouveau-dans-le-nouveau-score-de-sommeil-dapple\/\",\"url\":\"https:\/\/vieassociative.be\/actualites\/il-y-a-quelque-chose-de-nouveau-dans-le-nouveau-score-de-sommeil-dapple\/\",\"name\":\"Il y a quelque chose de nouveau dans le nouveau score de sommeil d'Apple | Vie Associative\",\"isPartOf\":{\"@id\":\"https:\/\/vieassociative.be\/actualites\/#website\"},\"primaryImageOfPage\":{\"@id\":\"https:\/\/vieassociative.be\/actualites\/il-y-a-quelque-chose-de-nouveau-dans-le-nouveau-score-de-sommeil-dapple\/#primaryimage\"},\"image\":{\"@id\":\"https:\/\/vieassociative.be\/actualites\/il-y-a-quelque-chose-de-nouveau-dans-le-nouveau-score-de-sommeil-dapple\/#primaryimage\"},\"thumbnailUrl\":\"https:\/\/vieassociative.be\/actualites\/wp-content\/uploads\/2025\/09\/Il-y-a-quelque-chose-de-nouveau-dans-le-nouveau.jpg\",\"datePublished\":\"2025-09-20T19:17:46+00:00\",\"dateModified\":\"2025-09-20T19:17:46+00:00\",\"breadcrumb\":{\"@id\":\"https:\/\/vieassociative.be\/actualites\/il-y-a-quelque-chose-de-nouveau-dans-le-nouveau-score-de-sommeil-dapple\/#breadcrumb\"},\"inLanguage\":\"fr-BE\",\"potentialAction\":[{\"@type\":\"ReadAction\",\"target\":[\"https:\/\/vieassociative.be\/actualites\/il-y-a-quelque-chose-de-nouveau-dans-le-nouveau-score-de-sommeil-dapple\/\"]}]},{\"@type\":\"ImageObject\",\"inLanguage\":\"fr-BE\",\"@id\":\"https:\/\/vieassociative.be\/actualites\/il-y-a-quelque-chose-de-nouveau-dans-le-nouveau-score-de-sommeil-dapple\/#primaryimage\",\"url\":\"https:\/\/vieassociative.be\/actualites\/wp-content\/uploads\/2025\/09\/Il-y-a-quelque-chose-de-nouveau-dans-le-nouveau.jpg\",\"contentUrl\":\"https:\/\/vieassociative.be\/actualites\/wp-content\/uploads\/2025\/09\/Il-y-a-quelque-chose-de-nouveau-dans-le-nouveau.jpg\",\"width\":1200,\"height\":675,\"caption\":\"Il y a quelque chose de nouveau dans le nouveau score de sommeil d'Apple\"},{\"@type\":\"BreadcrumbList\",\"@id\":\"https:\/\/vieassociative.be\/actualites\/il-y-a-quelque-chose-de-nouveau-dans-le-nouveau-score-de-sommeil-dapple\/#breadcrumb\",\"itemListElement\":[{\"@type\":\"ListItem\",\"position\":1,\"name\":\"Accueil\",\"item\":\"https:\/\/vieassociative.be\/actualites\/\"},{\"@type\":\"ListItem\",\"position\":2,\"name\":\"Il y a quelque chose de nouveau dans le nouveau score de sommeil d&rsquo;Apple\"}]},{\"@type\":\"WebSite\",\"@id\":\"https:\/\/vieassociative.be\/actualites\/#website\",\"url\":\"https:\/\/vieassociative.be\/actualites\/\",\"name\":\"Vie Associative\",\"description\":\"\",\"publisher\":{\"@id\":\"https:\/\/vieassociative.be\/actualites\/#organization\"},\"potentialAction\":[{\"@type\":\"SearchAction\",\"target\":{\"@type\":\"EntryPoint\",\"urlTemplate\":\"https:\/\/vieassociative.be\/actualites\/?s={search_term_string}\"},\"query-input\":{\"@type\":\"PropertyValueSpecification\",\"valueRequired\":true,\"valueName\":\"search_term_string\"}}],\"inLanguage\":\"fr-BE\"},{\"@type\":\"Organization\",\"@id\":\"https:\/\/vieassociative.be\/actualites\/#organization\",\"name\":\"Vie Associative\",\"url\":\"https:\/\/vieassociative.be\/actualites\/\",\"logo\":{\"@type\":\"ImageObject\",\"inLanguage\":\"fr-BE\",\"@id\":\"https:\/\/vieassociative.be\/actualites\/#\/schema\/logo\/image\/\",\"url\":\"https:\/\/vieassociative.be\/actualites\/wp-content\/uploads\/2024\/09\/cropped-vieassociative_favicon.ico.png\",\"contentUrl\":\"https:\/\/vieassociative.be\/actualites\/wp-content\/uploads\/2024\/09\/cropped-vieassociative_favicon.ico.png\",\"width\":512,\"height\":512,\"caption\":\"Vie Associative\"},\"image\":{\"@id\":\"https:\/\/vieassociative.be\/actualites\/#\/schema\/logo\/image\/\"}},{\"@type\":\"Person\",\"@id\":\"https:\/\/vieassociative.be\/actualites\/#\/schema\/person\/b87ac4f82f9d4e7b7cec7395b679edc4\",\"name\":\"Julien\",\"image\":{\"@type\":\"ImageObject\",\"inLanguage\":\"fr-BE\",\"@id\":\"https:\/\/vieassociative.be\/actualites\/#\/schema\/person\/image\/\",\"url\":\"https:\/\/vieassociative.be\/actualites\/wp-content\/uploads\/2024\/09\/vie-associative-1-150x150.jpg\",\"contentUrl\":\"https:\/\/vieassociative.be\/actualites\/wp-content\/uploads\/2024\/09\/vie-associative-1-150x150.jpg\",\"caption\":\"Julien\"},\"description\":\"Je suis Julien, r\u00e9dacteur pour Vie Associative. Passionn\u00e9 par le monde associatif depuis plus de 10 ans, j'ai \u00e0 c\u0153ur de partager des histoires inspirantes et de mettre en lumi\u00e8re les initiatives locales. Mon objectif est de sensibiliser et d'encourager l'engagement communautaire \u00e0 travers mes articles.\",\"sameAs\":[\"https:\/\/vieassociative.be\/\"]}]}<\/script>\n<!-- \/ Yoast SEO plugin. -->","yoast_head_json":{"title":"Il y a quelque chose de nouveau dans le nouveau score de sommeil d'Apple | Vie Associative","robots":{"index":"index","follow":"follow","max-snippet":"max-snippet:-1","max-image-preview":"max-image-preview:large","max-video-preview":"max-video-preview:-1"},"canonical":"https:\/\/vieassociative.be\/actualites\/il-y-a-quelque-chose-de-nouveau-dans-le-nouveau-score-de-sommeil-dapple\/","og_locale":"fr_FR","og_type":"article","og_title":"Il y a quelque chose de nouveau dans le nouveau score de sommeil d'Apple | Vie Associative","og_description":"C&rsquo;est une niveleuse beaucoup trop g\u00e9n\u00e9reuse. Saviez-vous que vous pouvez personnaliser Google pour filtrer les ordures? Prendre ces \u00e9tapes Pour de meilleurs r\u00e9sultats de recherche,","og_url":"https:\/\/vieassociative.be\/actualites\/il-y-a-quelque-chose-de-nouveau-dans-le-nouveau-score-de-sommeil-dapple\/","og_site_name":"Vie Associative","article_published_time":"2025-09-20T19:17:46+00:00","og_image":[{"url":"https:\/\/vieassociative.be\/actualites\/wp-content\/uploads\/2025\/09\/1757726237_608_Meta-pourrait-devoiler-une-montre-intelligente-pour-controler-ses-lunettes.jpg","type":"","width":"","height":""}],"author":"Julien","twitter_card":"summary_large_image","twitter_misc":{"\u00c9crit par":"Julien","Dur\u00e9e de lecture est.":"3 minutes"},"schema":{"@context":"https:\/\/schema.org","@graph":[{"@type":"Article","@id":"https:\/\/vieassociative.be\/actualites\/il-y-a-quelque-chose-de-nouveau-dans-le-nouveau-score-de-sommeil-dapple\/#article","isPartOf":{"@id":"https:\/\/vieassociative.be\/actualites\/il-y-a-quelque-chose-de-nouveau-dans-le-nouveau-score-de-sommeil-dapple\/"},"author":{"name":"Julien","@id":"https:\/\/vieassociative.be\/actualites\/#\/schema\/person\/b87ac4f82f9d4e7b7cec7395b679edc4"},"headline":"Il y a quelque chose de nouveau dans le nouveau score de sommeil d&rsquo;Apple","datePublished":"2025-09-20T19:17:46+00:00","dateModified":"2025-09-20T19:17:46+00:00","mainEntityOfPage":{"@id":"https:\/\/vieassociative.be\/actualites\/il-y-a-quelque-chose-de-nouveau-dans-le-nouveau-score-de-sommeil-dapple\/"},"wordCount":719,"publisher":{"@id":"https:\/\/vieassociative.be\/actualites\/#organization"},"image":{"@id":"https:\/\/vieassociative.be\/actualites\/il-y-a-quelque-chose-de-nouveau-dans-le-nouveau-score-de-sommeil-dapple\/#primaryimage"},"thumbnailUrl":"https:\/\/vieassociative.be\/actualites\/wp-content\/uploads\/2025\/09\/Il-y-a-quelque-chose-de-nouveau-dans-le-nouveau.jpg","keywords":["chose","dans","dApple","nouveau","quelque","score","sommeil"],"articleSection":["Sant\u00e9"],"inLanguage":"fr-BE"},{"@type":"WebPage","@id":"https:\/\/vieassociative.be\/actualites\/il-y-a-quelque-chose-de-nouveau-dans-le-nouveau-score-de-sommeil-dapple\/","url":"https:\/\/vieassociative.be\/actualites\/il-y-a-quelque-chose-de-nouveau-dans-le-nouveau-score-de-sommeil-dapple\/","name":"Il y a quelque chose de nouveau dans le nouveau score de sommeil d'Apple | Vie Associative","isPartOf":{"@id":"https:\/\/vieassociative.be\/actualites\/#website"},"primaryImageOfPage":{"@id":"https:\/\/vieassociative.be\/actualites\/il-y-a-quelque-chose-de-nouveau-dans-le-nouveau-score-de-sommeil-dapple\/#primaryimage"},"image":{"@id":"https:\/\/vieassociative.be\/actualites\/il-y-a-quelque-chose-de-nouveau-dans-le-nouveau-score-de-sommeil-dapple\/#primaryimage"},"thumbnailUrl":"https:\/\/vieassociative.be\/actualites\/wp-content\/uploads\/2025\/09\/Il-y-a-quelque-chose-de-nouveau-dans-le-nouveau.jpg","datePublished":"2025-09-20T19:17:46+00:00","dateModified":"2025-09-20T19:17:46+00:00","breadcrumb":{"@id":"https:\/\/vieassociative.be\/actualites\/il-y-a-quelque-chose-de-nouveau-dans-le-nouveau-score-de-sommeil-dapple\/#breadcrumb"},"inLanguage":"fr-BE","potentialAction":[{"@type":"ReadAction","target":["https:\/\/vieassociative.be\/actualites\/il-y-a-quelque-chose-de-nouveau-dans-le-nouveau-score-de-sommeil-dapple\/"]}]},{"@type":"ImageObject","inLanguage":"fr-BE","@id":"https:\/\/vieassociative.be\/actualites\/il-y-a-quelque-chose-de-nouveau-dans-le-nouveau-score-de-sommeil-dapple\/#primaryimage","url":"https:\/\/vieassociative.be\/actualites\/wp-content\/uploads\/2025\/09\/Il-y-a-quelque-chose-de-nouveau-dans-le-nouveau.jpg","contentUrl":"https:\/\/vieassociative.be\/actualites\/wp-content\/uploads\/2025\/09\/Il-y-a-quelque-chose-de-nouveau-dans-le-nouveau.jpg","width":1200,"height":675,"caption":"Il y a quelque chose de nouveau dans le nouveau score de sommeil d'Apple"},{"@type":"BreadcrumbList","@id":"https:\/\/vieassociative.be\/actualites\/il-y-a-quelque-chose-de-nouveau-dans-le-nouveau-score-de-sommeil-dapple\/#breadcrumb","itemListElement":[{"@type":"ListItem","position":1,"name":"Accueil","item":"https:\/\/vieassociative.be\/actualites\/"},{"@type":"ListItem","position":2,"name":"Il y a quelque chose de nouveau dans le nouveau score de sommeil d&rsquo;Apple"}]},{"@type":"WebSite","@id":"https:\/\/vieassociative.be\/actualites\/#website","url":"https:\/\/vieassociative.be\/actualites\/","name":"Vie Associative","description":"","publisher":{"@id":"https:\/\/vieassociative.be\/actualites\/#organization"},"potentialAction":[{"@type":"SearchAction","target":{"@type":"EntryPoint","urlTemplate":"https:\/\/vieassociative.be\/actualites\/?s={search_term_string}"},"query-input":{"@type":"PropertyValueSpecification","valueRequired":true,"valueName":"search_term_string"}}],"inLanguage":"fr-BE"},{"@type":"Organization","@id":"https:\/\/vieassociative.be\/actualites\/#organization","name":"Vie Associative","url":"https:\/\/vieassociative.be\/actualites\/","logo":{"@type":"ImageObject","inLanguage":"fr-BE","@id":"https:\/\/vieassociative.be\/actualites\/#\/schema\/logo\/image\/","url":"https:\/\/vieassociative.be\/actualites\/wp-content\/uploads\/2024\/09\/cropped-vieassociative_favicon.ico.png","contentUrl":"https:\/\/vieassociative.be\/actualites\/wp-content\/uploads\/2024\/09\/cropped-vieassociative_favicon.ico.png","width":512,"height":512,"caption":"Vie Associative"},"image":{"@id":"https:\/\/vieassociative.be\/actualites\/#\/schema\/logo\/image\/"}},{"@type":"Person","@id":"https:\/\/vieassociative.be\/actualites\/#\/schema\/person\/b87ac4f82f9d4e7b7cec7395b679edc4","name":"Julien","image":{"@type":"ImageObject","inLanguage":"fr-BE","@id":"https:\/\/vieassociative.be\/actualites\/#\/schema\/person\/image\/","url":"https:\/\/vieassociative.be\/actualites\/wp-content\/uploads\/2024\/09\/vie-associative-1-150x150.jpg","contentUrl":"https:\/\/vieassociative.be\/actualites\/wp-content\/uploads\/2024\/09\/vie-associative-1-150x150.jpg","caption":"Julien"},"description":"Je suis Julien, r\u00e9dacteur pour Vie Associative. Passionn\u00e9 par le monde associatif depuis plus de 10 ans, j'ai \u00e0 c\u0153ur de partager des histoires inspirantes et de mettre en lumi\u00e8re les initiatives locales. Mon objectif est de sensibiliser et d'encourager l'engagement communautaire \u00e0 travers mes articles.","sameAs":["https:\/\/vieassociative.be\/"]}]}},"_links":{"self":[{"href":"https:\/\/vieassociative.be\/actualites\/wp-json\/wp\/v2\/posts\/10150"}],"collection":[{"href":"https:\/\/vieassociative.be\/actualites\/wp-json\/wp\/v2\/posts"}],"about":[{"href":"https:\/\/vieassociative.be\/actualites\/wp-json\/wp\/v2\/types\/post"}],"author":[{"embeddable":true,"href":"https:\/\/vieassociative.be\/actualites\/wp-json\/wp\/v2\/users\/1"}],"replies":[{"embeddable":true,"href":"https:\/\/vieassociative.be\/actualites\/wp-json\/wp\/v2\/comments?post=10150"}],"version-history":[{"count":0,"href":"https:\/\/vieassociative.be\/actualites\/wp-json\/wp\/v2\/posts\/10150\/revisions"}],"wp:featuredmedia":[{"embeddable":true,"href":"https:\/\/vieassociative.be\/actualites\/wp-json\/wp\/v2\/media\/10151"}],"wp:attachment":[{"href":"https:\/\/vieassociative.be\/actualites\/wp-json\/wp\/v2\/media?parent=10150"}],"wp:term":[{"taxonomy":"category","embeddable":true,"href":"https:\/\/vieassociative.be\/actualites\/wp-json\/wp\/v2\/categories?post=10150"},{"taxonomy":"post_tag","embeddable":true,"href":"https:\/\/vieassociative.be\/actualites\/wp-json\/wp\/v2\/tags?post=10150"}],"curies":[{"name":"wp","href":"https:\/\/api.w.org\/{rel}","templated":true}]}}