{"id":10149,"date":"2025-09-20T16:18:30","date_gmt":"2025-09-20T14:18:30","guid":{"rendered":"https:\/\/vieassociative.be\/actualites\/comme-eupen-nest-pas-autorise-a-perdre-de-vue-kv-kortrijk-et-sk-beveren-aujourdhui-contre-la-creme-glacee\/"},"modified":"2025-09-20T16:18:30","modified_gmt":"2025-09-20T14:18:30","slug":"comme-eupen-nest-pas-autorise-a-perdre-de-vue-kv-kortrijk-et-sk-beveren-aujourdhui-contre-la-creme-glacee","status":"publish","type":"post","link":"https:\/\/vieassociative.be\/actualites\/comme-eupen-nest-pas-autorise-a-perdre-de-vue-kv-kortrijk-et-sk-beveren-aujourdhui-contre-la-creme-glacee\/","title":{"rendered":"Comme Eupen n&rsquo;est pas autoris\u00e9 \u00e0 perdre de vue KV Kortrijk et Sk Beveren &#8211; aujourd&rsquo;hui contre la cr\u00e8me glac\u00e9e"},"content":{"rendered":"<p><strong>Apr\u00e8s deux victoires cons\u00e9cutives dans le championnat contre Anderlecht Futures et \u00e0 Francs Borains, le club de deuxi\u00e8me division comme Eupen peut s&rsquo;orienter \u00e0 nouveau. Ce samedi, les Noirs et les Blancs re\u00e7oivent l&rsquo;\u00e9quipe de Patro Eisden.<\/strong><\/p>\n<p><span id=\"more-424979\"><\/span>Une victoire \u00e0 20 h Dans le stade Kehrweg (Live on Dazn App) est en fait un must si Eupen ne veut pas perdre les deux t\u00e9nors KV Kortrijk et Sk Beveren. Les deux n&rsquo;ont pas encore perdu un seul point et semblent difficile \u00e0 d\u00e9placer des lieux 1 et 2, ce qui garantit une ascension directe \u00e0 la Jupiler Pro League. C&rsquo;est d&rsquo;autant plus important que le d\u00e9ficit ne soit pas plus que les cinq points d&rsquo;aujourd&rsquo;hui.<\/p>\n<div id=\"attachment_336286\" class=\"wp-caption alignleft\" style=\"max-width: 300px\"><img fetchpriority=\"high\" decoding=\"async\" class=\"wp-image-336286 size-medium\" src=\"https:\/\/vieassociative.be\/actualites\/wp-content\/uploads\/2025\/09\/Comme-Eupen-nest-pas-autorise-a-perdre-de-vue-KV.jpeg\" alt=\"\" width=\"300\" height=\"200\"  ><\/div>\n<p>Pour rappeler: les deux premiers clubs de la table de la Challenger Pro League montent directement dans la Jupiler Pro League, qui se tiendra avec 18 \u00e9quipes \u00e0 partir de 2026\/2027. Les lieux 3 \u00e0 6 jouent dans les \u00e9liminatoires de promotion. Le vainqueur de ce tour final joue une place dans la plus haute division contre le dernier de la Jupilers Pro League.<\/p>\n<p>Kortrijk accueille le Club NXT dimanche \u00e0 16 h, l&rsquo;U23 du FC Bruges, tandis que Beveren rencontre les habitants voisins du Waasland Derby en m\u00eame temps.<\/p>\n<p>L&rsquo;As Eupen c\u00e9l\u00e8bre une r\u00e9union avec Stef Peeters ce soir. Ga\u00ebtan Hendrickx et Amadou Keita sont toujours bless\u00e9s, et l&rsquo;entra\u00eeneur Bruno Pinheiro suppose que Merville Bokadi est probablement probablement utilis\u00e9e en raison de sa blessure.<\/p>\n<p>Apr\u00e8s cinq jours de match, Eupen est \u00e0 la 5e place du tableau avec 10 points, Eisden suit avec 9 points \u00e0 la 7e place. Les deux \u00e9quipes ne contribuent vraiment qu&rsquo;une seule victoire. (Cre)<\/p>\n","protected":false},"excerpt":{"rendered":"<p>Apr\u00e8s deux victoires cons\u00e9cutives dans le championnat contre Anderlecht Futures et \u00e0 Francs Borains, le club de deuxi\u00e8me division comme Eupen peut s&rsquo;orienter \u00e0 nouveau.<\/p>\n","protected":false},"author":1,"featured_media":9584,"comment_status":"","ping_status":"","sticky":false,"template":"","format":"standard","meta":{"footnotes":""},"categories":[298],"tags":[2330,7406,3611,1254,796,979,2329,6672,5433,1082,126,2698,3034],"class_list":["post-10149","post","type-post","status-publish","format-standard","has-post-thumbnail","hentry","category-belgique","tag-aujourdhui","tag-autorise","tag-beveren","tag-comme","tag-contre","tag-creme","tag-eupen","tag-glacee","tag-kortrijk","tag-nest","tag-pas","tag-perdre","tag-vue","generate-columns","tablet-grid-50","mobile-grid-100","grid-parent","grid-33"],"yoast_head":"<!-- This site is optimized with the Yoast SEO plugin v24.0 - https:\/\/yoast.com\/wordpress\/plugins\/seo\/ -->\n<title>Comme Eupen n&#039;est pas autoris\u00e9 \u00e0 perdre de vue KV Kortrijk et Sk Beveren - aujourd&#039;hui contre la cr\u00e8me glac\u00e9e | Vie Associative<\/title>\n<meta name=\"robots\" content=\"index, follow, max-snippet:-1, max-image-preview:large, max-video-preview:-1\" \/>\n<link rel=\"canonical\" href=\"https:\/\/vieassociative.be\/actualites\/comme-eupen-nest-pas-autorise-a-perdre-de-vue-kv-kortrijk-et-sk-beveren-aujourdhui-contre-la-creme-glacee\/\" \/>\n<meta property=\"og:locale\" content=\"fr_FR\" \/>\n<meta property=\"og:type\" content=\"article\" \/>\n<meta property=\"og:title\" content=\"Comme Eupen n&#039;est pas autoris\u00e9 \u00e0 perdre de vue KV Kortrijk et Sk Beveren - aujourd&#039;hui contre la cr\u00e8me glac\u00e9e | Vie Associative\" \/>\n<meta property=\"og:description\" content=\"Apr\u00e8s deux victoires cons\u00e9cutives dans le championnat contre Anderlecht Futures et \u00e0 Francs Borains, le club de deuxi\u00e8me division comme Eupen peut s&rsquo;orienter \u00e0 nouveau.\" \/>\n<meta property=\"og:url\" content=\"https:\/\/vieassociative.be\/actualites\/comme-eupen-nest-pas-autorise-a-perdre-de-vue-kv-kortrijk-et-sk-beveren-aujourdhui-contre-la-creme-glacee\/\" \/>\n<meta property=\"og:site_name\" content=\"Vie Associative\" \/>\n<meta property=\"article:published_time\" content=\"2025-09-20T14:18:30+00:00\" \/>\n<meta property=\"og:image\" content=\"https:\/\/vieassociative.be\/actualites\/wp-content\/uploads\/2024\/09\/header_backgroundk-01-e1726694325946.png\" \/>\n\t<meta property=\"og:image:width\" content=\"279\" \/>\n\t<meta property=\"og:image:height\" content=\"92\" \/>\n\t<meta property=\"og:image:type\" content=\"image\/png\" \/>\n<meta name=\"author\" content=\"Julien\" \/>\n<meta name=\"twitter:card\" content=\"summary_large_image\" \/>\n<meta name=\"twitter:label1\" content=\"\u00c9crit par\" \/>\n\t<meta name=\"twitter:data1\" content=\"Julien\" \/>\n\t<meta name=\"twitter:label2\" content=\"Dur\u00e9e de lecture est.\" \/>\n\t<meta name=\"twitter:data2\" content=\"1 minute\" \/>\n<script type=\"application\/ld+json\" class=\"yoast-schema-graph\">{\"@context\":\"https:\/\/schema.org\",\"@graph\":[{\"@type\":\"Article\",\"@id\":\"https:\/\/vieassociative.be\/actualites\/comme-eupen-nest-pas-autorise-a-perdre-de-vue-kv-kortrijk-et-sk-beveren-aujourdhui-contre-la-creme-glacee\/#article\",\"isPartOf\":{\"@id\":\"https:\/\/vieassociative.be\/actualites\/comme-eupen-nest-pas-autorise-a-perdre-de-vue-kv-kortrijk-et-sk-beveren-aujourdhui-contre-la-creme-glacee\/\"},\"author\":{\"name\":\"Julien\",\"@id\":\"https:\/\/vieassociative.be\/actualites\/#\/schema\/person\/b87ac4f82f9d4e7b7cec7395b679edc4\"},\"headline\":\"Comme Eupen n&rsquo;est pas autoris\u00e9 \u00e0 perdre de vue KV Kortrijk et Sk Beveren &#8211; aujourd&rsquo;hui contre la cr\u00e8me glac\u00e9e\",\"datePublished\":\"2025-09-20T14:18:30+00:00\",\"dateModified\":\"2025-09-20T14:18:30+00:00\",\"mainEntityOfPage\":{\"@id\":\"https:\/\/vieassociative.be\/actualites\/comme-eupen-nest-pas-autorise-a-perdre-de-vue-kv-kortrijk-et-sk-beveren-aujourdhui-contre-la-creme-glacee\/\"},\"wordCount\":305,\"publisher\":{\"@id\":\"https:\/\/vieassociative.be\/actualites\/#organization\"},\"image\":{\"@id\":\"https:\/\/vieassociative.be\/actualites\/comme-eupen-nest-pas-autorise-a-perdre-de-vue-kv-kortrijk-et-sk-beveren-aujourdhui-contre-la-creme-glacee\/#primaryimage\"},\"thumbnailUrl\":\"https:\/\/vieassociative.be\/actualites\/wp-content\/uploads\/2025\/08\/Comme-Eupen-peut-progresser-dans-le-meilleur-groupe-lors-dune.jpg\",\"keywords\":[\"aujourdhui\",\"autoris\u00e9\",\"Beveren\",\"comme\",\"contre\",\"cr\u00e8me\",\"Eupen\",\"glac\u00e9e\",\"Kortrijk\",\"nest\",\"pas\",\"perdre\",\"vue\"],\"articleSection\":[\"Belgique\"],\"inLanguage\":\"fr-BE\"},{\"@type\":\"WebPage\",\"@id\":\"https:\/\/vieassociative.be\/actualites\/comme-eupen-nest-pas-autorise-a-perdre-de-vue-kv-kortrijk-et-sk-beveren-aujourdhui-contre-la-creme-glacee\/\",\"url\":\"https:\/\/vieassociative.be\/actualites\/comme-eupen-nest-pas-autorise-a-perdre-de-vue-kv-kortrijk-et-sk-beveren-aujourdhui-contre-la-creme-glacee\/\",\"name\":\"Comme Eupen n'est pas autoris\u00e9 \u00e0 perdre de vue KV Kortrijk et Sk Beveren - aujourd'hui contre la cr\u00e8me glac\u00e9e | Vie Associative\",\"isPartOf\":{\"@id\":\"https:\/\/vieassociative.be\/actualites\/#website\"},\"primaryImageOfPage\":{\"@id\":\"https:\/\/vieassociative.be\/actualites\/comme-eupen-nest-pas-autorise-a-perdre-de-vue-kv-kortrijk-et-sk-beveren-aujourdhui-contre-la-creme-glacee\/#primaryimage\"},\"image\":{\"@id\":\"https:\/\/vieassociative.be\/actualites\/comme-eupen-nest-pas-autorise-a-perdre-de-vue-kv-kortrijk-et-sk-beveren-aujourdhui-contre-la-creme-glacee\/#primaryimage\"},\"thumbnailUrl\":\"https:\/\/vieassociative.be\/actualites\/wp-content\/uploads\/2025\/08\/Comme-Eupen-peut-progresser-dans-le-meilleur-groupe-lors-dune.jpg\",\"datePublished\":\"2025-09-20T14:18:30+00:00\",\"dateModified\":\"2025-09-20T14:18:30+00:00\",\"breadcrumb\":{\"@id\":\"https:\/\/vieassociative.be\/actualites\/comme-eupen-nest-pas-autorise-a-perdre-de-vue-kv-kortrijk-et-sk-beveren-aujourdhui-contre-la-creme-glacee\/#breadcrumb\"},\"inLanguage\":\"fr-BE\",\"potentialAction\":[{\"@type\":\"ReadAction\",\"target\":[\"https:\/\/vieassociative.be\/actualites\/comme-eupen-nest-pas-autorise-a-perdre-de-vue-kv-kortrijk-et-sk-beveren-aujourdhui-contre-la-creme-glacee\/\"]}]},{\"@type\":\"ImageObject\",\"inLanguage\":\"fr-BE\",\"@id\":\"https:\/\/vieassociative.be\/actualites\/comme-eupen-nest-pas-autorise-a-perdre-de-vue-kv-kortrijk-et-sk-beveren-aujourdhui-contre-la-creme-glacee\/#primaryimage\",\"url\":\"https:\/\/vieassociative.be\/actualites\/wp-content\/uploads\/2025\/08\/Comme-Eupen-peut-progresser-dans-le-meilleur-groupe-lors-dune.jpg\",\"contentUrl\":\"https:\/\/vieassociative.be\/actualites\/wp-content\/uploads\/2025\/08\/Comme-Eupen-peut-progresser-dans-le-meilleur-groupe-lors-dune.jpg\",\"width\":1200,\"height\":800,\"caption\":\"Comme Eupen peut progresser dans le meilleur groupe lors d'une victoire au champion national des quatre temps Lierse SK\"},{\"@type\":\"BreadcrumbList\",\"@id\":\"https:\/\/vieassociative.be\/actualites\/comme-eupen-nest-pas-autorise-a-perdre-de-vue-kv-kortrijk-et-sk-beveren-aujourdhui-contre-la-creme-glacee\/#breadcrumb\",\"itemListElement\":[{\"@type\":\"ListItem\",\"position\":1,\"name\":\"Accueil\",\"item\":\"https:\/\/vieassociative.be\/actualites\/\"},{\"@type\":\"ListItem\",\"position\":2,\"name\":\"Comme Eupen n&rsquo;est pas autoris\u00e9 \u00e0 perdre de vue KV Kortrijk et Sk Beveren &#8211; aujourd&rsquo;hui contre la cr\u00e8me glac\u00e9e\"}]},{\"@type\":\"WebSite\",\"@id\":\"https:\/\/vieassociative.be\/actualites\/#website\",\"url\":\"https:\/\/vieassociative.be\/actualites\/\",\"name\":\"Vie Associative\",\"description\":\"\",\"publisher\":{\"@id\":\"https:\/\/vieassociative.be\/actualites\/#organization\"},\"potentialAction\":[{\"@type\":\"SearchAction\",\"target\":{\"@type\":\"EntryPoint\",\"urlTemplate\":\"https:\/\/vieassociative.be\/actualites\/?s={search_term_string}\"},\"query-input\":{\"@type\":\"PropertyValueSpecification\",\"valueRequired\":true,\"valueName\":\"search_term_string\"}}],\"inLanguage\":\"fr-BE\"},{\"@type\":\"Organization\",\"@id\":\"https:\/\/vieassociative.be\/actualites\/#organization\",\"name\":\"Vie Associative\",\"url\":\"https:\/\/vieassociative.be\/actualites\/\",\"logo\":{\"@type\":\"ImageObject\",\"inLanguage\":\"fr-BE\",\"@id\":\"https:\/\/vieassociative.be\/actualites\/#\/schema\/logo\/image\/\",\"url\":\"https:\/\/vieassociative.be\/actualites\/wp-content\/uploads\/2024\/09\/cropped-vieassociative_favicon.ico.png\",\"contentUrl\":\"https:\/\/vieassociative.be\/actualites\/wp-content\/uploads\/2024\/09\/cropped-vieassociative_favicon.ico.png\",\"width\":512,\"height\":512,\"caption\":\"Vie Associative\"},\"image\":{\"@id\":\"https:\/\/vieassociative.be\/actualites\/#\/schema\/logo\/image\/\"}},{\"@type\":\"Person\",\"@id\":\"https:\/\/vieassociative.be\/actualites\/#\/schema\/person\/b87ac4f82f9d4e7b7cec7395b679edc4\",\"name\":\"Julien\",\"image\":{\"@type\":\"ImageObject\",\"inLanguage\":\"fr-BE\",\"@id\":\"https:\/\/vieassociative.be\/actualites\/#\/schema\/person\/image\/\",\"url\":\"https:\/\/vieassociative.be\/actualites\/wp-content\/uploads\/2024\/09\/vie-associative-1-150x150.jpg\",\"contentUrl\":\"https:\/\/vieassociative.be\/actualites\/wp-content\/uploads\/2024\/09\/vie-associative-1-150x150.jpg\",\"caption\":\"Julien\"},\"description\":\"Je suis Julien, r\u00e9dacteur pour Vie Associative. Passionn\u00e9 par le monde associatif depuis plus de 10 ans, j'ai \u00e0 c\u0153ur de partager des histoires inspirantes et de mettre en lumi\u00e8re les initiatives locales. Mon objectif est de sensibiliser et d'encourager l'engagement communautaire \u00e0 travers mes articles.\",\"sameAs\":[\"https:\/\/vieassociative.be\/\"]}]}<\/script>\n<!-- \/ Yoast SEO plugin. -->","yoast_head_json":{"title":"Comme Eupen n'est pas autoris\u00e9 \u00e0 perdre de vue KV Kortrijk et Sk Beveren - aujourd'hui contre la cr\u00e8me glac\u00e9e | Vie Associative","robots":{"index":"index","follow":"follow","max-snippet":"max-snippet:-1","max-image-preview":"max-image-preview:large","max-video-preview":"max-video-preview:-1"},"canonical":"https:\/\/vieassociative.be\/actualites\/comme-eupen-nest-pas-autorise-a-perdre-de-vue-kv-kortrijk-et-sk-beveren-aujourdhui-contre-la-creme-glacee\/","og_locale":"fr_FR","og_type":"article","og_title":"Comme Eupen n'est pas autoris\u00e9 \u00e0 perdre de vue KV Kortrijk et Sk Beveren - aujourd'hui contre la cr\u00e8me glac\u00e9e | Vie Associative","og_description":"Apr\u00e8s deux victoires cons\u00e9cutives dans le championnat contre Anderlecht Futures et \u00e0 Francs Borains, le club de deuxi\u00e8me division comme Eupen peut s&rsquo;orienter \u00e0 nouveau.","og_url":"https:\/\/vieassociative.be\/actualites\/comme-eupen-nest-pas-autorise-a-perdre-de-vue-kv-kortrijk-et-sk-beveren-aujourdhui-contre-la-creme-glacee\/","og_site_name":"Vie Associative","article_published_time":"2025-09-20T14:18:30+00:00","og_image":[{"width":279,"height":92,"url":"https:\/\/vieassociative.be\/actualites\/wp-content\/uploads\/2024\/09\/header_backgroundk-01-e1726694325946.png","type":"image\/png"}],"author":"Julien","twitter_card":"summary_large_image","twitter_misc":{"\u00c9crit par":"Julien","Dur\u00e9e de lecture est.":"1 minute"},"schema":{"@context":"https:\/\/schema.org","@graph":[{"@type":"Article","@id":"https:\/\/vieassociative.be\/actualites\/comme-eupen-nest-pas-autorise-a-perdre-de-vue-kv-kortrijk-et-sk-beveren-aujourdhui-contre-la-creme-glacee\/#article","isPartOf":{"@id":"https:\/\/vieassociative.be\/actualites\/comme-eupen-nest-pas-autorise-a-perdre-de-vue-kv-kortrijk-et-sk-beveren-aujourdhui-contre-la-creme-glacee\/"},"author":{"name":"Julien","@id":"https:\/\/vieassociative.be\/actualites\/#\/schema\/person\/b87ac4f82f9d4e7b7cec7395b679edc4"},"headline":"Comme Eupen n&rsquo;est pas autoris\u00e9 \u00e0 perdre de vue KV Kortrijk et Sk Beveren &#8211; aujourd&rsquo;hui contre la cr\u00e8me glac\u00e9e","datePublished":"2025-09-20T14:18:30+00:00","dateModified":"2025-09-20T14:18:30+00:00","mainEntityOfPage":{"@id":"https:\/\/vieassociative.be\/actualites\/comme-eupen-nest-pas-autorise-a-perdre-de-vue-kv-kortrijk-et-sk-beveren-aujourdhui-contre-la-creme-glacee\/"},"wordCount":305,"publisher":{"@id":"https:\/\/vieassociative.be\/actualites\/#organization"},"image":{"@id":"https:\/\/vieassociative.be\/actualites\/comme-eupen-nest-pas-autorise-a-perdre-de-vue-kv-kortrijk-et-sk-beveren-aujourdhui-contre-la-creme-glacee\/#primaryimage"},"thumbnailUrl":"https:\/\/vieassociative.be\/actualites\/wp-content\/uploads\/2025\/08\/Comme-Eupen-peut-progresser-dans-le-meilleur-groupe-lors-dune.jpg","keywords":["aujourdhui","autoris\u00e9","Beveren","comme","contre","cr\u00e8me","Eupen","glac\u00e9e","Kortrijk","nest","pas","perdre","vue"],"articleSection":["Belgique"],"inLanguage":"fr-BE"},{"@type":"WebPage","@id":"https:\/\/vieassociative.be\/actualites\/comme-eupen-nest-pas-autorise-a-perdre-de-vue-kv-kortrijk-et-sk-beveren-aujourdhui-contre-la-creme-glacee\/","url":"https:\/\/vieassociative.be\/actualites\/comme-eupen-nest-pas-autorise-a-perdre-de-vue-kv-kortrijk-et-sk-beveren-aujourdhui-contre-la-creme-glacee\/","name":"Comme Eupen n'est pas autoris\u00e9 \u00e0 perdre de vue KV Kortrijk et Sk Beveren - aujourd'hui contre la cr\u00e8me glac\u00e9e | Vie Associative","isPartOf":{"@id":"https:\/\/vieassociative.be\/actualites\/#website"},"primaryImageOfPage":{"@id":"https:\/\/vieassociative.be\/actualites\/comme-eupen-nest-pas-autorise-a-perdre-de-vue-kv-kortrijk-et-sk-beveren-aujourdhui-contre-la-creme-glacee\/#primaryimage"},"image":{"@id":"https:\/\/vieassociative.be\/actualites\/comme-eupen-nest-pas-autorise-a-perdre-de-vue-kv-kortrijk-et-sk-beveren-aujourdhui-contre-la-creme-glacee\/#primaryimage"},"thumbnailUrl":"https:\/\/vieassociative.be\/actualites\/wp-content\/uploads\/2025\/08\/Comme-Eupen-peut-progresser-dans-le-meilleur-groupe-lors-dune.jpg","datePublished":"2025-09-20T14:18:30+00:00","dateModified":"2025-09-20T14:18:30+00:00","breadcrumb":{"@id":"https:\/\/vieassociative.be\/actualites\/comme-eupen-nest-pas-autorise-a-perdre-de-vue-kv-kortrijk-et-sk-beveren-aujourdhui-contre-la-creme-glacee\/#breadcrumb"},"inLanguage":"fr-BE","potentialAction":[{"@type":"ReadAction","target":["https:\/\/vieassociative.be\/actualites\/comme-eupen-nest-pas-autorise-a-perdre-de-vue-kv-kortrijk-et-sk-beveren-aujourdhui-contre-la-creme-glacee\/"]}]},{"@type":"ImageObject","inLanguage":"fr-BE","@id":"https:\/\/vieassociative.be\/actualites\/comme-eupen-nest-pas-autorise-a-perdre-de-vue-kv-kortrijk-et-sk-beveren-aujourdhui-contre-la-creme-glacee\/#primaryimage","url":"https:\/\/vieassociative.be\/actualites\/wp-content\/uploads\/2025\/08\/Comme-Eupen-peut-progresser-dans-le-meilleur-groupe-lors-dune.jpg","contentUrl":"https:\/\/vieassociative.be\/actualites\/wp-content\/uploads\/2025\/08\/Comme-Eupen-peut-progresser-dans-le-meilleur-groupe-lors-dune.jpg","width":1200,"height":800,"caption":"Comme Eupen peut progresser dans le meilleur groupe lors d'une victoire au champion national des quatre temps Lierse SK"},{"@type":"BreadcrumbList","@id":"https:\/\/vieassociative.be\/actualites\/comme-eupen-nest-pas-autorise-a-perdre-de-vue-kv-kortrijk-et-sk-beveren-aujourdhui-contre-la-creme-glacee\/#breadcrumb","itemListElement":[{"@type":"ListItem","position":1,"name":"Accueil","item":"https:\/\/vieassociative.be\/actualites\/"},{"@type":"ListItem","position":2,"name":"Comme Eupen n&rsquo;est pas autoris\u00e9 \u00e0 perdre de vue KV Kortrijk et Sk Beveren &#8211; aujourd&rsquo;hui contre la cr\u00e8me glac\u00e9e"}]},{"@type":"WebSite","@id":"https:\/\/vieassociative.be\/actualites\/#website","url":"https:\/\/vieassociative.be\/actualites\/","name":"Vie Associative","description":"","publisher":{"@id":"https:\/\/vieassociative.be\/actualites\/#organization"},"potentialAction":[{"@type":"SearchAction","target":{"@type":"EntryPoint","urlTemplate":"https:\/\/vieassociative.be\/actualites\/?s={search_term_string}"},"query-input":{"@type":"PropertyValueSpecification","valueRequired":true,"valueName":"search_term_string"}}],"inLanguage":"fr-BE"},{"@type":"Organization","@id":"https:\/\/vieassociative.be\/actualites\/#organization","name":"Vie Associative","url":"https:\/\/vieassociative.be\/actualites\/","logo":{"@type":"ImageObject","inLanguage":"fr-BE","@id":"https:\/\/vieassociative.be\/actualites\/#\/schema\/logo\/image\/","url":"https:\/\/vieassociative.be\/actualites\/wp-content\/uploads\/2024\/09\/cropped-vieassociative_favicon.ico.png","contentUrl":"https:\/\/vieassociative.be\/actualites\/wp-content\/uploads\/2024\/09\/cropped-vieassociative_favicon.ico.png","width":512,"height":512,"caption":"Vie Associative"},"image":{"@id":"https:\/\/vieassociative.be\/actualites\/#\/schema\/logo\/image\/"}},{"@type":"Person","@id":"https:\/\/vieassociative.be\/actualites\/#\/schema\/person\/b87ac4f82f9d4e7b7cec7395b679edc4","name":"Julien","image":{"@type":"ImageObject","inLanguage":"fr-BE","@id":"https:\/\/vieassociative.be\/actualites\/#\/schema\/person\/image\/","url":"https:\/\/vieassociative.be\/actualites\/wp-content\/uploads\/2024\/09\/vie-associative-1-150x150.jpg","contentUrl":"https:\/\/vieassociative.be\/actualites\/wp-content\/uploads\/2024\/09\/vie-associative-1-150x150.jpg","caption":"Julien"},"description":"Je suis Julien, r\u00e9dacteur pour Vie Associative. Passionn\u00e9 par le monde associatif depuis plus de 10 ans, j'ai \u00e0 c\u0153ur de partager des histoires inspirantes et de mettre en lumi\u00e8re les initiatives locales. Mon objectif est de sensibiliser et d'encourager l'engagement communautaire \u00e0 travers mes articles.","sameAs":["https:\/\/vieassociative.be\/"]}]}},"_links":{"self":[{"href":"https:\/\/vieassociative.be\/actualites\/wp-json\/wp\/v2\/posts\/10149"}],"collection":[{"href":"https:\/\/vieassociative.be\/actualites\/wp-json\/wp\/v2\/posts"}],"about":[{"href":"https:\/\/vieassociative.be\/actualites\/wp-json\/wp\/v2\/types\/post"}],"author":[{"embeddable":true,"href":"https:\/\/vieassociative.be\/actualites\/wp-json\/wp\/v2\/users\/1"}],"replies":[{"embeddable":true,"href":"https:\/\/vieassociative.be\/actualites\/wp-json\/wp\/v2\/comments?post=10149"}],"version-history":[{"count":0,"href":"https:\/\/vieassociative.be\/actualites\/wp-json\/wp\/v2\/posts\/10149\/revisions"}],"wp:featuredmedia":[{"embeddable":true,"href":"https:\/\/vieassociative.be\/actualites\/wp-json\/wp\/v2\/media\/9584"}],"wp:attachment":[{"href":"https:\/\/vieassociative.be\/actualites\/wp-json\/wp\/v2\/media?parent=10149"}],"wp:term":[{"taxonomy":"category","embeddable":true,"href":"https:\/\/vieassociative.be\/actualites\/wp-json\/wp\/v2\/categories?post=10149"},{"taxonomy":"post_tag","embeddable":true,"href":"https:\/\/vieassociative.be\/actualites\/wp-json\/wp\/v2\/tags?post=10149"}],"curies":[{"name":"wp","href":"https:\/\/api.w.org\/{rel}","templated":true}]}}