{"id":10141,"date":"2025-09-20T03:17:54","date_gmt":"2025-09-20T01:17:54","guid":{"rendered":"https:\/\/vieassociative.be\/actualites\/microsoft-augmente-a-nouveau-les-prix-xbox\/"},"modified":"2025-09-20T03:17:54","modified_gmt":"2025-09-20T01:17:54","slug":"microsoft-augmente-a-nouveau-les-prix-xbox","status":"publish","type":"post","link":"https:\/\/vieassociative.be\/actualites\/microsoft-augmente-a-nouveau-les-prix-xbox\/","title":{"rendered":"Microsoft augmente \u00e0 nouveau les prix Xbox"},"content":{"rendered":"<div class=\"mt-4 leading-6 md:mb-8\">Il s&rsquo;agit de la deuxi\u00e8me hausse des prix des consoles cette ann\u00e9e.<\/div>\n<p><\/p>\n<p>On y va encore une fois. Apr\u00e8s avoir fait de la randonn\u00e9e du prix des consoles Xbox plus t\u00f4t cette ann\u00e9e, Microsoft vient d&rsquo;annoncer qu&rsquo;elle augmentait d\u00e9j\u00e0 les prix \u00e0 nouveau &#8211; la deuxi\u00e8me hausse des prix en quatre mois. D\u00e9sormais, m\u00eame la console la moins ch\u00e8re de Microsoft, la Xbox Series S, co\u00fbtera au moins 400 $.<\/p>\n<p>En tant que personne qui a obtenu une s\u00e9rie Xbox pour 150 $ il y a quelques ann\u00e9es, cela pique. (Certes, j&rsquo;ai eu une tr\u00e8s bonne affaire. Toujours.) Microsoft bl\u00e2me \u00ab\u00a0les changements dans l&rsquo;environnement macro\u00e9conomique\u00a0\u00bb pour les nouveaux prix, alors lisez ce que vous voulez. <\/p>\n<h2 id=\"how-much-more-expensive-will-the-xbox-be\">\u00c0 quel point la Xbox sera-t-elle plus ch\u00e8re?<\/h2>\n<p>Voici ce que les consoles de Microsoft co\u00fbteront apr\u00e8s que la nouvelle tarification ait eu effet:<\/p>\n<div class=\"mx-auto mb-12 mt-5 w-full max-w-3xl rounded-md border-2 border-gray-100 p-3 shadow-md md:px-7 md:pb-7 md:pt-5\" id=\"related-video\">\n<div class=\"mb-3 flex items-center md:mb-5\">\n        <img decoding=\"async\" class=\"mr-4 mt-0 h-10 w-10 md:mr-5 md:h-12 md:w-12\" src=\"https:\/\/vieassociative.be\/actualites\/wp-content\/uploads\/2025\/09\/1757726237_608_Meta-pourrait-devoiler-une-montre-intelligente-pour-controler-ses-lunettes.jpg\" alt=\"Logo Lifehacker\"><\/p><\/div>\n<div class=\"aspect-video w-full overflow-hidden rounded-md\">\n<div id=\"video-container-01K5JA7CN3CP1JT8PAKKHSYP7C\"><\/div>\n<\/p><\/div>\n<\/div>\n<ul>\n<li>\n<p>Xbox Series S (512 Go): 400 $ (\u00e9tait 380 $)<\/p>\n<\/li>\n<li>\n<p>Xbox Series S (1 To): 450 $ (\u00e9tait 430 $)<\/p>\n<\/li>\n<li>\n<p>Xbox Series X Digital Edition: 600 $ (\u00e9tait 550 $)<\/p>\n<\/li>\n<li>\n<p>S\u00e9rie Xbox X: 650 $ (\u00e9tait 600 $)<\/p>\n<\/li>\n<\/ul>\n<p>Gardez \u00e0 l&rsquo;esprit que m\u00eame apr\u00e8s la randonn\u00e9e de ses propres prix de Sony, les joueurs am\u00e9ricains peuvent toujours obtenir une PS5 pour 550 $ et une \u00e9dition num\u00e9rique PS5 pour 500 $. Oui, les consoles de Microsoft commencent techniquement moins ch\u00e8res, mais la s\u00e9rie S est plus comparable \u00e0 l&rsquo;interrupteur Nintendo d&rsquo;origine qu&rsquo;une s\u00e9rie Xbox S\u00e9rie X ou une PS5, et 400 $ est beaucoup \u00e0 payer pour cela, bien que le commutateur d&rsquo;origine ait \u00e9galement obtenu sa propre randonn\u00e9e de prix le mois dernier, et le mod\u00e8le OLED de cette machine vous co\u00fbtera \u00e9galement 400 $. Si vous comparez les pommes aux pommes, la console de Sony est sur le point d&rsquo;\u00eatre un peu moins ch\u00e8re que celle de Microsoft.<\/p>\n<p>Les joueurs qui r\u00e9digent les m\u00e9dias physiques seront le plus difficile, afin d&rsquo;obtenir un lecteur de disque sur votre machine, vous devez opter pour une Xbox Series X non num\u00e9rique, ce qui signifie que vous obtiendrez une augmentation de prix plus importante que vos pairs. Le dernier saut a augment\u00e9 la s\u00e9rie Xbox Up de 80 $ et la s\u00e9rie X par 100 $, tandis que celle-ci augmente la s\u00e9rie Sbox S de 20 $ et la s\u00e9rie Xbox S\u00e9rie X de 50 $. <\/p>\n<p>Du c\u00f4t\u00e9 positif, Microsoft a d\u00e9clar\u00e9 que les prix pour les contr\u00f4leurs et les casques \u00ab\u00a0resteront les m\u00eames\u00a0\u00bb, ce qui n&rsquo;est pas ainsi que cela s&rsquo;est pass\u00e9 la derni\u00e8re fois. Peut-\u00eatre que c&rsquo;est un indice sur la strat\u00e9gie globale de la console: Microsoft a beaucoup investi dans les jeux cloud r\u00e9cemment, et vous n&rsquo;avez m\u00eame pas besoin d&rsquo;une console pour jouer \u00e0 ses jeux. Dans ce cas, augmenter les prix sur son mat\u00e9riel est peut-\u00eatre un peu moins risqu\u00e9 pour le <em>Halo<\/em> les gens que le <em>Dieu de la guerre<\/em> ceux.<\/p>\n<p>Et je n&rsquo;ai m\u00eame pas abord\u00e9 la machine la plus ch\u00e8re de Microsoft. Si vous \u00eates un loyaliste Xbox et que vous voulez aller tout sur son \u00e9dition sp\u00e9ciale Black S\u00e9rie X Black de 2 To, qui vous co\u00fbtera d\u00e9sormais 800 $, une bosse de 70 $ dans le prix. Honn\u00eatement, \u00e0 ce moment-l\u00e0, vous pourriez probablement obtenir un PC \u00e0 la place.<\/p>\n<p>Il y a quelque chose que vous pouvez faire pour ces augmentations de prix, m\u00eame si cela a un peu envie de c\u00e9der \u00e0 une ran\u00e7on: ils n&rsquo;iront en vigueur que le 3 octobre, donc si vous \u00e9tiez toujours sur la cl\u00f4ture pour obtenir une Xbox, il est maintenant temps d&rsquo;agir. Vous devrez toujours faire face \u00e0 la hausse des prix de mai, mais au moins vous \u00e9conomiserez entre 20 $ et 70 $.<\/p>\n","protected":false},"excerpt":{"rendered":"<p>Il s&rsquo;agit de la deuxi\u00e8me hausse des prix des consoles cette ann\u00e9e. On y va encore une fois. Apr\u00e8s avoir fait de la randonn\u00e9e du<\/p>\n","protected":false},"author":1,"featured_media":10142,"comment_status":"","ping_status":"","sticky":false,"template":"","format":"standard","meta":{"footnotes":""},"categories":[36],"tags":[2803,14,1190,553,1399,229],"class_list":["post-10141","post","type-post","status-publish","format-standard","has-post-thumbnail","hentry","category-divertissement","tag-augmente","tag-les","tag-microsoft","tag-nouveau","tag-prix","tag-xbox","generate-columns","tablet-grid-50","mobile-grid-100","grid-parent","grid-33"],"yoast_head":"<!-- This site is optimized with the Yoast SEO plugin v24.0 - https:\/\/yoast.com\/wordpress\/plugins\/seo\/ -->\n<title>Microsoft augmente \u00e0 nouveau les prix Xbox | Vie Associative<\/title>\n<meta name=\"robots\" content=\"index, follow, max-snippet:-1, max-image-preview:large, max-video-preview:-1\" \/>\n<link rel=\"canonical\" href=\"https:\/\/vieassociative.be\/actualites\/microsoft-augmente-a-nouveau-les-prix-xbox\/\" \/>\n<meta property=\"og:locale\" content=\"fr_FR\" \/>\n<meta property=\"og:type\" content=\"article\" \/>\n<meta property=\"og:title\" content=\"Microsoft augmente \u00e0 nouveau les prix Xbox | Vie Associative\" \/>\n<meta property=\"og:description\" content=\"Il s&rsquo;agit de la deuxi\u00e8me hausse des prix des consoles cette ann\u00e9e. On y va encore une fois. Apr\u00e8s avoir fait de la randonn\u00e9e du\" \/>\n<meta property=\"og:url\" content=\"https:\/\/vieassociative.be\/actualites\/microsoft-augmente-a-nouveau-les-prix-xbox\/\" \/>\n<meta property=\"og:site_name\" content=\"Vie Associative\" \/>\n<meta property=\"article:published_time\" content=\"2025-09-20T01:17:54+00:00\" \/>\n<meta property=\"og:image\" content=\"https:\/\/vieassociative.be\/actualites\/wp-content\/uploads\/2025\/09\/1757726237_608_Meta-pourrait-devoiler-une-montre-intelligente-pour-controler-ses-lunettes.jpg\" \/>\n<meta name=\"author\" content=\"Julien\" \/>\n<meta name=\"twitter:card\" content=\"summary_large_image\" \/>\n<meta name=\"twitter:label1\" content=\"\u00c9crit par\" \/>\n\t<meta name=\"twitter:data1\" content=\"Julien\" \/>\n\t<meta name=\"twitter:label2\" content=\"Dur\u00e9e de lecture est.\" \/>\n\t<meta name=\"twitter:data2\" content=\"3 minutes\" \/>\n<script type=\"application\/ld+json\" class=\"yoast-schema-graph\">{\"@context\":\"https:\/\/schema.org\",\"@graph\":[{\"@type\":\"Article\",\"@id\":\"https:\/\/vieassociative.be\/actualites\/microsoft-augmente-a-nouveau-les-prix-xbox\/#article\",\"isPartOf\":{\"@id\":\"https:\/\/vieassociative.be\/actualites\/microsoft-augmente-a-nouveau-les-prix-xbox\/\"},\"author\":{\"name\":\"Julien\",\"@id\":\"https:\/\/vieassociative.be\/actualites\/#\/schema\/person\/b87ac4f82f9d4e7b7cec7395b679edc4\"},\"headline\":\"Microsoft augmente \u00e0 nouveau les prix Xbox\",\"datePublished\":\"2025-09-20T01:17:54+00:00\",\"dateModified\":\"2025-09-20T01:17:54+00:00\",\"mainEntityOfPage\":{\"@id\":\"https:\/\/vieassociative.be\/actualites\/microsoft-augmente-a-nouveau-les-prix-xbox\/\"},\"wordCount\":643,\"publisher\":{\"@id\":\"https:\/\/vieassociative.be\/actualites\/#organization\"},\"image\":{\"@id\":\"https:\/\/vieassociative.be\/actualites\/microsoft-augmente-a-nouveau-les-prix-xbox\/#primaryimage\"},\"thumbnailUrl\":\"https:\/\/vieassociative.be\/actualites\/wp-content\/uploads\/2025\/09\/Microsoft-augmente-a-nouveau-les-prix-Xbox.png\",\"keywords\":[\"augmente\",\"Les\",\"Microsoft\",\"nouveau\",\"prix\",\"Xbox\"],\"articleSection\":[\"Divertissement\"],\"inLanguage\":\"fr-BE\"},{\"@type\":\"WebPage\",\"@id\":\"https:\/\/vieassociative.be\/actualites\/microsoft-augmente-a-nouveau-les-prix-xbox\/\",\"url\":\"https:\/\/vieassociative.be\/actualites\/microsoft-augmente-a-nouveau-les-prix-xbox\/\",\"name\":\"Microsoft augmente \u00e0 nouveau les prix Xbox | Vie Associative\",\"isPartOf\":{\"@id\":\"https:\/\/vieassociative.be\/actualites\/#website\"},\"primaryImageOfPage\":{\"@id\":\"https:\/\/vieassociative.be\/actualites\/microsoft-augmente-a-nouveau-les-prix-xbox\/#primaryimage\"},\"image\":{\"@id\":\"https:\/\/vieassociative.be\/actualites\/microsoft-augmente-a-nouveau-les-prix-xbox\/#primaryimage\"},\"thumbnailUrl\":\"https:\/\/vieassociative.be\/actualites\/wp-content\/uploads\/2025\/09\/Microsoft-augmente-a-nouveau-les-prix-Xbox.png\",\"datePublished\":\"2025-09-20T01:17:54+00:00\",\"dateModified\":\"2025-09-20T01:17:54+00:00\",\"breadcrumb\":{\"@id\":\"https:\/\/vieassociative.be\/actualites\/microsoft-augmente-a-nouveau-les-prix-xbox\/#breadcrumb\"},\"inLanguage\":\"fr-BE\",\"potentialAction\":[{\"@type\":\"ReadAction\",\"target\":[\"https:\/\/vieassociative.be\/actualites\/microsoft-augmente-a-nouveau-les-prix-xbox\/\"]}]},{\"@type\":\"ImageObject\",\"inLanguage\":\"fr-BE\",\"@id\":\"https:\/\/vieassociative.be\/actualites\/microsoft-augmente-a-nouveau-les-prix-xbox\/#primaryimage\",\"url\":\"https:\/\/vieassociative.be\/actualites\/wp-content\/uploads\/2025\/09\/Microsoft-augmente-a-nouveau-les-prix-Xbox.png\",\"contentUrl\":\"https:\/\/vieassociative.be\/actualites\/wp-content\/uploads\/2025\/09\/Microsoft-augmente-a-nouveau-les-prix-Xbox.png\",\"width\":1200,\"height\":675,\"caption\":\"Microsoft augmente \u00e0 nouveau les prix Xbox\"},{\"@type\":\"BreadcrumbList\",\"@id\":\"https:\/\/vieassociative.be\/actualites\/microsoft-augmente-a-nouveau-les-prix-xbox\/#breadcrumb\",\"itemListElement\":[{\"@type\":\"ListItem\",\"position\":1,\"name\":\"Accueil\",\"item\":\"https:\/\/vieassociative.be\/actualites\/\"},{\"@type\":\"ListItem\",\"position\":2,\"name\":\"Microsoft augmente \u00e0 nouveau les prix Xbox\"}]},{\"@type\":\"WebSite\",\"@id\":\"https:\/\/vieassociative.be\/actualites\/#website\",\"url\":\"https:\/\/vieassociative.be\/actualites\/\",\"name\":\"Vie Associative\",\"description\":\"\",\"publisher\":{\"@id\":\"https:\/\/vieassociative.be\/actualites\/#organization\"},\"potentialAction\":[{\"@type\":\"SearchAction\",\"target\":{\"@type\":\"EntryPoint\",\"urlTemplate\":\"https:\/\/vieassociative.be\/actualites\/?s={search_term_string}\"},\"query-input\":{\"@type\":\"PropertyValueSpecification\",\"valueRequired\":true,\"valueName\":\"search_term_string\"}}],\"inLanguage\":\"fr-BE\"},{\"@type\":\"Organization\",\"@id\":\"https:\/\/vieassociative.be\/actualites\/#organization\",\"name\":\"Vie Associative\",\"url\":\"https:\/\/vieassociative.be\/actualites\/\",\"logo\":{\"@type\":\"ImageObject\",\"inLanguage\":\"fr-BE\",\"@id\":\"https:\/\/vieassociative.be\/actualites\/#\/schema\/logo\/image\/\",\"url\":\"https:\/\/vieassociative.be\/actualites\/wp-content\/uploads\/2024\/09\/cropped-vieassociative_favicon.ico.png\",\"contentUrl\":\"https:\/\/vieassociative.be\/actualites\/wp-content\/uploads\/2024\/09\/cropped-vieassociative_favicon.ico.png\",\"width\":512,\"height\":512,\"caption\":\"Vie Associative\"},\"image\":{\"@id\":\"https:\/\/vieassociative.be\/actualites\/#\/schema\/logo\/image\/\"}},{\"@type\":\"Person\",\"@id\":\"https:\/\/vieassociative.be\/actualites\/#\/schema\/person\/b87ac4f82f9d4e7b7cec7395b679edc4\",\"name\":\"Julien\",\"image\":{\"@type\":\"ImageObject\",\"inLanguage\":\"fr-BE\",\"@id\":\"https:\/\/vieassociative.be\/actualites\/#\/schema\/person\/image\/\",\"url\":\"https:\/\/vieassociative.be\/actualites\/wp-content\/uploads\/2024\/09\/vie-associative-1-150x150.jpg\",\"contentUrl\":\"https:\/\/vieassociative.be\/actualites\/wp-content\/uploads\/2024\/09\/vie-associative-1-150x150.jpg\",\"caption\":\"Julien\"},\"description\":\"Je suis Julien, r\u00e9dacteur pour Vie Associative. Passionn\u00e9 par le monde associatif depuis plus de 10 ans, j'ai \u00e0 c\u0153ur de partager des histoires inspirantes et de mettre en lumi\u00e8re les initiatives locales. Mon objectif est de sensibiliser et d'encourager l'engagement communautaire \u00e0 travers mes articles.\",\"sameAs\":[\"https:\/\/vieassociative.be\/\"]}]}<\/script>\n<!-- \/ Yoast SEO plugin. -->","yoast_head_json":{"title":"Microsoft augmente \u00e0 nouveau les prix Xbox | Vie Associative","robots":{"index":"index","follow":"follow","max-snippet":"max-snippet:-1","max-image-preview":"max-image-preview:large","max-video-preview":"max-video-preview:-1"},"canonical":"https:\/\/vieassociative.be\/actualites\/microsoft-augmente-a-nouveau-les-prix-xbox\/","og_locale":"fr_FR","og_type":"article","og_title":"Microsoft augmente \u00e0 nouveau les prix Xbox | Vie Associative","og_description":"Il s&rsquo;agit de la deuxi\u00e8me hausse des prix des consoles cette ann\u00e9e. On y va encore une fois. Apr\u00e8s avoir fait de la randonn\u00e9e du","og_url":"https:\/\/vieassociative.be\/actualites\/microsoft-augmente-a-nouveau-les-prix-xbox\/","og_site_name":"Vie Associative","article_published_time":"2025-09-20T01:17:54+00:00","og_image":[{"url":"https:\/\/vieassociative.be\/actualites\/wp-content\/uploads\/2025\/09\/1757726237_608_Meta-pourrait-devoiler-une-montre-intelligente-pour-controler-ses-lunettes.jpg","type":"","width":"","height":""}],"author":"Julien","twitter_card":"summary_large_image","twitter_misc":{"\u00c9crit par":"Julien","Dur\u00e9e de lecture est.":"3 minutes"},"schema":{"@context":"https:\/\/schema.org","@graph":[{"@type":"Article","@id":"https:\/\/vieassociative.be\/actualites\/microsoft-augmente-a-nouveau-les-prix-xbox\/#article","isPartOf":{"@id":"https:\/\/vieassociative.be\/actualites\/microsoft-augmente-a-nouveau-les-prix-xbox\/"},"author":{"name":"Julien","@id":"https:\/\/vieassociative.be\/actualites\/#\/schema\/person\/b87ac4f82f9d4e7b7cec7395b679edc4"},"headline":"Microsoft augmente \u00e0 nouveau les prix Xbox","datePublished":"2025-09-20T01:17:54+00:00","dateModified":"2025-09-20T01:17:54+00:00","mainEntityOfPage":{"@id":"https:\/\/vieassociative.be\/actualites\/microsoft-augmente-a-nouveau-les-prix-xbox\/"},"wordCount":643,"publisher":{"@id":"https:\/\/vieassociative.be\/actualites\/#organization"},"image":{"@id":"https:\/\/vieassociative.be\/actualites\/microsoft-augmente-a-nouveau-les-prix-xbox\/#primaryimage"},"thumbnailUrl":"https:\/\/vieassociative.be\/actualites\/wp-content\/uploads\/2025\/09\/Microsoft-augmente-a-nouveau-les-prix-Xbox.png","keywords":["augmente","Les","Microsoft","nouveau","prix","Xbox"],"articleSection":["Divertissement"],"inLanguage":"fr-BE"},{"@type":"WebPage","@id":"https:\/\/vieassociative.be\/actualites\/microsoft-augmente-a-nouveau-les-prix-xbox\/","url":"https:\/\/vieassociative.be\/actualites\/microsoft-augmente-a-nouveau-les-prix-xbox\/","name":"Microsoft augmente \u00e0 nouveau les prix Xbox | Vie Associative","isPartOf":{"@id":"https:\/\/vieassociative.be\/actualites\/#website"},"primaryImageOfPage":{"@id":"https:\/\/vieassociative.be\/actualites\/microsoft-augmente-a-nouveau-les-prix-xbox\/#primaryimage"},"image":{"@id":"https:\/\/vieassociative.be\/actualites\/microsoft-augmente-a-nouveau-les-prix-xbox\/#primaryimage"},"thumbnailUrl":"https:\/\/vieassociative.be\/actualites\/wp-content\/uploads\/2025\/09\/Microsoft-augmente-a-nouveau-les-prix-Xbox.png","datePublished":"2025-09-20T01:17:54+00:00","dateModified":"2025-09-20T01:17:54+00:00","breadcrumb":{"@id":"https:\/\/vieassociative.be\/actualites\/microsoft-augmente-a-nouveau-les-prix-xbox\/#breadcrumb"},"inLanguage":"fr-BE","potentialAction":[{"@type":"ReadAction","target":["https:\/\/vieassociative.be\/actualites\/microsoft-augmente-a-nouveau-les-prix-xbox\/"]}]},{"@type":"ImageObject","inLanguage":"fr-BE","@id":"https:\/\/vieassociative.be\/actualites\/microsoft-augmente-a-nouveau-les-prix-xbox\/#primaryimage","url":"https:\/\/vieassociative.be\/actualites\/wp-content\/uploads\/2025\/09\/Microsoft-augmente-a-nouveau-les-prix-Xbox.png","contentUrl":"https:\/\/vieassociative.be\/actualites\/wp-content\/uploads\/2025\/09\/Microsoft-augmente-a-nouveau-les-prix-Xbox.png","width":1200,"height":675,"caption":"Microsoft augmente \u00e0 nouveau les prix Xbox"},{"@type":"BreadcrumbList","@id":"https:\/\/vieassociative.be\/actualites\/microsoft-augmente-a-nouveau-les-prix-xbox\/#breadcrumb","itemListElement":[{"@type":"ListItem","position":1,"name":"Accueil","item":"https:\/\/vieassociative.be\/actualites\/"},{"@type":"ListItem","position":2,"name":"Microsoft augmente \u00e0 nouveau les prix Xbox"}]},{"@type":"WebSite","@id":"https:\/\/vieassociative.be\/actualites\/#website","url":"https:\/\/vieassociative.be\/actualites\/","name":"Vie Associative","description":"","publisher":{"@id":"https:\/\/vieassociative.be\/actualites\/#organization"},"potentialAction":[{"@type":"SearchAction","target":{"@type":"EntryPoint","urlTemplate":"https:\/\/vieassociative.be\/actualites\/?s={search_term_string}"},"query-input":{"@type":"PropertyValueSpecification","valueRequired":true,"valueName":"search_term_string"}}],"inLanguage":"fr-BE"},{"@type":"Organization","@id":"https:\/\/vieassociative.be\/actualites\/#organization","name":"Vie Associative","url":"https:\/\/vieassociative.be\/actualites\/","logo":{"@type":"ImageObject","inLanguage":"fr-BE","@id":"https:\/\/vieassociative.be\/actualites\/#\/schema\/logo\/image\/","url":"https:\/\/vieassociative.be\/actualites\/wp-content\/uploads\/2024\/09\/cropped-vieassociative_favicon.ico.png","contentUrl":"https:\/\/vieassociative.be\/actualites\/wp-content\/uploads\/2024\/09\/cropped-vieassociative_favicon.ico.png","width":512,"height":512,"caption":"Vie Associative"},"image":{"@id":"https:\/\/vieassociative.be\/actualites\/#\/schema\/logo\/image\/"}},{"@type":"Person","@id":"https:\/\/vieassociative.be\/actualites\/#\/schema\/person\/b87ac4f82f9d4e7b7cec7395b679edc4","name":"Julien","image":{"@type":"ImageObject","inLanguage":"fr-BE","@id":"https:\/\/vieassociative.be\/actualites\/#\/schema\/person\/image\/","url":"https:\/\/vieassociative.be\/actualites\/wp-content\/uploads\/2024\/09\/vie-associative-1-150x150.jpg","contentUrl":"https:\/\/vieassociative.be\/actualites\/wp-content\/uploads\/2024\/09\/vie-associative-1-150x150.jpg","caption":"Julien"},"description":"Je suis Julien, r\u00e9dacteur pour Vie Associative. Passionn\u00e9 par le monde associatif depuis plus de 10 ans, j'ai \u00e0 c\u0153ur de partager des histoires inspirantes et de mettre en lumi\u00e8re les initiatives locales. Mon objectif est de sensibiliser et d'encourager l'engagement communautaire \u00e0 travers mes articles.","sameAs":["https:\/\/vieassociative.be\/"]}]}},"_links":{"self":[{"href":"https:\/\/vieassociative.be\/actualites\/wp-json\/wp\/v2\/posts\/10141"}],"collection":[{"href":"https:\/\/vieassociative.be\/actualites\/wp-json\/wp\/v2\/posts"}],"about":[{"href":"https:\/\/vieassociative.be\/actualites\/wp-json\/wp\/v2\/types\/post"}],"author":[{"embeddable":true,"href":"https:\/\/vieassociative.be\/actualites\/wp-json\/wp\/v2\/users\/1"}],"replies":[{"embeddable":true,"href":"https:\/\/vieassociative.be\/actualites\/wp-json\/wp\/v2\/comments?post=10141"}],"version-history":[{"count":0,"href":"https:\/\/vieassociative.be\/actualites\/wp-json\/wp\/v2\/posts\/10141\/revisions"}],"wp:featuredmedia":[{"embeddable":true,"href":"https:\/\/vieassociative.be\/actualites\/wp-json\/wp\/v2\/media\/10142"}],"wp:attachment":[{"href":"https:\/\/vieassociative.be\/actualites\/wp-json\/wp\/v2\/media?parent=10141"}],"wp:term":[{"taxonomy":"category","embeddable":true,"href":"https:\/\/vieassociative.be\/actualites\/wp-json\/wp\/v2\/categories?post=10141"},{"taxonomy":"post_tag","embeddable":true,"href":"https:\/\/vieassociative.be\/actualites\/wp-json\/wp\/v2\/tags?post=10141"}],"curies":[{"name":"wp","href":"https:\/\/api.w.org\/{rel}","templated":true}]}}