{"id":10139,"date":"2025-09-19T22:17:04","date_gmt":"2025-09-19T20:17:04","guid":{"rendered":"https:\/\/vieassociative.be\/actualites\/que-deviendra-lancienne-ecole-de-filles\/"},"modified":"2025-09-19T22:17:04","modified_gmt":"2025-09-19T20:17:04","slug":"que-deviendra-lancienne-ecole-de-filles","status":"publish","type":"post","link":"https:\/\/vieassociative.be\/actualites\/que-deviendra-lancienne-ecole-de-filles\/","title":{"rendered":"Que deviendra l&rsquo;ancienne \u00e9cole de filles?"},"content":{"rendered":"<p><strong>La vie a une fois puls\u00e9 dans l&rsquo;ancienne \u00e9cole de filles de Schulstra\u00dfe 18 \u00e0 Eupen. Aujourd&rsquo;hui, le b\u00e2timent est une ruine avec laquelle la DG, qui est propri\u00e9taire depuis 2017, ne sait plus comment commencer. L&rsquo;objet historique, qui est maintenant un b\u00e2timent r\u00e9pertori\u00e9, doit \u00eatre vendu.<\/strong><\/p>\n<p><span id=\"more-424916\"><\/span>Il a \u00e9t\u00e9 construit au 19e si\u00e8cle. \u00c0 cette \u00e9poque, le commerce et l&rsquo;industrie \u00e0 Eupen ont fait naissance \u00e0 un saut \u00e0 Eupen. Les tissus ont \u00e9t\u00e9 \u00e9largis ou reconstruits. Les institutions scolaires \u00e9taient urgentes pour les enfants des travailleurs en croissance, y compris les femmes.<\/p>\n<p>Apr\u00e8s l&rsquo;introduction de la scolarit\u00e9 obligatoire par le gouvernement prussien, les institutions scolaires ont \u00e9merg\u00e9 qui devrait assurer la garde des enfants aux enfants tout au long de la journ\u00e9e, l&rsquo;\u00e9ducation et une certaine \u00e9ducation. Enfin et surtout, la lib\u00e9ration et l&rsquo;exemption de la population active des t\u00e2ches de soins \u00e9taient destin\u00e9es.<\/p>\n<div id=\"attachment_99709\" class=\"wp-caption alignleft\" style=\"max-width: 300px\"><img fetchpriority=\"high\" decoding=\"async\" class=\"wp-image-99709 size-medium\" src=\"https:\/\/vieassociative.be\/actualites\/wp-content\/uploads\/2025\/09\/Que-deviendra-lancienne-ecole-de-filles.jpeg\" alt=\"\" width=\"300\" height=\"200\"  ><\/div>\n<p>\u00ab\u00a0La propri\u00e9t\u00e9 est un t\u00e9moignage de projets de construction socio-politique pour am\u00e9liorer les conditions de vie et les perspectives d&rsquo;avenir des jeunes \u00e0 l&rsquo;\u00e9poque\u00a0\u00bb, a indiqu\u00e9 la proposition en mai 2018 par le monument royal et la Commission de protection contre le paysage en tant que monument. En plus des raisons sociopolitiques, des raisons architecturales-historiques et des raisons d&rsquo;urbanisme ont \u00e9galement parl\u00e9 que le gouvernement de la DG 2019 a adopt\u00e9 un d\u00e9cret du b\u00e2timent en tant que monument.<\/p>\n<p>La DG avait repris le b\u00e2timent de la ville d&rsquo;Eupen fin 2017. Entre-temps, des pi\u00e8ces \u00e9taient utilis\u00e9es comme club de jeunes (\u00ab\u00a0X-dream\u00a0\u00bb) ou par l&rsquo;usine de gaz et la Croix-Rouge; Il y a \u00e9galement eu plusieurs id\u00e9es de projets (appartements seniors, plans de conversion) dans le pass\u00e9.<\/p>\n<p>Parce que le minist\u00e8re de la DG est \u00e9largi et augment\u00e9 aujourd&rsquo;hui \u00e0 Gospertsstra\u00dfe et que l&rsquo;ancien palais de justice peut \u00e9galement \u00eatre utilis\u00e9 pour accueillir les services individuels, la cour d&rsquo;\u00e9cole de l&rsquo;ancienne \u00e9cole de filles de Schulstrasse pour le minist\u00e8re ne s&rsquo;int\u00e9resse qu&rsquo;\u00e0 un parking provisoire. Et m\u00eame si peu de temps, parce que Stephan F\u00f6rster, secr\u00e9taire g\u00e9n\u00e9ral du minist\u00e8re, suppose que les employ\u00e9s de son administration trouveront largement leur moyen de travailler \u00e0 pied, \u00e0 v\u00e9lo ou dans les communaut\u00e9s mobiles. (Cre)<\/p>\n","protected":false},"excerpt":{"rendered":"<p>La vie a une fois puls\u00e9 dans l&rsquo;ancienne \u00e9cole de filles de Schulstra\u00dfe 18 \u00e0 Eupen. Aujourd&rsquo;hui, le b\u00e2timent est une ruine avec laquelle la<\/p>\n","protected":false},"author":1,"featured_media":10140,"comment_status":"","ping_status":"","sticky":false,"template":"","format":"standard","meta":{"footnotes":""},"categories":[298],"tags":[8361,8615,4322,214],"class_list":["post-10139","post","type-post","status-publish","format-standard","has-post-thumbnail","hentry","category-belgique","tag-deviendra","tag-ecole","tag-filles","tag-lancienne","generate-columns","tablet-grid-50","mobile-grid-100","grid-parent","grid-33"],"yoast_head":"<!-- This site is optimized with the Yoast SEO plugin v24.0 - https:\/\/yoast.com\/wordpress\/plugins\/seo\/ -->\n<title>Que deviendra l&#039;ancienne \u00e9cole de filles? | Vie Associative<\/title>\n<meta name=\"robots\" content=\"index, follow, max-snippet:-1, max-image-preview:large, max-video-preview:-1\" \/>\n<link rel=\"canonical\" href=\"https:\/\/vieassociative.be\/actualites\/que-deviendra-lancienne-ecole-de-filles\/\" \/>\n<meta property=\"og:locale\" content=\"fr_FR\" \/>\n<meta property=\"og:type\" content=\"article\" \/>\n<meta property=\"og:title\" content=\"Que deviendra l&#039;ancienne \u00e9cole de filles? | Vie Associative\" \/>\n<meta property=\"og:description\" content=\"La vie a une fois puls\u00e9 dans l&rsquo;ancienne \u00e9cole de filles de Schulstra\u00dfe 18 \u00e0 Eupen. Aujourd&rsquo;hui, le b\u00e2timent est une ruine avec laquelle la\" \/>\n<meta property=\"og:url\" content=\"https:\/\/vieassociative.be\/actualites\/que-deviendra-lancienne-ecole-de-filles\/\" \/>\n<meta property=\"og:site_name\" content=\"Vie Associative\" \/>\n<meta property=\"article:published_time\" content=\"2025-09-19T20:17:04+00:00\" \/>\n<meta property=\"og:image\" content=\"https:\/\/vieassociative.be\/actualites\/wp-content\/uploads\/2024\/09\/header_backgroundk-01-e1726694325946.png\" \/>\n\t<meta property=\"og:image:width\" content=\"279\" \/>\n\t<meta property=\"og:image:height\" content=\"92\" \/>\n\t<meta property=\"og:image:type\" content=\"image\/png\" \/>\n<meta name=\"author\" content=\"Julien\" \/>\n<meta name=\"twitter:card\" content=\"summary_large_image\" \/>\n<meta name=\"twitter:label1\" content=\"\u00c9crit par\" \/>\n\t<meta name=\"twitter:data1\" content=\"Julien\" \/>\n\t<meta name=\"twitter:label2\" content=\"Dur\u00e9e de lecture est.\" \/>\n\t<meta name=\"twitter:data2\" content=\"2 minutes\" \/>\n<script type=\"application\/ld+json\" class=\"yoast-schema-graph\">{\"@context\":\"https:\/\/schema.org\",\"@graph\":[{\"@type\":\"Article\",\"@id\":\"https:\/\/vieassociative.be\/actualites\/que-deviendra-lancienne-ecole-de-filles\/#article\",\"isPartOf\":{\"@id\":\"https:\/\/vieassociative.be\/actualites\/que-deviendra-lancienne-ecole-de-filles\/\"},\"author\":{\"name\":\"Julien\",\"@id\":\"https:\/\/vieassociative.be\/actualites\/#\/schema\/person\/b87ac4f82f9d4e7b7cec7395b679edc4\"},\"headline\":\"Que deviendra l&rsquo;ancienne \u00e9cole de filles?\",\"datePublished\":\"2025-09-19T20:17:04+00:00\",\"dateModified\":\"2025-09-19T20:17:04+00:00\",\"mainEntityOfPage\":{\"@id\":\"https:\/\/vieassociative.be\/actualites\/que-deviendra-lancienne-ecole-de-filles\/\"},\"wordCount\":400,\"publisher\":{\"@id\":\"https:\/\/vieassociative.be\/actualites\/#organization\"},\"image\":{\"@id\":\"https:\/\/vieassociative.be\/actualites\/que-deviendra-lancienne-ecole-de-filles\/#primaryimage\"},\"thumbnailUrl\":\"https:\/\/vieassociative.be\/actualites\/wp-content\/uploads\/2025\/09\/Que-deviendra-lancienne-ecole-de-filles.jpg\",\"keywords\":[\"deviendra\",\"\u00e9cole\",\"filles\",\"lancienne\"],\"articleSection\":[\"Belgique\"],\"inLanguage\":\"fr-BE\"},{\"@type\":\"WebPage\",\"@id\":\"https:\/\/vieassociative.be\/actualites\/que-deviendra-lancienne-ecole-de-filles\/\",\"url\":\"https:\/\/vieassociative.be\/actualites\/que-deviendra-lancienne-ecole-de-filles\/\",\"name\":\"Que deviendra l'ancienne \u00e9cole de filles? | Vie Associative\",\"isPartOf\":{\"@id\":\"https:\/\/vieassociative.be\/actualites\/#website\"},\"primaryImageOfPage\":{\"@id\":\"https:\/\/vieassociative.be\/actualites\/que-deviendra-lancienne-ecole-de-filles\/#primaryimage\"},\"image\":{\"@id\":\"https:\/\/vieassociative.be\/actualites\/que-deviendra-lancienne-ecole-de-filles\/#primaryimage\"},\"thumbnailUrl\":\"https:\/\/vieassociative.be\/actualites\/wp-content\/uploads\/2025\/09\/Que-deviendra-lancienne-ecole-de-filles.jpg\",\"datePublished\":\"2025-09-19T20:17:04+00:00\",\"dateModified\":\"2025-09-19T20:17:04+00:00\",\"breadcrumb\":{\"@id\":\"https:\/\/vieassociative.be\/actualites\/que-deviendra-lancienne-ecole-de-filles\/#breadcrumb\"},\"inLanguage\":\"fr-BE\",\"potentialAction\":[{\"@type\":\"ReadAction\",\"target\":[\"https:\/\/vieassociative.be\/actualites\/que-deviendra-lancienne-ecole-de-filles\/\"]}]},{\"@type\":\"ImageObject\",\"inLanguage\":\"fr-BE\",\"@id\":\"https:\/\/vieassociative.be\/actualites\/que-deviendra-lancienne-ecole-de-filles\/#primaryimage\",\"url\":\"https:\/\/vieassociative.be\/actualites\/wp-content\/uploads\/2025\/09\/Que-deviendra-lancienne-ecole-de-filles.jpg\",\"contentUrl\":\"https:\/\/vieassociative.be\/actualites\/wp-content\/uploads\/2025\/09\/Que-deviendra-lancienne-ecole-de-filles.jpg\",\"width\":1200,\"height\":900,\"caption\":\"Que deviendra l'ancienne \u00e9cole de filles?\"},{\"@type\":\"BreadcrumbList\",\"@id\":\"https:\/\/vieassociative.be\/actualites\/que-deviendra-lancienne-ecole-de-filles\/#breadcrumb\",\"itemListElement\":[{\"@type\":\"ListItem\",\"position\":1,\"name\":\"Accueil\",\"item\":\"https:\/\/vieassociative.be\/actualites\/\"},{\"@type\":\"ListItem\",\"position\":2,\"name\":\"Que deviendra l&rsquo;ancienne \u00e9cole de filles?\"}]},{\"@type\":\"WebSite\",\"@id\":\"https:\/\/vieassociative.be\/actualites\/#website\",\"url\":\"https:\/\/vieassociative.be\/actualites\/\",\"name\":\"Vie Associative\",\"description\":\"\",\"publisher\":{\"@id\":\"https:\/\/vieassociative.be\/actualites\/#organization\"},\"potentialAction\":[{\"@type\":\"SearchAction\",\"target\":{\"@type\":\"EntryPoint\",\"urlTemplate\":\"https:\/\/vieassociative.be\/actualites\/?s={search_term_string}\"},\"query-input\":{\"@type\":\"PropertyValueSpecification\",\"valueRequired\":true,\"valueName\":\"search_term_string\"}}],\"inLanguage\":\"fr-BE\"},{\"@type\":\"Organization\",\"@id\":\"https:\/\/vieassociative.be\/actualites\/#organization\",\"name\":\"Vie Associative\",\"url\":\"https:\/\/vieassociative.be\/actualites\/\",\"logo\":{\"@type\":\"ImageObject\",\"inLanguage\":\"fr-BE\",\"@id\":\"https:\/\/vieassociative.be\/actualites\/#\/schema\/logo\/image\/\",\"url\":\"https:\/\/vieassociative.be\/actualites\/wp-content\/uploads\/2024\/09\/cropped-vieassociative_favicon.ico.png\",\"contentUrl\":\"https:\/\/vieassociative.be\/actualites\/wp-content\/uploads\/2024\/09\/cropped-vieassociative_favicon.ico.png\",\"width\":512,\"height\":512,\"caption\":\"Vie Associative\"},\"image\":{\"@id\":\"https:\/\/vieassociative.be\/actualites\/#\/schema\/logo\/image\/\"}},{\"@type\":\"Person\",\"@id\":\"https:\/\/vieassociative.be\/actualites\/#\/schema\/person\/b87ac4f82f9d4e7b7cec7395b679edc4\",\"name\":\"Julien\",\"image\":{\"@type\":\"ImageObject\",\"inLanguage\":\"fr-BE\",\"@id\":\"https:\/\/vieassociative.be\/actualites\/#\/schema\/person\/image\/\",\"url\":\"https:\/\/vieassociative.be\/actualites\/wp-content\/uploads\/2024\/09\/vie-associative-1-150x150.jpg\",\"contentUrl\":\"https:\/\/vieassociative.be\/actualites\/wp-content\/uploads\/2024\/09\/vie-associative-1-150x150.jpg\",\"caption\":\"Julien\"},\"description\":\"Je suis Julien, r\u00e9dacteur pour Vie Associative. Passionn\u00e9 par le monde associatif depuis plus de 10 ans, j'ai \u00e0 c\u0153ur de partager des histoires inspirantes et de mettre en lumi\u00e8re les initiatives locales. Mon objectif est de sensibiliser et d'encourager l'engagement communautaire \u00e0 travers mes articles.\",\"sameAs\":[\"https:\/\/vieassociative.be\/\"]}]}<\/script>\n<!-- \/ Yoast SEO plugin. -->","yoast_head_json":{"title":"Que deviendra l'ancienne \u00e9cole de filles? | Vie Associative","robots":{"index":"index","follow":"follow","max-snippet":"max-snippet:-1","max-image-preview":"max-image-preview:large","max-video-preview":"max-video-preview:-1"},"canonical":"https:\/\/vieassociative.be\/actualites\/que-deviendra-lancienne-ecole-de-filles\/","og_locale":"fr_FR","og_type":"article","og_title":"Que deviendra l'ancienne \u00e9cole de filles? | Vie Associative","og_description":"La vie a une fois puls\u00e9 dans l&rsquo;ancienne \u00e9cole de filles de Schulstra\u00dfe 18 \u00e0 Eupen. Aujourd&rsquo;hui, le b\u00e2timent est une ruine avec laquelle la","og_url":"https:\/\/vieassociative.be\/actualites\/que-deviendra-lancienne-ecole-de-filles\/","og_site_name":"Vie Associative","article_published_time":"2025-09-19T20:17:04+00:00","og_image":[{"width":279,"height":92,"url":"https:\/\/vieassociative.be\/actualites\/wp-content\/uploads\/2024\/09\/header_backgroundk-01-e1726694325946.png","type":"image\/png"}],"author":"Julien","twitter_card":"summary_large_image","twitter_misc":{"\u00c9crit par":"Julien","Dur\u00e9e de lecture est.":"2 minutes"},"schema":{"@context":"https:\/\/schema.org","@graph":[{"@type":"Article","@id":"https:\/\/vieassociative.be\/actualites\/que-deviendra-lancienne-ecole-de-filles\/#article","isPartOf":{"@id":"https:\/\/vieassociative.be\/actualites\/que-deviendra-lancienne-ecole-de-filles\/"},"author":{"name":"Julien","@id":"https:\/\/vieassociative.be\/actualites\/#\/schema\/person\/b87ac4f82f9d4e7b7cec7395b679edc4"},"headline":"Que deviendra l&rsquo;ancienne \u00e9cole de filles?","datePublished":"2025-09-19T20:17:04+00:00","dateModified":"2025-09-19T20:17:04+00:00","mainEntityOfPage":{"@id":"https:\/\/vieassociative.be\/actualites\/que-deviendra-lancienne-ecole-de-filles\/"},"wordCount":400,"publisher":{"@id":"https:\/\/vieassociative.be\/actualites\/#organization"},"image":{"@id":"https:\/\/vieassociative.be\/actualites\/que-deviendra-lancienne-ecole-de-filles\/#primaryimage"},"thumbnailUrl":"https:\/\/vieassociative.be\/actualites\/wp-content\/uploads\/2025\/09\/Que-deviendra-lancienne-ecole-de-filles.jpg","keywords":["deviendra","\u00e9cole","filles","lancienne"],"articleSection":["Belgique"],"inLanguage":"fr-BE"},{"@type":"WebPage","@id":"https:\/\/vieassociative.be\/actualites\/que-deviendra-lancienne-ecole-de-filles\/","url":"https:\/\/vieassociative.be\/actualites\/que-deviendra-lancienne-ecole-de-filles\/","name":"Que deviendra l'ancienne \u00e9cole de filles? | Vie Associative","isPartOf":{"@id":"https:\/\/vieassociative.be\/actualites\/#website"},"primaryImageOfPage":{"@id":"https:\/\/vieassociative.be\/actualites\/que-deviendra-lancienne-ecole-de-filles\/#primaryimage"},"image":{"@id":"https:\/\/vieassociative.be\/actualites\/que-deviendra-lancienne-ecole-de-filles\/#primaryimage"},"thumbnailUrl":"https:\/\/vieassociative.be\/actualites\/wp-content\/uploads\/2025\/09\/Que-deviendra-lancienne-ecole-de-filles.jpg","datePublished":"2025-09-19T20:17:04+00:00","dateModified":"2025-09-19T20:17:04+00:00","breadcrumb":{"@id":"https:\/\/vieassociative.be\/actualites\/que-deviendra-lancienne-ecole-de-filles\/#breadcrumb"},"inLanguage":"fr-BE","potentialAction":[{"@type":"ReadAction","target":["https:\/\/vieassociative.be\/actualites\/que-deviendra-lancienne-ecole-de-filles\/"]}]},{"@type":"ImageObject","inLanguage":"fr-BE","@id":"https:\/\/vieassociative.be\/actualites\/que-deviendra-lancienne-ecole-de-filles\/#primaryimage","url":"https:\/\/vieassociative.be\/actualites\/wp-content\/uploads\/2025\/09\/Que-deviendra-lancienne-ecole-de-filles.jpg","contentUrl":"https:\/\/vieassociative.be\/actualites\/wp-content\/uploads\/2025\/09\/Que-deviendra-lancienne-ecole-de-filles.jpg","width":1200,"height":900,"caption":"Que deviendra l'ancienne \u00e9cole de filles?"},{"@type":"BreadcrumbList","@id":"https:\/\/vieassociative.be\/actualites\/que-deviendra-lancienne-ecole-de-filles\/#breadcrumb","itemListElement":[{"@type":"ListItem","position":1,"name":"Accueil","item":"https:\/\/vieassociative.be\/actualites\/"},{"@type":"ListItem","position":2,"name":"Que deviendra l&rsquo;ancienne \u00e9cole de filles?"}]},{"@type":"WebSite","@id":"https:\/\/vieassociative.be\/actualites\/#website","url":"https:\/\/vieassociative.be\/actualites\/","name":"Vie Associative","description":"","publisher":{"@id":"https:\/\/vieassociative.be\/actualites\/#organization"},"potentialAction":[{"@type":"SearchAction","target":{"@type":"EntryPoint","urlTemplate":"https:\/\/vieassociative.be\/actualites\/?s={search_term_string}"},"query-input":{"@type":"PropertyValueSpecification","valueRequired":true,"valueName":"search_term_string"}}],"inLanguage":"fr-BE"},{"@type":"Organization","@id":"https:\/\/vieassociative.be\/actualites\/#organization","name":"Vie Associative","url":"https:\/\/vieassociative.be\/actualites\/","logo":{"@type":"ImageObject","inLanguage":"fr-BE","@id":"https:\/\/vieassociative.be\/actualites\/#\/schema\/logo\/image\/","url":"https:\/\/vieassociative.be\/actualites\/wp-content\/uploads\/2024\/09\/cropped-vieassociative_favicon.ico.png","contentUrl":"https:\/\/vieassociative.be\/actualites\/wp-content\/uploads\/2024\/09\/cropped-vieassociative_favicon.ico.png","width":512,"height":512,"caption":"Vie Associative"},"image":{"@id":"https:\/\/vieassociative.be\/actualites\/#\/schema\/logo\/image\/"}},{"@type":"Person","@id":"https:\/\/vieassociative.be\/actualites\/#\/schema\/person\/b87ac4f82f9d4e7b7cec7395b679edc4","name":"Julien","image":{"@type":"ImageObject","inLanguage":"fr-BE","@id":"https:\/\/vieassociative.be\/actualites\/#\/schema\/person\/image\/","url":"https:\/\/vieassociative.be\/actualites\/wp-content\/uploads\/2024\/09\/vie-associative-1-150x150.jpg","contentUrl":"https:\/\/vieassociative.be\/actualites\/wp-content\/uploads\/2024\/09\/vie-associative-1-150x150.jpg","caption":"Julien"},"description":"Je suis Julien, r\u00e9dacteur pour Vie Associative. Passionn\u00e9 par le monde associatif depuis plus de 10 ans, j'ai \u00e0 c\u0153ur de partager des histoires inspirantes et de mettre en lumi\u00e8re les initiatives locales. Mon objectif est de sensibiliser et d'encourager l'engagement communautaire \u00e0 travers mes articles.","sameAs":["https:\/\/vieassociative.be\/"]}]}},"_links":{"self":[{"href":"https:\/\/vieassociative.be\/actualites\/wp-json\/wp\/v2\/posts\/10139"}],"collection":[{"href":"https:\/\/vieassociative.be\/actualites\/wp-json\/wp\/v2\/posts"}],"about":[{"href":"https:\/\/vieassociative.be\/actualites\/wp-json\/wp\/v2\/types\/post"}],"author":[{"embeddable":true,"href":"https:\/\/vieassociative.be\/actualites\/wp-json\/wp\/v2\/users\/1"}],"replies":[{"embeddable":true,"href":"https:\/\/vieassociative.be\/actualites\/wp-json\/wp\/v2\/comments?post=10139"}],"version-history":[{"count":0,"href":"https:\/\/vieassociative.be\/actualites\/wp-json\/wp\/v2\/posts\/10139\/revisions"}],"wp:featuredmedia":[{"embeddable":true,"href":"https:\/\/vieassociative.be\/actualites\/wp-json\/wp\/v2\/media\/10140"}],"wp:attachment":[{"href":"https:\/\/vieassociative.be\/actualites\/wp-json\/wp\/v2\/media?parent=10139"}],"wp:term":[{"taxonomy":"category","embeddable":true,"href":"https:\/\/vieassociative.be\/actualites\/wp-json\/wp\/v2\/categories?post=10139"},{"taxonomy":"post_tag","embeddable":true,"href":"https:\/\/vieassociative.be\/actualites\/wp-json\/wp\/v2\/tags?post=10139"}],"curies":[{"name":"wp","href":"https:\/\/api.w.org\/{rel}","templated":true}]}}