{"id":10137,"date":"2025-09-19T21:17:28","date_gmt":"2025-09-19T19:17:28","guid":{"rendered":"https:\/\/vieassociative.be\/actualites\/vous-pouvez-obtenir-microsoft-office-pro-plus-2019-en-vente-pour-seulement-30-en-ce-moment\/"},"modified":"2025-09-19T21:17:28","modified_gmt":"2025-09-19T19:17:28","slug":"vous-pouvez-obtenir-microsoft-office-pro-plus-2019-en-vente-pour-seulement-30-en-ce-moment","status":"publish","type":"post","link":"https:\/\/vieassociative.be\/actualites\/vous-pouvez-obtenir-microsoft-office-pro-plus-2019-en-vente-pour-seulement-30-en-ce-moment\/","title":{"rendered":"Vous pouvez obtenir Microsoft Office Pro Plus 2019 en vente pour seulement 30 $ en ce moment"},"content":{"rendered":"<p>Nous pouvons gagner une commission \u00e0 partir de liens sur cette page. Les prix et la disponibilit\u00e9 des accords sont soumis \u00e0 un changement apr\u00e8s la p\u00e9riode de publication.<\/p>\n<p>Si vous essayez d&rsquo;\u00e9viter les frais mensuels de Microsoft 365 mais que vous souhaitez toujours la suite compl\u00e8te d&rsquo;outils pour le travail ou l&rsquo;\u00e9cole, cet achat unique de Office Professional Plus 2019 pourrait valoir la peine. Il est actuellement en vente pour 29,97 $ sur Stacksocial, qui est une fraction de ce que vous payez habituellement. Et juste pour \u00eatre clair &#8211; ce n&rsquo;est pas un essai ou un abonnement bas\u00e9 sur le cloud, mais une licence \u00e0 vie pour un PC Windows, et vous obtenez un acc\u00e8s hors ligne complet \u00e0 Word, Excel, PowerPoint, Outlook, OneNote, Publisher et Access.<\/p>\n<p>Il y a certaines limites que vous voudrez garder \u00e0 l&rsquo;esprit. Cet accord est strictement pour la version 2019 et n&rsquo;inclut pas les \u00e9quipes Microsoft. Il ne sera pas non plus li\u00e9 \u00e0 votre compte Microsoft, qui pourrait d\u00e9connecter ceux habitu\u00e9s \u00e0 synchroniser des documents entre les appareils. Mais pour beaucoup de gens, ce n&rsquo;est pas un dealbreaker. Il fonctionne sur Windows 10 ou 11 &#8211; donc pas de chance si vous utilisez toujours une machine plus ancienne &#8211; et vous aurez besoin d&rsquo;au moins 1 Go de RAM et 4 Go d&rsquo;espace disque. L&rsquo;installation est simple et instantan\u00e9e. Vous obtenez votre cl\u00e9 de licence et t\u00e9l\u00e9chargez le lien juste apr\u00e8s l&rsquo;achat, et c&rsquo;est tout. <\/p>\n<p>En termes de fonctionnalit\u00e9s, vous obtenez une suite de productivit\u00e9 robuste. Excel a am\u00e9lior\u00e9 les outils d&rsquo;analyse des donn\u00e9es, PowerPoint apporte de nouvelles transitions et une fonctionnalit\u00e9 de zoom pour les diapositives dynamiques, et Outlook rend les e-mails et la gestion du calendrier un peu plus efficaces. Le mot est Word &#8211; \u00e7a fonctionne, et \u00e7a marche bien. Vous ne pouvez pas collaborer en temps r\u00e9el comme dans Office 365, mais si vous travaillez principalement en solo ou sur un seul appareil, cette version fait le travail. Cela dit, 30 $ pour une suite de bureaux enti\u00e8rement sous licence, le t\u00e9l\u00e9chargement n&rsquo;est pas une mauvaise d\u00e9cision, surtout si vous avez juste besoin d&rsquo;une bo\u00eete \u00e0 outils stable qui fonctionne.<\/p>\n","protected":false},"excerpt":{"rendered":"<p>Nous pouvons gagner une commission \u00e0 partir de liens sur cette page. Les prix et la disponibilit\u00e9 des accords sont soumis \u00e0 un changement apr\u00e8s<\/p>\n","protected":false},"author":1,"featured_media":10138,"comment_status":"","ping_status":"","sticky":false,"template":"","format":"standard","meta":{"footnotes":""},"categories":[1],"tags":[1190,1429,227,1604,81,5,630,2583,223,4],"class_list":["post-10137","post","type-post","status-publish","format-standard","has-post-thumbnail","hentry","category-non-classe","tag-microsoft","tag-moment","tag-obtenir","tag-office","tag-pour","tag-pouvez","tag-pro","tag-seulement","tag-vente","tag-vous","generate-columns","tablet-grid-50","mobile-grid-100","grid-parent","grid-33"],"yoast_head":"<!-- This site is optimized with the Yoast SEO plugin v24.0 - https:\/\/yoast.com\/wordpress\/plugins\/seo\/ -->\n<title>Vous pouvez obtenir Microsoft Office Pro Plus 2019 en vente pour seulement 30 $ en ce moment | Vie Associative<\/title>\n<meta name=\"robots\" content=\"index, follow, max-snippet:-1, max-image-preview:large, max-video-preview:-1\" \/>\n<link rel=\"canonical\" href=\"https:\/\/vieassociative.be\/actualites\/vous-pouvez-obtenir-microsoft-office-pro-plus-2019-en-vente-pour-seulement-30-en-ce-moment\/\" \/>\n<meta property=\"og:locale\" content=\"fr_FR\" \/>\n<meta property=\"og:type\" content=\"article\" \/>\n<meta property=\"og:title\" content=\"Vous pouvez obtenir Microsoft Office Pro Plus 2019 en vente pour seulement 30 $ en ce moment | Vie Associative\" \/>\n<meta property=\"og:description\" content=\"Nous pouvons gagner une commission \u00e0 partir de liens sur cette page. Les prix et la disponibilit\u00e9 des accords sont soumis \u00e0 un changement apr\u00e8s\" \/>\n<meta property=\"og:url\" content=\"https:\/\/vieassociative.be\/actualites\/vous-pouvez-obtenir-microsoft-office-pro-plus-2019-en-vente-pour-seulement-30-en-ce-moment\/\" \/>\n<meta property=\"og:site_name\" content=\"Vie Associative\" \/>\n<meta property=\"article:published_time\" content=\"2025-09-19T19:17:28+00:00\" \/>\n<meta property=\"og:image\" content=\"https:\/\/vieassociative.be\/actualites\/wp-content\/uploads\/2024\/09\/header_backgroundk-01-e1726694325946.png\" \/>\n\t<meta property=\"og:image:width\" content=\"279\" \/>\n\t<meta property=\"og:image:height\" content=\"92\" \/>\n\t<meta property=\"og:image:type\" content=\"image\/png\" \/>\n<meta name=\"author\" content=\"Julien\" \/>\n<meta name=\"twitter:card\" content=\"summary_large_image\" \/>\n<meta name=\"twitter:label1\" content=\"\u00c9crit par\" \/>\n\t<meta name=\"twitter:data1\" content=\"Julien\" \/>\n\t<meta name=\"twitter:label2\" content=\"Dur\u00e9e de lecture est.\" \/>\n\t<meta name=\"twitter:data2\" content=\"2 minutes\" \/>\n<script type=\"application\/ld+json\" class=\"yoast-schema-graph\">{\"@context\":\"https:\/\/schema.org\",\"@graph\":[{\"@type\":\"Article\",\"@id\":\"https:\/\/vieassociative.be\/actualites\/vous-pouvez-obtenir-microsoft-office-pro-plus-2019-en-vente-pour-seulement-30-en-ce-moment\/#article\",\"isPartOf\":{\"@id\":\"https:\/\/vieassociative.be\/actualites\/vous-pouvez-obtenir-microsoft-office-pro-plus-2019-en-vente-pour-seulement-30-en-ce-moment\/\"},\"author\":{\"name\":\"Julien\",\"@id\":\"https:\/\/vieassociative.be\/actualites\/#\/schema\/person\/b87ac4f82f9d4e7b7cec7395b679edc4\"},\"headline\":\"Vous pouvez obtenir Microsoft Office Pro Plus 2019 en vente pour seulement 30 $ en ce moment\",\"datePublished\":\"2025-09-19T19:17:28+00:00\",\"dateModified\":\"2025-09-19T19:17:28+00:00\",\"mainEntityOfPage\":{\"@id\":\"https:\/\/vieassociative.be\/actualites\/vous-pouvez-obtenir-microsoft-office-pro-plus-2019-en-vente-pour-seulement-30-en-ce-moment\/\"},\"wordCount\":391,\"publisher\":{\"@id\":\"https:\/\/vieassociative.be\/actualites\/#organization\"},\"image\":{\"@id\":\"https:\/\/vieassociative.be\/actualites\/vous-pouvez-obtenir-microsoft-office-pro-plus-2019-en-vente-pour-seulement-30-en-ce-moment\/#primaryimage\"},\"thumbnailUrl\":\"https:\/\/vieassociative.be\/actualites\/wp-content\/uploads\/2025\/09\/Vous-pouvez-obtenir-Microsoft-Office-Pro-Plus-2019-en-vente.svg.svg+xml\",\"keywords\":[\"Microsoft\",\"moment\",\"obtenir\",\"Office\",\"pour\",\"pouvez\",\"Pro\",\"seulement\",\"vente\",\"Vous\"],\"inLanguage\":\"fr-BE\"},{\"@type\":\"WebPage\",\"@id\":\"https:\/\/vieassociative.be\/actualites\/vous-pouvez-obtenir-microsoft-office-pro-plus-2019-en-vente-pour-seulement-30-en-ce-moment\/\",\"url\":\"https:\/\/vieassociative.be\/actualites\/vous-pouvez-obtenir-microsoft-office-pro-plus-2019-en-vente-pour-seulement-30-en-ce-moment\/\",\"name\":\"Vous pouvez obtenir Microsoft Office Pro Plus 2019 en vente pour seulement 30 $ en ce moment | Vie Associative\",\"isPartOf\":{\"@id\":\"https:\/\/vieassociative.be\/actualites\/#website\"},\"primaryImageOfPage\":{\"@id\":\"https:\/\/vieassociative.be\/actualites\/vous-pouvez-obtenir-microsoft-office-pro-plus-2019-en-vente-pour-seulement-30-en-ce-moment\/#primaryimage\"},\"image\":{\"@id\":\"https:\/\/vieassociative.be\/actualites\/vous-pouvez-obtenir-microsoft-office-pro-plus-2019-en-vente-pour-seulement-30-en-ce-moment\/#primaryimage\"},\"thumbnailUrl\":\"https:\/\/vieassociative.be\/actualites\/wp-content\/uploads\/2025\/09\/Vous-pouvez-obtenir-Microsoft-Office-Pro-Plus-2019-en-vente.svg.svg+xml\",\"datePublished\":\"2025-09-19T19:17:28+00:00\",\"dateModified\":\"2025-09-19T19:17:28+00:00\",\"breadcrumb\":{\"@id\":\"https:\/\/vieassociative.be\/actualites\/vous-pouvez-obtenir-microsoft-office-pro-plus-2019-en-vente-pour-seulement-30-en-ce-moment\/#breadcrumb\"},\"inLanguage\":\"fr-BE\",\"potentialAction\":[{\"@type\":\"ReadAction\",\"target\":[\"https:\/\/vieassociative.be\/actualites\/vous-pouvez-obtenir-microsoft-office-pro-plus-2019-en-vente-pour-seulement-30-en-ce-moment\/\"]}]},{\"@type\":\"ImageObject\",\"inLanguage\":\"fr-BE\",\"@id\":\"https:\/\/vieassociative.be\/actualites\/vous-pouvez-obtenir-microsoft-office-pro-plus-2019-en-vente-pour-seulement-30-en-ce-moment\/#primaryimage\",\"url\":\"https:\/\/vieassociative.be\/actualites\/wp-content\/uploads\/2025\/09\/Vous-pouvez-obtenir-Microsoft-Office-Pro-Plus-2019-en-vente.svg.svg+xml\",\"contentUrl\":\"https:\/\/vieassociative.be\/actualites\/wp-content\/uploads\/2025\/09\/Vous-pouvez-obtenir-Microsoft-Office-Pro-Plus-2019-en-vente.svg.svg+xml\",\"caption\":\"Vous pouvez obtenir Microsoft Office Pro Plus 2019 en vente pour seulement 30 $ en ce moment\"},{\"@type\":\"BreadcrumbList\",\"@id\":\"https:\/\/vieassociative.be\/actualites\/vous-pouvez-obtenir-microsoft-office-pro-plus-2019-en-vente-pour-seulement-30-en-ce-moment\/#breadcrumb\",\"itemListElement\":[{\"@type\":\"ListItem\",\"position\":1,\"name\":\"Accueil\",\"item\":\"https:\/\/vieassociative.be\/actualites\/\"},{\"@type\":\"ListItem\",\"position\":2,\"name\":\"Vous pouvez obtenir Microsoft Office Pro Plus 2019 en vente pour seulement 30 $ en ce moment\"}]},{\"@type\":\"WebSite\",\"@id\":\"https:\/\/vieassociative.be\/actualites\/#website\",\"url\":\"https:\/\/vieassociative.be\/actualites\/\",\"name\":\"Vie Associative\",\"description\":\"\",\"publisher\":{\"@id\":\"https:\/\/vieassociative.be\/actualites\/#organization\"},\"potentialAction\":[{\"@type\":\"SearchAction\",\"target\":{\"@type\":\"EntryPoint\",\"urlTemplate\":\"https:\/\/vieassociative.be\/actualites\/?s={search_term_string}\"},\"query-input\":{\"@type\":\"PropertyValueSpecification\",\"valueRequired\":true,\"valueName\":\"search_term_string\"}}],\"inLanguage\":\"fr-BE\"},{\"@type\":\"Organization\",\"@id\":\"https:\/\/vieassociative.be\/actualites\/#organization\",\"name\":\"Vie Associative\",\"url\":\"https:\/\/vieassociative.be\/actualites\/\",\"logo\":{\"@type\":\"ImageObject\",\"inLanguage\":\"fr-BE\",\"@id\":\"https:\/\/vieassociative.be\/actualites\/#\/schema\/logo\/image\/\",\"url\":\"https:\/\/vieassociative.be\/actualites\/wp-content\/uploads\/2024\/09\/cropped-vieassociative_favicon.ico.png\",\"contentUrl\":\"https:\/\/vieassociative.be\/actualites\/wp-content\/uploads\/2024\/09\/cropped-vieassociative_favicon.ico.png\",\"width\":512,\"height\":512,\"caption\":\"Vie Associative\"},\"image\":{\"@id\":\"https:\/\/vieassociative.be\/actualites\/#\/schema\/logo\/image\/\"}},{\"@type\":\"Person\",\"@id\":\"https:\/\/vieassociative.be\/actualites\/#\/schema\/person\/b87ac4f82f9d4e7b7cec7395b679edc4\",\"name\":\"Julien\",\"image\":{\"@type\":\"ImageObject\",\"inLanguage\":\"fr-BE\",\"@id\":\"https:\/\/vieassociative.be\/actualites\/#\/schema\/person\/image\/\",\"url\":\"https:\/\/vieassociative.be\/actualites\/wp-content\/uploads\/2024\/09\/vie-associative-1-150x150.jpg\",\"contentUrl\":\"https:\/\/vieassociative.be\/actualites\/wp-content\/uploads\/2024\/09\/vie-associative-1-150x150.jpg\",\"caption\":\"Julien\"},\"description\":\"Je suis Julien, r\u00e9dacteur pour Vie Associative. Passionn\u00e9 par le monde associatif depuis plus de 10 ans, j'ai \u00e0 c\u0153ur de partager des histoires inspirantes et de mettre en lumi\u00e8re les initiatives locales. Mon objectif est de sensibiliser et d'encourager l'engagement communautaire \u00e0 travers mes articles.\",\"sameAs\":[\"https:\/\/vieassociative.be\/\"]}]}<\/script>\n<!-- \/ Yoast SEO plugin. -->","yoast_head_json":{"title":"Vous pouvez obtenir Microsoft Office Pro Plus 2019 en vente pour seulement 30 $ en ce moment | Vie Associative","robots":{"index":"index","follow":"follow","max-snippet":"max-snippet:-1","max-image-preview":"max-image-preview:large","max-video-preview":"max-video-preview:-1"},"canonical":"https:\/\/vieassociative.be\/actualites\/vous-pouvez-obtenir-microsoft-office-pro-plus-2019-en-vente-pour-seulement-30-en-ce-moment\/","og_locale":"fr_FR","og_type":"article","og_title":"Vous pouvez obtenir Microsoft Office Pro Plus 2019 en vente pour seulement 30 $ en ce moment | Vie Associative","og_description":"Nous pouvons gagner une commission \u00e0 partir de liens sur cette page. Les prix et la disponibilit\u00e9 des accords sont soumis \u00e0 un changement apr\u00e8s","og_url":"https:\/\/vieassociative.be\/actualites\/vous-pouvez-obtenir-microsoft-office-pro-plus-2019-en-vente-pour-seulement-30-en-ce-moment\/","og_site_name":"Vie Associative","article_published_time":"2025-09-19T19:17:28+00:00","og_image":[{"width":279,"height":92,"url":"https:\/\/vieassociative.be\/actualites\/wp-content\/uploads\/2024\/09\/header_backgroundk-01-e1726694325946.png","type":"image\/png"}],"author":"Julien","twitter_card":"summary_large_image","twitter_misc":{"\u00c9crit par":"Julien","Dur\u00e9e de lecture est.":"2 minutes"},"schema":{"@context":"https:\/\/schema.org","@graph":[{"@type":"Article","@id":"https:\/\/vieassociative.be\/actualites\/vous-pouvez-obtenir-microsoft-office-pro-plus-2019-en-vente-pour-seulement-30-en-ce-moment\/#article","isPartOf":{"@id":"https:\/\/vieassociative.be\/actualites\/vous-pouvez-obtenir-microsoft-office-pro-plus-2019-en-vente-pour-seulement-30-en-ce-moment\/"},"author":{"name":"Julien","@id":"https:\/\/vieassociative.be\/actualites\/#\/schema\/person\/b87ac4f82f9d4e7b7cec7395b679edc4"},"headline":"Vous pouvez obtenir Microsoft Office Pro Plus 2019 en vente pour seulement 30 $ en ce moment","datePublished":"2025-09-19T19:17:28+00:00","dateModified":"2025-09-19T19:17:28+00:00","mainEntityOfPage":{"@id":"https:\/\/vieassociative.be\/actualites\/vous-pouvez-obtenir-microsoft-office-pro-plus-2019-en-vente-pour-seulement-30-en-ce-moment\/"},"wordCount":391,"publisher":{"@id":"https:\/\/vieassociative.be\/actualites\/#organization"},"image":{"@id":"https:\/\/vieassociative.be\/actualites\/vous-pouvez-obtenir-microsoft-office-pro-plus-2019-en-vente-pour-seulement-30-en-ce-moment\/#primaryimage"},"thumbnailUrl":"https:\/\/vieassociative.be\/actualites\/wp-content\/uploads\/2025\/09\/Vous-pouvez-obtenir-Microsoft-Office-Pro-Plus-2019-en-vente.svg.svg+xml","keywords":["Microsoft","moment","obtenir","Office","pour","pouvez","Pro","seulement","vente","Vous"],"inLanguage":"fr-BE"},{"@type":"WebPage","@id":"https:\/\/vieassociative.be\/actualites\/vous-pouvez-obtenir-microsoft-office-pro-plus-2019-en-vente-pour-seulement-30-en-ce-moment\/","url":"https:\/\/vieassociative.be\/actualites\/vous-pouvez-obtenir-microsoft-office-pro-plus-2019-en-vente-pour-seulement-30-en-ce-moment\/","name":"Vous pouvez obtenir Microsoft Office Pro Plus 2019 en vente pour seulement 30 $ en ce moment | Vie Associative","isPartOf":{"@id":"https:\/\/vieassociative.be\/actualites\/#website"},"primaryImageOfPage":{"@id":"https:\/\/vieassociative.be\/actualites\/vous-pouvez-obtenir-microsoft-office-pro-plus-2019-en-vente-pour-seulement-30-en-ce-moment\/#primaryimage"},"image":{"@id":"https:\/\/vieassociative.be\/actualites\/vous-pouvez-obtenir-microsoft-office-pro-plus-2019-en-vente-pour-seulement-30-en-ce-moment\/#primaryimage"},"thumbnailUrl":"https:\/\/vieassociative.be\/actualites\/wp-content\/uploads\/2025\/09\/Vous-pouvez-obtenir-Microsoft-Office-Pro-Plus-2019-en-vente.svg.svg+xml","datePublished":"2025-09-19T19:17:28+00:00","dateModified":"2025-09-19T19:17:28+00:00","breadcrumb":{"@id":"https:\/\/vieassociative.be\/actualites\/vous-pouvez-obtenir-microsoft-office-pro-plus-2019-en-vente-pour-seulement-30-en-ce-moment\/#breadcrumb"},"inLanguage":"fr-BE","potentialAction":[{"@type":"ReadAction","target":["https:\/\/vieassociative.be\/actualites\/vous-pouvez-obtenir-microsoft-office-pro-plus-2019-en-vente-pour-seulement-30-en-ce-moment\/"]}]},{"@type":"ImageObject","inLanguage":"fr-BE","@id":"https:\/\/vieassociative.be\/actualites\/vous-pouvez-obtenir-microsoft-office-pro-plus-2019-en-vente-pour-seulement-30-en-ce-moment\/#primaryimage","url":"https:\/\/vieassociative.be\/actualites\/wp-content\/uploads\/2025\/09\/Vous-pouvez-obtenir-Microsoft-Office-Pro-Plus-2019-en-vente.svg.svg+xml","contentUrl":"https:\/\/vieassociative.be\/actualites\/wp-content\/uploads\/2025\/09\/Vous-pouvez-obtenir-Microsoft-Office-Pro-Plus-2019-en-vente.svg.svg+xml","caption":"Vous pouvez obtenir Microsoft Office Pro Plus 2019 en vente pour seulement 30 $ en ce moment"},{"@type":"BreadcrumbList","@id":"https:\/\/vieassociative.be\/actualites\/vous-pouvez-obtenir-microsoft-office-pro-plus-2019-en-vente-pour-seulement-30-en-ce-moment\/#breadcrumb","itemListElement":[{"@type":"ListItem","position":1,"name":"Accueil","item":"https:\/\/vieassociative.be\/actualites\/"},{"@type":"ListItem","position":2,"name":"Vous pouvez obtenir Microsoft Office Pro Plus 2019 en vente pour seulement 30 $ en ce moment"}]},{"@type":"WebSite","@id":"https:\/\/vieassociative.be\/actualites\/#website","url":"https:\/\/vieassociative.be\/actualites\/","name":"Vie Associative","description":"","publisher":{"@id":"https:\/\/vieassociative.be\/actualites\/#organization"},"potentialAction":[{"@type":"SearchAction","target":{"@type":"EntryPoint","urlTemplate":"https:\/\/vieassociative.be\/actualites\/?s={search_term_string}"},"query-input":{"@type":"PropertyValueSpecification","valueRequired":true,"valueName":"search_term_string"}}],"inLanguage":"fr-BE"},{"@type":"Organization","@id":"https:\/\/vieassociative.be\/actualites\/#organization","name":"Vie Associative","url":"https:\/\/vieassociative.be\/actualites\/","logo":{"@type":"ImageObject","inLanguage":"fr-BE","@id":"https:\/\/vieassociative.be\/actualites\/#\/schema\/logo\/image\/","url":"https:\/\/vieassociative.be\/actualites\/wp-content\/uploads\/2024\/09\/cropped-vieassociative_favicon.ico.png","contentUrl":"https:\/\/vieassociative.be\/actualites\/wp-content\/uploads\/2024\/09\/cropped-vieassociative_favicon.ico.png","width":512,"height":512,"caption":"Vie Associative"},"image":{"@id":"https:\/\/vieassociative.be\/actualites\/#\/schema\/logo\/image\/"}},{"@type":"Person","@id":"https:\/\/vieassociative.be\/actualites\/#\/schema\/person\/b87ac4f82f9d4e7b7cec7395b679edc4","name":"Julien","image":{"@type":"ImageObject","inLanguage":"fr-BE","@id":"https:\/\/vieassociative.be\/actualites\/#\/schema\/person\/image\/","url":"https:\/\/vieassociative.be\/actualites\/wp-content\/uploads\/2024\/09\/vie-associative-1-150x150.jpg","contentUrl":"https:\/\/vieassociative.be\/actualites\/wp-content\/uploads\/2024\/09\/vie-associative-1-150x150.jpg","caption":"Julien"},"description":"Je suis Julien, r\u00e9dacteur pour Vie Associative. Passionn\u00e9 par le monde associatif depuis plus de 10 ans, j'ai \u00e0 c\u0153ur de partager des histoires inspirantes et de mettre en lumi\u00e8re les initiatives locales. Mon objectif est de sensibiliser et d'encourager l'engagement communautaire \u00e0 travers mes articles.","sameAs":["https:\/\/vieassociative.be\/"]}]}},"_links":{"self":[{"href":"https:\/\/vieassociative.be\/actualites\/wp-json\/wp\/v2\/posts\/10137"}],"collection":[{"href":"https:\/\/vieassociative.be\/actualites\/wp-json\/wp\/v2\/posts"}],"about":[{"href":"https:\/\/vieassociative.be\/actualites\/wp-json\/wp\/v2\/types\/post"}],"author":[{"embeddable":true,"href":"https:\/\/vieassociative.be\/actualites\/wp-json\/wp\/v2\/users\/1"}],"replies":[{"embeddable":true,"href":"https:\/\/vieassociative.be\/actualites\/wp-json\/wp\/v2\/comments?post=10137"}],"version-history":[{"count":0,"href":"https:\/\/vieassociative.be\/actualites\/wp-json\/wp\/v2\/posts\/10137\/revisions"}],"wp:featuredmedia":[{"embeddable":true,"href":"https:\/\/vieassociative.be\/actualites\/wp-json\/wp\/v2\/media\/10138"}],"wp:attachment":[{"href":"https:\/\/vieassociative.be\/actualites\/wp-json\/wp\/v2\/media?parent=10137"}],"wp:term":[{"taxonomy":"category","embeddable":true,"href":"https:\/\/vieassociative.be\/actualites\/wp-json\/wp\/v2\/categories?post=10137"},{"taxonomy":"post_tag","embeddable":true,"href":"https:\/\/vieassociative.be\/actualites\/wp-json\/wp\/v2\/tags?post=10137"}],"curies":[{"name":"wp","href":"https:\/\/api.w.org\/{rel}","templated":true}]}}