{"id":10135,"date":"2025-09-19T19:18:32","date_gmt":"2025-09-19T17:18:32","guid":{"rendered":"https:\/\/vieassociative.be\/actualites\/meta-a-officiellement-devoile-ses-lunettes-intelligentes-ray-ban-de-style-affichage\/"},"modified":"2025-09-19T19:18:32","modified_gmt":"2025-09-19T17:18:32","slug":"meta-a-officiellement-devoile-ses-lunettes-intelligentes-ray-ban-de-style-affichage","status":"publish","type":"post","link":"https:\/\/vieassociative.be\/actualites\/meta-a-officiellement-devoile-ses-lunettes-intelligentes-ray-ban-de-style-affichage\/","title":{"rendered":"Meta a officiellement d\u00e9voil\u00e9 ses lunettes intelligentes Ray-Ban de style affichage"},"content":{"rendered":"<div class=\"mt-4 leading-6 md:mb-8\">Le dernier de \u00ab\u00a0Je le veux, mais en ai-je besoin?\u00a0\u00bb technologie.<\/div>\n<p><\/p>\n<p>Hier, lors de l&rsquo;\u00e9v\u00e9nement Meta Connect 2025 de l&rsquo;entreprise, le PDG Mark Zuckerberg a officiellement d\u00e9voil\u00e9 ses lunettes intelligentes ax\u00e9es sur les affichages depuis longtemps et r\u00e9cemment divulgu\u00e9es. Les lunettes d&rsquo;affichage Meta-Ray-Ban co\u00fbteront 799 $ et seront en vente le 30 septembre.<\/p>\n<p>La prochaine g\u00e9n\u00e9ration de lunettes Meta Smart pr\u00e9sentera un HUD en couleur et monoculaire, 600 \u00d7 600 pixels dans l&rsquo;un des objectifs qui ne sera visible que pour l&rsquo;utilisateur. Afficher les lunettes intelligentes comprendra \u00e9galement des versions am\u00e9lior\u00e9es des capacit\u00e9s audio, vid\u00e9o et IA de m\u00e9ta-lunettes non-d\u00e9saccompli. <\/p>\n<div class=\"eloquent-imagery-image\">\n<div class=\"flex justify-center\">\n                    <img decoding=\"async\" class=\"border border-gray-100\" src=\"https:\/\/vieassociative.be\/actualites\/wp-content\/uploads\/2025\/09\/Meta-a-officiellement-devoile-ses-lunettes-intelligentes-Ray-Ban-de-style.jpg\" alt=\"Affichage de m\u00e9ta-banque\" width=\"2000\" height=\"1125\" loading=\"lazy\"  >\n            <\/div>\n<\/p><\/div>\n<p>Les lunettes d&rsquo;affichage de m\u00e9ta-banque seront contr\u00f4l\u00e9es via un appareil portable surnomm\u00e9 la \u00ab\u00a0bande de m\u00e9ta-nural\u00a0\u00bb, qui permet aux utilisateurs de \u00ab\u00a0taper\u00a0\u00bb sur n&rsquo;importe quelle surface pour envoyer des messages ainsi que de contr\u00f4ler d&rsquo;autres aspects de l&rsquo;affichage et des lunettes intelligentes \u00e0 travers de petits mouvements musculaires.<\/p>\n<div class=\"mx-auto mb-12 mt-5 w-full max-w-3xl rounded-md border-2 border-gray-100 p-3 shadow-md md:px-7 md:pb-7 md:pt-5\" id=\"related-video\">\n<div class=\"mb-3 flex items-center md:mb-5\">\n        <img decoding=\"async\" class=\"mr-4 mt-0 h-10 w-10 md:mr-5 md:h-12 md:w-12\" src=\"https:\/\/vieassociative.be\/actualites\/wp-content\/uploads\/2025\/09\/1757726237_608_Meta-pourrait-devoiler-une-montre-intelligente-pour-controler-ses-lunettes.jpg\" alt=\"Logo Lifehacker\"><\/p><\/div>\n<div class=\"aspect-video w-full overflow-hidden rounded-md\">\n<div id=\"video-container-01K5HDZDG35XSDBJSRSRATXACF\"><\/div>\n<\/p><\/div>\n<\/div>\n<p>Selon Zuckerberg, les utilisateurs pourront \u00abcontr\u00f4ler silencieusement leurs lunettes avec des mouvements \u00e0 peine perceptibles\u00bb. Un exemple du Keynote: augmenter le volume sur la musique en imitant le mouvement de transformation d&rsquo;un cadran. Le bracelet aura 18 heures d&rsquo;autonomie et est IPX7, il peut donc \u00eatre enti\u00e8rement immerg\u00e9 dans l&rsquo;eau jusqu&rsquo;\u00e0 un m\u00e8tre.<\/p>\n<p>\u00c0 l&rsquo;ouverture, Zuckerberg a montr\u00e9 des SMS sur les lunettes d&rsquo;affichage et a vant\u00e9 que les appels vid\u00e9o via WhatsApp seraient disponibles sur les nouvelles lunettes (bien que, notamment, la d\u00e9mo ne fonctionnait pas r\u00e9ellement lors de l&rsquo;\u00e9v\u00e9nement). <\/p>\n<p>Les lunettes d&rsquo;affichage Meta-Ray-Ban comporteront une cam\u00e9ra 12MP avec 3x Zoom, et l&rsquo;ajout d&rsquo;un \u00e9cran d&rsquo;affichage donne aux utilisateurs un viseur et la possibilit\u00e9 de voir des photos et des vid\u00e9os que vous prenez avant de les envoyer ou de les enregistrer. <\/p>\n<h2 id=\"why-im-excited-to-try-these-glasses\">Pourquoi je suis ravi d&rsquo;essayer ces lunettes<\/h2>\n<p>Je ne suis pas le type \u00ab\u00a0\u00e0 la recherche de choses\u00a0\u00bb, mais je suis <em>vraiment<\/em> Au plaisir d&rsquo;essayer des \u00e9crans. Je ne suis pas non plus du type que les fans sur les entreprises technologiques g\u00e9antes, mais je ne peux pas le nier: dans l&rsquo;ensemble, le meilleur nouveau mat\u00e9riel de tout type que j&rsquo;ai utilis\u00e9 au cours des 10 derni\u00e8res ann\u00e9es a \u00e9t\u00e9 fabriqu\u00e9 par Meta. Les casques VR Quest de Meta sont excellents et peu co\u00fbteux (m\u00eame si je ne suis pas enti\u00e8rement vendu sur VR comme autre chose qu&rsquo;un gadget cool), et que je n&rsquo;ai que des \u00e9loges pour les m\u00e9ta-rayons, et cela apr\u00e8s avoir port\u00e9 des m\u00e9tas de deuxi\u00e8me g\u00e9n\u00e9ration comme mes lunettes de tous les jours pendant environ un an.  <\/p>\n<p>J&rsquo;ai des questions, cependant: je ne sais pas si des SMS et des calculs autrement \u00e0 partir de mes lunettes avec un bracelet sont quelque chose dont j&rsquo;ai besoin dans ma vie; Malgr\u00e9 les assurances d&rsquo;ouverture de Mark Zuckerberg, je me demande \u00e0 quel point le contr\u00f4le neuronal sera intuitif; Et la vision de Meta de la \u00ab\u00a0superintelligence personnelle\u00a0\u00bb me fait peur. Mais dans l&rsquo;ensemble, si l&rsquo;affichage fonctionne aussi bien et aussi facilement que d&rsquo;autres m\u00e9ta-\u00e9quipement r\u00e9cent dans ma maison, ces lunettes seront incroyables. Ils pourraient changer la vie pour les personnes ayant des probl\u00e8mes d&rsquo;audition &#8211; les lunettes pour placer pourront ajouter des \u00ab\u00a0sous-titres\u00a0\u00bb aux conversations en temps r\u00e9el. Ils pourraient \u00e9galement rendre la vie avec le TDAH un peu plus facile: si je perds mes cl\u00e9s de voiture, cela sera (vraisemblablement) en mesure de me dire o\u00f9 je les ai laiss\u00e9s. <\/p>\n<p>Je suis assez vieux pour me souvenir quand je suis pr\u00eat \u00e0 l&#8217;emploi pour tout ce qui signifiait transporter un appareil photo num\u00e9rique, un t\u00e9l\u00e9phone \u00e0 bascule, une calculatrice, une unit\u00e9 GPS, une montre, et plus encore, que je perdrais en cours de route. Tout cet \u00e9quipement s&rsquo;est maintenant effondr\u00e9 dans un t\u00e9l\u00e9phone intelligent. Si l&rsquo;affichage fonctionne comme les promesses Meta, cela pourrait \u00eatre le <em>suivant<\/em> s&rsquo;effondrer, o\u00f9 vous n&rsquo;avez m\u00eame pas besoin du t\u00e9l\u00e9phone, juste les lunettes que vous alliez porter de toute fa\u00e7on. <\/p>\n<p>Et c&rsquo;est un grand \u00ab\u00a0si\u00a0\u00bb. Les bracelets neuronaux, les affichages en t\u00eate-\u00e0-t\u00eate et l&rsquo;IA \u00abVoir ce que vous voyez\u00bb semblent incroyables, mais le battage m\u00e9diatique d&rsquo;un keynote vantant des fonctionnalit\u00e9s incroyables qui se r\u00e9v\u00e8lent \u00eatre des conneries \u00e0 moiti\u00e9 cuites que personne ne veut, c&rsquo;est un clich\u00e9 d&rsquo;industrie technologique \u00e0 ce stade. Mais je suis toujours excit\u00e9. \u00c0 la fin du mois, je pourrais voir l&rsquo;avenir; Qui ne serait pas excit\u00e9? <\/p>\n","protected":false},"excerpt":{"rendered":"<p>Le dernier de \u00ab\u00a0Je le veux, mais en ai-je besoin?\u00a0\u00bb technologie. Hier, lors de l&rsquo;\u00e9v\u00e9nement Meta Connect 2025 de l&rsquo;entreprise, le PDG Mark Zuckerberg a<\/p>\n","protected":false},"author":1,"featured_media":10136,"comment_status":"","ping_status":"","sticky":false,"template":"","format":"standard","meta":{"footnotes":""},"categories":[13],"tags":[8613,8612,2170,3912,487,4739,6870,1055,3361],"class_list":["post-10135","post","type-post","status-publish","format-standard","has-post-thumbnail","hentry","category-technologie","tag-affichage","tag-devoile","tag-intelligentes","tag-lunettes","tag-meta","tag-officiellement","tag-rayban","tag-ses","tag-style","generate-columns","tablet-grid-50","mobile-grid-100","grid-parent","grid-33"],"yoast_head":"<!-- This site is optimized with the Yoast SEO plugin v24.0 - https:\/\/yoast.com\/wordpress\/plugins\/seo\/ -->\n<title>Meta a officiellement d\u00e9voil\u00e9 ses lunettes intelligentes Ray-Ban de style affichage | Vie Associative<\/title>\n<meta name=\"robots\" content=\"index, follow, max-snippet:-1, max-image-preview:large, max-video-preview:-1\" \/>\n<link rel=\"canonical\" href=\"https:\/\/vieassociative.be\/actualites\/meta-a-officiellement-devoile-ses-lunettes-intelligentes-ray-ban-de-style-affichage\/\" \/>\n<meta property=\"og:locale\" content=\"fr_FR\" \/>\n<meta property=\"og:type\" content=\"article\" \/>\n<meta property=\"og:title\" content=\"Meta a officiellement d\u00e9voil\u00e9 ses lunettes intelligentes Ray-Ban de style affichage | Vie Associative\" \/>\n<meta property=\"og:description\" content=\"Le dernier de \u00ab\u00a0Je le veux, mais en ai-je besoin?\u00a0\u00bb technologie. Hier, lors de l&rsquo;\u00e9v\u00e9nement Meta Connect 2025 de l&rsquo;entreprise, le PDG Mark Zuckerberg a\" \/>\n<meta property=\"og:url\" content=\"https:\/\/vieassociative.be\/actualites\/meta-a-officiellement-devoile-ses-lunettes-intelligentes-ray-ban-de-style-affichage\/\" \/>\n<meta property=\"og:site_name\" content=\"Vie Associative\" \/>\n<meta property=\"article:published_time\" content=\"2025-09-19T17:18:32+00:00\" \/>\n<meta property=\"og:image\" content=\"https:\/\/vieassociative.be\/actualites\/wp-content\/uploads\/2025\/09\/Meta-a-officiellement-devoile-ses-lunettes-intelligentes-Ray-Ban-de-style.jpg\" \/>\n<meta name=\"author\" content=\"Julien\" \/>\n<meta name=\"twitter:card\" content=\"summary_large_image\" \/>\n<meta name=\"twitter:label1\" content=\"\u00c9crit par\" \/>\n\t<meta name=\"twitter:data1\" content=\"Julien\" \/>\n\t<meta name=\"twitter:label2\" content=\"Dur\u00e9e de lecture est.\" \/>\n\t<meta name=\"twitter:data2\" content=\"4 minutes\" \/>\n<script type=\"application\/ld+json\" class=\"yoast-schema-graph\">{\"@context\":\"https:\/\/schema.org\",\"@graph\":[{\"@type\":\"Article\",\"@id\":\"https:\/\/vieassociative.be\/actualites\/meta-a-officiellement-devoile-ses-lunettes-intelligentes-ray-ban-de-style-affichage\/#article\",\"isPartOf\":{\"@id\":\"https:\/\/vieassociative.be\/actualites\/meta-a-officiellement-devoile-ses-lunettes-intelligentes-ray-ban-de-style-affichage\/\"},\"author\":{\"name\":\"Julien\",\"@id\":\"https:\/\/vieassociative.be\/actualites\/#\/schema\/person\/b87ac4f82f9d4e7b7cec7395b679edc4\"},\"headline\":\"Meta a officiellement d\u00e9voil\u00e9 ses lunettes intelligentes Ray-Ban de style affichage\",\"datePublished\":\"2025-09-19T17:18:32+00:00\",\"dateModified\":\"2025-09-19T17:18:32+00:00\",\"mainEntityOfPage\":{\"@id\":\"https:\/\/vieassociative.be\/actualites\/meta-a-officiellement-devoile-ses-lunettes-intelligentes-ray-ban-de-style-affichage\/\"},\"wordCount\":813,\"publisher\":{\"@id\":\"https:\/\/vieassociative.be\/actualites\/#organization\"},\"image\":{\"@id\":\"https:\/\/vieassociative.be\/actualites\/meta-a-officiellement-devoile-ses-lunettes-intelligentes-ray-ban-de-style-affichage\/#primaryimage\"},\"thumbnailUrl\":\"https:\/\/vieassociative.be\/actualites\/wp-content\/uploads\/2025\/09\/1758302313_Meta-a-officiellement-devoile-ses-lunettes-intelligentes-Ray-Ban-de-style.jpg\",\"keywords\":[\"affichage\",\"d\u00e9voil\u00e9\",\"intelligentes\",\"lunettes\",\"Meta\",\"officiellement\",\"RayBan\",\"ses\",\"style\"],\"articleSection\":[\"Technologie\"],\"inLanguage\":\"fr-BE\"},{\"@type\":\"WebPage\",\"@id\":\"https:\/\/vieassociative.be\/actualites\/meta-a-officiellement-devoile-ses-lunettes-intelligentes-ray-ban-de-style-affichage\/\",\"url\":\"https:\/\/vieassociative.be\/actualites\/meta-a-officiellement-devoile-ses-lunettes-intelligentes-ray-ban-de-style-affichage\/\",\"name\":\"Meta a officiellement d\u00e9voil\u00e9 ses lunettes intelligentes Ray-Ban de style affichage | Vie Associative\",\"isPartOf\":{\"@id\":\"https:\/\/vieassociative.be\/actualites\/#website\"},\"primaryImageOfPage\":{\"@id\":\"https:\/\/vieassociative.be\/actualites\/meta-a-officiellement-devoile-ses-lunettes-intelligentes-ray-ban-de-style-affichage\/#primaryimage\"},\"image\":{\"@id\":\"https:\/\/vieassociative.be\/actualites\/meta-a-officiellement-devoile-ses-lunettes-intelligentes-ray-ban-de-style-affichage\/#primaryimage\"},\"thumbnailUrl\":\"https:\/\/vieassociative.be\/actualites\/wp-content\/uploads\/2025\/09\/1758302313_Meta-a-officiellement-devoile-ses-lunettes-intelligentes-Ray-Ban-de-style.jpg\",\"datePublished\":\"2025-09-19T17:18:32+00:00\",\"dateModified\":\"2025-09-19T17:18:32+00:00\",\"breadcrumb\":{\"@id\":\"https:\/\/vieassociative.be\/actualites\/meta-a-officiellement-devoile-ses-lunettes-intelligentes-ray-ban-de-style-affichage\/#breadcrumb\"},\"inLanguage\":\"fr-BE\",\"potentialAction\":[{\"@type\":\"ReadAction\",\"target\":[\"https:\/\/vieassociative.be\/actualites\/meta-a-officiellement-devoile-ses-lunettes-intelligentes-ray-ban-de-style-affichage\/\"]}]},{\"@type\":\"ImageObject\",\"inLanguage\":\"fr-BE\",\"@id\":\"https:\/\/vieassociative.be\/actualites\/meta-a-officiellement-devoile-ses-lunettes-intelligentes-ray-ban-de-style-affichage\/#primaryimage\",\"url\":\"https:\/\/vieassociative.be\/actualites\/wp-content\/uploads\/2025\/09\/1758302313_Meta-a-officiellement-devoile-ses-lunettes-intelligentes-Ray-Ban-de-style.jpg\",\"contentUrl\":\"https:\/\/vieassociative.be\/actualites\/wp-content\/uploads\/2025\/09\/1758302313_Meta-a-officiellement-devoile-ses-lunettes-intelligentes-Ray-Ban-de-style.jpg\",\"width\":1200,\"height\":675,\"caption\":\"Meta a officiellement d\u00e9voil\u00e9 ses lunettes intelligentes Ray-Ban de style affichage\"},{\"@type\":\"BreadcrumbList\",\"@id\":\"https:\/\/vieassociative.be\/actualites\/meta-a-officiellement-devoile-ses-lunettes-intelligentes-ray-ban-de-style-affichage\/#breadcrumb\",\"itemListElement\":[{\"@type\":\"ListItem\",\"position\":1,\"name\":\"Accueil\",\"item\":\"https:\/\/vieassociative.be\/actualites\/\"},{\"@type\":\"ListItem\",\"position\":2,\"name\":\"Meta a officiellement d\u00e9voil\u00e9 ses lunettes intelligentes Ray-Ban de style affichage\"}]},{\"@type\":\"WebSite\",\"@id\":\"https:\/\/vieassociative.be\/actualites\/#website\",\"url\":\"https:\/\/vieassociative.be\/actualites\/\",\"name\":\"Vie Associative\",\"description\":\"\",\"publisher\":{\"@id\":\"https:\/\/vieassociative.be\/actualites\/#organization\"},\"potentialAction\":[{\"@type\":\"SearchAction\",\"target\":{\"@type\":\"EntryPoint\",\"urlTemplate\":\"https:\/\/vieassociative.be\/actualites\/?s={search_term_string}\"},\"query-input\":{\"@type\":\"PropertyValueSpecification\",\"valueRequired\":true,\"valueName\":\"search_term_string\"}}],\"inLanguage\":\"fr-BE\"},{\"@type\":\"Organization\",\"@id\":\"https:\/\/vieassociative.be\/actualites\/#organization\",\"name\":\"Vie Associative\",\"url\":\"https:\/\/vieassociative.be\/actualites\/\",\"logo\":{\"@type\":\"ImageObject\",\"inLanguage\":\"fr-BE\",\"@id\":\"https:\/\/vieassociative.be\/actualites\/#\/schema\/logo\/image\/\",\"url\":\"https:\/\/vieassociative.be\/actualites\/wp-content\/uploads\/2024\/09\/cropped-vieassociative_favicon.ico.png\",\"contentUrl\":\"https:\/\/vieassociative.be\/actualites\/wp-content\/uploads\/2024\/09\/cropped-vieassociative_favicon.ico.png\",\"width\":512,\"height\":512,\"caption\":\"Vie Associative\"},\"image\":{\"@id\":\"https:\/\/vieassociative.be\/actualites\/#\/schema\/logo\/image\/\"}},{\"@type\":\"Person\",\"@id\":\"https:\/\/vieassociative.be\/actualites\/#\/schema\/person\/b87ac4f82f9d4e7b7cec7395b679edc4\",\"name\":\"Julien\",\"image\":{\"@type\":\"ImageObject\",\"inLanguage\":\"fr-BE\",\"@id\":\"https:\/\/vieassociative.be\/actualites\/#\/schema\/person\/image\/\",\"url\":\"https:\/\/vieassociative.be\/actualites\/wp-content\/uploads\/2024\/09\/vie-associative-1-150x150.jpg\",\"contentUrl\":\"https:\/\/vieassociative.be\/actualites\/wp-content\/uploads\/2024\/09\/vie-associative-1-150x150.jpg\",\"caption\":\"Julien\"},\"description\":\"Je suis Julien, r\u00e9dacteur pour Vie Associative. Passionn\u00e9 par le monde associatif depuis plus de 10 ans, j'ai \u00e0 c\u0153ur de partager des histoires inspirantes et de mettre en lumi\u00e8re les initiatives locales. Mon objectif est de sensibiliser et d'encourager l'engagement communautaire \u00e0 travers mes articles.\",\"sameAs\":[\"https:\/\/vieassociative.be\/\"]}]}<\/script>\n<!-- \/ Yoast SEO plugin. -->","yoast_head_json":{"title":"Meta a officiellement d\u00e9voil\u00e9 ses lunettes intelligentes Ray-Ban de style affichage | Vie Associative","robots":{"index":"index","follow":"follow","max-snippet":"max-snippet:-1","max-image-preview":"max-image-preview:large","max-video-preview":"max-video-preview:-1"},"canonical":"https:\/\/vieassociative.be\/actualites\/meta-a-officiellement-devoile-ses-lunettes-intelligentes-ray-ban-de-style-affichage\/","og_locale":"fr_FR","og_type":"article","og_title":"Meta a officiellement d\u00e9voil\u00e9 ses lunettes intelligentes Ray-Ban de style affichage | Vie Associative","og_description":"Le dernier de \u00ab\u00a0Je le veux, mais en ai-je besoin?\u00a0\u00bb technologie. Hier, lors de l&rsquo;\u00e9v\u00e9nement Meta Connect 2025 de l&rsquo;entreprise, le PDG Mark Zuckerberg a","og_url":"https:\/\/vieassociative.be\/actualites\/meta-a-officiellement-devoile-ses-lunettes-intelligentes-ray-ban-de-style-affichage\/","og_site_name":"Vie Associative","article_published_time":"2025-09-19T17:18:32+00:00","og_image":[{"url":"https:\/\/vieassociative.be\/actualites\/wp-content\/uploads\/2025\/09\/Meta-a-officiellement-devoile-ses-lunettes-intelligentes-Ray-Ban-de-style.jpg","type":"","width":"","height":""}],"author":"Julien","twitter_card":"summary_large_image","twitter_misc":{"\u00c9crit par":"Julien","Dur\u00e9e de lecture est.":"4 minutes"},"schema":{"@context":"https:\/\/schema.org","@graph":[{"@type":"Article","@id":"https:\/\/vieassociative.be\/actualites\/meta-a-officiellement-devoile-ses-lunettes-intelligentes-ray-ban-de-style-affichage\/#article","isPartOf":{"@id":"https:\/\/vieassociative.be\/actualites\/meta-a-officiellement-devoile-ses-lunettes-intelligentes-ray-ban-de-style-affichage\/"},"author":{"name":"Julien","@id":"https:\/\/vieassociative.be\/actualites\/#\/schema\/person\/b87ac4f82f9d4e7b7cec7395b679edc4"},"headline":"Meta a officiellement d\u00e9voil\u00e9 ses lunettes intelligentes Ray-Ban de style affichage","datePublished":"2025-09-19T17:18:32+00:00","dateModified":"2025-09-19T17:18:32+00:00","mainEntityOfPage":{"@id":"https:\/\/vieassociative.be\/actualites\/meta-a-officiellement-devoile-ses-lunettes-intelligentes-ray-ban-de-style-affichage\/"},"wordCount":813,"publisher":{"@id":"https:\/\/vieassociative.be\/actualites\/#organization"},"image":{"@id":"https:\/\/vieassociative.be\/actualites\/meta-a-officiellement-devoile-ses-lunettes-intelligentes-ray-ban-de-style-affichage\/#primaryimage"},"thumbnailUrl":"https:\/\/vieassociative.be\/actualites\/wp-content\/uploads\/2025\/09\/1758302313_Meta-a-officiellement-devoile-ses-lunettes-intelligentes-Ray-Ban-de-style.jpg","keywords":["affichage","d\u00e9voil\u00e9","intelligentes","lunettes","Meta","officiellement","RayBan","ses","style"],"articleSection":["Technologie"],"inLanguage":"fr-BE"},{"@type":"WebPage","@id":"https:\/\/vieassociative.be\/actualites\/meta-a-officiellement-devoile-ses-lunettes-intelligentes-ray-ban-de-style-affichage\/","url":"https:\/\/vieassociative.be\/actualites\/meta-a-officiellement-devoile-ses-lunettes-intelligentes-ray-ban-de-style-affichage\/","name":"Meta a officiellement d\u00e9voil\u00e9 ses lunettes intelligentes Ray-Ban de style affichage | Vie Associative","isPartOf":{"@id":"https:\/\/vieassociative.be\/actualites\/#website"},"primaryImageOfPage":{"@id":"https:\/\/vieassociative.be\/actualites\/meta-a-officiellement-devoile-ses-lunettes-intelligentes-ray-ban-de-style-affichage\/#primaryimage"},"image":{"@id":"https:\/\/vieassociative.be\/actualites\/meta-a-officiellement-devoile-ses-lunettes-intelligentes-ray-ban-de-style-affichage\/#primaryimage"},"thumbnailUrl":"https:\/\/vieassociative.be\/actualites\/wp-content\/uploads\/2025\/09\/1758302313_Meta-a-officiellement-devoile-ses-lunettes-intelligentes-Ray-Ban-de-style.jpg","datePublished":"2025-09-19T17:18:32+00:00","dateModified":"2025-09-19T17:18:32+00:00","breadcrumb":{"@id":"https:\/\/vieassociative.be\/actualites\/meta-a-officiellement-devoile-ses-lunettes-intelligentes-ray-ban-de-style-affichage\/#breadcrumb"},"inLanguage":"fr-BE","potentialAction":[{"@type":"ReadAction","target":["https:\/\/vieassociative.be\/actualites\/meta-a-officiellement-devoile-ses-lunettes-intelligentes-ray-ban-de-style-affichage\/"]}]},{"@type":"ImageObject","inLanguage":"fr-BE","@id":"https:\/\/vieassociative.be\/actualites\/meta-a-officiellement-devoile-ses-lunettes-intelligentes-ray-ban-de-style-affichage\/#primaryimage","url":"https:\/\/vieassociative.be\/actualites\/wp-content\/uploads\/2025\/09\/1758302313_Meta-a-officiellement-devoile-ses-lunettes-intelligentes-Ray-Ban-de-style.jpg","contentUrl":"https:\/\/vieassociative.be\/actualites\/wp-content\/uploads\/2025\/09\/1758302313_Meta-a-officiellement-devoile-ses-lunettes-intelligentes-Ray-Ban-de-style.jpg","width":1200,"height":675,"caption":"Meta a officiellement d\u00e9voil\u00e9 ses lunettes intelligentes Ray-Ban de style affichage"},{"@type":"BreadcrumbList","@id":"https:\/\/vieassociative.be\/actualites\/meta-a-officiellement-devoile-ses-lunettes-intelligentes-ray-ban-de-style-affichage\/#breadcrumb","itemListElement":[{"@type":"ListItem","position":1,"name":"Accueil","item":"https:\/\/vieassociative.be\/actualites\/"},{"@type":"ListItem","position":2,"name":"Meta a officiellement d\u00e9voil\u00e9 ses lunettes intelligentes Ray-Ban de style affichage"}]},{"@type":"WebSite","@id":"https:\/\/vieassociative.be\/actualites\/#website","url":"https:\/\/vieassociative.be\/actualites\/","name":"Vie Associative","description":"","publisher":{"@id":"https:\/\/vieassociative.be\/actualites\/#organization"},"potentialAction":[{"@type":"SearchAction","target":{"@type":"EntryPoint","urlTemplate":"https:\/\/vieassociative.be\/actualites\/?s={search_term_string}"},"query-input":{"@type":"PropertyValueSpecification","valueRequired":true,"valueName":"search_term_string"}}],"inLanguage":"fr-BE"},{"@type":"Organization","@id":"https:\/\/vieassociative.be\/actualites\/#organization","name":"Vie Associative","url":"https:\/\/vieassociative.be\/actualites\/","logo":{"@type":"ImageObject","inLanguage":"fr-BE","@id":"https:\/\/vieassociative.be\/actualites\/#\/schema\/logo\/image\/","url":"https:\/\/vieassociative.be\/actualites\/wp-content\/uploads\/2024\/09\/cropped-vieassociative_favicon.ico.png","contentUrl":"https:\/\/vieassociative.be\/actualites\/wp-content\/uploads\/2024\/09\/cropped-vieassociative_favicon.ico.png","width":512,"height":512,"caption":"Vie Associative"},"image":{"@id":"https:\/\/vieassociative.be\/actualites\/#\/schema\/logo\/image\/"}},{"@type":"Person","@id":"https:\/\/vieassociative.be\/actualites\/#\/schema\/person\/b87ac4f82f9d4e7b7cec7395b679edc4","name":"Julien","image":{"@type":"ImageObject","inLanguage":"fr-BE","@id":"https:\/\/vieassociative.be\/actualites\/#\/schema\/person\/image\/","url":"https:\/\/vieassociative.be\/actualites\/wp-content\/uploads\/2024\/09\/vie-associative-1-150x150.jpg","contentUrl":"https:\/\/vieassociative.be\/actualites\/wp-content\/uploads\/2024\/09\/vie-associative-1-150x150.jpg","caption":"Julien"},"description":"Je suis Julien, r\u00e9dacteur pour Vie Associative. Passionn\u00e9 par le monde associatif depuis plus de 10 ans, j'ai \u00e0 c\u0153ur de partager des histoires inspirantes et de mettre en lumi\u00e8re les initiatives locales. Mon objectif est de sensibiliser et d'encourager l'engagement communautaire \u00e0 travers mes articles.","sameAs":["https:\/\/vieassociative.be\/"]}]}},"_links":{"self":[{"href":"https:\/\/vieassociative.be\/actualites\/wp-json\/wp\/v2\/posts\/10135"}],"collection":[{"href":"https:\/\/vieassociative.be\/actualites\/wp-json\/wp\/v2\/posts"}],"about":[{"href":"https:\/\/vieassociative.be\/actualites\/wp-json\/wp\/v2\/types\/post"}],"author":[{"embeddable":true,"href":"https:\/\/vieassociative.be\/actualites\/wp-json\/wp\/v2\/users\/1"}],"replies":[{"embeddable":true,"href":"https:\/\/vieassociative.be\/actualites\/wp-json\/wp\/v2\/comments?post=10135"}],"version-history":[{"count":0,"href":"https:\/\/vieassociative.be\/actualites\/wp-json\/wp\/v2\/posts\/10135\/revisions"}],"wp:featuredmedia":[{"embeddable":true,"href":"https:\/\/vieassociative.be\/actualites\/wp-json\/wp\/v2\/media\/10136"}],"wp:attachment":[{"href":"https:\/\/vieassociative.be\/actualites\/wp-json\/wp\/v2\/media?parent=10135"}],"wp:term":[{"taxonomy":"category","embeddable":true,"href":"https:\/\/vieassociative.be\/actualites\/wp-json\/wp\/v2\/categories?post=10135"},{"taxonomy":"post_tag","embeddable":true,"href":"https:\/\/vieassociative.be\/actualites\/wp-json\/wp\/v2\/tags?post=10135"}],"curies":[{"name":"wp","href":"https:\/\/api.w.org\/{rel}","templated":true}]}}