{"id":10134,"date":"2025-09-19T16:17:46","date_gmt":"2025-09-19T14:17:46","guid":{"rendered":"https:\/\/vieassociative.be\/actualites\/service-militaire-et-civil-volontaire-lettre-dinformation-a-tous-les-jeunes-de-17-ans-de-la-chambre-en-preparation\/"},"modified":"2025-09-19T16:17:46","modified_gmt":"2025-09-19T14:17:46","slug":"service-militaire-et-civil-volontaire-lettre-dinformation-a-tous-les-jeunes-de-17-ans-de-la-chambre-en-preparation","status":"publish","type":"post","link":"https:\/\/vieassociative.be\/actualites\/service-militaire-et-civil-volontaire-lettre-dinformation-a-tous-les-jeunes-de-17-ans-de-la-chambre-en-preparation\/","title":{"rendered":"Service militaire et civil volontaire: lettre d&rsquo;information \u00e0 tous les jeunes de 17 ans de la chambre en pr\u00e9paration"},"content":{"rendered":"<p><strong>Lors de la premi\u00e8re r\u00e9union apr\u00e8s les vacances d&rsquo;\u00e9t\u00e9 du Comit\u00e9 pour la d\u00e9fense nationale du Parlement belge le 17 septembre, un projet de loi a \u00e9t\u00e9 discut\u00e9, ce qui devrait permettre au minist\u00e8re de la D\u00e9fense d&rsquo;envoyer aux citoyens de 17 ans une lettre d&rsquo;information \u00e0 un service militaire volontaire de 12 mois. Le d\u00e9put\u00e9 de Belge oriental Luc Frank (CSP &#8211; Les Engages) est co-auteur du texte.<\/strong><\/p>\n<p><span id=\"more-424830\"><\/span>Le gouvernement de l&rsquo;Arizona avait d\u00e9clar\u00e9 dans son accord de coalition qu&rsquo;une lettre d&rsquo;information devait \u00eatre envoy\u00e9e \u00e0 un service militaire volontaire de 12 mois. <\/p>\n<p>Avant que ce projet ne puisse \u00eatre mis en \u0153uvre, cependant, la base de protection des donn\u00e9es doit \u00eatre cr\u00e9\u00e9e. C&rsquo;est le seul moyen d&rsquo;amener l&rsquo;arm\u00e9e \u00e0 l&rsquo;acc\u00e8s aux donn\u00e9es personnelles qui sont prot\u00e9g\u00e9es par de nombreuses lois au niveau europ\u00e9en et belge.<\/p>\n<div id=\"attachment_269091\" class=\"wp-caption alignleft\" style=\"max-width: 300px\"><img fetchpriority=\"high\" decoding=\"async\" class=\"wp-image-269091 size-medium\" src=\"https:\/\/vieassociative.be\/actualites\/wp-content\/uploads\/2025\/02\/La-conscription-en-Belgique-est-elle-reintroduite.jpeg\" alt=\"\" width=\"300\" height=\"200\"  ><\/div>\n<p>Afin de cr\u00e9er une base juridique pour cela, un projet de loi a \u00e9t\u00e9 pr\u00e9sent\u00e9 au comit\u00e9 dans une premi\u00e8re \u00e9tape.<\/p>\n<p>\u00ab\u00a0L&rsquo;exp\u00e9dition de ces lettres d&rsquo;information repr\u00e9sente une \u00e9tape importante vers les forces arm\u00e9es op\u00e9rationnelles et donc la s\u00e9curit\u00e9 de notre pays. Cependant, il est tout aussi important de prot\u00e9ger les donn\u00e9es de nos citoyens de la meilleure fa\u00e7on possible. Un cadre juridique doit donc \u00eatre cr\u00e9\u00e9 et cette loi est l\u00e0\u00a0\u00bb, explique le d\u00e9put\u00e9 de l&rsquo;Est Belgien Luc Frank (CSP &#8211; Les Engages).<\/p>\n<p>Lors de cette premi\u00e8re r\u00e9union du comit\u00e9, les d\u00e9put\u00e9s ont eu l&rsquo;occasion de pr\u00e9parer des changements apport\u00e9s au texte pr\u00e9sent\u00e9s. Un changement significatif est venu de la f\u00eate Les Engages. Gr\u00e2ce \u00e0 leurs efforts, le texte fournit non seulement des informations sur un service militaire volontaire, mais fait \u00e9galement r\u00e9f\u00e9rence \u00e0 d&rsquo;autres options pour les engagements civils.<\/p>\n<div id=\"attachment_398679\" class=\"wp-caption alignleft\" style=\"max-width: 300px\"><img decoding=\"async\" class=\"wp-image-398679 size-medium\" src=\"https:\/\/vieassociative.be\/actualites\/wp-content\/uploads\/2025\/05\/1747405137_84_La-Belgique-se-deshabille-de-lenergie-nucleaire-Luc-Frank.jpg\" alt=\"\" width=\"300\" height=\"200\"><\/div>\n<p>\u00ab\u00a0Il est important que les b\u00e9n\u00e9ficiaires de cette lettre soient enseign\u00e9s sur toutes les possibilit\u00e9s d&rsquo;un engagement civil &#8211; m\u00eame ceux qui ne contiennent aucun engagement dans l&rsquo;arm\u00e9e\u00a0\u00bb, a d\u00e9clar\u00e9 Luc Frank. Cette lettre sera une lettre purement informative qui n&rsquo;a aucune obligation de la part du destinataire. \u00ab\u00a0Il y a d\u00e9j\u00e0 une base de donn\u00e9es similaire aux Pays-Bas\u00a0\u00bb, explique Frank.<\/p>\n<p>D&rsquo;autres modifications ont pris en compte les \u00e9valuations de diverses autorit\u00e9s, telles que la Belgian Data Protection Authority APD (Autorit\u00e9 de Protection de Donn\u00e9s) ou le minist\u00e8re de l&rsquo;Int\u00e9rieur. Il a \u00e9t\u00e9 stipul\u00e9 que les donn\u00e9es collect\u00e9es seront supprim\u00e9es imm\u00e9diatement pour l&rsquo;utilisation de la lettre apr\u00e8s son utilisation et que la dur\u00e9e pour une premi\u00e8re \u00e9valuation de la mesure est raccourcie \u00e0 six ans. En outre, l&rsquo;enqu\u00eate de certaines donn\u00e9es qui n&rsquo;est pas pertinente pour l&rsquo;envoi de la lettre a \u00e9t\u00e9 supprim\u00e9e.<\/p>\n<p>Apr\u00e8s le vote sur les divers changements propos\u00e9s, le projet devrait \u00eatre port\u00e9 au vote final dans deux semaines. Une autre loi d\u00e9terminera ensuite les modalit\u00e9s exactes de ce nouveau statut du fournisseur de services militaires volontaires. (Cre)<\/p>\n","protected":false},"excerpt":{"rendered":"<p>Lors de la premi\u00e8re r\u00e9union apr\u00e8s les vacances d&rsquo;\u00e9t\u00e9 du Comit\u00e9 pour la d\u00e9fense nationale du Parlement belge le 17 septembre, un projet de loi<\/p>\n","protected":false},"author":1,"featured_media":5266,"comment_status":"","ping_status":"","sticky":false,"template":"","format":"standard","meta":{"footnotes":""},"categories":[298],"tags":[584,1014,8609,8611,5859,14,2628,7852,3783,2911,546,8610],"class_list":["post-10134","post","type-post","status-publish","format-standard","has-post-thumbnail","hentry","category-belgique","tag-ans","tag-chambre","tag-civil","tag-dinformation","tag-jeunes","tag-les","tag-lettre","tag-militaire","tag-preparation","tag-service","tag-tous","tag-volontaire","generate-columns","tablet-grid-50","mobile-grid-100","grid-parent","grid-33"],"yoast_head":"<!-- This site is optimized with the Yoast SEO plugin v24.0 - https:\/\/yoast.com\/wordpress\/plugins\/seo\/ -->\n<title>Service militaire et civil volontaire: lettre d&#039;information \u00e0 tous les jeunes de 17 ans de la chambre en pr\u00e9paration | Vie Associative<\/title>\n<meta name=\"robots\" content=\"index, follow, max-snippet:-1, max-image-preview:large, max-video-preview:-1\" \/>\n<link rel=\"canonical\" href=\"https:\/\/vieassociative.be\/actualites\/service-militaire-et-civil-volontaire-lettre-dinformation-a-tous-les-jeunes-de-17-ans-de-la-chambre-en-preparation\/\" \/>\n<meta property=\"og:locale\" content=\"fr_FR\" \/>\n<meta property=\"og:type\" content=\"article\" \/>\n<meta property=\"og:title\" content=\"Service militaire et civil volontaire: lettre d&#039;information \u00e0 tous les jeunes de 17 ans de la chambre en pr\u00e9paration | Vie Associative\" \/>\n<meta property=\"og:description\" content=\"Lors de la premi\u00e8re r\u00e9union apr\u00e8s les vacances d&rsquo;\u00e9t\u00e9 du Comit\u00e9 pour la d\u00e9fense nationale du Parlement belge le 17 septembre, un projet de loi\" \/>\n<meta property=\"og:url\" content=\"https:\/\/vieassociative.be\/actualites\/service-militaire-et-civil-volontaire-lettre-dinformation-a-tous-les-jeunes-de-17-ans-de-la-chambre-en-preparation\/\" \/>\n<meta property=\"og:site_name\" content=\"Vie Associative\" \/>\n<meta property=\"article:published_time\" content=\"2025-09-19T14:17:46+00:00\" \/>\n<meta property=\"og:image\" content=\"https:\/\/vieassociative.be\/actualites\/wp-content\/uploads\/2024\/09\/header_backgroundk-01-e1726694325946.png\" \/>\n\t<meta property=\"og:image:width\" content=\"279\" \/>\n\t<meta property=\"og:image:height\" content=\"92\" \/>\n\t<meta property=\"og:image:type\" content=\"image\/png\" \/>\n<meta name=\"author\" content=\"Julien\" \/>\n<meta name=\"twitter:card\" content=\"summary_large_image\" \/>\n<meta name=\"twitter:label1\" content=\"\u00c9crit par\" \/>\n\t<meta name=\"twitter:data1\" content=\"Julien\" \/>\n\t<meta name=\"twitter:label2\" content=\"Dur\u00e9e de lecture est.\" \/>\n\t<meta name=\"twitter:data2\" content=\"3 minutes\" \/>\n<script type=\"application\/ld+json\" class=\"yoast-schema-graph\">{\"@context\":\"https:\/\/schema.org\",\"@graph\":[{\"@type\":\"Article\",\"@id\":\"https:\/\/vieassociative.be\/actualites\/service-militaire-et-civil-volontaire-lettre-dinformation-a-tous-les-jeunes-de-17-ans-de-la-chambre-en-preparation\/#article\",\"isPartOf\":{\"@id\":\"https:\/\/vieassociative.be\/actualites\/service-militaire-et-civil-volontaire-lettre-dinformation-a-tous-les-jeunes-de-17-ans-de-la-chambre-en-preparation\/\"},\"author\":{\"name\":\"Julien\",\"@id\":\"https:\/\/vieassociative.be\/actualites\/#\/schema\/person\/b87ac4f82f9d4e7b7cec7395b679edc4\"},\"headline\":\"Service militaire et civil volontaire: lettre d&rsquo;information \u00e0 tous les jeunes de 17 ans de la chambre en pr\u00e9paration\",\"datePublished\":\"2025-09-19T14:17:46+00:00\",\"dateModified\":\"2025-09-19T14:17:46+00:00\",\"mainEntityOfPage\":{\"@id\":\"https:\/\/vieassociative.be\/actualites\/service-militaire-et-civil-volontaire-lettre-dinformation-a-tous-les-jeunes-de-17-ans-de-la-chambre-en-preparation\/\"},\"wordCount\":560,\"publisher\":{\"@id\":\"https:\/\/vieassociative.be\/actualites\/#organization\"},\"image\":{\"@id\":\"https:\/\/vieassociative.be\/actualites\/service-militaire-et-civil-volontaire-lettre-dinformation-a-tous-les-jeunes-de-17-ans-de-la-chambre-en-preparation\/#primaryimage\"},\"thumbnailUrl\":\"https:\/\/vieassociative.be\/actualites\/wp-content\/uploads\/2025\/02\/1740061039_La-conscription-en-Belgique-est-elle-reintroduite.jpg\",\"keywords\":[\"ans\",\"chambre\",\"civil\",\"dinformation\",\"jeunes\",\"Les\",\"lettre\",\"militaire\",\"pr\u00e9paration\",\"service\",\"tous\",\"volontaire\"],\"articleSection\":[\"Belgique\"],\"inLanguage\":\"fr-BE\"},{\"@type\":\"WebPage\",\"@id\":\"https:\/\/vieassociative.be\/actualites\/service-militaire-et-civil-volontaire-lettre-dinformation-a-tous-les-jeunes-de-17-ans-de-la-chambre-en-preparation\/\",\"url\":\"https:\/\/vieassociative.be\/actualites\/service-militaire-et-civil-volontaire-lettre-dinformation-a-tous-les-jeunes-de-17-ans-de-la-chambre-en-preparation\/\",\"name\":\"Service militaire et civil volontaire: lettre d'information \u00e0 tous les jeunes de 17 ans de la chambre en pr\u00e9paration | Vie Associative\",\"isPartOf\":{\"@id\":\"https:\/\/vieassociative.be\/actualites\/#website\"},\"primaryImageOfPage\":{\"@id\":\"https:\/\/vieassociative.be\/actualites\/service-militaire-et-civil-volontaire-lettre-dinformation-a-tous-les-jeunes-de-17-ans-de-la-chambre-en-preparation\/#primaryimage\"},\"image\":{\"@id\":\"https:\/\/vieassociative.be\/actualites\/service-militaire-et-civil-volontaire-lettre-dinformation-a-tous-les-jeunes-de-17-ans-de-la-chambre-en-preparation\/#primaryimage\"},\"thumbnailUrl\":\"https:\/\/vieassociative.be\/actualites\/wp-content\/uploads\/2025\/02\/1740061039_La-conscription-en-Belgique-est-elle-reintroduite.jpg\",\"datePublished\":\"2025-09-19T14:17:46+00:00\",\"dateModified\":\"2025-09-19T14:17:46+00:00\",\"breadcrumb\":{\"@id\":\"https:\/\/vieassociative.be\/actualites\/service-militaire-et-civil-volontaire-lettre-dinformation-a-tous-les-jeunes-de-17-ans-de-la-chambre-en-preparation\/#breadcrumb\"},\"inLanguage\":\"fr-BE\",\"potentialAction\":[{\"@type\":\"ReadAction\",\"target\":[\"https:\/\/vieassociative.be\/actualites\/service-militaire-et-civil-volontaire-lettre-dinformation-a-tous-les-jeunes-de-17-ans-de-la-chambre-en-preparation\/\"]}]},{\"@type\":\"ImageObject\",\"inLanguage\":\"fr-BE\",\"@id\":\"https:\/\/vieassociative.be\/actualites\/service-militaire-et-civil-volontaire-lettre-dinformation-a-tous-les-jeunes-de-17-ans-de-la-chambre-en-preparation\/#primaryimage\",\"url\":\"https:\/\/vieassociative.be\/actualites\/wp-content\/uploads\/2025\/02\/1740061039_La-conscription-en-Belgique-est-elle-reintroduite.jpg\",\"contentUrl\":\"https:\/\/vieassociative.be\/actualites\/wp-content\/uploads\/2025\/02\/1740061039_La-conscription-en-Belgique-est-elle-reintroduite.jpg\",\"width\":1200,\"height\":881,\"caption\":\"La conscription en Belgique est-elle r\u00e9introduite?\"},{\"@type\":\"BreadcrumbList\",\"@id\":\"https:\/\/vieassociative.be\/actualites\/service-militaire-et-civil-volontaire-lettre-dinformation-a-tous-les-jeunes-de-17-ans-de-la-chambre-en-preparation\/#breadcrumb\",\"itemListElement\":[{\"@type\":\"ListItem\",\"position\":1,\"name\":\"Accueil\",\"item\":\"https:\/\/vieassociative.be\/actualites\/\"},{\"@type\":\"ListItem\",\"position\":2,\"name\":\"Service militaire et civil volontaire: lettre d&rsquo;information \u00e0 tous les jeunes de 17 ans de la chambre en pr\u00e9paration\"}]},{\"@type\":\"WebSite\",\"@id\":\"https:\/\/vieassociative.be\/actualites\/#website\",\"url\":\"https:\/\/vieassociative.be\/actualites\/\",\"name\":\"Vie Associative\",\"description\":\"\",\"publisher\":{\"@id\":\"https:\/\/vieassociative.be\/actualites\/#organization\"},\"potentialAction\":[{\"@type\":\"SearchAction\",\"target\":{\"@type\":\"EntryPoint\",\"urlTemplate\":\"https:\/\/vieassociative.be\/actualites\/?s={search_term_string}\"},\"query-input\":{\"@type\":\"PropertyValueSpecification\",\"valueRequired\":true,\"valueName\":\"search_term_string\"}}],\"inLanguage\":\"fr-BE\"},{\"@type\":\"Organization\",\"@id\":\"https:\/\/vieassociative.be\/actualites\/#organization\",\"name\":\"Vie Associative\",\"url\":\"https:\/\/vieassociative.be\/actualites\/\",\"logo\":{\"@type\":\"ImageObject\",\"inLanguage\":\"fr-BE\",\"@id\":\"https:\/\/vieassociative.be\/actualites\/#\/schema\/logo\/image\/\",\"url\":\"https:\/\/vieassociative.be\/actualites\/wp-content\/uploads\/2024\/09\/cropped-vieassociative_favicon.ico.png\",\"contentUrl\":\"https:\/\/vieassociative.be\/actualites\/wp-content\/uploads\/2024\/09\/cropped-vieassociative_favicon.ico.png\",\"width\":512,\"height\":512,\"caption\":\"Vie Associative\"},\"image\":{\"@id\":\"https:\/\/vieassociative.be\/actualites\/#\/schema\/logo\/image\/\"}},{\"@type\":\"Person\",\"@id\":\"https:\/\/vieassociative.be\/actualites\/#\/schema\/person\/b87ac4f82f9d4e7b7cec7395b679edc4\",\"name\":\"Julien\",\"image\":{\"@type\":\"ImageObject\",\"inLanguage\":\"fr-BE\",\"@id\":\"https:\/\/vieassociative.be\/actualites\/#\/schema\/person\/image\/\",\"url\":\"https:\/\/vieassociative.be\/actualites\/wp-content\/uploads\/2024\/09\/vie-associative-1-150x150.jpg\",\"contentUrl\":\"https:\/\/vieassociative.be\/actualites\/wp-content\/uploads\/2024\/09\/vie-associative-1-150x150.jpg\",\"caption\":\"Julien\"},\"description\":\"Je suis Julien, r\u00e9dacteur pour Vie Associative. Passionn\u00e9 par le monde associatif depuis plus de 10 ans, j'ai \u00e0 c\u0153ur de partager des histoires inspirantes et de mettre en lumi\u00e8re les initiatives locales. Mon objectif est de sensibiliser et d'encourager l'engagement communautaire \u00e0 travers mes articles.\",\"sameAs\":[\"https:\/\/vieassociative.be\/\"]}]}<\/script>\n<!-- \/ Yoast SEO plugin. -->","yoast_head_json":{"title":"Service militaire et civil volontaire: lettre d'information \u00e0 tous les jeunes de 17 ans de la chambre en pr\u00e9paration | Vie Associative","robots":{"index":"index","follow":"follow","max-snippet":"max-snippet:-1","max-image-preview":"max-image-preview:large","max-video-preview":"max-video-preview:-1"},"canonical":"https:\/\/vieassociative.be\/actualites\/service-militaire-et-civil-volontaire-lettre-dinformation-a-tous-les-jeunes-de-17-ans-de-la-chambre-en-preparation\/","og_locale":"fr_FR","og_type":"article","og_title":"Service militaire et civil volontaire: lettre d'information \u00e0 tous les jeunes de 17 ans de la chambre en pr\u00e9paration | Vie Associative","og_description":"Lors de la premi\u00e8re r\u00e9union apr\u00e8s les vacances d&rsquo;\u00e9t\u00e9 du Comit\u00e9 pour la d\u00e9fense nationale du Parlement belge le 17 septembre, un projet de loi","og_url":"https:\/\/vieassociative.be\/actualites\/service-militaire-et-civil-volontaire-lettre-dinformation-a-tous-les-jeunes-de-17-ans-de-la-chambre-en-preparation\/","og_site_name":"Vie Associative","article_published_time":"2025-09-19T14:17:46+00:00","og_image":[{"width":279,"height":92,"url":"https:\/\/vieassociative.be\/actualites\/wp-content\/uploads\/2024\/09\/header_backgroundk-01-e1726694325946.png","type":"image\/png"}],"author":"Julien","twitter_card":"summary_large_image","twitter_misc":{"\u00c9crit par":"Julien","Dur\u00e9e de lecture est.":"3 minutes"},"schema":{"@context":"https:\/\/schema.org","@graph":[{"@type":"Article","@id":"https:\/\/vieassociative.be\/actualites\/service-militaire-et-civil-volontaire-lettre-dinformation-a-tous-les-jeunes-de-17-ans-de-la-chambre-en-preparation\/#article","isPartOf":{"@id":"https:\/\/vieassociative.be\/actualites\/service-militaire-et-civil-volontaire-lettre-dinformation-a-tous-les-jeunes-de-17-ans-de-la-chambre-en-preparation\/"},"author":{"name":"Julien","@id":"https:\/\/vieassociative.be\/actualites\/#\/schema\/person\/b87ac4f82f9d4e7b7cec7395b679edc4"},"headline":"Service militaire et civil volontaire: lettre d&rsquo;information \u00e0 tous les jeunes de 17 ans de la chambre en pr\u00e9paration","datePublished":"2025-09-19T14:17:46+00:00","dateModified":"2025-09-19T14:17:46+00:00","mainEntityOfPage":{"@id":"https:\/\/vieassociative.be\/actualites\/service-militaire-et-civil-volontaire-lettre-dinformation-a-tous-les-jeunes-de-17-ans-de-la-chambre-en-preparation\/"},"wordCount":560,"publisher":{"@id":"https:\/\/vieassociative.be\/actualites\/#organization"},"image":{"@id":"https:\/\/vieassociative.be\/actualites\/service-militaire-et-civil-volontaire-lettre-dinformation-a-tous-les-jeunes-de-17-ans-de-la-chambre-en-preparation\/#primaryimage"},"thumbnailUrl":"https:\/\/vieassociative.be\/actualites\/wp-content\/uploads\/2025\/02\/1740061039_La-conscription-en-Belgique-est-elle-reintroduite.jpg","keywords":["ans","chambre","civil","dinformation","jeunes","Les","lettre","militaire","pr\u00e9paration","service","tous","volontaire"],"articleSection":["Belgique"],"inLanguage":"fr-BE"},{"@type":"WebPage","@id":"https:\/\/vieassociative.be\/actualites\/service-militaire-et-civil-volontaire-lettre-dinformation-a-tous-les-jeunes-de-17-ans-de-la-chambre-en-preparation\/","url":"https:\/\/vieassociative.be\/actualites\/service-militaire-et-civil-volontaire-lettre-dinformation-a-tous-les-jeunes-de-17-ans-de-la-chambre-en-preparation\/","name":"Service militaire et civil volontaire: lettre d'information \u00e0 tous les jeunes de 17 ans de la chambre en pr\u00e9paration | Vie Associative","isPartOf":{"@id":"https:\/\/vieassociative.be\/actualites\/#website"},"primaryImageOfPage":{"@id":"https:\/\/vieassociative.be\/actualites\/service-militaire-et-civil-volontaire-lettre-dinformation-a-tous-les-jeunes-de-17-ans-de-la-chambre-en-preparation\/#primaryimage"},"image":{"@id":"https:\/\/vieassociative.be\/actualites\/service-militaire-et-civil-volontaire-lettre-dinformation-a-tous-les-jeunes-de-17-ans-de-la-chambre-en-preparation\/#primaryimage"},"thumbnailUrl":"https:\/\/vieassociative.be\/actualites\/wp-content\/uploads\/2025\/02\/1740061039_La-conscription-en-Belgique-est-elle-reintroduite.jpg","datePublished":"2025-09-19T14:17:46+00:00","dateModified":"2025-09-19T14:17:46+00:00","breadcrumb":{"@id":"https:\/\/vieassociative.be\/actualites\/service-militaire-et-civil-volontaire-lettre-dinformation-a-tous-les-jeunes-de-17-ans-de-la-chambre-en-preparation\/#breadcrumb"},"inLanguage":"fr-BE","potentialAction":[{"@type":"ReadAction","target":["https:\/\/vieassociative.be\/actualites\/service-militaire-et-civil-volontaire-lettre-dinformation-a-tous-les-jeunes-de-17-ans-de-la-chambre-en-preparation\/"]}]},{"@type":"ImageObject","inLanguage":"fr-BE","@id":"https:\/\/vieassociative.be\/actualites\/service-militaire-et-civil-volontaire-lettre-dinformation-a-tous-les-jeunes-de-17-ans-de-la-chambre-en-preparation\/#primaryimage","url":"https:\/\/vieassociative.be\/actualites\/wp-content\/uploads\/2025\/02\/1740061039_La-conscription-en-Belgique-est-elle-reintroduite.jpg","contentUrl":"https:\/\/vieassociative.be\/actualites\/wp-content\/uploads\/2025\/02\/1740061039_La-conscription-en-Belgique-est-elle-reintroduite.jpg","width":1200,"height":881,"caption":"La conscription en Belgique est-elle r\u00e9introduite?"},{"@type":"BreadcrumbList","@id":"https:\/\/vieassociative.be\/actualites\/service-militaire-et-civil-volontaire-lettre-dinformation-a-tous-les-jeunes-de-17-ans-de-la-chambre-en-preparation\/#breadcrumb","itemListElement":[{"@type":"ListItem","position":1,"name":"Accueil","item":"https:\/\/vieassociative.be\/actualites\/"},{"@type":"ListItem","position":2,"name":"Service militaire et civil volontaire: lettre d&rsquo;information \u00e0 tous les jeunes de 17 ans de la chambre en pr\u00e9paration"}]},{"@type":"WebSite","@id":"https:\/\/vieassociative.be\/actualites\/#website","url":"https:\/\/vieassociative.be\/actualites\/","name":"Vie Associative","description":"","publisher":{"@id":"https:\/\/vieassociative.be\/actualites\/#organization"},"potentialAction":[{"@type":"SearchAction","target":{"@type":"EntryPoint","urlTemplate":"https:\/\/vieassociative.be\/actualites\/?s={search_term_string}"},"query-input":{"@type":"PropertyValueSpecification","valueRequired":true,"valueName":"search_term_string"}}],"inLanguage":"fr-BE"},{"@type":"Organization","@id":"https:\/\/vieassociative.be\/actualites\/#organization","name":"Vie Associative","url":"https:\/\/vieassociative.be\/actualites\/","logo":{"@type":"ImageObject","inLanguage":"fr-BE","@id":"https:\/\/vieassociative.be\/actualites\/#\/schema\/logo\/image\/","url":"https:\/\/vieassociative.be\/actualites\/wp-content\/uploads\/2024\/09\/cropped-vieassociative_favicon.ico.png","contentUrl":"https:\/\/vieassociative.be\/actualites\/wp-content\/uploads\/2024\/09\/cropped-vieassociative_favicon.ico.png","width":512,"height":512,"caption":"Vie Associative"},"image":{"@id":"https:\/\/vieassociative.be\/actualites\/#\/schema\/logo\/image\/"}},{"@type":"Person","@id":"https:\/\/vieassociative.be\/actualites\/#\/schema\/person\/b87ac4f82f9d4e7b7cec7395b679edc4","name":"Julien","image":{"@type":"ImageObject","inLanguage":"fr-BE","@id":"https:\/\/vieassociative.be\/actualites\/#\/schema\/person\/image\/","url":"https:\/\/vieassociative.be\/actualites\/wp-content\/uploads\/2024\/09\/vie-associative-1-150x150.jpg","contentUrl":"https:\/\/vieassociative.be\/actualites\/wp-content\/uploads\/2024\/09\/vie-associative-1-150x150.jpg","caption":"Julien"},"description":"Je suis Julien, r\u00e9dacteur pour Vie Associative. Passionn\u00e9 par le monde associatif depuis plus de 10 ans, j'ai \u00e0 c\u0153ur de partager des histoires inspirantes et de mettre en lumi\u00e8re les initiatives locales. Mon objectif est de sensibiliser et d'encourager l'engagement communautaire \u00e0 travers mes articles.","sameAs":["https:\/\/vieassociative.be\/"]}]}},"_links":{"self":[{"href":"https:\/\/vieassociative.be\/actualites\/wp-json\/wp\/v2\/posts\/10134"}],"collection":[{"href":"https:\/\/vieassociative.be\/actualites\/wp-json\/wp\/v2\/posts"}],"about":[{"href":"https:\/\/vieassociative.be\/actualites\/wp-json\/wp\/v2\/types\/post"}],"author":[{"embeddable":true,"href":"https:\/\/vieassociative.be\/actualites\/wp-json\/wp\/v2\/users\/1"}],"replies":[{"embeddable":true,"href":"https:\/\/vieassociative.be\/actualites\/wp-json\/wp\/v2\/comments?post=10134"}],"version-history":[{"count":0,"href":"https:\/\/vieassociative.be\/actualites\/wp-json\/wp\/v2\/posts\/10134\/revisions"}],"wp:featuredmedia":[{"embeddable":true,"href":"https:\/\/vieassociative.be\/actualites\/wp-json\/wp\/v2\/media\/5266"}],"wp:attachment":[{"href":"https:\/\/vieassociative.be\/actualites\/wp-json\/wp\/v2\/media?parent=10134"}],"wp:term":[{"taxonomy":"category","embeddable":true,"href":"https:\/\/vieassociative.be\/actualites\/wp-json\/wp\/v2\/categories?post=10134"},{"taxonomy":"post_tag","embeddable":true,"href":"https:\/\/vieassociative.be\/actualites\/wp-json\/wp\/v2\/tags?post=10134"}],"curies":[{"name":"wp","href":"https:\/\/api.w.org\/{rel}","templated":true}]}}