{"id":10129,"date":"2025-09-19T10:17:10","date_gmt":"2025-09-19T08:17:10","guid":{"rendered":"https:\/\/vieassociative.be\/actualites\/lesc-est-confrontee-a-un-test-de-dechirure-beaucoup-ne-veulent-pas-etre-sur-scene-avec-israel-questions-et-reponses\/"},"modified":"2025-09-19T10:17:10","modified_gmt":"2025-09-19T08:17:10","slug":"lesc-est-confrontee-a-un-test-de-dechirure-beaucoup-ne-veulent-pas-etre-sur-scene-avec-israel-questions-et-reponses","status":"publish","type":"post","link":"https:\/\/vieassociative.be\/actualites\/lesc-est-confrontee-a-un-test-de-dechirure-beaucoup-ne-veulent-pas-etre-sur-scene-avec-israel-questions-et-reponses\/","title":{"rendered":"L&rsquo;ESC est confront\u00e9e \u00e0 un test de d\u00e9chirure: beaucoup ne veulent pas \u00eatre sur sc\u00e8ne avec Isra\u00ebl (questions et r\u00e9ponses)"},"content":{"rendered":"<p><strong>Dans le diff\u00e9rend concernant la participation d&rsquo;Isra\u00ebl, le concours Eurovision Song (ESC) fait face au plus grand test de lacunes de ses pr\u00e8s de 70 ans d&rsquo;histoire. Il bouillonne parmi les participants au concours depuis des mois.<\/strong><\/p>\n<p><span id=\"more-424890\"><\/span>Le diffuseur espagnol comme l&rsquo;un des cinq donateurs les plus importants a d\u00e9j\u00e0 menac\u00e9 d&rsquo;annulation si Isra\u00ebl envoie une contribution \u00e0 l&rsquo;ESC 2026. Auparavant, il y avait eu des annonces de boycott d&rsquo;Irlande, de Pays-Bas et de Slov\u00e9nie.<\/p>\n<p><strong>&#8211; De quoi s&rsquo;agit-il?<\/strong><\/p>\n<p>Dans plusieurs pays participants, les demandes d&rsquo;exclusion d&rsquo;Isra\u00ebl circulent depuis longtemps. L&rsquo;arri\u00e8re-plan est la guerre dans la bande de Gaza. La guerre a \u00e9t\u00e9 d\u00e9clench\u00e9e par l&rsquo;attaque terroriste du Hamas le 7 octobre 2023, dans laquelle environ 1 200 personnes tu\u00e9es en Isra\u00ebl et plus de 250 autres ont \u00e9t\u00e9 tra\u00een\u00e9es dans les bandes de Gaza, y compris des enfants.<\/p>\n<div id=\"attachment_424913\" class=\"wp-caption alignleft\" style=\"max-width: 300px\"><img fetchpriority=\"high\" decoding=\"async\" class=\"wp-image-424913 size-medium\" src=\"https:\/\/vieassociative.be\/actualites\/wp-content\/uploads\/2025\/09\/LESC-est-confrontee-a-un-test-de-dechirure-beaucoup-ne.jpg\" alt=\"\" width=\"300\" height=\"200\"><\/div>\n<p>Depuis lors, au moins 64 900 Palestiniens ont \u00e9t\u00e9 tu\u00e9s dans la zone c\u00f4ti\u00e8re, dont de nombreuses femmes et enfants. C&rsquo;est pourquoi il y a eu des manifestations lors des comp\u00e9titions ESC \u00e0 Malm\u00f6 2024 et B\u00e2le 2025. Le minist\u00e8re de la Sant\u00e9 ne fait pas la diff\u00e9rence entre les arm\u00e9s et les civils. L&rsquo;ONU a class\u00e9 ces informations comme cr\u00e9dibles.<\/p>\n<p><strong>&#8211; Comment se disputent les critiques d&rsquo;Isra\u00ebl?<\/strong><\/p>\n<p>Un argument qui a \u00e9t\u00e9 soulev\u00e9 \u00e0 plusieurs reprises est la comparaison avec la Russie. Apr\u00e8s l&rsquo;invasion de l&rsquo;Ukraine, le pays a \u00e9t\u00e9 exclu du concours Eurovision de la chanson \u00e0 Turin 2022 et n&rsquo;a pas repris depuis lors. \u00ab\u00a0Nous ne sommes pas autoris\u00e9s \u00e0 autoriser les doubles standards en culture\u00a0\u00bb, a d\u00e9clar\u00e9 le Premier ministre espagnol Pedro S\u00e1nchez avec une vue d&rsquo;Isra\u00ebl et de la Russie.<\/p>\n<p><strong>&#8211; Pourquoi les organisateurs ne veulent-ils pas exclure Isra\u00ebl?<\/strong><\/p>\n<p>Les organisateurs, l&rsquo;Union europ\u00e9enne de la radio (EBU) \u00e0 Gen\u00e8ve, consid\u00e8rent l&rsquo;ESC comme un \u00e9v\u00e9nement artistique apolitique. Selon le directeur g\u00e9n\u00e9ral de l&rsquo;EBU, Noel Curran, il est encore plus important que l&rsquo;ESC soit \u00ab\u00a0aucune concurrence entre les gouvernements\u00a0\u00bb. L&rsquo;UBU n&rsquo;\u00e9value pas les actes politiques des pays participants, mais l&rsquo;ind\u00e9pendance de ses radiodiffuseurs, qui envoient ensuite les artistes. Le diffuseur isra\u00e9lien Kan r\u00e9pondra \u00e0 ces exigences. La t\u00e9l\u00e9vision russe, en revanche, est trop proche de l&rsquo;\u00c9tat russe de la guerre.<\/p>\n<div id=\"attachment_424914\" class=\"wp-caption alignleft\" style=\"max-width: 300px\"><img decoding=\"async\" class=\"wp-image-424914 size-medium\" src=\"https:\/\/vieassociative.be\/actualites\/wp-content\/uploads\/2025\/09\/1758269830_518_LESC-est-confrontee-a-un-test-de-dechirure-beaucoup-ne.jpg\" alt=\"\" width=\"300\" height=\"200\"><\/div>\n<p><strong>&#8211; Pourquoi l&rsquo;annulation de l&rsquo;Espagne p\u00e8se-t-elle si lourdement?<\/strong><\/p>\n<p>Le nombre de pays participants varie \u00e0 l&rsquo;ESC chaque ann\u00e9e. L&rsquo;UBU pourrait th\u00e9oriquement r\u00e9agir tant qu&rsquo;elle reste avec les annulations individuelles. Cependant, le d\u00e9bat fait rage dans plusieurs pays. En outre, le concours Eurovision Song est devenu l&rsquo;un des \u00e9v\u00e9nements en direct les plus chers d&rsquo;Europe depuis le d\u00e9but de 1956. En plus des organisateurs sur place, les nations d&rsquo;Esc couvrent l&rsquo;Allemagne, la France, la Grande-Bretagne, l&rsquo;Italie et l&rsquo;Espagne. Ils forment les \u00abBig Five\u00bb, dont les chanteurs ont \u00e9t\u00e9 automatiquement fix\u00e9s pour la finale \u00e0 chaque fois.<\/p>\n<p><strong>&#8211; \u00c0 quoi pourrait ressembler une solution?<\/strong><\/p>\n<p>Jusqu&rsquo;\u00e0 pr\u00e9sent, il n&rsquo;est pas encore devenu \u00e9vident comment le conflit doit \u00eatre ajout\u00e9. \u00c0 maintes reprises, on parle des n\u00e9gociations que l&rsquo;UBU veut diriger avec les participants critiques isra\u00e9liens jusqu&rsquo;en d\u00e9cembre, qui comprend \u00e9galement l&rsquo;Islande et la Belgique. Au d\u00e9but de cette semaine, un rapport du portail isra\u00e9lien \u00ab\u00a0Ynet\u00a0\u00bb a fait \u00e9couter la communaut\u00e9 ESC.<\/p>\n<p>Soi-disant, deux sc\u00e9narios ont \u00e9t\u00e9 propos\u00e9s aux Isra\u00e9liens: exposer un an dans l&rsquo;espoir que la guerre serait termin\u00e9e en 2027. Ou une apparition \u00e0 Vienne avec un drapeau neutre. Cela a \u00e9t\u00e9 suivi par un Dementi net de Gen\u00e8ve: \u00ab\u00a0L&rsquo;UBU (le diffuseur isra\u00e9lien) ne peut pas faire de suggestions en vue de leur participation \u00e0 la prochaine ESC. Les consultations du grand groupe de nos membres continuent de fonctionner. Avant que ce processus n&rsquo;ait \u00e9t\u00e9 termin\u00e9, aucune d\u00e9cision ne sera prise\u00a0\u00bb, a d\u00e9clar\u00e9 l&rsquo;EBU. (DPA)<\/p>\n","protected":false},"excerpt":{"rendered":"<p>Dans le diff\u00e9rend concernant la participation d&rsquo;Isra\u00ebl, le concours Eurovision Song (ESC) fait face au plus grand test de lacunes de ses pr\u00e8s de 70<\/p>\n","protected":false},"author":1,"featured_media":10130,"comment_status":"","ping_status":"","sticky":false,"template":"","format":"standard","meta":{"footnotes":""},"categories":[298],"tags":[61,1118,8607,8608,76,23,3004,8606,126,481,1882,4189,33,186,4105],"class_list":["post-10129","post","type-post","status-publish","format-standard","has-post-thumbnail","hentry","category-belgique","tag-avec","tag-beaucoup","tag-confrontee","tag-dechirure","tag-est","tag-etre","tag-israel","tag-lesc","tag-pas","tag-questions","tag-reponses","tag-scene","tag-sur","tag-test","tag-veulent","generate-columns","tablet-grid-50","mobile-grid-100","grid-parent","grid-33"],"yoast_head":"<!-- This site is optimized with the Yoast SEO plugin v24.0 - https:\/\/yoast.com\/wordpress\/plugins\/seo\/ -->\n<title>L&#039;ESC est confront\u00e9e \u00e0 un test de d\u00e9chirure: beaucoup ne veulent pas \u00eatre sur sc\u00e8ne avec Isra\u00ebl (questions et r\u00e9ponses) | Vie Associative<\/title>\n<meta name=\"robots\" content=\"index, follow, max-snippet:-1, max-image-preview:large, max-video-preview:-1\" \/>\n<link rel=\"canonical\" href=\"https:\/\/vieassociative.be\/actualites\/lesc-est-confrontee-a-un-test-de-dechirure-beaucoup-ne-veulent-pas-etre-sur-scene-avec-israel-questions-et-reponses\/\" \/>\n<meta property=\"og:locale\" content=\"fr_FR\" \/>\n<meta property=\"og:type\" content=\"article\" \/>\n<meta property=\"og:title\" content=\"L&#039;ESC est confront\u00e9e \u00e0 un test de d\u00e9chirure: beaucoup ne veulent pas \u00eatre sur sc\u00e8ne avec Isra\u00ebl (questions et r\u00e9ponses) | Vie Associative\" \/>\n<meta property=\"og:description\" content=\"Dans le diff\u00e9rend concernant la participation d&rsquo;Isra\u00ebl, le concours Eurovision Song (ESC) fait face au plus grand test de lacunes de ses pr\u00e8s de 70\" \/>\n<meta property=\"og:url\" content=\"https:\/\/vieassociative.be\/actualites\/lesc-est-confrontee-a-un-test-de-dechirure-beaucoup-ne-veulent-pas-etre-sur-scene-avec-israel-questions-et-reponses\/\" \/>\n<meta property=\"og:site_name\" content=\"Vie Associative\" \/>\n<meta property=\"article:published_time\" content=\"2025-09-19T08:17:10+00:00\" \/>\n<meta property=\"og:image\" content=\"https:\/\/vieassociative.be\/actualites\/wp-content\/uploads\/2024\/09\/header_backgroundk-01-e1726694325946.png\" \/>\n\t<meta property=\"og:image:width\" content=\"279\" \/>\n\t<meta property=\"og:image:height\" content=\"92\" \/>\n\t<meta property=\"og:image:type\" content=\"image\/png\" \/>\n<meta name=\"author\" content=\"Julien\" \/>\n<meta name=\"twitter:card\" content=\"summary_large_image\" \/>\n<meta name=\"twitter:label1\" content=\"\u00c9crit par\" \/>\n\t<meta name=\"twitter:data1\" content=\"Julien\" \/>\n\t<meta name=\"twitter:label2\" content=\"Dur\u00e9e de lecture est.\" \/>\n\t<meta name=\"twitter:data2\" content=\"3 minutes\" \/>\n<script type=\"application\/ld+json\" class=\"yoast-schema-graph\">{\"@context\":\"https:\/\/schema.org\",\"@graph\":[{\"@type\":\"Article\",\"@id\":\"https:\/\/vieassociative.be\/actualites\/lesc-est-confrontee-a-un-test-de-dechirure-beaucoup-ne-veulent-pas-etre-sur-scene-avec-israel-questions-et-reponses\/#article\",\"isPartOf\":{\"@id\":\"https:\/\/vieassociative.be\/actualites\/lesc-est-confrontee-a-un-test-de-dechirure-beaucoup-ne-veulent-pas-etre-sur-scene-avec-israel-questions-et-reponses\/\"},\"author\":{\"name\":\"Julien\",\"@id\":\"https:\/\/vieassociative.be\/actualites\/#\/schema\/person\/b87ac4f82f9d4e7b7cec7395b679edc4\"},\"headline\":\"L&rsquo;ESC est confront\u00e9e \u00e0 un test de d\u00e9chirure: beaucoup ne veulent pas \u00eatre sur sc\u00e8ne avec Isra\u00ebl (questions et r\u00e9ponses)\",\"datePublished\":\"2025-09-19T08:17:10+00:00\",\"dateModified\":\"2025-09-19T08:17:10+00:00\",\"mainEntityOfPage\":{\"@id\":\"https:\/\/vieassociative.be\/actualites\/lesc-est-confrontee-a-un-test-de-dechirure-beaucoup-ne-veulent-pas-etre-sur-scene-avec-israel-questions-et-reponses\/\"},\"wordCount\":711,\"publisher\":{\"@id\":\"https:\/\/vieassociative.be\/actualites\/#organization\"},\"image\":{\"@id\":\"https:\/\/vieassociative.be\/actualites\/lesc-est-confrontee-a-un-test-de-dechirure-beaucoup-ne-veulent-pas-etre-sur-scene-avec-israel-questions-et-reponses\/#primaryimage\"},\"thumbnailUrl\":\"https:\/\/vieassociative.be\/actualites\/wp-content\/uploads\/2025\/09\/1758269832_LESC-est-confrontee-a-un-test-de-dechirure-beaucoup-ne.jpg\",\"keywords\":[\"avec\",\"beaucoup\",\"confront\u00e9e\",\"d\u00e9chirure\",\"est\",\"\u00eatre\",\"Isra\u00ebl\",\"LESC\",\"pas\",\"questions\",\"r\u00e9ponses\",\"sc\u00e8ne\",\"sur\",\"test\",\"veulent\"],\"articleSection\":[\"Belgique\"],\"inLanguage\":\"fr-BE\"},{\"@type\":\"WebPage\",\"@id\":\"https:\/\/vieassociative.be\/actualites\/lesc-est-confrontee-a-un-test-de-dechirure-beaucoup-ne-veulent-pas-etre-sur-scene-avec-israel-questions-et-reponses\/\",\"url\":\"https:\/\/vieassociative.be\/actualites\/lesc-est-confrontee-a-un-test-de-dechirure-beaucoup-ne-veulent-pas-etre-sur-scene-avec-israel-questions-et-reponses\/\",\"name\":\"L'ESC est confront\u00e9e \u00e0 un test de d\u00e9chirure: beaucoup ne veulent pas \u00eatre sur sc\u00e8ne avec Isra\u00ebl (questions et r\u00e9ponses) | Vie Associative\",\"isPartOf\":{\"@id\":\"https:\/\/vieassociative.be\/actualites\/#website\"},\"primaryImageOfPage\":{\"@id\":\"https:\/\/vieassociative.be\/actualites\/lesc-est-confrontee-a-un-test-de-dechirure-beaucoup-ne-veulent-pas-etre-sur-scene-avec-israel-questions-et-reponses\/#primaryimage\"},\"image\":{\"@id\":\"https:\/\/vieassociative.be\/actualites\/lesc-est-confrontee-a-un-test-de-dechirure-beaucoup-ne-veulent-pas-etre-sur-scene-avec-israel-questions-et-reponses\/#primaryimage\"},\"thumbnailUrl\":\"https:\/\/vieassociative.be\/actualites\/wp-content\/uploads\/2025\/09\/1758269832_LESC-est-confrontee-a-un-test-de-dechirure-beaucoup-ne.jpg\",\"datePublished\":\"2025-09-19T08:17:10+00:00\",\"dateModified\":\"2025-09-19T08:17:10+00:00\",\"breadcrumb\":{\"@id\":\"https:\/\/vieassociative.be\/actualites\/lesc-est-confrontee-a-un-test-de-dechirure-beaucoup-ne-veulent-pas-etre-sur-scene-avec-israel-questions-et-reponses\/#breadcrumb\"},\"inLanguage\":\"fr-BE\",\"potentialAction\":[{\"@type\":\"ReadAction\",\"target\":[\"https:\/\/vieassociative.be\/actualites\/lesc-est-confrontee-a-un-test-de-dechirure-beaucoup-ne-veulent-pas-etre-sur-scene-avec-israel-questions-et-reponses\/\"]}]},{\"@type\":\"ImageObject\",\"inLanguage\":\"fr-BE\",\"@id\":\"https:\/\/vieassociative.be\/actualites\/lesc-est-confrontee-a-un-test-de-dechirure-beaucoup-ne-veulent-pas-etre-sur-scene-avec-israel-questions-et-reponses\/#primaryimage\",\"url\":\"https:\/\/vieassociative.be\/actualites\/wp-content\/uploads\/2025\/09\/1758269832_LESC-est-confrontee-a-un-test-de-dechirure-beaucoup-ne.jpg\",\"contentUrl\":\"https:\/\/vieassociative.be\/actualites\/wp-content\/uploads\/2025\/09\/1758269832_LESC-est-confrontee-a-un-test-de-dechirure-beaucoup-ne.jpg\",\"width\":1200,\"height\":814,\"caption\":\"L'ESC est confront\u00e9e \u00e0 un test de d\u00e9chirure: beaucoup ne veulent pas \u00eatre sur sc\u00e8ne avec Isra\u00ebl (questions et r\u00e9ponses)\"},{\"@type\":\"BreadcrumbList\",\"@id\":\"https:\/\/vieassociative.be\/actualites\/lesc-est-confrontee-a-un-test-de-dechirure-beaucoup-ne-veulent-pas-etre-sur-scene-avec-israel-questions-et-reponses\/#breadcrumb\",\"itemListElement\":[{\"@type\":\"ListItem\",\"position\":1,\"name\":\"Accueil\",\"item\":\"https:\/\/vieassociative.be\/actualites\/\"},{\"@type\":\"ListItem\",\"position\":2,\"name\":\"L&rsquo;ESC est confront\u00e9e \u00e0 un test de d\u00e9chirure: beaucoup ne veulent pas \u00eatre sur sc\u00e8ne avec Isra\u00ebl (questions et r\u00e9ponses)\"}]},{\"@type\":\"WebSite\",\"@id\":\"https:\/\/vieassociative.be\/actualites\/#website\",\"url\":\"https:\/\/vieassociative.be\/actualites\/\",\"name\":\"Vie Associative\",\"description\":\"\",\"publisher\":{\"@id\":\"https:\/\/vieassociative.be\/actualites\/#organization\"},\"potentialAction\":[{\"@type\":\"SearchAction\",\"target\":{\"@type\":\"EntryPoint\",\"urlTemplate\":\"https:\/\/vieassociative.be\/actualites\/?s={search_term_string}\"},\"query-input\":{\"@type\":\"PropertyValueSpecification\",\"valueRequired\":true,\"valueName\":\"search_term_string\"}}],\"inLanguage\":\"fr-BE\"},{\"@type\":\"Organization\",\"@id\":\"https:\/\/vieassociative.be\/actualites\/#organization\",\"name\":\"Vie Associative\",\"url\":\"https:\/\/vieassociative.be\/actualites\/\",\"logo\":{\"@type\":\"ImageObject\",\"inLanguage\":\"fr-BE\",\"@id\":\"https:\/\/vieassociative.be\/actualites\/#\/schema\/logo\/image\/\",\"url\":\"https:\/\/vieassociative.be\/actualites\/wp-content\/uploads\/2024\/09\/cropped-vieassociative_favicon.ico.png\",\"contentUrl\":\"https:\/\/vieassociative.be\/actualites\/wp-content\/uploads\/2024\/09\/cropped-vieassociative_favicon.ico.png\",\"width\":512,\"height\":512,\"caption\":\"Vie Associative\"},\"image\":{\"@id\":\"https:\/\/vieassociative.be\/actualites\/#\/schema\/logo\/image\/\"}},{\"@type\":\"Person\",\"@id\":\"https:\/\/vieassociative.be\/actualites\/#\/schema\/person\/b87ac4f82f9d4e7b7cec7395b679edc4\",\"name\":\"Julien\",\"image\":{\"@type\":\"ImageObject\",\"inLanguage\":\"fr-BE\",\"@id\":\"https:\/\/vieassociative.be\/actualites\/#\/schema\/person\/image\/\",\"url\":\"https:\/\/vieassociative.be\/actualites\/wp-content\/uploads\/2024\/09\/vie-associative-1-150x150.jpg\",\"contentUrl\":\"https:\/\/vieassociative.be\/actualites\/wp-content\/uploads\/2024\/09\/vie-associative-1-150x150.jpg\",\"caption\":\"Julien\"},\"description\":\"Je suis Julien, r\u00e9dacteur pour Vie Associative. Passionn\u00e9 par le monde associatif depuis plus de 10 ans, j'ai \u00e0 c\u0153ur de partager des histoires inspirantes et de mettre en lumi\u00e8re les initiatives locales. Mon objectif est de sensibiliser et d'encourager l'engagement communautaire \u00e0 travers mes articles.\",\"sameAs\":[\"https:\/\/vieassociative.be\/\"]}]}<\/script>\n<!-- \/ Yoast SEO plugin. -->","yoast_head_json":{"title":"L'ESC est confront\u00e9e \u00e0 un test de d\u00e9chirure: beaucoup ne veulent pas \u00eatre sur sc\u00e8ne avec Isra\u00ebl (questions et r\u00e9ponses) | Vie Associative","robots":{"index":"index","follow":"follow","max-snippet":"max-snippet:-1","max-image-preview":"max-image-preview:large","max-video-preview":"max-video-preview:-1"},"canonical":"https:\/\/vieassociative.be\/actualites\/lesc-est-confrontee-a-un-test-de-dechirure-beaucoup-ne-veulent-pas-etre-sur-scene-avec-israel-questions-et-reponses\/","og_locale":"fr_FR","og_type":"article","og_title":"L'ESC est confront\u00e9e \u00e0 un test de d\u00e9chirure: beaucoup ne veulent pas \u00eatre sur sc\u00e8ne avec Isra\u00ebl (questions et r\u00e9ponses) | Vie Associative","og_description":"Dans le diff\u00e9rend concernant la participation d&rsquo;Isra\u00ebl, le concours Eurovision Song (ESC) fait face au plus grand test de lacunes de ses pr\u00e8s de 70","og_url":"https:\/\/vieassociative.be\/actualites\/lesc-est-confrontee-a-un-test-de-dechirure-beaucoup-ne-veulent-pas-etre-sur-scene-avec-israel-questions-et-reponses\/","og_site_name":"Vie Associative","article_published_time":"2025-09-19T08:17:10+00:00","og_image":[{"width":279,"height":92,"url":"https:\/\/vieassociative.be\/actualites\/wp-content\/uploads\/2024\/09\/header_backgroundk-01-e1726694325946.png","type":"image\/png"}],"author":"Julien","twitter_card":"summary_large_image","twitter_misc":{"\u00c9crit par":"Julien","Dur\u00e9e de lecture est.":"3 minutes"},"schema":{"@context":"https:\/\/schema.org","@graph":[{"@type":"Article","@id":"https:\/\/vieassociative.be\/actualites\/lesc-est-confrontee-a-un-test-de-dechirure-beaucoup-ne-veulent-pas-etre-sur-scene-avec-israel-questions-et-reponses\/#article","isPartOf":{"@id":"https:\/\/vieassociative.be\/actualites\/lesc-est-confrontee-a-un-test-de-dechirure-beaucoup-ne-veulent-pas-etre-sur-scene-avec-israel-questions-et-reponses\/"},"author":{"name":"Julien","@id":"https:\/\/vieassociative.be\/actualites\/#\/schema\/person\/b87ac4f82f9d4e7b7cec7395b679edc4"},"headline":"L&rsquo;ESC est confront\u00e9e \u00e0 un test de d\u00e9chirure: beaucoup ne veulent pas \u00eatre sur sc\u00e8ne avec Isra\u00ebl (questions et r\u00e9ponses)","datePublished":"2025-09-19T08:17:10+00:00","dateModified":"2025-09-19T08:17:10+00:00","mainEntityOfPage":{"@id":"https:\/\/vieassociative.be\/actualites\/lesc-est-confrontee-a-un-test-de-dechirure-beaucoup-ne-veulent-pas-etre-sur-scene-avec-israel-questions-et-reponses\/"},"wordCount":711,"publisher":{"@id":"https:\/\/vieassociative.be\/actualites\/#organization"},"image":{"@id":"https:\/\/vieassociative.be\/actualites\/lesc-est-confrontee-a-un-test-de-dechirure-beaucoup-ne-veulent-pas-etre-sur-scene-avec-israel-questions-et-reponses\/#primaryimage"},"thumbnailUrl":"https:\/\/vieassociative.be\/actualites\/wp-content\/uploads\/2025\/09\/1758269832_LESC-est-confrontee-a-un-test-de-dechirure-beaucoup-ne.jpg","keywords":["avec","beaucoup","confront\u00e9e","d\u00e9chirure","est","\u00eatre","Isra\u00ebl","LESC","pas","questions","r\u00e9ponses","sc\u00e8ne","sur","test","veulent"],"articleSection":["Belgique"],"inLanguage":"fr-BE"},{"@type":"WebPage","@id":"https:\/\/vieassociative.be\/actualites\/lesc-est-confrontee-a-un-test-de-dechirure-beaucoup-ne-veulent-pas-etre-sur-scene-avec-israel-questions-et-reponses\/","url":"https:\/\/vieassociative.be\/actualites\/lesc-est-confrontee-a-un-test-de-dechirure-beaucoup-ne-veulent-pas-etre-sur-scene-avec-israel-questions-et-reponses\/","name":"L'ESC est confront\u00e9e \u00e0 un test de d\u00e9chirure: beaucoup ne veulent pas \u00eatre sur sc\u00e8ne avec Isra\u00ebl (questions et r\u00e9ponses) | Vie Associative","isPartOf":{"@id":"https:\/\/vieassociative.be\/actualites\/#website"},"primaryImageOfPage":{"@id":"https:\/\/vieassociative.be\/actualites\/lesc-est-confrontee-a-un-test-de-dechirure-beaucoup-ne-veulent-pas-etre-sur-scene-avec-israel-questions-et-reponses\/#primaryimage"},"image":{"@id":"https:\/\/vieassociative.be\/actualites\/lesc-est-confrontee-a-un-test-de-dechirure-beaucoup-ne-veulent-pas-etre-sur-scene-avec-israel-questions-et-reponses\/#primaryimage"},"thumbnailUrl":"https:\/\/vieassociative.be\/actualites\/wp-content\/uploads\/2025\/09\/1758269832_LESC-est-confrontee-a-un-test-de-dechirure-beaucoup-ne.jpg","datePublished":"2025-09-19T08:17:10+00:00","dateModified":"2025-09-19T08:17:10+00:00","breadcrumb":{"@id":"https:\/\/vieassociative.be\/actualites\/lesc-est-confrontee-a-un-test-de-dechirure-beaucoup-ne-veulent-pas-etre-sur-scene-avec-israel-questions-et-reponses\/#breadcrumb"},"inLanguage":"fr-BE","potentialAction":[{"@type":"ReadAction","target":["https:\/\/vieassociative.be\/actualites\/lesc-est-confrontee-a-un-test-de-dechirure-beaucoup-ne-veulent-pas-etre-sur-scene-avec-israel-questions-et-reponses\/"]}]},{"@type":"ImageObject","inLanguage":"fr-BE","@id":"https:\/\/vieassociative.be\/actualites\/lesc-est-confrontee-a-un-test-de-dechirure-beaucoup-ne-veulent-pas-etre-sur-scene-avec-israel-questions-et-reponses\/#primaryimage","url":"https:\/\/vieassociative.be\/actualites\/wp-content\/uploads\/2025\/09\/1758269832_LESC-est-confrontee-a-un-test-de-dechirure-beaucoup-ne.jpg","contentUrl":"https:\/\/vieassociative.be\/actualites\/wp-content\/uploads\/2025\/09\/1758269832_LESC-est-confrontee-a-un-test-de-dechirure-beaucoup-ne.jpg","width":1200,"height":814,"caption":"L'ESC est confront\u00e9e \u00e0 un test de d\u00e9chirure: beaucoup ne veulent pas \u00eatre sur sc\u00e8ne avec Isra\u00ebl (questions et r\u00e9ponses)"},{"@type":"BreadcrumbList","@id":"https:\/\/vieassociative.be\/actualites\/lesc-est-confrontee-a-un-test-de-dechirure-beaucoup-ne-veulent-pas-etre-sur-scene-avec-israel-questions-et-reponses\/#breadcrumb","itemListElement":[{"@type":"ListItem","position":1,"name":"Accueil","item":"https:\/\/vieassociative.be\/actualites\/"},{"@type":"ListItem","position":2,"name":"L&rsquo;ESC est confront\u00e9e \u00e0 un test de d\u00e9chirure: beaucoup ne veulent pas \u00eatre sur sc\u00e8ne avec Isra\u00ebl (questions et r\u00e9ponses)"}]},{"@type":"WebSite","@id":"https:\/\/vieassociative.be\/actualites\/#website","url":"https:\/\/vieassociative.be\/actualites\/","name":"Vie Associative","description":"","publisher":{"@id":"https:\/\/vieassociative.be\/actualites\/#organization"},"potentialAction":[{"@type":"SearchAction","target":{"@type":"EntryPoint","urlTemplate":"https:\/\/vieassociative.be\/actualites\/?s={search_term_string}"},"query-input":{"@type":"PropertyValueSpecification","valueRequired":true,"valueName":"search_term_string"}}],"inLanguage":"fr-BE"},{"@type":"Organization","@id":"https:\/\/vieassociative.be\/actualites\/#organization","name":"Vie Associative","url":"https:\/\/vieassociative.be\/actualites\/","logo":{"@type":"ImageObject","inLanguage":"fr-BE","@id":"https:\/\/vieassociative.be\/actualites\/#\/schema\/logo\/image\/","url":"https:\/\/vieassociative.be\/actualites\/wp-content\/uploads\/2024\/09\/cropped-vieassociative_favicon.ico.png","contentUrl":"https:\/\/vieassociative.be\/actualites\/wp-content\/uploads\/2024\/09\/cropped-vieassociative_favicon.ico.png","width":512,"height":512,"caption":"Vie Associative"},"image":{"@id":"https:\/\/vieassociative.be\/actualites\/#\/schema\/logo\/image\/"}},{"@type":"Person","@id":"https:\/\/vieassociative.be\/actualites\/#\/schema\/person\/b87ac4f82f9d4e7b7cec7395b679edc4","name":"Julien","image":{"@type":"ImageObject","inLanguage":"fr-BE","@id":"https:\/\/vieassociative.be\/actualites\/#\/schema\/person\/image\/","url":"https:\/\/vieassociative.be\/actualites\/wp-content\/uploads\/2024\/09\/vie-associative-1-150x150.jpg","contentUrl":"https:\/\/vieassociative.be\/actualites\/wp-content\/uploads\/2024\/09\/vie-associative-1-150x150.jpg","caption":"Julien"},"description":"Je suis Julien, r\u00e9dacteur pour Vie Associative. Passionn\u00e9 par le monde associatif depuis plus de 10 ans, j'ai \u00e0 c\u0153ur de partager des histoires inspirantes et de mettre en lumi\u00e8re les initiatives locales. Mon objectif est de sensibiliser et d'encourager l'engagement communautaire \u00e0 travers mes articles.","sameAs":["https:\/\/vieassociative.be\/"]}]}},"_links":{"self":[{"href":"https:\/\/vieassociative.be\/actualites\/wp-json\/wp\/v2\/posts\/10129"}],"collection":[{"href":"https:\/\/vieassociative.be\/actualites\/wp-json\/wp\/v2\/posts"}],"about":[{"href":"https:\/\/vieassociative.be\/actualites\/wp-json\/wp\/v2\/types\/post"}],"author":[{"embeddable":true,"href":"https:\/\/vieassociative.be\/actualites\/wp-json\/wp\/v2\/users\/1"}],"replies":[{"embeddable":true,"href":"https:\/\/vieassociative.be\/actualites\/wp-json\/wp\/v2\/comments?post=10129"}],"version-history":[{"count":0,"href":"https:\/\/vieassociative.be\/actualites\/wp-json\/wp\/v2\/posts\/10129\/revisions"}],"wp:featuredmedia":[{"embeddable":true,"href":"https:\/\/vieassociative.be\/actualites\/wp-json\/wp\/v2\/media\/10130"}],"wp:attachment":[{"href":"https:\/\/vieassociative.be\/actualites\/wp-json\/wp\/v2\/media?parent=10129"}],"wp:term":[{"taxonomy":"category","embeddable":true,"href":"https:\/\/vieassociative.be\/actualites\/wp-json\/wp\/v2\/categories?post=10129"},{"taxonomy":"post_tag","embeddable":true,"href":"https:\/\/vieassociative.be\/actualites\/wp-json\/wp\/v2\/tags?post=10129"}],"curies":[{"name":"wp","href":"https:\/\/api.w.org\/{rel}","templated":true}]}}