{"id":10124,"date":"2025-09-19T04:17:22","date_gmt":"2025-09-19T02:17:22","guid":{"rendered":"https:\/\/vieassociative.be\/actualites\/aujourdhui-le-fc-bruges-fait-ses-debuts-en-ligue-des-champions-le-systeme-de-climatisation-defectueux-freine-monaco-de-bruyne-a-manchester-city\/"},"modified":"2025-09-19T04:17:22","modified_gmt":"2025-09-19T02:17:22","slug":"aujourdhui-le-fc-bruges-fait-ses-debuts-en-ligue-des-champions-le-systeme-de-climatisation-defectueux-freine-monaco-de-bruyne-a-manchester-city","status":"publish","type":"post","link":"https:\/\/vieassociative.be\/actualites\/aujourdhui-le-fc-bruges-fait-ses-debuts-en-ligue-des-champions-le-systeme-de-climatisation-defectueux-freine-monaco-de-bruyne-a-manchester-city\/","title":{"rendered":"Aujourd&rsquo;hui, le FC Bruges fait ses d\u00e9buts en Ligue des champions &#8211; le syst\u00e8me de climatisation d\u00e9fectueux freine Monaco &#8211; de Bruyne \u00e0 Manchester City"},"content":{"rendered":"<p><strong>Les fans de football belge peuvent s&rsquo;attendre \u00e0 une autre soir\u00e9e passionnante de la Ligue des champions 48 heures apr\u00e8s le d\u00e9but du champion de l&rsquo;\u00c9tat Union Saint-Gilloie de PSV Eindhoven: le vice-master FC Br\u00fcgge c\u00e9l\u00e8bre ses d\u00e9buts dans la premi\u00e8re classe du stade Jan-Breydel contre Monaco \u00e0 18 h 45.<\/strong><\/p>\n<p><span id=\"more-424850\"><\/span>Le FC Bruges esp\u00e8re que cette saison, il r\u00e9ussira dans une performance similaire \u00e0 celle de l&rsquo;ann\u00e9e derni\u00e8re, lorsque l&rsquo;\u00e9quipe de l&rsquo;entra\u00eeneur Nicky Hayen a d&rsquo;abord atteint les s\u00e9ries \u00e9liminatoires (contre Atalanta Bergamo), puis m\u00eame la manche de 16 ans (contre Aston Villa).<\/p>\n<p>Le premier adversaire de \u00ab\u00a0Blauw &#038; Zwart\u00a0\u00bb est en tant que Monaco (18 h 45 \/ Live sur RTL Club, VTM2 et Proximus Pickx. Apr\u00e8s cela, Atalanta Bergamo (A), Bayern Munich (A), Barcelone (H), Sporting Lisbonne (A), Arsenal London (H), Caireat Almaty (A) et Olympique Marseille (H), Cairat Almaty (A) et Olyly Vanaken &#038; Co.<\/p>\n<div id=\"attachment_417612\" class=\"wp-caption alignleft\" style=\"max-width: 300px\"><img fetchpriority=\"high\" decoding=\"async\" class=\"wp-image-417612 size-medium\" src=\"https:\/\/vieassociative.be\/actualites\/wp-content\/uploads\/2025\/09\/Aujourdhui-le-FC-Bruges-fait-ses-debuts-en-Ligue-des.jpg\" alt=\"\" width=\"300\" height=\"200\"><\/div>\n<p>En parlant de Monaco: Apr\u00e8s un probl\u00e8me avec la climatisation \u00e0 bord de l&rsquo;avion, Monaco a d\u00fb se d\u00e9placer bien au match de la Ligue des champions au FC Bruges un jour. L&rsquo;\u00e9quipe de football fran\u00e7aise de premi\u00e8re classe n&rsquo;arrivera qu&rsquo;en Belgique (East End) aujourd&rsquo;hui, a confirm\u00e9 l&rsquo;entra\u00eeneur de Monaco Adi H\u00fctter, anciennement actif dans la Bundesliga.<\/p>\n<p>\u00ab\u00a0Je ne sais pas si ce revers aura un impact parce que nous sommes professionnels et avons chang\u00e9 notre horaire imm\u00e9diatement\u00a0\u00bb, a d\u00e9clar\u00e9 H\u00fctter. \u00ab\u00a0Pour des raisons techniques, un voyage n&rsquo;\u00e9tait pas possible car tout le monde ne pouvait pas \u00eatre garanti.\u00a0\u00bb<\/p>\n<p>Les vid\u00e9os circulent sur les r\u00e9seaux sociaux que les joueurs montrent en sous-v\u00eatements dans l&rsquo;avion. Ils \u00e9taient en sueur et ont essay\u00e9 de passer de l&rsquo;air dans le ventilateur.<\/p>\n<p><strong>&#8211; De Bruyne revient \u00e0 \u00ab\u00a0Old Love\u00a0\u00bb:<\/strong> Les fans de football belge peuvent s&rsquo;attendre \u00e0 un autre moment fort \u00e0 21 heures. Ensuite, la star du football belge Kevin De Bruyne invit\u00e9s avec le SSC Naples dans son \u00ab\u00a0Old Love\u00a0\u00bb Manchester City, pour lequel l&rsquo;homme de 34 ans a jou\u00e9 pendant dix ans. De Bruyne n&rsquo;aurait pas pens\u00e9 qu&rsquo;il reviendrait au stade Ethiad quatre mois seulement apr\u00e8s son d\u00e9part de Man City. (Cre)<\/p>\n<p><em><strong>Sur le sujet, voir \u00e9galement l&rsquo;article suivant sur OD:<\/strong><\/em><\/p>\n<div class=\"responsive-embed widescreen\">\n<blockquote class=\"wp-embedded-content\" data-secret=\"OppQu68Dur\">\n<p>International Press Voices for the Dream Start of Union: \u00ab\u00a0Saint-Gilloise a attrap\u00e9 le PSV\u00a0\u00bb<\/p>\n<\/blockquote>\n<p><iframe loading=\"lazy\" class=\"wp-embedded-content\" sandbox=\"allow-scripts\" security=\"restricted\" style=\"position: absolute; visibility: hidden;\" title=\"\u201eInternationale Pressestimmen zum Traumstart von Union: \u201eSaint-Gilloise \u00fcberrumpelt PSV\u201c\u201c \u2014 Ostbelgien Direkt\" src=\"https:\/\/ostbelgiendirekt.be\/about:blank\" data-secret=\"OppQu68Dur\" width=\"500\" height=\"282\" frameborder=\"0\" marginwidth=\"0\" marginheight=\"0\" scrolling=\"no\" data-rocket-lazyload=\"fitvidscompatible\" data-lazy-src=\"https:\/\/ostbelgiendirekt.be\/grandios-union-424736\/embed#?secret=FoaJSKIq5N#?secret=OppQu68Dur\"><\/iframe><noscript><iframe class=\"wp-embedded-content\" sandbox=\"allow-scripts\" security=\"restricted\" style=\"position: absolute; visibility: hidden;\" title=\"\u201eInternationale Pressestimmen zum Traumstart von Union: \u201eSaint-Gilloise \u00fcberrumpelt PSV\u201c\u201c \u2014 Ostbelgien Direkt\" src=\"https:\/\/ostbelgiendirekt.be\/grandios-union-424736\/embed#?secret=FoaJSKIq5N#?secret=OppQu68Dur\" data-secret=\"OppQu68Dur\" width=\"500\" height=\"282\" frameborder=\"0\" marginwidth=\"0\" marginheight=\"0\" scrolling=\"no\"><\/iframe><\/noscript><\/p>\n<\/div>\n","protected":false},"excerpt":{"rendered":"<p>Les fans de football belge peuvent s&rsquo;attendre \u00e0 une autre soir\u00e9e passionnante de la Ligue des champions 48 heures apr\u00e8s le d\u00e9but du champion de<\/p>\n","protected":false},"author":1,"featured_media":10125,"comment_status":"","ping_status":"","sticky":false,"template":"","format":"standard","meta":{"footnotes":""},"categories":[298],"tags":[2330,2851,6172,2818,745,7645,8603,8604,29,635,8605,2817,2820,8597,1055,161],"class_list":["post-10124","post","type-post","status-publish","format-standard","has-post-thumbnail","hentry","category-belgique","tag-aujourdhui","tag-bruges","tag-bruyne","tag-champions","tag-city","tag-climatisation","tag-debuts","tag-defectueux","tag-des","tag-fait","tag-freine","tag-ligue","tag-manchester","tag-monaco","tag-ses","tag-systeme","generate-columns","tablet-grid-50","mobile-grid-100","grid-parent","grid-33"],"yoast_head":"<!-- This site is optimized with the Yoast SEO plugin v24.0 - https:\/\/yoast.com\/wordpress\/plugins\/seo\/ -->\n<title>Aujourd&#039;hui, le FC Bruges fait ses d\u00e9buts en Ligue des champions - le syst\u00e8me de climatisation d\u00e9fectueux freine Monaco - de Bruyne \u00e0 Manchester City | Vie Associative<\/title>\n<meta name=\"robots\" content=\"index, follow, max-snippet:-1, max-image-preview:large, max-video-preview:-1\" \/>\n<link rel=\"canonical\" href=\"https:\/\/vieassociative.be\/actualites\/aujourdhui-le-fc-bruges-fait-ses-debuts-en-ligue-des-champions-le-systeme-de-climatisation-defectueux-freine-monaco-de-bruyne-a-manchester-city\/\" \/>\n<meta property=\"og:locale\" content=\"fr_FR\" \/>\n<meta property=\"og:type\" content=\"article\" \/>\n<meta property=\"og:title\" content=\"Aujourd&#039;hui, le FC Bruges fait ses d\u00e9buts en Ligue des champions - le syst\u00e8me de climatisation d\u00e9fectueux freine Monaco - de Bruyne \u00e0 Manchester City | Vie Associative\" \/>\n<meta property=\"og:description\" content=\"Les fans de football belge peuvent s&rsquo;attendre \u00e0 une autre soir\u00e9e passionnante de la Ligue des champions 48 heures apr\u00e8s le d\u00e9but du champion de\" \/>\n<meta property=\"og:url\" content=\"https:\/\/vieassociative.be\/actualites\/aujourdhui-le-fc-bruges-fait-ses-debuts-en-ligue-des-champions-le-systeme-de-climatisation-defectueux-freine-monaco-de-bruyne-a-manchester-city\/\" \/>\n<meta property=\"og:site_name\" content=\"Vie Associative\" \/>\n<meta property=\"article:published_time\" content=\"2025-09-19T02:17:22+00:00\" \/>\n<meta property=\"og:image\" content=\"https:\/\/vieassociative.be\/actualites\/wp-content\/uploads\/2024\/09\/header_backgroundk-01-e1726694325946.png\" \/>\n\t<meta property=\"og:image:width\" content=\"279\" \/>\n\t<meta property=\"og:image:height\" content=\"92\" \/>\n\t<meta property=\"og:image:type\" content=\"image\/png\" \/>\n<meta name=\"author\" content=\"Julien\" \/>\n<meta name=\"twitter:card\" content=\"summary_large_image\" \/>\n<meta name=\"twitter:label1\" content=\"\u00c9crit par\" \/>\n\t<meta name=\"twitter:data1\" content=\"Julien\" \/>\n\t<meta name=\"twitter:label2\" content=\"Dur\u00e9e de lecture est.\" \/>\n\t<meta name=\"twitter:data2\" content=\"2 minutes\" \/>\n<script type=\"application\/ld+json\" class=\"yoast-schema-graph\">{\"@context\":\"https:\/\/schema.org\",\"@graph\":[{\"@type\":\"Article\",\"@id\":\"https:\/\/vieassociative.be\/actualites\/aujourdhui-le-fc-bruges-fait-ses-debuts-en-ligue-des-champions-le-systeme-de-climatisation-defectueux-freine-monaco-de-bruyne-a-manchester-city\/#article\",\"isPartOf\":{\"@id\":\"https:\/\/vieassociative.be\/actualites\/aujourdhui-le-fc-bruges-fait-ses-debuts-en-ligue-des-champions-le-systeme-de-climatisation-defectueux-freine-monaco-de-bruyne-a-manchester-city\/\"},\"author\":{\"name\":\"Julien\",\"@id\":\"https:\/\/vieassociative.be\/actualites\/#\/schema\/person\/b87ac4f82f9d4e7b7cec7395b679edc4\"},\"headline\":\"Aujourd&rsquo;hui, le FC Bruges fait ses d\u00e9buts en Ligue des champions &#8211; le syst\u00e8me de climatisation d\u00e9fectueux freine Monaco &#8211; de Bruyne \u00e0 Manchester City\",\"datePublished\":\"2025-09-19T02:17:22+00:00\",\"dateModified\":\"2025-09-19T02:17:22+00:00\",\"mainEntityOfPage\":{\"@id\":\"https:\/\/vieassociative.be\/actualites\/aujourdhui-le-fc-bruges-fait-ses-debuts-en-ligue-des-champions-le-systeme-de-climatisation-defectueux-freine-monaco-de-bruyne-a-manchester-city\/\"},\"wordCount\":435,\"publisher\":{\"@id\":\"https:\/\/vieassociative.be\/actualites\/#organization\"},\"image\":{\"@id\":\"https:\/\/vieassociative.be\/actualites\/aujourdhui-le-fc-bruges-fait-ses-debuts-en-ligue-des-champions-le-systeme-de-climatisation-defectueux-freine-monaco-de-bruyne-a-manchester-city\/#primaryimage\"},\"thumbnailUrl\":\"https:\/\/vieassociative.be\/actualites\/wp-content\/uploads\/2025\/09\/1758248243_Aujourdhui-le-FC-Bruges-fait-ses-debuts-en-Ligue-des.jpg\",\"keywords\":[\"aujourdhui\",\"Bruges\",\"Bruyne\",\"Champions\",\"City\",\"climatisation\",\"d\u00e9buts\",\"d\u00e9fectueux\",\"Des\",\"fait\",\"freine\",\"Ligue\",\"Manchester\",\"monaco\",\"ses\",\"syst\u00e8me\"],\"articleSection\":[\"Belgique\"],\"inLanguage\":\"fr-BE\"},{\"@type\":\"WebPage\",\"@id\":\"https:\/\/vieassociative.be\/actualites\/aujourdhui-le-fc-bruges-fait-ses-debuts-en-ligue-des-champions-le-systeme-de-climatisation-defectueux-freine-monaco-de-bruyne-a-manchester-city\/\",\"url\":\"https:\/\/vieassociative.be\/actualites\/aujourdhui-le-fc-bruges-fait-ses-debuts-en-ligue-des-champions-le-systeme-de-climatisation-defectueux-freine-monaco-de-bruyne-a-manchester-city\/\",\"name\":\"Aujourd'hui, le FC Bruges fait ses d\u00e9buts en Ligue des champions - le syst\u00e8me de climatisation d\u00e9fectueux freine Monaco - de Bruyne \u00e0 Manchester City | Vie Associative\",\"isPartOf\":{\"@id\":\"https:\/\/vieassociative.be\/actualites\/#website\"},\"primaryImageOfPage\":{\"@id\":\"https:\/\/vieassociative.be\/actualites\/aujourdhui-le-fc-bruges-fait-ses-debuts-en-ligue-des-champions-le-systeme-de-climatisation-defectueux-freine-monaco-de-bruyne-a-manchester-city\/#primaryimage\"},\"image\":{\"@id\":\"https:\/\/vieassociative.be\/actualites\/aujourdhui-le-fc-bruges-fait-ses-debuts-en-ligue-des-champions-le-systeme-de-climatisation-defectueux-freine-monaco-de-bruyne-a-manchester-city\/#primaryimage\"},\"thumbnailUrl\":\"https:\/\/vieassociative.be\/actualites\/wp-content\/uploads\/2025\/09\/1758248243_Aujourdhui-le-FC-Bruges-fait-ses-debuts-en-Ligue-des.jpg\",\"datePublished\":\"2025-09-19T02:17:22+00:00\",\"dateModified\":\"2025-09-19T02:17:22+00:00\",\"breadcrumb\":{\"@id\":\"https:\/\/vieassociative.be\/actualites\/aujourdhui-le-fc-bruges-fait-ses-debuts-en-ligue-des-champions-le-systeme-de-climatisation-defectueux-freine-monaco-de-bruyne-a-manchester-city\/#breadcrumb\"},\"inLanguage\":\"fr-BE\",\"potentialAction\":[{\"@type\":\"ReadAction\",\"target\":[\"https:\/\/vieassociative.be\/actualites\/aujourdhui-le-fc-bruges-fait-ses-debuts-en-ligue-des-champions-le-systeme-de-climatisation-defectueux-freine-monaco-de-bruyne-a-manchester-city\/\"]}]},{\"@type\":\"ImageObject\",\"inLanguage\":\"fr-BE\",\"@id\":\"https:\/\/vieassociative.be\/actualites\/aujourdhui-le-fc-bruges-fait-ses-debuts-en-ligue-des-champions-le-systeme-de-climatisation-defectueux-freine-monaco-de-bruyne-a-manchester-city\/#primaryimage\",\"url\":\"https:\/\/vieassociative.be\/actualites\/wp-content\/uploads\/2025\/09\/1758248243_Aujourdhui-le-FC-Bruges-fait-ses-debuts-en-Ligue-des.jpg\",\"contentUrl\":\"https:\/\/vieassociative.be\/actualites\/wp-content\/uploads\/2025\/09\/1758248243_Aujourdhui-le-FC-Bruges-fait-ses-debuts-en-Ligue-des.jpg\",\"width\":1200,\"height\":800,\"caption\":\"Aujourd'hui, le FC Bruges fait ses d\u00e9buts en Ligue des champions - le syst\u00e8me de climatisation d\u00e9fectueux freine Monaco - de Bruyne \u00e0 Manchester City\"},{\"@type\":\"BreadcrumbList\",\"@id\":\"https:\/\/vieassociative.be\/actualites\/aujourdhui-le-fc-bruges-fait-ses-debuts-en-ligue-des-champions-le-systeme-de-climatisation-defectueux-freine-monaco-de-bruyne-a-manchester-city\/#breadcrumb\",\"itemListElement\":[{\"@type\":\"ListItem\",\"position\":1,\"name\":\"Accueil\",\"item\":\"https:\/\/vieassociative.be\/actualites\/\"},{\"@type\":\"ListItem\",\"position\":2,\"name\":\"Aujourd&rsquo;hui, le FC Bruges fait ses d\u00e9buts en Ligue des champions &#8211; le syst\u00e8me de climatisation d\u00e9fectueux freine Monaco &#8211; de Bruyne \u00e0 Manchester City\"}]},{\"@type\":\"WebSite\",\"@id\":\"https:\/\/vieassociative.be\/actualites\/#website\",\"url\":\"https:\/\/vieassociative.be\/actualites\/\",\"name\":\"Vie Associative\",\"description\":\"\",\"publisher\":{\"@id\":\"https:\/\/vieassociative.be\/actualites\/#organization\"},\"potentialAction\":[{\"@type\":\"SearchAction\",\"target\":{\"@type\":\"EntryPoint\",\"urlTemplate\":\"https:\/\/vieassociative.be\/actualites\/?s={search_term_string}\"},\"query-input\":{\"@type\":\"PropertyValueSpecification\",\"valueRequired\":true,\"valueName\":\"search_term_string\"}}],\"inLanguage\":\"fr-BE\"},{\"@type\":\"Organization\",\"@id\":\"https:\/\/vieassociative.be\/actualites\/#organization\",\"name\":\"Vie Associative\",\"url\":\"https:\/\/vieassociative.be\/actualites\/\",\"logo\":{\"@type\":\"ImageObject\",\"inLanguage\":\"fr-BE\",\"@id\":\"https:\/\/vieassociative.be\/actualites\/#\/schema\/logo\/image\/\",\"url\":\"https:\/\/vieassociative.be\/actualites\/wp-content\/uploads\/2024\/09\/cropped-vieassociative_favicon.ico.png\",\"contentUrl\":\"https:\/\/vieassociative.be\/actualites\/wp-content\/uploads\/2024\/09\/cropped-vieassociative_favicon.ico.png\",\"width\":512,\"height\":512,\"caption\":\"Vie Associative\"},\"image\":{\"@id\":\"https:\/\/vieassociative.be\/actualites\/#\/schema\/logo\/image\/\"}},{\"@type\":\"Person\",\"@id\":\"https:\/\/vieassociative.be\/actualites\/#\/schema\/person\/b87ac4f82f9d4e7b7cec7395b679edc4\",\"name\":\"Julien\",\"image\":{\"@type\":\"ImageObject\",\"inLanguage\":\"fr-BE\",\"@id\":\"https:\/\/vieassociative.be\/actualites\/#\/schema\/person\/image\/\",\"url\":\"https:\/\/vieassociative.be\/actualites\/wp-content\/uploads\/2024\/09\/vie-associative-1-150x150.jpg\",\"contentUrl\":\"https:\/\/vieassociative.be\/actualites\/wp-content\/uploads\/2024\/09\/vie-associative-1-150x150.jpg\",\"caption\":\"Julien\"},\"description\":\"Je suis Julien, r\u00e9dacteur pour Vie Associative. Passionn\u00e9 par le monde associatif depuis plus de 10 ans, j'ai \u00e0 c\u0153ur de partager des histoires inspirantes et de mettre en lumi\u00e8re les initiatives locales. Mon objectif est de sensibiliser et d'encourager l'engagement communautaire \u00e0 travers mes articles.\",\"sameAs\":[\"https:\/\/vieassociative.be\/\"]}]}<\/script>\n<!-- \/ Yoast SEO plugin. -->","yoast_head_json":{"title":"Aujourd'hui, le FC Bruges fait ses d\u00e9buts en Ligue des champions - le syst\u00e8me de climatisation d\u00e9fectueux freine Monaco - de Bruyne \u00e0 Manchester City | Vie Associative","robots":{"index":"index","follow":"follow","max-snippet":"max-snippet:-1","max-image-preview":"max-image-preview:large","max-video-preview":"max-video-preview:-1"},"canonical":"https:\/\/vieassociative.be\/actualites\/aujourdhui-le-fc-bruges-fait-ses-debuts-en-ligue-des-champions-le-systeme-de-climatisation-defectueux-freine-monaco-de-bruyne-a-manchester-city\/","og_locale":"fr_FR","og_type":"article","og_title":"Aujourd'hui, le FC Bruges fait ses d\u00e9buts en Ligue des champions - le syst\u00e8me de climatisation d\u00e9fectueux freine Monaco - de Bruyne \u00e0 Manchester City | Vie Associative","og_description":"Les fans de football belge peuvent s&rsquo;attendre \u00e0 une autre soir\u00e9e passionnante de la Ligue des champions 48 heures apr\u00e8s le d\u00e9but du champion de","og_url":"https:\/\/vieassociative.be\/actualites\/aujourdhui-le-fc-bruges-fait-ses-debuts-en-ligue-des-champions-le-systeme-de-climatisation-defectueux-freine-monaco-de-bruyne-a-manchester-city\/","og_site_name":"Vie Associative","article_published_time":"2025-09-19T02:17:22+00:00","og_image":[{"width":279,"height":92,"url":"https:\/\/vieassociative.be\/actualites\/wp-content\/uploads\/2024\/09\/header_backgroundk-01-e1726694325946.png","type":"image\/png"}],"author":"Julien","twitter_card":"summary_large_image","twitter_misc":{"\u00c9crit par":"Julien","Dur\u00e9e de lecture est.":"2 minutes"},"schema":{"@context":"https:\/\/schema.org","@graph":[{"@type":"Article","@id":"https:\/\/vieassociative.be\/actualites\/aujourdhui-le-fc-bruges-fait-ses-debuts-en-ligue-des-champions-le-systeme-de-climatisation-defectueux-freine-monaco-de-bruyne-a-manchester-city\/#article","isPartOf":{"@id":"https:\/\/vieassociative.be\/actualites\/aujourdhui-le-fc-bruges-fait-ses-debuts-en-ligue-des-champions-le-systeme-de-climatisation-defectueux-freine-monaco-de-bruyne-a-manchester-city\/"},"author":{"name":"Julien","@id":"https:\/\/vieassociative.be\/actualites\/#\/schema\/person\/b87ac4f82f9d4e7b7cec7395b679edc4"},"headline":"Aujourd&rsquo;hui, le FC Bruges fait ses d\u00e9buts en Ligue des champions &#8211; le syst\u00e8me de climatisation d\u00e9fectueux freine Monaco &#8211; de Bruyne \u00e0 Manchester City","datePublished":"2025-09-19T02:17:22+00:00","dateModified":"2025-09-19T02:17:22+00:00","mainEntityOfPage":{"@id":"https:\/\/vieassociative.be\/actualites\/aujourdhui-le-fc-bruges-fait-ses-debuts-en-ligue-des-champions-le-systeme-de-climatisation-defectueux-freine-monaco-de-bruyne-a-manchester-city\/"},"wordCount":435,"publisher":{"@id":"https:\/\/vieassociative.be\/actualites\/#organization"},"image":{"@id":"https:\/\/vieassociative.be\/actualites\/aujourdhui-le-fc-bruges-fait-ses-debuts-en-ligue-des-champions-le-systeme-de-climatisation-defectueux-freine-monaco-de-bruyne-a-manchester-city\/#primaryimage"},"thumbnailUrl":"https:\/\/vieassociative.be\/actualites\/wp-content\/uploads\/2025\/09\/1758248243_Aujourdhui-le-FC-Bruges-fait-ses-debuts-en-Ligue-des.jpg","keywords":["aujourdhui","Bruges","Bruyne","Champions","City","climatisation","d\u00e9buts","d\u00e9fectueux","Des","fait","freine","Ligue","Manchester","monaco","ses","syst\u00e8me"],"articleSection":["Belgique"],"inLanguage":"fr-BE"},{"@type":"WebPage","@id":"https:\/\/vieassociative.be\/actualites\/aujourdhui-le-fc-bruges-fait-ses-debuts-en-ligue-des-champions-le-systeme-de-climatisation-defectueux-freine-monaco-de-bruyne-a-manchester-city\/","url":"https:\/\/vieassociative.be\/actualites\/aujourdhui-le-fc-bruges-fait-ses-debuts-en-ligue-des-champions-le-systeme-de-climatisation-defectueux-freine-monaco-de-bruyne-a-manchester-city\/","name":"Aujourd'hui, le FC Bruges fait ses d\u00e9buts en Ligue des champions - le syst\u00e8me de climatisation d\u00e9fectueux freine Monaco - de Bruyne \u00e0 Manchester City | Vie Associative","isPartOf":{"@id":"https:\/\/vieassociative.be\/actualites\/#website"},"primaryImageOfPage":{"@id":"https:\/\/vieassociative.be\/actualites\/aujourdhui-le-fc-bruges-fait-ses-debuts-en-ligue-des-champions-le-systeme-de-climatisation-defectueux-freine-monaco-de-bruyne-a-manchester-city\/#primaryimage"},"image":{"@id":"https:\/\/vieassociative.be\/actualites\/aujourdhui-le-fc-bruges-fait-ses-debuts-en-ligue-des-champions-le-systeme-de-climatisation-defectueux-freine-monaco-de-bruyne-a-manchester-city\/#primaryimage"},"thumbnailUrl":"https:\/\/vieassociative.be\/actualites\/wp-content\/uploads\/2025\/09\/1758248243_Aujourdhui-le-FC-Bruges-fait-ses-debuts-en-Ligue-des.jpg","datePublished":"2025-09-19T02:17:22+00:00","dateModified":"2025-09-19T02:17:22+00:00","breadcrumb":{"@id":"https:\/\/vieassociative.be\/actualites\/aujourdhui-le-fc-bruges-fait-ses-debuts-en-ligue-des-champions-le-systeme-de-climatisation-defectueux-freine-monaco-de-bruyne-a-manchester-city\/#breadcrumb"},"inLanguage":"fr-BE","potentialAction":[{"@type":"ReadAction","target":["https:\/\/vieassociative.be\/actualites\/aujourdhui-le-fc-bruges-fait-ses-debuts-en-ligue-des-champions-le-systeme-de-climatisation-defectueux-freine-monaco-de-bruyne-a-manchester-city\/"]}]},{"@type":"ImageObject","inLanguage":"fr-BE","@id":"https:\/\/vieassociative.be\/actualites\/aujourdhui-le-fc-bruges-fait-ses-debuts-en-ligue-des-champions-le-systeme-de-climatisation-defectueux-freine-monaco-de-bruyne-a-manchester-city\/#primaryimage","url":"https:\/\/vieassociative.be\/actualites\/wp-content\/uploads\/2025\/09\/1758248243_Aujourdhui-le-FC-Bruges-fait-ses-debuts-en-Ligue-des.jpg","contentUrl":"https:\/\/vieassociative.be\/actualites\/wp-content\/uploads\/2025\/09\/1758248243_Aujourdhui-le-FC-Bruges-fait-ses-debuts-en-Ligue-des.jpg","width":1200,"height":800,"caption":"Aujourd'hui, le FC Bruges fait ses d\u00e9buts en Ligue des champions - le syst\u00e8me de climatisation d\u00e9fectueux freine Monaco - de Bruyne \u00e0 Manchester City"},{"@type":"BreadcrumbList","@id":"https:\/\/vieassociative.be\/actualites\/aujourdhui-le-fc-bruges-fait-ses-debuts-en-ligue-des-champions-le-systeme-de-climatisation-defectueux-freine-monaco-de-bruyne-a-manchester-city\/#breadcrumb","itemListElement":[{"@type":"ListItem","position":1,"name":"Accueil","item":"https:\/\/vieassociative.be\/actualites\/"},{"@type":"ListItem","position":2,"name":"Aujourd&rsquo;hui, le FC Bruges fait ses d\u00e9buts en Ligue des champions &#8211; le syst\u00e8me de climatisation d\u00e9fectueux freine Monaco &#8211; de Bruyne \u00e0 Manchester City"}]},{"@type":"WebSite","@id":"https:\/\/vieassociative.be\/actualites\/#website","url":"https:\/\/vieassociative.be\/actualites\/","name":"Vie Associative","description":"","publisher":{"@id":"https:\/\/vieassociative.be\/actualites\/#organization"},"potentialAction":[{"@type":"SearchAction","target":{"@type":"EntryPoint","urlTemplate":"https:\/\/vieassociative.be\/actualites\/?s={search_term_string}"},"query-input":{"@type":"PropertyValueSpecification","valueRequired":true,"valueName":"search_term_string"}}],"inLanguage":"fr-BE"},{"@type":"Organization","@id":"https:\/\/vieassociative.be\/actualites\/#organization","name":"Vie Associative","url":"https:\/\/vieassociative.be\/actualites\/","logo":{"@type":"ImageObject","inLanguage":"fr-BE","@id":"https:\/\/vieassociative.be\/actualites\/#\/schema\/logo\/image\/","url":"https:\/\/vieassociative.be\/actualites\/wp-content\/uploads\/2024\/09\/cropped-vieassociative_favicon.ico.png","contentUrl":"https:\/\/vieassociative.be\/actualites\/wp-content\/uploads\/2024\/09\/cropped-vieassociative_favicon.ico.png","width":512,"height":512,"caption":"Vie Associative"},"image":{"@id":"https:\/\/vieassociative.be\/actualites\/#\/schema\/logo\/image\/"}},{"@type":"Person","@id":"https:\/\/vieassociative.be\/actualites\/#\/schema\/person\/b87ac4f82f9d4e7b7cec7395b679edc4","name":"Julien","image":{"@type":"ImageObject","inLanguage":"fr-BE","@id":"https:\/\/vieassociative.be\/actualites\/#\/schema\/person\/image\/","url":"https:\/\/vieassociative.be\/actualites\/wp-content\/uploads\/2024\/09\/vie-associative-1-150x150.jpg","contentUrl":"https:\/\/vieassociative.be\/actualites\/wp-content\/uploads\/2024\/09\/vie-associative-1-150x150.jpg","caption":"Julien"},"description":"Je suis Julien, r\u00e9dacteur pour Vie Associative. Passionn\u00e9 par le monde associatif depuis plus de 10 ans, j'ai \u00e0 c\u0153ur de partager des histoires inspirantes et de mettre en lumi\u00e8re les initiatives locales. Mon objectif est de sensibiliser et d'encourager l'engagement communautaire \u00e0 travers mes articles.","sameAs":["https:\/\/vieassociative.be\/"]}]}},"_links":{"self":[{"href":"https:\/\/vieassociative.be\/actualites\/wp-json\/wp\/v2\/posts\/10124"}],"collection":[{"href":"https:\/\/vieassociative.be\/actualites\/wp-json\/wp\/v2\/posts"}],"about":[{"href":"https:\/\/vieassociative.be\/actualites\/wp-json\/wp\/v2\/types\/post"}],"author":[{"embeddable":true,"href":"https:\/\/vieassociative.be\/actualites\/wp-json\/wp\/v2\/users\/1"}],"replies":[{"embeddable":true,"href":"https:\/\/vieassociative.be\/actualites\/wp-json\/wp\/v2\/comments?post=10124"}],"version-history":[{"count":0,"href":"https:\/\/vieassociative.be\/actualites\/wp-json\/wp\/v2\/posts\/10124\/revisions"}],"wp:featuredmedia":[{"embeddable":true,"href":"https:\/\/vieassociative.be\/actualites\/wp-json\/wp\/v2\/media\/10125"}],"wp:attachment":[{"href":"https:\/\/vieassociative.be\/actualites\/wp-json\/wp\/v2\/media?parent=10124"}],"wp:term":[{"taxonomy":"category","embeddable":true,"href":"https:\/\/vieassociative.be\/actualites\/wp-json\/wp\/v2\/categories?post=10124"},{"taxonomy":"post_tag","embeddable":true,"href":"https:\/\/vieassociative.be\/actualites\/wp-json\/wp\/v2\/tags?post=10124"}],"curies":[{"name":"wp","href":"https:\/\/api.w.org\/{rel}","templated":true}]}}