{"id":10118,"date":"2025-09-18T22:17:07","date_gmt":"2025-09-18T20:17:07","guid":{"rendered":"https:\/\/vieassociative.be\/actualites\/le-fc-brugge-couronne-une-fantastique-semaine-belge-dans-la-victoire-de-la-ligue-des-champions-4-1-contre-monaco\/"},"modified":"2025-09-18T22:17:07","modified_gmt":"2025-09-18T20:17:07","slug":"le-fc-brugge-couronne-une-fantastique-semaine-belge-dans-la-victoire-de-la-ligue-des-champions-4-1-contre-monaco","status":"publish","type":"post","link":"https:\/\/vieassociative.be\/actualites\/le-fc-brugge-couronne-une-fantastique-semaine-belge-dans-la-victoire-de-la-ligue-des-champions-4-1-contre-monaco\/","title":{"rendered":"Le FC Br\u00fcgge couronne une fantastique \u00ab\u00a0semaine belge\u00a0\u00bb dans la victoire de la Ligue des champions-4-1 contre monaco"},"content":{"rendered":"<p><strong>48 heures apr\u00e8s la victoire sensationnelle 3-1 de Neuling Union Saint-Gilloise au champion n\u00e9erlandais du PSV Eindhoven, le FC Bruges a parfaitement fait une impressionnante \u00ab\u00a0semaine belge\u00a0\u00bb en Ligue des champions jeudi: le finaliste belge a battu l&rsquo;\u00e9quipe de Monaco 4-1.<\/strong><\/p>\n<p><span id=\"more-424893\"><\/span>Le Br\u00fcgger a commenc\u00e9 le jeu furieusement. D\u00e9j\u00e0 \u00e0 la 5e minute, Tzolis a eu la chance de marquer le but en t\u00eate. Forbs a utilis\u00e9 sa vitesse \u00e0 droite, mais le grec a ensuite rat\u00e9 la porte. Ce ne devrait pas \u00eatre la derni\u00e8re chance manqu\u00e9e de Tzolis.<\/p>\n<p>Cinq minutes plus tard, Mignolet Biereth Foumed dans la zone de p\u00e9nalit\u00e9. Cependant, le gardien de Br\u00fcgger a d\u00e9tenu la p\u00e9nalit\u00e9. Malheureusement, l&rsquo;ancien but du Red Devil a d\u00fb \u00eatre remplac\u00e9 apr\u00e8s un quart d&rsquo;heure en raison d&rsquo;une blessure.<\/p>\n<div id=\"attachment_424907\" class=\"wp-caption alignleft\" style=\"max-width: 300px\"><img fetchpriority=\"high\" decoding=\"async\" class=\"wp-image-424907 size-medium\" src=\"https:\/\/vieassociative.be\/actualites\/wp-content\/uploads\/2025\/09\/Le-FC-Brugge-couronne-une-fantastique-semaine-belge-dans-la.jpg\" alt=\"\" width=\"300\" height=\"200\"><\/div>\n<p>Apr\u00e8s une phase de pression, le Br\u00fcgger a pris les devants \u00e0 travers Tresoldi. L&rsquo;international allemand U21 n&rsquo;a pas \u00e9t\u00e9 demand\u00e9 longtemps et a surmont\u00e9 K\u00f6hn (32e) apr\u00e8s un excellent mod\u00e8le de Vanaken. Le Br\u00fcgger n&rsquo;a pas abandonn\u00e9. Tzolis (37e) a presque marqu\u00e9 un but, mais le gardien de Monaco a pu parer brillamment. Peu de temps apr\u00e8s, Onyedika est pass\u00e9e \u00e0 2-0 apr\u00e8s un coin.<\/p>\n<p>La premi\u00e8re mi-temps n&rsquo;\u00e9tait pas encore termin\u00e9e, car Vanaken a marqu\u00e9 le troisi\u00e8me but en utilisant une balle qui a \u00e9t\u00e9 mal clarifi\u00e9e par la d\u00e9fense de Monaco apr\u00e8s un coup franc &#8211; un tir de volley qui n&rsquo;a donn\u00e9 aucune chance \u00e0 Kohn.<\/p>\n<p>La seconde moiti\u00e9 \u00e9tait plus silencieuse pour \u00ab\u00a0Blauw &#038; Zwart\u00a0\u00bb, l&rsquo;\u00e9quipe s&rsquo;est concentr\u00e9e principalement sur la d\u00e9fense de la t\u00eate et des trois points. \u00c0 la 75e minute, Mamadou Diakhon, qui avait \u00e9t\u00e9 remplac\u00e9 apr\u00e8s une heure, est pass\u00e9 \u00e0 3: 0 avec un merveilleux tir. Dans le temps suppl\u00e9mentaire, l&rsquo;ANSU Fati a toujours marqu\u00e9 l&rsquo;objectif d&rsquo;honneur apr\u00e8s un coin. (Cre)<\/p>\n<p><em><strong>Sur le sujet, voir \u00e9galement l&rsquo;article suivant sur OD:<\/strong><\/em><\/p>\n<div class=\"responsive-embed widescreen\">\n<blockquote class=\"wp-embedded-content\" data-secret=\"5PZ8bpewA1\">\n<p>International Press Voices for the Dream Start of Union: \u00ab\u00a0Saint-Gilloise a attrap\u00e9 le PSV\u00a0\u00bb<\/p>\n<\/blockquote>\n<p><iframe loading=\"lazy\" class=\"wp-embedded-content\" sandbox=\"allow-scripts\" security=\"restricted\" style=\"position: absolute; visibility: hidden;\" title=\"\u201eInternationale Pressestimmen zum Traumstart von Union: \u201eSaint-Gilloise \u00fcberrumpelt PSV\u201c\u201c \u2014 Ostbelgien Direkt\" src=\"https:\/\/ostbelgiendirekt.be\/about:blank\" data-secret=\"5PZ8bpewA1\" width=\"500\" height=\"282\" frameborder=\"0\" marginwidth=\"0\" marginheight=\"0\" scrolling=\"no\" data-rocket-lazyload=\"fitvidscompatible\" data-lazy-src=\"https:\/\/ostbelgiendirekt.be\/grandios-union-424736\/embed#?secret=pyieP66zUU#?secret=5PZ8bpewA1\"><\/iframe><noscript><iframe class=\"wp-embedded-content\" sandbox=\"allow-scripts\" security=\"restricted\" style=\"position: absolute; visibility: hidden;\" title=\"\u201eInternationale Pressestimmen zum Traumstart von Union: \u201eSaint-Gilloise \u00fcberrumpelt PSV\u201c\u201c \u2014 Ostbelgien Direkt\" src=\"https:\/\/ostbelgiendirekt.be\/grandios-union-424736\/embed#?secret=pyieP66zUU#?secret=5PZ8bpewA1\" data-secret=\"5PZ8bpewA1\" width=\"500\" height=\"282\" frameborder=\"0\" marginwidth=\"0\" marginheight=\"0\" scrolling=\"no\"><\/iframe><\/noscript><\/p>\n<\/div>\n","protected":false},"excerpt":{"rendered":"<p>48 heures apr\u00e8s la victoire sensationnelle 3-1 de Neuling Union Saint-Gilloise au champion n\u00e9erlandais du PSV Eindhoven, le FC Bruges a parfaitement fait une impressionnante<\/p>\n","protected":false},"author":1,"featured_media":10119,"comment_status":"","ping_status":"","sticky":false,"template":"","format":"standard","meta":{"footnotes":""},"categories":[298],"tags":[410,691,8596,796,7051,166,29,6047,2817,8597,1348,110,784],"class_list":["post-10118","post","type-post","status-publish","format-standard","has-post-thumbnail","hentry","category-belgique","tag-belge","tag-brugge","tag-champions41","tag-contre","tag-couronne","tag-dans","tag-des","tag-fantastique","tag-ligue","tag-monaco","tag-semaine","tag-une","tag-victoire","generate-columns","tablet-grid-50","mobile-grid-100","grid-parent","grid-33"],"yoast_head":"<!-- This site is optimized with the Yoast SEO plugin v24.0 - https:\/\/yoast.com\/wordpress\/plugins\/seo\/ -->\n<title>Le FC Br\u00fcgge couronne une fantastique &quot;semaine belge&quot; dans la victoire de la Ligue des champions-4-1 contre monaco | Vie Associative<\/title>\n<meta name=\"robots\" content=\"index, follow, max-snippet:-1, max-image-preview:large, max-video-preview:-1\" \/>\n<link rel=\"canonical\" href=\"https:\/\/vieassociative.be\/actualites\/le-fc-brugge-couronne-une-fantastique-semaine-belge-dans-la-victoire-de-la-ligue-des-champions-4-1-contre-monaco\/\" \/>\n<meta property=\"og:locale\" content=\"fr_FR\" \/>\n<meta property=\"og:type\" content=\"article\" \/>\n<meta property=\"og:title\" content=\"Le FC Br\u00fcgge couronne une fantastique &quot;semaine belge&quot; dans la victoire de la Ligue des champions-4-1 contre monaco | Vie Associative\" \/>\n<meta property=\"og:description\" content=\"48 heures apr\u00e8s la victoire sensationnelle 3-1 de Neuling Union Saint-Gilloise au champion n\u00e9erlandais du PSV Eindhoven, le FC Bruges a parfaitement fait une impressionnante\" \/>\n<meta property=\"og:url\" content=\"https:\/\/vieassociative.be\/actualites\/le-fc-brugge-couronne-une-fantastique-semaine-belge-dans-la-victoire-de-la-ligue-des-champions-4-1-contre-monaco\/\" \/>\n<meta property=\"og:site_name\" content=\"Vie Associative\" \/>\n<meta property=\"article:published_time\" content=\"2025-09-18T20:17:07+00:00\" \/>\n<meta property=\"og:image\" content=\"https:\/\/vieassociative.be\/actualites\/wp-content\/uploads\/2024\/09\/header_backgroundk-01-e1726694325946.png\" \/>\n\t<meta property=\"og:image:width\" content=\"279\" \/>\n\t<meta property=\"og:image:height\" content=\"92\" \/>\n\t<meta property=\"og:image:type\" content=\"image\/png\" \/>\n<meta name=\"author\" content=\"Julien\" \/>\n<meta name=\"twitter:card\" content=\"summary_large_image\" \/>\n<meta name=\"twitter:label1\" content=\"\u00c9crit par\" \/>\n\t<meta name=\"twitter:data1\" content=\"Julien\" \/>\n\t<meta name=\"twitter:label2\" content=\"Dur\u00e9e de lecture est.\" \/>\n\t<meta name=\"twitter:data2\" content=\"2 minutes\" \/>\n<script type=\"application\/ld+json\" class=\"yoast-schema-graph\">{\"@context\":\"https:\/\/schema.org\",\"@graph\":[{\"@type\":\"Article\",\"@id\":\"https:\/\/vieassociative.be\/actualites\/le-fc-brugge-couronne-une-fantastique-semaine-belge-dans-la-victoire-de-la-ligue-des-champions-4-1-contre-monaco\/#article\",\"isPartOf\":{\"@id\":\"https:\/\/vieassociative.be\/actualites\/le-fc-brugge-couronne-une-fantastique-semaine-belge-dans-la-victoire-de-la-ligue-des-champions-4-1-contre-monaco\/\"},\"author\":{\"name\":\"Julien\",\"@id\":\"https:\/\/vieassociative.be\/actualites\/#\/schema\/person\/b87ac4f82f9d4e7b7cec7395b679edc4\"},\"headline\":\"Le FC Br\u00fcgge couronne une fantastique \u00ab\u00a0semaine belge\u00a0\u00bb dans la victoire de la Ligue des champions-4-1 contre monaco\",\"datePublished\":\"2025-09-18T20:17:07+00:00\",\"dateModified\":\"2025-09-18T20:17:07+00:00\",\"mainEntityOfPage\":{\"@id\":\"https:\/\/vieassociative.be\/actualites\/le-fc-brugge-couronne-une-fantastique-semaine-belge-dans-la-victoire-de-la-ligue-des-champions-4-1-contre-monaco\/\"},\"wordCount\":380,\"publisher\":{\"@id\":\"https:\/\/vieassociative.be\/actualites\/#organization\"},\"image\":{\"@id\":\"https:\/\/vieassociative.be\/actualites\/le-fc-brugge-couronne-une-fantastique-semaine-belge-dans-la-victoire-de-la-ligue-des-champions-4-1-contre-monaco\/#primaryimage\"},\"thumbnailUrl\":\"https:\/\/vieassociative.be\/actualites\/wp-content\/uploads\/2025\/09\/1758226627_Le-FC-Brugge-couronne-une-fantastique-semaine-belge-dans-la.jpg\",\"keywords\":[\"belge\",\"Br\u00fcgge\",\"champions41\",\"contre\",\"couronne\",\"dans\",\"Des\",\"fantastique\",\"Ligue\",\"monaco\",\"semaine\",\"une\",\"victoire\"],\"articleSection\":[\"Belgique\"],\"inLanguage\":\"fr-BE\"},{\"@type\":\"WebPage\",\"@id\":\"https:\/\/vieassociative.be\/actualites\/le-fc-brugge-couronne-une-fantastique-semaine-belge-dans-la-victoire-de-la-ligue-des-champions-4-1-contre-monaco\/\",\"url\":\"https:\/\/vieassociative.be\/actualites\/le-fc-brugge-couronne-une-fantastique-semaine-belge-dans-la-victoire-de-la-ligue-des-champions-4-1-contre-monaco\/\",\"name\":\"Le FC Br\u00fcgge couronne une fantastique \\\"semaine belge\\\" dans la victoire de la Ligue des champions-4-1 contre monaco | Vie Associative\",\"isPartOf\":{\"@id\":\"https:\/\/vieassociative.be\/actualites\/#website\"},\"primaryImageOfPage\":{\"@id\":\"https:\/\/vieassociative.be\/actualites\/le-fc-brugge-couronne-une-fantastique-semaine-belge-dans-la-victoire-de-la-ligue-des-champions-4-1-contre-monaco\/#primaryimage\"},\"image\":{\"@id\":\"https:\/\/vieassociative.be\/actualites\/le-fc-brugge-couronne-une-fantastique-semaine-belge-dans-la-victoire-de-la-ligue-des-champions-4-1-contre-monaco\/#primaryimage\"},\"thumbnailUrl\":\"https:\/\/vieassociative.be\/actualites\/wp-content\/uploads\/2025\/09\/1758226627_Le-FC-Brugge-couronne-une-fantastique-semaine-belge-dans-la.jpg\",\"datePublished\":\"2025-09-18T20:17:07+00:00\",\"dateModified\":\"2025-09-18T20:17:07+00:00\",\"breadcrumb\":{\"@id\":\"https:\/\/vieassociative.be\/actualites\/le-fc-brugge-couronne-une-fantastique-semaine-belge-dans-la-victoire-de-la-ligue-des-champions-4-1-contre-monaco\/#breadcrumb\"},\"inLanguage\":\"fr-BE\",\"potentialAction\":[{\"@type\":\"ReadAction\",\"target\":[\"https:\/\/vieassociative.be\/actualites\/le-fc-brugge-couronne-une-fantastique-semaine-belge-dans-la-victoire-de-la-ligue-des-champions-4-1-contre-monaco\/\"]}]},{\"@type\":\"ImageObject\",\"inLanguage\":\"fr-BE\",\"@id\":\"https:\/\/vieassociative.be\/actualites\/le-fc-brugge-couronne-une-fantastique-semaine-belge-dans-la-victoire-de-la-ligue-des-champions-4-1-contre-monaco\/#primaryimage\",\"url\":\"https:\/\/vieassociative.be\/actualites\/wp-content\/uploads\/2025\/09\/1758226627_Le-FC-Brugge-couronne-une-fantastique-semaine-belge-dans-la.jpg\",\"contentUrl\":\"https:\/\/vieassociative.be\/actualites\/wp-content\/uploads\/2025\/09\/1758226627_Le-FC-Brugge-couronne-une-fantastique-semaine-belge-dans-la.jpg\",\"width\":1200,\"height\":800,\"caption\":\"Le FC Br\u00fcgge couronne une fantastique \\\"semaine belge\\\" dans la victoire de la Ligue des champions-4-1 contre monaco\"},{\"@type\":\"BreadcrumbList\",\"@id\":\"https:\/\/vieassociative.be\/actualites\/le-fc-brugge-couronne-une-fantastique-semaine-belge-dans-la-victoire-de-la-ligue-des-champions-4-1-contre-monaco\/#breadcrumb\",\"itemListElement\":[{\"@type\":\"ListItem\",\"position\":1,\"name\":\"Accueil\",\"item\":\"https:\/\/vieassociative.be\/actualites\/\"},{\"@type\":\"ListItem\",\"position\":2,\"name\":\"Le FC Br\u00fcgge couronne une fantastique \u00ab\u00a0semaine belge\u00a0\u00bb dans la victoire de la Ligue des champions-4-1 contre monaco\"}]},{\"@type\":\"WebSite\",\"@id\":\"https:\/\/vieassociative.be\/actualites\/#website\",\"url\":\"https:\/\/vieassociative.be\/actualites\/\",\"name\":\"Vie Associative\",\"description\":\"\",\"publisher\":{\"@id\":\"https:\/\/vieassociative.be\/actualites\/#organization\"},\"potentialAction\":[{\"@type\":\"SearchAction\",\"target\":{\"@type\":\"EntryPoint\",\"urlTemplate\":\"https:\/\/vieassociative.be\/actualites\/?s={search_term_string}\"},\"query-input\":{\"@type\":\"PropertyValueSpecification\",\"valueRequired\":true,\"valueName\":\"search_term_string\"}}],\"inLanguage\":\"fr-BE\"},{\"@type\":\"Organization\",\"@id\":\"https:\/\/vieassociative.be\/actualites\/#organization\",\"name\":\"Vie Associative\",\"url\":\"https:\/\/vieassociative.be\/actualites\/\",\"logo\":{\"@type\":\"ImageObject\",\"inLanguage\":\"fr-BE\",\"@id\":\"https:\/\/vieassociative.be\/actualites\/#\/schema\/logo\/image\/\",\"url\":\"https:\/\/vieassociative.be\/actualites\/wp-content\/uploads\/2024\/09\/cropped-vieassociative_favicon.ico.png\",\"contentUrl\":\"https:\/\/vieassociative.be\/actualites\/wp-content\/uploads\/2024\/09\/cropped-vieassociative_favicon.ico.png\",\"width\":512,\"height\":512,\"caption\":\"Vie Associative\"},\"image\":{\"@id\":\"https:\/\/vieassociative.be\/actualites\/#\/schema\/logo\/image\/\"}},{\"@type\":\"Person\",\"@id\":\"https:\/\/vieassociative.be\/actualites\/#\/schema\/person\/b87ac4f82f9d4e7b7cec7395b679edc4\",\"name\":\"Julien\",\"image\":{\"@type\":\"ImageObject\",\"inLanguage\":\"fr-BE\",\"@id\":\"https:\/\/vieassociative.be\/actualites\/#\/schema\/person\/image\/\",\"url\":\"https:\/\/vieassociative.be\/actualites\/wp-content\/uploads\/2024\/09\/vie-associative-1-150x150.jpg\",\"contentUrl\":\"https:\/\/vieassociative.be\/actualites\/wp-content\/uploads\/2024\/09\/vie-associative-1-150x150.jpg\",\"caption\":\"Julien\"},\"description\":\"Je suis Julien, r\u00e9dacteur pour Vie Associative. Passionn\u00e9 par le monde associatif depuis plus de 10 ans, j'ai \u00e0 c\u0153ur de partager des histoires inspirantes et de mettre en lumi\u00e8re les initiatives locales. Mon objectif est de sensibiliser et d'encourager l'engagement communautaire \u00e0 travers mes articles.\",\"sameAs\":[\"https:\/\/vieassociative.be\/\"]}]}<\/script>\n<!-- \/ Yoast SEO plugin. -->","yoast_head_json":{"title":"Le FC Br\u00fcgge couronne une fantastique \"semaine belge\" dans la victoire de la Ligue des champions-4-1 contre monaco | Vie Associative","robots":{"index":"index","follow":"follow","max-snippet":"max-snippet:-1","max-image-preview":"max-image-preview:large","max-video-preview":"max-video-preview:-1"},"canonical":"https:\/\/vieassociative.be\/actualites\/le-fc-brugge-couronne-une-fantastique-semaine-belge-dans-la-victoire-de-la-ligue-des-champions-4-1-contre-monaco\/","og_locale":"fr_FR","og_type":"article","og_title":"Le FC Br\u00fcgge couronne une fantastique \"semaine belge\" dans la victoire de la Ligue des champions-4-1 contre monaco | Vie Associative","og_description":"48 heures apr\u00e8s la victoire sensationnelle 3-1 de Neuling Union Saint-Gilloise au champion n\u00e9erlandais du PSV Eindhoven, le FC Bruges a parfaitement fait une impressionnante","og_url":"https:\/\/vieassociative.be\/actualites\/le-fc-brugge-couronne-une-fantastique-semaine-belge-dans-la-victoire-de-la-ligue-des-champions-4-1-contre-monaco\/","og_site_name":"Vie Associative","article_published_time":"2025-09-18T20:17:07+00:00","og_image":[{"width":279,"height":92,"url":"https:\/\/vieassociative.be\/actualites\/wp-content\/uploads\/2024\/09\/header_backgroundk-01-e1726694325946.png","type":"image\/png"}],"author":"Julien","twitter_card":"summary_large_image","twitter_misc":{"\u00c9crit par":"Julien","Dur\u00e9e de lecture est.":"2 minutes"},"schema":{"@context":"https:\/\/schema.org","@graph":[{"@type":"Article","@id":"https:\/\/vieassociative.be\/actualites\/le-fc-brugge-couronne-une-fantastique-semaine-belge-dans-la-victoire-de-la-ligue-des-champions-4-1-contre-monaco\/#article","isPartOf":{"@id":"https:\/\/vieassociative.be\/actualites\/le-fc-brugge-couronne-une-fantastique-semaine-belge-dans-la-victoire-de-la-ligue-des-champions-4-1-contre-monaco\/"},"author":{"name":"Julien","@id":"https:\/\/vieassociative.be\/actualites\/#\/schema\/person\/b87ac4f82f9d4e7b7cec7395b679edc4"},"headline":"Le FC Br\u00fcgge couronne une fantastique \u00ab\u00a0semaine belge\u00a0\u00bb dans la victoire de la Ligue des champions-4-1 contre monaco","datePublished":"2025-09-18T20:17:07+00:00","dateModified":"2025-09-18T20:17:07+00:00","mainEntityOfPage":{"@id":"https:\/\/vieassociative.be\/actualites\/le-fc-brugge-couronne-une-fantastique-semaine-belge-dans-la-victoire-de-la-ligue-des-champions-4-1-contre-monaco\/"},"wordCount":380,"publisher":{"@id":"https:\/\/vieassociative.be\/actualites\/#organization"},"image":{"@id":"https:\/\/vieassociative.be\/actualites\/le-fc-brugge-couronne-une-fantastique-semaine-belge-dans-la-victoire-de-la-ligue-des-champions-4-1-contre-monaco\/#primaryimage"},"thumbnailUrl":"https:\/\/vieassociative.be\/actualites\/wp-content\/uploads\/2025\/09\/1758226627_Le-FC-Brugge-couronne-une-fantastique-semaine-belge-dans-la.jpg","keywords":["belge","Br\u00fcgge","champions41","contre","couronne","dans","Des","fantastique","Ligue","monaco","semaine","une","victoire"],"articleSection":["Belgique"],"inLanguage":"fr-BE"},{"@type":"WebPage","@id":"https:\/\/vieassociative.be\/actualites\/le-fc-brugge-couronne-une-fantastique-semaine-belge-dans-la-victoire-de-la-ligue-des-champions-4-1-contre-monaco\/","url":"https:\/\/vieassociative.be\/actualites\/le-fc-brugge-couronne-une-fantastique-semaine-belge-dans-la-victoire-de-la-ligue-des-champions-4-1-contre-monaco\/","name":"Le FC Br\u00fcgge couronne une fantastique \"semaine belge\" dans la victoire de la Ligue des champions-4-1 contre monaco | Vie Associative","isPartOf":{"@id":"https:\/\/vieassociative.be\/actualites\/#website"},"primaryImageOfPage":{"@id":"https:\/\/vieassociative.be\/actualites\/le-fc-brugge-couronne-une-fantastique-semaine-belge-dans-la-victoire-de-la-ligue-des-champions-4-1-contre-monaco\/#primaryimage"},"image":{"@id":"https:\/\/vieassociative.be\/actualites\/le-fc-brugge-couronne-une-fantastique-semaine-belge-dans-la-victoire-de-la-ligue-des-champions-4-1-contre-monaco\/#primaryimage"},"thumbnailUrl":"https:\/\/vieassociative.be\/actualites\/wp-content\/uploads\/2025\/09\/1758226627_Le-FC-Brugge-couronne-une-fantastique-semaine-belge-dans-la.jpg","datePublished":"2025-09-18T20:17:07+00:00","dateModified":"2025-09-18T20:17:07+00:00","breadcrumb":{"@id":"https:\/\/vieassociative.be\/actualites\/le-fc-brugge-couronne-une-fantastique-semaine-belge-dans-la-victoire-de-la-ligue-des-champions-4-1-contre-monaco\/#breadcrumb"},"inLanguage":"fr-BE","potentialAction":[{"@type":"ReadAction","target":["https:\/\/vieassociative.be\/actualites\/le-fc-brugge-couronne-une-fantastique-semaine-belge-dans-la-victoire-de-la-ligue-des-champions-4-1-contre-monaco\/"]}]},{"@type":"ImageObject","inLanguage":"fr-BE","@id":"https:\/\/vieassociative.be\/actualites\/le-fc-brugge-couronne-une-fantastique-semaine-belge-dans-la-victoire-de-la-ligue-des-champions-4-1-contre-monaco\/#primaryimage","url":"https:\/\/vieassociative.be\/actualites\/wp-content\/uploads\/2025\/09\/1758226627_Le-FC-Brugge-couronne-une-fantastique-semaine-belge-dans-la.jpg","contentUrl":"https:\/\/vieassociative.be\/actualites\/wp-content\/uploads\/2025\/09\/1758226627_Le-FC-Brugge-couronne-une-fantastique-semaine-belge-dans-la.jpg","width":1200,"height":800,"caption":"Le FC Br\u00fcgge couronne une fantastique \"semaine belge\" dans la victoire de la Ligue des champions-4-1 contre monaco"},{"@type":"BreadcrumbList","@id":"https:\/\/vieassociative.be\/actualites\/le-fc-brugge-couronne-une-fantastique-semaine-belge-dans-la-victoire-de-la-ligue-des-champions-4-1-contre-monaco\/#breadcrumb","itemListElement":[{"@type":"ListItem","position":1,"name":"Accueil","item":"https:\/\/vieassociative.be\/actualites\/"},{"@type":"ListItem","position":2,"name":"Le FC Br\u00fcgge couronne une fantastique \u00ab\u00a0semaine belge\u00a0\u00bb dans la victoire de la Ligue des champions-4-1 contre monaco"}]},{"@type":"WebSite","@id":"https:\/\/vieassociative.be\/actualites\/#website","url":"https:\/\/vieassociative.be\/actualites\/","name":"Vie Associative","description":"","publisher":{"@id":"https:\/\/vieassociative.be\/actualites\/#organization"},"potentialAction":[{"@type":"SearchAction","target":{"@type":"EntryPoint","urlTemplate":"https:\/\/vieassociative.be\/actualites\/?s={search_term_string}"},"query-input":{"@type":"PropertyValueSpecification","valueRequired":true,"valueName":"search_term_string"}}],"inLanguage":"fr-BE"},{"@type":"Organization","@id":"https:\/\/vieassociative.be\/actualites\/#organization","name":"Vie Associative","url":"https:\/\/vieassociative.be\/actualites\/","logo":{"@type":"ImageObject","inLanguage":"fr-BE","@id":"https:\/\/vieassociative.be\/actualites\/#\/schema\/logo\/image\/","url":"https:\/\/vieassociative.be\/actualites\/wp-content\/uploads\/2024\/09\/cropped-vieassociative_favicon.ico.png","contentUrl":"https:\/\/vieassociative.be\/actualites\/wp-content\/uploads\/2024\/09\/cropped-vieassociative_favicon.ico.png","width":512,"height":512,"caption":"Vie Associative"},"image":{"@id":"https:\/\/vieassociative.be\/actualites\/#\/schema\/logo\/image\/"}},{"@type":"Person","@id":"https:\/\/vieassociative.be\/actualites\/#\/schema\/person\/b87ac4f82f9d4e7b7cec7395b679edc4","name":"Julien","image":{"@type":"ImageObject","inLanguage":"fr-BE","@id":"https:\/\/vieassociative.be\/actualites\/#\/schema\/person\/image\/","url":"https:\/\/vieassociative.be\/actualites\/wp-content\/uploads\/2024\/09\/vie-associative-1-150x150.jpg","contentUrl":"https:\/\/vieassociative.be\/actualites\/wp-content\/uploads\/2024\/09\/vie-associative-1-150x150.jpg","caption":"Julien"},"description":"Je suis Julien, r\u00e9dacteur pour Vie Associative. Passionn\u00e9 par le monde associatif depuis plus de 10 ans, j'ai \u00e0 c\u0153ur de partager des histoires inspirantes et de mettre en lumi\u00e8re les initiatives locales. Mon objectif est de sensibiliser et d'encourager l'engagement communautaire \u00e0 travers mes articles.","sameAs":["https:\/\/vieassociative.be\/"]}]}},"_links":{"self":[{"href":"https:\/\/vieassociative.be\/actualites\/wp-json\/wp\/v2\/posts\/10118"}],"collection":[{"href":"https:\/\/vieassociative.be\/actualites\/wp-json\/wp\/v2\/posts"}],"about":[{"href":"https:\/\/vieassociative.be\/actualites\/wp-json\/wp\/v2\/types\/post"}],"author":[{"embeddable":true,"href":"https:\/\/vieassociative.be\/actualites\/wp-json\/wp\/v2\/users\/1"}],"replies":[{"embeddable":true,"href":"https:\/\/vieassociative.be\/actualites\/wp-json\/wp\/v2\/comments?post=10118"}],"version-history":[{"count":0,"href":"https:\/\/vieassociative.be\/actualites\/wp-json\/wp\/v2\/posts\/10118\/revisions"}],"wp:featuredmedia":[{"embeddable":true,"href":"https:\/\/vieassociative.be\/actualites\/wp-json\/wp\/v2\/media\/10119"}],"wp:attachment":[{"href":"https:\/\/vieassociative.be\/actualites\/wp-json\/wp\/v2\/media?parent=10118"}],"wp:term":[{"taxonomy":"category","embeddable":true,"href":"https:\/\/vieassociative.be\/actualites\/wp-json\/wp\/v2\/categories?post=10118"},{"taxonomy":"post_tag","embeddable":true,"href":"https:\/\/vieassociative.be\/actualites\/wp-json\/wp\/v2\/tags?post=10118"}],"curies":[{"name":"wp","href":"https:\/\/api.w.org\/{rel}","templated":true}]}}