{"id":10114,"date":"2025-09-18T16:17:05","date_gmt":"2025-09-18T14:17:05","guid":{"rendered":"https:\/\/vieassociative.be\/actualites\/eupener-klosterstrase-sera-colore-vendredi\/"},"modified":"2025-09-18T16:17:05","modified_gmt":"2025-09-18T14:17:05","slug":"eupener-klosterstrase-sera-colore-vendredi","status":"publish","type":"post","link":"https:\/\/vieassociative.be\/actualites\/eupener-klosterstrase-sera-colore-vendredi\/","title":{"rendered":"Eupener Klosterstra\u00dfe sera color\u00e9 vendredi"},"content":{"rendered":"<p><strong>Comme le rapporte la ville d&rsquo;Eupen, ce vendredi 19 septembre 2025, sera mis en \u0153uvre dans Klosterstra\u00dfe \u00e0 Eupen \u00ab\u00a0une mesure de conception s\u00e9lective\u00a0\u00bb.<\/strong><\/p>\n<p><span id=\"more-424874\"><\/span>Le travail peut durer et n\u00e9cessiter un temps sec d&rsquo;ici le samedi 20 septembre. La Klosterstra\u00dfe est ferm\u00e9e pour la circulation pendant la p\u00e9riode du travail. La rue est passable le soir.<\/p>\n<p>Le coll\u00e8ge communautaire remercie la population pour sa compr\u00e9hension.<\/p>\n<p>Sur la question de \u00ab\u00a0directement la Belgique orientale\u00a0\u00bb, la ville d&rsquo;Eupen a d\u00e9clar\u00e9: \u00ab\u00a0La route est con\u00e7ue par l&rsquo;artiste r\u00e9gional Sebastian Schmidt, qui a d\u00e9j\u00e0 mis en \u0153uvre un projet similaire \u00e0 Mefferstra\u00dfe \u00e0 Aix-un.<\/p>\n","protected":false},"excerpt":{"rendered":"<p>Comme le rapporte la ville d&rsquo;Eupen, ce vendredi 19 septembre 2025, sera mis en \u0153uvre dans Klosterstra\u00dfe \u00e0 Eupen \u00ab\u00a0une mesure de conception s\u00e9lective\u00a0\u00bb. Le<\/p>\n","protected":false},"author":1,"featured_media":10115,"comment_status":"","ping_status":"","sticky":false,"template":"","format":"standard","meta":{"footnotes":""},"categories":[298],"tags":[8595,5049,8594,3230,252],"class_list":["post-10114","post","type-post","status-publish","format-standard","has-post-thumbnail","hentry","category-belgique","tag-colore","tag-eupener","tag-klosterstrase","tag-sera","tag-vendredi","generate-columns","tablet-grid-50","mobile-grid-100","grid-parent","grid-33"],"yoast_head":"<!-- This site is optimized with the Yoast SEO plugin v24.0 - https:\/\/yoast.com\/wordpress\/plugins\/seo\/ -->\n<title>Eupener Klosterstra\u00dfe sera color\u00e9 vendredi | Vie Associative<\/title>\n<meta name=\"robots\" content=\"index, follow, max-snippet:-1, max-image-preview:large, max-video-preview:-1\" \/>\n<link rel=\"canonical\" href=\"https:\/\/vieassociative.be\/actualites\/eupener-klosterstrase-sera-colore-vendredi\/\" \/>\n<meta property=\"og:locale\" content=\"fr_FR\" \/>\n<meta property=\"og:type\" content=\"article\" \/>\n<meta property=\"og:title\" content=\"Eupener Klosterstra\u00dfe sera color\u00e9 vendredi | Vie Associative\" \/>\n<meta property=\"og:description\" content=\"Comme le rapporte la ville d&rsquo;Eupen, ce vendredi 19 septembre 2025, sera mis en \u0153uvre dans Klosterstra\u00dfe \u00e0 Eupen \u00ab\u00a0une mesure de conception s\u00e9lective\u00a0\u00bb. Le\" \/>\n<meta property=\"og:url\" content=\"https:\/\/vieassociative.be\/actualites\/eupener-klosterstrase-sera-colore-vendredi\/\" \/>\n<meta property=\"og:site_name\" content=\"Vie Associative\" \/>\n<meta property=\"article:published_time\" content=\"2025-09-18T14:17:05+00:00\" \/>\n<meta property=\"og:image\" content=\"https:\/\/vieassociative.be\/actualites\/wp-content\/uploads\/2024\/09\/header_backgroundk-01-e1726694325946.png\" \/>\n\t<meta property=\"og:image:width\" content=\"279\" \/>\n\t<meta property=\"og:image:height\" content=\"92\" \/>\n\t<meta property=\"og:image:type\" content=\"image\/png\" \/>\n<meta name=\"author\" content=\"Julien\" \/>\n<meta name=\"twitter:card\" content=\"summary_large_image\" \/>\n<meta name=\"twitter:label1\" content=\"\u00c9crit par\" \/>\n\t<meta name=\"twitter:data1\" content=\"Julien\" \/>\n\t<meta name=\"twitter:label2\" content=\"Dur\u00e9e de lecture est.\" \/>\n\t<meta name=\"twitter:data2\" content=\"1 minute\" \/>\n<script type=\"application\/ld+json\" class=\"yoast-schema-graph\">{\"@context\":\"https:\/\/schema.org\",\"@graph\":[{\"@type\":\"Article\",\"@id\":\"https:\/\/vieassociative.be\/actualites\/eupener-klosterstrase-sera-colore-vendredi\/#article\",\"isPartOf\":{\"@id\":\"https:\/\/vieassociative.be\/actualites\/eupener-klosterstrase-sera-colore-vendredi\/\"},\"author\":{\"name\":\"Julien\",\"@id\":\"https:\/\/vieassociative.be\/actualites\/#\/schema\/person\/b87ac4f82f9d4e7b7cec7395b679edc4\"},\"headline\":\"Eupener Klosterstra\u00dfe sera color\u00e9 vendredi\",\"datePublished\":\"2025-09-18T14:17:05+00:00\",\"dateModified\":\"2025-09-18T14:17:05+00:00\",\"mainEntityOfPage\":{\"@id\":\"https:\/\/vieassociative.be\/actualites\/eupener-klosterstrase-sera-colore-vendredi\/\"},\"wordCount\":117,\"publisher\":{\"@id\":\"https:\/\/vieassociative.be\/actualites\/#organization\"},\"image\":{\"@id\":\"https:\/\/vieassociative.be\/actualites\/eupener-klosterstrase-sera-colore-vendredi\/#primaryimage\"},\"thumbnailUrl\":\"https:\/\/vieassociative.be\/actualites\/wp-content\/uploads\/2025\/09\/Eupener-Klosterstrase-sera-colore-vendredi.jpg\",\"keywords\":[\"color\u00e9\",\"Eupener\",\"Klosterstra\u00dfe\",\"sera\",\"vendredi\"],\"articleSection\":[\"Belgique\"],\"inLanguage\":\"fr-BE\"},{\"@type\":\"WebPage\",\"@id\":\"https:\/\/vieassociative.be\/actualites\/eupener-klosterstrase-sera-colore-vendredi\/\",\"url\":\"https:\/\/vieassociative.be\/actualites\/eupener-klosterstrase-sera-colore-vendredi\/\",\"name\":\"Eupener Klosterstra\u00dfe sera color\u00e9 vendredi | Vie Associative\",\"isPartOf\":{\"@id\":\"https:\/\/vieassociative.be\/actualites\/#website\"},\"primaryImageOfPage\":{\"@id\":\"https:\/\/vieassociative.be\/actualites\/eupener-klosterstrase-sera-colore-vendredi\/#primaryimage\"},\"image\":{\"@id\":\"https:\/\/vieassociative.be\/actualites\/eupener-klosterstrase-sera-colore-vendredi\/#primaryimage\"},\"thumbnailUrl\":\"https:\/\/vieassociative.be\/actualites\/wp-content\/uploads\/2025\/09\/Eupener-Klosterstrase-sera-colore-vendredi.jpg\",\"datePublished\":\"2025-09-18T14:17:05+00:00\",\"dateModified\":\"2025-09-18T14:17:05+00:00\",\"breadcrumb\":{\"@id\":\"https:\/\/vieassociative.be\/actualites\/eupener-klosterstrase-sera-colore-vendredi\/#breadcrumb\"},\"inLanguage\":\"fr-BE\",\"potentialAction\":[{\"@type\":\"ReadAction\",\"target\":[\"https:\/\/vieassociative.be\/actualites\/eupener-klosterstrase-sera-colore-vendredi\/\"]}]},{\"@type\":\"ImageObject\",\"inLanguage\":\"fr-BE\",\"@id\":\"https:\/\/vieassociative.be\/actualites\/eupener-klosterstrase-sera-colore-vendredi\/#primaryimage\",\"url\":\"https:\/\/vieassociative.be\/actualites\/wp-content\/uploads\/2025\/09\/Eupener-Klosterstrase-sera-colore-vendredi.jpg\",\"contentUrl\":\"https:\/\/vieassociative.be\/actualites\/wp-content\/uploads\/2025\/09\/Eupener-Klosterstrase-sera-colore-vendredi.jpg\",\"width\":1300,\"height\":975,\"caption\":\"Eupener Klosterstra\u00dfe sera color\u00e9 vendredi\"},{\"@type\":\"BreadcrumbList\",\"@id\":\"https:\/\/vieassociative.be\/actualites\/eupener-klosterstrase-sera-colore-vendredi\/#breadcrumb\",\"itemListElement\":[{\"@type\":\"ListItem\",\"position\":1,\"name\":\"Accueil\",\"item\":\"https:\/\/vieassociative.be\/actualites\/\"},{\"@type\":\"ListItem\",\"position\":2,\"name\":\"Eupener Klosterstra\u00dfe sera color\u00e9 vendredi\"}]},{\"@type\":\"WebSite\",\"@id\":\"https:\/\/vieassociative.be\/actualites\/#website\",\"url\":\"https:\/\/vieassociative.be\/actualites\/\",\"name\":\"Vie Associative\",\"description\":\"\",\"publisher\":{\"@id\":\"https:\/\/vieassociative.be\/actualites\/#organization\"},\"potentialAction\":[{\"@type\":\"SearchAction\",\"target\":{\"@type\":\"EntryPoint\",\"urlTemplate\":\"https:\/\/vieassociative.be\/actualites\/?s={search_term_string}\"},\"query-input\":{\"@type\":\"PropertyValueSpecification\",\"valueRequired\":true,\"valueName\":\"search_term_string\"}}],\"inLanguage\":\"fr-BE\"},{\"@type\":\"Organization\",\"@id\":\"https:\/\/vieassociative.be\/actualites\/#organization\",\"name\":\"Vie Associative\",\"url\":\"https:\/\/vieassociative.be\/actualites\/\",\"logo\":{\"@type\":\"ImageObject\",\"inLanguage\":\"fr-BE\",\"@id\":\"https:\/\/vieassociative.be\/actualites\/#\/schema\/logo\/image\/\",\"url\":\"https:\/\/vieassociative.be\/actualites\/wp-content\/uploads\/2024\/09\/cropped-vieassociative_favicon.ico.png\",\"contentUrl\":\"https:\/\/vieassociative.be\/actualites\/wp-content\/uploads\/2024\/09\/cropped-vieassociative_favicon.ico.png\",\"width\":512,\"height\":512,\"caption\":\"Vie Associative\"},\"image\":{\"@id\":\"https:\/\/vieassociative.be\/actualites\/#\/schema\/logo\/image\/\"}},{\"@type\":\"Person\",\"@id\":\"https:\/\/vieassociative.be\/actualites\/#\/schema\/person\/b87ac4f82f9d4e7b7cec7395b679edc4\",\"name\":\"Julien\",\"image\":{\"@type\":\"ImageObject\",\"inLanguage\":\"fr-BE\",\"@id\":\"https:\/\/vieassociative.be\/actualites\/#\/schema\/person\/image\/\",\"url\":\"https:\/\/vieassociative.be\/actualites\/wp-content\/uploads\/2024\/09\/vie-associative-1-150x150.jpg\",\"contentUrl\":\"https:\/\/vieassociative.be\/actualites\/wp-content\/uploads\/2024\/09\/vie-associative-1-150x150.jpg\",\"caption\":\"Julien\"},\"description\":\"Je suis Julien, r\u00e9dacteur pour Vie Associative. Passionn\u00e9 par le monde associatif depuis plus de 10 ans, j'ai \u00e0 c\u0153ur de partager des histoires inspirantes et de mettre en lumi\u00e8re les initiatives locales. Mon objectif est de sensibiliser et d'encourager l'engagement communautaire \u00e0 travers mes articles.\",\"sameAs\":[\"https:\/\/vieassociative.be\/\"]}]}<\/script>\n<!-- \/ Yoast SEO plugin. -->","yoast_head_json":{"title":"Eupener Klosterstra\u00dfe sera color\u00e9 vendredi | Vie Associative","robots":{"index":"index","follow":"follow","max-snippet":"max-snippet:-1","max-image-preview":"max-image-preview:large","max-video-preview":"max-video-preview:-1"},"canonical":"https:\/\/vieassociative.be\/actualites\/eupener-klosterstrase-sera-colore-vendredi\/","og_locale":"fr_FR","og_type":"article","og_title":"Eupener Klosterstra\u00dfe sera color\u00e9 vendredi | Vie Associative","og_description":"Comme le rapporte la ville d&rsquo;Eupen, ce vendredi 19 septembre 2025, sera mis en \u0153uvre dans Klosterstra\u00dfe \u00e0 Eupen \u00ab\u00a0une mesure de conception s\u00e9lective\u00a0\u00bb. Le","og_url":"https:\/\/vieassociative.be\/actualites\/eupener-klosterstrase-sera-colore-vendredi\/","og_site_name":"Vie Associative","article_published_time":"2025-09-18T14:17:05+00:00","og_image":[{"width":279,"height":92,"url":"https:\/\/vieassociative.be\/actualites\/wp-content\/uploads\/2024\/09\/header_backgroundk-01-e1726694325946.png","type":"image\/png"}],"author":"Julien","twitter_card":"summary_large_image","twitter_misc":{"\u00c9crit par":"Julien","Dur\u00e9e de lecture est.":"1 minute"},"schema":{"@context":"https:\/\/schema.org","@graph":[{"@type":"Article","@id":"https:\/\/vieassociative.be\/actualites\/eupener-klosterstrase-sera-colore-vendredi\/#article","isPartOf":{"@id":"https:\/\/vieassociative.be\/actualites\/eupener-klosterstrase-sera-colore-vendredi\/"},"author":{"name":"Julien","@id":"https:\/\/vieassociative.be\/actualites\/#\/schema\/person\/b87ac4f82f9d4e7b7cec7395b679edc4"},"headline":"Eupener Klosterstra\u00dfe sera color\u00e9 vendredi","datePublished":"2025-09-18T14:17:05+00:00","dateModified":"2025-09-18T14:17:05+00:00","mainEntityOfPage":{"@id":"https:\/\/vieassociative.be\/actualites\/eupener-klosterstrase-sera-colore-vendredi\/"},"wordCount":117,"publisher":{"@id":"https:\/\/vieassociative.be\/actualites\/#organization"},"image":{"@id":"https:\/\/vieassociative.be\/actualites\/eupener-klosterstrase-sera-colore-vendredi\/#primaryimage"},"thumbnailUrl":"https:\/\/vieassociative.be\/actualites\/wp-content\/uploads\/2025\/09\/Eupener-Klosterstrase-sera-colore-vendredi.jpg","keywords":["color\u00e9","Eupener","Klosterstra\u00dfe","sera","vendredi"],"articleSection":["Belgique"],"inLanguage":"fr-BE"},{"@type":"WebPage","@id":"https:\/\/vieassociative.be\/actualites\/eupener-klosterstrase-sera-colore-vendredi\/","url":"https:\/\/vieassociative.be\/actualites\/eupener-klosterstrase-sera-colore-vendredi\/","name":"Eupener Klosterstra\u00dfe sera color\u00e9 vendredi | Vie Associative","isPartOf":{"@id":"https:\/\/vieassociative.be\/actualites\/#website"},"primaryImageOfPage":{"@id":"https:\/\/vieassociative.be\/actualites\/eupener-klosterstrase-sera-colore-vendredi\/#primaryimage"},"image":{"@id":"https:\/\/vieassociative.be\/actualites\/eupener-klosterstrase-sera-colore-vendredi\/#primaryimage"},"thumbnailUrl":"https:\/\/vieassociative.be\/actualites\/wp-content\/uploads\/2025\/09\/Eupener-Klosterstrase-sera-colore-vendredi.jpg","datePublished":"2025-09-18T14:17:05+00:00","dateModified":"2025-09-18T14:17:05+00:00","breadcrumb":{"@id":"https:\/\/vieassociative.be\/actualites\/eupener-klosterstrase-sera-colore-vendredi\/#breadcrumb"},"inLanguage":"fr-BE","potentialAction":[{"@type":"ReadAction","target":["https:\/\/vieassociative.be\/actualites\/eupener-klosterstrase-sera-colore-vendredi\/"]}]},{"@type":"ImageObject","inLanguage":"fr-BE","@id":"https:\/\/vieassociative.be\/actualites\/eupener-klosterstrase-sera-colore-vendredi\/#primaryimage","url":"https:\/\/vieassociative.be\/actualites\/wp-content\/uploads\/2025\/09\/Eupener-Klosterstrase-sera-colore-vendredi.jpg","contentUrl":"https:\/\/vieassociative.be\/actualites\/wp-content\/uploads\/2025\/09\/Eupener-Klosterstrase-sera-colore-vendredi.jpg","width":1300,"height":975,"caption":"Eupener Klosterstra\u00dfe sera color\u00e9 vendredi"},{"@type":"BreadcrumbList","@id":"https:\/\/vieassociative.be\/actualites\/eupener-klosterstrase-sera-colore-vendredi\/#breadcrumb","itemListElement":[{"@type":"ListItem","position":1,"name":"Accueil","item":"https:\/\/vieassociative.be\/actualites\/"},{"@type":"ListItem","position":2,"name":"Eupener Klosterstra\u00dfe sera color\u00e9 vendredi"}]},{"@type":"WebSite","@id":"https:\/\/vieassociative.be\/actualites\/#website","url":"https:\/\/vieassociative.be\/actualites\/","name":"Vie Associative","description":"","publisher":{"@id":"https:\/\/vieassociative.be\/actualites\/#organization"},"potentialAction":[{"@type":"SearchAction","target":{"@type":"EntryPoint","urlTemplate":"https:\/\/vieassociative.be\/actualites\/?s={search_term_string}"},"query-input":{"@type":"PropertyValueSpecification","valueRequired":true,"valueName":"search_term_string"}}],"inLanguage":"fr-BE"},{"@type":"Organization","@id":"https:\/\/vieassociative.be\/actualites\/#organization","name":"Vie Associative","url":"https:\/\/vieassociative.be\/actualites\/","logo":{"@type":"ImageObject","inLanguage":"fr-BE","@id":"https:\/\/vieassociative.be\/actualites\/#\/schema\/logo\/image\/","url":"https:\/\/vieassociative.be\/actualites\/wp-content\/uploads\/2024\/09\/cropped-vieassociative_favicon.ico.png","contentUrl":"https:\/\/vieassociative.be\/actualites\/wp-content\/uploads\/2024\/09\/cropped-vieassociative_favicon.ico.png","width":512,"height":512,"caption":"Vie Associative"},"image":{"@id":"https:\/\/vieassociative.be\/actualites\/#\/schema\/logo\/image\/"}},{"@type":"Person","@id":"https:\/\/vieassociative.be\/actualites\/#\/schema\/person\/b87ac4f82f9d4e7b7cec7395b679edc4","name":"Julien","image":{"@type":"ImageObject","inLanguage":"fr-BE","@id":"https:\/\/vieassociative.be\/actualites\/#\/schema\/person\/image\/","url":"https:\/\/vieassociative.be\/actualites\/wp-content\/uploads\/2024\/09\/vie-associative-1-150x150.jpg","contentUrl":"https:\/\/vieassociative.be\/actualites\/wp-content\/uploads\/2024\/09\/vie-associative-1-150x150.jpg","caption":"Julien"},"description":"Je suis Julien, r\u00e9dacteur pour Vie Associative. Passionn\u00e9 par le monde associatif depuis plus de 10 ans, j'ai \u00e0 c\u0153ur de partager des histoires inspirantes et de mettre en lumi\u00e8re les initiatives locales. Mon objectif est de sensibiliser et d'encourager l'engagement communautaire \u00e0 travers mes articles.","sameAs":["https:\/\/vieassociative.be\/"]}]}},"_links":{"self":[{"href":"https:\/\/vieassociative.be\/actualites\/wp-json\/wp\/v2\/posts\/10114"}],"collection":[{"href":"https:\/\/vieassociative.be\/actualites\/wp-json\/wp\/v2\/posts"}],"about":[{"href":"https:\/\/vieassociative.be\/actualites\/wp-json\/wp\/v2\/types\/post"}],"author":[{"embeddable":true,"href":"https:\/\/vieassociative.be\/actualites\/wp-json\/wp\/v2\/users\/1"}],"replies":[{"embeddable":true,"href":"https:\/\/vieassociative.be\/actualites\/wp-json\/wp\/v2\/comments?post=10114"}],"version-history":[{"count":0,"href":"https:\/\/vieassociative.be\/actualites\/wp-json\/wp\/v2\/posts\/10114\/revisions"}],"wp:featuredmedia":[{"embeddable":true,"href":"https:\/\/vieassociative.be\/actualites\/wp-json\/wp\/v2\/media\/10115"}],"wp:attachment":[{"href":"https:\/\/vieassociative.be\/actualites\/wp-json\/wp\/v2\/media?parent=10114"}],"wp:term":[{"taxonomy":"category","embeddable":true,"href":"https:\/\/vieassociative.be\/actualites\/wp-json\/wp\/v2\/categories?post=10114"},{"taxonomy":"post_tag","embeddable":true,"href":"https:\/\/vieassociative.be\/actualites\/wp-json\/wp\/v2\/tags?post=10114"}],"curies":[{"name":"wp","href":"https:\/\/api.w.org\/{rel}","templated":true}]}}