{"id":10112,"date":"2025-09-18T15:18:47","date_gmt":"2025-09-18T13:18:47","guid":{"rendered":"https:\/\/vieassociative.be\/actualites\/ce-kindle-paperwhite-sans-publicite-est-en-vente-pour-127-en-ce-moment\/"},"modified":"2025-09-18T15:18:47","modified_gmt":"2025-09-18T13:18:47","slug":"ce-kindle-paperwhite-sans-publicite-est-en-vente-pour-127-en-ce-moment","status":"publish","type":"post","link":"https:\/\/vieassociative.be\/actualites\/ce-kindle-paperwhite-sans-publicite-est-en-vente-pour-127-en-ce-moment\/","title":{"rendered":"Ce Kindle Paperwhite sans publicit\u00e9 est en vente pour 127 $ en ce moment"},"content":{"rendered":"<div class=\"mt-4 leading-6 md:mb-8\">Avec cette offre, vous obtenez un Kindle phare r\u00e9nov\u00e9 au prix d&rsquo;un mod\u00e8le de milieu de gamme.<\/div>\n<p><\/p>\n<p><em>Saviez-vous que vous pouvez personnaliser Google pour filtrer les ordures? Prendre ces \u00e9tapes<\/em><em>  Pour de meilleurs r\u00e9sultats de recherche, notamment l&rsquo;ajout de Vie Associative comme source pr\u00e9f\u00e9r\u00e9e pour les nouvelles technologiques<\/em><em>.<\/em><\/p>\n<hr>\n<p>Si vous attendiez un Kindle qui contient plus qu&rsquo;une poign\u00e9e de livres, l&rsquo;\u00e9dition Kindle Paperwhite Signature vaut un examen plus approfondi, en particulier au prix d&rsquo;aujourd&rsquo;hui. Cette version similaire avec 32 Go de stockage se vend 126,99 $ sur Amazon (son prix le plus bas \u00e0 ce jour, selon Price-Trackers). Pour le contexte, une toute nouvelle unit\u00e9 r\u00e9pertorie actuellement \u00e0 199,99 $, vous \u00e9conomisez donc un solide 73 $ tout en obtenant un appareil qui a \u00e9t\u00e9 test\u00e9, nettoy\u00e9 et restaur\u00e9 directement par Amazon. Chaque mod\u00e8le remis \u00e0 neuf passe par une v\u00e9rification de diagnostic, une essuie de donn\u00e9es s\u00e9curis\u00e9e et un remplacement des pi\u00e8ces si n\u00e9cessaire, vous ne lancez donc pas les d\u00e9s sur les performances.<\/p>\n<div class=\"pogoClear mb-12 mt-10 rounded-md border-2 border-gray-100 py-7 shadow-xl md:py-6\">\n<div class=\"flex flex-wrap justify-between px-7 text-black no-underline md:flex-nowrap md:px-8\">\n<div class=\"order-1 mx-auto flex flex-col justify-center md:order-2 md:ml-4 md:w-full md:grow\">\n<div class=\"block cursor-pointer text-center font-akshar text-2xl font-medium leading-7 text-brand-green duration-200 ease-in-out hover:text-brand-green-700 md:text-left md:text-xl md:leading-6\">Amazon Kindle Paperwhite Signature Ed. 32 Go 7 \u00ab\u00a0Ereader (comme nouveau)\n                <\/div>\n<div class=\"mt-4 hidden md:flex md:justify-between\">\n<div class=\"self-end\">\n<div class=\"mb-0 h-11 md:flex md:flex-col md:justify-center\">\n<div class=\" font-sans leading-4 text-black\">\n<div class=\"flex flex-wrap items-center justify-center gap-1 md:justify-start\">\n        <span class=\"font-bold\"><\/p>\n<p>            126,99 $<br \/>\n                            <span class=\"font-medium\">\u00e0 Amazon<\/span><br \/>\n                    <\/span>\n            <\/div>\n<div class=\"flex items-center justify-center gap-x-1 font-bold md:justify-start\">\n            <span class=\"text-sm line-through\">179,99 $<\/span><br \/>\n            <span class=\"text-sm text-brand-green\">\u00c9conomisez 53,00 $<\/span>\n        <\/div>\n<\/p><\/div>\n<\/p><\/div>\n<\/p><\/div>\n<div class=\"w-44 self-end\">\n                            <button class=\"flex justify-center items-center w-full bg-brand-green text-white text-base font-sans font-medium rounded-md hover:bg-brand-green-700 hover:cursor-pointer md:text-sm h-11\"><\/p>\n<p>    Conclure un accord<br \/>\n<\/button>\n                        <\/div>\n<\/p><\/div>\n<\/p><\/div>\n<div class=\"order-2 mt-5 h-auto w-full md:order-1 md:mt-0 md:hidden\">\n<div class=\"flex aspect-video items-center justify-center\">\n                                            <img decoding=\"async\" class=\"m-0 max-h-full max-w-full rounded-md\" src=\"https:\/\/vieassociative.be\/actualites\/wp-content\/uploads\/2025\/09\/Ce-Kindle-Paperwhite-sans-publicite-est-en-vente-pour-127.jpg\" alt=\"Amazon Kindle Paperwhite Signature Ed. 32 Go 7\" ereader new width=\"auto\" height=\"auto\" loading=\"lazy\">\n                                    <\/div>\n<\/p><\/div>\n<div class=\"order-2 ml-2 hidden w-32 shrink-0 items-center md:order-1 md:ml-0 md:flex\">\n<div class=\"flex aspect-video items-center justify-center\">\n                                            <img decoding=\"async\" class=\"m-0 max-h-full max-w-full rounded-md\" src=\"https:\/\/vieassociative.be\/actualites\/wp-content\/uploads\/2025\/09\/Ce-Kindle-Paperwhite-sans-publicite-est-en-vente-pour-127.jpg\" alt=\"Amazon Kindle Paperwhite Signature Ed. 32 Go 7\" ereader new width=\"auto\" height=\"auto\" loading=\"lazy\">\n                                    <\/div>\n<\/p><\/div>\n<div class=\"order-3 flex grow flex-wrap md:hidden md:grow-0\">\n<div class=\"mt-4 w-full\">\n                        <button class=\"flex justify-center items-center w-full bg-brand-green text-white text-base font-sans font-medium rounded-md hover:bg-brand-green-700 hover:cursor-pointer md:text-sm h-11\"><\/p>\n<p>    Conclure un accord<br \/>\n<\/button>\n                    <\/div>\n<div class=\"mx-2 mt-4 w-full\">\n<div class=\" font-sans leading-4 text-black\">\n<div class=\"flex flex-wrap items-center justify-center gap-1 md:justify-start\">\n        <span class=\"font-bold\"><\/p>\n<p>            126,99 $<br \/>\n                            <span class=\"font-medium\">\u00e0 Amazon<\/span><br \/>\n                    <\/span>\n            <\/div>\n<div class=\"flex items-center justify-center gap-x-1 font-bold md:justify-start\">\n            <span class=\"text-sm line-through\">179,99 $<\/span><br \/>\n            <span class=\"text-sm text-brand-green\">\u00c9conomisez 53,00 $<\/span>\n        <\/div>\n<\/p><\/div>\n<\/p><\/div>\n<\/p><\/div>\n<\/p><\/div>\n<\/div>\n<p>Son \u00e9cran sans \u00e9clat de 7 pouces fonctionne \u00e0 300 pixels par pouce, ce qui rend le texte net et facile \u00e0 lire, tandis que la lumi\u00e8re chaude r\u00e9glable \u00e9limine la tension des s\u00e9ances de fin de soir\u00e9e. Cette version est \u00e9galement sans publicit\u00e9, ce que les propri\u00e9taires de Kindle savent de longue date est une grande mise \u00e0 niveau de la qualit\u00e9 de vie, et avec 32 Go de stockage, vous n&rsquo;aurez pas \u00e0 vous soucier de supprimer des livres pour faire de l&rsquo;espace &#8211; il y a de la place pour une grande biblioth\u00e8que, ainsi que des casquettes plus lourds comme les romans graphiques et les livres audiobs (bien que vous aurez besoin de casques Bluetooth pour le jeu audble, car il n&rsquo;y a pas de prise Headphone). Quant \u00e0 la dur\u00e9e de vie de la batterie, il s&rsquo;\u00e9tend en mois plut\u00f4t qu&rsquo;en jours, et la charge est flexible: branchez-la avec USB-C, ou d\u00e9finissez-la sur une cueille de charge sans fil et oubliez-la. <\/p>\n<p>Bien que l&rsquo;\u00e9dition Signature ne r\u00e9invente pas l&rsquo;exp\u00e9rience Kindle, comme indiqu\u00e9 dans cette revue PCMAG, la charge sans fil, la r\u00e9sistance \u00e0 l&rsquo;eau IPX8 et le stockage augment\u00e9 en font la version la plus compl\u00e8te de la gamme de lecteurs \u00e9lectroniques d&rsquo;Amazon. Cela ne signifie pas que c&rsquo;est le meilleur choix pour tout le monde. Pour les lecteurs occasionnels, le papier standard peut \u00eatre suffisant. Mais pour tous ceux qui lisent quotidiennement et veulent les avantages de plus de stockage, de charge sans fil et aucune publicit\u00e9, cette \u00e9dition de signature r\u00e9nov\u00e9e \u00e0 son prix le plus bas \u00e0 ce jour est une bonne affaire. Si vous pesez toujours vos options, Vie Associative a un guide sur le meilleur de Kindle pour vous, ou vous pouvez consulter une comparaison entre le Kindle Colorsoft et Kindle Paperwhite si vous \u00eates curieux de savoir comment il s&rsquo;accumule avec les nouveaux mod\u00e8les \u00e0 \u00e9cran couleur.<\/p>\n<hr>\n","protected":false},"excerpt":{"rendered":"<p>Avec cette offre, vous obtenez un Kindle phare r\u00e9nov\u00e9 au prix d&rsquo;un mod\u00e8le de milieu de gamme. Saviez-vous que vous pouvez personnaliser Google pour filtrer<\/p>\n","protected":false},"author":1,"featured_media":10113,"comment_status":"","ping_status":"","sticky":false,"template":"","format":"standard","meta":{"footnotes":""},"categories":[13],"tags":[76,2263,1429,3585,81,4989,130,223],"class_list":["post-10112","post","type-post","status-publish","format-standard","has-post-thumbnail","hentry","category-technologie","tag-est","tag-kindle","tag-moment","tag-paperwhite","tag-pour","tag-publicite","tag-sans","tag-vente","generate-columns","tablet-grid-50","mobile-grid-100","grid-parent","grid-33"],"yoast_head":"<!-- This site is optimized with the Yoast SEO plugin v24.0 - https:\/\/yoast.com\/wordpress\/plugins\/seo\/ -->\n<title>Ce Kindle Paperwhite sans publicit\u00e9 est en vente pour 127 $ en ce moment | Vie Associative<\/title>\n<meta name=\"robots\" content=\"index, follow, max-snippet:-1, max-image-preview:large, max-video-preview:-1\" \/>\n<link rel=\"canonical\" href=\"https:\/\/vieassociative.be\/actualites\/ce-kindle-paperwhite-sans-publicite-est-en-vente-pour-127-en-ce-moment\/\" \/>\n<meta property=\"og:locale\" content=\"fr_FR\" \/>\n<meta property=\"og:type\" content=\"article\" \/>\n<meta property=\"og:title\" content=\"Ce Kindle Paperwhite sans publicit\u00e9 est en vente pour 127 $ en ce moment | Vie Associative\" \/>\n<meta property=\"og:description\" content=\"Avec cette offre, vous obtenez un Kindle phare r\u00e9nov\u00e9 au prix d&rsquo;un mod\u00e8le de milieu de gamme. Saviez-vous que vous pouvez personnaliser Google pour filtrer\" \/>\n<meta property=\"og:url\" content=\"https:\/\/vieassociative.be\/actualites\/ce-kindle-paperwhite-sans-publicite-est-en-vente-pour-127-en-ce-moment\/\" \/>\n<meta property=\"og:site_name\" content=\"Vie Associative\" \/>\n<meta property=\"article:published_time\" content=\"2025-09-18T13:18:47+00:00\" \/>\n<meta property=\"og:image\" content=\"https:\/\/vieassociative.be\/actualites\/wp-content\/uploads\/2025\/09\/Ce-Kindle-Paperwhite-sans-publicite-est-en-vente-pour-127.jpg\" \/>\n<meta name=\"author\" content=\"Julien\" \/>\n<meta name=\"twitter:card\" content=\"summary_large_image\" \/>\n<meta name=\"twitter:label1\" content=\"\u00c9crit par\" \/>\n\t<meta name=\"twitter:data1\" content=\"Julien\" \/>\n\t<meta name=\"twitter:label2\" content=\"Dur\u00e9e de lecture est.\" \/>\n\t<meta name=\"twitter:data2\" content=\"3 minutes\" \/>\n<script type=\"application\/ld+json\" class=\"yoast-schema-graph\">{\"@context\":\"https:\/\/schema.org\",\"@graph\":[{\"@type\":\"Article\",\"@id\":\"https:\/\/vieassociative.be\/actualites\/ce-kindle-paperwhite-sans-publicite-est-en-vente-pour-127-en-ce-moment\/#article\",\"isPartOf\":{\"@id\":\"https:\/\/vieassociative.be\/actualites\/ce-kindle-paperwhite-sans-publicite-est-en-vente-pour-127-en-ce-moment\/\"},\"author\":{\"name\":\"Julien\",\"@id\":\"https:\/\/vieassociative.be\/actualites\/#\/schema\/person\/b87ac4f82f9d4e7b7cec7395b679edc4\"},\"headline\":\"Ce Kindle Paperwhite sans publicit\u00e9 est en vente pour 127 $ en ce moment\",\"datePublished\":\"2025-09-18T13:18:47+00:00\",\"dateModified\":\"2025-09-18T13:18:47+00:00\",\"mainEntityOfPage\":{\"@id\":\"https:\/\/vieassociative.be\/actualites\/ce-kindle-paperwhite-sans-publicite-est-en-vente-pour-127-en-ce-moment\/\"},\"wordCount\":540,\"publisher\":{\"@id\":\"https:\/\/vieassociative.be\/actualites\/#organization\"},\"image\":{\"@id\":\"https:\/\/vieassociative.be\/actualites\/ce-kindle-paperwhite-sans-publicite-est-en-vente-pour-127-en-ce-moment\/#primaryimage\"},\"thumbnailUrl\":\"https:\/\/vieassociative.be\/actualites\/wp-content\/uploads\/2025\/09\/Ce-Kindle-Paperwhite-sans-publicite-est-en-vente-pour-127.png\",\"keywords\":[\"est\",\"Kindle\",\"moment\",\"Paperwhite\",\"pour\",\"publicit\u00e9\",\"sans\",\"vente\"],\"articleSection\":[\"Technologie\"],\"inLanguage\":\"fr-BE\"},{\"@type\":\"WebPage\",\"@id\":\"https:\/\/vieassociative.be\/actualites\/ce-kindle-paperwhite-sans-publicite-est-en-vente-pour-127-en-ce-moment\/\",\"url\":\"https:\/\/vieassociative.be\/actualites\/ce-kindle-paperwhite-sans-publicite-est-en-vente-pour-127-en-ce-moment\/\",\"name\":\"Ce Kindle Paperwhite sans publicit\u00e9 est en vente pour 127 $ en ce moment | Vie Associative\",\"isPartOf\":{\"@id\":\"https:\/\/vieassociative.be\/actualites\/#website\"},\"primaryImageOfPage\":{\"@id\":\"https:\/\/vieassociative.be\/actualites\/ce-kindle-paperwhite-sans-publicite-est-en-vente-pour-127-en-ce-moment\/#primaryimage\"},\"image\":{\"@id\":\"https:\/\/vieassociative.be\/actualites\/ce-kindle-paperwhite-sans-publicite-est-en-vente-pour-127-en-ce-moment\/#primaryimage\"},\"thumbnailUrl\":\"https:\/\/vieassociative.be\/actualites\/wp-content\/uploads\/2025\/09\/Ce-Kindle-Paperwhite-sans-publicite-est-en-vente-pour-127.png\",\"datePublished\":\"2025-09-18T13:18:47+00:00\",\"dateModified\":\"2025-09-18T13:18:47+00:00\",\"breadcrumb\":{\"@id\":\"https:\/\/vieassociative.be\/actualites\/ce-kindle-paperwhite-sans-publicite-est-en-vente-pour-127-en-ce-moment\/#breadcrumb\"},\"inLanguage\":\"fr-BE\",\"potentialAction\":[{\"@type\":\"ReadAction\",\"target\":[\"https:\/\/vieassociative.be\/actualites\/ce-kindle-paperwhite-sans-publicite-est-en-vente-pour-127-en-ce-moment\/\"]}]},{\"@type\":\"ImageObject\",\"inLanguage\":\"fr-BE\",\"@id\":\"https:\/\/vieassociative.be\/actualites\/ce-kindle-paperwhite-sans-publicite-est-en-vente-pour-127-en-ce-moment\/#primaryimage\",\"url\":\"https:\/\/vieassociative.be\/actualites\/wp-content\/uploads\/2025\/09\/Ce-Kindle-Paperwhite-sans-publicite-est-en-vente-pour-127.png\",\"contentUrl\":\"https:\/\/vieassociative.be\/actualites\/wp-content\/uploads\/2025\/09\/Ce-Kindle-Paperwhite-sans-publicite-est-en-vente-pour-127.png\",\"width\":1200,\"height\":675,\"caption\":\"Ce Kindle Paperwhite sans publicit\u00e9 est en vente pour 127 $ en ce moment\"},{\"@type\":\"BreadcrumbList\",\"@id\":\"https:\/\/vieassociative.be\/actualites\/ce-kindle-paperwhite-sans-publicite-est-en-vente-pour-127-en-ce-moment\/#breadcrumb\",\"itemListElement\":[{\"@type\":\"ListItem\",\"position\":1,\"name\":\"Accueil\",\"item\":\"https:\/\/vieassociative.be\/actualites\/\"},{\"@type\":\"ListItem\",\"position\":2,\"name\":\"Ce Kindle Paperwhite sans publicit\u00e9 est en vente pour 127 $ en ce moment\"}]},{\"@type\":\"WebSite\",\"@id\":\"https:\/\/vieassociative.be\/actualites\/#website\",\"url\":\"https:\/\/vieassociative.be\/actualites\/\",\"name\":\"Vie Associative\",\"description\":\"\",\"publisher\":{\"@id\":\"https:\/\/vieassociative.be\/actualites\/#organization\"},\"potentialAction\":[{\"@type\":\"SearchAction\",\"target\":{\"@type\":\"EntryPoint\",\"urlTemplate\":\"https:\/\/vieassociative.be\/actualites\/?s={search_term_string}\"},\"query-input\":{\"@type\":\"PropertyValueSpecification\",\"valueRequired\":true,\"valueName\":\"search_term_string\"}}],\"inLanguage\":\"fr-BE\"},{\"@type\":\"Organization\",\"@id\":\"https:\/\/vieassociative.be\/actualites\/#organization\",\"name\":\"Vie Associative\",\"url\":\"https:\/\/vieassociative.be\/actualites\/\",\"logo\":{\"@type\":\"ImageObject\",\"inLanguage\":\"fr-BE\",\"@id\":\"https:\/\/vieassociative.be\/actualites\/#\/schema\/logo\/image\/\",\"url\":\"https:\/\/vieassociative.be\/actualites\/wp-content\/uploads\/2024\/09\/cropped-vieassociative_favicon.ico.png\",\"contentUrl\":\"https:\/\/vieassociative.be\/actualites\/wp-content\/uploads\/2024\/09\/cropped-vieassociative_favicon.ico.png\",\"width\":512,\"height\":512,\"caption\":\"Vie Associative\"},\"image\":{\"@id\":\"https:\/\/vieassociative.be\/actualites\/#\/schema\/logo\/image\/\"}},{\"@type\":\"Person\",\"@id\":\"https:\/\/vieassociative.be\/actualites\/#\/schema\/person\/b87ac4f82f9d4e7b7cec7395b679edc4\",\"name\":\"Julien\",\"image\":{\"@type\":\"ImageObject\",\"inLanguage\":\"fr-BE\",\"@id\":\"https:\/\/vieassociative.be\/actualites\/#\/schema\/person\/image\/\",\"url\":\"https:\/\/vieassociative.be\/actualites\/wp-content\/uploads\/2024\/09\/vie-associative-1-150x150.jpg\",\"contentUrl\":\"https:\/\/vieassociative.be\/actualites\/wp-content\/uploads\/2024\/09\/vie-associative-1-150x150.jpg\",\"caption\":\"Julien\"},\"description\":\"Je suis Julien, r\u00e9dacteur pour Vie Associative. Passionn\u00e9 par le monde associatif depuis plus de 10 ans, j'ai \u00e0 c\u0153ur de partager des histoires inspirantes et de mettre en lumi\u00e8re les initiatives locales. Mon objectif est de sensibiliser et d'encourager l'engagement communautaire \u00e0 travers mes articles.\",\"sameAs\":[\"https:\/\/vieassociative.be\/\"]}]}<\/script>\n<!-- \/ Yoast SEO plugin. -->","yoast_head_json":{"title":"Ce Kindle Paperwhite sans publicit\u00e9 est en vente pour 127 $ en ce moment | Vie Associative","robots":{"index":"index","follow":"follow","max-snippet":"max-snippet:-1","max-image-preview":"max-image-preview:large","max-video-preview":"max-video-preview:-1"},"canonical":"https:\/\/vieassociative.be\/actualites\/ce-kindle-paperwhite-sans-publicite-est-en-vente-pour-127-en-ce-moment\/","og_locale":"fr_FR","og_type":"article","og_title":"Ce Kindle Paperwhite sans publicit\u00e9 est en vente pour 127 $ en ce moment | Vie Associative","og_description":"Avec cette offre, vous obtenez un Kindle phare r\u00e9nov\u00e9 au prix d&rsquo;un mod\u00e8le de milieu de gamme. Saviez-vous que vous pouvez personnaliser Google pour filtrer","og_url":"https:\/\/vieassociative.be\/actualites\/ce-kindle-paperwhite-sans-publicite-est-en-vente-pour-127-en-ce-moment\/","og_site_name":"Vie Associative","article_published_time":"2025-09-18T13:18:47+00:00","og_image":[{"url":"https:\/\/vieassociative.be\/actualites\/wp-content\/uploads\/2025\/09\/Ce-Kindle-Paperwhite-sans-publicite-est-en-vente-pour-127.jpg","type":"","width":"","height":""}],"author":"Julien","twitter_card":"summary_large_image","twitter_misc":{"\u00c9crit par":"Julien","Dur\u00e9e de lecture est.":"3 minutes"},"schema":{"@context":"https:\/\/schema.org","@graph":[{"@type":"Article","@id":"https:\/\/vieassociative.be\/actualites\/ce-kindle-paperwhite-sans-publicite-est-en-vente-pour-127-en-ce-moment\/#article","isPartOf":{"@id":"https:\/\/vieassociative.be\/actualites\/ce-kindle-paperwhite-sans-publicite-est-en-vente-pour-127-en-ce-moment\/"},"author":{"name":"Julien","@id":"https:\/\/vieassociative.be\/actualites\/#\/schema\/person\/b87ac4f82f9d4e7b7cec7395b679edc4"},"headline":"Ce Kindle Paperwhite sans publicit\u00e9 est en vente pour 127 $ en ce moment","datePublished":"2025-09-18T13:18:47+00:00","dateModified":"2025-09-18T13:18:47+00:00","mainEntityOfPage":{"@id":"https:\/\/vieassociative.be\/actualites\/ce-kindle-paperwhite-sans-publicite-est-en-vente-pour-127-en-ce-moment\/"},"wordCount":540,"publisher":{"@id":"https:\/\/vieassociative.be\/actualites\/#organization"},"image":{"@id":"https:\/\/vieassociative.be\/actualites\/ce-kindle-paperwhite-sans-publicite-est-en-vente-pour-127-en-ce-moment\/#primaryimage"},"thumbnailUrl":"https:\/\/vieassociative.be\/actualites\/wp-content\/uploads\/2025\/09\/Ce-Kindle-Paperwhite-sans-publicite-est-en-vente-pour-127.png","keywords":["est","Kindle","moment","Paperwhite","pour","publicit\u00e9","sans","vente"],"articleSection":["Technologie"],"inLanguage":"fr-BE"},{"@type":"WebPage","@id":"https:\/\/vieassociative.be\/actualites\/ce-kindle-paperwhite-sans-publicite-est-en-vente-pour-127-en-ce-moment\/","url":"https:\/\/vieassociative.be\/actualites\/ce-kindle-paperwhite-sans-publicite-est-en-vente-pour-127-en-ce-moment\/","name":"Ce Kindle Paperwhite sans publicit\u00e9 est en vente pour 127 $ en ce moment | Vie Associative","isPartOf":{"@id":"https:\/\/vieassociative.be\/actualites\/#website"},"primaryImageOfPage":{"@id":"https:\/\/vieassociative.be\/actualites\/ce-kindle-paperwhite-sans-publicite-est-en-vente-pour-127-en-ce-moment\/#primaryimage"},"image":{"@id":"https:\/\/vieassociative.be\/actualites\/ce-kindle-paperwhite-sans-publicite-est-en-vente-pour-127-en-ce-moment\/#primaryimage"},"thumbnailUrl":"https:\/\/vieassociative.be\/actualites\/wp-content\/uploads\/2025\/09\/Ce-Kindle-Paperwhite-sans-publicite-est-en-vente-pour-127.png","datePublished":"2025-09-18T13:18:47+00:00","dateModified":"2025-09-18T13:18:47+00:00","breadcrumb":{"@id":"https:\/\/vieassociative.be\/actualites\/ce-kindle-paperwhite-sans-publicite-est-en-vente-pour-127-en-ce-moment\/#breadcrumb"},"inLanguage":"fr-BE","potentialAction":[{"@type":"ReadAction","target":["https:\/\/vieassociative.be\/actualites\/ce-kindle-paperwhite-sans-publicite-est-en-vente-pour-127-en-ce-moment\/"]}]},{"@type":"ImageObject","inLanguage":"fr-BE","@id":"https:\/\/vieassociative.be\/actualites\/ce-kindle-paperwhite-sans-publicite-est-en-vente-pour-127-en-ce-moment\/#primaryimage","url":"https:\/\/vieassociative.be\/actualites\/wp-content\/uploads\/2025\/09\/Ce-Kindle-Paperwhite-sans-publicite-est-en-vente-pour-127.png","contentUrl":"https:\/\/vieassociative.be\/actualites\/wp-content\/uploads\/2025\/09\/Ce-Kindle-Paperwhite-sans-publicite-est-en-vente-pour-127.png","width":1200,"height":675,"caption":"Ce Kindle Paperwhite sans publicit\u00e9 est en vente pour 127 $ en ce moment"},{"@type":"BreadcrumbList","@id":"https:\/\/vieassociative.be\/actualites\/ce-kindle-paperwhite-sans-publicite-est-en-vente-pour-127-en-ce-moment\/#breadcrumb","itemListElement":[{"@type":"ListItem","position":1,"name":"Accueil","item":"https:\/\/vieassociative.be\/actualites\/"},{"@type":"ListItem","position":2,"name":"Ce Kindle Paperwhite sans publicit\u00e9 est en vente pour 127 $ en ce moment"}]},{"@type":"WebSite","@id":"https:\/\/vieassociative.be\/actualites\/#website","url":"https:\/\/vieassociative.be\/actualites\/","name":"Vie Associative","description":"","publisher":{"@id":"https:\/\/vieassociative.be\/actualites\/#organization"},"potentialAction":[{"@type":"SearchAction","target":{"@type":"EntryPoint","urlTemplate":"https:\/\/vieassociative.be\/actualites\/?s={search_term_string}"},"query-input":{"@type":"PropertyValueSpecification","valueRequired":true,"valueName":"search_term_string"}}],"inLanguage":"fr-BE"},{"@type":"Organization","@id":"https:\/\/vieassociative.be\/actualites\/#organization","name":"Vie Associative","url":"https:\/\/vieassociative.be\/actualites\/","logo":{"@type":"ImageObject","inLanguage":"fr-BE","@id":"https:\/\/vieassociative.be\/actualites\/#\/schema\/logo\/image\/","url":"https:\/\/vieassociative.be\/actualites\/wp-content\/uploads\/2024\/09\/cropped-vieassociative_favicon.ico.png","contentUrl":"https:\/\/vieassociative.be\/actualites\/wp-content\/uploads\/2024\/09\/cropped-vieassociative_favicon.ico.png","width":512,"height":512,"caption":"Vie Associative"},"image":{"@id":"https:\/\/vieassociative.be\/actualites\/#\/schema\/logo\/image\/"}},{"@type":"Person","@id":"https:\/\/vieassociative.be\/actualites\/#\/schema\/person\/b87ac4f82f9d4e7b7cec7395b679edc4","name":"Julien","image":{"@type":"ImageObject","inLanguage":"fr-BE","@id":"https:\/\/vieassociative.be\/actualites\/#\/schema\/person\/image\/","url":"https:\/\/vieassociative.be\/actualites\/wp-content\/uploads\/2024\/09\/vie-associative-1-150x150.jpg","contentUrl":"https:\/\/vieassociative.be\/actualites\/wp-content\/uploads\/2024\/09\/vie-associative-1-150x150.jpg","caption":"Julien"},"description":"Je suis Julien, r\u00e9dacteur pour Vie Associative. Passionn\u00e9 par le monde associatif depuis plus de 10 ans, j'ai \u00e0 c\u0153ur de partager des histoires inspirantes et de mettre en lumi\u00e8re les initiatives locales. Mon objectif est de sensibiliser et d'encourager l'engagement communautaire \u00e0 travers mes articles.","sameAs":["https:\/\/vieassociative.be\/"]}]}},"_links":{"self":[{"href":"https:\/\/vieassociative.be\/actualites\/wp-json\/wp\/v2\/posts\/10112"}],"collection":[{"href":"https:\/\/vieassociative.be\/actualites\/wp-json\/wp\/v2\/posts"}],"about":[{"href":"https:\/\/vieassociative.be\/actualites\/wp-json\/wp\/v2\/types\/post"}],"author":[{"embeddable":true,"href":"https:\/\/vieassociative.be\/actualites\/wp-json\/wp\/v2\/users\/1"}],"replies":[{"embeddable":true,"href":"https:\/\/vieassociative.be\/actualites\/wp-json\/wp\/v2\/comments?post=10112"}],"version-history":[{"count":0,"href":"https:\/\/vieassociative.be\/actualites\/wp-json\/wp\/v2\/posts\/10112\/revisions"}],"wp:featuredmedia":[{"embeddable":true,"href":"https:\/\/vieassociative.be\/actualites\/wp-json\/wp\/v2\/media\/10113"}],"wp:attachment":[{"href":"https:\/\/vieassociative.be\/actualites\/wp-json\/wp\/v2\/media?parent=10112"}],"wp:term":[{"taxonomy":"category","embeddable":true,"href":"https:\/\/vieassociative.be\/actualites\/wp-json\/wp\/v2\/categories?post=10112"},{"taxonomy":"post_tag","embeddable":true,"href":"https:\/\/vieassociative.be\/actualites\/wp-json\/wp\/v2\/tags?post=10112"}],"curies":[{"name":"wp","href":"https:\/\/api.w.org\/{rel}","templated":true}]}}