{"id":10111,"date":"2025-09-18T10:17:12","date_gmt":"2025-09-18T08:17:12","guid":{"rendered":"https:\/\/vieassociative.be\/actualites\/le-calendrier-de-la-ligne-e23-est-optimise-le-1er-octobre-meilleure-connexion-aux-trains-a-eupen\/"},"modified":"2025-09-18T10:17:12","modified_gmt":"2025-09-18T08:17:12","slug":"le-calendrier-de-la-ligne-e23-est-optimise-le-1er-octobre-meilleure-connexion-aux-trains-a-eupen","status":"publish","type":"post","link":"https:\/\/vieassociative.be\/actualites\/le-calendrier-de-la-ligne-e23-est-optimise-le-1er-octobre-meilleure-connexion-aux-trains-a-eupen\/","title":{"rendered":"Le calendrier de la ligne E23 est optimis\u00e9 le 1er octobre: \u200b\u200bmeilleure connexion aux trains \u00e0 Eupen"},"content":{"rendered":"<p><strong>Un signal gratifiant pour les transports publics locaux dans la DG: le calendrier de la ligne de bus E23 est ajust\u00e9 pour le 1er octobre 2025 pour se connecter depuis la connexion du train d&rsquo;Eupen au sud <\/strong><strong>pour am\u00e9liorer la DG.<\/strong><\/p>\n<p><span id=\"more-424821\"><\/span>Le contexte \u00e9tait une demande des citoyens de Saint-Vith, qui a re\u00e7u le cabinet du ministre du tourisme Gregor Scheches (PFF) il y a quelques semaines, qui faisait r\u00e9f\u00e9rence \u00e0 la p\u00e9riode auparavant plus courte. Cela avait r\u00e9guli\u00e8rement conduit \u00e0 des connexions de connexions manqu\u00e9es pendant l&rsquo;acc\u00e8s \u00e0 Eupen &#8211; \u00e0 l&rsquo;inconv\u00e9nient de nombreux passagers.<\/p>\n<div id=\"attachment_424827\" class=\"wp-caption alignleft\" style=\"max-width: 300px\"><img fetchpriority=\"high\" decoding=\"async\" class=\"wp-image-424827 size-medium\" src=\"https:\/\/vieassociative.be\/actualites\/wp-content\/uploads\/2025\/09\/Le-calendrier-de-la-ligne-E23-est-optimise-le-1er.jpg\" alt=\"\" width=\"300\" height=\"200\"  ><\/div>\n<p>Les calendriers du ministre avaient d\u00e9j\u00e0 \u00e9chang\u00e9 divers ajustements dans la r\u00e9gion lors d&rsquo;une r\u00e9union avec les responsables des quartiers Tec Li\u00e8ge. En cons\u00e9quence, les temps de trajet de la ligne E23 ont maintenant \u00e9t\u00e9 r\u00e9vis\u00e9s et d\u00e9plac\u00e9s de 6 minutes, de sorte que les voyageurs en train d&rsquo;arriver \u00e0 Eupen peuvent continuer \u00e0 voyager au sud de la DG \u00e0 l&rsquo;avenir.<\/p>\n<p>D&rsquo;autres sujets de la r\u00e9union avec le TEC sont \u00e9galement \u00e0 l&rsquo;examen. De plus, il est actuellement en cours de v\u00e9rification de la fa\u00e7on dont la jonction dans Hookstrasse \u00e0 Eupen peut \u00eatre mieux indiqu\u00e9e. Parce que encore et encore, il s&rsquo;est produit dans le pass\u00e9 que les passagers ont accidentellement frapp\u00e9 la voie \u00e0 l&rsquo;Eupener Bushof au lieu d&rsquo;attendre \u00e0 l&rsquo;arr\u00eat droit de quelques m\u00e8tres plus loin. L&rsquo;attachement d&rsquo;une carte d&rsquo;information clairement visible est l&rsquo;une des mesures propos\u00e9es qui sont actuellement mises en \u0153uvre<br \/>\n\u00eatre pr\u00eat.<\/p>\n","protected":false},"excerpt":{"rendered":"<p>Un signal gratifiant pour les transports publics locaux dans la DG: le calendrier de la ligne de bus E23 est ajust\u00e9 pour le 1er octobre<\/p>\n","protected":false},"author":1,"featured_media":8529,"comment_status":"","ping_status":"","sticky":false,"template":"","format":"standard","meta":{"footnotes":""},"categories":[298],"tags":[1146,289,3293,1777,6328,76,2329,11,530,1147,8592,8593],"class_list":["post-10111","post","type-post","status-publish","format-standard","has-post-thumbnail","hentry","category-belgique","tag-1er","tag-aux","tag-calendrier","tag-connexion","tag-e23","tag-est","tag-eupen","tag-ligne","tag-meilleure","tag-octobre","tag-optimise","tag-trains","generate-columns","tablet-grid-50","mobile-grid-100","grid-parent","grid-33"],"yoast_head":"<!-- This site is optimized with the Yoast SEO plugin v24.0 - https:\/\/yoast.com\/wordpress\/plugins\/seo\/ -->\n<title>Le calendrier de la ligne E23 est optimis\u00e9 le 1er octobre: \u200b\u200bmeilleure connexion aux trains \u00e0 Eupen | Vie Associative<\/title>\n<meta name=\"robots\" content=\"index, follow, max-snippet:-1, max-image-preview:large, max-video-preview:-1\" \/>\n<link rel=\"canonical\" href=\"https:\/\/vieassociative.be\/actualites\/le-calendrier-de-la-ligne-e23-est-optimise-le-1er-octobre-meilleure-connexion-aux-trains-a-eupen\/\" \/>\n<meta property=\"og:locale\" content=\"fr_FR\" \/>\n<meta property=\"og:type\" content=\"article\" \/>\n<meta property=\"og:title\" content=\"Le calendrier de la ligne E23 est optimis\u00e9 le 1er octobre: \u200b\u200bmeilleure connexion aux trains \u00e0 Eupen | Vie Associative\" \/>\n<meta property=\"og:description\" content=\"Un signal gratifiant pour les transports publics locaux dans la DG: le calendrier de la ligne de bus E23 est ajust\u00e9 pour le 1er octobre\" \/>\n<meta property=\"og:url\" content=\"https:\/\/vieassociative.be\/actualites\/le-calendrier-de-la-ligne-e23-est-optimise-le-1er-octobre-meilleure-connexion-aux-trains-a-eupen\/\" \/>\n<meta property=\"og:site_name\" content=\"Vie Associative\" \/>\n<meta property=\"article:published_time\" content=\"2025-09-18T08:17:12+00:00\" \/>\n<meta property=\"og:image\" content=\"https:\/\/vieassociative.be\/actualites\/wp-content\/uploads\/2024\/09\/header_backgroundk-01-e1726694325946.png\" \/>\n\t<meta property=\"og:image:width\" content=\"279\" \/>\n\t<meta property=\"og:image:height\" content=\"92\" \/>\n\t<meta property=\"og:image:type\" content=\"image\/png\" \/>\n<meta name=\"author\" content=\"Julien\" \/>\n<meta name=\"twitter:card\" content=\"summary_large_image\" \/>\n<meta name=\"twitter:label1\" content=\"\u00c9crit par\" \/>\n\t<meta name=\"twitter:data1\" content=\"Julien\" \/>\n\t<meta name=\"twitter:label2\" content=\"Dur\u00e9e de lecture est.\" \/>\n\t<meta name=\"twitter:data2\" content=\"1 minute\" \/>\n<script type=\"application\/ld+json\" class=\"yoast-schema-graph\">{\"@context\":\"https:\/\/schema.org\",\"@graph\":[{\"@type\":\"Article\",\"@id\":\"https:\/\/vieassociative.be\/actualites\/le-calendrier-de-la-ligne-e23-est-optimise-le-1er-octobre-meilleure-connexion-aux-trains-a-eupen\/#article\",\"isPartOf\":{\"@id\":\"https:\/\/vieassociative.be\/actualites\/le-calendrier-de-la-ligne-e23-est-optimise-le-1er-octobre-meilleure-connexion-aux-trains-a-eupen\/\"},\"author\":{\"name\":\"Julien\",\"@id\":\"https:\/\/vieassociative.be\/actualites\/#\/schema\/person\/b87ac4f82f9d4e7b7cec7395b679edc4\"},\"headline\":\"Le calendrier de la ligne E23 est optimis\u00e9 le 1er octobre: \u200b\u200bmeilleure connexion aux trains \u00e0 Eupen\",\"datePublished\":\"2025-09-18T08:17:12+00:00\",\"dateModified\":\"2025-09-18T08:17:12+00:00\",\"mainEntityOfPage\":{\"@id\":\"https:\/\/vieassociative.be\/actualites\/le-calendrier-de-la-ligne-e23-est-optimise-le-1er-octobre-meilleure-connexion-aux-trains-a-eupen\/\"},\"wordCount\":291,\"publisher\":{\"@id\":\"https:\/\/vieassociative.be\/actualites\/#organization\"},\"image\":{\"@id\":\"https:\/\/vieassociative.be\/actualites\/le-calendrier-de-la-ligne-e23-est-optimise-le-1er-octobre-meilleure-connexion-aux-trains-a-eupen\/#primaryimage\"},\"thumbnailUrl\":\"https:\/\/vieassociative.be\/actualites\/wp-content\/uploads\/2025\/07\/TEC-Lignes-E23-et-394-Le-Model-regional-adjoint-continue.jpg\",\"keywords\":[\"1er\",\"aux\",\"calendrier\",\"connexion\",\"E23\",\"est\",\"Eupen\",\"ligne\",\"meilleure\",\"octobre\",\"optimis\u00e9\",\"trains\"],\"articleSection\":[\"Belgique\"],\"inLanguage\":\"fr-BE\"},{\"@type\":\"WebPage\",\"@id\":\"https:\/\/vieassociative.be\/actualites\/le-calendrier-de-la-ligne-e23-est-optimise-le-1er-octobre-meilleure-connexion-aux-trains-a-eupen\/\",\"url\":\"https:\/\/vieassociative.be\/actualites\/le-calendrier-de-la-ligne-e23-est-optimise-le-1er-octobre-meilleure-connexion-aux-trains-a-eupen\/\",\"name\":\"Le calendrier de la ligne E23 est optimis\u00e9 le 1er octobre: \u200b\u200bmeilleure connexion aux trains \u00e0 Eupen | Vie Associative\",\"isPartOf\":{\"@id\":\"https:\/\/vieassociative.be\/actualites\/#website\"},\"primaryImageOfPage\":{\"@id\":\"https:\/\/vieassociative.be\/actualites\/le-calendrier-de-la-ligne-e23-est-optimise-le-1er-octobre-meilleure-connexion-aux-trains-a-eupen\/#primaryimage\"},\"image\":{\"@id\":\"https:\/\/vieassociative.be\/actualites\/le-calendrier-de-la-ligne-e23-est-optimise-le-1er-octobre-meilleure-connexion-aux-trains-a-eupen\/#primaryimage\"},\"thumbnailUrl\":\"https:\/\/vieassociative.be\/actualites\/wp-content\/uploads\/2025\/07\/TEC-Lignes-E23-et-394-Le-Model-regional-adjoint-continue.jpg\",\"datePublished\":\"2025-09-18T08:17:12+00:00\",\"dateModified\":\"2025-09-18T08:17:12+00:00\",\"breadcrumb\":{\"@id\":\"https:\/\/vieassociative.be\/actualites\/le-calendrier-de-la-ligne-e23-est-optimise-le-1er-octobre-meilleure-connexion-aux-trains-a-eupen\/#breadcrumb\"},\"inLanguage\":\"fr-BE\",\"potentialAction\":[{\"@type\":\"ReadAction\",\"target\":[\"https:\/\/vieassociative.be\/actualites\/le-calendrier-de-la-ligne-e23-est-optimise-le-1er-octobre-meilleure-connexion-aux-trains-a-eupen\/\"]}]},{\"@type\":\"ImageObject\",\"inLanguage\":\"fr-BE\",\"@id\":\"https:\/\/vieassociative.be\/actualites\/le-calendrier-de-la-ligne-e23-est-optimise-le-1er-octobre-meilleure-connexion-aux-trains-a-eupen\/#primaryimage\",\"url\":\"https:\/\/vieassociative.be\/actualites\/wp-content\/uploads\/2025\/07\/TEC-Lignes-E23-et-394-Le-Model-regional-adjoint-continue.jpg\",\"contentUrl\":\"https:\/\/vieassociative.be\/actualites\/wp-content\/uploads\/2025\/07\/TEC-Lignes-E23-et-394-Le-Model-regional-adjoint-continue.jpg\",\"width\":1200,\"height\":800,\"caption\":\"TEC Lignes E23 et 394: Le Model r\u00e9gional adjoint continue d'exhorter le service am\u00e9lior\u00e9\"},{\"@type\":\"BreadcrumbList\",\"@id\":\"https:\/\/vieassociative.be\/actualites\/le-calendrier-de-la-ligne-e23-est-optimise-le-1er-octobre-meilleure-connexion-aux-trains-a-eupen\/#breadcrumb\",\"itemListElement\":[{\"@type\":\"ListItem\",\"position\":1,\"name\":\"Accueil\",\"item\":\"https:\/\/vieassociative.be\/actualites\/\"},{\"@type\":\"ListItem\",\"position\":2,\"name\":\"Le calendrier de la ligne E23 est optimis\u00e9 le 1er octobre: \u200b\u200bmeilleure connexion aux trains \u00e0 Eupen\"}]},{\"@type\":\"WebSite\",\"@id\":\"https:\/\/vieassociative.be\/actualites\/#website\",\"url\":\"https:\/\/vieassociative.be\/actualites\/\",\"name\":\"Vie Associative\",\"description\":\"\",\"publisher\":{\"@id\":\"https:\/\/vieassociative.be\/actualites\/#organization\"},\"potentialAction\":[{\"@type\":\"SearchAction\",\"target\":{\"@type\":\"EntryPoint\",\"urlTemplate\":\"https:\/\/vieassociative.be\/actualites\/?s={search_term_string}\"},\"query-input\":{\"@type\":\"PropertyValueSpecification\",\"valueRequired\":true,\"valueName\":\"search_term_string\"}}],\"inLanguage\":\"fr-BE\"},{\"@type\":\"Organization\",\"@id\":\"https:\/\/vieassociative.be\/actualites\/#organization\",\"name\":\"Vie Associative\",\"url\":\"https:\/\/vieassociative.be\/actualites\/\",\"logo\":{\"@type\":\"ImageObject\",\"inLanguage\":\"fr-BE\",\"@id\":\"https:\/\/vieassociative.be\/actualites\/#\/schema\/logo\/image\/\",\"url\":\"https:\/\/vieassociative.be\/actualites\/wp-content\/uploads\/2024\/09\/cropped-vieassociative_favicon.ico.png\",\"contentUrl\":\"https:\/\/vieassociative.be\/actualites\/wp-content\/uploads\/2024\/09\/cropped-vieassociative_favicon.ico.png\",\"width\":512,\"height\":512,\"caption\":\"Vie Associative\"},\"image\":{\"@id\":\"https:\/\/vieassociative.be\/actualites\/#\/schema\/logo\/image\/\"}},{\"@type\":\"Person\",\"@id\":\"https:\/\/vieassociative.be\/actualites\/#\/schema\/person\/b87ac4f82f9d4e7b7cec7395b679edc4\",\"name\":\"Julien\",\"image\":{\"@type\":\"ImageObject\",\"inLanguage\":\"fr-BE\",\"@id\":\"https:\/\/vieassociative.be\/actualites\/#\/schema\/person\/image\/\",\"url\":\"https:\/\/vieassociative.be\/actualites\/wp-content\/uploads\/2024\/09\/vie-associative-1-150x150.jpg\",\"contentUrl\":\"https:\/\/vieassociative.be\/actualites\/wp-content\/uploads\/2024\/09\/vie-associative-1-150x150.jpg\",\"caption\":\"Julien\"},\"description\":\"Je suis Julien, r\u00e9dacteur pour Vie Associative. Passionn\u00e9 par le monde associatif depuis plus de 10 ans, j'ai \u00e0 c\u0153ur de partager des histoires inspirantes et de mettre en lumi\u00e8re les initiatives locales. Mon objectif est de sensibiliser et d'encourager l'engagement communautaire \u00e0 travers mes articles.\",\"sameAs\":[\"https:\/\/vieassociative.be\/\"]}]}<\/script>\n<!-- \/ Yoast SEO plugin. -->","yoast_head_json":{"title":"Le calendrier de la ligne E23 est optimis\u00e9 le 1er octobre: \u200b\u200bmeilleure connexion aux trains \u00e0 Eupen | Vie Associative","robots":{"index":"index","follow":"follow","max-snippet":"max-snippet:-1","max-image-preview":"max-image-preview:large","max-video-preview":"max-video-preview:-1"},"canonical":"https:\/\/vieassociative.be\/actualites\/le-calendrier-de-la-ligne-e23-est-optimise-le-1er-octobre-meilleure-connexion-aux-trains-a-eupen\/","og_locale":"fr_FR","og_type":"article","og_title":"Le calendrier de la ligne E23 est optimis\u00e9 le 1er octobre: \u200b\u200bmeilleure connexion aux trains \u00e0 Eupen | Vie Associative","og_description":"Un signal gratifiant pour les transports publics locaux dans la DG: le calendrier de la ligne de bus E23 est ajust\u00e9 pour le 1er octobre","og_url":"https:\/\/vieassociative.be\/actualites\/le-calendrier-de-la-ligne-e23-est-optimise-le-1er-octobre-meilleure-connexion-aux-trains-a-eupen\/","og_site_name":"Vie Associative","article_published_time":"2025-09-18T08:17:12+00:00","og_image":[{"width":279,"height":92,"url":"https:\/\/vieassociative.be\/actualites\/wp-content\/uploads\/2024\/09\/header_backgroundk-01-e1726694325946.png","type":"image\/png"}],"author":"Julien","twitter_card":"summary_large_image","twitter_misc":{"\u00c9crit par":"Julien","Dur\u00e9e de lecture est.":"1 minute"},"schema":{"@context":"https:\/\/schema.org","@graph":[{"@type":"Article","@id":"https:\/\/vieassociative.be\/actualites\/le-calendrier-de-la-ligne-e23-est-optimise-le-1er-octobre-meilleure-connexion-aux-trains-a-eupen\/#article","isPartOf":{"@id":"https:\/\/vieassociative.be\/actualites\/le-calendrier-de-la-ligne-e23-est-optimise-le-1er-octobre-meilleure-connexion-aux-trains-a-eupen\/"},"author":{"name":"Julien","@id":"https:\/\/vieassociative.be\/actualites\/#\/schema\/person\/b87ac4f82f9d4e7b7cec7395b679edc4"},"headline":"Le calendrier de la ligne E23 est optimis\u00e9 le 1er octobre: \u200b\u200bmeilleure connexion aux trains \u00e0 Eupen","datePublished":"2025-09-18T08:17:12+00:00","dateModified":"2025-09-18T08:17:12+00:00","mainEntityOfPage":{"@id":"https:\/\/vieassociative.be\/actualites\/le-calendrier-de-la-ligne-e23-est-optimise-le-1er-octobre-meilleure-connexion-aux-trains-a-eupen\/"},"wordCount":291,"publisher":{"@id":"https:\/\/vieassociative.be\/actualites\/#organization"},"image":{"@id":"https:\/\/vieassociative.be\/actualites\/le-calendrier-de-la-ligne-e23-est-optimise-le-1er-octobre-meilleure-connexion-aux-trains-a-eupen\/#primaryimage"},"thumbnailUrl":"https:\/\/vieassociative.be\/actualites\/wp-content\/uploads\/2025\/07\/TEC-Lignes-E23-et-394-Le-Model-regional-adjoint-continue.jpg","keywords":["1er","aux","calendrier","connexion","E23","est","Eupen","ligne","meilleure","octobre","optimis\u00e9","trains"],"articleSection":["Belgique"],"inLanguage":"fr-BE"},{"@type":"WebPage","@id":"https:\/\/vieassociative.be\/actualites\/le-calendrier-de-la-ligne-e23-est-optimise-le-1er-octobre-meilleure-connexion-aux-trains-a-eupen\/","url":"https:\/\/vieassociative.be\/actualites\/le-calendrier-de-la-ligne-e23-est-optimise-le-1er-octobre-meilleure-connexion-aux-trains-a-eupen\/","name":"Le calendrier de la ligne E23 est optimis\u00e9 le 1er octobre: \u200b\u200bmeilleure connexion aux trains \u00e0 Eupen | Vie Associative","isPartOf":{"@id":"https:\/\/vieassociative.be\/actualites\/#website"},"primaryImageOfPage":{"@id":"https:\/\/vieassociative.be\/actualites\/le-calendrier-de-la-ligne-e23-est-optimise-le-1er-octobre-meilleure-connexion-aux-trains-a-eupen\/#primaryimage"},"image":{"@id":"https:\/\/vieassociative.be\/actualites\/le-calendrier-de-la-ligne-e23-est-optimise-le-1er-octobre-meilleure-connexion-aux-trains-a-eupen\/#primaryimage"},"thumbnailUrl":"https:\/\/vieassociative.be\/actualites\/wp-content\/uploads\/2025\/07\/TEC-Lignes-E23-et-394-Le-Model-regional-adjoint-continue.jpg","datePublished":"2025-09-18T08:17:12+00:00","dateModified":"2025-09-18T08:17:12+00:00","breadcrumb":{"@id":"https:\/\/vieassociative.be\/actualites\/le-calendrier-de-la-ligne-e23-est-optimise-le-1er-octobre-meilleure-connexion-aux-trains-a-eupen\/#breadcrumb"},"inLanguage":"fr-BE","potentialAction":[{"@type":"ReadAction","target":["https:\/\/vieassociative.be\/actualites\/le-calendrier-de-la-ligne-e23-est-optimise-le-1er-octobre-meilleure-connexion-aux-trains-a-eupen\/"]}]},{"@type":"ImageObject","inLanguage":"fr-BE","@id":"https:\/\/vieassociative.be\/actualites\/le-calendrier-de-la-ligne-e23-est-optimise-le-1er-octobre-meilleure-connexion-aux-trains-a-eupen\/#primaryimage","url":"https:\/\/vieassociative.be\/actualites\/wp-content\/uploads\/2025\/07\/TEC-Lignes-E23-et-394-Le-Model-regional-adjoint-continue.jpg","contentUrl":"https:\/\/vieassociative.be\/actualites\/wp-content\/uploads\/2025\/07\/TEC-Lignes-E23-et-394-Le-Model-regional-adjoint-continue.jpg","width":1200,"height":800,"caption":"TEC Lignes E23 et 394: Le Model r\u00e9gional adjoint continue d'exhorter le service am\u00e9lior\u00e9"},{"@type":"BreadcrumbList","@id":"https:\/\/vieassociative.be\/actualites\/le-calendrier-de-la-ligne-e23-est-optimise-le-1er-octobre-meilleure-connexion-aux-trains-a-eupen\/#breadcrumb","itemListElement":[{"@type":"ListItem","position":1,"name":"Accueil","item":"https:\/\/vieassociative.be\/actualites\/"},{"@type":"ListItem","position":2,"name":"Le calendrier de la ligne E23 est optimis\u00e9 le 1er octobre: \u200b\u200bmeilleure connexion aux trains \u00e0 Eupen"}]},{"@type":"WebSite","@id":"https:\/\/vieassociative.be\/actualites\/#website","url":"https:\/\/vieassociative.be\/actualites\/","name":"Vie Associative","description":"","publisher":{"@id":"https:\/\/vieassociative.be\/actualites\/#organization"},"potentialAction":[{"@type":"SearchAction","target":{"@type":"EntryPoint","urlTemplate":"https:\/\/vieassociative.be\/actualites\/?s={search_term_string}"},"query-input":{"@type":"PropertyValueSpecification","valueRequired":true,"valueName":"search_term_string"}}],"inLanguage":"fr-BE"},{"@type":"Organization","@id":"https:\/\/vieassociative.be\/actualites\/#organization","name":"Vie Associative","url":"https:\/\/vieassociative.be\/actualites\/","logo":{"@type":"ImageObject","inLanguage":"fr-BE","@id":"https:\/\/vieassociative.be\/actualites\/#\/schema\/logo\/image\/","url":"https:\/\/vieassociative.be\/actualites\/wp-content\/uploads\/2024\/09\/cropped-vieassociative_favicon.ico.png","contentUrl":"https:\/\/vieassociative.be\/actualites\/wp-content\/uploads\/2024\/09\/cropped-vieassociative_favicon.ico.png","width":512,"height":512,"caption":"Vie Associative"},"image":{"@id":"https:\/\/vieassociative.be\/actualites\/#\/schema\/logo\/image\/"}},{"@type":"Person","@id":"https:\/\/vieassociative.be\/actualites\/#\/schema\/person\/b87ac4f82f9d4e7b7cec7395b679edc4","name":"Julien","image":{"@type":"ImageObject","inLanguage":"fr-BE","@id":"https:\/\/vieassociative.be\/actualites\/#\/schema\/person\/image\/","url":"https:\/\/vieassociative.be\/actualites\/wp-content\/uploads\/2024\/09\/vie-associative-1-150x150.jpg","contentUrl":"https:\/\/vieassociative.be\/actualites\/wp-content\/uploads\/2024\/09\/vie-associative-1-150x150.jpg","caption":"Julien"},"description":"Je suis Julien, r\u00e9dacteur pour Vie Associative. Passionn\u00e9 par le monde associatif depuis plus de 10 ans, j'ai \u00e0 c\u0153ur de partager des histoires inspirantes et de mettre en lumi\u00e8re les initiatives locales. Mon objectif est de sensibiliser et d'encourager l'engagement communautaire \u00e0 travers mes articles.","sameAs":["https:\/\/vieassociative.be\/"]}]}},"_links":{"self":[{"href":"https:\/\/vieassociative.be\/actualites\/wp-json\/wp\/v2\/posts\/10111"}],"collection":[{"href":"https:\/\/vieassociative.be\/actualites\/wp-json\/wp\/v2\/posts"}],"about":[{"href":"https:\/\/vieassociative.be\/actualites\/wp-json\/wp\/v2\/types\/post"}],"author":[{"embeddable":true,"href":"https:\/\/vieassociative.be\/actualites\/wp-json\/wp\/v2\/users\/1"}],"replies":[{"embeddable":true,"href":"https:\/\/vieassociative.be\/actualites\/wp-json\/wp\/v2\/comments?post=10111"}],"version-history":[{"count":0,"href":"https:\/\/vieassociative.be\/actualites\/wp-json\/wp\/v2\/posts\/10111\/revisions"}],"wp:featuredmedia":[{"embeddable":true,"href":"https:\/\/vieassociative.be\/actualites\/wp-json\/wp\/v2\/media\/8529"}],"wp:attachment":[{"href":"https:\/\/vieassociative.be\/actualites\/wp-json\/wp\/v2\/media?parent=10111"}],"wp:term":[{"taxonomy":"category","embeddable":true,"href":"https:\/\/vieassociative.be\/actualites\/wp-json\/wp\/v2\/categories?post=10111"},{"taxonomy":"post_tag","embeddable":true,"href":"https:\/\/vieassociative.be\/actualites\/wp-json\/wp\/v2\/tags?post=10111"}],"curies":[{"name":"wp","href":"https:\/\/api.w.org\/{rel}","templated":true}]}}