{"id":1011,"date":"2024-10-09T03:28:14","date_gmt":"2024-10-09T01:28:14","guid":{"rendered":"https:\/\/vieassociative.be\/actualites\/appelez-ce-numero-pour-obtenir-un-discours-dencouragement-de-la-part-des-eleves-de-la-maternelle\/"},"modified":"2024-10-09T03:28:14","modified_gmt":"2024-10-09T01:28:14","slug":"appelez-ce-numero-pour-obtenir-un-discours-dencouragement-de-la-part-des-eleves-de-la-maternelle","status":"publish","type":"post","link":"https:\/\/vieassociative.be\/actualites\/appelez-ce-numero-pour-obtenir-un-discours-dencouragement-de-la-part-des-eleves-de-la-maternelle\/","title":{"rendered":"Appelez ce num\u00e9ro pour obtenir un discours d&rsquo;encouragement de la part des \u00e9l\u00e8ves de la maternelle"},"content":{"rendered":"<div class=\"mt-4 leading-6 md:mb-8\">Parfois, vous avez besoin du point de vue de ceux qui comprennent.<\/div>\n<p><\/p>\n<p>\u00catre adulte en 2022 est stressant. Il y a un <em>parcelle<\/em> ce qui se passe dans et autour de nos vies, et il est facile de se sentir d\u00e9pass\u00e9 par tout cela. Si vous vous trouvez dans un tel \u00e9tat, vous pourriez faire un discours d&rsquo;encouragement. Plus pr\u00e9cis\u00e9ment, un discours d\u2019encouragement d\u2019un \u00e9l\u00e8ve de maternelle.<\/p>\n<p>\u00ab\u00a0Peptoc\u00a0\u00bb est une ligne d&rsquo;assistance t\u00e9l\u00e9phonique lanc\u00e9e par Asherah Weiss et Jessica Martin, professeures d&rsquo;art \u00e0 la West Side Elementary School de Healdsburg, en Californie. Elles ont \u00e9t\u00e9 impressionn\u00e9es par la r\u00e9silience dont leurs \u00e9l\u00e8ves ont fait preuve lors d&rsquo;\u00e9v\u00e9nements n\u00e9gatifs comme la pand\u00e9mie et les incendies de for\u00eat en Californie. Ils ont travaill\u00e9 avec ces \u00e9tudiants pour enregistrer des messages positifs destin\u00e9s aux personnes qui ont besoin d\u2019un petit coup de pouce dans leur journ\u00e9e. C&rsquo;est aussi adorable que \u00e7a en a l&rsquo;air.<\/p>\n<p>Lorsque vous appelez pour la premi\u00e8re fois la hotline, (707) 873-7862, vous \u00eates accueilli par un message joyeux : \u00ab Bonjour, bienvenue chez Peptoc ! Un projet d\u2019art public de la Westside School\u00a0!\u00a0\u00bb \u00c0 partir de l\u00e0, vous entendrez diff\u00e9rentes options de discours d\u2019encouragement, en fonction de votre humeur actuelle.<\/p>\n<ul>\n<li>\n<p>Appuyez sur 1 si vous vous sentez en col\u00e8re, frustr\u00e9 ou nerveux.<\/p>\n<\/li>\n<li>\n<p>Appuyez sur 2 si vous avez besoin de mots d\u2019encouragement ou de conseils de vie. <\/p>\n<\/li>\n<li>\n<p>Appuyez sur 3 si vous avez besoin d\u2019un discours d\u2019encouragement de la part des enfants de la maternelle.<\/p>\n<\/li>\n<li>\n<p>Appuyez sur 4 si vous avez besoin d\u2019entendre les enfants rire de joie. <\/p>\n<\/li>\n<li>\n<p>Appuyez sur 5 pour des encouragements en espagnol. <\/p>\n<\/li>\n<li>\n<p>Appuyez sur 6 pour savoir \u00e0 quel point vous \u00eates superbe.<\/p>\n<\/li>\n<li>\n<p>Appuyez sur 7 pour des discussions d\u2019encouragement bonus.<\/p>\n<\/li>\n<\/ul>\n<p>Avec chaque option, vous entendrez des mots d&rsquo;encouragement non \u00e9crits de la part d&rsquo;\u00e9l\u00e8ves du primaire. Vous pouvez vous attendre \u00e0 des affirmations telles que \u00ab Madame, vous allez tr\u00e8s bien \u00bb, ainsi qu&rsquo;\u00e0 des conseils tels que \u00ab Si vous \u00eates nerveuse, allez chercher votre portefeuille et d\u00e9pensez-le en glaces et en jus \u00bb. Sage au-del\u00e0 de leurs ann\u00e9es. <\/p>\n<p>Bien qu&rsquo;il existe sept options diff\u00e9rentes \u00e0 essayer, il ne faut pas longtemps pour les \u00e9couter toutes. Si vous avez besoin d\u2019un regain d\u2019humeur, cela vaut vraiment le coup. Ces options sont \u00e9galement toutes pr\u00e9enregistr\u00e9es, vous pouvez donc y revenir \u00e0 tout moment pour entendre vos favoris.<\/p>\n<p>Maintenant, si vous voulez bien m&rsquo;excuser, je pars acheter de la glace et du jus.<\/p>\n","protected":false},"excerpt":{"rendered":"<p>Parfois, vous avez besoin du point de vue de ceux qui comprennent. \u00catre adulte en 2022 est stressant. Il y a un parcelle ce qui<\/p>\n","protected":false},"author":1,"featured_media":1012,"comment_status":"","ping_status":"","sticky":false,"template":"","format":"standard","meta":{"footnotes":""},"categories":[1],"tags":[1549,1552,29,1551,1554,1555,1550,227,1553,81],"class_list":["post-1011","post","type-post","status-publish","format-standard","has-post-thumbnail","hentry","category-non-classe","tag-appelez","tag-dencouragement","tag-des","tag-discours","tag-eleves","tag-maternelle","tag-numero","tag-obtenir","tag-part","tag-pour","generate-columns","tablet-grid-50","mobile-grid-100","grid-parent","grid-33"],"yoast_head":"<!-- This site is optimized with the Yoast SEO plugin v24.0 - https:\/\/yoast.com\/wordpress\/plugins\/seo\/ -->\n<title>Appelez ce num\u00e9ro pour obtenir un discours d&#039;encouragement de la part des \u00e9l\u00e8ves de la maternelle | Vie Associative<\/title>\n<meta name=\"robots\" content=\"index, follow, max-snippet:-1, max-image-preview:large, max-video-preview:-1\" \/>\n<link rel=\"canonical\" href=\"https:\/\/vieassociative.be\/actualites\/appelez-ce-numero-pour-obtenir-un-discours-dencouragement-de-la-part-des-eleves-de-la-maternelle\/\" \/>\n<meta property=\"og:locale\" content=\"fr_FR\" \/>\n<meta property=\"og:type\" content=\"article\" \/>\n<meta property=\"og:title\" content=\"Appelez ce num\u00e9ro pour obtenir un discours d&#039;encouragement de la part des \u00e9l\u00e8ves de la maternelle | Vie Associative\" \/>\n<meta property=\"og:description\" content=\"Parfois, vous avez besoin du point de vue de ceux qui comprennent. \u00catre adulte en 2022 est stressant. Il y a un parcelle ce qui\" \/>\n<meta property=\"og:url\" content=\"https:\/\/vieassociative.be\/actualites\/appelez-ce-numero-pour-obtenir-un-discours-dencouragement-de-la-part-des-eleves-de-la-maternelle\/\" \/>\n<meta property=\"og:site_name\" content=\"Vie Associative\" \/>\n<meta property=\"article:published_time\" content=\"2024-10-09T01:28:14+00:00\" \/>\n<meta property=\"og:image\" content=\"https:\/\/vieassociative.be\/actualites\/wp-content\/uploads\/2024\/09\/header_backgroundk-01-e1726694325946.png\" \/>\n\t<meta property=\"og:image:width\" content=\"279\" \/>\n\t<meta property=\"og:image:height\" content=\"92\" \/>\n\t<meta property=\"og:image:type\" content=\"image\/png\" \/>\n<meta name=\"author\" content=\"Julien\" \/>\n<meta name=\"twitter:card\" content=\"summary_large_image\" \/>\n<meta name=\"twitter:label1\" content=\"\u00c9crit par\" \/>\n\t<meta name=\"twitter:data1\" content=\"Julien\" \/>\n\t<meta name=\"twitter:label2\" content=\"Dur\u00e9e de lecture est.\" \/>\n\t<meta name=\"twitter:data2\" content=\"2 minutes\" \/>\n<script type=\"application\/ld+json\" class=\"yoast-schema-graph\">{\"@context\":\"https:\/\/schema.org\",\"@graph\":[{\"@type\":\"Article\",\"@id\":\"https:\/\/vieassociative.be\/actualites\/appelez-ce-numero-pour-obtenir-un-discours-dencouragement-de-la-part-des-eleves-de-la-maternelle\/#article\",\"isPartOf\":{\"@id\":\"https:\/\/vieassociative.be\/actualites\/appelez-ce-numero-pour-obtenir-un-discours-dencouragement-de-la-part-des-eleves-de-la-maternelle\/\"},\"author\":{\"name\":\"Julien\",\"@id\":\"https:\/\/vieassociative.be\/actualites\/#\/schema\/person\/b87ac4f82f9d4e7b7cec7395b679edc4\"},\"headline\":\"Appelez ce num\u00e9ro pour obtenir un discours d&rsquo;encouragement de la part des \u00e9l\u00e8ves de la maternelle\",\"datePublished\":\"2024-10-09T01:28:14+00:00\",\"dateModified\":\"2024-10-09T01:28:14+00:00\",\"mainEntityOfPage\":{\"@id\":\"https:\/\/vieassociative.be\/actualites\/appelez-ce-numero-pour-obtenir-un-discours-dencouragement-de-la-part-des-eleves-de-la-maternelle\/\"},\"wordCount\":453,\"publisher\":{\"@id\":\"https:\/\/vieassociative.be\/actualites\/#organization\"},\"image\":{\"@id\":\"https:\/\/vieassociative.be\/actualites\/appelez-ce-numero-pour-obtenir-un-discours-dencouragement-de-la-part-des-eleves-de-la-maternelle\/#primaryimage\"},\"thumbnailUrl\":\"https:\/\/vieassociative.be\/actualites\/wp-content\/uploads\/2024\/10\/Appelez-ce-numero-pour-obtenir-un-discours-dencouragement-de-la.jpg\",\"keywords\":[\"Appelez\",\"dencouragement\",\"Des\",\"discours\",\"\u00e9l\u00e8ves\",\"maternelle\",\"num\u00e9ro\",\"obtenir\",\"part\",\"pour\"],\"inLanguage\":\"fr-BE\"},{\"@type\":\"WebPage\",\"@id\":\"https:\/\/vieassociative.be\/actualites\/appelez-ce-numero-pour-obtenir-un-discours-dencouragement-de-la-part-des-eleves-de-la-maternelle\/\",\"url\":\"https:\/\/vieassociative.be\/actualites\/appelez-ce-numero-pour-obtenir-un-discours-dencouragement-de-la-part-des-eleves-de-la-maternelle\/\",\"name\":\"Appelez ce num\u00e9ro pour obtenir un discours d'encouragement de la part des \u00e9l\u00e8ves de la maternelle | Vie Associative\",\"isPartOf\":{\"@id\":\"https:\/\/vieassociative.be\/actualites\/#website\"},\"primaryImageOfPage\":{\"@id\":\"https:\/\/vieassociative.be\/actualites\/appelez-ce-numero-pour-obtenir-un-discours-dencouragement-de-la-part-des-eleves-de-la-maternelle\/#primaryimage\"},\"image\":{\"@id\":\"https:\/\/vieassociative.be\/actualites\/appelez-ce-numero-pour-obtenir-un-discours-dencouragement-de-la-part-des-eleves-de-la-maternelle\/#primaryimage\"},\"thumbnailUrl\":\"https:\/\/vieassociative.be\/actualites\/wp-content\/uploads\/2024\/10\/Appelez-ce-numero-pour-obtenir-un-discours-dencouragement-de-la.jpg\",\"datePublished\":\"2024-10-09T01:28:14+00:00\",\"dateModified\":\"2024-10-09T01:28:14+00:00\",\"breadcrumb\":{\"@id\":\"https:\/\/vieassociative.be\/actualites\/appelez-ce-numero-pour-obtenir-un-discours-dencouragement-de-la-part-des-eleves-de-la-maternelle\/#breadcrumb\"},\"inLanguage\":\"fr-BE\",\"potentialAction\":[{\"@type\":\"ReadAction\",\"target\":[\"https:\/\/vieassociative.be\/actualites\/appelez-ce-numero-pour-obtenir-un-discours-dencouragement-de-la-part-des-eleves-de-la-maternelle\/\"]}]},{\"@type\":\"ImageObject\",\"inLanguage\":\"fr-BE\",\"@id\":\"https:\/\/vieassociative.be\/actualites\/appelez-ce-numero-pour-obtenir-un-discours-dencouragement-de-la-part-des-eleves-de-la-maternelle\/#primaryimage\",\"url\":\"https:\/\/vieassociative.be\/actualites\/wp-content\/uploads\/2024\/10\/Appelez-ce-numero-pour-obtenir-un-discours-dencouragement-de-la.jpg\",\"contentUrl\":\"https:\/\/vieassociative.be\/actualites\/wp-content\/uploads\/2024\/10\/Appelez-ce-numero-pour-obtenir-un-discours-dencouragement-de-la.jpg\",\"width\":1200,\"height\":675,\"caption\":\"Appelez ce num\u00e9ro pour obtenir un discours d'encouragement de la part des \u00e9l\u00e8ves de la maternelle\"},{\"@type\":\"BreadcrumbList\",\"@id\":\"https:\/\/vieassociative.be\/actualites\/appelez-ce-numero-pour-obtenir-un-discours-dencouragement-de-la-part-des-eleves-de-la-maternelle\/#breadcrumb\",\"itemListElement\":[{\"@type\":\"ListItem\",\"position\":1,\"name\":\"Accueil\",\"item\":\"https:\/\/vieassociative.be\/actualites\/\"},{\"@type\":\"ListItem\",\"position\":2,\"name\":\"Appelez ce num\u00e9ro pour obtenir un discours d&rsquo;encouragement de la part des \u00e9l\u00e8ves de la maternelle\"}]},{\"@type\":\"WebSite\",\"@id\":\"https:\/\/vieassociative.be\/actualites\/#website\",\"url\":\"https:\/\/vieassociative.be\/actualites\/\",\"name\":\"Vie Associative\",\"description\":\"\",\"publisher\":{\"@id\":\"https:\/\/vieassociative.be\/actualites\/#organization\"},\"potentialAction\":[{\"@type\":\"SearchAction\",\"target\":{\"@type\":\"EntryPoint\",\"urlTemplate\":\"https:\/\/vieassociative.be\/actualites\/?s={search_term_string}\"},\"query-input\":{\"@type\":\"PropertyValueSpecification\",\"valueRequired\":true,\"valueName\":\"search_term_string\"}}],\"inLanguage\":\"fr-BE\"},{\"@type\":\"Organization\",\"@id\":\"https:\/\/vieassociative.be\/actualites\/#organization\",\"name\":\"Vie Associative\",\"url\":\"https:\/\/vieassociative.be\/actualites\/\",\"logo\":{\"@type\":\"ImageObject\",\"inLanguage\":\"fr-BE\",\"@id\":\"https:\/\/vieassociative.be\/actualites\/#\/schema\/logo\/image\/\",\"url\":\"https:\/\/vieassociative.be\/actualites\/wp-content\/uploads\/2024\/09\/cropped-vieassociative_favicon.ico.png\",\"contentUrl\":\"https:\/\/vieassociative.be\/actualites\/wp-content\/uploads\/2024\/09\/cropped-vieassociative_favicon.ico.png\",\"width\":512,\"height\":512,\"caption\":\"Vie Associative\"},\"image\":{\"@id\":\"https:\/\/vieassociative.be\/actualites\/#\/schema\/logo\/image\/\"}},{\"@type\":\"Person\",\"@id\":\"https:\/\/vieassociative.be\/actualites\/#\/schema\/person\/b87ac4f82f9d4e7b7cec7395b679edc4\",\"name\":\"Julien\",\"image\":{\"@type\":\"ImageObject\",\"inLanguage\":\"fr-BE\",\"@id\":\"https:\/\/vieassociative.be\/actualites\/#\/schema\/person\/image\/\",\"url\":\"https:\/\/vieassociative.be\/actualites\/wp-content\/uploads\/2024\/09\/vie-associative-1-150x150.jpg\",\"contentUrl\":\"https:\/\/vieassociative.be\/actualites\/wp-content\/uploads\/2024\/09\/vie-associative-1-150x150.jpg\",\"caption\":\"Julien\"},\"description\":\"Je suis Julien, r\u00e9dacteur pour Vie Associative. Passionn\u00e9 par le monde associatif depuis plus de 10 ans, j'ai \u00e0 c\u0153ur de partager des histoires inspirantes et de mettre en lumi\u00e8re les initiatives locales. Mon objectif est de sensibiliser et d'encourager l'engagement communautaire \u00e0 travers mes articles.\",\"sameAs\":[\"https:\/\/vieassociative.be\/\"]}]}<\/script>\n<!-- \/ Yoast SEO plugin. -->","yoast_head_json":{"title":"Appelez ce num\u00e9ro pour obtenir un discours d'encouragement de la part des \u00e9l\u00e8ves de la maternelle | Vie Associative","robots":{"index":"index","follow":"follow","max-snippet":"max-snippet:-1","max-image-preview":"max-image-preview:large","max-video-preview":"max-video-preview:-1"},"canonical":"https:\/\/vieassociative.be\/actualites\/appelez-ce-numero-pour-obtenir-un-discours-dencouragement-de-la-part-des-eleves-de-la-maternelle\/","og_locale":"fr_FR","og_type":"article","og_title":"Appelez ce num\u00e9ro pour obtenir un discours d'encouragement de la part des \u00e9l\u00e8ves de la maternelle | Vie Associative","og_description":"Parfois, vous avez besoin du point de vue de ceux qui comprennent. \u00catre adulte en 2022 est stressant. Il y a un parcelle ce qui","og_url":"https:\/\/vieassociative.be\/actualites\/appelez-ce-numero-pour-obtenir-un-discours-dencouragement-de-la-part-des-eleves-de-la-maternelle\/","og_site_name":"Vie Associative","article_published_time":"2024-10-09T01:28:14+00:00","og_image":[{"width":279,"height":92,"url":"https:\/\/vieassociative.be\/actualites\/wp-content\/uploads\/2024\/09\/header_backgroundk-01-e1726694325946.png","type":"image\/png"}],"author":"Julien","twitter_card":"summary_large_image","twitter_misc":{"\u00c9crit par":"Julien","Dur\u00e9e de lecture est.":"2 minutes"},"schema":{"@context":"https:\/\/schema.org","@graph":[{"@type":"Article","@id":"https:\/\/vieassociative.be\/actualites\/appelez-ce-numero-pour-obtenir-un-discours-dencouragement-de-la-part-des-eleves-de-la-maternelle\/#article","isPartOf":{"@id":"https:\/\/vieassociative.be\/actualites\/appelez-ce-numero-pour-obtenir-un-discours-dencouragement-de-la-part-des-eleves-de-la-maternelle\/"},"author":{"name":"Julien","@id":"https:\/\/vieassociative.be\/actualites\/#\/schema\/person\/b87ac4f82f9d4e7b7cec7395b679edc4"},"headline":"Appelez ce num\u00e9ro pour obtenir un discours d&rsquo;encouragement de la part des \u00e9l\u00e8ves de la maternelle","datePublished":"2024-10-09T01:28:14+00:00","dateModified":"2024-10-09T01:28:14+00:00","mainEntityOfPage":{"@id":"https:\/\/vieassociative.be\/actualites\/appelez-ce-numero-pour-obtenir-un-discours-dencouragement-de-la-part-des-eleves-de-la-maternelle\/"},"wordCount":453,"publisher":{"@id":"https:\/\/vieassociative.be\/actualites\/#organization"},"image":{"@id":"https:\/\/vieassociative.be\/actualites\/appelez-ce-numero-pour-obtenir-un-discours-dencouragement-de-la-part-des-eleves-de-la-maternelle\/#primaryimage"},"thumbnailUrl":"https:\/\/vieassociative.be\/actualites\/wp-content\/uploads\/2024\/10\/Appelez-ce-numero-pour-obtenir-un-discours-dencouragement-de-la.jpg","keywords":["Appelez","dencouragement","Des","discours","\u00e9l\u00e8ves","maternelle","num\u00e9ro","obtenir","part","pour"],"inLanguage":"fr-BE"},{"@type":"WebPage","@id":"https:\/\/vieassociative.be\/actualites\/appelez-ce-numero-pour-obtenir-un-discours-dencouragement-de-la-part-des-eleves-de-la-maternelle\/","url":"https:\/\/vieassociative.be\/actualites\/appelez-ce-numero-pour-obtenir-un-discours-dencouragement-de-la-part-des-eleves-de-la-maternelle\/","name":"Appelez ce num\u00e9ro pour obtenir un discours d'encouragement de la part des \u00e9l\u00e8ves de la maternelle | Vie Associative","isPartOf":{"@id":"https:\/\/vieassociative.be\/actualites\/#website"},"primaryImageOfPage":{"@id":"https:\/\/vieassociative.be\/actualites\/appelez-ce-numero-pour-obtenir-un-discours-dencouragement-de-la-part-des-eleves-de-la-maternelle\/#primaryimage"},"image":{"@id":"https:\/\/vieassociative.be\/actualites\/appelez-ce-numero-pour-obtenir-un-discours-dencouragement-de-la-part-des-eleves-de-la-maternelle\/#primaryimage"},"thumbnailUrl":"https:\/\/vieassociative.be\/actualites\/wp-content\/uploads\/2024\/10\/Appelez-ce-numero-pour-obtenir-un-discours-dencouragement-de-la.jpg","datePublished":"2024-10-09T01:28:14+00:00","dateModified":"2024-10-09T01:28:14+00:00","breadcrumb":{"@id":"https:\/\/vieassociative.be\/actualites\/appelez-ce-numero-pour-obtenir-un-discours-dencouragement-de-la-part-des-eleves-de-la-maternelle\/#breadcrumb"},"inLanguage":"fr-BE","potentialAction":[{"@type":"ReadAction","target":["https:\/\/vieassociative.be\/actualites\/appelez-ce-numero-pour-obtenir-un-discours-dencouragement-de-la-part-des-eleves-de-la-maternelle\/"]}]},{"@type":"ImageObject","inLanguage":"fr-BE","@id":"https:\/\/vieassociative.be\/actualites\/appelez-ce-numero-pour-obtenir-un-discours-dencouragement-de-la-part-des-eleves-de-la-maternelle\/#primaryimage","url":"https:\/\/vieassociative.be\/actualites\/wp-content\/uploads\/2024\/10\/Appelez-ce-numero-pour-obtenir-un-discours-dencouragement-de-la.jpg","contentUrl":"https:\/\/vieassociative.be\/actualites\/wp-content\/uploads\/2024\/10\/Appelez-ce-numero-pour-obtenir-un-discours-dencouragement-de-la.jpg","width":1200,"height":675,"caption":"Appelez ce num\u00e9ro pour obtenir un discours d'encouragement de la part des \u00e9l\u00e8ves de la maternelle"},{"@type":"BreadcrumbList","@id":"https:\/\/vieassociative.be\/actualites\/appelez-ce-numero-pour-obtenir-un-discours-dencouragement-de-la-part-des-eleves-de-la-maternelle\/#breadcrumb","itemListElement":[{"@type":"ListItem","position":1,"name":"Accueil","item":"https:\/\/vieassociative.be\/actualites\/"},{"@type":"ListItem","position":2,"name":"Appelez ce num\u00e9ro pour obtenir un discours d&rsquo;encouragement de la part des \u00e9l\u00e8ves de la maternelle"}]},{"@type":"WebSite","@id":"https:\/\/vieassociative.be\/actualites\/#website","url":"https:\/\/vieassociative.be\/actualites\/","name":"Vie Associative","description":"","publisher":{"@id":"https:\/\/vieassociative.be\/actualites\/#organization"},"potentialAction":[{"@type":"SearchAction","target":{"@type":"EntryPoint","urlTemplate":"https:\/\/vieassociative.be\/actualites\/?s={search_term_string}"},"query-input":{"@type":"PropertyValueSpecification","valueRequired":true,"valueName":"search_term_string"}}],"inLanguage":"fr-BE"},{"@type":"Organization","@id":"https:\/\/vieassociative.be\/actualites\/#organization","name":"Vie Associative","url":"https:\/\/vieassociative.be\/actualites\/","logo":{"@type":"ImageObject","inLanguage":"fr-BE","@id":"https:\/\/vieassociative.be\/actualites\/#\/schema\/logo\/image\/","url":"https:\/\/vieassociative.be\/actualites\/wp-content\/uploads\/2024\/09\/cropped-vieassociative_favicon.ico.png","contentUrl":"https:\/\/vieassociative.be\/actualites\/wp-content\/uploads\/2024\/09\/cropped-vieassociative_favicon.ico.png","width":512,"height":512,"caption":"Vie Associative"},"image":{"@id":"https:\/\/vieassociative.be\/actualites\/#\/schema\/logo\/image\/"}},{"@type":"Person","@id":"https:\/\/vieassociative.be\/actualites\/#\/schema\/person\/b87ac4f82f9d4e7b7cec7395b679edc4","name":"Julien","image":{"@type":"ImageObject","inLanguage":"fr-BE","@id":"https:\/\/vieassociative.be\/actualites\/#\/schema\/person\/image\/","url":"https:\/\/vieassociative.be\/actualites\/wp-content\/uploads\/2024\/09\/vie-associative-1-150x150.jpg","contentUrl":"https:\/\/vieassociative.be\/actualites\/wp-content\/uploads\/2024\/09\/vie-associative-1-150x150.jpg","caption":"Julien"},"description":"Je suis Julien, r\u00e9dacteur pour Vie Associative. Passionn\u00e9 par le monde associatif depuis plus de 10 ans, j'ai \u00e0 c\u0153ur de partager des histoires inspirantes et de mettre en lumi\u00e8re les initiatives locales. Mon objectif est de sensibiliser et d'encourager l'engagement communautaire \u00e0 travers mes articles.","sameAs":["https:\/\/vieassociative.be\/"]}]}},"_links":{"self":[{"href":"https:\/\/vieassociative.be\/actualites\/wp-json\/wp\/v2\/posts\/1011"}],"collection":[{"href":"https:\/\/vieassociative.be\/actualites\/wp-json\/wp\/v2\/posts"}],"about":[{"href":"https:\/\/vieassociative.be\/actualites\/wp-json\/wp\/v2\/types\/post"}],"author":[{"embeddable":true,"href":"https:\/\/vieassociative.be\/actualites\/wp-json\/wp\/v2\/users\/1"}],"replies":[{"embeddable":true,"href":"https:\/\/vieassociative.be\/actualites\/wp-json\/wp\/v2\/comments?post=1011"}],"version-history":[{"count":0,"href":"https:\/\/vieassociative.be\/actualites\/wp-json\/wp\/v2\/posts\/1011\/revisions"}],"wp:featuredmedia":[{"embeddable":true,"href":"https:\/\/vieassociative.be\/actualites\/wp-json\/wp\/v2\/media\/1012"}],"wp:attachment":[{"href":"https:\/\/vieassociative.be\/actualites\/wp-json\/wp\/v2\/media?parent=1011"}],"wp:term":[{"taxonomy":"category","embeddable":true,"href":"https:\/\/vieassociative.be\/actualites\/wp-json\/wp\/v2\/categories?post=1011"},{"taxonomy":"post_tag","embeddable":true,"href":"https:\/\/vieassociative.be\/actualites\/wp-json\/wp\/v2\/tags?post=1011"}],"curies":[{"name":"wp","href":"https:\/\/api.w.org\/{rel}","templated":true}]}}