{"id":10109,"date":"2025-09-18T09:20:49","date_gmt":"2025-09-18T07:20:49","guid":{"rendered":"https:\/\/vieassociative.be\/actualites\/les-bandes-dapple-watch-ont-70-de-reduction-en-ce-moment\/"},"modified":"2025-09-18T09:20:49","modified_gmt":"2025-09-18T07:20:49","slug":"les-bandes-dapple-watch-ont-70-de-reduction-en-ce-moment","status":"publish","type":"post","link":"https:\/\/vieassociative.be\/actualites\/les-bandes-dapple-watch-ont-70-de-reduction-en-ce-moment\/","title":{"rendered":"Les bandes d&rsquo;Apple Watch ont 70% de r\u00e9duction en ce moment"},"content":{"rendered":"<div class=\"mt-4 leading-6 md:mb-8\">Faites le plein de bandes de remplacement \u00e0 partir de 15 $.<\/div>\n<p><\/p>\n<p><em>Saviez-vous que vous pouvez personnaliser Google pour filtrer les ordures? Prendre ces \u00e9tapes<\/em><em> Pour de meilleurs r\u00e9sultats de recherche, notamment en ajoutant mon travail chez Vie Associative comme source pr\u00e9f\u00e9r\u00e9e<\/em><em>.<\/em><\/p>\n<hr>\n<p>Apple fabrique de bons appareils et accessoires, mais a ensuite tendance \u00e0 \u00eatre plus cher que la concurrence, m\u00eame pour quelque chose d&rsquo;aussi basique qu&rsquo;un c\u00e2ble de charge. C&rsquo;est certainement vrai pour les groupes d&rsquo;Apple Watch &#8211; je ne sais pas pourquoi une bande tress\u00e9e de polyester et de silicone co\u00fbte 99 $, mais c&rsquo;est ce que l&rsquo;entreprise facture. Mais en ce moment, Woot vend tout un arc-en-ciel de bandes Apple Watch jusqu&rsquo;\u00e0 70% de r\u00e9duction. C&rsquo;est une excellente (et rare) occasion de s&rsquo;approvisionner sur quelques styles ou couleurs diff\u00e9rents pour \u00e9quiper votre smartwatch.<\/p>\n<p>Vous pouvez choisir parmi la boucle solo ou les conceptions de boucle solo tress\u00e9es, qui vont normalement pour 49,99 $ et 99,99 $, respectivement. Des boucles solo sont en vente pour <strong>14,99 $,<\/strong> et les boucles en solo tress\u00e9es sont <strong>29,99 $<\/strong>. Vous pouvez les trouver dans pratiquement toutes les couleurs &#8211; m\u00eame l&rsquo;\u00e9dition Rainbow Pride de la boucle solo tress\u00e9e. <\/p>\n<p>Voici vos options \u00e0 ce jour:<\/p>\n<ul>\n<li>\n<p>Coules noires et blanches<\/p>\n<\/li>\n<li>\n<p>Tres rouges, oranges, jaunes<\/p>\n<\/li>\n<li>\n<p>Teintes bleues<\/p>\n<\/li>\n<li>\n<p>Teintes vertes<\/p>\n<\/li>\n<li>\n<p>Coules violettes<\/p>\n<\/li>\n<li>\n<p>Tress\u00e9: Noirs, teintes blanches<\/p>\n<\/li>\n<li>\n<p>Tress\u00e9: teintes rouges, oranges, jaunes<\/p>\n<\/li>\n<li>\n<p>Tress\u00e9: teintes bleues<\/p>\n<\/li>\n<li>\n<p>Tress\u00e9: teintes violettes<\/p>\n<\/li>\n<li>\n<p>Tress\u00e9: teintes vertes<\/p>\n<\/li>\n<li>\n<p>Trait\u00e9: \u00e9dition de la fiert\u00e9<\/p>\n<\/li>\n<\/ul>\n<p>Tous ces groupes sont compatibles avec Apple Watch SE, Apple Watch Series 4 ou version ult\u00e9rieure et Apple Watch Ultra ou version ult\u00e9rieure. Ils ne sont pas r\u00e9glables, vous devrez donc s\u00e9lectionner la bonne taille, avec les tailles les plus populaires susceptibles de s&rsquo;\u00e9puiser en premier, alors peut-\u00eatre r\u00e9gler une alarme pour vous rappeler de passer une commande avant leur faire.<\/p>\n<hr>\n","protected":false},"excerpt":{"rendered":"<p>Faites le plein de bandes de remplacement \u00e0 partir de 15 $. Saviez-vous que vous pouvez personnaliser Google pour filtrer les ordures? Prendre ces \u00e9tapes<\/p>\n","protected":false},"author":1,"featured_media":10110,"comment_status":"","ping_status":"","sticky":false,"template":"","format":"standard","meta":{"footnotes":""},"categories":[13],"tags":[7283,590,14,1429,1374,308,55],"class_list":["post-10109","post","type-post","status-publish","format-standard","has-post-thumbnail","hentry","category-technologie","tag-bandes","tag-dapple","tag-les","tag-moment","tag-ont","tag-reduction","tag-watch","generate-columns","tablet-grid-50","mobile-grid-100","grid-parent","grid-33"],"yoast_head":"<!-- This site is optimized with the Yoast SEO plugin v24.0 - https:\/\/yoast.com\/wordpress\/plugins\/seo\/ -->\n<title>Les bandes d&#039;Apple Watch ont 70% de r\u00e9duction en ce moment | Vie Associative<\/title>\n<meta name=\"robots\" content=\"index, follow, max-snippet:-1, max-image-preview:large, max-video-preview:-1\" \/>\n<link rel=\"canonical\" href=\"https:\/\/vieassociative.be\/actualites\/les-bandes-dapple-watch-ont-70-de-reduction-en-ce-moment\/\" \/>\n<meta property=\"og:locale\" content=\"fr_FR\" \/>\n<meta property=\"og:type\" content=\"article\" \/>\n<meta property=\"og:title\" content=\"Les bandes d&#039;Apple Watch ont 70% de r\u00e9duction en ce moment | Vie Associative\" \/>\n<meta property=\"og:description\" content=\"Faites le plein de bandes de remplacement \u00e0 partir de 15 $. Saviez-vous que vous pouvez personnaliser Google pour filtrer les ordures? Prendre ces \u00e9tapes\" \/>\n<meta property=\"og:url\" content=\"https:\/\/vieassociative.be\/actualites\/les-bandes-dapple-watch-ont-70-de-reduction-en-ce-moment\/\" \/>\n<meta property=\"og:site_name\" content=\"Vie Associative\" \/>\n<meta property=\"article:published_time\" content=\"2025-09-18T07:20:49+00:00\" \/>\n<meta property=\"og:image\" content=\"https:\/\/vieassociative.be\/actualites\/wp-content\/uploads\/2024\/09\/header_backgroundk-01-e1726694325946.png\" \/>\n\t<meta property=\"og:image:width\" content=\"279\" \/>\n\t<meta property=\"og:image:height\" content=\"92\" \/>\n\t<meta property=\"og:image:type\" content=\"image\/png\" \/>\n<meta name=\"author\" content=\"Julien\" \/>\n<meta name=\"twitter:card\" content=\"summary_large_image\" \/>\n<meta name=\"twitter:label1\" content=\"\u00c9crit par\" \/>\n\t<meta name=\"twitter:data1\" content=\"Julien\" \/>\n\t<meta name=\"twitter:label2\" content=\"Dur\u00e9e de lecture est.\" \/>\n\t<meta name=\"twitter:data2\" content=\"1 minute\" \/>\n<script type=\"application\/ld+json\" class=\"yoast-schema-graph\">{\"@context\":\"https:\/\/schema.org\",\"@graph\":[{\"@type\":\"Article\",\"@id\":\"https:\/\/vieassociative.be\/actualites\/les-bandes-dapple-watch-ont-70-de-reduction-en-ce-moment\/#article\",\"isPartOf\":{\"@id\":\"https:\/\/vieassociative.be\/actualites\/les-bandes-dapple-watch-ont-70-de-reduction-en-ce-moment\/\"},\"author\":{\"name\":\"Julien\",\"@id\":\"https:\/\/vieassociative.be\/actualites\/#\/schema\/person\/b87ac4f82f9d4e7b7cec7395b679edc4\"},\"headline\":\"Les bandes d&rsquo;Apple Watch ont 70% de r\u00e9duction en ce moment\",\"datePublished\":\"2025-09-18T07:20:49+00:00\",\"dateModified\":\"2025-09-18T07:20:49+00:00\",\"mainEntityOfPage\":{\"@id\":\"https:\/\/vieassociative.be\/actualites\/les-bandes-dapple-watch-ont-70-de-reduction-en-ce-moment\/\"},\"wordCount\":326,\"publisher\":{\"@id\":\"https:\/\/vieassociative.be\/actualites\/#organization\"},\"image\":{\"@id\":\"https:\/\/vieassociative.be\/actualites\/les-bandes-dapple-watch-ont-70-de-reduction-en-ce-moment\/#primaryimage\"},\"thumbnailUrl\":\"https:\/\/vieassociative.be\/actualites\/wp-content\/uploads\/2025\/09\/Les-bandes-dApple-Watch-ont-70-de-reduction-en-ce.png\",\"keywords\":[\"bandes\",\"dApple\",\"Les\",\"moment\",\"ont\",\"r\u00e9duction\",\"Watch\"],\"articleSection\":[\"Technologie\"],\"inLanguage\":\"fr-BE\"},{\"@type\":\"WebPage\",\"@id\":\"https:\/\/vieassociative.be\/actualites\/les-bandes-dapple-watch-ont-70-de-reduction-en-ce-moment\/\",\"url\":\"https:\/\/vieassociative.be\/actualites\/les-bandes-dapple-watch-ont-70-de-reduction-en-ce-moment\/\",\"name\":\"Les bandes d'Apple Watch ont 70% de r\u00e9duction en ce moment | Vie Associative\",\"isPartOf\":{\"@id\":\"https:\/\/vieassociative.be\/actualites\/#website\"},\"primaryImageOfPage\":{\"@id\":\"https:\/\/vieassociative.be\/actualites\/les-bandes-dapple-watch-ont-70-de-reduction-en-ce-moment\/#primaryimage\"},\"image\":{\"@id\":\"https:\/\/vieassociative.be\/actualites\/les-bandes-dapple-watch-ont-70-de-reduction-en-ce-moment\/#primaryimage\"},\"thumbnailUrl\":\"https:\/\/vieassociative.be\/actualites\/wp-content\/uploads\/2025\/09\/Les-bandes-dApple-Watch-ont-70-de-reduction-en-ce.png\",\"datePublished\":\"2025-09-18T07:20:49+00:00\",\"dateModified\":\"2025-09-18T07:20:49+00:00\",\"breadcrumb\":{\"@id\":\"https:\/\/vieassociative.be\/actualites\/les-bandes-dapple-watch-ont-70-de-reduction-en-ce-moment\/#breadcrumb\"},\"inLanguage\":\"fr-BE\",\"potentialAction\":[{\"@type\":\"ReadAction\",\"target\":[\"https:\/\/vieassociative.be\/actualites\/les-bandes-dapple-watch-ont-70-de-reduction-en-ce-moment\/\"]}]},{\"@type\":\"ImageObject\",\"inLanguage\":\"fr-BE\",\"@id\":\"https:\/\/vieassociative.be\/actualites\/les-bandes-dapple-watch-ont-70-de-reduction-en-ce-moment\/#primaryimage\",\"url\":\"https:\/\/vieassociative.be\/actualites\/wp-content\/uploads\/2025\/09\/Les-bandes-dApple-Watch-ont-70-de-reduction-en-ce.png\",\"contentUrl\":\"https:\/\/vieassociative.be\/actualites\/wp-content\/uploads\/2025\/09\/Les-bandes-dApple-Watch-ont-70-de-reduction-en-ce.png\",\"width\":1200,\"height\":675,\"caption\":\"Les bandes d'Apple Watch ont 70% de r\u00e9duction en ce moment\"},{\"@type\":\"BreadcrumbList\",\"@id\":\"https:\/\/vieassociative.be\/actualites\/les-bandes-dapple-watch-ont-70-de-reduction-en-ce-moment\/#breadcrumb\",\"itemListElement\":[{\"@type\":\"ListItem\",\"position\":1,\"name\":\"Accueil\",\"item\":\"https:\/\/vieassociative.be\/actualites\/\"},{\"@type\":\"ListItem\",\"position\":2,\"name\":\"Les bandes d&rsquo;Apple Watch ont 70% de r\u00e9duction en ce moment\"}]},{\"@type\":\"WebSite\",\"@id\":\"https:\/\/vieassociative.be\/actualites\/#website\",\"url\":\"https:\/\/vieassociative.be\/actualites\/\",\"name\":\"Vie Associative\",\"description\":\"\",\"publisher\":{\"@id\":\"https:\/\/vieassociative.be\/actualites\/#organization\"},\"potentialAction\":[{\"@type\":\"SearchAction\",\"target\":{\"@type\":\"EntryPoint\",\"urlTemplate\":\"https:\/\/vieassociative.be\/actualites\/?s={search_term_string}\"},\"query-input\":{\"@type\":\"PropertyValueSpecification\",\"valueRequired\":true,\"valueName\":\"search_term_string\"}}],\"inLanguage\":\"fr-BE\"},{\"@type\":\"Organization\",\"@id\":\"https:\/\/vieassociative.be\/actualites\/#organization\",\"name\":\"Vie Associative\",\"url\":\"https:\/\/vieassociative.be\/actualites\/\",\"logo\":{\"@type\":\"ImageObject\",\"inLanguage\":\"fr-BE\",\"@id\":\"https:\/\/vieassociative.be\/actualites\/#\/schema\/logo\/image\/\",\"url\":\"https:\/\/vieassociative.be\/actualites\/wp-content\/uploads\/2024\/09\/cropped-vieassociative_favicon.ico.png\",\"contentUrl\":\"https:\/\/vieassociative.be\/actualites\/wp-content\/uploads\/2024\/09\/cropped-vieassociative_favicon.ico.png\",\"width\":512,\"height\":512,\"caption\":\"Vie Associative\"},\"image\":{\"@id\":\"https:\/\/vieassociative.be\/actualites\/#\/schema\/logo\/image\/\"}},{\"@type\":\"Person\",\"@id\":\"https:\/\/vieassociative.be\/actualites\/#\/schema\/person\/b87ac4f82f9d4e7b7cec7395b679edc4\",\"name\":\"Julien\",\"image\":{\"@type\":\"ImageObject\",\"inLanguage\":\"fr-BE\",\"@id\":\"https:\/\/vieassociative.be\/actualites\/#\/schema\/person\/image\/\",\"url\":\"https:\/\/vieassociative.be\/actualites\/wp-content\/uploads\/2024\/09\/vie-associative-1-150x150.jpg\",\"contentUrl\":\"https:\/\/vieassociative.be\/actualites\/wp-content\/uploads\/2024\/09\/vie-associative-1-150x150.jpg\",\"caption\":\"Julien\"},\"description\":\"Je suis Julien, r\u00e9dacteur pour Vie Associative. Passionn\u00e9 par le monde associatif depuis plus de 10 ans, j'ai \u00e0 c\u0153ur de partager des histoires inspirantes et de mettre en lumi\u00e8re les initiatives locales. Mon objectif est de sensibiliser et d'encourager l'engagement communautaire \u00e0 travers mes articles.\",\"sameAs\":[\"https:\/\/vieassociative.be\/\"]}]}<\/script>\n<!-- \/ Yoast SEO plugin. -->","yoast_head_json":{"title":"Les bandes d'Apple Watch ont 70% de r\u00e9duction en ce moment | Vie Associative","robots":{"index":"index","follow":"follow","max-snippet":"max-snippet:-1","max-image-preview":"max-image-preview:large","max-video-preview":"max-video-preview:-1"},"canonical":"https:\/\/vieassociative.be\/actualites\/les-bandes-dapple-watch-ont-70-de-reduction-en-ce-moment\/","og_locale":"fr_FR","og_type":"article","og_title":"Les bandes d'Apple Watch ont 70% de r\u00e9duction en ce moment | Vie Associative","og_description":"Faites le plein de bandes de remplacement \u00e0 partir de 15 $. Saviez-vous que vous pouvez personnaliser Google pour filtrer les ordures? Prendre ces \u00e9tapes","og_url":"https:\/\/vieassociative.be\/actualites\/les-bandes-dapple-watch-ont-70-de-reduction-en-ce-moment\/","og_site_name":"Vie Associative","article_published_time":"2025-09-18T07:20:49+00:00","og_image":[{"width":279,"height":92,"url":"https:\/\/vieassociative.be\/actualites\/wp-content\/uploads\/2024\/09\/header_backgroundk-01-e1726694325946.png","type":"image\/png"}],"author":"Julien","twitter_card":"summary_large_image","twitter_misc":{"\u00c9crit par":"Julien","Dur\u00e9e de lecture est.":"1 minute"},"schema":{"@context":"https:\/\/schema.org","@graph":[{"@type":"Article","@id":"https:\/\/vieassociative.be\/actualites\/les-bandes-dapple-watch-ont-70-de-reduction-en-ce-moment\/#article","isPartOf":{"@id":"https:\/\/vieassociative.be\/actualites\/les-bandes-dapple-watch-ont-70-de-reduction-en-ce-moment\/"},"author":{"name":"Julien","@id":"https:\/\/vieassociative.be\/actualites\/#\/schema\/person\/b87ac4f82f9d4e7b7cec7395b679edc4"},"headline":"Les bandes d&rsquo;Apple Watch ont 70% de r\u00e9duction en ce moment","datePublished":"2025-09-18T07:20:49+00:00","dateModified":"2025-09-18T07:20:49+00:00","mainEntityOfPage":{"@id":"https:\/\/vieassociative.be\/actualites\/les-bandes-dapple-watch-ont-70-de-reduction-en-ce-moment\/"},"wordCount":326,"publisher":{"@id":"https:\/\/vieassociative.be\/actualites\/#organization"},"image":{"@id":"https:\/\/vieassociative.be\/actualites\/les-bandes-dapple-watch-ont-70-de-reduction-en-ce-moment\/#primaryimage"},"thumbnailUrl":"https:\/\/vieassociative.be\/actualites\/wp-content\/uploads\/2025\/09\/Les-bandes-dApple-Watch-ont-70-de-reduction-en-ce.png","keywords":["bandes","dApple","Les","moment","ont","r\u00e9duction","Watch"],"articleSection":["Technologie"],"inLanguage":"fr-BE"},{"@type":"WebPage","@id":"https:\/\/vieassociative.be\/actualites\/les-bandes-dapple-watch-ont-70-de-reduction-en-ce-moment\/","url":"https:\/\/vieassociative.be\/actualites\/les-bandes-dapple-watch-ont-70-de-reduction-en-ce-moment\/","name":"Les bandes d'Apple Watch ont 70% de r\u00e9duction en ce moment | Vie Associative","isPartOf":{"@id":"https:\/\/vieassociative.be\/actualites\/#website"},"primaryImageOfPage":{"@id":"https:\/\/vieassociative.be\/actualites\/les-bandes-dapple-watch-ont-70-de-reduction-en-ce-moment\/#primaryimage"},"image":{"@id":"https:\/\/vieassociative.be\/actualites\/les-bandes-dapple-watch-ont-70-de-reduction-en-ce-moment\/#primaryimage"},"thumbnailUrl":"https:\/\/vieassociative.be\/actualites\/wp-content\/uploads\/2025\/09\/Les-bandes-dApple-Watch-ont-70-de-reduction-en-ce.png","datePublished":"2025-09-18T07:20:49+00:00","dateModified":"2025-09-18T07:20:49+00:00","breadcrumb":{"@id":"https:\/\/vieassociative.be\/actualites\/les-bandes-dapple-watch-ont-70-de-reduction-en-ce-moment\/#breadcrumb"},"inLanguage":"fr-BE","potentialAction":[{"@type":"ReadAction","target":["https:\/\/vieassociative.be\/actualites\/les-bandes-dapple-watch-ont-70-de-reduction-en-ce-moment\/"]}]},{"@type":"ImageObject","inLanguage":"fr-BE","@id":"https:\/\/vieassociative.be\/actualites\/les-bandes-dapple-watch-ont-70-de-reduction-en-ce-moment\/#primaryimage","url":"https:\/\/vieassociative.be\/actualites\/wp-content\/uploads\/2025\/09\/Les-bandes-dApple-Watch-ont-70-de-reduction-en-ce.png","contentUrl":"https:\/\/vieassociative.be\/actualites\/wp-content\/uploads\/2025\/09\/Les-bandes-dApple-Watch-ont-70-de-reduction-en-ce.png","width":1200,"height":675,"caption":"Les bandes d'Apple Watch ont 70% de r\u00e9duction en ce moment"},{"@type":"BreadcrumbList","@id":"https:\/\/vieassociative.be\/actualites\/les-bandes-dapple-watch-ont-70-de-reduction-en-ce-moment\/#breadcrumb","itemListElement":[{"@type":"ListItem","position":1,"name":"Accueil","item":"https:\/\/vieassociative.be\/actualites\/"},{"@type":"ListItem","position":2,"name":"Les bandes d&rsquo;Apple Watch ont 70% de r\u00e9duction en ce moment"}]},{"@type":"WebSite","@id":"https:\/\/vieassociative.be\/actualites\/#website","url":"https:\/\/vieassociative.be\/actualites\/","name":"Vie Associative","description":"","publisher":{"@id":"https:\/\/vieassociative.be\/actualites\/#organization"},"potentialAction":[{"@type":"SearchAction","target":{"@type":"EntryPoint","urlTemplate":"https:\/\/vieassociative.be\/actualites\/?s={search_term_string}"},"query-input":{"@type":"PropertyValueSpecification","valueRequired":true,"valueName":"search_term_string"}}],"inLanguage":"fr-BE"},{"@type":"Organization","@id":"https:\/\/vieassociative.be\/actualites\/#organization","name":"Vie Associative","url":"https:\/\/vieassociative.be\/actualites\/","logo":{"@type":"ImageObject","inLanguage":"fr-BE","@id":"https:\/\/vieassociative.be\/actualites\/#\/schema\/logo\/image\/","url":"https:\/\/vieassociative.be\/actualites\/wp-content\/uploads\/2024\/09\/cropped-vieassociative_favicon.ico.png","contentUrl":"https:\/\/vieassociative.be\/actualites\/wp-content\/uploads\/2024\/09\/cropped-vieassociative_favicon.ico.png","width":512,"height":512,"caption":"Vie Associative"},"image":{"@id":"https:\/\/vieassociative.be\/actualites\/#\/schema\/logo\/image\/"}},{"@type":"Person","@id":"https:\/\/vieassociative.be\/actualites\/#\/schema\/person\/b87ac4f82f9d4e7b7cec7395b679edc4","name":"Julien","image":{"@type":"ImageObject","inLanguage":"fr-BE","@id":"https:\/\/vieassociative.be\/actualites\/#\/schema\/person\/image\/","url":"https:\/\/vieassociative.be\/actualites\/wp-content\/uploads\/2024\/09\/vie-associative-1-150x150.jpg","contentUrl":"https:\/\/vieassociative.be\/actualites\/wp-content\/uploads\/2024\/09\/vie-associative-1-150x150.jpg","caption":"Julien"},"description":"Je suis Julien, r\u00e9dacteur pour Vie Associative. Passionn\u00e9 par le monde associatif depuis plus de 10 ans, j'ai \u00e0 c\u0153ur de partager des histoires inspirantes et de mettre en lumi\u00e8re les initiatives locales. Mon objectif est de sensibiliser et d'encourager l'engagement communautaire \u00e0 travers mes articles.","sameAs":["https:\/\/vieassociative.be\/"]}]}},"_links":{"self":[{"href":"https:\/\/vieassociative.be\/actualites\/wp-json\/wp\/v2\/posts\/10109"}],"collection":[{"href":"https:\/\/vieassociative.be\/actualites\/wp-json\/wp\/v2\/posts"}],"about":[{"href":"https:\/\/vieassociative.be\/actualites\/wp-json\/wp\/v2\/types\/post"}],"author":[{"embeddable":true,"href":"https:\/\/vieassociative.be\/actualites\/wp-json\/wp\/v2\/users\/1"}],"replies":[{"embeddable":true,"href":"https:\/\/vieassociative.be\/actualites\/wp-json\/wp\/v2\/comments?post=10109"}],"version-history":[{"count":0,"href":"https:\/\/vieassociative.be\/actualites\/wp-json\/wp\/v2\/posts\/10109\/revisions"}],"wp:featuredmedia":[{"embeddable":true,"href":"https:\/\/vieassociative.be\/actualites\/wp-json\/wp\/v2\/media\/10110"}],"wp:attachment":[{"href":"https:\/\/vieassociative.be\/actualites\/wp-json\/wp\/v2\/media?parent=10109"}],"wp:term":[{"taxonomy":"category","embeddable":true,"href":"https:\/\/vieassociative.be\/actualites\/wp-json\/wp\/v2\/categories?post=10109"},{"taxonomy":"post_tag","embeddable":true,"href":"https:\/\/vieassociative.be\/actualites\/wp-json\/wp\/v2\/tags?post=10109"}],"curies":[{"name":"wp","href":"https:\/\/api.w.org\/{rel}","templated":true}]}}