{"id":10105,"date":"2025-09-18T03:17:02","date_gmt":"2025-09-18T01:17:02","guid":{"rendered":"https:\/\/vieassociative.be\/actualites\/garmins-venu-4-a-un-nouvel-entraineur-de-fitness-et-une-lampe-de-poche\/"},"modified":"2025-09-18T03:17:02","modified_gmt":"2025-09-18T01:17:02","slug":"garmins-venu-4-a-un-nouvel-entraineur-de-fitness-et-une-lampe-de-poche","status":"publish","type":"post","link":"https:\/\/vieassociative.be\/actualites\/garmins-venu-4-a-un-nouvel-entraineur-de-fitness-et-une-lampe-de-poche\/","title":{"rendered":"Garmin&rsquo;s Venu 4 a un nouvel entra\u00eeneur de fitness et une lampe de poche"},"content":{"rendered":"<div class=\"mt-4 leading-6 md:mb-8\">Le nouveau Venu 4 propose \u00e9galement des fonctionnalit\u00e9s de journalisation de l&rsquo;\u00e9tat de sant\u00e9 et du style de vie<\/div>\n<p><\/p>\n<p><em>Saviez-vous que vous pouvez personnaliser Google pour filtrer les ordures? Prendre ces \u00e9tapes<\/em><em>  Pour de meilleurs r\u00e9sultats de recherche, notamment en ajoutant mon travail chez Vie Associative comme source pr\u00e9f\u00e9r\u00e9e<\/em><em>.<\/em><\/p>\n<hr>\n<p>La nouvelle montre de Garmin est une mise \u00e0 jour de sa ligne Venu. Le Venu 3 \u00e9tait l&rsquo;une des meilleures montres de style de vie de la marque, et le Venu X1, lanc\u00e9 plus t\u00f4t cette ann\u00e9e, \u00e9tait une version premium. Maintenant, il y a un Venu 4, disponible le 22 septembre &#8211; et il a une lampe de poche.<\/p>\n<h2 id=\"pricing-and-essential-features\">Prix \u200b\u200bet fonctionnalit\u00e9s essentielles<\/h2>\n<p>Le Venu 4 est disponible en deux tailles (41 et 45 millim\u00e8tres), la m\u00eame que les tailles des Venu 3 et 3 respectivement. Il en co\u00fbte 100 $ de plus que l&rsquo;ancienne version, le Venu 4 \u00e0 549,99 $ par rapport au Venu 3 \u00e0 449,99 $.<\/p>\n<div class=\"mx-auto mb-12 mt-5 w-full max-w-3xl rounded-md border-2 border-gray-100 p-3 shadow-md md:px-7 md:pb-7 md:pt-5\" id=\"related-video\">\n<div class=\"mb-3 flex items-center md:mb-5\">\n        <img decoding=\"async\" class=\"mr-4 mt-0 h-10 w-10 md:mr-5 md:h-12 md:w-12\" src=\"https:\/\/vieassociative.be\/actualites\/wp-content\/uploads\/2025\/09\/1757726237_608_Meta-pourrait-devoiler-une-montre-intelligente-pour-controler-ses-lunettes.jpg\" alt=\"Logo Lifehacker\"><\/p><\/div>\n<div class=\"aspect-video w-full overflow-hidden rounded-md\">\n<div id=\"video-container-01K5D4H7V2304EYQ3QEAZXBM3R\"><\/div>\n<\/p><\/div>\n<\/div>\n<p>Comme son pr\u00e9d\u00e9cesseur, le Venu 4 a un \u00e9cran tactile AMOLED, une lunette en acier inoxydable, une face Gorilla Glass 3 et un haut-parleur et un microphone qui lui permettent de prendre des appels vocaux si votre t\u00e9l\u00e9phone est \u00e0 port\u00e9e. <\/p>\n<p>Il ajoute le statut de formation, la pr\u00e9paration \u00e0 la formation et l&rsquo;entra\u00eeneur de Garmin pour quatre activit\u00e9s diff\u00e9rentes: la course \u00e0 pied, le v\u00e9lo, la force et un nouvel entra\u00eeneur de fitness. Voici un aper\u00e7u de certaines des nouvelles fonctionnalit\u00e9s notables:<\/p>\n<h2 id=\"flashlight\">Lampe de poche<\/h2>\n<p>C&rsquo;est une chose simple, mais une grande pour beaucoup de gens. Garmin avait l&rsquo;habitude de r\u00e9server des lampes de poche \u00e0 LED pour ses montres d&rsquo;aventure plus en plein air &#8211; l&rsquo;instinct sur le bas de gamme et le Fenix \u200b\u200bsur le haut de gamme &#8211; mais le Forersner 970 en a un, et il semble s&rsquo;\u00eatre bien pass\u00e9. M\u00eame AmazFit a ajout\u00e9 une lampe de poche \u00e0 son T-REX 3 Pro. Le Venu 3 n&rsquo;avait pas de lampe de poche, mais le Premium Venu X1 le fait, et maintenant le Venu 4 le fait aussi.<\/p>\n<h2 id=\"health-status\">\u00c9tat de sant\u00e9<\/h2>\n<p>Une nouvelle m\u00e9trique de l&rsquo;\u00e9tat de sant\u00e9 combine vos signes vitaux nocturnes (fr\u00e9quence cardiaque, VRC, temp\u00e9rature de la peau et oxyg\u00e8ne de pouls) et vous indique si ceux-ci sont coh\u00e9rents avec ce qui est normal pour vous, ou s&rsquo;ils ont tendance \u00e0 vous \u00e9loigner de votre base de base habituelle.<\/p>\n<h2 id=\"lifestyle-logging\">Journalisation du style de vie<\/h2>\n<p>Garmin vient historiquement de collecter vos donn\u00e9es et l&rsquo;a affich\u00e9e, sans le type d&rsquo;analyse de style de vie fournie par d&rsquo;autres comme Whoop et Bevel. Mais le Venu 4 est livr\u00e9 avec une fonction de journalisation de style de vie, o\u00f9 vous pouvez prendre note des habitudes et des comportements et voir s&rsquo;ils affectent vos mesures. (Un exemple que Garmin donne est la journalisation lorsque vous avez de la caf\u00e9ine tard dans la journ\u00e9e, vous pouvez donc voir \u00e0 quel point cela affecte vos mesures de sommeil.)<\/p>\n<h2 id=\"fitness-coach\">Coach de fitness<\/h2>\n<p>Les entra\u00eenements sugg\u00e9r\u00e9s quotidiens de Garmin ne sont plus r\u00e9serv\u00e9s aux coureurs et aux cyclistes. Il y a un coach de force relativement nouveau (je l&rsquo;ai sur mes montres pr\u00e9curseurs depuis un certain temps maintenant) et le Venu 4 ajoute un coach de fitness qui peut vous recommander des s\u00e9ances d&rsquo;entra\u00eenement \u00e0 partir de l&rsquo;une des 25 activit\u00e9s. Une s\u00e9ance d&rsquo;entra\u00eenement d&rsquo;une journ\u00e9e pourrait vous recommander de vous promener, de faire une session HIIT ou de monter sur la machine \u00e0 aviron.<\/p>\n<h2 id=\"accessibility-features\">Caract\u00e9ristiques d&rsquo;accessibilit\u00e9<\/h2>\n<p>Le Venu \u00e9tait d\u00e9j\u00e0 l&rsquo;une des montres les plus conviviales de Garmin, avec un mode en fauteuil roulant en plus des entra\u00eenements de marche et de course. Le Venu 4 ajoute une option de visage de montre parl\u00e9, qui vous lira le temps \u00e0 l&rsquo;aide du haut-parleur et une option pour filtrer les couleurs de l&rsquo;\u00e9cran.<\/p>\n","protected":false},"excerpt":{"rendered":"<p>Le nouveau Venu 4 propose \u00e9galement des fonctionnalit\u00e9s de journalisation de l&rsquo;\u00e9tat de sant\u00e9 et du style de vie Saviez-vous que vous pouvez personnaliser Google<\/p>\n","protected":false},"author":1,"featured_media":10106,"comment_status":"","ping_status":"","sticky":false,"template":"","format":"standard","meta":{"footnotes":""},"categories":[38],"tags":[930,2703,3027,8591,929,5112,110,6170],"class_list":["post-10105","post","type-post","status-publish","format-standard","has-post-thumbnail","hentry","category-sante","tag-entraineur","tag-fitness","tag-garmins","tag-lampe","tag-nouvel","tag-poche","tag-une","tag-venu","generate-columns","tablet-grid-50","mobile-grid-100","grid-parent","grid-33"],"yoast_head":"<!-- This site is optimized with the Yoast SEO plugin v24.0 - https:\/\/yoast.com\/wordpress\/plugins\/seo\/ -->\n<title>Garmin&#039;s Venu 4 a un nouvel entra\u00eeneur de fitness et une lampe de poche | Vie Associative<\/title>\n<meta name=\"robots\" content=\"index, follow, max-snippet:-1, max-image-preview:large, max-video-preview:-1\" \/>\n<link rel=\"canonical\" href=\"https:\/\/vieassociative.be\/actualites\/garmins-venu-4-a-un-nouvel-entraineur-de-fitness-et-une-lampe-de-poche\/\" \/>\n<meta property=\"og:locale\" content=\"fr_FR\" \/>\n<meta property=\"og:type\" content=\"article\" \/>\n<meta property=\"og:title\" content=\"Garmin&#039;s Venu 4 a un nouvel entra\u00eeneur de fitness et une lampe de poche | Vie Associative\" \/>\n<meta property=\"og:description\" content=\"Le nouveau Venu 4 propose \u00e9galement des fonctionnalit\u00e9s de journalisation de l&rsquo;\u00e9tat de sant\u00e9 et du style de vie Saviez-vous que vous pouvez personnaliser Google\" \/>\n<meta property=\"og:url\" content=\"https:\/\/vieassociative.be\/actualites\/garmins-venu-4-a-un-nouvel-entraineur-de-fitness-et-une-lampe-de-poche\/\" \/>\n<meta property=\"og:site_name\" content=\"Vie Associative\" \/>\n<meta property=\"article:published_time\" content=\"2025-09-18T01:17:02+00:00\" \/>\n<meta property=\"og:image\" content=\"https:\/\/vieassociative.be\/actualites\/wp-content\/uploads\/2025\/09\/1757726237_608_Meta-pourrait-devoiler-une-montre-intelligente-pour-controler-ses-lunettes.jpg\" \/>\n<meta name=\"author\" content=\"Julien\" \/>\n<meta name=\"twitter:card\" content=\"summary_large_image\" \/>\n<meta name=\"twitter:label1\" content=\"\u00c9crit par\" \/>\n\t<meta name=\"twitter:data1\" content=\"Julien\" \/>\n\t<meta name=\"twitter:label2\" content=\"Dur\u00e9e de lecture est.\" \/>\n\t<meta name=\"twitter:data2\" content=\"3 minutes\" \/>\n<script type=\"application\/ld+json\" class=\"yoast-schema-graph\">{\"@context\":\"https:\/\/schema.org\",\"@graph\":[{\"@type\":\"Article\",\"@id\":\"https:\/\/vieassociative.be\/actualites\/garmins-venu-4-a-un-nouvel-entraineur-de-fitness-et-une-lampe-de-poche\/#article\",\"isPartOf\":{\"@id\":\"https:\/\/vieassociative.be\/actualites\/garmins-venu-4-a-un-nouvel-entraineur-de-fitness-et-une-lampe-de-poche\/\"},\"author\":{\"name\":\"Julien\",\"@id\":\"https:\/\/vieassociative.be\/actualites\/#\/schema\/person\/b87ac4f82f9d4e7b7cec7395b679edc4\"},\"headline\":\"Garmin&rsquo;s Venu 4 a un nouvel entra\u00eeneur de fitness et une lampe de poche\",\"datePublished\":\"2025-09-18T01:17:02+00:00\",\"dateModified\":\"2025-09-18T01:17:02+00:00\",\"mainEntityOfPage\":{\"@id\":\"https:\/\/vieassociative.be\/actualites\/garmins-venu-4-a-un-nouvel-entraineur-de-fitness-et-une-lampe-de-poche\/\"},\"wordCount\":681,\"publisher\":{\"@id\":\"https:\/\/vieassociative.be\/actualites\/#organization\"},\"image\":{\"@id\":\"https:\/\/vieassociative.be\/actualites\/garmins-venu-4-a-un-nouvel-entraineur-de-fitness-et-une-lampe-de-poche\/#primaryimage\"},\"thumbnailUrl\":\"https:\/\/vieassociative.be\/actualites\/wp-content\/uploads\/2025\/09\/Garmins-Venu-4-a-un-nouvel-entraineur-de-fitness-et.png\",\"keywords\":[\"entra\u00eeneur\",\"fitness\",\"Garmins\",\"lampe\",\"nouvel\",\"poche\",\"une\",\"Venu\"],\"articleSection\":[\"Sant\u00e9\"],\"inLanguage\":\"fr-BE\"},{\"@type\":\"WebPage\",\"@id\":\"https:\/\/vieassociative.be\/actualites\/garmins-venu-4-a-un-nouvel-entraineur-de-fitness-et-une-lampe-de-poche\/\",\"url\":\"https:\/\/vieassociative.be\/actualites\/garmins-venu-4-a-un-nouvel-entraineur-de-fitness-et-une-lampe-de-poche\/\",\"name\":\"Garmin's Venu 4 a un nouvel entra\u00eeneur de fitness et une lampe de poche | Vie Associative\",\"isPartOf\":{\"@id\":\"https:\/\/vieassociative.be\/actualites\/#website\"},\"primaryImageOfPage\":{\"@id\":\"https:\/\/vieassociative.be\/actualites\/garmins-venu-4-a-un-nouvel-entraineur-de-fitness-et-une-lampe-de-poche\/#primaryimage\"},\"image\":{\"@id\":\"https:\/\/vieassociative.be\/actualites\/garmins-venu-4-a-un-nouvel-entraineur-de-fitness-et-une-lampe-de-poche\/#primaryimage\"},\"thumbnailUrl\":\"https:\/\/vieassociative.be\/actualites\/wp-content\/uploads\/2025\/09\/Garmins-Venu-4-a-un-nouvel-entraineur-de-fitness-et.png\",\"datePublished\":\"2025-09-18T01:17:02+00:00\",\"dateModified\":\"2025-09-18T01:17:02+00:00\",\"breadcrumb\":{\"@id\":\"https:\/\/vieassociative.be\/actualites\/garmins-venu-4-a-un-nouvel-entraineur-de-fitness-et-une-lampe-de-poche\/#breadcrumb\"},\"inLanguage\":\"fr-BE\",\"potentialAction\":[{\"@type\":\"ReadAction\",\"target\":[\"https:\/\/vieassociative.be\/actualites\/garmins-venu-4-a-un-nouvel-entraineur-de-fitness-et-une-lampe-de-poche\/\"]}]},{\"@type\":\"ImageObject\",\"inLanguage\":\"fr-BE\",\"@id\":\"https:\/\/vieassociative.be\/actualites\/garmins-venu-4-a-un-nouvel-entraineur-de-fitness-et-une-lampe-de-poche\/#primaryimage\",\"url\":\"https:\/\/vieassociative.be\/actualites\/wp-content\/uploads\/2025\/09\/Garmins-Venu-4-a-un-nouvel-entraineur-de-fitness-et.png\",\"contentUrl\":\"https:\/\/vieassociative.be\/actualites\/wp-content\/uploads\/2025\/09\/Garmins-Venu-4-a-un-nouvel-entraineur-de-fitness-et.png\",\"width\":1200,\"height\":675,\"caption\":\"Garmin's Venu 4 a un nouvel entra\u00eeneur de fitness et une lampe de poche\"},{\"@type\":\"BreadcrumbList\",\"@id\":\"https:\/\/vieassociative.be\/actualites\/garmins-venu-4-a-un-nouvel-entraineur-de-fitness-et-une-lampe-de-poche\/#breadcrumb\",\"itemListElement\":[{\"@type\":\"ListItem\",\"position\":1,\"name\":\"Accueil\",\"item\":\"https:\/\/vieassociative.be\/actualites\/\"},{\"@type\":\"ListItem\",\"position\":2,\"name\":\"Garmin&rsquo;s Venu 4 a un nouvel entra\u00eeneur de fitness et une lampe de poche\"}]},{\"@type\":\"WebSite\",\"@id\":\"https:\/\/vieassociative.be\/actualites\/#website\",\"url\":\"https:\/\/vieassociative.be\/actualites\/\",\"name\":\"Vie Associative\",\"description\":\"\",\"publisher\":{\"@id\":\"https:\/\/vieassociative.be\/actualites\/#organization\"},\"potentialAction\":[{\"@type\":\"SearchAction\",\"target\":{\"@type\":\"EntryPoint\",\"urlTemplate\":\"https:\/\/vieassociative.be\/actualites\/?s={search_term_string}\"},\"query-input\":{\"@type\":\"PropertyValueSpecification\",\"valueRequired\":true,\"valueName\":\"search_term_string\"}}],\"inLanguage\":\"fr-BE\"},{\"@type\":\"Organization\",\"@id\":\"https:\/\/vieassociative.be\/actualites\/#organization\",\"name\":\"Vie Associative\",\"url\":\"https:\/\/vieassociative.be\/actualites\/\",\"logo\":{\"@type\":\"ImageObject\",\"inLanguage\":\"fr-BE\",\"@id\":\"https:\/\/vieassociative.be\/actualites\/#\/schema\/logo\/image\/\",\"url\":\"https:\/\/vieassociative.be\/actualites\/wp-content\/uploads\/2024\/09\/cropped-vieassociative_favicon.ico.png\",\"contentUrl\":\"https:\/\/vieassociative.be\/actualites\/wp-content\/uploads\/2024\/09\/cropped-vieassociative_favicon.ico.png\",\"width\":512,\"height\":512,\"caption\":\"Vie Associative\"},\"image\":{\"@id\":\"https:\/\/vieassociative.be\/actualites\/#\/schema\/logo\/image\/\"}},{\"@type\":\"Person\",\"@id\":\"https:\/\/vieassociative.be\/actualites\/#\/schema\/person\/b87ac4f82f9d4e7b7cec7395b679edc4\",\"name\":\"Julien\",\"image\":{\"@type\":\"ImageObject\",\"inLanguage\":\"fr-BE\",\"@id\":\"https:\/\/vieassociative.be\/actualites\/#\/schema\/person\/image\/\",\"url\":\"https:\/\/vieassociative.be\/actualites\/wp-content\/uploads\/2024\/09\/vie-associative-1-150x150.jpg\",\"contentUrl\":\"https:\/\/vieassociative.be\/actualites\/wp-content\/uploads\/2024\/09\/vie-associative-1-150x150.jpg\",\"caption\":\"Julien\"},\"description\":\"Je suis Julien, r\u00e9dacteur pour Vie Associative. Passionn\u00e9 par le monde associatif depuis plus de 10 ans, j'ai \u00e0 c\u0153ur de partager des histoires inspirantes et de mettre en lumi\u00e8re les initiatives locales. Mon objectif est de sensibiliser et d'encourager l'engagement communautaire \u00e0 travers mes articles.\",\"sameAs\":[\"https:\/\/vieassociative.be\/\"]}]}<\/script>\n<!-- \/ Yoast SEO plugin. -->","yoast_head_json":{"title":"Garmin's Venu 4 a un nouvel entra\u00eeneur de fitness et une lampe de poche | Vie Associative","robots":{"index":"index","follow":"follow","max-snippet":"max-snippet:-1","max-image-preview":"max-image-preview:large","max-video-preview":"max-video-preview:-1"},"canonical":"https:\/\/vieassociative.be\/actualites\/garmins-venu-4-a-un-nouvel-entraineur-de-fitness-et-une-lampe-de-poche\/","og_locale":"fr_FR","og_type":"article","og_title":"Garmin's Venu 4 a un nouvel entra\u00eeneur de fitness et une lampe de poche | Vie Associative","og_description":"Le nouveau Venu 4 propose \u00e9galement des fonctionnalit\u00e9s de journalisation de l&rsquo;\u00e9tat de sant\u00e9 et du style de vie Saviez-vous que vous pouvez personnaliser Google","og_url":"https:\/\/vieassociative.be\/actualites\/garmins-venu-4-a-un-nouvel-entraineur-de-fitness-et-une-lampe-de-poche\/","og_site_name":"Vie Associative","article_published_time":"2025-09-18T01:17:02+00:00","og_image":[{"url":"https:\/\/vieassociative.be\/actualites\/wp-content\/uploads\/2025\/09\/1757726237_608_Meta-pourrait-devoiler-une-montre-intelligente-pour-controler-ses-lunettes.jpg","type":"","width":"","height":""}],"author":"Julien","twitter_card":"summary_large_image","twitter_misc":{"\u00c9crit par":"Julien","Dur\u00e9e de lecture est.":"3 minutes"},"schema":{"@context":"https:\/\/schema.org","@graph":[{"@type":"Article","@id":"https:\/\/vieassociative.be\/actualites\/garmins-venu-4-a-un-nouvel-entraineur-de-fitness-et-une-lampe-de-poche\/#article","isPartOf":{"@id":"https:\/\/vieassociative.be\/actualites\/garmins-venu-4-a-un-nouvel-entraineur-de-fitness-et-une-lampe-de-poche\/"},"author":{"name":"Julien","@id":"https:\/\/vieassociative.be\/actualites\/#\/schema\/person\/b87ac4f82f9d4e7b7cec7395b679edc4"},"headline":"Garmin&rsquo;s Venu 4 a un nouvel entra\u00eeneur de fitness et une lampe de poche","datePublished":"2025-09-18T01:17:02+00:00","dateModified":"2025-09-18T01:17:02+00:00","mainEntityOfPage":{"@id":"https:\/\/vieassociative.be\/actualites\/garmins-venu-4-a-un-nouvel-entraineur-de-fitness-et-une-lampe-de-poche\/"},"wordCount":681,"publisher":{"@id":"https:\/\/vieassociative.be\/actualites\/#organization"},"image":{"@id":"https:\/\/vieassociative.be\/actualites\/garmins-venu-4-a-un-nouvel-entraineur-de-fitness-et-une-lampe-de-poche\/#primaryimage"},"thumbnailUrl":"https:\/\/vieassociative.be\/actualites\/wp-content\/uploads\/2025\/09\/Garmins-Venu-4-a-un-nouvel-entraineur-de-fitness-et.png","keywords":["entra\u00eeneur","fitness","Garmins","lampe","nouvel","poche","une","Venu"],"articleSection":["Sant\u00e9"],"inLanguage":"fr-BE"},{"@type":"WebPage","@id":"https:\/\/vieassociative.be\/actualites\/garmins-venu-4-a-un-nouvel-entraineur-de-fitness-et-une-lampe-de-poche\/","url":"https:\/\/vieassociative.be\/actualites\/garmins-venu-4-a-un-nouvel-entraineur-de-fitness-et-une-lampe-de-poche\/","name":"Garmin's Venu 4 a un nouvel entra\u00eeneur de fitness et une lampe de poche | Vie Associative","isPartOf":{"@id":"https:\/\/vieassociative.be\/actualites\/#website"},"primaryImageOfPage":{"@id":"https:\/\/vieassociative.be\/actualites\/garmins-venu-4-a-un-nouvel-entraineur-de-fitness-et-une-lampe-de-poche\/#primaryimage"},"image":{"@id":"https:\/\/vieassociative.be\/actualites\/garmins-venu-4-a-un-nouvel-entraineur-de-fitness-et-une-lampe-de-poche\/#primaryimage"},"thumbnailUrl":"https:\/\/vieassociative.be\/actualites\/wp-content\/uploads\/2025\/09\/Garmins-Venu-4-a-un-nouvel-entraineur-de-fitness-et.png","datePublished":"2025-09-18T01:17:02+00:00","dateModified":"2025-09-18T01:17:02+00:00","breadcrumb":{"@id":"https:\/\/vieassociative.be\/actualites\/garmins-venu-4-a-un-nouvel-entraineur-de-fitness-et-une-lampe-de-poche\/#breadcrumb"},"inLanguage":"fr-BE","potentialAction":[{"@type":"ReadAction","target":["https:\/\/vieassociative.be\/actualites\/garmins-venu-4-a-un-nouvel-entraineur-de-fitness-et-une-lampe-de-poche\/"]}]},{"@type":"ImageObject","inLanguage":"fr-BE","@id":"https:\/\/vieassociative.be\/actualites\/garmins-venu-4-a-un-nouvel-entraineur-de-fitness-et-une-lampe-de-poche\/#primaryimage","url":"https:\/\/vieassociative.be\/actualites\/wp-content\/uploads\/2025\/09\/Garmins-Venu-4-a-un-nouvel-entraineur-de-fitness-et.png","contentUrl":"https:\/\/vieassociative.be\/actualites\/wp-content\/uploads\/2025\/09\/Garmins-Venu-4-a-un-nouvel-entraineur-de-fitness-et.png","width":1200,"height":675,"caption":"Garmin's Venu 4 a un nouvel entra\u00eeneur de fitness et une lampe de poche"},{"@type":"BreadcrumbList","@id":"https:\/\/vieassociative.be\/actualites\/garmins-venu-4-a-un-nouvel-entraineur-de-fitness-et-une-lampe-de-poche\/#breadcrumb","itemListElement":[{"@type":"ListItem","position":1,"name":"Accueil","item":"https:\/\/vieassociative.be\/actualites\/"},{"@type":"ListItem","position":2,"name":"Garmin&rsquo;s Venu 4 a un nouvel entra\u00eeneur de fitness et une lampe de poche"}]},{"@type":"WebSite","@id":"https:\/\/vieassociative.be\/actualites\/#website","url":"https:\/\/vieassociative.be\/actualites\/","name":"Vie Associative","description":"","publisher":{"@id":"https:\/\/vieassociative.be\/actualites\/#organization"},"potentialAction":[{"@type":"SearchAction","target":{"@type":"EntryPoint","urlTemplate":"https:\/\/vieassociative.be\/actualites\/?s={search_term_string}"},"query-input":{"@type":"PropertyValueSpecification","valueRequired":true,"valueName":"search_term_string"}}],"inLanguage":"fr-BE"},{"@type":"Organization","@id":"https:\/\/vieassociative.be\/actualites\/#organization","name":"Vie Associative","url":"https:\/\/vieassociative.be\/actualites\/","logo":{"@type":"ImageObject","inLanguage":"fr-BE","@id":"https:\/\/vieassociative.be\/actualites\/#\/schema\/logo\/image\/","url":"https:\/\/vieassociative.be\/actualites\/wp-content\/uploads\/2024\/09\/cropped-vieassociative_favicon.ico.png","contentUrl":"https:\/\/vieassociative.be\/actualites\/wp-content\/uploads\/2024\/09\/cropped-vieassociative_favicon.ico.png","width":512,"height":512,"caption":"Vie Associative"},"image":{"@id":"https:\/\/vieassociative.be\/actualites\/#\/schema\/logo\/image\/"}},{"@type":"Person","@id":"https:\/\/vieassociative.be\/actualites\/#\/schema\/person\/b87ac4f82f9d4e7b7cec7395b679edc4","name":"Julien","image":{"@type":"ImageObject","inLanguage":"fr-BE","@id":"https:\/\/vieassociative.be\/actualites\/#\/schema\/person\/image\/","url":"https:\/\/vieassociative.be\/actualites\/wp-content\/uploads\/2024\/09\/vie-associative-1-150x150.jpg","contentUrl":"https:\/\/vieassociative.be\/actualites\/wp-content\/uploads\/2024\/09\/vie-associative-1-150x150.jpg","caption":"Julien"},"description":"Je suis Julien, r\u00e9dacteur pour Vie Associative. Passionn\u00e9 par le monde associatif depuis plus de 10 ans, j'ai \u00e0 c\u0153ur de partager des histoires inspirantes et de mettre en lumi\u00e8re les initiatives locales. Mon objectif est de sensibiliser et d'encourager l'engagement communautaire \u00e0 travers mes articles.","sameAs":["https:\/\/vieassociative.be\/"]}]}},"_links":{"self":[{"href":"https:\/\/vieassociative.be\/actualites\/wp-json\/wp\/v2\/posts\/10105"}],"collection":[{"href":"https:\/\/vieassociative.be\/actualites\/wp-json\/wp\/v2\/posts"}],"about":[{"href":"https:\/\/vieassociative.be\/actualites\/wp-json\/wp\/v2\/types\/post"}],"author":[{"embeddable":true,"href":"https:\/\/vieassociative.be\/actualites\/wp-json\/wp\/v2\/users\/1"}],"replies":[{"embeddable":true,"href":"https:\/\/vieassociative.be\/actualites\/wp-json\/wp\/v2\/comments?post=10105"}],"version-history":[{"count":0,"href":"https:\/\/vieassociative.be\/actualites\/wp-json\/wp\/v2\/posts\/10105\/revisions"}],"wp:featuredmedia":[{"embeddable":true,"href":"https:\/\/vieassociative.be\/actualites\/wp-json\/wp\/v2\/media\/10106"}],"wp:attachment":[{"href":"https:\/\/vieassociative.be\/actualites\/wp-json\/wp\/v2\/media?parent=10105"}],"wp:term":[{"taxonomy":"category","embeddable":true,"href":"https:\/\/vieassociative.be\/actualites\/wp-json\/wp\/v2\/categories?post=10105"},{"taxonomy":"post_tag","embeddable":true,"href":"https:\/\/vieassociative.be\/actualites\/wp-json\/wp\/v2\/tags?post=10105"}],"curies":[{"name":"wp","href":"https:\/\/api.w.org\/{rel}","templated":true}]}}