{"id":10102,"date":"2025-09-17T23:17:58","date_gmt":"2025-09-17T21:17:58","guid":{"rendered":"https:\/\/vieassociative.be\/actualites\/antisemitisme-au-niveau-de-huit-eleves-leurope-borde-les-juifs\/"},"modified":"2025-09-17T23:18:01","modified_gmt":"2025-09-17T21:18:01","slug":"antisemitisme-au-niveau-de-huit-eleves-leurope-borde-les-juifs","status":"publish","type":"post","link":"https:\/\/vieassociative.be\/actualites\/antisemitisme-au-niveau-de-huit-eleves-leurope-borde-les-juifs\/","title":{"rendered":"Antis\u00e9mitisme au niveau de huit \u00e9l\u00e8ves: l&rsquo;Europe borde les Juifs"},"content":{"rendered":"<p><\/p>\n<aside class=\"h-ad-280+text lg:h-0 lg:hidden mb-12 md:mb-16\" data-slot-id=\"pos1_sm\" data-breakpoint=\"sm\" data-hide-ad-text=\"false\" data-module-id=\"SparkAdSlotModule\"><\/aside>\n<p class=\"expressive-copy-lg-body\">Les \u00ab\u00a0travailleurs culturels\u00a0\u00bb du Flandre Festival en Belgique (il faut plut\u00f4t les appeler des militants politiques) ne font m\u00eame pas d&rsquo;effort pour cacher leur hostilit\u00e9 \u00e0 Isra\u00ebl. Le d\u00e9placement de la philharmonie de Munich est une moquerie &#8211; \u00e9galement intellectuelle: quelques lignes frapp\u00e9es ensemble, quelques agitation au \u00ab\u00a0r\u00e9gime g\u00e9nocidaire\u00a0\u00bb \u00e0 Tel Aviv et un d\u00e9placement verbal du chef d&rsquo;orchestre juif Lahav Shani, \u00e0 qui &#8211; faites attention! &#8211; \u00e9tait \u00ab\u00a0non en mesure\u00a0\u00bb de fournir \u00ab\u00a0une clart\u00e9 suffisante\u00a0\u00bb sur sa position politique pour la guerre \u00e0 Gaza. <\/p>\n<section class=\"my-10 flex flex-col gap-2 md:gap-5\" aria-label=\"Auch interessant\">\n<div data-group=\"headline\" class=\"mx-4 (section_&amp;):mx-0 border-t border-stroke-800\">\n<div class=\"flex pt-3.5 md:pt-4 pb-3 justify-between\">\n<div class=\"shrink-0 \"><\/div>\n<\/p><\/div>\n<\/p><\/div>\n<\/section>\n<p class=\"expressive-copy-lg-body\">Tout d&rsquo;abord, on aimerait rappeler \u00e0 haute voix: oui, alors donnez-vous un peu plus d&rsquo;efforts entre vos cantates Bach et la mezzo-soprano performative Arias et d\u00e9couvrez comment Shani se positionne lorsque l&rsquo;attitude politique correcte est la condition pr\u00e9alable \u00e0 votre art. <\/p>\n<div id=\"piano-banner-kampagne\" data-module-id=\"PianoElementModule, PianoRecoWidgetModule\" class=\"mb-4 block\"><\/div>\n<div id=\"piano-reco-widget\" data-module-id=\"PianoElementModule, PianoRecoWidgetModule\" class=\"mb-4 block\"><\/div>\n<ul class=\"my-10 (h3+&amp;):mt-0 expressive-copy-lg\">\n<li><strong>Pour r\u00e9duire les pr\u00e9jug\u00e9s: <\/strong>J\u00fcdin apprend l&rsquo;arabe &#8211; \u00ab\u00a0Ils pensaient que j&rsquo;\u00e9tais des services secrets\u00a0\u00bb  <\/li>\n<li><strong>Podcast Funke: <\/strong>Moyen-Orient dans les impasses de la violence et de l&rsquo;\u00e9chec politique<\/li>\n<li><strong>Le g\u00e9ologue fournit une analyse: <\/strong>L&rsquo;expert en tunnel consid\u00e8re que la bande de Gaza est inhabitable \u00e0 long terme<\/li>\n<li><strong>OMS: <\/strong>Les soins de sant\u00e9 dans la bande de Gaza pr\u00e8s de l&rsquo;effondrement<\/li>\n<\/ul>\n<p><!-- opinary --><\/p>\n<div class=\"w-full bg-stable-white\">\n<div id=\"opinary-automation-placeholder\" class=\"w-full\"><\/div>\n<\/p><\/div>\n<p class=\"expressive-copy-lg-body\">On pourrait encore rire au niveau de la huiti\u00e8me ann\u00e9e de l&rsquo;annonce des patrons du festival si la d\u00e9cision ne serait pas jusqu&rsquo;\u00e0 pr\u00e9sent: l&rsquo;Europe invite les Juifs \u00e0 \u00e9merger \u00e0 nouveau. Et que dans une entreprise culturelle qui devrait r\u00e9ellement s&rsquo;opposer et r\u00e9unir l&rsquo;agitation zeitgeist croissante et r\u00e9unir &#8211; d\u00e9tach\u00e9 d&rsquo;un programme politique. <\/p>\n<aside class=\"h-ad-600+text lg:h-0 lg:hidden mb-12 md:mb-16\" data-slot-id=\"pos2_sm\" data-breakpoint=\"sm\" data-hide-ad-text=\"false\" data-module-id=\"SparkAdSlotModule\"><\/aside>\n<p class=\"expressive-copy-lg-body\">Mais les artistes d&rsquo;Europe semblent tremp\u00e9s de combattants pour la cause palestinienne. Le silence contre chaque anti-s\u00e9mitisme est triste et l\u00e2che. <\/p>\n<p class=\"expressive-copy-lg-body\">Il y a des raisons de plus en plus croissantes de critiquer le gouvernement \u00e0 Tel Aviv. La suspicion des violations des droits de l&rsquo;homme et des crimes de guerre dans la lutte contre le groupe terroriste du Hamas confirme. Seulement: prendre des femmes juives en otage pour la politique de Benjamin Netanyahu n&rsquo;est rien d&rsquo;autre que l&rsquo;anti-semitisme.<\/p>\n","protected":false},"excerpt":{"rendered":"<p>Les \u00ab\u00a0travailleurs culturels\u00a0\u00bb du Flandre Festival en Belgique (il faut plut\u00f4t les appeler des militants politiques) ne font m\u00eame pas d&rsquo;effort pour cacher leur hostilit\u00e9<\/p>\n","protected":false},"author":1,"featured_media":10103,"comment_status":"closed","ping_status":"","sticky":false,"template":"","format":"standard","meta":{"footnotes":""},"categories":[298],"tags":[8588,8589,1554,78,8590,14,2785,3540],"class_list":["post-10102","post","type-post","status-publish","format-standard","has-post-thumbnail","hentry","category-belgique","tag-antisemitisme","tag-borde","tag-eleves","tag-huit","tag-juifs","tag-les","tag-leurope","tag-niveau","generate-columns","tablet-grid-50","mobile-grid-100","grid-parent","grid-33"],"yoast_head":"<!-- This site is optimized with the Yoast SEO plugin v24.0 - https:\/\/yoast.com\/wordpress\/plugins\/seo\/ -->\n<title>Antis\u00e9mitisme au niveau de huit \u00e9l\u00e8ves: l&#039;Europe borde les Juifs | Vie Associative<\/title>\n<meta name=\"robots\" content=\"index, follow, max-snippet:-1, max-image-preview:large, max-video-preview:-1\" \/>\n<link rel=\"canonical\" href=\"https:\/\/vieassociative.be\/actualites\/antisemitisme-au-niveau-de-huit-eleves-leurope-borde-les-juifs\/\" \/>\n<meta property=\"og:locale\" content=\"fr_FR\" \/>\n<meta property=\"og:type\" content=\"article\" \/>\n<meta property=\"og:title\" content=\"Antis\u00e9mitisme au niveau de huit \u00e9l\u00e8ves: l&#039;Europe borde les Juifs | Vie Associative\" \/>\n<meta property=\"og:description\" content=\"Les \u00ab\u00a0travailleurs culturels\u00a0\u00bb du Flandre Festival en Belgique (il faut plut\u00f4t les appeler des militants politiques) ne font m\u00eame pas d&rsquo;effort pour cacher leur hostilit\u00e9\" \/>\n<meta property=\"og:url\" content=\"https:\/\/vieassociative.be\/actualites\/antisemitisme-au-niveau-de-huit-eleves-leurope-borde-les-juifs\/\" \/>\n<meta property=\"og:site_name\" content=\"Vie Associative\" \/>\n<meta property=\"article:published_time\" content=\"2025-09-17T21:17:58+00:00\" \/>\n<meta property=\"article:modified_time\" content=\"2025-09-17T21:18:01+00:00\" \/>\n<meta property=\"og:image\" content=\"https:\/\/vieassociative.be\/actualites\/wp-content\/uploads\/2025\/09\/1758143879_Antisemitisme-au-niveau-de-huit-eleves-lEurope-borde-les-Juifs.jpeg\" \/>\n\t<meta property=\"og:image:width\" content=\"1600\" \/>\n\t<meta property=\"og:image:height\" content=\"900\" \/>\n\t<meta property=\"og:image:type\" content=\"image\/jpeg\" \/>\n<meta name=\"author\" content=\"Julien\" \/>\n<meta name=\"twitter:card\" content=\"summary_large_image\" \/>\n<meta name=\"twitter:label1\" content=\"\u00c9crit par\" \/>\n\t<meta name=\"twitter:data1\" content=\"Julien\" \/>\n\t<meta name=\"twitter:label2\" content=\"Dur\u00e9e de lecture est.\" \/>\n\t<meta name=\"twitter:data2\" content=\"2 minutes\" \/>\n<script type=\"application\/ld+json\" class=\"yoast-schema-graph\">{\"@context\":\"https:\/\/schema.org\",\"@graph\":[{\"@type\":\"Article\",\"@id\":\"https:\/\/vieassociative.be\/actualites\/antisemitisme-au-niveau-de-huit-eleves-leurope-borde-les-juifs\/#article\",\"isPartOf\":{\"@id\":\"https:\/\/vieassociative.be\/actualites\/antisemitisme-au-niveau-de-huit-eleves-leurope-borde-les-juifs\/\"},\"author\":{\"name\":\"Julien\",\"@id\":\"https:\/\/vieassociative.be\/actualites\/#\/schema\/person\/b87ac4f82f9d4e7b7cec7395b679edc4\"},\"headline\":\"Antis\u00e9mitisme au niveau de huit \u00e9l\u00e8ves: l&rsquo;Europe borde les Juifs\",\"datePublished\":\"2025-09-17T21:17:58+00:00\",\"dateModified\":\"2025-09-17T21:18:01+00:00\",\"mainEntityOfPage\":{\"@id\":\"https:\/\/vieassociative.be\/actualites\/antisemitisme-au-niveau-de-huit-eleves-leurope-borde-les-juifs\/\"},\"wordCount\":371,\"publisher\":{\"@id\":\"https:\/\/vieassociative.be\/actualites\/#organization\"},\"image\":{\"@id\":\"https:\/\/vieassociative.be\/actualites\/antisemitisme-au-niveau-de-huit-eleves-leurope-borde-les-juifs\/#primaryimage\"},\"thumbnailUrl\":\"https:\/\/vieassociative.be\/actualites\/wp-content\/uploads\/2025\/09\/1758143879_Antisemitisme-au-niveau-de-huit-eleves-lEurope-borde-les-Juifs.jpeg\",\"keywords\":[\"Antis\u00e9mitisme\",\"borde\",\"\u00e9l\u00e8ves\",\"Huit\",\"Juifs\",\"Les\",\"lEurope\",\"niveau\"],\"articleSection\":[\"Belgique\"],\"inLanguage\":\"fr-BE\"},{\"@type\":\"WebPage\",\"@id\":\"https:\/\/vieassociative.be\/actualites\/antisemitisme-au-niveau-de-huit-eleves-leurope-borde-les-juifs\/\",\"url\":\"https:\/\/vieassociative.be\/actualites\/antisemitisme-au-niveau-de-huit-eleves-leurope-borde-les-juifs\/\",\"name\":\"Antis\u00e9mitisme au niveau de huit \u00e9l\u00e8ves: l'Europe borde les Juifs | Vie Associative\",\"isPartOf\":{\"@id\":\"https:\/\/vieassociative.be\/actualites\/#website\"},\"primaryImageOfPage\":{\"@id\":\"https:\/\/vieassociative.be\/actualites\/antisemitisme-au-niveau-de-huit-eleves-leurope-borde-les-juifs\/#primaryimage\"},\"image\":{\"@id\":\"https:\/\/vieassociative.be\/actualites\/antisemitisme-au-niveau-de-huit-eleves-leurope-borde-les-juifs\/#primaryimage\"},\"thumbnailUrl\":\"https:\/\/vieassociative.be\/actualites\/wp-content\/uploads\/2025\/09\/1758143879_Antisemitisme-au-niveau-de-huit-eleves-lEurope-borde-les-Juifs.jpeg\",\"datePublished\":\"2025-09-17T21:17:58+00:00\",\"dateModified\":\"2025-09-17T21:18:01+00:00\",\"breadcrumb\":{\"@id\":\"https:\/\/vieassociative.be\/actualites\/antisemitisme-au-niveau-de-huit-eleves-leurope-borde-les-juifs\/#breadcrumb\"},\"inLanguage\":\"fr-BE\",\"potentialAction\":[{\"@type\":\"ReadAction\",\"target\":[\"https:\/\/vieassociative.be\/actualites\/antisemitisme-au-niveau-de-huit-eleves-leurope-borde-les-juifs\/\"]}]},{\"@type\":\"ImageObject\",\"inLanguage\":\"fr-BE\",\"@id\":\"https:\/\/vieassociative.be\/actualites\/antisemitisme-au-niveau-de-huit-eleves-leurope-borde-les-juifs\/#primaryimage\",\"url\":\"https:\/\/vieassociative.be\/actualites\/wp-content\/uploads\/2025\/09\/1758143879_Antisemitisme-au-niveau-de-huit-eleves-lEurope-borde-les-Juifs.jpeg\",\"contentUrl\":\"https:\/\/vieassociative.be\/actualites\/wp-content\/uploads\/2025\/09\/1758143879_Antisemitisme-au-niveau-de-huit-eleves-lEurope-borde-les-Juifs.jpeg\",\"width\":1600,\"height\":900,\"caption\":\"Antis\u00e9mitisme au niveau de huit \u00e9l\u00e8ves: l'Europe borde les Juifs\"},{\"@type\":\"BreadcrumbList\",\"@id\":\"https:\/\/vieassociative.be\/actualites\/antisemitisme-au-niveau-de-huit-eleves-leurope-borde-les-juifs\/#breadcrumb\",\"itemListElement\":[{\"@type\":\"ListItem\",\"position\":1,\"name\":\"Accueil\",\"item\":\"https:\/\/vieassociative.be\/actualites\/\"},{\"@type\":\"ListItem\",\"position\":2,\"name\":\"Antis\u00e9mitisme au niveau de huit \u00e9l\u00e8ves: l&rsquo;Europe borde les Juifs\"}]},{\"@type\":\"WebSite\",\"@id\":\"https:\/\/vieassociative.be\/actualites\/#website\",\"url\":\"https:\/\/vieassociative.be\/actualites\/\",\"name\":\"Vie Associative\",\"description\":\"\",\"publisher\":{\"@id\":\"https:\/\/vieassociative.be\/actualites\/#organization\"},\"potentialAction\":[{\"@type\":\"SearchAction\",\"target\":{\"@type\":\"EntryPoint\",\"urlTemplate\":\"https:\/\/vieassociative.be\/actualites\/?s={search_term_string}\"},\"query-input\":{\"@type\":\"PropertyValueSpecification\",\"valueRequired\":true,\"valueName\":\"search_term_string\"}}],\"inLanguage\":\"fr-BE\"},{\"@type\":\"Organization\",\"@id\":\"https:\/\/vieassociative.be\/actualites\/#organization\",\"name\":\"Vie Associative\",\"url\":\"https:\/\/vieassociative.be\/actualites\/\",\"logo\":{\"@type\":\"ImageObject\",\"inLanguage\":\"fr-BE\",\"@id\":\"https:\/\/vieassociative.be\/actualites\/#\/schema\/logo\/image\/\",\"url\":\"https:\/\/vieassociative.be\/actualites\/wp-content\/uploads\/2024\/09\/cropped-vieassociative_favicon.ico.png\",\"contentUrl\":\"https:\/\/vieassociative.be\/actualites\/wp-content\/uploads\/2024\/09\/cropped-vieassociative_favicon.ico.png\",\"width\":512,\"height\":512,\"caption\":\"Vie Associative\"},\"image\":{\"@id\":\"https:\/\/vieassociative.be\/actualites\/#\/schema\/logo\/image\/\"}},{\"@type\":\"Person\",\"@id\":\"https:\/\/vieassociative.be\/actualites\/#\/schema\/person\/b87ac4f82f9d4e7b7cec7395b679edc4\",\"name\":\"Julien\",\"image\":{\"@type\":\"ImageObject\",\"inLanguage\":\"fr-BE\",\"@id\":\"https:\/\/vieassociative.be\/actualites\/#\/schema\/person\/image\/\",\"url\":\"https:\/\/vieassociative.be\/actualites\/wp-content\/uploads\/2024\/09\/vie-associative-1-150x150.jpg\",\"contentUrl\":\"https:\/\/vieassociative.be\/actualites\/wp-content\/uploads\/2024\/09\/vie-associative-1-150x150.jpg\",\"caption\":\"Julien\"},\"description\":\"Je suis Julien, r\u00e9dacteur pour Vie Associative. Passionn\u00e9 par le monde associatif depuis plus de 10 ans, j'ai \u00e0 c\u0153ur de partager des histoires inspirantes et de mettre en lumi\u00e8re les initiatives locales. Mon objectif est de sensibiliser et d'encourager l'engagement communautaire \u00e0 travers mes articles.\",\"sameAs\":[\"https:\/\/vieassociative.be\/\"]}]}<\/script>\n<!-- \/ Yoast SEO plugin. -->","yoast_head_json":{"title":"Antis\u00e9mitisme au niveau de huit \u00e9l\u00e8ves: l'Europe borde les Juifs | Vie Associative","robots":{"index":"index","follow":"follow","max-snippet":"max-snippet:-1","max-image-preview":"max-image-preview:large","max-video-preview":"max-video-preview:-1"},"canonical":"https:\/\/vieassociative.be\/actualites\/antisemitisme-au-niveau-de-huit-eleves-leurope-borde-les-juifs\/","og_locale":"fr_FR","og_type":"article","og_title":"Antis\u00e9mitisme au niveau de huit \u00e9l\u00e8ves: l'Europe borde les Juifs | Vie Associative","og_description":"Les \u00ab\u00a0travailleurs culturels\u00a0\u00bb du Flandre Festival en Belgique (il faut plut\u00f4t les appeler des militants politiques) ne font m\u00eame pas d&rsquo;effort pour cacher leur hostilit\u00e9","og_url":"https:\/\/vieassociative.be\/actualites\/antisemitisme-au-niveau-de-huit-eleves-leurope-borde-les-juifs\/","og_site_name":"Vie Associative","article_published_time":"2025-09-17T21:17:58+00:00","article_modified_time":"2025-09-17T21:18:01+00:00","og_image":[{"width":1600,"height":900,"url":"https:\/\/vieassociative.be\/actualites\/wp-content\/uploads\/2025\/09\/1758143879_Antisemitisme-au-niveau-de-huit-eleves-lEurope-borde-les-Juifs.jpeg","type":"image\/jpeg"}],"author":"Julien","twitter_card":"summary_large_image","twitter_misc":{"\u00c9crit par":"Julien","Dur\u00e9e de lecture est.":"2 minutes"},"schema":{"@context":"https:\/\/schema.org","@graph":[{"@type":"Article","@id":"https:\/\/vieassociative.be\/actualites\/antisemitisme-au-niveau-de-huit-eleves-leurope-borde-les-juifs\/#article","isPartOf":{"@id":"https:\/\/vieassociative.be\/actualites\/antisemitisme-au-niveau-de-huit-eleves-leurope-borde-les-juifs\/"},"author":{"name":"Julien","@id":"https:\/\/vieassociative.be\/actualites\/#\/schema\/person\/b87ac4f82f9d4e7b7cec7395b679edc4"},"headline":"Antis\u00e9mitisme au niveau de huit \u00e9l\u00e8ves: l&rsquo;Europe borde les Juifs","datePublished":"2025-09-17T21:17:58+00:00","dateModified":"2025-09-17T21:18:01+00:00","mainEntityOfPage":{"@id":"https:\/\/vieassociative.be\/actualites\/antisemitisme-au-niveau-de-huit-eleves-leurope-borde-les-juifs\/"},"wordCount":371,"publisher":{"@id":"https:\/\/vieassociative.be\/actualites\/#organization"},"image":{"@id":"https:\/\/vieassociative.be\/actualites\/antisemitisme-au-niveau-de-huit-eleves-leurope-borde-les-juifs\/#primaryimage"},"thumbnailUrl":"https:\/\/vieassociative.be\/actualites\/wp-content\/uploads\/2025\/09\/1758143879_Antisemitisme-au-niveau-de-huit-eleves-lEurope-borde-les-Juifs.jpeg","keywords":["Antis\u00e9mitisme","borde","\u00e9l\u00e8ves","Huit","Juifs","Les","lEurope","niveau"],"articleSection":["Belgique"],"inLanguage":"fr-BE"},{"@type":"WebPage","@id":"https:\/\/vieassociative.be\/actualites\/antisemitisme-au-niveau-de-huit-eleves-leurope-borde-les-juifs\/","url":"https:\/\/vieassociative.be\/actualites\/antisemitisme-au-niveau-de-huit-eleves-leurope-borde-les-juifs\/","name":"Antis\u00e9mitisme au niveau de huit \u00e9l\u00e8ves: l'Europe borde les Juifs | Vie Associative","isPartOf":{"@id":"https:\/\/vieassociative.be\/actualites\/#website"},"primaryImageOfPage":{"@id":"https:\/\/vieassociative.be\/actualites\/antisemitisme-au-niveau-de-huit-eleves-leurope-borde-les-juifs\/#primaryimage"},"image":{"@id":"https:\/\/vieassociative.be\/actualites\/antisemitisme-au-niveau-de-huit-eleves-leurope-borde-les-juifs\/#primaryimage"},"thumbnailUrl":"https:\/\/vieassociative.be\/actualites\/wp-content\/uploads\/2025\/09\/1758143879_Antisemitisme-au-niveau-de-huit-eleves-lEurope-borde-les-Juifs.jpeg","datePublished":"2025-09-17T21:17:58+00:00","dateModified":"2025-09-17T21:18:01+00:00","breadcrumb":{"@id":"https:\/\/vieassociative.be\/actualites\/antisemitisme-au-niveau-de-huit-eleves-leurope-borde-les-juifs\/#breadcrumb"},"inLanguage":"fr-BE","potentialAction":[{"@type":"ReadAction","target":["https:\/\/vieassociative.be\/actualites\/antisemitisme-au-niveau-de-huit-eleves-leurope-borde-les-juifs\/"]}]},{"@type":"ImageObject","inLanguage":"fr-BE","@id":"https:\/\/vieassociative.be\/actualites\/antisemitisme-au-niveau-de-huit-eleves-leurope-borde-les-juifs\/#primaryimage","url":"https:\/\/vieassociative.be\/actualites\/wp-content\/uploads\/2025\/09\/1758143879_Antisemitisme-au-niveau-de-huit-eleves-lEurope-borde-les-Juifs.jpeg","contentUrl":"https:\/\/vieassociative.be\/actualites\/wp-content\/uploads\/2025\/09\/1758143879_Antisemitisme-au-niveau-de-huit-eleves-lEurope-borde-les-Juifs.jpeg","width":1600,"height":900,"caption":"Antis\u00e9mitisme au niveau de huit \u00e9l\u00e8ves: l'Europe borde les Juifs"},{"@type":"BreadcrumbList","@id":"https:\/\/vieassociative.be\/actualites\/antisemitisme-au-niveau-de-huit-eleves-leurope-borde-les-juifs\/#breadcrumb","itemListElement":[{"@type":"ListItem","position":1,"name":"Accueil","item":"https:\/\/vieassociative.be\/actualites\/"},{"@type":"ListItem","position":2,"name":"Antis\u00e9mitisme au niveau de huit \u00e9l\u00e8ves: l&rsquo;Europe borde les Juifs"}]},{"@type":"WebSite","@id":"https:\/\/vieassociative.be\/actualites\/#website","url":"https:\/\/vieassociative.be\/actualites\/","name":"Vie Associative","description":"","publisher":{"@id":"https:\/\/vieassociative.be\/actualites\/#organization"},"potentialAction":[{"@type":"SearchAction","target":{"@type":"EntryPoint","urlTemplate":"https:\/\/vieassociative.be\/actualites\/?s={search_term_string}"},"query-input":{"@type":"PropertyValueSpecification","valueRequired":true,"valueName":"search_term_string"}}],"inLanguage":"fr-BE"},{"@type":"Organization","@id":"https:\/\/vieassociative.be\/actualites\/#organization","name":"Vie Associative","url":"https:\/\/vieassociative.be\/actualites\/","logo":{"@type":"ImageObject","inLanguage":"fr-BE","@id":"https:\/\/vieassociative.be\/actualites\/#\/schema\/logo\/image\/","url":"https:\/\/vieassociative.be\/actualites\/wp-content\/uploads\/2024\/09\/cropped-vieassociative_favicon.ico.png","contentUrl":"https:\/\/vieassociative.be\/actualites\/wp-content\/uploads\/2024\/09\/cropped-vieassociative_favicon.ico.png","width":512,"height":512,"caption":"Vie Associative"},"image":{"@id":"https:\/\/vieassociative.be\/actualites\/#\/schema\/logo\/image\/"}},{"@type":"Person","@id":"https:\/\/vieassociative.be\/actualites\/#\/schema\/person\/b87ac4f82f9d4e7b7cec7395b679edc4","name":"Julien","image":{"@type":"ImageObject","inLanguage":"fr-BE","@id":"https:\/\/vieassociative.be\/actualites\/#\/schema\/person\/image\/","url":"https:\/\/vieassociative.be\/actualites\/wp-content\/uploads\/2024\/09\/vie-associative-1-150x150.jpg","contentUrl":"https:\/\/vieassociative.be\/actualites\/wp-content\/uploads\/2024\/09\/vie-associative-1-150x150.jpg","caption":"Julien"},"description":"Je suis Julien, r\u00e9dacteur pour Vie Associative. Passionn\u00e9 par le monde associatif depuis plus de 10 ans, j'ai \u00e0 c\u0153ur de partager des histoires inspirantes et de mettre en lumi\u00e8re les initiatives locales. Mon objectif est de sensibiliser et d'encourager l'engagement communautaire \u00e0 travers mes articles.","sameAs":["https:\/\/vieassociative.be\/"]}]}},"_links":{"self":[{"href":"https:\/\/vieassociative.be\/actualites\/wp-json\/wp\/v2\/posts\/10102"}],"collection":[{"href":"https:\/\/vieassociative.be\/actualites\/wp-json\/wp\/v2\/posts"}],"about":[{"href":"https:\/\/vieassociative.be\/actualites\/wp-json\/wp\/v2\/types\/post"}],"author":[{"embeddable":true,"href":"https:\/\/vieassociative.be\/actualites\/wp-json\/wp\/v2\/users\/1"}],"replies":[{"embeddable":true,"href":"https:\/\/vieassociative.be\/actualites\/wp-json\/wp\/v2\/comments?post=10102"}],"version-history":[{"count":1,"href":"https:\/\/vieassociative.be\/actualites\/wp-json\/wp\/v2\/posts\/10102\/revisions"}],"predecessor-version":[{"id":10104,"href":"https:\/\/vieassociative.be\/actualites\/wp-json\/wp\/v2\/posts\/10102\/revisions\/10104"}],"wp:featuredmedia":[{"embeddable":true,"href":"https:\/\/vieassociative.be\/actualites\/wp-json\/wp\/v2\/media\/10103"}],"wp:attachment":[{"href":"https:\/\/vieassociative.be\/actualites\/wp-json\/wp\/v2\/media?parent=10102"}],"wp:term":[{"taxonomy":"category","embeddable":true,"href":"https:\/\/vieassociative.be\/actualites\/wp-json\/wp\/v2\/categories?post=10102"},{"taxonomy":"post_tag","embeddable":true,"href":"https:\/\/vieassociative.be\/actualites\/wp-json\/wp\/v2\/tags?post=10102"}],"curies":[{"name":"wp","href":"https:\/\/api.w.org\/{rel}","templated":true}]}}