{"id":10100,"date":"2025-09-17T22:17:29","date_gmt":"2025-09-17T20:17:29","guid":{"rendered":"https:\/\/vieassociative.be\/actualites\/vivant-group-demande-a-nouveau-pourquoi-la-dg-a-t-elle-besoin-de-tant-de-commandes-detude-et-de-conseil-externes\/"},"modified":"2025-09-17T22:17:29","modified_gmt":"2025-09-17T20:17:29","slug":"vivant-group-demande-a-nouveau-pourquoi-la-dg-a-t-elle-besoin-de-tant-de-commandes-detude-et-de-conseil-externes","status":"publish","type":"post","link":"https:\/\/vieassociative.be\/actualites\/vivant-group-demande-a-nouveau-pourquoi-la-dg-a-t-elle-besoin-de-tant-de-commandes-detude-et-de-conseil-externes\/","title":{"rendered":"Vivant Group demande \u00e0 nouveau: \u00ab\u00a0Pourquoi la DG a-t-elle besoin de tant de commandes d&rsquo;\u00e9tude et de conseil externes?\u00a0\u00bb"},"content":{"rendered":"<p><strong>\u00ab\u00a0Quiconque met \u00e0 jour un appareil administratif qui s&rsquo;est d\u00e9velopp\u00e9 au fil des ans qui a l&rsquo;appareil politique le plus cher d&rsquo;Europe par habitant et a pourtant besoin de soci\u00e9t\u00e9s externes pour expliquer leurs propres faiblesses a un probl\u00e8me de leadership.\u00a0\u00bb<\/strong><\/p>\n<p><span id=\"more-424711\"><\/span>Cette conclusion arrive au groupe Vivant au Parlement de la DG, qui est clairement ennuy\u00e9 par \u00ab\u00a0la r\u00e9ponse inad\u00e9quate\u00a0\u00bb du Premier ministre Oliver Paasch (ProDG) \u00e0 la derni\u00e8re question \u00e9crite de Michael Balter sur les d\u00e9penses du gouvernement de la DG pour des \u00e9tudes externes et des ordonnances consultatives de la DG (voir rapport sur cet autre endroit).<\/p>\n<p>Michael Balter, Alain Mertes, Diana Stiel et Elena Peters critiquent que dans sa r\u00e9ponse, Paasch a livr\u00e9 des \u00ab\u00a0tables d\u00e9routantes\u00a0\u00bb et a fourni \u00ab\u00a0des informations contradictoires\u00a0\u00bb. Les questions centrales n&rsquo;ont pas du tout r\u00e9pondu.<\/p>\n<div id=\"attachment_422190\" class=\"wp-caption alignleft\" style=\"max-width: 300px\"><img fetchpriority=\"high\" decoding=\"async\" class=\"wp-image-422190 size-medium\" src=\"https:\/\/vieassociative.be\/actualites\/wp-content\/uploads\/2025\/09\/Vivant-Group-demande-a-nouveau-Pourquoi-la-DG-a-t-elle-besoin.jpg\" alt=\"\" width=\"300\" height=\"201\"  ><\/div>\n<p>\u00ab\u00a0Notre propre consolidation de toutes les listes transmises par le gouvernement entra\u00eene un total de 9 955 256,88 euros (y compris la TVA) pour 2019 \u00e0 2024.\u00a0\u00bb Les rapports juridiques, techniques et fiscaux ainsi que les audits de l&rsquo;UE ne sont pas inclus &#8211; la charge r\u00e9elle est donc encore plus \u00e9lev\u00e9e, explique Vivant.<\/p>\n<p><strong>&#8211; dettes au niveau du record:<\/strong> \u00ab\u00a0Au lieu de la transparence, le gouvernement fournit des valeurs.<\/p>\n<p>Le communiqu\u00e9 de presse de Vivant indique \u00e9galement: 1,3 milliard de dettes, la hausse des taux d&rsquo;int\u00e9r\u00eat, les tourn\u00e9es d&rsquo;\u00e9pargne chez le citoyen &#8211; et en m\u00eame temps des millions de consultants. Nous voulons des preuves au lieu du langage visuel. Le facteur d\u00e9cisif est que les dettes sont \u00e0 un niveau record, le fardeau des int\u00e9r\u00eats augmente, et pourtant le gouvernement conserve des ordonnances de conseil co\u00fbteuses, tandis que le citoyen est raccourci. La mise en sc\u00e8ne symbolise la situation: mode de d\u00e9fense au lieu de guidage, toile de fond au lieu de texte brut. \u00ab\u00a0<\/p>\n<div id=\"attachment_414664\" class=\"wp-caption alignleft\" style=\"max-width: 300px\"><img decoding=\"async\" class=\"wp-image-414664 size-medium\" src=\"https:\/\/vieassociative.be\/actualites\/wp-content\/uploads\/2025\/05\/La-Commission-de-controle-des-langues-confirme-une-violation-de.jpg\" alt=\"\" width=\"300\" height=\"201\"  ><\/div>\n<p>Selon Vivant, le citoyen a droit \u00e0 des chiffres concr\u00e8tes, des \u00e9valuations, des effets &#8211; aucun accessoire. \u00ab\u00a0Selon la d\u00e9cision du gouvernement, huit millions devraient \u00eatre sauv\u00e9s chaque ann\u00e9e &#8211; des \u00e9conomies qui s&rsquo;\u00e9tendent simplement compte tenu de la hausse des charges d&rsquo;int\u00e9r\u00eat.<\/p>\n<p>En outre, il y a la contradiction entre le spargetorics public et la pratique factuelle, selon les quatre d\u00e9put\u00e9s vivants. Alors que le gouvernement parle de \u00abcompulsion des \u00e9conomies\u00bb et d&rsquo;un arr\u00eat d&rsquo;arr\u00eat, des analyses externes, des documents de strat\u00e9gie et des services de relations publiques seraient achet\u00e9s par partie par des groupes internationaux tels que PwC ou des agences de relations publiques telles que MSL.<\/p>\n<p>Vivant poursuit: \u00abAlors que les programmes d&rsquo;aust\u00e9rit\u00e9 avec le mantra\u00ab tout le monde doit contribuer \u00e0 leur part \u00bb, en particulier chez les petits citoyens, sont d\u00e9cern\u00e9s en parall\u00e8le en millions.<\/p>\n<p><strong>&#8211; \u00ab\u00a0La DG a un probl\u00e8me de leadership\u00a0\u00bb:<\/strong> Vivant veut rester sur le sujet et soumettre une nouvelle demande \u00e9crite. Les citoyens auraient droit \u00e0 la clart\u00e9, \u00e0 la mesure et au but &#8211; et \u00e0 un gouvernement qui a d&rsquo;abord mis l&rsquo;ordre \u00e0 leurs propres structures avant de transf\u00e9rer d&rsquo;autres millions de soci\u00e9t\u00e9s de conseil. (Cre)<\/p>\n<p><em><strong>Sur le sujet, voir \u00e9galement l&rsquo;article suivant sur OD:<\/strong><\/em><\/p>\n<div class=\"responsive-embed widescreen\">\n<blockquote class=\"wp-embedded-content\" data-secret=\"18oFqA2H3U\">\n<p>Balter interroge Paasch sur les d\u00e9penses du gouvernement DG pour des \u00e9tudes externes et des consultants<\/p>\n<\/blockquote>\n<p><iframe loading=\"lazy\" class=\"wp-embedded-content\" sandbox=\"allow-scripts\" security=\"restricted\" style=\"position: absolute; visibility: hidden;\" title=\"\u201eBalter fragt nach bei Paasch zu den Ausgaben der Regierung der DG f\u00fcr externe Studien und Berater\u201c \u2014 Ostbelgien Direkt\" src=\"https:\/\/ostbelgiendirekt.be\/about:blank\" data-secret=\"18oFqA2H3U\" width=\"500\" height=\"282\" frameborder=\"0\" marginwidth=\"0\" marginheight=\"0\" scrolling=\"no\" data-rocket-lazyload=\"fitvidscompatible\" data-lazy-src=\"https:\/\/ostbelgiendirekt.be\/dg-externe-studien-und-berater-423764\/embed#?secret=UkDVD3S8mq#?secret=18oFqA2H3U\"><\/iframe><noscript><iframe class=\"wp-embedded-content\" sandbox=\"allow-scripts\" security=\"restricted\" style=\"position: absolute; visibility: hidden;\" title=\"\u201eBalter fragt nach bei Paasch zu den Ausgaben der Regierung der DG f\u00fcr externe Studien und Berater\u201c \u2014 Ostbelgien Direkt\" src=\"https:\/\/ostbelgiendirekt.be\/dg-externe-studien-und-berater-423764\/embed#?secret=UkDVD3S8mq#?secret=18oFqA2H3U\" data-secret=\"18oFqA2H3U\" width=\"500\" height=\"282\" frameborder=\"0\" marginwidth=\"0\" marginheight=\"0\" scrolling=\"no\"><\/iframe><\/noscript><\/p>\n<\/div>\n","protected":false},"excerpt":{"rendered":"<p>\u00ab\u00a0Quiconque met \u00e0 jour un appareil administratif qui s&rsquo;est d\u00e9velopp\u00e9 au fil des ans qui a l&rsquo;appareil politique le plus cher d&rsquo;Europe par habitant et<\/p>\n","protected":false},"author":1,"featured_media":10101,"comment_status":"","ping_status":"","sticky":false,"template":"","format":"standard","meta":{"footnotes":""},"categories":[298],"tags":[5268,259,6175,1085,1642,1468,8417,5344,553,734,1745,3138],"class_list":["post-10100","post","type-post","status-publish","format-standard","has-post-thumbnail","hentry","category-belgique","tag-atelle","tag-besoin","tag-commandes","tag-conseil","tag-demande","tag-detude","tag-externes","tag-group","tag-nouveau","tag-pourquoi","tag-tant","tag-vivant","generate-columns","tablet-grid-50","mobile-grid-100","grid-parent","grid-33"],"yoast_head":"<!-- This site is optimized with the Yoast SEO plugin v24.0 - https:\/\/yoast.com\/wordpress\/plugins\/seo\/ -->\n<title>Vivant Group demande \u00e0 nouveau: &quot;Pourquoi la DG a-t-elle besoin de tant de commandes d&#039;\u00e9tude et de conseil externes?&quot; | Vie Associative<\/title>\n<meta name=\"robots\" content=\"index, follow, max-snippet:-1, max-image-preview:large, max-video-preview:-1\" \/>\n<link rel=\"canonical\" href=\"https:\/\/vieassociative.be\/actualites\/vivant-group-demande-a-nouveau-pourquoi-la-dg-a-t-elle-besoin-de-tant-de-commandes-detude-et-de-conseil-externes\/\" \/>\n<meta property=\"og:locale\" content=\"fr_FR\" \/>\n<meta property=\"og:type\" content=\"article\" \/>\n<meta property=\"og:title\" content=\"Vivant Group demande \u00e0 nouveau: &quot;Pourquoi la DG a-t-elle besoin de tant de commandes d&#039;\u00e9tude et de conseil externes?&quot; | Vie Associative\" \/>\n<meta property=\"og:description\" content=\"\u00ab\u00a0Quiconque met \u00e0 jour un appareil administratif qui s&rsquo;est d\u00e9velopp\u00e9 au fil des ans qui a l&rsquo;appareil politique le plus cher d&rsquo;Europe par habitant et\" \/>\n<meta property=\"og:url\" content=\"https:\/\/vieassociative.be\/actualites\/vivant-group-demande-a-nouveau-pourquoi-la-dg-a-t-elle-besoin-de-tant-de-commandes-detude-et-de-conseil-externes\/\" \/>\n<meta property=\"og:site_name\" content=\"Vie Associative\" \/>\n<meta property=\"article:published_time\" content=\"2025-09-17T20:17:29+00:00\" \/>\n<meta property=\"og:image\" content=\"https:\/\/vieassociative.be\/actualites\/wp-content\/uploads\/2024\/09\/header_backgroundk-01-e1726694325946.png\" \/>\n\t<meta property=\"og:image:width\" content=\"279\" \/>\n\t<meta property=\"og:image:height\" content=\"92\" \/>\n\t<meta property=\"og:image:type\" content=\"image\/png\" \/>\n<meta name=\"author\" content=\"Julien\" \/>\n<meta name=\"twitter:card\" content=\"summary_large_image\" \/>\n<meta name=\"twitter:label1\" content=\"\u00c9crit par\" \/>\n\t<meta name=\"twitter:data1\" content=\"Julien\" \/>\n\t<meta name=\"twitter:label2\" content=\"Dur\u00e9e de lecture est.\" \/>\n\t<meta name=\"twitter:data2\" content=\"3 minutes\" \/>\n<script type=\"application\/ld+json\" class=\"yoast-schema-graph\">{\"@context\":\"https:\/\/schema.org\",\"@graph\":[{\"@type\":\"Article\",\"@id\":\"https:\/\/vieassociative.be\/actualites\/vivant-group-demande-a-nouveau-pourquoi-la-dg-a-t-elle-besoin-de-tant-de-commandes-detude-et-de-conseil-externes\/#article\",\"isPartOf\":{\"@id\":\"https:\/\/vieassociative.be\/actualites\/vivant-group-demande-a-nouveau-pourquoi-la-dg-a-t-elle-besoin-de-tant-de-commandes-detude-et-de-conseil-externes\/\"},\"author\":{\"name\":\"Julien\",\"@id\":\"https:\/\/vieassociative.be\/actualites\/#\/schema\/person\/b87ac4f82f9d4e7b7cec7395b679edc4\"},\"headline\":\"Vivant Group demande \u00e0 nouveau: \u00ab\u00a0Pourquoi la DG a-t-elle besoin de tant de commandes d&rsquo;\u00e9tude et de conseil externes?\u00a0\u00bb\",\"datePublished\":\"2025-09-17T20:17:29+00:00\",\"dateModified\":\"2025-09-17T20:17:29+00:00\",\"mainEntityOfPage\":{\"@id\":\"https:\/\/vieassociative.be\/actualites\/vivant-group-demande-a-nouveau-pourquoi-la-dg-a-t-elle-besoin-de-tant-de-commandes-detude-et-de-conseil-externes\/\"},\"wordCount\":584,\"publisher\":{\"@id\":\"https:\/\/vieassociative.be\/actualites\/#organization\"},\"image\":{\"@id\":\"https:\/\/vieassociative.be\/actualites\/vivant-group-demande-a-nouveau-pourquoi-la-dg-a-t-elle-besoin-de-tant-de-commandes-detude-et-de-conseil-externes\/#primaryimage\"},\"thumbnailUrl\":\"https:\/\/vieassociative.be\/actualites\/wp-content\/uploads\/2025\/09\/1758140249_Vivant-Group-demande-a-nouveau-Pourquoi-la-DG-a-t-elle-besoin.jpg\",\"keywords\":[\"atelle\",\"besoin\",\"commandes\",\"conseil\",\"demand\u00e9\",\"d\u00e9tude\",\"externes\",\"Group\",\"nouveau\",\"Pourquoi\",\"tant\",\"Vivant\"],\"articleSection\":[\"Belgique\"],\"inLanguage\":\"fr-BE\"},{\"@type\":\"WebPage\",\"@id\":\"https:\/\/vieassociative.be\/actualites\/vivant-group-demande-a-nouveau-pourquoi-la-dg-a-t-elle-besoin-de-tant-de-commandes-detude-et-de-conseil-externes\/\",\"url\":\"https:\/\/vieassociative.be\/actualites\/vivant-group-demande-a-nouveau-pourquoi-la-dg-a-t-elle-besoin-de-tant-de-commandes-detude-et-de-conseil-externes\/\",\"name\":\"Vivant Group demande \u00e0 nouveau: \\\"Pourquoi la DG a-t-elle besoin de tant de commandes d'\u00e9tude et de conseil externes?\\\" | Vie Associative\",\"isPartOf\":{\"@id\":\"https:\/\/vieassociative.be\/actualites\/#website\"},\"primaryImageOfPage\":{\"@id\":\"https:\/\/vieassociative.be\/actualites\/vivant-group-demande-a-nouveau-pourquoi-la-dg-a-t-elle-besoin-de-tant-de-commandes-detude-et-de-conseil-externes\/#primaryimage\"},\"image\":{\"@id\":\"https:\/\/vieassociative.be\/actualites\/vivant-group-demande-a-nouveau-pourquoi-la-dg-a-t-elle-besoin-de-tant-de-commandes-detude-et-de-conseil-externes\/#primaryimage\"},\"thumbnailUrl\":\"https:\/\/vieassociative.be\/actualites\/wp-content\/uploads\/2025\/09\/1758140249_Vivant-Group-demande-a-nouveau-Pourquoi-la-DG-a-t-elle-besoin.jpg\",\"datePublished\":\"2025-09-17T20:17:29+00:00\",\"dateModified\":\"2025-09-17T20:17:29+00:00\",\"breadcrumb\":{\"@id\":\"https:\/\/vieassociative.be\/actualites\/vivant-group-demande-a-nouveau-pourquoi-la-dg-a-t-elle-besoin-de-tant-de-commandes-detude-et-de-conseil-externes\/#breadcrumb\"},\"inLanguage\":\"fr-BE\",\"potentialAction\":[{\"@type\":\"ReadAction\",\"target\":[\"https:\/\/vieassociative.be\/actualites\/vivant-group-demande-a-nouveau-pourquoi-la-dg-a-t-elle-besoin-de-tant-de-commandes-detude-et-de-conseil-externes\/\"]}]},{\"@type\":\"ImageObject\",\"inLanguage\":\"fr-BE\",\"@id\":\"https:\/\/vieassociative.be\/actualites\/vivant-group-demande-a-nouveau-pourquoi-la-dg-a-t-elle-besoin-de-tant-de-commandes-detude-et-de-conseil-externes\/#primaryimage\",\"url\":\"https:\/\/vieassociative.be\/actualites\/wp-content\/uploads\/2025\/09\/1758140249_Vivant-Group-demande-a-nouveau-Pourquoi-la-DG-a-t-elle-besoin.jpg\",\"contentUrl\":\"https:\/\/vieassociative.be\/actualites\/wp-content\/uploads\/2025\/09\/1758140249_Vivant-Group-demande-a-nouveau-Pourquoi-la-DG-a-t-elle-besoin.jpg\",\"width\":1200,\"height\":800,\"caption\":\"Vivant Group demande \u00e0 nouveau: \\\"Pourquoi la DG a-t-elle besoin de tant de commandes d'\u00e9tude et de conseil externes?\\\"\"},{\"@type\":\"BreadcrumbList\",\"@id\":\"https:\/\/vieassociative.be\/actualites\/vivant-group-demande-a-nouveau-pourquoi-la-dg-a-t-elle-besoin-de-tant-de-commandes-detude-et-de-conseil-externes\/#breadcrumb\",\"itemListElement\":[{\"@type\":\"ListItem\",\"position\":1,\"name\":\"Accueil\",\"item\":\"https:\/\/vieassociative.be\/actualites\/\"},{\"@type\":\"ListItem\",\"position\":2,\"name\":\"Vivant Group demande \u00e0 nouveau: \u00ab\u00a0Pourquoi la DG a-t-elle besoin de tant de commandes d&rsquo;\u00e9tude et de conseil externes?\u00a0\u00bb\"}]},{\"@type\":\"WebSite\",\"@id\":\"https:\/\/vieassociative.be\/actualites\/#website\",\"url\":\"https:\/\/vieassociative.be\/actualites\/\",\"name\":\"Vie Associative\",\"description\":\"\",\"publisher\":{\"@id\":\"https:\/\/vieassociative.be\/actualites\/#organization\"},\"potentialAction\":[{\"@type\":\"SearchAction\",\"target\":{\"@type\":\"EntryPoint\",\"urlTemplate\":\"https:\/\/vieassociative.be\/actualites\/?s={search_term_string}\"},\"query-input\":{\"@type\":\"PropertyValueSpecification\",\"valueRequired\":true,\"valueName\":\"search_term_string\"}}],\"inLanguage\":\"fr-BE\"},{\"@type\":\"Organization\",\"@id\":\"https:\/\/vieassociative.be\/actualites\/#organization\",\"name\":\"Vie Associative\",\"url\":\"https:\/\/vieassociative.be\/actualites\/\",\"logo\":{\"@type\":\"ImageObject\",\"inLanguage\":\"fr-BE\",\"@id\":\"https:\/\/vieassociative.be\/actualites\/#\/schema\/logo\/image\/\",\"url\":\"https:\/\/vieassociative.be\/actualites\/wp-content\/uploads\/2024\/09\/cropped-vieassociative_favicon.ico.png\",\"contentUrl\":\"https:\/\/vieassociative.be\/actualites\/wp-content\/uploads\/2024\/09\/cropped-vieassociative_favicon.ico.png\",\"width\":512,\"height\":512,\"caption\":\"Vie Associative\"},\"image\":{\"@id\":\"https:\/\/vieassociative.be\/actualites\/#\/schema\/logo\/image\/\"}},{\"@type\":\"Person\",\"@id\":\"https:\/\/vieassociative.be\/actualites\/#\/schema\/person\/b87ac4f82f9d4e7b7cec7395b679edc4\",\"name\":\"Julien\",\"image\":{\"@type\":\"ImageObject\",\"inLanguage\":\"fr-BE\",\"@id\":\"https:\/\/vieassociative.be\/actualites\/#\/schema\/person\/image\/\",\"url\":\"https:\/\/vieassociative.be\/actualites\/wp-content\/uploads\/2024\/09\/vie-associative-1-150x150.jpg\",\"contentUrl\":\"https:\/\/vieassociative.be\/actualites\/wp-content\/uploads\/2024\/09\/vie-associative-1-150x150.jpg\",\"caption\":\"Julien\"},\"description\":\"Je suis Julien, r\u00e9dacteur pour Vie Associative. Passionn\u00e9 par le monde associatif depuis plus de 10 ans, j'ai \u00e0 c\u0153ur de partager des histoires inspirantes et de mettre en lumi\u00e8re les initiatives locales. Mon objectif est de sensibiliser et d'encourager l'engagement communautaire \u00e0 travers mes articles.\",\"sameAs\":[\"https:\/\/vieassociative.be\/\"]}]}<\/script>\n<!-- \/ Yoast SEO plugin. -->","yoast_head_json":{"title":"Vivant Group demande \u00e0 nouveau: \"Pourquoi la DG a-t-elle besoin de tant de commandes d'\u00e9tude et de conseil externes?\" | Vie Associative","robots":{"index":"index","follow":"follow","max-snippet":"max-snippet:-1","max-image-preview":"max-image-preview:large","max-video-preview":"max-video-preview:-1"},"canonical":"https:\/\/vieassociative.be\/actualites\/vivant-group-demande-a-nouveau-pourquoi-la-dg-a-t-elle-besoin-de-tant-de-commandes-detude-et-de-conseil-externes\/","og_locale":"fr_FR","og_type":"article","og_title":"Vivant Group demande \u00e0 nouveau: \"Pourquoi la DG a-t-elle besoin de tant de commandes d'\u00e9tude et de conseil externes?\" | Vie Associative","og_description":"\u00ab\u00a0Quiconque met \u00e0 jour un appareil administratif qui s&rsquo;est d\u00e9velopp\u00e9 au fil des ans qui a l&rsquo;appareil politique le plus cher d&rsquo;Europe par habitant et","og_url":"https:\/\/vieassociative.be\/actualites\/vivant-group-demande-a-nouveau-pourquoi-la-dg-a-t-elle-besoin-de-tant-de-commandes-detude-et-de-conseil-externes\/","og_site_name":"Vie Associative","article_published_time":"2025-09-17T20:17:29+00:00","og_image":[{"width":279,"height":92,"url":"https:\/\/vieassociative.be\/actualites\/wp-content\/uploads\/2024\/09\/header_backgroundk-01-e1726694325946.png","type":"image\/png"}],"author":"Julien","twitter_card":"summary_large_image","twitter_misc":{"\u00c9crit par":"Julien","Dur\u00e9e de lecture est.":"3 minutes"},"schema":{"@context":"https:\/\/schema.org","@graph":[{"@type":"Article","@id":"https:\/\/vieassociative.be\/actualites\/vivant-group-demande-a-nouveau-pourquoi-la-dg-a-t-elle-besoin-de-tant-de-commandes-detude-et-de-conseil-externes\/#article","isPartOf":{"@id":"https:\/\/vieassociative.be\/actualites\/vivant-group-demande-a-nouveau-pourquoi-la-dg-a-t-elle-besoin-de-tant-de-commandes-detude-et-de-conseil-externes\/"},"author":{"name":"Julien","@id":"https:\/\/vieassociative.be\/actualites\/#\/schema\/person\/b87ac4f82f9d4e7b7cec7395b679edc4"},"headline":"Vivant Group demande \u00e0 nouveau: \u00ab\u00a0Pourquoi la DG a-t-elle besoin de tant de commandes d&rsquo;\u00e9tude et de conseil externes?\u00a0\u00bb","datePublished":"2025-09-17T20:17:29+00:00","dateModified":"2025-09-17T20:17:29+00:00","mainEntityOfPage":{"@id":"https:\/\/vieassociative.be\/actualites\/vivant-group-demande-a-nouveau-pourquoi-la-dg-a-t-elle-besoin-de-tant-de-commandes-detude-et-de-conseil-externes\/"},"wordCount":584,"publisher":{"@id":"https:\/\/vieassociative.be\/actualites\/#organization"},"image":{"@id":"https:\/\/vieassociative.be\/actualites\/vivant-group-demande-a-nouveau-pourquoi-la-dg-a-t-elle-besoin-de-tant-de-commandes-detude-et-de-conseil-externes\/#primaryimage"},"thumbnailUrl":"https:\/\/vieassociative.be\/actualites\/wp-content\/uploads\/2025\/09\/1758140249_Vivant-Group-demande-a-nouveau-Pourquoi-la-DG-a-t-elle-besoin.jpg","keywords":["atelle","besoin","commandes","conseil","demand\u00e9","d\u00e9tude","externes","Group","nouveau","Pourquoi","tant","Vivant"],"articleSection":["Belgique"],"inLanguage":"fr-BE"},{"@type":"WebPage","@id":"https:\/\/vieassociative.be\/actualites\/vivant-group-demande-a-nouveau-pourquoi-la-dg-a-t-elle-besoin-de-tant-de-commandes-detude-et-de-conseil-externes\/","url":"https:\/\/vieassociative.be\/actualites\/vivant-group-demande-a-nouveau-pourquoi-la-dg-a-t-elle-besoin-de-tant-de-commandes-detude-et-de-conseil-externes\/","name":"Vivant Group demande \u00e0 nouveau: \"Pourquoi la DG a-t-elle besoin de tant de commandes d'\u00e9tude et de conseil externes?\" | Vie Associative","isPartOf":{"@id":"https:\/\/vieassociative.be\/actualites\/#website"},"primaryImageOfPage":{"@id":"https:\/\/vieassociative.be\/actualites\/vivant-group-demande-a-nouveau-pourquoi-la-dg-a-t-elle-besoin-de-tant-de-commandes-detude-et-de-conseil-externes\/#primaryimage"},"image":{"@id":"https:\/\/vieassociative.be\/actualites\/vivant-group-demande-a-nouveau-pourquoi-la-dg-a-t-elle-besoin-de-tant-de-commandes-detude-et-de-conseil-externes\/#primaryimage"},"thumbnailUrl":"https:\/\/vieassociative.be\/actualites\/wp-content\/uploads\/2025\/09\/1758140249_Vivant-Group-demande-a-nouveau-Pourquoi-la-DG-a-t-elle-besoin.jpg","datePublished":"2025-09-17T20:17:29+00:00","dateModified":"2025-09-17T20:17:29+00:00","breadcrumb":{"@id":"https:\/\/vieassociative.be\/actualites\/vivant-group-demande-a-nouveau-pourquoi-la-dg-a-t-elle-besoin-de-tant-de-commandes-detude-et-de-conseil-externes\/#breadcrumb"},"inLanguage":"fr-BE","potentialAction":[{"@type":"ReadAction","target":["https:\/\/vieassociative.be\/actualites\/vivant-group-demande-a-nouveau-pourquoi-la-dg-a-t-elle-besoin-de-tant-de-commandes-detude-et-de-conseil-externes\/"]}]},{"@type":"ImageObject","inLanguage":"fr-BE","@id":"https:\/\/vieassociative.be\/actualites\/vivant-group-demande-a-nouveau-pourquoi-la-dg-a-t-elle-besoin-de-tant-de-commandes-detude-et-de-conseil-externes\/#primaryimage","url":"https:\/\/vieassociative.be\/actualites\/wp-content\/uploads\/2025\/09\/1758140249_Vivant-Group-demande-a-nouveau-Pourquoi-la-DG-a-t-elle-besoin.jpg","contentUrl":"https:\/\/vieassociative.be\/actualites\/wp-content\/uploads\/2025\/09\/1758140249_Vivant-Group-demande-a-nouveau-Pourquoi-la-DG-a-t-elle-besoin.jpg","width":1200,"height":800,"caption":"Vivant Group demande \u00e0 nouveau: \"Pourquoi la DG a-t-elle besoin de tant de commandes d'\u00e9tude et de conseil externes?\""},{"@type":"BreadcrumbList","@id":"https:\/\/vieassociative.be\/actualites\/vivant-group-demande-a-nouveau-pourquoi-la-dg-a-t-elle-besoin-de-tant-de-commandes-detude-et-de-conseil-externes\/#breadcrumb","itemListElement":[{"@type":"ListItem","position":1,"name":"Accueil","item":"https:\/\/vieassociative.be\/actualites\/"},{"@type":"ListItem","position":2,"name":"Vivant Group demande \u00e0 nouveau: \u00ab\u00a0Pourquoi la DG a-t-elle besoin de tant de commandes d&rsquo;\u00e9tude et de conseil externes?\u00a0\u00bb"}]},{"@type":"WebSite","@id":"https:\/\/vieassociative.be\/actualites\/#website","url":"https:\/\/vieassociative.be\/actualites\/","name":"Vie Associative","description":"","publisher":{"@id":"https:\/\/vieassociative.be\/actualites\/#organization"},"potentialAction":[{"@type":"SearchAction","target":{"@type":"EntryPoint","urlTemplate":"https:\/\/vieassociative.be\/actualites\/?s={search_term_string}"},"query-input":{"@type":"PropertyValueSpecification","valueRequired":true,"valueName":"search_term_string"}}],"inLanguage":"fr-BE"},{"@type":"Organization","@id":"https:\/\/vieassociative.be\/actualites\/#organization","name":"Vie Associative","url":"https:\/\/vieassociative.be\/actualites\/","logo":{"@type":"ImageObject","inLanguage":"fr-BE","@id":"https:\/\/vieassociative.be\/actualites\/#\/schema\/logo\/image\/","url":"https:\/\/vieassociative.be\/actualites\/wp-content\/uploads\/2024\/09\/cropped-vieassociative_favicon.ico.png","contentUrl":"https:\/\/vieassociative.be\/actualites\/wp-content\/uploads\/2024\/09\/cropped-vieassociative_favicon.ico.png","width":512,"height":512,"caption":"Vie Associative"},"image":{"@id":"https:\/\/vieassociative.be\/actualites\/#\/schema\/logo\/image\/"}},{"@type":"Person","@id":"https:\/\/vieassociative.be\/actualites\/#\/schema\/person\/b87ac4f82f9d4e7b7cec7395b679edc4","name":"Julien","image":{"@type":"ImageObject","inLanguage":"fr-BE","@id":"https:\/\/vieassociative.be\/actualites\/#\/schema\/person\/image\/","url":"https:\/\/vieassociative.be\/actualites\/wp-content\/uploads\/2024\/09\/vie-associative-1-150x150.jpg","contentUrl":"https:\/\/vieassociative.be\/actualites\/wp-content\/uploads\/2024\/09\/vie-associative-1-150x150.jpg","caption":"Julien"},"description":"Je suis Julien, r\u00e9dacteur pour Vie Associative. Passionn\u00e9 par le monde associatif depuis plus de 10 ans, j'ai \u00e0 c\u0153ur de partager des histoires inspirantes et de mettre en lumi\u00e8re les initiatives locales. Mon objectif est de sensibiliser et d'encourager l'engagement communautaire \u00e0 travers mes articles.","sameAs":["https:\/\/vieassociative.be\/"]}]}},"_links":{"self":[{"href":"https:\/\/vieassociative.be\/actualites\/wp-json\/wp\/v2\/posts\/10100"}],"collection":[{"href":"https:\/\/vieassociative.be\/actualites\/wp-json\/wp\/v2\/posts"}],"about":[{"href":"https:\/\/vieassociative.be\/actualites\/wp-json\/wp\/v2\/types\/post"}],"author":[{"embeddable":true,"href":"https:\/\/vieassociative.be\/actualites\/wp-json\/wp\/v2\/users\/1"}],"replies":[{"embeddable":true,"href":"https:\/\/vieassociative.be\/actualites\/wp-json\/wp\/v2\/comments?post=10100"}],"version-history":[{"count":0,"href":"https:\/\/vieassociative.be\/actualites\/wp-json\/wp\/v2\/posts\/10100\/revisions"}],"wp:featuredmedia":[{"embeddable":true,"href":"https:\/\/vieassociative.be\/actualites\/wp-json\/wp\/v2\/media\/10101"}],"wp:attachment":[{"href":"https:\/\/vieassociative.be\/actualites\/wp-json\/wp\/v2\/media?parent=10100"}],"wp:term":[{"taxonomy":"category","embeddable":true,"href":"https:\/\/vieassociative.be\/actualites\/wp-json\/wp\/v2\/categories?post=10100"},{"taxonomy":"post_tag","embeddable":true,"href":"https:\/\/vieassociative.be\/actualites\/wp-json\/wp\/v2\/tags?post=10100"}],"curies":[{"name":"wp","href":"https:\/\/api.w.org\/{rel}","templated":true}]}}