{"id":10096,"date":"2025-09-17T19:17:57","date_gmt":"2025-09-17T17:17:57","guid":{"rendered":"https:\/\/vieassociative.be\/actualites\/cinq-fonctionnalites-ios-26-qui-ont-change-la-facon-dont-jutilise-mon-iphone\/"},"modified":"2025-09-17T19:17:57","modified_gmt":"2025-09-17T17:17:57","slug":"cinq-fonctionnalites-ios-26-qui-ont-change-la-facon-dont-jutilise-mon-iphone","status":"publish","type":"post","link":"https:\/\/vieassociative.be\/actualites\/cinq-fonctionnalites-ios-26-qui-ont-change-la-facon-dont-jutilise-mon-iphone\/","title":{"rendered":"Cinq fonctionnalit\u00e9s iOS 26 qui ont chang\u00e9 la fa\u00e7on dont j&rsquo;utilise mon iPhone"},"content":{"rendered":"<div class=\"mt-4 leading-6 md:mb-8\">Mes fonctionnalit\u00e9s pr\u00e9f\u00e9r\u00e9es apr\u00e8s quelques jours avec le dernier syst\u00e8me d&rsquo;exploitation d&rsquo;Apple.<\/div>\n<p><\/p>\n<p><em>Saviez-vous que vous pouvez personnaliser Google pour filtrer les ordures? Prendre ces \u00e9tapes<\/em><em>  Pour de meilleurs r\u00e9sultats de recherche, notamment l&rsquo;ajout de Vie Associative comme source pr\u00e9f\u00e9r\u00e9e pour les nouvelles technologiques<\/em><em>.<\/em><\/p>\n<hr>\n<p>iOS 26 est sorti depuis quelques jours maintenant, et avec lui, un tas de petits ajustements pratiques sur la fa\u00e7on dont vous utilisez votre t\u00e9l\u00e9phone. Tout n&rsquo;est pas un gardien, et j&rsquo;ai d\u00e9j\u00e0 \u00e9crit sur la fa\u00e7on de d\u00e9sactiver les nouveaux effets de transparence de verre liquide ou de corriger les ic\u00f4nes en mode noir qui semblent inclin\u00e9es. Pourtant, il y a des choses \u00e0 aimer dans cette mise \u00e0 jour, m\u00eame si vous devez faire tout votre possible pour en allumer certains.<\/p>\n<p>Apr\u00e8s avoir pass\u00e9 quelques nuits \u00e0 peaufiner iOS 26 \u00e0 mes pr\u00e9f\u00e9rences, voici mes nouvelles fonctionnalit\u00e9s pr\u00e9f\u00e9r\u00e9es du dernier syst\u00e8me d&rsquo;exploitation d&rsquo;Apple.<\/p>\n<div class=\"mx-auto mb-12 mt-5 w-full max-w-3xl rounded-md border-2 border-gray-100 p-3 shadow-md md:px-7 md:pb-7 md:pt-5\" id=\"related-video\">\n<div class=\"mb-3 flex items-center md:mb-5\">\n        <img decoding=\"async\" class=\"mr-4 mt-0 h-10 w-10 md:mr-5 md:h-12 md:w-12\" src=\"https:\/\/vieassociative.be\/actualites\/wp-content\/uploads\/2025\/09\/1757726237_608_Meta-pourrait-devoiler-une-montre-intelligente-pour-controler-ses-lunettes.jpg\" alt=\"Logo Lifehacker\"><\/p><\/div>\n<div class=\"aspect-video w-full overflow-hidden rounded-md\">\n<div id=\"video-container-01K5CAH945C47J33FE6AG35MG2\"><\/div>\n<\/p><\/div>\n<\/div>\n<h2 id=\"resize-the-clock\">Redimensionner l&rsquo;horloge<\/h2>\n<p>Celui-ci fonctionne bien avec l&rsquo;affichage toujours sur l&rsquo;iPhone 15 Pro. En tant que mill\u00e9naire, je n&rsquo;ai pas toujours d&rsquo;horloges \u00e0 l&rsquo;ancienne facilement plac\u00e9es autour de mon appartement. Au lieu de cela, je vais juste porter mon t\u00e9l\u00e9phone avec moi et le placer quelque part dans ma vision p\u00e9riph\u00e9rique o\u00f9 je peux rapidement jeter un coup d&rsquo;\u0153il \u00e0 l&rsquo;affichage toujours sur l&rsquo;\u00e9cran pour v\u00e9rifier l&rsquo;heure. Le probl\u00e8me \u00e9tait, jusqu&rsquo;\u00e0 pr\u00e9sent, l&rsquo;horloge \u00e9tait minuscule.<\/p>\n<p>Avec iOS 26, cependant, vous pouvez d\u00e9sormais redimensionner l&rsquo;horloge de l&rsquo;\u00e9cran de verrouillage (et par extension, l&rsquo;horloge d&rsquo;affichage toujours \u00e0 main). Cela rend moins d&rsquo;espace gaspill\u00e9 sur mon \u00e9cran et facilite le voir \u00e0 un coup d&rsquo;\u0153il ou \u00e0 distance. <\/p>\n<p>C&rsquo;est un petit changement, mais cela a probablement fait la plus grande diff\u00e9rence dans la fa\u00e7on dont j&rsquo;utilise r\u00e9ellement mon t\u00e9l\u00e9phone. Pour redimensionner votre horloge d&rsquo;\u00e9cran de verrouillage dans iOS 26, acc\u00e9dez simplement \u00e0 l&rsquo;\u00e9cran de verrouillage de votre iPhone, puis appuyez sur Long. Appuyez sur le bouton Personnaliser, puis faites glisser le coin inf\u00e9rieur droit du widget de l&rsquo;horloge jusqu&rsquo;\u00e0 ce que vous soyez satisfait de la taille de l&rsquo;horloge.<\/p>\n<p>Notez que l&rsquo;horloge redimensionn\u00e9e ne fonctionnera qu&rsquo;avec la premi\u00e8re police disponible. Si vous ne voyez pas de trame de s\u00e9lection dans le coin inf\u00e9rieur du widget de l&rsquo;horloge, vous devrez d&rsquo;abord appuyer dessus et changer la police avant de pouvoir le redimensionner.<\/p>\n<div class=\"eloquent-imagery-image\">\n<div class=\"flex justify-center\">\n                    <img decoding=\"async\" class=\"border border-gray-100\" src=\"https:\/\/vieassociative.be\/actualites\/wp-content\/uploads\/2025\/09\/Cinq-fonctionnalites-iOS-26-qui-ont-change-la-facon-dont.png\" alt=\"\u00c9cran de verrouillage de l'iPhone de l'auteur\" width=\"2000\" height=\"1125\" loading=\"lazy\"  >\n            <\/div>\n<\/p><\/div>\n<p>De plus, en bonus, selon votre fond d&rsquo;\u00e9cran, vous pouvez d\u00e9clencher un effet de profondeur en cliquant sur l&rsquo;ic\u00f4ne \u00e0 trois points dans le coin inf\u00e9rieur droit. Cela vous permettra de placer des \u00e9l\u00e9ments photo devant l&rsquo;horloge, ce qui pourrait nuire \u00e0 la lisibilit\u00e9, mais cela pourrait valoir la peine pour voir plus de vos ant\u00e9c\u00e9dents, selon vos go\u00fbts. Par exemple, voici les oreilles de mon chat apparaissant sur mon horloge d&rsquo;\u00e9cran de verrouillage. L&rsquo;horloge appara\u00eet toujours sans obstacle sur mon \u00e9cran toujours noir (sur l&rsquo;iPhone 14 Pro et plus, vous pouvez modifier l&rsquo;apparence de votre \u00e9cran toujours sur <strong>Param\u00e8tres> Affichage et luminosit\u00e9> toujours affich\u00e9s)<\/strong>.<\/p>\n<h2 id=\"call-screening\">D\u00e9pistage des appels<\/h2>\n<p>Je ne prends \u00e0 peu pr\u00e8s plus les appels t\u00e9l\u00e9phoniques. Comme mes grands-parents disaient: \u00abSi c&rsquo;est important, ils rappellent.\u00bb<\/p>\n<p>Cela dit, parfois, je m&rsquo;inqui\u00e8te de manquer une conversation que j&rsquo;avais vraiment besoin d&rsquo;avoir, ou tout simplement comme grossier. C&rsquo;est l\u00e0 que la nouvelle fonctionnalit\u00e9 de d\u00e9pistage d&rsquo;appels d&rsquo;iOS 26 entre en jeu.<\/p>\n<div class=\"eloquent-imagery-image\">\n<div class=\"flex justify-center\">\n                    <img decoding=\"async\" class=\"border border-gray-100\" src=\"https:\/\/vieassociative.be\/actualites\/wp-content\/uploads\/2025\/09\/1758129476_640_Cinq-fonctionnalites-iOS-26-qui-ont-change-la-facon-dont.png\" alt=\"D\u00e9pistage des appels\" width=\"2000\" height=\"1125\" loading=\"lazy\"  >\n            <\/div>\n<\/p><\/div>\n<p>Lorsqu&rsquo;il est activ\u00e9, sous <strong>Param\u00e8tres> Applications> T\u00e9l\u00e9phone> \u00c9cran des appelants inconnus> Demandez \u00e0 la raison d&rsquo;appeler<\/strong>cela demandera \u00e0 votre iPhone de r\u00e9cup\u00e9rer des appels \u00e0 partir de num\u00e9ros que vous ne connaissez pas pour vous, puis demandez \u00e0 l&rsquo;appelant sa raison d&rsquo;appeler. Au fur et \u00e0 mesure qu&rsquo;ils r\u00e9pondent, une transcription de ce qu&rsquo;ils disent appara\u00eetra \u00e0 l&rsquo;\u00e9cran, et vous pourrez d\u00e9crocher le t\u00e9l\u00e9phone si cela semble important. En fait, je n&rsquo;ai pas re\u00e7u d&rsquo;appel de spam depuis que je l&rsquo;ai allum\u00e9, donc je ne l&rsquo;ai pas encore test\u00e9 personnellement, mais cela semble \u00eatre un excellent moyen d&rsquo;\u00e9viter le spam sans ne pas m&rsquo;inqui\u00e9ter de manquer quelque chose d&rsquo;important en cours de route.<\/p>\n<p>Et si vous voulez devenir nucl\u00e9aire, vous pourriez plut\u00f4t vous activer <strong>Silence<\/strong> au lieu de <strong>Demandez \u00e0 la raison d&rsquo;appeler<\/strong>qui enverra simplement tous les appels \u00e0 partir de num\u00e9ros inconnus directement \u00e0 la messagerie vocale.<\/p>\n<p>Notez que le d\u00e9pistage des appels ne fonctionne pas pour les contacts, vous devrez donc d\u00e9cider si cela vaut la peine de ramasser les appels de votre oncle depuis longtemps.<\/p>\n<h2 id=\"the-improved-fitness-app\">L&rsquo;application de fitness am\u00e9lior\u00e9e<\/h2>\n<p>Jusqu&rsquo;\u00e0 pr\u00e9sent, l&rsquo;application de fitness de l&rsquo;iPhone a \u00e9t\u00e9 utile pour obtenir un r\u00e9sum\u00e9 de vos donn\u00e9es de fitness, ou pour acc\u00e9der aux vid\u00e9os d&rsquo;entra\u00eenement Apple Fitness +, mais pas pour suivre les entra\u00eenements pendant que vous \u00eates en cours d&rsquo;ex\u00e9cution ou dans le gymnase. Maintenant, cependant, cela a chang\u00e9.<\/p>\n<div class=\"eloquent-imagery-image\">\n<div class=\"flex justify-center\">\n                    <img decoding=\"async\" class=\"border border-gray-100\" src=\"https:\/\/vieassociative.be\/actualites\/wp-content\/uploads\/2025\/09\/1758129476_146_Cinq-fonctionnalites-iOS-26-qui-ont-change-la-facon-dont.png\" alt=\"Mise \u00e0 jour de l'application de fitness iOS 26\" width=\"2000\" height=\"1125\" loading=\"lazy\"  >\n            <\/div>\n<\/p><\/div>\n<p>Une fois que vous avez mis \u00e0 jour votre t\u00e9l\u00e9phone vers iOS 26, ouvrez l&rsquo;application de fitness. Vous verrez un nouveau <strong>Entra\u00eenement<\/strong> Onglet dans la barre de navigation vers le bas. Appuyez sur-le et vous verrez un certain nombre d&rsquo;entra\u00eenement que vous pouvez d\u00e9marrer directement \u00e0 partir de votre t\u00e9l\u00e9phone.<\/p>\n<p>Ce sont tous pour les exercices en plein air, comme la marche, la course, le v\u00e9lo et la randonn\u00e9e. L&rsquo;id\u00e9e est que, m\u00eame si vous n&rsquo;avez pas de tracker de sant\u00e9, votre t\u00e9l\u00e9phone peut utiliser les donn\u00e9es GPS pour estimer les m\u00e9triques pour vous (taper sur l&rsquo;un de ces \u00e9l\u00e9ments fera appara\u00eetre un \u00e9cran o\u00f9 votre t\u00e9l\u00e9phone demande des autorisations de suivi de l&#8217;emplacement).<\/p>\n<p>Mais ce n&rsquo;est pas tout ce que vous pouvez faire. Si vous associez votre t\u00e9l\u00e9phone \u00e0 un tracker de fr\u00e9quence cardiaque, comme celui int\u00e9gr\u00e9 \u00e0 l&rsquo;Apple Watch (bien que vous n&rsquo;\u00eates pas limit\u00e9 aux propres p\u00e9riph\u00e9riques d&rsquo;Apple), vous aurez \u00e9galement acc\u00e8s \u00e0 d&rsquo;autres types d&rsquo;entra\u00eenement, comme la course int\u00e9rieure, le yoga et la formation d&rsquo;intervalle \u00e0 haute intensit\u00e9. Vous aurez juste besoin de porter votre tracker pendant l&rsquo;exercice.<\/p>\n<p>Cela ne fonctionne pas seulement en arri\u00e8re-plan \u00e9galement. Commencez n&rsquo;importe quel entra\u00eenement et vous verrez vos mesures vivre sur votre t\u00e9l\u00e9phone pendant que vous faites de l&rsquo;exercice &#8211; je ne regarde plus sur le petit \u00e9cran de votre smartwatch pour voir vos statistiques. Cela fonctionnera \u00e9galement pour les s\u00e9ances d&rsquo;entra\u00eenement \u00e0 partir de votre Apple Watch, car ils refl\u00e9teront simplement \u00e0 la fois l&rsquo;application de fitness et une activit\u00e9 en direct sur l&rsquo;\u00e9cran de verrouillage de votre iPhone. Bon.<\/p>\n<h2 id=\"hold-assist\">Accro\u00eetre<\/h2>\n<p>J&rsquo;ai un voyage \u00e0 venir la semaine prochaine et je dois appeler ma pharmacie pour obtenir des recharges de prescription avant de sortir de la ville. Malheureusement, ils aiment me laisser en attente trop longtemps. C&rsquo;est l\u00e0 que la nouvelle fonctionnalit\u00e9 d&rsquo;assistance \u00e0 Hold d&rsquo;Apple entre en jeu.<\/p>\n<div class=\"eloquent-imagery-image\">\n<div class=\"flex justify-center\">\n                    <img decoding=\"async\" class=\"border border-gray-100\" src=\"https:\/\/vieassociative.be\/actualites\/wp-content\/uploads\/2025\/09\/1758129476_379_Cinq-fonctionnalites-iOS-26-qui-ont-change-la-facon-dont.png\" alt=\"Hold Assist iPhone\" width=\"2000\" height=\"1125\" loading=\"lazy\"  >\n            <\/div>\n<\/p><\/div>\n<p>Avec cela, votre iPhone d\u00e9tectera quand vous avez \u00e9t\u00e9 mis en attente (en \u00e9coutant des indices comme Hold Music), et vous proposera de passer l&rsquo;appel pour vous afin que vous puissiez vous \u00e9loigner. Appuyez sur \u00ab\u00a0Tenez cet appel?\u00a0\u00bb Le bouton qui appara\u00eet et votre appel r\u00e9tr\u00e9cira \u00e0 une petite pilule vers le haut de votre \u00e9cran. L&rsquo;audio sera muet et vous pourrez vous \u00e9loigner ou utiliser votre iPhone comme d&rsquo;habitude. Lorsque l&rsquo;autre ligne vous retire, ils recevront un court message disant que l&rsquo;assistance Hold est active, et vous obtiendrez une notification avec un anneau et \/ ou des vibrations pour vous faire savoir que vous pouvez reprendre l&rsquo;appel. Vous verrez \u00e9galement une transcription de ce que l&rsquo;autre personne a dit en attendant que vous ramassiez.<\/p>\n<p>Hold Assist doit \u00eatre actif pour vous par d\u00e9faut apr\u00e8s l&rsquo;installation d&rsquo;iOS 26, mais pour v\u00e9rifier, acc\u00e9dez simplement <strong>Param\u00e8tres> Applications> T\u00e9l\u00e9phone> Hold Assist Detection<\/strong> et assurez-vous que la bascule est activ\u00e9e.<\/p>\n<h2 id=\"a-spam-folder-for-the-messages-app\">Un dossier de spam pour l&rsquo;application Messages<\/h2>\n<p>Enfin, votre iPhone triera automatiquement les messages de spam pour vous. Je ne sais pas pour vous, mais j&rsquo;ai re\u00e7u autant de textes d&rsquo;escroquerie ces derniers temps, comme pour les billets de circulation non r\u00e9mun\u00e9r\u00e9s (je ne conduis pas). D\u00e9j\u00e0, le nouveau dossier de spam dans les messages a fait du bon travail pour m&#8217;emp\u00eacher de les voir.<\/p>\n<p>Essentiellement, cela fonctionne comme le dossier de spam dans Gmail. Ouvrez simplement votre application de messages, et vous remarquerez probablement moins de textes d&rsquo;escroquerie ou de sollicitations l\u00e0-dedans. Pour voir o\u00f9 ils sont tous partis, cliquez sur l&rsquo;ic\u00f4ne des trois lignes dans le coin sup\u00e9rieur droit, puis le <strong>Courrier ind\u00e9sirable<\/strong> dossier.<\/p>\n<div class=\"eloquent-imagery-image\">\n<div class=\"flex justify-center\">\n                    <img decoding=\"async\" class=\"border border-gray-100\" src=\"https:\/\/vieassociative.be\/actualites\/wp-content\/uploads\/2025\/09\/1758129477_529_Cinq-fonctionnalites-iOS-26-qui-ont-change-la-facon-dont.png\" alt=\"Dossier de spam dans iOS 26\" width=\"2000\" height=\"1125\" loading=\"lazy\"  >\n            <\/div>\n<\/p><\/div>\n<p>Vous verrez tous les textes que votre iPhone a d\u00e9cid\u00e9 de marquer en tant que spam, ainsi que des boutons pour les marquer tous comme lus ou simplement les supprimer. Bien s\u00fbr, soyez prudent lorsque vous regardez ces messages &#8211; vous ne voulez probablement pas cliquer sur des liens.<\/p>\n<p>Et c&rsquo;est tout. Notez que, tout comme dans Gmail, il y a une chance de faux positifs, vous voudrez peut-\u00eatre v\u00e9rifier ce dossier si vous attendez un texte important et que vous ne le voyez pas. Si vous laissez un message dans le dossier SPAM pendant plus de 90 jours, il sera supprim\u00e9, mais vous pouvez cliquer <strong>R\u00e9cup\u00e9rer<\/strong> Sous un message, vous souhaitez continuer \u00e0 le renvoyer dans le dossier texte principal.<\/p>\n<p>Comme avec Hold Assist, le filtrage du spam doit \u00eatre activ\u00e9 pour vous par d\u00e9faut, mais pour v\u00e9rifier, se diriger vers <strong>Param\u00e8tres> Applications> Messages> exp\u00e9diteurs inconnus<\/strong> et assurer le <strong>Spam de filtre <\/strong>La bascule est allum\u00e9e.<\/p>\n","protected":false},"excerpt":{"rendered":"<p>Mes fonctionnalit\u00e9s pr\u00e9f\u00e9r\u00e9es apr\u00e8s quelques jours avec le dernier syst\u00e8me d&rsquo;exploitation d&rsquo;Apple. Saviez-vous que vous pouvez personnaliser Google pour filtrer les ordures? Prendre ces \u00e9tapes<\/p>\n","protected":false},"author":1,"featured_media":10097,"comment_status":"","ping_status":"","sticky":false,"template":"","format":"standard","meta":{"footnotes":""},"categories":[13],"tags":[5363,317,257,531,1216,21,652,3406,49,1374,99],"class_list":["post-10096","post","type-post","status-publish","format-standard","has-post-thumbnail","hentry","category-technologie","tag-change","tag-cinq","tag-dont","tag-facon","tag-fonctionnalites","tag-ios","tag-iphone","tag-jutilise","tag-mon","tag-ont","tag-qui","generate-columns","tablet-grid-50","mobile-grid-100","grid-parent","grid-33"],"yoast_head":"<!-- This site is optimized with the Yoast SEO plugin v24.0 - https:\/\/yoast.com\/wordpress\/plugins\/seo\/ -->\n<title>Cinq fonctionnalit\u00e9s iOS 26 qui ont chang\u00e9 la fa\u00e7on dont j&#039;utilise mon iPhone | Vie Associative<\/title>\n<meta name=\"robots\" content=\"index, follow, max-snippet:-1, max-image-preview:large, max-video-preview:-1\" \/>\n<link rel=\"canonical\" href=\"https:\/\/vieassociative.be\/actualites\/cinq-fonctionnalites-ios-26-qui-ont-change-la-facon-dont-jutilise-mon-iphone\/\" \/>\n<meta property=\"og:locale\" content=\"fr_FR\" \/>\n<meta property=\"og:type\" content=\"article\" \/>\n<meta property=\"og:title\" content=\"Cinq fonctionnalit\u00e9s iOS 26 qui ont chang\u00e9 la fa\u00e7on dont j&#039;utilise mon iPhone | Vie Associative\" \/>\n<meta property=\"og:description\" content=\"Mes fonctionnalit\u00e9s pr\u00e9f\u00e9r\u00e9es apr\u00e8s quelques jours avec le dernier syst\u00e8me d&rsquo;exploitation d&rsquo;Apple. Saviez-vous que vous pouvez personnaliser Google pour filtrer les ordures? Prendre ces \u00e9tapes\" \/>\n<meta property=\"og:url\" content=\"https:\/\/vieassociative.be\/actualites\/cinq-fonctionnalites-ios-26-qui-ont-change-la-facon-dont-jutilise-mon-iphone\/\" \/>\n<meta property=\"og:site_name\" content=\"Vie Associative\" \/>\n<meta property=\"article:published_time\" content=\"2025-09-17T17:17:57+00:00\" \/>\n<meta property=\"og:image\" content=\"https:\/\/vieassociative.be\/actualites\/wp-content\/uploads\/2025\/09\/1757726237_608_Meta-pourrait-devoiler-une-montre-intelligente-pour-controler-ses-lunettes.jpg\" \/>\n<meta name=\"author\" content=\"Julien\" \/>\n<meta name=\"twitter:card\" content=\"summary_large_image\" \/>\n<meta name=\"twitter:label1\" content=\"\u00c9crit par\" \/>\n\t<meta name=\"twitter:data1\" content=\"Julien\" \/>\n\t<meta name=\"twitter:label2\" content=\"Dur\u00e9e de lecture est.\" \/>\n\t<meta name=\"twitter:data2\" content=\"8 minutes\" \/>\n<script type=\"application\/ld+json\" class=\"yoast-schema-graph\">{\"@context\":\"https:\/\/schema.org\",\"@graph\":[{\"@type\":\"Article\",\"@id\":\"https:\/\/vieassociative.be\/actualites\/cinq-fonctionnalites-ios-26-qui-ont-change-la-facon-dont-jutilise-mon-iphone\/#article\",\"isPartOf\":{\"@id\":\"https:\/\/vieassociative.be\/actualites\/cinq-fonctionnalites-ios-26-qui-ont-change-la-facon-dont-jutilise-mon-iphone\/\"},\"author\":{\"name\":\"Julien\",\"@id\":\"https:\/\/vieassociative.be\/actualites\/#\/schema\/person\/b87ac4f82f9d4e7b7cec7395b679edc4\"},\"headline\":\"Cinq fonctionnalit\u00e9s iOS 26 qui ont chang\u00e9 la fa\u00e7on dont j&rsquo;utilise mon iPhone\",\"datePublished\":\"2025-09-17T17:17:57+00:00\",\"dateModified\":\"2025-09-17T17:17:57+00:00\",\"mainEntityOfPage\":{\"@id\":\"https:\/\/vieassociative.be\/actualites\/cinq-fonctionnalites-ios-26-qui-ont-change-la-facon-dont-jutilise-mon-iphone\/\"},\"wordCount\":1743,\"publisher\":{\"@id\":\"https:\/\/vieassociative.be\/actualites\/#organization\"},\"image\":{\"@id\":\"https:\/\/vieassociative.be\/actualites\/cinq-fonctionnalites-ios-26-qui-ont-change-la-facon-dont-jutilise-mon-iphone\/#primaryimage\"},\"thumbnailUrl\":\"https:\/\/vieassociative.be\/actualites\/wp-content\/uploads\/2025\/09\/Cinq-fonctionnalites-iOS-26-qui-ont-change-la-facon-dont.jpg\",\"keywords\":[\"chang\u00e9\",\"Cinq\",\"dont\",\"fa\u00e7on\",\"fonctionnalit\u00e9s\",\"iOS\",\"iPhone\",\"jutilise\",\"Mon\",\"ont\",\"qui\"],\"articleSection\":[\"Technologie\"],\"inLanguage\":\"fr-BE\"},{\"@type\":\"WebPage\",\"@id\":\"https:\/\/vieassociative.be\/actualites\/cinq-fonctionnalites-ios-26-qui-ont-change-la-facon-dont-jutilise-mon-iphone\/\",\"url\":\"https:\/\/vieassociative.be\/actualites\/cinq-fonctionnalites-ios-26-qui-ont-change-la-facon-dont-jutilise-mon-iphone\/\",\"name\":\"Cinq fonctionnalit\u00e9s iOS 26 qui ont chang\u00e9 la fa\u00e7on dont j'utilise mon iPhone | Vie Associative\",\"isPartOf\":{\"@id\":\"https:\/\/vieassociative.be\/actualites\/#website\"},\"primaryImageOfPage\":{\"@id\":\"https:\/\/vieassociative.be\/actualites\/cinq-fonctionnalites-ios-26-qui-ont-change-la-facon-dont-jutilise-mon-iphone\/#primaryimage\"},\"image\":{\"@id\":\"https:\/\/vieassociative.be\/actualites\/cinq-fonctionnalites-ios-26-qui-ont-change-la-facon-dont-jutilise-mon-iphone\/#primaryimage\"},\"thumbnailUrl\":\"https:\/\/vieassociative.be\/actualites\/wp-content\/uploads\/2025\/09\/Cinq-fonctionnalites-iOS-26-qui-ont-change-la-facon-dont.jpg\",\"datePublished\":\"2025-09-17T17:17:57+00:00\",\"dateModified\":\"2025-09-17T17:17:57+00:00\",\"breadcrumb\":{\"@id\":\"https:\/\/vieassociative.be\/actualites\/cinq-fonctionnalites-ios-26-qui-ont-change-la-facon-dont-jutilise-mon-iphone\/#breadcrumb\"},\"inLanguage\":\"fr-BE\",\"potentialAction\":[{\"@type\":\"ReadAction\",\"target\":[\"https:\/\/vieassociative.be\/actualites\/cinq-fonctionnalites-ios-26-qui-ont-change-la-facon-dont-jutilise-mon-iphone\/\"]}]},{\"@type\":\"ImageObject\",\"inLanguage\":\"fr-BE\",\"@id\":\"https:\/\/vieassociative.be\/actualites\/cinq-fonctionnalites-ios-26-qui-ont-change-la-facon-dont-jutilise-mon-iphone\/#primaryimage\",\"url\":\"https:\/\/vieassociative.be\/actualites\/wp-content\/uploads\/2025\/09\/Cinq-fonctionnalites-iOS-26-qui-ont-change-la-facon-dont.jpg\",\"contentUrl\":\"https:\/\/vieassociative.be\/actualites\/wp-content\/uploads\/2025\/09\/Cinq-fonctionnalites-iOS-26-qui-ont-change-la-facon-dont.jpg\",\"width\":1200,\"height\":675,\"caption\":\"Cinq fonctionnalit\u00e9s iOS 26 qui ont chang\u00e9 la fa\u00e7on dont j'utilise mon iPhone\"},{\"@type\":\"BreadcrumbList\",\"@id\":\"https:\/\/vieassociative.be\/actualites\/cinq-fonctionnalites-ios-26-qui-ont-change-la-facon-dont-jutilise-mon-iphone\/#breadcrumb\",\"itemListElement\":[{\"@type\":\"ListItem\",\"position\":1,\"name\":\"Accueil\",\"item\":\"https:\/\/vieassociative.be\/actualites\/\"},{\"@type\":\"ListItem\",\"position\":2,\"name\":\"Cinq fonctionnalit\u00e9s iOS 26 qui ont chang\u00e9 la fa\u00e7on dont j&rsquo;utilise mon iPhone\"}]},{\"@type\":\"WebSite\",\"@id\":\"https:\/\/vieassociative.be\/actualites\/#website\",\"url\":\"https:\/\/vieassociative.be\/actualites\/\",\"name\":\"Vie Associative\",\"description\":\"\",\"publisher\":{\"@id\":\"https:\/\/vieassociative.be\/actualites\/#organization\"},\"potentialAction\":[{\"@type\":\"SearchAction\",\"target\":{\"@type\":\"EntryPoint\",\"urlTemplate\":\"https:\/\/vieassociative.be\/actualites\/?s={search_term_string}\"},\"query-input\":{\"@type\":\"PropertyValueSpecification\",\"valueRequired\":true,\"valueName\":\"search_term_string\"}}],\"inLanguage\":\"fr-BE\"},{\"@type\":\"Organization\",\"@id\":\"https:\/\/vieassociative.be\/actualites\/#organization\",\"name\":\"Vie Associative\",\"url\":\"https:\/\/vieassociative.be\/actualites\/\",\"logo\":{\"@type\":\"ImageObject\",\"inLanguage\":\"fr-BE\",\"@id\":\"https:\/\/vieassociative.be\/actualites\/#\/schema\/logo\/image\/\",\"url\":\"https:\/\/vieassociative.be\/actualites\/wp-content\/uploads\/2024\/09\/cropped-vieassociative_favicon.ico.png\",\"contentUrl\":\"https:\/\/vieassociative.be\/actualites\/wp-content\/uploads\/2024\/09\/cropped-vieassociative_favicon.ico.png\",\"width\":512,\"height\":512,\"caption\":\"Vie Associative\"},\"image\":{\"@id\":\"https:\/\/vieassociative.be\/actualites\/#\/schema\/logo\/image\/\"}},{\"@type\":\"Person\",\"@id\":\"https:\/\/vieassociative.be\/actualites\/#\/schema\/person\/b87ac4f82f9d4e7b7cec7395b679edc4\",\"name\":\"Julien\",\"image\":{\"@type\":\"ImageObject\",\"inLanguage\":\"fr-BE\",\"@id\":\"https:\/\/vieassociative.be\/actualites\/#\/schema\/person\/image\/\",\"url\":\"https:\/\/vieassociative.be\/actualites\/wp-content\/uploads\/2024\/09\/vie-associative-1-150x150.jpg\",\"contentUrl\":\"https:\/\/vieassociative.be\/actualites\/wp-content\/uploads\/2024\/09\/vie-associative-1-150x150.jpg\",\"caption\":\"Julien\"},\"description\":\"Je suis Julien, r\u00e9dacteur pour Vie Associative. Passionn\u00e9 par le monde associatif depuis plus de 10 ans, j'ai \u00e0 c\u0153ur de partager des histoires inspirantes et de mettre en lumi\u00e8re les initiatives locales. Mon objectif est de sensibiliser et d'encourager l'engagement communautaire \u00e0 travers mes articles.\",\"sameAs\":[\"https:\/\/vieassociative.be\/\"]}]}<\/script>\n<!-- \/ Yoast SEO plugin. -->","yoast_head_json":{"title":"Cinq fonctionnalit\u00e9s iOS 26 qui ont chang\u00e9 la fa\u00e7on dont j'utilise mon iPhone | Vie Associative","robots":{"index":"index","follow":"follow","max-snippet":"max-snippet:-1","max-image-preview":"max-image-preview:large","max-video-preview":"max-video-preview:-1"},"canonical":"https:\/\/vieassociative.be\/actualites\/cinq-fonctionnalites-ios-26-qui-ont-change-la-facon-dont-jutilise-mon-iphone\/","og_locale":"fr_FR","og_type":"article","og_title":"Cinq fonctionnalit\u00e9s iOS 26 qui ont chang\u00e9 la fa\u00e7on dont j'utilise mon iPhone | Vie Associative","og_description":"Mes fonctionnalit\u00e9s pr\u00e9f\u00e9r\u00e9es apr\u00e8s quelques jours avec le dernier syst\u00e8me d&rsquo;exploitation d&rsquo;Apple. Saviez-vous que vous pouvez personnaliser Google pour filtrer les ordures? Prendre ces \u00e9tapes","og_url":"https:\/\/vieassociative.be\/actualites\/cinq-fonctionnalites-ios-26-qui-ont-change-la-facon-dont-jutilise-mon-iphone\/","og_site_name":"Vie Associative","article_published_time":"2025-09-17T17:17:57+00:00","og_image":[{"url":"https:\/\/vieassociative.be\/actualites\/wp-content\/uploads\/2025\/09\/1757726237_608_Meta-pourrait-devoiler-une-montre-intelligente-pour-controler-ses-lunettes.jpg","type":"","width":"","height":""}],"author":"Julien","twitter_card":"summary_large_image","twitter_misc":{"\u00c9crit par":"Julien","Dur\u00e9e de lecture est.":"8 minutes"},"schema":{"@context":"https:\/\/schema.org","@graph":[{"@type":"Article","@id":"https:\/\/vieassociative.be\/actualites\/cinq-fonctionnalites-ios-26-qui-ont-change-la-facon-dont-jutilise-mon-iphone\/#article","isPartOf":{"@id":"https:\/\/vieassociative.be\/actualites\/cinq-fonctionnalites-ios-26-qui-ont-change-la-facon-dont-jutilise-mon-iphone\/"},"author":{"name":"Julien","@id":"https:\/\/vieassociative.be\/actualites\/#\/schema\/person\/b87ac4f82f9d4e7b7cec7395b679edc4"},"headline":"Cinq fonctionnalit\u00e9s iOS 26 qui ont chang\u00e9 la fa\u00e7on dont j&rsquo;utilise mon iPhone","datePublished":"2025-09-17T17:17:57+00:00","dateModified":"2025-09-17T17:17:57+00:00","mainEntityOfPage":{"@id":"https:\/\/vieassociative.be\/actualites\/cinq-fonctionnalites-ios-26-qui-ont-change-la-facon-dont-jutilise-mon-iphone\/"},"wordCount":1743,"publisher":{"@id":"https:\/\/vieassociative.be\/actualites\/#organization"},"image":{"@id":"https:\/\/vieassociative.be\/actualites\/cinq-fonctionnalites-ios-26-qui-ont-change-la-facon-dont-jutilise-mon-iphone\/#primaryimage"},"thumbnailUrl":"https:\/\/vieassociative.be\/actualites\/wp-content\/uploads\/2025\/09\/Cinq-fonctionnalites-iOS-26-qui-ont-change-la-facon-dont.jpg","keywords":["chang\u00e9","Cinq","dont","fa\u00e7on","fonctionnalit\u00e9s","iOS","iPhone","jutilise","Mon","ont","qui"],"articleSection":["Technologie"],"inLanguage":"fr-BE"},{"@type":"WebPage","@id":"https:\/\/vieassociative.be\/actualites\/cinq-fonctionnalites-ios-26-qui-ont-change-la-facon-dont-jutilise-mon-iphone\/","url":"https:\/\/vieassociative.be\/actualites\/cinq-fonctionnalites-ios-26-qui-ont-change-la-facon-dont-jutilise-mon-iphone\/","name":"Cinq fonctionnalit\u00e9s iOS 26 qui ont chang\u00e9 la fa\u00e7on dont j'utilise mon iPhone | Vie Associative","isPartOf":{"@id":"https:\/\/vieassociative.be\/actualites\/#website"},"primaryImageOfPage":{"@id":"https:\/\/vieassociative.be\/actualites\/cinq-fonctionnalites-ios-26-qui-ont-change-la-facon-dont-jutilise-mon-iphone\/#primaryimage"},"image":{"@id":"https:\/\/vieassociative.be\/actualites\/cinq-fonctionnalites-ios-26-qui-ont-change-la-facon-dont-jutilise-mon-iphone\/#primaryimage"},"thumbnailUrl":"https:\/\/vieassociative.be\/actualites\/wp-content\/uploads\/2025\/09\/Cinq-fonctionnalites-iOS-26-qui-ont-change-la-facon-dont.jpg","datePublished":"2025-09-17T17:17:57+00:00","dateModified":"2025-09-17T17:17:57+00:00","breadcrumb":{"@id":"https:\/\/vieassociative.be\/actualites\/cinq-fonctionnalites-ios-26-qui-ont-change-la-facon-dont-jutilise-mon-iphone\/#breadcrumb"},"inLanguage":"fr-BE","potentialAction":[{"@type":"ReadAction","target":["https:\/\/vieassociative.be\/actualites\/cinq-fonctionnalites-ios-26-qui-ont-change-la-facon-dont-jutilise-mon-iphone\/"]}]},{"@type":"ImageObject","inLanguage":"fr-BE","@id":"https:\/\/vieassociative.be\/actualites\/cinq-fonctionnalites-ios-26-qui-ont-change-la-facon-dont-jutilise-mon-iphone\/#primaryimage","url":"https:\/\/vieassociative.be\/actualites\/wp-content\/uploads\/2025\/09\/Cinq-fonctionnalites-iOS-26-qui-ont-change-la-facon-dont.jpg","contentUrl":"https:\/\/vieassociative.be\/actualites\/wp-content\/uploads\/2025\/09\/Cinq-fonctionnalites-iOS-26-qui-ont-change-la-facon-dont.jpg","width":1200,"height":675,"caption":"Cinq fonctionnalit\u00e9s iOS 26 qui ont chang\u00e9 la fa\u00e7on dont j'utilise mon iPhone"},{"@type":"BreadcrumbList","@id":"https:\/\/vieassociative.be\/actualites\/cinq-fonctionnalites-ios-26-qui-ont-change-la-facon-dont-jutilise-mon-iphone\/#breadcrumb","itemListElement":[{"@type":"ListItem","position":1,"name":"Accueil","item":"https:\/\/vieassociative.be\/actualites\/"},{"@type":"ListItem","position":2,"name":"Cinq fonctionnalit\u00e9s iOS 26 qui ont chang\u00e9 la fa\u00e7on dont j&rsquo;utilise mon iPhone"}]},{"@type":"WebSite","@id":"https:\/\/vieassociative.be\/actualites\/#website","url":"https:\/\/vieassociative.be\/actualites\/","name":"Vie Associative","description":"","publisher":{"@id":"https:\/\/vieassociative.be\/actualites\/#organization"},"potentialAction":[{"@type":"SearchAction","target":{"@type":"EntryPoint","urlTemplate":"https:\/\/vieassociative.be\/actualites\/?s={search_term_string}"},"query-input":{"@type":"PropertyValueSpecification","valueRequired":true,"valueName":"search_term_string"}}],"inLanguage":"fr-BE"},{"@type":"Organization","@id":"https:\/\/vieassociative.be\/actualites\/#organization","name":"Vie Associative","url":"https:\/\/vieassociative.be\/actualites\/","logo":{"@type":"ImageObject","inLanguage":"fr-BE","@id":"https:\/\/vieassociative.be\/actualites\/#\/schema\/logo\/image\/","url":"https:\/\/vieassociative.be\/actualites\/wp-content\/uploads\/2024\/09\/cropped-vieassociative_favicon.ico.png","contentUrl":"https:\/\/vieassociative.be\/actualites\/wp-content\/uploads\/2024\/09\/cropped-vieassociative_favicon.ico.png","width":512,"height":512,"caption":"Vie Associative"},"image":{"@id":"https:\/\/vieassociative.be\/actualites\/#\/schema\/logo\/image\/"}},{"@type":"Person","@id":"https:\/\/vieassociative.be\/actualites\/#\/schema\/person\/b87ac4f82f9d4e7b7cec7395b679edc4","name":"Julien","image":{"@type":"ImageObject","inLanguage":"fr-BE","@id":"https:\/\/vieassociative.be\/actualites\/#\/schema\/person\/image\/","url":"https:\/\/vieassociative.be\/actualites\/wp-content\/uploads\/2024\/09\/vie-associative-1-150x150.jpg","contentUrl":"https:\/\/vieassociative.be\/actualites\/wp-content\/uploads\/2024\/09\/vie-associative-1-150x150.jpg","caption":"Julien"},"description":"Je suis Julien, r\u00e9dacteur pour Vie Associative. Passionn\u00e9 par le monde associatif depuis plus de 10 ans, j'ai \u00e0 c\u0153ur de partager des histoires inspirantes et de mettre en lumi\u00e8re les initiatives locales. Mon objectif est de sensibiliser et d'encourager l'engagement communautaire \u00e0 travers mes articles.","sameAs":["https:\/\/vieassociative.be\/"]}]}},"_links":{"self":[{"href":"https:\/\/vieassociative.be\/actualites\/wp-json\/wp\/v2\/posts\/10096"}],"collection":[{"href":"https:\/\/vieassociative.be\/actualites\/wp-json\/wp\/v2\/posts"}],"about":[{"href":"https:\/\/vieassociative.be\/actualites\/wp-json\/wp\/v2\/types\/post"}],"author":[{"embeddable":true,"href":"https:\/\/vieassociative.be\/actualites\/wp-json\/wp\/v2\/users\/1"}],"replies":[{"embeddable":true,"href":"https:\/\/vieassociative.be\/actualites\/wp-json\/wp\/v2\/comments?post=10096"}],"version-history":[{"count":0,"href":"https:\/\/vieassociative.be\/actualites\/wp-json\/wp\/v2\/posts\/10096\/revisions"}],"wp:featuredmedia":[{"embeddable":true,"href":"https:\/\/vieassociative.be\/actualites\/wp-json\/wp\/v2\/media\/10097"}],"wp:attachment":[{"href":"https:\/\/vieassociative.be\/actualites\/wp-json\/wp\/v2\/media?parent=10096"}],"wp:term":[{"taxonomy":"category","embeddable":true,"href":"https:\/\/vieassociative.be\/actualites\/wp-json\/wp\/v2\/categories?post=10096"},{"taxonomy":"post_tag","embeddable":true,"href":"https:\/\/vieassociative.be\/actualites\/wp-json\/wp\/v2\/tags?post=10096"}],"curies":[{"name":"wp","href":"https:\/\/api.w.org\/{rel}","templated":true}]}}