{"id":10094,"date":"2025-09-17T16:19:36","date_gmt":"2025-09-17T14:19:36","guid":{"rendered":"https:\/\/vieassociative.be\/actualites\/lexposition-dautomne-du-f64-eupen-photo-club-le-week-end\/"},"modified":"2025-09-17T16:19:36","modified_gmt":"2025-09-17T14:19:36","slug":"lexposition-dautomne-du-f64-eupen-photo-club-le-week-end","status":"publish","type":"post","link":"https:\/\/vieassociative.be\/actualites\/lexposition-dautomne-du-f64-eupen-photo-club-le-week-end\/","title":{"rendered":"L&rsquo;exposition d&rsquo;automne du F64 Eupen Photo Club le week-end"},"content":{"rendered":"<p><strong>Le week-end, le Royal Photo Club F64 Eupen vous invite \u00e0 le dire.<\/strong><\/p>\n<p><span id=\"more-424802\"><\/span>L&rsquo;\u00e9v\u00e9nement aura lieu le samedi 20 septembre \u00e0 partir de 14 h. \u00e0 18 h et le dimanche 21 septembre de 10 h \u00e0 18 h Dans l&#8217;emplacement de l&rsquo;\u00e9v\u00e9nement d&rsquo;Eastbelgica, Bahnhofstrasse 31, Eupen. Le Vernissage aura lieu le samedi 20 septembre \u00e0 14 h.<\/p>\n<p>L&rsquo;exposition pr\u00e9sente plus de 80 photographies des zones les plus diverses. Les visiteurs peuvent attendre avec impatience des plans de paysage impressionnants, des portraits remuant, captivant la \u00ab\u00a0photographie de rue\u00a0\u00bb, les chefs-d&rsquo;\u0153uvre architecturaux, l&rsquo;astrophotographie \u00e0 couper le souffle ainsi que les \u0153uvres minimalistes et macro-photographiques.<\/p>\n<p>Apr\u00e8s les expositions toujours r\u00e9ussies des derni\u00e8res ann\u00e9es, y compris l&rsquo;exposition printani\u00e8re tr\u00e8s acclam\u00e9e de cette ann\u00e9e \u00e0 Haus K\u00fcchenberg, les membres du F64 Eupen Photo Club ont \u00e9t\u00e9 inspir\u00e9s afin d&rsquo;augmenter davantage la qualit\u00e9 et l&rsquo;originalit\u00e9 des \u0153uvres pr\u00e9sent\u00e9es.<\/p>\n<p>Tous les amateurs de photographes et les parties int\u00e9ress\u00e9es de pr\u00e8s et de loin sont cordialement invit\u00e9s \u00e0 rencontrer un voyage visuel de d\u00e9couverte et \u00e0 \u00eatre inspir\u00e9 par la cr\u00e9ativit\u00e9 et les comp\u00e9tences des membres !.<\/p>\n<p>Le Photo Club F64 Eupen attend avec impatience votre visite!<\/p>\n","protected":false},"excerpt":{"rendered":"<p>Le week-end, le Royal Photo Club F64 Eupen vous invite \u00e0 le dire. L&rsquo;\u00e9v\u00e9nement aura lieu le samedi 20 septembre \u00e0 partir de 14 h.<\/p>\n","protected":false},"author":1,"featured_media":10095,"comment_status":"","ping_status":"","sticky":false,"template":"","format":"standard","meta":{"footnotes":""},"categories":[298],"tags":[269,849,2329,8587,8586,2013,3913],"class_list":["post-10094","post","type-post","status-publish","format-standard","has-post-thumbnail","hentry","category-belgique","tag-club","tag-dautomne","tag-eupen","tag-f64","tag-lexposition","tag-photo","tag-weekend","generate-columns","tablet-grid-50","mobile-grid-100","grid-parent","grid-33"],"yoast_head":"<!-- This site is optimized with the Yoast SEO plugin v24.0 - https:\/\/yoast.com\/wordpress\/plugins\/seo\/ -->\n<title>L&#039;exposition d&#039;automne du F64 Eupen Photo Club le week-end | Vie Associative<\/title>\n<meta name=\"robots\" content=\"index, follow, max-snippet:-1, max-image-preview:large, max-video-preview:-1\" \/>\n<link rel=\"canonical\" href=\"https:\/\/vieassociative.be\/actualites\/lexposition-dautomne-du-f64-eupen-photo-club-le-week-end\/\" \/>\n<meta property=\"og:locale\" content=\"fr_FR\" \/>\n<meta property=\"og:type\" content=\"article\" \/>\n<meta property=\"og:title\" content=\"L&#039;exposition d&#039;automne du F64 Eupen Photo Club le week-end | Vie Associative\" \/>\n<meta property=\"og:description\" content=\"Le week-end, le Royal Photo Club F64 Eupen vous invite \u00e0 le dire. L&rsquo;\u00e9v\u00e9nement aura lieu le samedi 20 septembre \u00e0 partir de 14 h.\" \/>\n<meta property=\"og:url\" content=\"https:\/\/vieassociative.be\/actualites\/lexposition-dautomne-du-f64-eupen-photo-club-le-week-end\/\" \/>\n<meta property=\"og:site_name\" content=\"Vie Associative\" \/>\n<meta property=\"article:published_time\" content=\"2025-09-17T14:19:36+00:00\" \/>\n<meta property=\"og:image\" content=\"https:\/\/vieassociative.be\/actualites\/wp-content\/uploads\/2024\/09\/header_backgroundk-01-e1726694325946.png\" \/>\n\t<meta property=\"og:image:width\" content=\"279\" \/>\n\t<meta property=\"og:image:height\" content=\"92\" \/>\n\t<meta property=\"og:image:type\" content=\"image\/png\" \/>\n<meta name=\"author\" content=\"Julien\" \/>\n<meta name=\"twitter:card\" content=\"summary_large_image\" \/>\n<meta name=\"twitter:label1\" content=\"\u00c9crit par\" \/>\n\t<meta name=\"twitter:data1\" content=\"Julien\" \/>\n\t<meta name=\"twitter:label2\" content=\"Dur\u00e9e de lecture est.\" \/>\n\t<meta name=\"twitter:data2\" content=\"1 minute\" \/>\n<script type=\"application\/ld+json\" class=\"yoast-schema-graph\">{\"@context\":\"https:\/\/schema.org\",\"@graph\":[{\"@type\":\"Article\",\"@id\":\"https:\/\/vieassociative.be\/actualites\/lexposition-dautomne-du-f64-eupen-photo-club-le-week-end\/#article\",\"isPartOf\":{\"@id\":\"https:\/\/vieassociative.be\/actualites\/lexposition-dautomne-du-f64-eupen-photo-club-le-week-end\/\"},\"author\":{\"name\":\"Julien\",\"@id\":\"https:\/\/vieassociative.be\/actualites\/#\/schema\/person\/b87ac4f82f9d4e7b7cec7395b679edc4\"},\"headline\":\"L&rsquo;exposition d&rsquo;automne du F64 Eupen Photo Club le week-end\",\"datePublished\":\"2025-09-17T14:19:36+00:00\",\"dateModified\":\"2025-09-17T14:19:36+00:00\",\"mainEntityOfPage\":{\"@id\":\"https:\/\/vieassociative.be\/actualites\/lexposition-dautomne-du-f64-eupen-photo-club-le-week-end\/\"},\"wordCount\":213,\"publisher\":{\"@id\":\"https:\/\/vieassociative.be\/actualites\/#organization\"},\"image\":{\"@id\":\"https:\/\/vieassociative.be\/actualites\/lexposition-dautomne-du-f64-eupen-photo-club-le-week-end\/#primaryimage\"},\"thumbnailUrl\":\"https:\/\/vieassociative.be\/actualites\/wp-content\/uploads\/2025\/09\/Lexposition-dautomne-du-F64-Eupen-Photo-Club-le-week-end.jpg\",\"keywords\":[\"Club\",\"dautomne\",\"Eupen\",\"F64\",\"Lexposition\",\"photo\",\"weekend\"],\"articleSection\":[\"Belgique\"],\"inLanguage\":\"fr-BE\"},{\"@type\":\"WebPage\",\"@id\":\"https:\/\/vieassociative.be\/actualites\/lexposition-dautomne-du-f64-eupen-photo-club-le-week-end\/\",\"url\":\"https:\/\/vieassociative.be\/actualites\/lexposition-dautomne-du-f64-eupen-photo-club-le-week-end\/\",\"name\":\"L'exposition d'automne du F64 Eupen Photo Club le week-end | Vie Associative\",\"isPartOf\":{\"@id\":\"https:\/\/vieassociative.be\/actualites\/#website\"},\"primaryImageOfPage\":{\"@id\":\"https:\/\/vieassociative.be\/actualites\/lexposition-dautomne-du-f64-eupen-photo-club-le-week-end\/#primaryimage\"},\"image\":{\"@id\":\"https:\/\/vieassociative.be\/actualites\/lexposition-dautomne-du-f64-eupen-photo-club-le-week-end\/#primaryimage\"},\"thumbnailUrl\":\"https:\/\/vieassociative.be\/actualites\/wp-content\/uploads\/2025\/09\/Lexposition-dautomne-du-F64-Eupen-Photo-Club-le-week-end.jpg\",\"datePublished\":\"2025-09-17T14:19:36+00:00\",\"dateModified\":\"2025-09-17T14:19:36+00:00\",\"breadcrumb\":{\"@id\":\"https:\/\/vieassociative.be\/actualites\/lexposition-dautomne-du-f64-eupen-photo-club-le-week-end\/#breadcrumb\"},\"inLanguage\":\"fr-BE\",\"potentialAction\":[{\"@type\":\"ReadAction\",\"target\":[\"https:\/\/vieassociative.be\/actualites\/lexposition-dautomne-du-f64-eupen-photo-club-le-week-end\/\"]}]},{\"@type\":\"ImageObject\",\"inLanguage\":\"fr-BE\",\"@id\":\"https:\/\/vieassociative.be\/actualites\/lexposition-dautomne-du-f64-eupen-photo-club-le-week-end\/#primaryimage\",\"url\":\"https:\/\/vieassociative.be\/actualites\/wp-content\/uploads\/2025\/09\/Lexposition-dautomne-du-F64-Eupen-Photo-Club-le-week-end.jpg\",\"contentUrl\":\"https:\/\/vieassociative.be\/actualites\/wp-content\/uploads\/2025\/09\/Lexposition-dautomne-du-F64-Eupen-Photo-Club-le-week-end.jpg\",\"width\":1620,\"height\":1080,\"caption\":\"L'exposition d'automne du F64 Eupen Photo Club le week-end\"},{\"@type\":\"BreadcrumbList\",\"@id\":\"https:\/\/vieassociative.be\/actualites\/lexposition-dautomne-du-f64-eupen-photo-club-le-week-end\/#breadcrumb\",\"itemListElement\":[{\"@type\":\"ListItem\",\"position\":1,\"name\":\"Accueil\",\"item\":\"https:\/\/vieassociative.be\/actualites\/\"},{\"@type\":\"ListItem\",\"position\":2,\"name\":\"L&rsquo;exposition d&rsquo;automne du F64 Eupen Photo Club le week-end\"}]},{\"@type\":\"WebSite\",\"@id\":\"https:\/\/vieassociative.be\/actualites\/#website\",\"url\":\"https:\/\/vieassociative.be\/actualites\/\",\"name\":\"Vie Associative\",\"description\":\"\",\"publisher\":{\"@id\":\"https:\/\/vieassociative.be\/actualites\/#organization\"},\"potentialAction\":[{\"@type\":\"SearchAction\",\"target\":{\"@type\":\"EntryPoint\",\"urlTemplate\":\"https:\/\/vieassociative.be\/actualites\/?s={search_term_string}\"},\"query-input\":{\"@type\":\"PropertyValueSpecification\",\"valueRequired\":true,\"valueName\":\"search_term_string\"}}],\"inLanguage\":\"fr-BE\"},{\"@type\":\"Organization\",\"@id\":\"https:\/\/vieassociative.be\/actualites\/#organization\",\"name\":\"Vie Associative\",\"url\":\"https:\/\/vieassociative.be\/actualites\/\",\"logo\":{\"@type\":\"ImageObject\",\"inLanguage\":\"fr-BE\",\"@id\":\"https:\/\/vieassociative.be\/actualites\/#\/schema\/logo\/image\/\",\"url\":\"https:\/\/vieassociative.be\/actualites\/wp-content\/uploads\/2024\/09\/cropped-vieassociative_favicon.ico.png\",\"contentUrl\":\"https:\/\/vieassociative.be\/actualites\/wp-content\/uploads\/2024\/09\/cropped-vieassociative_favicon.ico.png\",\"width\":512,\"height\":512,\"caption\":\"Vie Associative\"},\"image\":{\"@id\":\"https:\/\/vieassociative.be\/actualites\/#\/schema\/logo\/image\/\"}},{\"@type\":\"Person\",\"@id\":\"https:\/\/vieassociative.be\/actualites\/#\/schema\/person\/b87ac4f82f9d4e7b7cec7395b679edc4\",\"name\":\"Julien\",\"image\":{\"@type\":\"ImageObject\",\"inLanguage\":\"fr-BE\",\"@id\":\"https:\/\/vieassociative.be\/actualites\/#\/schema\/person\/image\/\",\"url\":\"https:\/\/vieassociative.be\/actualites\/wp-content\/uploads\/2024\/09\/vie-associative-1-150x150.jpg\",\"contentUrl\":\"https:\/\/vieassociative.be\/actualites\/wp-content\/uploads\/2024\/09\/vie-associative-1-150x150.jpg\",\"caption\":\"Julien\"},\"description\":\"Je suis Julien, r\u00e9dacteur pour Vie Associative. Passionn\u00e9 par le monde associatif depuis plus de 10 ans, j'ai \u00e0 c\u0153ur de partager des histoires inspirantes et de mettre en lumi\u00e8re les initiatives locales. Mon objectif est de sensibiliser et d'encourager l'engagement communautaire \u00e0 travers mes articles.\",\"sameAs\":[\"https:\/\/vieassociative.be\/\"]}]}<\/script>\n<!-- \/ Yoast SEO plugin. -->","yoast_head_json":{"title":"L'exposition d'automne du F64 Eupen Photo Club le week-end | Vie Associative","robots":{"index":"index","follow":"follow","max-snippet":"max-snippet:-1","max-image-preview":"max-image-preview:large","max-video-preview":"max-video-preview:-1"},"canonical":"https:\/\/vieassociative.be\/actualites\/lexposition-dautomne-du-f64-eupen-photo-club-le-week-end\/","og_locale":"fr_FR","og_type":"article","og_title":"L'exposition d'automne du F64 Eupen Photo Club le week-end | Vie Associative","og_description":"Le week-end, le Royal Photo Club F64 Eupen vous invite \u00e0 le dire. L&rsquo;\u00e9v\u00e9nement aura lieu le samedi 20 septembre \u00e0 partir de 14 h.","og_url":"https:\/\/vieassociative.be\/actualites\/lexposition-dautomne-du-f64-eupen-photo-club-le-week-end\/","og_site_name":"Vie Associative","article_published_time":"2025-09-17T14:19:36+00:00","og_image":[{"width":279,"height":92,"url":"https:\/\/vieassociative.be\/actualites\/wp-content\/uploads\/2024\/09\/header_backgroundk-01-e1726694325946.png","type":"image\/png"}],"author":"Julien","twitter_card":"summary_large_image","twitter_misc":{"\u00c9crit par":"Julien","Dur\u00e9e de lecture est.":"1 minute"},"schema":{"@context":"https:\/\/schema.org","@graph":[{"@type":"Article","@id":"https:\/\/vieassociative.be\/actualites\/lexposition-dautomne-du-f64-eupen-photo-club-le-week-end\/#article","isPartOf":{"@id":"https:\/\/vieassociative.be\/actualites\/lexposition-dautomne-du-f64-eupen-photo-club-le-week-end\/"},"author":{"name":"Julien","@id":"https:\/\/vieassociative.be\/actualites\/#\/schema\/person\/b87ac4f82f9d4e7b7cec7395b679edc4"},"headline":"L&rsquo;exposition d&rsquo;automne du F64 Eupen Photo Club le week-end","datePublished":"2025-09-17T14:19:36+00:00","dateModified":"2025-09-17T14:19:36+00:00","mainEntityOfPage":{"@id":"https:\/\/vieassociative.be\/actualites\/lexposition-dautomne-du-f64-eupen-photo-club-le-week-end\/"},"wordCount":213,"publisher":{"@id":"https:\/\/vieassociative.be\/actualites\/#organization"},"image":{"@id":"https:\/\/vieassociative.be\/actualites\/lexposition-dautomne-du-f64-eupen-photo-club-le-week-end\/#primaryimage"},"thumbnailUrl":"https:\/\/vieassociative.be\/actualites\/wp-content\/uploads\/2025\/09\/Lexposition-dautomne-du-F64-Eupen-Photo-Club-le-week-end.jpg","keywords":["Club","dautomne","Eupen","F64","Lexposition","photo","weekend"],"articleSection":["Belgique"],"inLanguage":"fr-BE"},{"@type":"WebPage","@id":"https:\/\/vieassociative.be\/actualites\/lexposition-dautomne-du-f64-eupen-photo-club-le-week-end\/","url":"https:\/\/vieassociative.be\/actualites\/lexposition-dautomne-du-f64-eupen-photo-club-le-week-end\/","name":"L'exposition d'automne du F64 Eupen Photo Club le week-end | Vie Associative","isPartOf":{"@id":"https:\/\/vieassociative.be\/actualites\/#website"},"primaryImageOfPage":{"@id":"https:\/\/vieassociative.be\/actualites\/lexposition-dautomne-du-f64-eupen-photo-club-le-week-end\/#primaryimage"},"image":{"@id":"https:\/\/vieassociative.be\/actualites\/lexposition-dautomne-du-f64-eupen-photo-club-le-week-end\/#primaryimage"},"thumbnailUrl":"https:\/\/vieassociative.be\/actualites\/wp-content\/uploads\/2025\/09\/Lexposition-dautomne-du-F64-Eupen-Photo-Club-le-week-end.jpg","datePublished":"2025-09-17T14:19:36+00:00","dateModified":"2025-09-17T14:19:36+00:00","breadcrumb":{"@id":"https:\/\/vieassociative.be\/actualites\/lexposition-dautomne-du-f64-eupen-photo-club-le-week-end\/#breadcrumb"},"inLanguage":"fr-BE","potentialAction":[{"@type":"ReadAction","target":["https:\/\/vieassociative.be\/actualites\/lexposition-dautomne-du-f64-eupen-photo-club-le-week-end\/"]}]},{"@type":"ImageObject","inLanguage":"fr-BE","@id":"https:\/\/vieassociative.be\/actualites\/lexposition-dautomne-du-f64-eupen-photo-club-le-week-end\/#primaryimage","url":"https:\/\/vieassociative.be\/actualites\/wp-content\/uploads\/2025\/09\/Lexposition-dautomne-du-F64-Eupen-Photo-Club-le-week-end.jpg","contentUrl":"https:\/\/vieassociative.be\/actualites\/wp-content\/uploads\/2025\/09\/Lexposition-dautomne-du-F64-Eupen-Photo-Club-le-week-end.jpg","width":1620,"height":1080,"caption":"L'exposition d'automne du F64 Eupen Photo Club le week-end"},{"@type":"BreadcrumbList","@id":"https:\/\/vieassociative.be\/actualites\/lexposition-dautomne-du-f64-eupen-photo-club-le-week-end\/#breadcrumb","itemListElement":[{"@type":"ListItem","position":1,"name":"Accueil","item":"https:\/\/vieassociative.be\/actualites\/"},{"@type":"ListItem","position":2,"name":"L&rsquo;exposition d&rsquo;automne du F64 Eupen Photo Club le week-end"}]},{"@type":"WebSite","@id":"https:\/\/vieassociative.be\/actualites\/#website","url":"https:\/\/vieassociative.be\/actualites\/","name":"Vie Associative","description":"","publisher":{"@id":"https:\/\/vieassociative.be\/actualites\/#organization"},"potentialAction":[{"@type":"SearchAction","target":{"@type":"EntryPoint","urlTemplate":"https:\/\/vieassociative.be\/actualites\/?s={search_term_string}"},"query-input":{"@type":"PropertyValueSpecification","valueRequired":true,"valueName":"search_term_string"}}],"inLanguage":"fr-BE"},{"@type":"Organization","@id":"https:\/\/vieassociative.be\/actualites\/#organization","name":"Vie Associative","url":"https:\/\/vieassociative.be\/actualites\/","logo":{"@type":"ImageObject","inLanguage":"fr-BE","@id":"https:\/\/vieassociative.be\/actualites\/#\/schema\/logo\/image\/","url":"https:\/\/vieassociative.be\/actualites\/wp-content\/uploads\/2024\/09\/cropped-vieassociative_favicon.ico.png","contentUrl":"https:\/\/vieassociative.be\/actualites\/wp-content\/uploads\/2024\/09\/cropped-vieassociative_favicon.ico.png","width":512,"height":512,"caption":"Vie Associative"},"image":{"@id":"https:\/\/vieassociative.be\/actualites\/#\/schema\/logo\/image\/"}},{"@type":"Person","@id":"https:\/\/vieassociative.be\/actualites\/#\/schema\/person\/b87ac4f82f9d4e7b7cec7395b679edc4","name":"Julien","image":{"@type":"ImageObject","inLanguage":"fr-BE","@id":"https:\/\/vieassociative.be\/actualites\/#\/schema\/person\/image\/","url":"https:\/\/vieassociative.be\/actualites\/wp-content\/uploads\/2024\/09\/vie-associative-1-150x150.jpg","contentUrl":"https:\/\/vieassociative.be\/actualites\/wp-content\/uploads\/2024\/09\/vie-associative-1-150x150.jpg","caption":"Julien"},"description":"Je suis Julien, r\u00e9dacteur pour Vie Associative. Passionn\u00e9 par le monde associatif depuis plus de 10 ans, j'ai \u00e0 c\u0153ur de partager des histoires inspirantes et de mettre en lumi\u00e8re les initiatives locales. Mon objectif est de sensibiliser et d'encourager l'engagement communautaire \u00e0 travers mes articles.","sameAs":["https:\/\/vieassociative.be\/"]}]}},"_links":{"self":[{"href":"https:\/\/vieassociative.be\/actualites\/wp-json\/wp\/v2\/posts\/10094"}],"collection":[{"href":"https:\/\/vieassociative.be\/actualites\/wp-json\/wp\/v2\/posts"}],"about":[{"href":"https:\/\/vieassociative.be\/actualites\/wp-json\/wp\/v2\/types\/post"}],"author":[{"embeddable":true,"href":"https:\/\/vieassociative.be\/actualites\/wp-json\/wp\/v2\/users\/1"}],"replies":[{"embeddable":true,"href":"https:\/\/vieassociative.be\/actualites\/wp-json\/wp\/v2\/comments?post=10094"}],"version-history":[{"count":0,"href":"https:\/\/vieassociative.be\/actualites\/wp-json\/wp\/v2\/posts\/10094\/revisions"}],"wp:featuredmedia":[{"embeddable":true,"href":"https:\/\/vieassociative.be\/actualites\/wp-json\/wp\/v2\/media\/10095"}],"wp:attachment":[{"href":"https:\/\/vieassociative.be\/actualites\/wp-json\/wp\/v2\/media?parent=10094"}],"wp:term":[{"taxonomy":"category","embeddable":true,"href":"https:\/\/vieassociative.be\/actualites\/wp-json\/wp\/v2\/categories?post=10094"},{"taxonomy":"post_tag","embeddable":true,"href":"https:\/\/vieassociative.be\/actualites\/wp-json\/wp\/v2\/tags?post=10094"}],"curies":[{"name":"wp","href":"https:\/\/api.w.org\/{rel}","templated":true}]}}